{"id":998,"date":"2022-06-16T14:56:19","date_gmt":"2022-06-16T12:56:19","guid":{"rendered":"https:\/\/www.site.cdcl.xyz\/2022\/06\/16\/infos-pour-les-fans-les-piscines-adaptent-leurs-horaires\/"},"modified":"2022-06-16T14:56:19","modified_gmt":"2022-06-16T12:56:19","slug":"infos-pour-les-fans-les-piscines-adaptent-leurs-horaires","status":"publish","type":"post","link":"https:\/\/www.viaromana.org\/blog\/infos-pour-les-fans-les-piscines-adaptent-leurs-horaires\/","title":{"rendered":"Infos pour les fans : les piscines adaptent leurs horaires"},"content":{"rendered":"<p>A nouveau, ce site va vous divulguer un article qui se propage sur internet. La th\u00e9matique est \u00abl\u2019arch\u00e9ologie\u00bb.<\/p>\n<p>Le titre (les piscines adaptent leurs horaires) est parlant.<\/p>\n<p> Identifi\u00e9 sous la signature \u00abd\u2019anonymat<br \/>\u00bb, le r\u00e9dacteur est positivement connu pour plusieurs autres posts qu\u2019il a publi\u00e9s sur internet.<\/p>\n<p>La cr\u00e9dibilit\u00e9 est de ce fait \u00e9minente en ce qui concerne cet encart.<\/p>\n<p>La date de parution est 2022-06-16 14:56:19.<\/p>\n<p><img decoding=\"async\" src=\"https:\/\/www.viaromana.org\/blog\/wp-content\/uploads\/2022\/06\/infos-pour-les-fans-les-piscines-adaptent-leurs-horaires.jpg\"><\/p>\n<div>\n<p>Face \u00e0 l\u2019\u00e9pisode de canicule, Niort Agglo \u00e9tend les horaires d\u2019ouverture en soir\u00e9e de la piscine Pr\u00e9-Leroy et du Centre aquatique des Fraignes<\/p>\n<\/div>\n<div>\n<p><strong>Piscine Pr\u00e9 Leroy&nbsp;\u00e0 Niort :<\/strong><\/p>\n<ul>\n<li>Jeudi 16 juin&nbsp;: fermeture \u00e0 20h<\/li>\n<li>Vendredi 17 juin&nbsp;: fermeture \u00e0 21h<\/li>\n<li>Samedi 18 juin&nbsp;: fermeture \u00e0 20h<\/li>\n<\/ul>\n<p><strong>Centre aquatique des Fraignes \u00e0 Chauray&nbsp;:<\/strong><\/p>\n<ul>\n<li>Vendredi 17 juin&nbsp;: fermeture \u00e0 21h15<\/li>\n<li>Samedi 18 juin&nbsp;: fermeture \u00e0 19h<\/li>\n<\/ul>\n<p>Tous les horaires sur <\/p>\n<\/div>\n<p>Parutions:<\/p>\n<p>Sur les pas de Rams\u00e8s.,<a target=\"_blank\" rel=\"nofollow\" href=\"https:\/\/www.viaromana.org\/blog\/goto\/https:\/\/booknode.com\/sur_les_pas_de_ramses_0116106\"  target=\"_blank\" rel=\"noopener noreferrer nofollow\">Le livre <\/a><span><\/span>. Ouvrage de r\u00e9f\u00e9rence.<\/p>\n<p>P\u00e9n\u00e9lope Green, Tome 4 : La tiare de Nefertiti.,<a target=\"_blank\" rel=\"nofollow\" href=\"https:\/\/www.viaromana.org\/blog\/goto\/https:\/\/booknode.com\/penelope_green_tome_4_la_tiare_de_nefertiti_0932113\"  target=\"_blank\" rel=\"noopener noreferrer nofollow\">Ouvrage <\/a><span><\/span>.<\/p>\n<p>St\u00e9r\u00e9oscopie et illusion ; arch\u00e9ologie et pratiques contemporaines : photographie, cin\u00e9ma, arts num\u00e9riques.,<a target=\"_blank\" rel=\"nofollow\" href=\"https:\/\/www.viaromana.org\/blog\/goto\/https:\/\/www.epagine.fr\/ebook\/9782757421062-stereoscopie-et-illusion-archeologie-et-pratiques-contemporaines-photographie-cinema-arts-numeriques-miguel-almiron-esther-jacopin-giusy-pisano\/\"  target=\"_blank\" rel=\"noopener noreferrer nofollow\">(Disponible) <\/a><span><\/span>. Disponible chez votre libraire.<\/p>\n<p>Papaut\u00e9, monachisme et th\u00e9ories politiques. Volume I.,<a target=\"_blank\" rel=\"nofollow\" href=\"https:\/\/www.viaromana.org\/blog\/goto\/https:\/\/www.kobo.com\/de\/fr\/ebook\/papaute-monachisme-et-theories-politiques-volume-i\"  target=\"_blank\" rel=\"noopener noreferrer nofollow\">(Disponible) <\/a><span><\/span>.<\/p>\n","protected":false},"excerpt":{"rendered":"<p>A nouveau, ce site va vous divulguer un article qui se propage sur internet. La th\u00e9matique est \u00abl\u2019arch\u00e9ologie\u00bb. Le titre (les piscines adaptent leurs horaires) est parlant. Identifi\u00e9 sous la signature \u00abd\u2019anonymat\u00bb, le r\u00e9dacteur est positivement connu pour plusieurs autres posts qu\u2019il a publi\u00e9s sur internet. La cr\u00e9dibilit\u00e9 est de ce fait \u00e9minente en ce qui concerne cet encart. La date de parution est 2022-06-16 14:56:19. Face \u00e0 l\u2019\u00e9pisode de canicule, Niort Agglo \u00e9tend les horaires d\u2019ouverture en soir\u00e9e de la piscine Pr\u00e9-Leroy et du Centre aquatique des Fraignes Piscine Pr\u00e9 Leroy&nbsp;\u00e0 Niort : Jeudi 16 juin&nbsp;: fermeture \u00e0 20h\u2026<\/p>\n","protected":false},"author":1,"featured_media":999,"comment_status":"closed","ping_status":"closed","sticky":false,"template":"","format":"standard","meta":{"footnotes":""},"categories":[2],"tags":[],"blocksy_meta":{"styles_descriptor":{"styles":{"desktop":"","tablet":"","mobile":""},"google_fonts":[],"version":4}},"yoast_head":"<!-- This site is optimized with the Yoast SEO plugin v21.1 - https:\/\/yoast.com\/wordpress\/plugins\/seo\/ -->\n<title>Infos pour les fans : les piscines adaptent leurs horaires - Viaromana et arch\u00e9ologie.<\/title>\n<meta name=\"description\" content=\"Infos pour les fans : les piscines adaptent leurs horaires article de Viaromana et arch\u00e9ologie.\" \/>\n<meta name=\"robots\" content=\"index, follow, max-snippet:-1, max-image-preview:large, max-video-preview:-1\" \/>\n<link rel=\"canonical\" href=\"https:\/\/www.viaromana.org\/blog\/infos-pour-les-fans-les-piscines-adaptent-leurs-horaires\/\" \/>\n<meta property=\"og:locale\" content=\"fr_FR\" \/>\n<meta property=\"og:type\" content=\"article\" \/>\n<meta property=\"og:title\" content=\"Infos pour les fans : les piscines adaptent leurs horaires - Viaromana et arch\u00e9ologie.\" \/>\n<meta property=\"og:description\" content=\"Infos pour les fans : les piscines adaptent leurs horaires article de Viaromana et arch\u00e9ologie.\" \/>\n<meta property=\"og:url\" content=\"https:\/\/www.viaromana.org\/blog\/infos-pour-les-fans-les-piscines-adaptent-leurs-horaires\/\" \/>\n<meta property=\"og:site_name\" content=\"Viaromana et arch\u00e9ologie.\" \/>\n<meta property=\"article:published_time\" content=\"2022-06-16T12:56:19+00:00\" \/>\n<meta property=\"og:image\" content=\"https:\/\/www.viaromana.org\/blog\/wp-content\/uploads\/2022\/06\/unnamed-file-54.jpg\" \/>\n\t<meta property=\"og:image:width\" content=\"600\" \/>\n\t<meta property=\"og:image:height\" content=\"600\" \/>\n\t<meta property=\"og:image:type\" content=\"image\/jpeg\" \/>\n<meta name=\"author\" content=\"Robert\" \/>\n<meta name=\"twitter:card\" content=\"summary_large_image\" \/>\n<meta name=\"twitter:label1\" content=\"\u00c9crit par\" \/>\n\t<meta name=\"twitter:data1\" content=\"Robert\" \/>\n\t<meta name=\"twitter:label2\" content=\"Dur\u00e9e de lecture estim\u00e9e\" \/>\n\t<meta name=\"twitter:data2\" content=\"1 minute\" \/>\n<script type=\"application\/ld+json\" class=\"yoast-schema-graph\">{\"@context\":\"https:\/\/schema.org\",\"@graph\":[{\"@type\":\"Article\",\"@id\":\"https:\/\/www.viaromana.org\/blog\/infos-pour-les-fans-les-piscines-adaptent-leurs-horaires\/#article\",\"isPartOf\":{\"@id\":\"https:\/\/www.viaromana.org\/blog\/infos-pour-les-fans-les-piscines-adaptent-leurs-horaires\/\"},\"author\":{\"name\":\"Robert\",\"@id\":\"https:\/\/www.viaromana.org\/blog\/#\/schema\/person\/cde9c4655845091e1fe473fcd163c889\"},\"headline\":\"Infos pour les fans : les piscines adaptent leurs horaires\",\"datePublished\":\"2022-06-16T12:56:19+00:00\",\"dateModified\":\"2022-06-16T12:56:19+00:00\",\"mainEntityOfPage\":{\"@id\":\"https:\/\/www.viaromana.org\/blog\/infos-pour-les-fans-les-piscines-adaptent-leurs-horaires\/\"},\"wordCount\":203,\"publisher\":{\"@id\":\"https:\/\/www.viaromana.org\/blog\/#organization\"},\"articleSection\":[\"Arch\u00e9ologie\"],\"inLanguage\":\"fr-FR\"},{\"@type\":\"WebPage\",\"@id\":\"https:\/\/www.viaromana.org\/blog\/infos-pour-les-fans-les-piscines-adaptent-leurs-horaires\/\",\"url\":\"https:\/\/www.viaromana.org\/blog\/infos-pour-les-fans-les-piscines-adaptent-leurs-horaires\/\",\"name\":\"Infos pour les fans : les piscines adaptent leurs horaires - Viaromana et arch\u00e9ologie.\",\"isPartOf\":{\"@id\":\"https:\/\/www.viaromana.org\/blog\/#website\"},\"datePublished\":\"2022-06-16T12:56:19+00:00\",\"dateModified\":\"2022-06-16T12:56:19+00:00\",\"description\":\"Infos pour les fans : les piscines adaptent leurs horaires article de Viaromana et arch\u00e9ologie.\",\"breadcrumb\":{\"@id\":\"https:\/\/www.viaromana.org\/blog\/infos-pour-les-fans-les-piscines-adaptent-leurs-horaires\/#breadcrumb\"},\"inLanguage\":\"fr-FR\",\"potentialAction\":[{\"@type\":\"ReadAction\",\"target\":[\"https:\/\/www.viaromana.org\/blog\/infos-pour-les-fans-les-piscines-adaptent-leurs-horaires\/\"]}]},{\"@type\":\"BreadcrumbList\",\"@id\":\"https:\/\/www.viaromana.org\/blog\/infos-pour-les-fans-les-piscines-adaptent-leurs-horaires\/#breadcrumb\",\"itemListElement\":[{\"@type\":\"ListItem\",\"position\":1,\"name\":\"Accueil\",\"item\":\"https:\/\/www.viaromana.org\/blog\/\"},{\"@type\":\"ListItem\",\"position\":2,\"name\":\"Infos pour les fans : les piscines adaptent leurs horaires\"}]},{\"@type\":\"WebSite\",\"@id\":\"https:\/\/www.viaromana.org\/blog\/#website\",\"url\":\"https:\/\/www.viaromana.org\/blog\/\",\"name\":\"Viaromana et arch\u00e9ologie.\",\"description\":\"Site arch\u00e9ologique de la voie romaine (viaromana) Belgique-France-Rome\",\"publisher\":{\"@id\":\"https:\/\/www.viaromana.org\/blog\/#organization\"},\"potentialAction\":[{\"@type\":\"SearchAction\",\"target\":{\"@type\":\"EntryPoint\",\"urlTemplate\":\"https:\/\/www.viaromana.org\/blog\/?s={search_term_string}\"},\"query-input\":\"required name=search_term_string\"}],\"inLanguage\":\"fr-FR\"},{\"@type\":\"Organization\",\"@id\":\"https:\/\/www.viaromana.org\/blog\/#organization\",\"name\":\"viaromana\",\"url\":\"https:\/\/www.viaromana.org\/blog\/\",\"logo\":{\"@type\":\"ImageObject\",\"inLanguage\":\"fr-FR\",\"@id\":\"https:\/\/www.viaromana.org\/blog\/#\/schema\/logo\/image\/\",\"url\":\"https:\/\/www.viaromana.org\/blog\/wp-content\/uploads\/2021\/12\/logo-3.png\",\"contentUrl\":\"https:\/\/www.viaromana.org\/blog\/wp-content\/uploads\/2021\/12\/logo-3.png\",\"width\":300,\"height\":249,\"caption\":\"viaromana\"},\"image\":{\"@id\":\"https:\/\/www.viaromana.org\/blog\/#\/schema\/logo\/image\/\"}},{\"@type\":\"Person\",\"@id\":\"https:\/\/www.viaromana.org\/blog\/#\/schema\/person\/cde9c4655845091e1fe473fcd163c889\",\"name\":\"Robert\",\"image\":{\"@type\":\"ImageObject\",\"inLanguage\":\"fr-FR\",\"@id\":\"https:\/\/www.viaromana.org\/blog\/#\/schema\/person\/image\/\",\"url\":\"https:\/\/secure.gravatar.com\/avatar\/a168ec191013b636c2f278aec04e724b?s=96&d=mm&r=g\",\"contentUrl\":\"https:\/\/secure.gravatar.com\/avatar\/a168ec191013b636c2f278aec04e724b?s=96&d=mm&r=g\",\"caption\":\"Robert\"},\"sameAs\":[\"https:\/\/www.viaromana.org\/blog\"],\"url\":\"https:\/\/www.viaromana.org\/blog\/author\/anaadmin\/\"}]}<\/script>\n<!-- \/ Yoast SEO plugin. -->","yoast_head_json":{"title":"Infos pour les fans : les piscines adaptent leurs horaires - Viaromana et arch\u00e9ologie.","description":"Infos pour les fans : les piscines adaptent leurs horaires article de Viaromana et arch\u00e9ologie.","robots":{"index":"index","follow":"follow","max-snippet":"max-snippet:-1","max-image-preview":"max-image-preview:large","max-video-preview":"max-video-preview:-1"},"canonical":"https:\/\/www.viaromana.org\/blog\/infos-pour-les-fans-les-piscines-adaptent-leurs-horaires\/","og_locale":"fr_FR","og_type":"article","og_title":"Infos pour les fans : les piscines adaptent leurs horaires - Viaromana et arch\u00e9ologie.","og_description":"Infos pour les fans : les piscines adaptent leurs horaires article de Viaromana et arch\u00e9ologie.","og_url":"https:\/\/www.viaromana.org\/blog\/infos-pour-les-fans-les-piscines-adaptent-leurs-horaires\/","og_site_name":"Viaromana et arch\u00e9ologie.","article_published_time":"2022-06-16T12:56:19+00:00","og_image":[{"width":600,"height":600,"url":"https:\/\/www.viaromana.org\/blog\/wp-content\/uploads\/2022\/06\/unnamed-file-54.jpg","type":"image\/jpeg"}],"author":"Robert","twitter_card":"summary_large_image","twitter_misc":{"\u00c9crit par":"Robert","Dur\u00e9e de lecture estim\u00e9e":"1 minute"},"schema":{"@context":"https:\/\/schema.org","@graph":[{"@type":"Article","@id":"https:\/\/www.viaromana.org\/blog\/infos-pour-les-fans-les-piscines-adaptent-leurs-horaires\/#article","isPartOf":{"@id":"https:\/\/www.viaromana.org\/blog\/infos-pour-les-fans-les-piscines-adaptent-leurs-horaires\/"},"author":{"name":"Robert","@id":"https:\/\/www.viaromana.org\/blog\/#\/schema\/person\/cde9c4655845091e1fe473fcd163c889"},"headline":"Infos pour les fans : les piscines adaptent leurs horaires","datePublished":"2022-06-16T12:56:19+00:00","dateModified":"2022-06-16T12:56:19+00:00","mainEntityOfPage":{"@id":"https:\/\/www.viaromana.org\/blog\/infos-pour-les-fans-les-piscines-adaptent-leurs-horaires\/"},"wordCount":203,"publisher":{"@id":"https:\/\/www.viaromana.org\/blog\/#organization"},"articleSection":["Arch\u00e9ologie"],"inLanguage":"fr-FR"},{"@type":"WebPage","@id":"https:\/\/www.viaromana.org\/blog\/infos-pour-les-fans-les-piscines-adaptent-leurs-horaires\/","url":"https:\/\/www.viaromana.org\/blog\/infos-pour-les-fans-les-piscines-adaptent-leurs-horaires\/","name":"Infos pour les fans : les piscines adaptent leurs horaires - Viaromana et arch\u00e9ologie.","isPartOf":{"@id":"https:\/\/www.viaromana.org\/blog\/#website"},"datePublished":"2022-06-16T12:56:19+00:00","dateModified":"2022-06-16T12:56:19+00:00","description":"Infos pour les fans : les piscines adaptent leurs horaires article de Viaromana et arch\u00e9ologie.","breadcrumb":{"@id":"https:\/\/www.viaromana.org\/blog\/infos-pour-les-fans-les-piscines-adaptent-leurs-horaires\/#breadcrumb"},"inLanguage":"fr-FR","potentialAction":[{"@type":"ReadAction","target":["https:\/\/www.viaromana.org\/blog\/infos-pour-les-fans-les-piscines-adaptent-leurs-horaires\/"]}]},{"@type":"BreadcrumbList","@id":"https:\/\/www.viaromana.org\/blog\/infos-pour-les-fans-les-piscines-adaptent-leurs-horaires\/#breadcrumb","itemListElement":[{"@type":"ListItem","position":1,"name":"Accueil","item":"https:\/\/www.viaromana.org\/blog\/"},{"@type":"ListItem","position":2,"name":"Infos pour les fans : les piscines adaptent leurs horaires"}]},{"@type":"WebSite","@id":"https:\/\/www.viaromana.org\/blog\/#website","url":"https:\/\/www.viaromana.org\/blog\/","name":"Viaromana et arch\u00e9ologie.","description":"Site arch\u00e9ologique de la voie romaine (viaromana) Belgique-France-Rome","publisher":{"@id":"https:\/\/www.viaromana.org\/blog\/#organization"},"potentialAction":[{"@type":"SearchAction","target":{"@type":"EntryPoint","urlTemplate":"https:\/\/www.viaromana.org\/blog\/?s={search_term_string}"},"query-input":"required name=search_term_string"}],"inLanguage":"fr-FR"},{"@type":"Organization","@id":"https:\/\/www.viaromana.org\/blog\/#organization","name":"viaromana","url":"https:\/\/www.viaromana.org\/blog\/","logo":{"@type":"ImageObject","inLanguage":"fr-FR","@id":"https:\/\/www.viaromana.org\/blog\/#\/schema\/logo\/image\/","url":"https:\/\/www.viaromana.org\/blog\/wp-content\/uploads\/2021\/12\/logo-3.png","contentUrl":"https:\/\/www.viaromana.org\/blog\/wp-content\/uploads\/2021\/12\/logo-3.png","width":300,"height":249,"caption":"viaromana"},"image":{"@id":"https:\/\/www.viaromana.org\/blog\/#\/schema\/logo\/image\/"}},{"@type":"Person","@id":"https:\/\/www.viaromana.org\/blog\/#\/schema\/person\/cde9c4655845091e1fe473fcd163c889","name":"Robert","image":{"@type":"ImageObject","inLanguage":"fr-FR","@id":"https:\/\/www.viaromana.org\/blog\/#\/schema\/person\/image\/","url":"https:\/\/secure.gravatar.com\/avatar\/a168ec191013b636c2f278aec04e724b?s=96&d=mm&r=g","contentUrl":"https:\/\/secure.gravatar.com\/avatar\/a168ec191013b636c2f278aec04e724b?s=96&d=mm&r=g","caption":"Robert"},"sameAs":["https:\/\/www.viaromana.org\/blog"],"url":"https:\/\/www.viaromana.org\/blog\/author\/anaadmin\/"}]}},"_links":{"self":[{"href":"https:\/\/www.viaromana.org\/blog\/wp-json\/wp\/v2\/posts\/998"}],"collection":[{"href":"https:\/\/www.viaromana.org\/blog\/wp-json\/wp\/v2\/posts"}],"about":[{"href":"https:\/\/www.viaromana.org\/blog\/wp-json\/wp\/v2\/types\/post"}],"author":[{"embeddable":true,"href":"https:\/\/www.viaromana.org\/blog\/wp-json\/wp\/v2\/users\/1"}],"replies":[{"embeddable":true,"href":"https:\/\/www.viaromana.org\/blog\/wp-json\/wp\/v2\/comments?post=998"}],"version-history":[{"count":0,"href":"https:\/\/www.viaromana.org\/blog\/wp-json\/wp\/v2\/posts\/998\/revisions"}],"wp:featuredmedia":[{"embeddable":true,"href":"https:\/\/www.viaromana.org\/blog\/wp-json\/wp\/v2\/media\/999"}],"wp:attachment":[{"href":"https:\/\/www.viaromana.org\/blog\/wp-json\/wp\/v2\/media?parent=998"}],"wp:term":[{"taxonomy":"category","embeddable":true,"href":"https:\/\/www.viaromana.org\/blog\/wp-json\/wp\/v2\/categories?post=998"},{"taxonomy":"post_tag","embeddable":true,"href":"https:\/\/www.viaromana.org\/blog\/wp-json\/wp\/v2\/tags?post=998"}],"curies":[{"name":"wp","href":"https:\/\/api.w.org\/{rel}","templated":true}]}}