{"id":972,"date":"2022-06-13T14:23:17","date_gmt":"2022-06-13T12:23:17","guid":{"rendered":"https:\/\/www.site.cdcl.xyz\/2022\/06\/13\/revue-de-presse-web-la-museum-week-musee-de-la-romanite-nimes\/"},"modified":"2022-06-13T14:23:17","modified_gmt":"2022-06-13T12:23:17","slug":"revue-de-presse-web-la-museum-week-musee-de-la-romanite-nimes","status":"publish","type":"post","link":"https:\/\/www.viaromana.org\/blog\/revue-de-presse-web-la-museum-week-musee-de-la-romanite-nimes\/","title":{"rendered":"Revue de presse web : La Museum Week \u2013 Mus\u00e9e de la romanit\u00e9 \u2013 N\u00eemes"},"content":{"rendered":"<p>Voici l\u2019essentiel d\u2019un texte que je viens de rep\u00e9rer sur le web. Le sujet va in\u00e9vitablement vous r\u00e9jouir. Car le sujet est \u00ab&nbsp;l\u2019arch\u00e9ologie&nbsp;\u00bb.<\/p>\n<p>Le titre suggestif (La Museum Week \u2013 Mus\u00e9e de la romanit\u00e9 \u2013 N\u00eemes) en dit long.<\/p>\n<p> Identifi\u00e9 sous le nom \u00abIsabelle Lecaux\u00bb, l\u2019\u00e9ditorialiste est positivement connu.<\/p>\n<p>Il n\u2019y a aucune raison de douter de la fiabilit\u00e9 de ces informations.<\/p>\n<p>Le texte a \u00e9t\u00e9 divulgu\u00e9 \u00e0 une date not\u00e9e 2022-06-13 14:23:17.<\/p>\n<div id=\"main\">\n<div class=\"SingleContent Content img left\">\n<div class=\"SingleContent-inner\"> <img decoding=\"async\" width=\"626\" height=\"466\" src=\"https:\/\/www.viaromana.org\/blog\/wp-content\/uploads\/2022\/06\/revue-de-presse-web-la-museum-week-musee-de-la-romanite-nimes.jpg\" class=\"SingleContent-img\" alt loading=\"lazy\" title=\"Visuel-MW\"> <\/p>\n<div class=\"SingleContent-content\">\n<p>La Museum Week fait son grand retour&nbsp;!! Du lundi 13 au 19 juin, les mus\u00e9es et les institutions culturelles du monde entier se mobilisent sur Twitter pour une semaine exceptionnelle de partage.<\/p>\n<p>Lors de cet \u00e9v\u00e8nement culturel et virtuel, le Mus\u00e9e de la Romanit\u00e9 va \u00eatre amen\u00e9 \u00e0 partager des contenus historiques, scientifiques et artistiques pendant 7 jours autour de 7 th\u00e9matiques&nbsp;: #Innovation &amp; culture #Cr\u00e9ateurs #Libert\u00e9 #Sexualit\u00e9, #Environnement #Le\u00e7on de vie et #Danse<\/p>\n<p>L\u2019opportunit\u00e9 d\u2019\u00e9changer avec les professionnels de la culture et les internautes sur les enjeux de soci\u00e9t\u00e9 \u00e0 travers des discussions.<\/p>\n<\/div>\n<\/div>\n<\/div>\n<div class=\"SingleNetworks container print-off\">\n<p class=\"SingleNetworks-title\"> Retrouvez-nous sur les r\u00e9seaux sociaux <\/p>\n<\/div>\n<p> <img decoding=\"async\" width=\"1024\" height=\"346\" src=\"https:\/\/www.viaromana.org\/blog\/wp-content\/uploads\/2022\/06\/revue-de-presse-web-la-museum-week-musee-de-la-romanite-nimes-1.jpg\" class=\"ImgWide no-margin-top no-margin-bottom print-off\" alt=\"mosa\u00efque\" loading=\"lazy\" title=\"mosa\u00efque\"> <\/p>\n<\/div>\n<p>Ce th\u00e8me vous a passionn\u00e9 vous appr\u00e9cierez pareillement ces livres:<\/p>\n<p>Pyramide.,<a target=\"_blank\" rel=\"nofollow\" href=\"https:\/\/www.viaromana.org\/blog\/goto\/https:\/\/booknode.com\/pyramide_01332845\"  target=\"_blank\" rel=\"noopener noreferrer nofollow\">Le livre <\/a><span><\/span>.<\/p>\n<p>Paix et communaut\u00e9s autour de l\u2019abbaye de Cluny.,<a target=\"_blank\" rel=\"nofollow\" href=\"https:\/\/www.viaromana.org\/blog\/goto\/https:\/\/www.kobo.com\/de\/fr\/ebook\/paix-et-communautes-autour-de-l-abbaye-de-cluny\"  target=\"_blank\" rel=\"noopener noreferrer nofollow\">livre de r\u00e9f\u00e9rence <\/a><span><\/span>.<\/p>\n<p>Th\u00e9orie des fant\u00f4mes ; pour une arch\u00e9ologie des images.,<a target=\"_blank\" rel=\"nofollow\" href=\"https:\/\/www.viaromana.org\/blog\/goto\/https:\/\/www.epagine.fr\/ebook\/9782251901398-theorie-des-fantomes-pour-une-archeologie-des-images-sebastien-rongier\/\"  target=\"_blank\" rel=\"noopener noreferrer nofollow\">Clicker Ici <\/a><span><\/span>.<\/p>\n<p>Palmyre. Histoire et arch\u00e9ologie d\u2019une cit\u00e9 caravani\u00e8re \u00e0 la crois\u00e9e des cultures.,<a target=\"_blank\" rel=\"nofollow\" href=\"https:\/\/www.viaromana.org\/blog\/goto\/https:\/\/www.epagine.fr\/ebook\/9782271093899-palmyre-histoire-et-archeologie-d-une-cite-caravaniere-a-la-croisee-des-cultures-christiane-delplace\/\"  target=\"_blank\" rel=\"noopener noreferrer nofollow\">Le livre <\/a><span><\/span>.<\/p>\n","protected":false},"excerpt":{"rendered":"<p>Voici l\u2019essentiel d\u2019un texte que je viens de rep\u00e9rer sur le web. Le sujet va in\u00e9vitablement vous r\u00e9jouir. Car le sujet est \u00ab&nbsp;l\u2019arch\u00e9ologie&nbsp;\u00bb. Le titre suggestif (La Museum Week \u2013 Mus\u00e9e de la romanit\u00e9 \u2013 N\u00eemes) en dit long. Identifi\u00e9 sous le nom \u00abIsabelle Lecaux\u00bb, l\u2019\u00e9ditorialiste est positivement connu. Il n\u2019y a aucune raison de douter de la fiabilit\u00e9 de ces informations. Le texte a \u00e9t\u00e9 divulgu\u00e9 \u00e0 une date not\u00e9e 2022-06-13 14:23:17. La Museum Week fait son grand retour&nbsp;!! Du lundi 13 au 19 juin, les mus\u00e9es et les institutions culturelles du monde entier se mobilisent sur Twitter pour\u2026<\/p>\n","protected":false},"author":1,"featured_media":973,"comment_status":"closed","ping_status":"closed","sticky":false,"template":"","format":"standard","meta":{"footnotes":""},"categories":[2],"tags":[],"blocksy_meta":{"styles_descriptor":{"styles":{"desktop":"","tablet":"","mobile":""},"google_fonts":[],"version":4}},"yoast_head":"<!-- This site is optimized with the Yoast SEO plugin v21.1 - https:\/\/yoast.com\/wordpress\/plugins\/seo\/ -->\n<title>Revue de presse web : La Museum Week \u2013 Mus\u00e9e de la romanit\u00e9 \u2013 N\u00eemes - Viaromana et arch\u00e9ologie.<\/title>\n<meta name=\"description\" content=\"Revue de presse web : La Museum Week \u2013 Mus\u00e9e de la romanit\u00e9 \u2013 N\u00eemes article de Viaromana et arch\u00e9ologie.\" \/>\n<meta name=\"robots\" content=\"index, follow, max-snippet:-1, max-image-preview:large, max-video-preview:-1\" \/>\n<link rel=\"canonical\" href=\"https:\/\/www.viaromana.org\/blog\/revue-de-presse-web-la-museum-week-musee-de-la-romanite-nimes\/\" \/>\n<meta property=\"og:locale\" content=\"fr_FR\" \/>\n<meta property=\"og:type\" content=\"article\" \/>\n<meta property=\"og:title\" content=\"Revue de presse web : La Museum Week \u2013 Mus\u00e9e de la romanit\u00e9 \u2013 N\u00eemes - Viaromana et arch\u00e9ologie.\" \/>\n<meta property=\"og:description\" content=\"Revue de presse web : La Museum Week \u2013 Mus\u00e9e de la romanit\u00e9 \u2013 N\u00eemes article de Viaromana et arch\u00e9ologie.\" \/>\n<meta property=\"og:url\" content=\"https:\/\/www.viaromana.org\/blog\/revue-de-presse-web-la-museum-week-musee-de-la-romanite-nimes\/\" \/>\n<meta property=\"og:site_name\" content=\"Viaromana et arch\u00e9ologie.\" \/>\n<meta property=\"article:published_time\" content=\"2022-06-13T12:23:17+00:00\" \/>\n<meta property=\"og:image\" content=\"https:\/\/www.viaromana.org\/blog\/wp-content\/uploads\/2022\/06\/de-la.jpg\" \/>\n\t<meta property=\"og:image:width\" content=\"2048\" \/>\n\t<meta property=\"og:image:height\" content=\"1152\" \/>\n\t<meta property=\"og:image:type\" content=\"image\/jpeg\" \/>\n<meta name=\"author\" content=\"Robert\" \/>\n<meta name=\"twitter:card\" content=\"summary_large_image\" \/>\n<meta name=\"twitter:label1\" content=\"\u00c9crit par\" \/>\n\t<meta name=\"twitter:data1\" content=\"Robert\" \/>\n\t<meta name=\"twitter:label2\" content=\"Dur\u00e9e de lecture estim\u00e9e\" \/>\n\t<meta name=\"twitter:data2\" content=\"1 minute\" \/>\n<script type=\"application\/ld+json\" class=\"yoast-schema-graph\">{\"@context\":\"https:\/\/schema.org\",\"@graph\":[{\"@type\":\"Article\",\"@id\":\"https:\/\/www.viaromana.org\/blog\/revue-de-presse-web-la-museum-week-musee-de-la-romanite-nimes\/#article\",\"isPartOf\":{\"@id\":\"https:\/\/www.viaromana.org\/blog\/revue-de-presse-web-la-museum-week-musee-de-la-romanite-nimes\/\"},\"author\":{\"name\":\"Robert\",\"@id\":\"https:\/\/www.viaromana.org\/blog\/#\/schema\/person\/cde9c4655845091e1fe473fcd163c889\"},\"headline\":\"Revue de presse web : La Museum Week \u2013 Mus\u00e9e de la romanit\u00e9 \u2013 N\u00eemes\",\"datePublished\":\"2022-06-13T12:23:17+00:00\",\"dateModified\":\"2022-06-13T12:23:17+00:00\",\"mainEntityOfPage\":{\"@id\":\"https:\/\/www.viaromana.org\/blog\/revue-de-presse-web-la-museum-week-musee-de-la-romanite-nimes\/\"},\"wordCount\":263,\"publisher\":{\"@id\":\"https:\/\/www.viaromana.org\/blog\/#organization\"},\"articleSection\":[\"Arch\u00e9ologie\"],\"inLanguage\":\"fr-FR\"},{\"@type\":\"WebPage\",\"@id\":\"https:\/\/www.viaromana.org\/blog\/revue-de-presse-web-la-museum-week-musee-de-la-romanite-nimes\/\",\"url\":\"https:\/\/www.viaromana.org\/blog\/revue-de-presse-web-la-museum-week-musee-de-la-romanite-nimes\/\",\"name\":\"Revue de presse web : La Museum Week \u2013 Mus\u00e9e de la romanit\u00e9 \u2013 N\u00eemes - Viaromana et arch\u00e9ologie.\",\"isPartOf\":{\"@id\":\"https:\/\/www.viaromana.org\/blog\/#website\"},\"datePublished\":\"2022-06-13T12:23:17+00:00\",\"dateModified\":\"2022-06-13T12:23:17+00:00\",\"description\":\"Revue de presse web : La Museum Week \u2013 Mus\u00e9e de la romanit\u00e9 \u2013 N\u00eemes article de Viaromana et arch\u00e9ologie.\",\"breadcrumb\":{\"@id\":\"https:\/\/www.viaromana.org\/blog\/revue-de-presse-web-la-museum-week-musee-de-la-romanite-nimes\/#breadcrumb\"},\"inLanguage\":\"fr-FR\",\"potentialAction\":[{\"@type\":\"ReadAction\",\"target\":[\"https:\/\/www.viaromana.org\/blog\/revue-de-presse-web-la-museum-week-musee-de-la-romanite-nimes\/\"]}]},{\"@type\":\"BreadcrumbList\",\"@id\":\"https:\/\/www.viaromana.org\/blog\/revue-de-presse-web-la-museum-week-musee-de-la-romanite-nimes\/#breadcrumb\",\"itemListElement\":[{\"@type\":\"ListItem\",\"position\":1,\"name\":\"Accueil\",\"item\":\"https:\/\/www.viaromana.org\/blog\/\"},{\"@type\":\"ListItem\",\"position\":2,\"name\":\"Revue de presse web : La Museum Week \u2013 Mus\u00e9e de la romanit\u00e9 \u2013 N\u00eemes\"}]},{\"@type\":\"WebSite\",\"@id\":\"https:\/\/www.viaromana.org\/blog\/#website\",\"url\":\"https:\/\/www.viaromana.org\/blog\/\",\"name\":\"Viaromana et arch\u00e9ologie.\",\"description\":\"Site arch\u00e9ologique de la voie romaine (viaromana) Belgique-France-Rome\",\"publisher\":{\"@id\":\"https:\/\/www.viaromana.org\/blog\/#organization\"},\"potentialAction\":[{\"@type\":\"SearchAction\",\"target\":{\"@type\":\"EntryPoint\",\"urlTemplate\":\"https:\/\/www.viaromana.org\/blog\/?s={search_term_string}\"},\"query-input\":\"required name=search_term_string\"}],\"inLanguage\":\"fr-FR\"},{\"@type\":\"Organization\",\"@id\":\"https:\/\/www.viaromana.org\/blog\/#organization\",\"name\":\"viaromana\",\"url\":\"https:\/\/www.viaromana.org\/blog\/\",\"logo\":{\"@type\":\"ImageObject\",\"inLanguage\":\"fr-FR\",\"@id\":\"https:\/\/www.viaromana.org\/blog\/#\/schema\/logo\/image\/\",\"url\":\"https:\/\/www.viaromana.org\/blog\/wp-content\/uploads\/2021\/12\/logo-3.png\",\"contentUrl\":\"https:\/\/www.viaromana.org\/blog\/wp-content\/uploads\/2021\/12\/logo-3.png\",\"width\":300,\"height\":249,\"caption\":\"viaromana\"},\"image\":{\"@id\":\"https:\/\/www.viaromana.org\/blog\/#\/schema\/logo\/image\/\"}},{\"@type\":\"Person\",\"@id\":\"https:\/\/www.viaromana.org\/blog\/#\/schema\/person\/cde9c4655845091e1fe473fcd163c889\",\"name\":\"Robert\",\"image\":{\"@type\":\"ImageObject\",\"inLanguage\":\"fr-FR\",\"@id\":\"https:\/\/www.viaromana.org\/blog\/#\/schema\/person\/image\/\",\"url\":\"https:\/\/secure.gravatar.com\/avatar\/a168ec191013b636c2f278aec04e724b?s=96&d=mm&r=g\",\"contentUrl\":\"https:\/\/secure.gravatar.com\/avatar\/a168ec191013b636c2f278aec04e724b?s=96&d=mm&r=g\",\"caption\":\"Robert\"},\"sameAs\":[\"https:\/\/www.viaromana.org\/blog\"],\"url\":\"https:\/\/www.viaromana.org\/blog\/author\/anaadmin\/\"}]}<\/script>\n<!-- \/ Yoast SEO plugin. -->","yoast_head_json":{"title":"Revue de presse web : La Museum Week \u2013 Mus\u00e9e de la romanit\u00e9 \u2013 N\u00eemes - Viaromana et arch\u00e9ologie.","description":"Revue de presse web : La Museum Week \u2013 Mus\u00e9e de la romanit\u00e9 \u2013 N\u00eemes article de Viaromana et arch\u00e9ologie.","robots":{"index":"index","follow":"follow","max-snippet":"max-snippet:-1","max-image-preview":"max-image-preview:large","max-video-preview":"max-video-preview:-1"},"canonical":"https:\/\/www.viaromana.org\/blog\/revue-de-presse-web-la-museum-week-musee-de-la-romanite-nimes\/","og_locale":"fr_FR","og_type":"article","og_title":"Revue de presse web : La Museum Week \u2013 Mus\u00e9e de la romanit\u00e9 \u2013 N\u00eemes - Viaromana et arch\u00e9ologie.","og_description":"Revue de presse web : La Museum Week \u2013 Mus\u00e9e de la romanit\u00e9 \u2013 N\u00eemes article de Viaromana et arch\u00e9ologie.","og_url":"https:\/\/www.viaromana.org\/blog\/revue-de-presse-web-la-museum-week-musee-de-la-romanite-nimes\/","og_site_name":"Viaromana et arch\u00e9ologie.","article_published_time":"2022-06-13T12:23:17+00:00","og_image":[{"width":2048,"height":1152,"url":"https:\/\/www.viaromana.org\/blog\/wp-content\/uploads\/2022\/06\/de-la.jpg","type":"image\/jpeg"}],"author":"Robert","twitter_card":"summary_large_image","twitter_misc":{"\u00c9crit par":"Robert","Dur\u00e9e de lecture estim\u00e9e":"1 minute"},"schema":{"@context":"https:\/\/schema.org","@graph":[{"@type":"Article","@id":"https:\/\/www.viaromana.org\/blog\/revue-de-presse-web-la-museum-week-musee-de-la-romanite-nimes\/#article","isPartOf":{"@id":"https:\/\/www.viaromana.org\/blog\/revue-de-presse-web-la-museum-week-musee-de-la-romanite-nimes\/"},"author":{"name":"Robert","@id":"https:\/\/www.viaromana.org\/blog\/#\/schema\/person\/cde9c4655845091e1fe473fcd163c889"},"headline":"Revue de presse web : La Museum Week \u2013 Mus\u00e9e de la romanit\u00e9 \u2013 N\u00eemes","datePublished":"2022-06-13T12:23:17+00:00","dateModified":"2022-06-13T12:23:17+00:00","mainEntityOfPage":{"@id":"https:\/\/www.viaromana.org\/blog\/revue-de-presse-web-la-museum-week-musee-de-la-romanite-nimes\/"},"wordCount":263,"publisher":{"@id":"https:\/\/www.viaromana.org\/blog\/#organization"},"articleSection":["Arch\u00e9ologie"],"inLanguage":"fr-FR"},{"@type":"WebPage","@id":"https:\/\/www.viaromana.org\/blog\/revue-de-presse-web-la-museum-week-musee-de-la-romanite-nimes\/","url":"https:\/\/www.viaromana.org\/blog\/revue-de-presse-web-la-museum-week-musee-de-la-romanite-nimes\/","name":"Revue de presse web : La Museum Week \u2013 Mus\u00e9e de la romanit\u00e9 \u2013 N\u00eemes - Viaromana et arch\u00e9ologie.","isPartOf":{"@id":"https:\/\/www.viaromana.org\/blog\/#website"},"datePublished":"2022-06-13T12:23:17+00:00","dateModified":"2022-06-13T12:23:17+00:00","description":"Revue de presse web : La Museum Week \u2013 Mus\u00e9e de la romanit\u00e9 \u2013 N\u00eemes article de Viaromana et arch\u00e9ologie.","breadcrumb":{"@id":"https:\/\/www.viaromana.org\/blog\/revue-de-presse-web-la-museum-week-musee-de-la-romanite-nimes\/#breadcrumb"},"inLanguage":"fr-FR","potentialAction":[{"@type":"ReadAction","target":["https:\/\/www.viaromana.org\/blog\/revue-de-presse-web-la-museum-week-musee-de-la-romanite-nimes\/"]}]},{"@type":"BreadcrumbList","@id":"https:\/\/www.viaromana.org\/blog\/revue-de-presse-web-la-museum-week-musee-de-la-romanite-nimes\/#breadcrumb","itemListElement":[{"@type":"ListItem","position":1,"name":"Accueil","item":"https:\/\/www.viaromana.org\/blog\/"},{"@type":"ListItem","position":2,"name":"Revue de presse web : La Museum Week \u2013 Mus\u00e9e de la romanit\u00e9 \u2013 N\u00eemes"}]},{"@type":"WebSite","@id":"https:\/\/www.viaromana.org\/blog\/#website","url":"https:\/\/www.viaromana.org\/blog\/","name":"Viaromana et arch\u00e9ologie.","description":"Site arch\u00e9ologique de la voie romaine (viaromana) Belgique-France-Rome","publisher":{"@id":"https:\/\/www.viaromana.org\/blog\/#organization"},"potentialAction":[{"@type":"SearchAction","target":{"@type":"EntryPoint","urlTemplate":"https:\/\/www.viaromana.org\/blog\/?s={search_term_string}"},"query-input":"required name=search_term_string"}],"inLanguage":"fr-FR"},{"@type":"Organization","@id":"https:\/\/www.viaromana.org\/blog\/#organization","name":"viaromana","url":"https:\/\/www.viaromana.org\/blog\/","logo":{"@type":"ImageObject","inLanguage":"fr-FR","@id":"https:\/\/www.viaromana.org\/blog\/#\/schema\/logo\/image\/","url":"https:\/\/www.viaromana.org\/blog\/wp-content\/uploads\/2021\/12\/logo-3.png","contentUrl":"https:\/\/www.viaromana.org\/blog\/wp-content\/uploads\/2021\/12\/logo-3.png","width":300,"height":249,"caption":"viaromana"},"image":{"@id":"https:\/\/www.viaromana.org\/blog\/#\/schema\/logo\/image\/"}},{"@type":"Person","@id":"https:\/\/www.viaromana.org\/blog\/#\/schema\/person\/cde9c4655845091e1fe473fcd163c889","name":"Robert","image":{"@type":"ImageObject","inLanguage":"fr-FR","@id":"https:\/\/www.viaromana.org\/blog\/#\/schema\/person\/image\/","url":"https:\/\/secure.gravatar.com\/avatar\/a168ec191013b636c2f278aec04e724b?s=96&d=mm&r=g","contentUrl":"https:\/\/secure.gravatar.com\/avatar\/a168ec191013b636c2f278aec04e724b?s=96&d=mm&r=g","caption":"Robert"},"sameAs":["https:\/\/www.viaromana.org\/blog"],"url":"https:\/\/www.viaromana.org\/blog\/author\/anaadmin\/"}]}},"_links":{"self":[{"href":"https:\/\/www.viaromana.org\/blog\/wp-json\/wp\/v2\/posts\/972"}],"collection":[{"href":"https:\/\/www.viaromana.org\/blog\/wp-json\/wp\/v2\/posts"}],"about":[{"href":"https:\/\/www.viaromana.org\/blog\/wp-json\/wp\/v2\/types\/post"}],"author":[{"embeddable":true,"href":"https:\/\/www.viaromana.org\/blog\/wp-json\/wp\/v2\/users\/1"}],"replies":[{"embeddable":true,"href":"https:\/\/www.viaromana.org\/blog\/wp-json\/wp\/v2\/comments?post=972"}],"version-history":[{"count":0,"href":"https:\/\/www.viaromana.org\/blog\/wp-json\/wp\/v2\/posts\/972\/revisions"}],"wp:featuredmedia":[{"embeddable":true,"href":"https:\/\/www.viaromana.org\/blog\/wp-json\/wp\/v2\/media\/973"}],"wp:attachment":[{"href":"https:\/\/www.viaromana.org\/blog\/wp-json\/wp\/v2\/media?parent=972"}],"wp:term":[{"taxonomy":"category","embeddable":true,"href":"https:\/\/www.viaromana.org\/blog\/wp-json\/wp\/v2\/categories?post=972"},{"taxonomy":"post_tag","embeddable":true,"href":"https:\/\/www.viaromana.org\/blog\/wp-json\/wp\/v2\/tags?post=972"}],"curies":[{"name":"wp","href":"https:\/\/api.w.org\/{rel}","templated":true}]}}