{"id":97,"date":"2021-01-25T16:24:11","date_gmt":"2021-01-25T15:24:11","guid":{"rendered":"http:\/\/ellenahurst.com\/?p=2963"},"modified":"2021-01-25T16:24:11","modified_gmt":"2021-01-25T15:24:11","slug":"no-20-my-violin","status":"publish","type":"post","link":"https:\/\/www.viaromana.org\/blog\/no-20-my-violin\/","title":{"rendered":"No. 20: Mon violon"},"content":{"rendered":"\n<div><img decoding=\"async\" src=\"https:\/\/www.viaromana.org\/blog\/wp-content\/uploads\/2021\/12\/no-20-mon-violon.jpg\" class=\"ff-og-image-inserted\"><\/div>\n<h3>Artiste: Inconnu<br \/>Titre : Violon<br \/>Date : ann\u00e9es 1950 ?<br \/>Culture: Am\u00e9ricaine<br \/>Provenance : Transmise \u00e0 EAH par sa m\u00e8re et son grand-p\u00e8re.<\/h3>\n<p>Au fond de mon placard, cach\u00e9 derri\u00e8re un rideau de robes longues non port\u00e9es, se trouve un \u00e9tui pour violon en toile marron avec une poign\u00e9e en cuir us\u00e9. Le violon m&rsquo;a accompagn\u00e9 dans chacune des treize r\u00e9sidences que j&rsquo;ai eues depuis le coll\u00e8ge, ne trouvant pas beaucoup d&rsquo;utilit\u00e9, je suis triste de le dire, mais s&rsquo;installant parmi les lapins de poussi\u00e8re et ne sortant que rarement \u2013 une fois dans une lune bleue \u2013 pour chanter. C&rsquo;est le violon sur lequel j&rsquo;ai jou\u00e9 presque tous les jours pendant la majeure partie de mon adolescence, et l&rsquo;\u00e9tui brun apparemment terne est aussi \u00e9vocateur qu&rsquo;une tapisserie aux couleurs vives pour moi.<\/p>\n<p>Le violon lui-m\u00eame est beau mais pas particuli\u00e8rement agr\u00e9able. Je l&rsquo;ai trouv\u00e9 dans le sous-sol de mon grand-p\u00e8re alors que j&rsquo;avais environ treize ans et que je devais monter \u00e0 un violon grandeur nature. \u00c7a avait \u00e9t\u00e9 \u00e0 ma m\u00e8re, bri\u00e8vement, quand elle avait jou\u00e9 avec l&rsquo;apprentissage du violon au coll\u00e8ge. Toujours sentimentaliste, j&rsquo;ai ador\u00e9 l&rsquo;id\u00e9e d&rsquo;utiliser un violon ancien oubli\u00e9 depuis longtemps. Le fait que je l&rsquo;ai trouv\u00e9 parmi les toiles d&rsquo;araign\u00e9es dans le sous-sol de mon grand-p\u00e8re lui a donn\u00e9 une sorte de myst\u00e8re Nancy Drew et je l&rsquo;ai d&rsquo;autant plus aim\u00e9. Bien que ma m\u00e8re \u00e9tait sceptique quant \u00e0 sa qualit\u00e9, elle m&rsquo;a assur\u00e9 que c&rsquo;\u00e9tait bien pour moi de l&rsquo;avoir si je le voulais, et nous l&rsquo;avons emmen\u00e9 dans un magasin de violon pour le faire mousser.<\/p>\n<p>Le violon a \u00e9t\u00e9 une caract\u00e9ristique centrale de mon enfance et de mon adolescence, me pr\u00e9sentant \u00e0 un casting de professeurs aim\u00e9s et excentriques et d\u00e9finissant mes journ\u00e9es d&rsquo;\u00e9cole publique autrement banales avec beaut\u00e9 et int\u00e9r\u00eat. Comme la plupart des choses de l&rsquo;enfance, je prenais le violon pour acquis, et comme il disparaissait de ma vie au coll\u00e8ge, je ne r\u00e9alisais m\u00eame pas \u00e0 quel point j&rsquo;avais perdu.<\/p>\n<p>Mes parents m&rsquo;ont inscrit \u00e0 <a target=\"_blank\" rel=\"nofollow\" href=\"https:\/\/www.viaromana.org\/blog\/goto\/https:\/\/en.wikipedia.org\/wiki\/Suzuki_method\" >Le\u00e7ons Suzuki<\/a> affili\u00e9 \u00e0 mon \u00e9cole quand j&rsquo;avais sept ans. Je me suis lentement fray\u00e9 un chemin dans la comp\u00e9tence et je suis finalement devenu assez bon. Mon premier professeur \u00e9tait une femme qui sentait le parfum et me donnait des r\u00e9compenses en bonbons. Plus tard, quand ma famille a d\u00e9m\u00e9nag\u00e9 <a target=\"_blank\" rel=\"nofollow\" href=\"https:\/\/www.viaromana.org\/blog\/goto\/https:\/\/ellenahurst.com\/2019\/09\/06\/no-6\/\" >retour \u00e0 Moscou<\/a> pendant quelques ann\u00e9es, j&rsquo;ai eu des cours hebdomadaires avec une femme russe qui ne parlait presque pas anglais. Comme je ne parlais pratiquement pas de russe, les le\u00e7ons \u00e9taient des exercices de pantomime et de frustration plus qu&rsquo;en musique, donc mes progr\u00e8s \u00e9taient minimes. Quand nous <a target=\"_blank\" rel=\"nofollow\" href=\"https:\/\/www.viaromana.org\/blog\/goto\/https:\/\/ellenahurst.com\/2019\/11\/07\/no-9\/\" >retourn\u00e9 en Illinois<\/a>, J&rsquo;ai pris des cours \u00e0 notre \u00e9glise avec une belle violoniste qui portait ses cheveux sur la t\u00eate dans un chignon gris massif. Puis, lorsque nous avons d\u00e9m\u00e9nag\u00e9 dans une ville voisine, j&rsquo;ai eu un autre professeur excentrique et volatil qui criait beaucoup. Sa maison sentait fortement la cigarette et elle \u00e9tait au clair de lune en tant qu&rsquo;astrologue. Elle a pris grand soin de marquer ma musique avec ses coups d&rsquo;archet sp\u00e9ciaux et d&rsquo;autres notations et m&rsquo;a fait m\u00e9moriser la musique, affirmant que la lecture de la musique distrayait du jeu r\u00e9el de la musique. Je redoutais chaque le\u00e7on, mais elle a fait de moi une tr\u00e8s bonne violoniste. Cela m&rsquo;a aid\u00e9 que j&rsquo;\u00e9tais aussi socialement malheureuse et que je passais donc une grande partie de mon temps libre \u00e0 pratiquer \u00e0 mon <a target=\"_blank\" rel=\"nofollow\" href=\"https:\/\/www.viaromana.org\/blog\/goto\/https:\/\/ellenahurst.com\/2019\/09\/27\/no-7\/\" >piano \u00e0 queue b\u00e9b\u00e9 de la m\u00e8re<\/a>. J&rsquo;ai acquis une confiance et une aptitude que je n&rsquo;avais jamais eues auparavant, et c&rsquo;est pendant cette p\u00e9riode que j&rsquo;ai appris \u00e0 quel point c&rsquo;est transcendant et magique de bien jouer d&rsquo;un instrument de musique.<\/p>\n<p>Au d\u00e9but du lyc\u00e9e, je suis retourn\u00e9e en ville avec l&rsquo;enseignante qui portait ses cheveux en chignon. C&rsquo;\u00e9tait une bonne enseignante, mais personne ne pouvait tout \u00e0 fait se comparer \u00e0 la femme intense qui m&rsquo;avait fait briller au coll\u00e8ge. De plus, je n&rsquo;\u00e9tais plus socialement mis\u00e9rable. J&rsquo;avais trouv\u00e9 un groupe d&rsquo;amis et j&rsquo;aimais aller aux \u00e9v\u00e9nements sportifs et aux f\u00eates du vendredi. J&rsquo;avais un nouveau b\u00e9guin chaque semaine et j&rsquo;aimais conduire en ville avec des enfants plus \u00e2g\u00e9s qui avaient leurs propres voitures. Le violon a \u00e9t\u00e9 mis de c\u00f4t\u00e9. Bient\u00f4t, \u00e0 peu pr\u00e8s au moment o\u00f9 j&rsquo;ai arr\u00eat\u00e9 les cours de ballet, troquant mes chaussures de pointe contre des pompons d&rsquo;\u00e9quipe de danse, j&rsquo;ai d\u00e9cid\u00e9 de ne plus avoir le temps de prendre des cours de violon priv\u00e9s.<\/p>\n<p>Heureusement, le violon est rest\u00e9 une grande partie de ma vie \u00e0 l&rsquo;\u00e9cole. Depuis le coll\u00e8ge, l&rsquo;orchestre \u00e9tait un \u00e9l\u00e9ment central de mon \u00e9ducation, non seulement dans mon emploi du temps quotidien, mais aussi dans mes activit\u00e9s parascolaires. Nous faisions des voyages semestriels pour rencontrer d&rsquo;autres orchestres scolaires, pratiquer en grand groupe et donner des spectacles. Je me souviens avoir pris des autobus scolaires t\u00f4t le matin, du violon, un pupitre pliant et de la malbouffe \u00e0 la remorque, et je me suis rendu dans les villes voisines o\u00f9 nous avions pass\u00e9 des journ\u00e9es de pratique \u00e9puisantes mais intens\u00e9ment enrichissantes. Nous faisions des excursions au centre commercial et au parc pour pr\u00e9senter des spectacles de musique de No\u00ebl. Mon professeur d&rsquo;orchestre du lyc\u00e9e organisait des excursions hebdomadaires \u00e0 l&rsquo;heure du d\u00e9jeuner dans des maisons de retraite et autres. J&rsquo;ai ador\u00e9 l&rsquo;excuse de m&rsquo;\u00e9loigner du b\u00e2timent de l&rsquo;\u00e9cole. C&rsquo;\u00e9tait lib\u00e9rateur et amusant. La musique que je jouais sur mon violon \u00e9tait, bien s\u00fbr, au c\u0153ur de cette exp\u00e9rience, mais je ne l&rsquo;ai gu\u00e8re remarqu\u00e9.<\/p>\n<p>L&rsquo;\u00e9t\u00e9 suivant l&rsquo;obtention de mon dipl\u00f4me d&rsquo;\u00e9tudes secondaires, mon professeur d&rsquo;orchestre m&rsquo;a embauch\u00e9 pour travailler dans un camp de musique pour les petits enfants. J&rsquo;ai enseign\u00e9 \u00e0 de petits groupes d&rsquo;enfants les techniques de base du violon et j&rsquo;ai aid\u00e9 \u00e0 accorder des violons lorsque les enfants se r\u00e9unissaient en grand groupe. C&rsquo;est dr\u00f4le en regardant en arri\u00e8re, je n&rsquo;\u00e9tais pas du tout nerveux pour ce travail m\u00eame si je suis toujours nerveux dans un nouveau travail. C&rsquo;\u00e9tait naturel et j&rsquo;ai appr\u00e9ci\u00e9, et si j&rsquo;avais eu quelque chose \u00e0 comparer, j&rsquo;aurais peut-\u00eatre pris note. Mais une fois le camp termin\u00e9, j&rsquo;ai rang\u00e9 mon violon et je ne l&rsquo;ai plus jamais jou\u00e9 s\u00e9rieusement. Il s&rsquo;est \u00e9chapp\u00e9 de ma vie de cette mani\u00e8re calme et d\u00e9vastatrice des choses de nos jeunes.<\/p>\n<p>Mon \u00e9tui pour violon a encore quelques chances et extr\u00e9mit\u00e9s qui parlent de cette p\u00e9riode de ma vie. Le mentonni\u00e8re est toujours l\u00e0, pr\u00eat \u00e0 \u00eatre plac\u00e9 sous le violon. Il y a quelques blocs de colophane en ruine et une petite sourdine, pour cr\u00e9er un son plus \u00e9touff\u00e9. La cheville sur la corde de sol \u00e9tait toujours l\u00e2che et il est donc difficile de garder cette corde au diapason. Mais le violon est jouable et j&rsquo;ai \u00e9t\u00e9 connu de temps en temps pour le retirer et revisiter certaines des pi\u00e8ces les plus faciles que je jouais. M\u00eame apr\u00e8s toutes ces ann\u00e9es, les bases me reviennent automatiquement. Je n&rsquo;ai pas \u00e0 trop y penser. La premi\u00e8re fois que j&rsquo;ai fait \u00e7a, avant d&rsquo;avoir des enfants et que j&rsquo;ai donc eu le loisir de passer une bonne partie de mon temps \u00e0 jouer, j&rsquo;ai r\u00e9alis\u00e9 quel cadeau mes parents m&rsquo;avaient fait en me faisant apprendre le violon, car il n&rsquo;y a rien d&rsquo;autre que j&rsquo;ai fait dans ma vie qui se compare \u00e0 jouer de la musique. Rien. Il n&rsquo;y a pas d&rsquo;\u00e9quivalent \u00e0 la joie et \u00e0 la satisfaction de jouer du violon.<\/p>\n<p>Et donc quand je vois l&rsquo;affaire au fond de mon placard, je ressens un tel m\u00e9lange de choses \u2013 gratitude, perte, regret \u2013 mais je ressens aussi un brin d&rsquo;espoir. Peut-\u00eatre qu&rsquo;un jour je r\u00e9parerai cette cheville pour la corde de sol et j&rsquo;obtiendrai de nouvelles cordes et un nouveau bloc de colophane. Peut-\u00eatre que je trouverai un groupe o\u00f9 je pourrai jouer un jour dans mon doto. Je vais revenir \u00e0 mes racines d&rsquo;adolescent et trouver un moyen de faire du violon une partie de ma routine quotidienne. Cette fois, je ne le prendrai pas pour acquis.<\/p>\n<div id=\"jp-post-flair\" class=\"sharedaddy sd-like-enabled sd-sharing-enabled\">\n<div class=\"sharedaddy sd-sharing-enabled\">\n<div class=\"robots-nocontent sd-block sd-social sd-social-official sd-sharing\">\n<h3 class=\"sd-title\">Partagez ceci:<\/h3>\n<\/div>\n<\/div>\n<div class=\"sharedaddy sd-block sd-like jetpack-likes-widget-wrapper jetpack-likes-widget-unloaded\" id=\"like-post-wrapper-82104470-2963-61b0436728bb4\" data-src=\"\/\/widgets.wp.com\/likes\/index.html?ver=20211129#blog_id=82104470&amp;post_id=2963&amp;origin=ellenahurst.wordpress.com&amp;obj_id=82104470-2963-61b0436728bb4&amp;domain=ellenahurst.com\" data-name=\"like-post-frame-82104470-2963-61b0436728bb4\" data-title=\"Like or Reblog\">\n<h3 class=\"sd-title\">Pareil:<\/h3>\n<div class=\"likes-widget-placeholder post-likes-widget-placeholder\"><span class=\"button\"><span>Comme<\/span><\/span> <span class=\"loading\">Chargement&#8230;<\/span><\/div>\n<p><span class=\"sd-text-color\"><\/span><\/div>\n<\/div>\n","protected":false},"excerpt":{"rendered":"<p>Artiste: InconnuTitre : ViolonDate : ann\u00e9es 1950 ?Culture: Am\u00e9ricaineProvenance : Transmise \u00e0 EAH par sa m\u00e8re et son grand-p\u00e8re. Au fond de mon placard, cach\u00e9 derri\u00e8re un rideau de robes longues non port\u00e9es, se trouve un \u00e9tui pour violon en toile marron avec une poign\u00e9e en cuir us\u00e9. Le violon m&rsquo;a accompagn\u00e9 dans chacune des treize r\u00e9sidences que j&rsquo;ai eues depuis le coll\u00e8ge, ne trouvant pas beaucoup d&rsquo;utilit\u00e9, je suis triste de le dire, mais s&rsquo;installant parmi les lapins de poussi\u00e8re et ne sortant que rarement \u2013 une fois dans une lune bleue \u2013 pour chanter. C&rsquo;est le violon sur\u2026<\/p>\n","protected":false},"author":2,"featured_media":99,"comment_status":"closed","ping_status":"closed","sticky":false,"template":"","format":"standard","meta":{"footnotes":""},"categories":[6],"tags":[],"blocksy_meta":{"styles_descriptor":{"styles":{"desktop":"","tablet":"","mobile":""},"google_fonts":[],"version":4}},"yoast_head":"<!-- This site is optimized with the Yoast SEO plugin v21.1 - https:\/\/yoast.com\/wordpress\/plugins\/seo\/ -->\n<title>No. 20: Mon violon - Viaromana et arch\u00e9ologie.<\/title>\n<meta name=\"description\" content=\"No. 20: Mon violon article de Viaromana et arch\u00e9ologie.\" \/>\n<meta name=\"robots\" content=\"index, follow, max-snippet:-1, max-image-preview:large, max-video-preview:-1\" \/>\n<link rel=\"canonical\" href=\"https:\/\/www.viaromana.org\/blog\/no-20-my-violin\/\" \/>\n<meta property=\"og:locale\" content=\"fr_FR\" \/>\n<meta property=\"og:type\" content=\"article\" \/>\n<meta property=\"og:title\" content=\"No. 20: Mon violon - Viaromana et arch\u00e9ologie.\" \/>\n<meta property=\"og:description\" content=\"No. 20: Mon violon article de Viaromana et arch\u00e9ologie.\" \/>\n<meta property=\"og:url\" content=\"https:\/\/www.viaromana.org\/blog\/no-20-my-violin\/\" \/>\n<meta property=\"og:site_name\" content=\"Viaromana et arch\u00e9ologie.\" \/>\n<meta property=\"article:published_time\" content=\"2021-01-25T15:24:11+00:00\" \/>\n<meta property=\"og:image\" content=\"https:\/\/www.viaromana.org\/blog\/wp-content\/uploads\/2021\/12\/de-mon.jpg\" \/>\n\t<meta property=\"og:image:width\" content=\"818\" \/>\n\t<meta property=\"og:image:height\" content=\"1024\" \/>\n\t<meta property=\"og:image:type\" content=\"image\/jpeg\" \/>\n<meta name=\"author\" content=\"Joseph Barbier\" \/>\n<meta name=\"twitter:card\" content=\"summary_large_image\" \/>\n<meta name=\"twitter:label1\" content=\"\u00c9crit par\" \/>\n\t<meta name=\"twitter:data1\" content=\"Joseph Barbier\" \/>\n\t<meta name=\"twitter:label2\" content=\"Dur\u00e9e de lecture estim\u00e9e\" \/>\n\t<meta name=\"twitter:data2\" content=\"7 minutes\" \/>\n<script type=\"application\/ld+json\" class=\"yoast-schema-graph\">{\"@context\":\"https:\/\/schema.org\",\"@graph\":[{\"@type\":\"Article\",\"@id\":\"https:\/\/www.viaromana.org\/blog\/no-20-my-violin\/#article\",\"isPartOf\":{\"@id\":\"https:\/\/www.viaromana.org\/blog\/no-20-my-violin\/\"},\"author\":{\"name\":\"Joseph Barbier\",\"@id\":\"https:\/\/www.viaromana.org\/blog\/#\/schema\/person\/6e3914366051dad316156e63d1d1f8bd\"},\"headline\":\"No. 20: Mon violon\",\"datePublished\":\"2021-01-25T15:24:11+00:00\",\"dateModified\":\"2021-01-25T15:24:11+00:00\",\"mainEntityOfPage\":{\"@id\":\"https:\/\/www.viaromana.org\/blog\/no-20-my-violin\/\"},\"wordCount\":1514,\"publisher\":{\"@id\":\"https:\/\/www.viaromana.org\/blog\/#organization\"},\"articleSection\":[\"Journal de l'art\"],\"inLanguage\":\"fr-FR\"},{\"@type\":\"WebPage\",\"@id\":\"https:\/\/www.viaromana.org\/blog\/no-20-my-violin\/\",\"url\":\"https:\/\/www.viaromana.org\/blog\/no-20-my-violin\/\",\"name\":\"No. 20: Mon violon - Viaromana et arch\u00e9ologie.\",\"isPartOf\":{\"@id\":\"https:\/\/www.viaromana.org\/blog\/#website\"},\"datePublished\":\"2021-01-25T15:24:11+00:00\",\"dateModified\":\"2021-01-25T15:24:11+00:00\",\"description\":\"No. 20: Mon violon article de Viaromana et arch\u00e9ologie.\",\"breadcrumb\":{\"@id\":\"https:\/\/www.viaromana.org\/blog\/no-20-my-violin\/#breadcrumb\"},\"inLanguage\":\"fr-FR\",\"potentialAction\":[{\"@type\":\"ReadAction\",\"target\":[\"https:\/\/www.viaromana.org\/blog\/no-20-my-violin\/\"]}]},{\"@type\":\"BreadcrumbList\",\"@id\":\"https:\/\/www.viaromana.org\/blog\/no-20-my-violin\/#breadcrumb\",\"itemListElement\":[{\"@type\":\"ListItem\",\"position\":1,\"name\":\"Accueil\",\"item\":\"https:\/\/www.viaromana.org\/blog\/\"},{\"@type\":\"ListItem\",\"position\":2,\"name\":\"No. 20: Mon violon\"}]},{\"@type\":\"WebSite\",\"@id\":\"https:\/\/www.viaromana.org\/blog\/#website\",\"url\":\"https:\/\/www.viaromana.org\/blog\/\",\"name\":\"Viaromana et arch\u00e9ologie.\",\"description\":\"Site arch\u00e9ologique de la voie romaine (viaromana) Belgique-France-Rome\",\"publisher\":{\"@id\":\"https:\/\/www.viaromana.org\/blog\/#organization\"},\"potentialAction\":[{\"@type\":\"SearchAction\",\"target\":{\"@type\":\"EntryPoint\",\"urlTemplate\":\"https:\/\/www.viaromana.org\/blog\/?s={search_term_string}\"},\"query-input\":\"required name=search_term_string\"}],\"inLanguage\":\"fr-FR\"},{\"@type\":\"Organization\",\"@id\":\"https:\/\/www.viaromana.org\/blog\/#organization\",\"name\":\"viaromana\",\"url\":\"https:\/\/www.viaromana.org\/blog\/\",\"logo\":{\"@type\":\"ImageObject\",\"inLanguage\":\"fr-FR\",\"@id\":\"https:\/\/www.viaromana.org\/blog\/#\/schema\/logo\/image\/\",\"url\":\"https:\/\/www.viaromana.org\/blog\/wp-content\/uploads\/2021\/12\/logo-3.png\",\"contentUrl\":\"https:\/\/www.viaromana.org\/blog\/wp-content\/uploads\/2021\/12\/logo-3.png\",\"width\":300,\"height\":249,\"caption\":\"viaromana\"},\"image\":{\"@id\":\"https:\/\/www.viaromana.org\/blog\/#\/schema\/logo\/image\/\"}},{\"@type\":\"Person\",\"@id\":\"https:\/\/www.viaromana.org\/blog\/#\/schema\/person\/6e3914366051dad316156e63d1d1f8bd\",\"name\":\"Joseph Barbier\",\"image\":{\"@type\":\"ImageObject\",\"inLanguage\":\"fr-FR\",\"@id\":\"https:\/\/www.viaromana.org\/blog\/#\/schema\/person\/image\/\",\"url\":\"https:\/\/secure.gravatar.com\/avatar\/9845d0288498aa146fbce51fa517303f?s=96&d=mm&r=g\",\"contentUrl\":\"https:\/\/secure.gravatar.com\/avatar\/9845d0288498aa146fbce51fa517303f?s=96&d=mm&r=g\",\"caption\":\"Joseph Barbier\"},\"url\":\"https:\/\/www.viaromana.org\/blog\/author\/anajoseph\/\"}]}<\/script>\n<!-- \/ Yoast SEO plugin. -->","yoast_head_json":{"title":"No. 20: Mon violon - Viaromana et arch\u00e9ologie.","description":"No. 20: Mon violon article de Viaromana et arch\u00e9ologie.","robots":{"index":"index","follow":"follow","max-snippet":"max-snippet:-1","max-image-preview":"max-image-preview:large","max-video-preview":"max-video-preview:-1"},"canonical":"https:\/\/www.viaromana.org\/blog\/no-20-my-violin\/","og_locale":"fr_FR","og_type":"article","og_title":"No. 20: Mon violon - Viaromana et arch\u00e9ologie.","og_description":"No. 20: Mon violon article de Viaromana et arch\u00e9ologie.","og_url":"https:\/\/www.viaromana.org\/blog\/no-20-my-violin\/","og_site_name":"Viaromana et arch\u00e9ologie.","article_published_time":"2021-01-25T15:24:11+00:00","og_image":[{"width":818,"height":1024,"url":"https:\/\/www.viaromana.org\/blog\/wp-content\/uploads\/2021\/12\/de-mon.jpg","type":"image\/jpeg"}],"author":"Joseph Barbier","twitter_card":"summary_large_image","twitter_misc":{"\u00c9crit par":"Joseph Barbier","Dur\u00e9e de lecture estim\u00e9e":"7 minutes"},"schema":{"@context":"https:\/\/schema.org","@graph":[{"@type":"Article","@id":"https:\/\/www.viaromana.org\/blog\/no-20-my-violin\/#article","isPartOf":{"@id":"https:\/\/www.viaromana.org\/blog\/no-20-my-violin\/"},"author":{"name":"Joseph Barbier","@id":"https:\/\/www.viaromana.org\/blog\/#\/schema\/person\/6e3914366051dad316156e63d1d1f8bd"},"headline":"No. 20: Mon violon","datePublished":"2021-01-25T15:24:11+00:00","dateModified":"2021-01-25T15:24:11+00:00","mainEntityOfPage":{"@id":"https:\/\/www.viaromana.org\/blog\/no-20-my-violin\/"},"wordCount":1514,"publisher":{"@id":"https:\/\/www.viaromana.org\/blog\/#organization"},"articleSection":["Journal de l'art"],"inLanguage":"fr-FR"},{"@type":"WebPage","@id":"https:\/\/www.viaromana.org\/blog\/no-20-my-violin\/","url":"https:\/\/www.viaromana.org\/blog\/no-20-my-violin\/","name":"No. 20: Mon violon - Viaromana et arch\u00e9ologie.","isPartOf":{"@id":"https:\/\/www.viaromana.org\/blog\/#website"},"datePublished":"2021-01-25T15:24:11+00:00","dateModified":"2021-01-25T15:24:11+00:00","description":"No. 20: Mon violon article de Viaromana et arch\u00e9ologie.","breadcrumb":{"@id":"https:\/\/www.viaromana.org\/blog\/no-20-my-violin\/#breadcrumb"},"inLanguage":"fr-FR","potentialAction":[{"@type":"ReadAction","target":["https:\/\/www.viaromana.org\/blog\/no-20-my-violin\/"]}]},{"@type":"BreadcrumbList","@id":"https:\/\/www.viaromana.org\/blog\/no-20-my-violin\/#breadcrumb","itemListElement":[{"@type":"ListItem","position":1,"name":"Accueil","item":"https:\/\/www.viaromana.org\/blog\/"},{"@type":"ListItem","position":2,"name":"No. 20: Mon violon"}]},{"@type":"WebSite","@id":"https:\/\/www.viaromana.org\/blog\/#website","url":"https:\/\/www.viaromana.org\/blog\/","name":"Viaromana et arch\u00e9ologie.","description":"Site arch\u00e9ologique de la voie romaine (viaromana) Belgique-France-Rome","publisher":{"@id":"https:\/\/www.viaromana.org\/blog\/#organization"},"potentialAction":[{"@type":"SearchAction","target":{"@type":"EntryPoint","urlTemplate":"https:\/\/www.viaromana.org\/blog\/?s={search_term_string}"},"query-input":"required name=search_term_string"}],"inLanguage":"fr-FR"},{"@type":"Organization","@id":"https:\/\/www.viaromana.org\/blog\/#organization","name":"viaromana","url":"https:\/\/www.viaromana.org\/blog\/","logo":{"@type":"ImageObject","inLanguage":"fr-FR","@id":"https:\/\/www.viaromana.org\/blog\/#\/schema\/logo\/image\/","url":"https:\/\/www.viaromana.org\/blog\/wp-content\/uploads\/2021\/12\/logo-3.png","contentUrl":"https:\/\/www.viaromana.org\/blog\/wp-content\/uploads\/2021\/12\/logo-3.png","width":300,"height":249,"caption":"viaromana"},"image":{"@id":"https:\/\/www.viaromana.org\/blog\/#\/schema\/logo\/image\/"}},{"@type":"Person","@id":"https:\/\/www.viaromana.org\/blog\/#\/schema\/person\/6e3914366051dad316156e63d1d1f8bd","name":"Joseph Barbier","image":{"@type":"ImageObject","inLanguage":"fr-FR","@id":"https:\/\/www.viaromana.org\/blog\/#\/schema\/person\/image\/","url":"https:\/\/secure.gravatar.com\/avatar\/9845d0288498aa146fbce51fa517303f?s=96&d=mm&r=g","contentUrl":"https:\/\/secure.gravatar.com\/avatar\/9845d0288498aa146fbce51fa517303f?s=96&d=mm&r=g","caption":"Joseph Barbier"},"url":"https:\/\/www.viaromana.org\/blog\/author\/anajoseph\/"}]}},"_links":{"self":[{"href":"https:\/\/www.viaromana.org\/blog\/wp-json\/wp\/v2\/posts\/97"}],"collection":[{"href":"https:\/\/www.viaromana.org\/blog\/wp-json\/wp\/v2\/posts"}],"about":[{"href":"https:\/\/www.viaromana.org\/blog\/wp-json\/wp\/v2\/types\/post"}],"author":[{"embeddable":true,"href":"https:\/\/www.viaromana.org\/blog\/wp-json\/wp\/v2\/users\/2"}],"replies":[{"embeddable":true,"href":"https:\/\/www.viaromana.org\/blog\/wp-json\/wp\/v2\/comments?post=97"}],"version-history":[{"count":0,"href":"https:\/\/www.viaromana.org\/blog\/wp-json\/wp\/v2\/posts\/97\/revisions"}],"wp:featuredmedia":[{"embeddable":true,"href":"https:\/\/www.viaromana.org\/blog\/wp-json\/wp\/v2\/media\/99"}],"wp:attachment":[{"href":"https:\/\/www.viaromana.org\/blog\/wp-json\/wp\/v2\/media?parent=97"}],"wp:term":[{"taxonomy":"category","embeddable":true,"href":"https:\/\/www.viaromana.org\/blog\/wp-json\/wp\/v2\/categories?post=97"},{"taxonomy":"post_tag","embeddable":true,"href":"https:\/\/www.viaromana.org\/blog\/wp-json\/wp\/v2\/tags?post=97"}],"curies":[{"name":"wp","href":"https:\/\/api.w.org\/{rel}","templated":true}]}}