{"id":968,"date":"2022-06-10T02:00:01","date_gmt":"2022-06-10T00:00:01","guid":{"rendered":"https:\/\/www.site.cdcl.xyz\/2022\/06\/10\/article-tout-frais-exposition-ceramique-collective-chacun-sa-graine\/"},"modified":"2022-06-10T02:00:01","modified_gmt":"2022-06-10T00:00:01","slug":"article-tout-frais-exposition-ceramique-collective-chacun-sa-graine","status":"publish","type":"post","link":"https:\/\/www.viaromana.org\/blog\/article-tout-frais-exposition-ceramique-collective-chacun-sa-graine\/","title":{"rendered":"Article tout frais : Exposition c\u00e9ramique collective \u00abChacun sa graine\u00bb"},"content":{"rendered":"<p>Cet \u00e9ditorial, dont la th\u00e9matique est \u00ab&nbsp;l\u2019arch\u00e9ologie&nbsp;\u00bb, vient d\u2019\u00eatre rep\u00e9r\u00e9 sur internet, notre \u00e9quipe est heureuse de vous en proposer le contenu principal ici.<\/p>\n<p>Son titre (Exposition c\u00e9ramique collective \u00abChacun sa graine\u00bb) en dit long.<\/p>\n<p> Pr\u00e9sent\u00e9 sous le nom \u00abnodule\u00bb, le journaliste est positivement connu pour d\u2019autres \u00e9ditoriaux qu\u2019il a publi\u00e9s sur le web.<\/p>\n<p>Vous pouvez prendre connaissance de ces r\u00e9v\u00e9lations en toute confiance.<\/p>\n<p>L\u2019article d\u2019origine en question : <\/p>\n<p>Exposition par l\u2019association D\u2019Argiles, c\u00e9ramistes en Rh\u00f4ne-Alpes, dans le cadre des Journ\u00e9es Nationales de la C\u00e9ramique.<\/p>\n<p> Exposition c\u00e9ramique collective \u00abChacun sa graine\u00bb<\/p>\n<p>Vous aimerez aussi:<\/p>\n<p>Problemes d\u2019archeologie developpementale en afrique.,<a target=\"_blank\" rel=\"nofollow\" href=\"https:\/\/www.viaromana.org\/blog\/goto\/https:\/\/www.epagine.fr\/ebook\/9782140005398-problemes-d-archeologie-developpementale-en-afrique-alain-marliac\/\"  target=\"_blank\" rel=\"noopener noreferrer nofollow\">(Disponible) <\/a><span><\/span>.<\/p>\n<p>Manuel d\u2019arch\u00e9ologie grecque.,<a target=\"_blank\" rel=\"nofollow\" href=\"https:\/\/www.viaromana.org\/blog\/goto\/https:\/\/www.epagine.fr\/ebook\/9782346076642-manuel-d-archeologie-grecque-maxime-collignon\/\"  target=\"_blank\" rel=\"noopener noreferrer nofollow\">A voir et \u00e0 lire. <\/a><span><\/span>.<\/p>\n<p>Sur les pas de Rams\u00e8s.,<a target=\"_blank\" rel=\"nofollow\" href=\"https:\/\/www.viaromana.org\/blog\/goto\/https:\/\/booknode.com\/sur_les_pas_de_ramses_0116106\"  target=\"_blank\" rel=\"noopener noreferrer nofollow\">Le livre <\/a><span><\/span>.<\/p>\n<p>M\u00e9galithes de Vend\u00e9e (1) : L\u00e9gendes et arch\u00e9ologie.,<a target=\"_blank\" rel=\"nofollow\" href=\"https:\/\/www.viaromana.org\/blog\/goto\/https:\/\/www.epagine.fr\/ebook\/9782402019859-megalithes-de-vendee-1-legendes-et-archeologie-jean-loic-le-quellec-bertrand-poissonnier\/\"  target=\"_blank\" rel=\"noopener noreferrer nofollow\">Le livre <\/a><span><\/span>. Disponible dans toutes les bonnes librairies.<\/p>\n","protected":false},"excerpt":{"rendered":"<p>Cet \u00e9ditorial, dont la th\u00e9matique est \u00ab&nbsp;l\u2019arch\u00e9ologie&nbsp;\u00bb, vient d\u2019\u00eatre rep\u00e9r\u00e9 sur internet, notre \u00e9quipe est heureuse de vous en proposer le contenu principal ici. Son titre (Exposition c\u00e9ramique collective \u00abChacun sa graine\u00bb) en dit long. Pr\u00e9sent\u00e9 sous le nom \u00abnodule\u00bb, le journaliste est positivement connu pour d\u2019autres \u00e9ditoriaux qu\u2019il a publi\u00e9s sur le web. Vous pouvez prendre connaissance de ces r\u00e9v\u00e9lations en toute confiance. L\u2019article d\u2019origine en question : Exposition par l\u2019association D\u2019Argiles, c\u00e9ramistes en Rh\u00f4ne-Alpes, dans le cadre des Journ\u00e9es Nationales de la C\u00e9ramique. Exposition c\u00e9ramique collective \u00abChacun sa graine\u00bb Vous aimerez aussi: Problemes d\u2019archeologie developpementale en afrique.,(Disponible) .\u2026<\/p>\n","protected":false},"author":1,"featured_media":969,"comment_status":"closed","ping_status":"closed","sticky":false,"template":"","format":"standard","meta":{"footnotes":""},"categories":[2],"tags":[],"blocksy_meta":{"styles_descriptor":{"styles":{"desktop":"","tablet":"","mobile":""},"google_fonts":[],"version":4}},"yoast_head":"<!-- This site is optimized with the Yoast SEO plugin v21.1 - https:\/\/yoast.com\/wordpress\/plugins\/seo\/ -->\n<title>Article tout frais : Exposition c\u00e9ramique collective \u00abChacun sa graine\u00bb - Viaromana et arch\u00e9ologie.<\/title>\n<meta name=\"description\" content=\"Article tout frais : Exposition c\u00e9ramique collective \u00abChacun sa graine\u00bb article de Viaromana et arch\u00e9ologie.\" \/>\n<meta name=\"robots\" content=\"index, follow, max-snippet:-1, max-image-preview:large, max-video-preview:-1\" \/>\n<link rel=\"canonical\" href=\"https:\/\/www.viaromana.org\/blog\/article-tout-frais-exposition-ceramique-collective-chacun-sa-graine\/\" \/>\n<meta property=\"og:locale\" content=\"fr_FR\" \/>\n<meta property=\"og:type\" content=\"article\" \/>\n<meta property=\"og:title\" content=\"Article tout frais : Exposition c\u00e9ramique collective \u00abChacun sa graine\u00bb - Viaromana et arch\u00e9ologie.\" \/>\n<meta property=\"og:description\" content=\"Article tout frais : Exposition c\u00e9ramique collective \u00abChacun sa graine\u00bb article de Viaromana et arch\u00e9ologie.\" \/>\n<meta property=\"og:url\" content=\"https:\/\/www.viaromana.org\/blog\/article-tout-frais-exposition-ceramique-collective-chacun-sa-graine\/\" \/>\n<meta property=\"og:site_name\" content=\"Viaromana et arch\u00e9ologie.\" \/>\n<meta property=\"article:published_time\" content=\"2022-06-10T00:00:01+00:00\" \/>\n<meta property=\"og:image\" content=\"https:\/\/www.viaromana.org\/blog\/wp-content\/uploads\/2022\/06\/unnamed-file-46.jpg\" \/>\n\t<meta property=\"og:image:width\" content=\"1200\" \/>\n\t<meta property=\"og:image:height\" content=\"1131\" \/>\n\t<meta property=\"og:image:type\" content=\"image\/jpeg\" \/>\n<meta name=\"author\" content=\"Robert\" \/>\n<meta name=\"twitter:card\" content=\"summary_large_image\" \/>\n<meta name=\"twitter:label1\" content=\"\u00c9crit par\" \/>\n\t<meta name=\"twitter:data1\" content=\"Robert\" \/>\n\t<meta name=\"twitter:label2\" content=\"Dur\u00e9e de lecture estim\u00e9e\" \/>\n\t<meta name=\"twitter:data2\" content=\"1 minute\" \/>\n<script type=\"application\/ld+json\" class=\"yoast-schema-graph\">{\"@context\":\"https:\/\/schema.org\",\"@graph\":[{\"@type\":\"Article\",\"@id\":\"https:\/\/www.viaromana.org\/blog\/article-tout-frais-exposition-ceramique-collective-chacun-sa-graine\/#article\",\"isPartOf\":{\"@id\":\"https:\/\/www.viaromana.org\/blog\/article-tout-frais-exposition-ceramique-collective-chacun-sa-graine\/\"},\"author\":{\"name\":\"Robert\",\"@id\":\"https:\/\/www.viaromana.org\/blog\/#\/schema\/person\/cde9c4655845091e1fe473fcd163c889\"},\"headline\":\"Article tout frais : Exposition c\u00e9ramique collective \u00abChacun sa graine\u00bb\",\"datePublished\":\"2022-06-10T00:00:01+00:00\",\"dateModified\":\"2022-06-10T00:00:01+00:00\",\"mainEntityOfPage\":{\"@id\":\"https:\/\/www.viaromana.org\/blog\/article-tout-frais-exposition-ceramique-collective-chacun-sa-graine\/\"},\"wordCount\":168,\"publisher\":{\"@id\":\"https:\/\/www.viaromana.org\/blog\/#organization\"},\"articleSection\":[\"Arch\u00e9ologie\"],\"inLanguage\":\"fr-FR\"},{\"@type\":\"WebPage\",\"@id\":\"https:\/\/www.viaromana.org\/blog\/article-tout-frais-exposition-ceramique-collective-chacun-sa-graine\/\",\"url\":\"https:\/\/www.viaromana.org\/blog\/article-tout-frais-exposition-ceramique-collective-chacun-sa-graine\/\",\"name\":\"Article tout frais : Exposition c\u00e9ramique collective \u00abChacun sa graine\u00bb - Viaromana et arch\u00e9ologie.\",\"isPartOf\":{\"@id\":\"https:\/\/www.viaromana.org\/blog\/#website\"},\"datePublished\":\"2022-06-10T00:00:01+00:00\",\"dateModified\":\"2022-06-10T00:00:01+00:00\",\"description\":\"Article tout frais : Exposition c\u00e9ramique collective \u00abChacun sa graine\u00bb article de Viaromana et arch\u00e9ologie.\",\"breadcrumb\":{\"@id\":\"https:\/\/www.viaromana.org\/blog\/article-tout-frais-exposition-ceramique-collective-chacun-sa-graine\/#breadcrumb\"},\"inLanguage\":\"fr-FR\",\"potentialAction\":[{\"@type\":\"ReadAction\",\"target\":[\"https:\/\/www.viaromana.org\/blog\/article-tout-frais-exposition-ceramique-collective-chacun-sa-graine\/\"]}]},{\"@type\":\"BreadcrumbList\",\"@id\":\"https:\/\/www.viaromana.org\/blog\/article-tout-frais-exposition-ceramique-collective-chacun-sa-graine\/#breadcrumb\",\"itemListElement\":[{\"@type\":\"ListItem\",\"position\":1,\"name\":\"Accueil\",\"item\":\"https:\/\/www.viaromana.org\/blog\/\"},{\"@type\":\"ListItem\",\"position\":2,\"name\":\"Article tout frais : Exposition c\u00e9ramique collective \u00abChacun sa graine\u00bb\"}]},{\"@type\":\"WebSite\",\"@id\":\"https:\/\/www.viaromana.org\/blog\/#website\",\"url\":\"https:\/\/www.viaromana.org\/blog\/\",\"name\":\"Viaromana et arch\u00e9ologie.\",\"description\":\"Site arch\u00e9ologique de la voie romaine (viaromana) Belgique-France-Rome\",\"publisher\":{\"@id\":\"https:\/\/www.viaromana.org\/blog\/#organization\"},\"potentialAction\":[{\"@type\":\"SearchAction\",\"target\":{\"@type\":\"EntryPoint\",\"urlTemplate\":\"https:\/\/www.viaromana.org\/blog\/?s={search_term_string}\"},\"query-input\":\"required name=search_term_string\"}],\"inLanguage\":\"fr-FR\"},{\"@type\":\"Organization\",\"@id\":\"https:\/\/www.viaromana.org\/blog\/#organization\",\"name\":\"viaromana\",\"url\":\"https:\/\/www.viaromana.org\/blog\/\",\"logo\":{\"@type\":\"ImageObject\",\"inLanguage\":\"fr-FR\",\"@id\":\"https:\/\/www.viaromana.org\/blog\/#\/schema\/logo\/image\/\",\"url\":\"https:\/\/www.viaromana.org\/blog\/wp-content\/uploads\/2021\/12\/logo-3.png\",\"contentUrl\":\"https:\/\/www.viaromana.org\/blog\/wp-content\/uploads\/2021\/12\/logo-3.png\",\"width\":300,\"height\":249,\"caption\":\"viaromana\"},\"image\":{\"@id\":\"https:\/\/www.viaromana.org\/blog\/#\/schema\/logo\/image\/\"}},{\"@type\":\"Person\",\"@id\":\"https:\/\/www.viaromana.org\/blog\/#\/schema\/person\/cde9c4655845091e1fe473fcd163c889\",\"name\":\"Robert\",\"image\":{\"@type\":\"ImageObject\",\"inLanguage\":\"fr-FR\",\"@id\":\"https:\/\/www.viaromana.org\/blog\/#\/schema\/person\/image\/\",\"url\":\"https:\/\/secure.gravatar.com\/avatar\/a168ec191013b636c2f278aec04e724b?s=96&d=mm&r=g\",\"contentUrl\":\"https:\/\/secure.gravatar.com\/avatar\/a168ec191013b636c2f278aec04e724b?s=96&d=mm&r=g\",\"caption\":\"Robert\"},\"sameAs\":[\"https:\/\/www.viaromana.org\/blog\"],\"url\":\"https:\/\/www.viaromana.org\/blog\/author\/anaadmin\/\"}]}<\/script>\n<!-- \/ Yoast SEO plugin. -->","yoast_head_json":{"title":"Article tout frais : Exposition c\u00e9ramique collective \u00abChacun sa graine\u00bb - Viaromana et arch\u00e9ologie.","description":"Article tout frais : Exposition c\u00e9ramique collective \u00abChacun sa graine\u00bb article de Viaromana et arch\u00e9ologie.","robots":{"index":"index","follow":"follow","max-snippet":"max-snippet:-1","max-image-preview":"max-image-preview:large","max-video-preview":"max-video-preview:-1"},"canonical":"https:\/\/www.viaromana.org\/blog\/article-tout-frais-exposition-ceramique-collective-chacun-sa-graine\/","og_locale":"fr_FR","og_type":"article","og_title":"Article tout frais : Exposition c\u00e9ramique collective \u00abChacun sa graine\u00bb - Viaromana et arch\u00e9ologie.","og_description":"Article tout frais : Exposition c\u00e9ramique collective \u00abChacun sa graine\u00bb article de Viaromana et arch\u00e9ologie.","og_url":"https:\/\/www.viaromana.org\/blog\/article-tout-frais-exposition-ceramique-collective-chacun-sa-graine\/","og_site_name":"Viaromana et arch\u00e9ologie.","article_published_time":"2022-06-10T00:00:01+00:00","og_image":[{"width":1200,"height":1131,"url":"https:\/\/www.viaromana.org\/blog\/wp-content\/uploads\/2022\/06\/unnamed-file-46.jpg","type":"image\/jpeg"}],"author":"Robert","twitter_card":"summary_large_image","twitter_misc":{"\u00c9crit par":"Robert","Dur\u00e9e de lecture estim\u00e9e":"1 minute"},"schema":{"@context":"https:\/\/schema.org","@graph":[{"@type":"Article","@id":"https:\/\/www.viaromana.org\/blog\/article-tout-frais-exposition-ceramique-collective-chacun-sa-graine\/#article","isPartOf":{"@id":"https:\/\/www.viaromana.org\/blog\/article-tout-frais-exposition-ceramique-collective-chacun-sa-graine\/"},"author":{"name":"Robert","@id":"https:\/\/www.viaromana.org\/blog\/#\/schema\/person\/cde9c4655845091e1fe473fcd163c889"},"headline":"Article tout frais : Exposition c\u00e9ramique collective \u00abChacun sa graine\u00bb","datePublished":"2022-06-10T00:00:01+00:00","dateModified":"2022-06-10T00:00:01+00:00","mainEntityOfPage":{"@id":"https:\/\/www.viaromana.org\/blog\/article-tout-frais-exposition-ceramique-collective-chacun-sa-graine\/"},"wordCount":168,"publisher":{"@id":"https:\/\/www.viaromana.org\/blog\/#organization"},"articleSection":["Arch\u00e9ologie"],"inLanguage":"fr-FR"},{"@type":"WebPage","@id":"https:\/\/www.viaromana.org\/blog\/article-tout-frais-exposition-ceramique-collective-chacun-sa-graine\/","url":"https:\/\/www.viaromana.org\/blog\/article-tout-frais-exposition-ceramique-collective-chacun-sa-graine\/","name":"Article tout frais : Exposition c\u00e9ramique collective \u00abChacun sa graine\u00bb - Viaromana et arch\u00e9ologie.","isPartOf":{"@id":"https:\/\/www.viaromana.org\/blog\/#website"},"datePublished":"2022-06-10T00:00:01+00:00","dateModified":"2022-06-10T00:00:01+00:00","description":"Article tout frais : Exposition c\u00e9ramique collective \u00abChacun sa graine\u00bb article de Viaromana et arch\u00e9ologie.","breadcrumb":{"@id":"https:\/\/www.viaromana.org\/blog\/article-tout-frais-exposition-ceramique-collective-chacun-sa-graine\/#breadcrumb"},"inLanguage":"fr-FR","potentialAction":[{"@type":"ReadAction","target":["https:\/\/www.viaromana.org\/blog\/article-tout-frais-exposition-ceramique-collective-chacun-sa-graine\/"]}]},{"@type":"BreadcrumbList","@id":"https:\/\/www.viaromana.org\/blog\/article-tout-frais-exposition-ceramique-collective-chacun-sa-graine\/#breadcrumb","itemListElement":[{"@type":"ListItem","position":1,"name":"Accueil","item":"https:\/\/www.viaromana.org\/blog\/"},{"@type":"ListItem","position":2,"name":"Article tout frais : Exposition c\u00e9ramique collective \u00abChacun sa graine\u00bb"}]},{"@type":"WebSite","@id":"https:\/\/www.viaromana.org\/blog\/#website","url":"https:\/\/www.viaromana.org\/blog\/","name":"Viaromana et arch\u00e9ologie.","description":"Site arch\u00e9ologique de la voie romaine (viaromana) Belgique-France-Rome","publisher":{"@id":"https:\/\/www.viaromana.org\/blog\/#organization"},"potentialAction":[{"@type":"SearchAction","target":{"@type":"EntryPoint","urlTemplate":"https:\/\/www.viaromana.org\/blog\/?s={search_term_string}"},"query-input":"required name=search_term_string"}],"inLanguage":"fr-FR"},{"@type":"Organization","@id":"https:\/\/www.viaromana.org\/blog\/#organization","name":"viaromana","url":"https:\/\/www.viaromana.org\/blog\/","logo":{"@type":"ImageObject","inLanguage":"fr-FR","@id":"https:\/\/www.viaromana.org\/blog\/#\/schema\/logo\/image\/","url":"https:\/\/www.viaromana.org\/blog\/wp-content\/uploads\/2021\/12\/logo-3.png","contentUrl":"https:\/\/www.viaromana.org\/blog\/wp-content\/uploads\/2021\/12\/logo-3.png","width":300,"height":249,"caption":"viaromana"},"image":{"@id":"https:\/\/www.viaromana.org\/blog\/#\/schema\/logo\/image\/"}},{"@type":"Person","@id":"https:\/\/www.viaromana.org\/blog\/#\/schema\/person\/cde9c4655845091e1fe473fcd163c889","name":"Robert","image":{"@type":"ImageObject","inLanguage":"fr-FR","@id":"https:\/\/www.viaromana.org\/blog\/#\/schema\/person\/image\/","url":"https:\/\/secure.gravatar.com\/avatar\/a168ec191013b636c2f278aec04e724b?s=96&d=mm&r=g","contentUrl":"https:\/\/secure.gravatar.com\/avatar\/a168ec191013b636c2f278aec04e724b?s=96&d=mm&r=g","caption":"Robert"},"sameAs":["https:\/\/www.viaromana.org\/blog"],"url":"https:\/\/www.viaromana.org\/blog\/author\/anaadmin\/"}]}},"_links":{"self":[{"href":"https:\/\/www.viaromana.org\/blog\/wp-json\/wp\/v2\/posts\/968"}],"collection":[{"href":"https:\/\/www.viaromana.org\/blog\/wp-json\/wp\/v2\/posts"}],"about":[{"href":"https:\/\/www.viaromana.org\/blog\/wp-json\/wp\/v2\/types\/post"}],"author":[{"embeddable":true,"href":"https:\/\/www.viaromana.org\/blog\/wp-json\/wp\/v2\/users\/1"}],"replies":[{"embeddable":true,"href":"https:\/\/www.viaromana.org\/blog\/wp-json\/wp\/v2\/comments?post=968"}],"version-history":[{"count":0,"href":"https:\/\/www.viaromana.org\/blog\/wp-json\/wp\/v2\/posts\/968\/revisions"}],"wp:featuredmedia":[{"embeddable":true,"href":"https:\/\/www.viaromana.org\/blog\/wp-json\/wp\/v2\/media\/969"}],"wp:attachment":[{"href":"https:\/\/www.viaromana.org\/blog\/wp-json\/wp\/v2\/media?parent=968"}],"wp:term":[{"taxonomy":"category","embeddable":true,"href":"https:\/\/www.viaromana.org\/blog\/wp-json\/wp\/v2\/categories?post=968"},{"taxonomy":"post_tag","embeddable":true,"href":"https:\/\/www.viaromana.org\/blog\/wp-json\/wp\/v2\/tags?post=968"}],"curies":[{"name":"wp","href":"https:\/\/api.w.org\/{rel}","templated":true}]}}