{"id":964,"date":"2022-06-10T12:44:10","date_gmt":"2022-06-10T10:44:10","guid":{"rendered":"https:\/\/www.site.cdcl.xyz\/2022\/06\/10\/derniere-actualite-pour-les-passionnes-journees-europeennes-de-larcheologie-visite-burdigala-et-le-palais-gallien\/"},"modified":"2022-06-10T12:44:10","modified_gmt":"2022-06-10T10:44:10","slug":"derniere-actualite-pour-les-passionnes-journees-europeennes-de-larcheologie-visite-burdigala-et-le-palais-gallien","status":"publish","type":"post","link":"https:\/\/www.viaromana.org\/blog\/derniere-actualite-pour-les-passionnes-journees-europeennes-de-larcheologie-visite-burdigala-et-le-palais-gallien\/","title":{"rendered":"Derni\u00e8re actualit\u00e9 pour les passionn\u00e9s : Journ\u00e9es europ\u00e9ennes de l\u2019arch\u00e9ologie | Visite Burdigala et le Palais Gallien"},"content":{"rendered":"<p>En parcourant internet nous avons rep\u00e9r\u00e9 un post qui risque de vous interpeller. Sa th\u00e9matique est \u00ab&nbsp;l\u2019arch\u00e9ologie&nbsp;\u00bb.<\/p>\n<p>Son titre s\u00e9duisant (Journ\u00e9es europ\u00e9ennes de l\u2019arch\u00e9ologie | Visite Burdigala et le Palais Gallien) en dit long.<\/p>\n<p>L\u2019\u00e9ditorialiste (identifi\u00e9 sous le nom Mus\u00e9e d\u2019Aquitaine) est connu et fiable.<\/p>\n<p>Le post peut donc \u00eatre pris au s\u00e9rieux.<\/p>\n<div>\n<p>Retour au temps des gladiateurs et de Burdigala avec une visite qui vous conduit des&nbsp;collections du mus\u00e9e aux vestiges de cet amphith\u00e9\u00e2tre antique.<\/p>\n<p>L\u2019arch\u00e9ologie urbaine de ces derni\u00e8res ann\u00e9es a permis de mieux conna\u00eetre ce grand centre urbain qu\u2019\u00e9tait Bordeaux durant l\u2019Antiquit\u00e9, et notamment l\u2019un de ses monuments embl\u00e9matiques encore visible : le Palais-Gallien.&nbsp;<br \/>&nbsp;<\/p>\n<p>Vendredi 17 juin, \u00e0 15 h : COMPLET<\/p>\n<p>Samedi 18 juin, <strong>\u00e0 11 h<\/strong> et <strong>\u00e0 15 h<\/strong><\/p>\n<p><em>D\u00e9part du mus\u00e9e d\u2019Aquitaine<\/em><\/p>\n<\/div>\n<p>Bibliographie :<\/p>\n<p>Prisonniers du temps.,<a target=\"_blank\" rel=\"nofollow\" href=\"https:\/\/www.viaromana.org\/blog\/goto\/https:\/\/booknode.com\/prisonniers_du_temps_010651\"  target=\"_blank\" rel=\"noopener noreferrer nofollow\">Le livre <\/a><span><\/span>.<\/p>\n<p>M\u00e9langes d\u2019Histoire et d\u2019arch\u00e9ologie agenaises.,<a target=\"_blank\" rel=\"nofollow\" href=\"https:\/\/www.viaromana.org\/blog\/goto\/https:\/\/www.epagine.fr\/ebook\/9782307005971-melanges-d-histoire-et-d-archeologie-agenaises-jean-r-marboutin\/\"  target=\"_blank\" rel=\"noopener noreferrer nofollow\">(la couverture) <\/a><span><\/span>. Disponible Sur AMAZON.<\/p>\n<p>Une histoire des repr\u00e9sentations mentales ; contribution \u00e0 une arch\u00e9ologie de la soci\u00e9t\u00e9 de la connaissance.,<a target=\"_blank\" rel=\"nofollow\" href=\"https:\/\/www.viaromana.org\/blog\/goto\/https:\/\/www.epagine.fr\/ebook\/9782296175846-une-histoire-des-representations-mentales-contribution-a-une-archeologie-de-la-societe-de-la-connaissance-claude-meyer\/\"  target=\"_blank\" rel=\"noopener noreferrer nofollow\">A voir et \u00e0 lire. <\/a><span><\/span>.<\/p>\n<p>M\u00e9moires de la Soci\u00e9t\u00e9 d\u2019Histoire et d\u2019Arch\u00e9ologie de Bretagne.,<a target=\"_blank\" rel=\"nofollow\" href=\"https:\/\/www.viaromana.org\/blog\/goto\/https:\/\/www.epagine.fr\/ebook\/9782402591447-memoires-de-la-societe-d-histoire-et-d-archeologie-de-bretagne-raison\/\"  target=\"_blank\" rel=\"noopener noreferrer nofollow\">livre de r\u00e9f\u00e9rence <\/a><span><\/span>.<\/p>\n","protected":false},"excerpt":{"rendered":"<p>En parcourant internet nous avons rep\u00e9r\u00e9 un post qui risque de vous interpeller. Sa th\u00e9matique est \u00ab&nbsp;l\u2019arch\u00e9ologie&nbsp;\u00bb. Son titre s\u00e9duisant (Journ\u00e9es europ\u00e9ennes de l\u2019arch\u00e9ologie | Visite Burdigala et le Palais Gallien) en dit long. L\u2019\u00e9ditorialiste (identifi\u00e9 sous le nom Mus\u00e9e d\u2019Aquitaine) est connu et fiable. Le post peut donc \u00eatre pris au s\u00e9rieux. Retour au temps des gladiateurs et de Burdigala avec une visite qui vous conduit des&nbsp;collections du mus\u00e9e aux vestiges de cet amphith\u00e9\u00e2tre antique. L\u2019arch\u00e9ologie urbaine de ces derni\u00e8res ann\u00e9es a permis de mieux conna\u00eetre ce grand centre urbain qu\u2019\u00e9tait Bordeaux durant l\u2019Antiquit\u00e9, et notamment l\u2019un de ses\u2026<\/p>\n","protected":false},"author":1,"featured_media":965,"comment_status":"closed","ping_status":"closed","sticky":false,"template":"","format":"standard","meta":{"footnotes":""},"categories":[2],"tags":[],"blocksy_meta":{"styles_descriptor":{"styles":{"desktop":"","tablet":"","mobile":""},"google_fonts":[],"version":4}},"yoast_head":"<!-- This site is optimized with the Yoast SEO plugin v21.1 - https:\/\/yoast.com\/wordpress\/plugins\/seo\/ -->\n<title>Derni\u00e8re actualit\u00e9 pour les passionn\u00e9s : Journ\u00e9es europ\u00e9ennes de l\u2019arch\u00e9ologie | Visite Burdigala et le Palais Gallien - Viaromana et arch\u00e9ologie.<\/title>\n<meta name=\"description\" content=\"Derni\u00e8re actualit\u00e9 pour les passionn\u00e9s : Journ\u00e9es europ\u00e9ennes de l\u2019arch\u00e9ologie | Visite Burdigala et le Palais Gallien article de Viaromana et arch\u00e9ologie.\" \/>\n<meta name=\"robots\" content=\"index, follow, max-snippet:-1, max-image-preview:large, max-video-preview:-1\" \/>\n<link rel=\"canonical\" href=\"https:\/\/www.viaromana.org\/blog\/derniere-actualite-pour-les-passionnes-journees-europeennes-de-larcheologie-visite-burdigala-et-le-palais-gallien\/\" \/>\n<meta property=\"og:locale\" content=\"fr_FR\" \/>\n<meta property=\"og:type\" content=\"article\" \/>\n<meta property=\"og:title\" content=\"Derni\u00e8re actualit\u00e9 pour les passionn\u00e9s : Journ\u00e9es europ\u00e9ennes de l\u2019arch\u00e9ologie | Visite Burdigala et le Palais Gallien - Viaromana et arch\u00e9ologie.\" \/>\n<meta property=\"og:description\" content=\"Derni\u00e8re actualit\u00e9 pour les passionn\u00e9s : Journ\u00e9es europ\u00e9ennes de l\u2019arch\u00e9ologie | Visite Burdigala et le Palais Gallien article de Viaromana et arch\u00e9ologie.\" \/>\n<meta property=\"og:url\" content=\"https:\/\/www.viaromana.org\/blog\/derniere-actualite-pour-les-passionnes-journees-europeennes-de-larcheologie-visite-burdigala-et-le-palais-gallien\/\" \/>\n<meta property=\"og:site_name\" content=\"Viaromana et arch\u00e9ologie.\" \/>\n<meta property=\"article:published_time\" content=\"2022-06-10T10:44:10+00:00\" \/>\n<meta property=\"og:image\" content=\"https:\/\/www.viaromana.org\/blog\/wp-content\/uploads\/2022\/06\/arch-ologie-6.jpg\" \/>\n\t<meta property=\"og:image:width\" content=\"640\" \/>\n\t<meta property=\"og:image:height\" content=\"640\" \/>\n\t<meta property=\"og:image:type\" content=\"image\/jpeg\" \/>\n<meta name=\"author\" content=\"Robert\" \/>\n<meta name=\"twitter:card\" content=\"summary_large_image\" \/>\n<meta name=\"twitter:label1\" content=\"\u00c9crit par\" \/>\n\t<meta name=\"twitter:data1\" content=\"Robert\" \/>\n\t<meta name=\"twitter:label2\" content=\"Dur\u00e9e de lecture estim\u00e9e\" \/>\n\t<meta name=\"twitter:data2\" content=\"1 minute\" \/>\n<script type=\"application\/ld+json\" class=\"yoast-schema-graph\">{\"@context\":\"https:\/\/schema.org\",\"@graph\":[{\"@type\":\"Article\",\"@id\":\"https:\/\/www.viaromana.org\/blog\/derniere-actualite-pour-les-passionnes-journees-europeennes-de-larcheologie-visite-burdigala-et-le-palais-gallien\/#article\",\"isPartOf\":{\"@id\":\"https:\/\/www.viaromana.org\/blog\/derniere-actualite-pour-les-passionnes-journees-europeennes-de-larcheologie-visite-burdigala-et-le-palais-gallien\/\"},\"author\":{\"name\":\"Robert\",\"@id\":\"https:\/\/www.viaromana.org\/blog\/#\/schema\/person\/cde9c4655845091e1fe473fcd163c889\"},\"headline\":\"Derni\u00e8re actualit\u00e9 pour les passionn\u00e9s : Journ\u00e9es europ\u00e9ennes de l\u2019arch\u00e9ologie | Visite Burdigala et le Palais Gallien\",\"datePublished\":\"2022-06-10T10:44:10+00:00\",\"dateModified\":\"2022-06-10T10:44:10+00:00\",\"mainEntityOfPage\":{\"@id\":\"https:\/\/www.viaromana.org\/blog\/derniere-actualite-pour-les-passionnes-journees-europeennes-de-larcheologie-visite-burdigala-et-le-palais-gallien\/\"},\"wordCount\":232,\"publisher\":{\"@id\":\"https:\/\/www.viaromana.org\/blog\/#organization\"},\"articleSection\":[\"Arch\u00e9ologie\"],\"inLanguage\":\"fr-FR\"},{\"@type\":\"WebPage\",\"@id\":\"https:\/\/www.viaromana.org\/blog\/derniere-actualite-pour-les-passionnes-journees-europeennes-de-larcheologie-visite-burdigala-et-le-palais-gallien\/\",\"url\":\"https:\/\/www.viaromana.org\/blog\/derniere-actualite-pour-les-passionnes-journees-europeennes-de-larcheologie-visite-burdigala-et-le-palais-gallien\/\",\"name\":\"Derni\u00e8re actualit\u00e9 pour les passionn\u00e9s : Journ\u00e9es europ\u00e9ennes de l\u2019arch\u00e9ologie | Visite Burdigala et le Palais Gallien - Viaromana et arch\u00e9ologie.\",\"isPartOf\":{\"@id\":\"https:\/\/www.viaromana.org\/blog\/#website\"},\"datePublished\":\"2022-06-10T10:44:10+00:00\",\"dateModified\":\"2022-06-10T10:44:10+00:00\",\"description\":\"Derni\u00e8re actualit\u00e9 pour les passionn\u00e9s : Journ\u00e9es europ\u00e9ennes de l\u2019arch\u00e9ologie | Visite Burdigala et le Palais Gallien article de Viaromana et arch\u00e9ologie.\",\"breadcrumb\":{\"@id\":\"https:\/\/www.viaromana.org\/blog\/derniere-actualite-pour-les-passionnes-journees-europeennes-de-larcheologie-visite-burdigala-et-le-palais-gallien\/#breadcrumb\"},\"inLanguage\":\"fr-FR\",\"potentialAction\":[{\"@type\":\"ReadAction\",\"target\":[\"https:\/\/www.viaromana.org\/blog\/derniere-actualite-pour-les-passionnes-journees-europeennes-de-larcheologie-visite-burdigala-et-le-palais-gallien\/\"]}]},{\"@type\":\"BreadcrumbList\",\"@id\":\"https:\/\/www.viaromana.org\/blog\/derniere-actualite-pour-les-passionnes-journees-europeennes-de-larcheologie-visite-burdigala-et-le-palais-gallien\/#breadcrumb\",\"itemListElement\":[{\"@type\":\"ListItem\",\"position\":1,\"name\":\"Accueil\",\"item\":\"https:\/\/www.viaromana.org\/blog\/\"},{\"@type\":\"ListItem\",\"position\":2,\"name\":\"Derni\u00e8re actualit\u00e9 pour les passionn\u00e9s : Journ\u00e9es europ\u00e9ennes de l\u2019arch\u00e9ologie | Visite Burdigala et le Palais Gallien\"}]},{\"@type\":\"WebSite\",\"@id\":\"https:\/\/www.viaromana.org\/blog\/#website\",\"url\":\"https:\/\/www.viaromana.org\/blog\/\",\"name\":\"Viaromana et arch\u00e9ologie.\",\"description\":\"Site arch\u00e9ologique de la voie romaine (viaromana) Belgique-France-Rome\",\"publisher\":{\"@id\":\"https:\/\/www.viaromana.org\/blog\/#organization\"},\"potentialAction\":[{\"@type\":\"SearchAction\",\"target\":{\"@type\":\"EntryPoint\",\"urlTemplate\":\"https:\/\/www.viaromana.org\/blog\/?s={search_term_string}\"},\"query-input\":\"required name=search_term_string\"}],\"inLanguage\":\"fr-FR\"},{\"@type\":\"Organization\",\"@id\":\"https:\/\/www.viaromana.org\/blog\/#organization\",\"name\":\"viaromana\",\"url\":\"https:\/\/www.viaromana.org\/blog\/\",\"logo\":{\"@type\":\"ImageObject\",\"inLanguage\":\"fr-FR\",\"@id\":\"https:\/\/www.viaromana.org\/blog\/#\/schema\/logo\/image\/\",\"url\":\"https:\/\/www.viaromana.org\/blog\/wp-content\/uploads\/2021\/12\/logo-3.png\",\"contentUrl\":\"https:\/\/www.viaromana.org\/blog\/wp-content\/uploads\/2021\/12\/logo-3.png\",\"width\":300,\"height\":249,\"caption\":\"viaromana\"},\"image\":{\"@id\":\"https:\/\/www.viaromana.org\/blog\/#\/schema\/logo\/image\/\"}},{\"@type\":\"Person\",\"@id\":\"https:\/\/www.viaromana.org\/blog\/#\/schema\/person\/cde9c4655845091e1fe473fcd163c889\",\"name\":\"Robert\",\"image\":{\"@type\":\"ImageObject\",\"inLanguage\":\"fr-FR\",\"@id\":\"https:\/\/www.viaromana.org\/blog\/#\/schema\/person\/image\/\",\"url\":\"https:\/\/secure.gravatar.com\/avatar\/a168ec191013b636c2f278aec04e724b?s=96&d=mm&r=g\",\"contentUrl\":\"https:\/\/secure.gravatar.com\/avatar\/a168ec191013b636c2f278aec04e724b?s=96&d=mm&r=g\",\"caption\":\"Robert\"},\"sameAs\":[\"https:\/\/www.viaromana.org\/blog\"],\"url\":\"https:\/\/www.viaromana.org\/blog\/author\/anaadmin\/\"}]}<\/script>\n<!-- \/ Yoast SEO plugin. -->","yoast_head_json":{"title":"Derni\u00e8re actualit\u00e9 pour les passionn\u00e9s : Journ\u00e9es europ\u00e9ennes de l\u2019arch\u00e9ologie | Visite Burdigala et le Palais Gallien - Viaromana et arch\u00e9ologie.","description":"Derni\u00e8re actualit\u00e9 pour les passionn\u00e9s : Journ\u00e9es europ\u00e9ennes de l\u2019arch\u00e9ologie | Visite Burdigala et le Palais Gallien article de Viaromana et arch\u00e9ologie.","robots":{"index":"index","follow":"follow","max-snippet":"max-snippet:-1","max-image-preview":"max-image-preview:large","max-video-preview":"max-video-preview:-1"},"canonical":"https:\/\/www.viaromana.org\/blog\/derniere-actualite-pour-les-passionnes-journees-europeennes-de-larcheologie-visite-burdigala-et-le-palais-gallien\/","og_locale":"fr_FR","og_type":"article","og_title":"Derni\u00e8re actualit\u00e9 pour les passionn\u00e9s : Journ\u00e9es europ\u00e9ennes de l\u2019arch\u00e9ologie | Visite Burdigala et le Palais Gallien - Viaromana et arch\u00e9ologie.","og_description":"Derni\u00e8re actualit\u00e9 pour les passionn\u00e9s : Journ\u00e9es europ\u00e9ennes de l\u2019arch\u00e9ologie | Visite Burdigala et le Palais Gallien article de Viaromana et arch\u00e9ologie.","og_url":"https:\/\/www.viaromana.org\/blog\/derniere-actualite-pour-les-passionnes-journees-europeennes-de-larcheologie-visite-burdigala-et-le-palais-gallien\/","og_site_name":"Viaromana et arch\u00e9ologie.","article_published_time":"2022-06-10T10:44:10+00:00","og_image":[{"width":640,"height":640,"url":"https:\/\/www.viaromana.org\/blog\/wp-content\/uploads\/2022\/06\/arch-ologie-6.jpg","type":"image\/jpeg"}],"author":"Robert","twitter_card":"summary_large_image","twitter_misc":{"\u00c9crit par":"Robert","Dur\u00e9e de lecture estim\u00e9e":"1 minute"},"schema":{"@context":"https:\/\/schema.org","@graph":[{"@type":"Article","@id":"https:\/\/www.viaromana.org\/blog\/derniere-actualite-pour-les-passionnes-journees-europeennes-de-larcheologie-visite-burdigala-et-le-palais-gallien\/#article","isPartOf":{"@id":"https:\/\/www.viaromana.org\/blog\/derniere-actualite-pour-les-passionnes-journees-europeennes-de-larcheologie-visite-burdigala-et-le-palais-gallien\/"},"author":{"name":"Robert","@id":"https:\/\/www.viaromana.org\/blog\/#\/schema\/person\/cde9c4655845091e1fe473fcd163c889"},"headline":"Derni\u00e8re actualit\u00e9 pour les passionn\u00e9s : Journ\u00e9es europ\u00e9ennes de l\u2019arch\u00e9ologie | Visite Burdigala et le Palais Gallien","datePublished":"2022-06-10T10:44:10+00:00","dateModified":"2022-06-10T10:44:10+00:00","mainEntityOfPage":{"@id":"https:\/\/www.viaromana.org\/blog\/derniere-actualite-pour-les-passionnes-journees-europeennes-de-larcheologie-visite-burdigala-et-le-palais-gallien\/"},"wordCount":232,"publisher":{"@id":"https:\/\/www.viaromana.org\/blog\/#organization"},"articleSection":["Arch\u00e9ologie"],"inLanguage":"fr-FR"},{"@type":"WebPage","@id":"https:\/\/www.viaromana.org\/blog\/derniere-actualite-pour-les-passionnes-journees-europeennes-de-larcheologie-visite-burdigala-et-le-palais-gallien\/","url":"https:\/\/www.viaromana.org\/blog\/derniere-actualite-pour-les-passionnes-journees-europeennes-de-larcheologie-visite-burdigala-et-le-palais-gallien\/","name":"Derni\u00e8re actualit\u00e9 pour les passionn\u00e9s : Journ\u00e9es europ\u00e9ennes de l\u2019arch\u00e9ologie | Visite Burdigala et le Palais Gallien - Viaromana et arch\u00e9ologie.","isPartOf":{"@id":"https:\/\/www.viaromana.org\/blog\/#website"},"datePublished":"2022-06-10T10:44:10+00:00","dateModified":"2022-06-10T10:44:10+00:00","description":"Derni\u00e8re actualit\u00e9 pour les passionn\u00e9s : Journ\u00e9es europ\u00e9ennes de l\u2019arch\u00e9ologie | Visite Burdigala et le Palais Gallien article de Viaromana et arch\u00e9ologie.","breadcrumb":{"@id":"https:\/\/www.viaromana.org\/blog\/derniere-actualite-pour-les-passionnes-journees-europeennes-de-larcheologie-visite-burdigala-et-le-palais-gallien\/#breadcrumb"},"inLanguage":"fr-FR","potentialAction":[{"@type":"ReadAction","target":["https:\/\/www.viaromana.org\/blog\/derniere-actualite-pour-les-passionnes-journees-europeennes-de-larcheologie-visite-burdigala-et-le-palais-gallien\/"]}]},{"@type":"BreadcrumbList","@id":"https:\/\/www.viaromana.org\/blog\/derniere-actualite-pour-les-passionnes-journees-europeennes-de-larcheologie-visite-burdigala-et-le-palais-gallien\/#breadcrumb","itemListElement":[{"@type":"ListItem","position":1,"name":"Accueil","item":"https:\/\/www.viaromana.org\/blog\/"},{"@type":"ListItem","position":2,"name":"Derni\u00e8re actualit\u00e9 pour les passionn\u00e9s : Journ\u00e9es europ\u00e9ennes de l\u2019arch\u00e9ologie | Visite Burdigala et le Palais Gallien"}]},{"@type":"WebSite","@id":"https:\/\/www.viaromana.org\/blog\/#website","url":"https:\/\/www.viaromana.org\/blog\/","name":"Viaromana et arch\u00e9ologie.","description":"Site arch\u00e9ologique de la voie romaine (viaromana) Belgique-France-Rome","publisher":{"@id":"https:\/\/www.viaromana.org\/blog\/#organization"},"potentialAction":[{"@type":"SearchAction","target":{"@type":"EntryPoint","urlTemplate":"https:\/\/www.viaromana.org\/blog\/?s={search_term_string}"},"query-input":"required name=search_term_string"}],"inLanguage":"fr-FR"},{"@type":"Organization","@id":"https:\/\/www.viaromana.org\/blog\/#organization","name":"viaromana","url":"https:\/\/www.viaromana.org\/blog\/","logo":{"@type":"ImageObject","inLanguage":"fr-FR","@id":"https:\/\/www.viaromana.org\/blog\/#\/schema\/logo\/image\/","url":"https:\/\/www.viaromana.org\/blog\/wp-content\/uploads\/2021\/12\/logo-3.png","contentUrl":"https:\/\/www.viaromana.org\/blog\/wp-content\/uploads\/2021\/12\/logo-3.png","width":300,"height":249,"caption":"viaromana"},"image":{"@id":"https:\/\/www.viaromana.org\/blog\/#\/schema\/logo\/image\/"}},{"@type":"Person","@id":"https:\/\/www.viaromana.org\/blog\/#\/schema\/person\/cde9c4655845091e1fe473fcd163c889","name":"Robert","image":{"@type":"ImageObject","inLanguage":"fr-FR","@id":"https:\/\/www.viaromana.org\/blog\/#\/schema\/person\/image\/","url":"https:\/\/secure.gravatar.com\/avatar\/a168ec191013b636c2f278aec04e724b?s=96&d=mm&r=g","contentUrl":"https:\/\/secure.gravatar.com\/avatar\/a168ec191013b636c2f278aec04e724b?s=96&d=mm&r=g","caption":"Robert"},"sameAs":["https:\/\/www.viaromana.org\/blog"],"url":"https:\/\/www.viaromana.org\/blog\/author\/anaadmin\/"}]}},"_links":{"self":[{"href":"https:\/\/www.viaromana.org\/blog\/wp-json\/wp\/v2\/posts\/964"}],"collection":[{"href":"https:\/\/www.viaromana.org\/blog\/wp-json\/wp\/v2\/posts"}],"about":[{"href":"https:\/\/www.viaromana.org\/blog\/wp-json\/wp\/v2\/types\/post"}],"author":[{"embeddable":true,"href":"https:\/\/www.viaromana.org\/blog\/wp-json\/wp\/v2\/users\/1"}],"replies":[{"embeddable":true,"href":"https:\/\/www.viaromana.org\/blog\/wp-json\/wp\/v2\/comments?post=964"}],"version-history":[{"count":0,"href":"https:\/\/www.viaromana.org\/blog\/wp-json\/wp\/v2\/posts\/964\/revisions"}],"wp:featuredmedia":[{"embeddable":true,"href":"https:\/\/www.viaromana.org\/blog\/wp-json\/wp\/v2\/media\/965"}],"wp:attachment":[{"href":"https:\/\/www.viaromana.org\/blog\/wp-json\/wp\/v2\/media?parent=964"}],"wp:term":[{"taxonomy":"category","embeddable":true,"href":"https:\/\/www.viaromana.org\/blog\/wp-json\/wp\/v2\/categories?post=964"},{"taxonomy":"post_tag","embeddable":true,"href":"https:\/\/www.viaromana.org\/blog\/wp-json\/wp\/v2\/tags?post=964"}],"curies":[{"name":"wp","href":"https:\/\/api.w.org\/{rel}","templated":true}]}}