{"id":958,"date":"2022-06-09T12:34:17","date_gmt":"2022-06-09T10:34:17","guid":{"rendered":"https:\/\/www.site.cdcl.xyz\/2022\/06\/09\/a-retenir-cette-parution-manga-12-16-ans-musee-des-antiquites\/"},"modified":"2022-06-09T12:34:17","modified_gmt":"2022-06-09T10:34:17","slug":"a-retenir-cette-parution-manga-12-16-ans-musee-des-antiquites","status":"publish","type":"post","link":"https:\/\/www.viaromana.org\/blog\/a-retenir-cette-parution-manga-12-16-ans-musee-des-antiquites\/","title":{"rendered":"A retenir cette parution : Manga ! (12-16 ans) | Mus\u00e9e des Antiquit\u00e9s"},"content":{"rendered":"<p>En consultant internet j\u2019ai vu un papier qui risque de vous plaire. Son sujet est \u00ab&nbsp;l\u2019arch\u00e9ologie&nbsp;\u00bb.<\/p>\n<p>Son titre suggestif (Manga ! (12-16 ans) | Mus\u00e9e des Antiquit\u00e9s) en dit long.<\/p>\n<p> Identifi\u00e9 sous la signature \u00abLes Mus\u00e9es de Rouen\u00bb, le r\u00e9dacteur est positivement connu.<\/p>\n<p>L\u2019\u00e9ditorial a \u00e9t\u00e9 \u00e9dit\u00e9 \u00e0 une date indiqu\u00e9e 2022-07-16 02:00:00.<\/p>\n<div>\n<article class=\"node node-evenement\">\n<p> <span class=\"field-dates\"><br \/><span class=\"date-display-single\">Samedi 16 Juillet 2022<\/span>\t<\/span> <br \/>14h <\/p>\n<div class=\"field-contenu\">\n<h2>Atelier enfants<\/h2>\n<p><span class=\"field-label\">Tarif :<\/span> 8 \u20ac<\/p>\n<p><span class=\"field-label\">Dur\u00e9e :<\/span> 2h<\/p>\n<div class=\"field field-name-field-infos field-type-text-long field-label-hidden\">\n<div class=\"field-items\">\n<div class=\"field-item even\">\n<p>D\u00e9couvre la culture japonaise et notamment l\u2019art du manga avec&nbsp; l\u2019artiste sp\u00e9cialis\u00e9 Vincent Graf. Vous aurez deux heures pour vous initier au dessin manga sur le th\u00e8me des chevaliers ! \u00c0 vos crayons.&nbsp;&nbsp;&nbsp;<\/p>\n<p><em>Nombre de places limit\u00e9, r\u00e9servation et renseignements au 02 35 71 41 50 ou publics2@musees-rouen-normandie.fr<\/em><\/p>\n<\/div>\n<\/div>\n<\/div>\n<\/div>\n<\/article>\n<\/div>\n<p>Parutions:<\/p>\n<p>Raoul Taffin tombe \u00e0 l\u2019eau.,<a target=\"_blank\" rel=\"nofollow\" href=\"https:\/\/www.viaromana.org\/blog\/goto\/https:\/\/booknode.com\/raoul_taffin_tombe_a_leau_01616544\"  target=\"_blank\" rel=\"noopener noreferrer nofollow\">A voir et \u00e0 lire. <\/a><span><\/span>. Disponible sur internet.<\/p>\n<p>On a retrouv\u00e9 l\u2019histoire de France.,<a target=\"_blank\" rel=\"nofollow\" href=\"https:\/\/www.viaromana.org\/blog\/goto\/https:\/\/www.kobo.com\/de\/fr\/ebook\/on-a-retrouve-l-histoire-de-france\"  target=\"_blank\" rel=\"noopener noreferrer nofollow\">Le livre <\/a><span><\/span>. Disponible dans toutes les bonnes librairies.<\/p>\n<p>Regency, tome 2 : Le Secret du Nil.,<a target=\"_blank\" rel=\"nofollow\" href=\"https:\/\/www.viaromana.org\/blog\/goto\/https:\/\/booknode.com\/regency_tome_2_le_secret_du_nil_061686\"  target=\"_blank\" rel=\"noopener noreferrer nofollow\">Clicker Ici <\/a><span><\/span>. Disponible dans toutes les bonnes biblioth\u00e8ques de votre d\u00e9partement.<\/p>\n<p>Mines et pouvoir au Moyen \u00c2ge.,<a target=\"_blank\" rel=\"nofollow\" href=\"https:\/\/www.viaromana.org\/blog\/goto\/https:\/\/www.kobo.com\/de\/fr\/ebook\/mines-et-pouvoir-au-moyen-age\"  target=\"_blank\" rel=\"noopener noreferrer nofollow\">(Disponible) <\/a><span><\/span>. Disponible chez votre libraire.<\/p>\n","protected":false},"excerpt":{"rendered":"<p>En consultant internet j\u2019ai vu un papier qui risque de vous plaire. Son sujet est \u00ab&nbsp;l\u2019arch\u00e9ologie&nbsp;\u00bb. Son titre suggestif (Manga ! (12-16 ans) | Mus\u00e9e des Antiquit\u00e9s) en dit long. Identifi\u00e9 sous la signature \u00abLes Mus\u00e9es de Rouen\u00bb, le r\u00e9dacteur est positivement connu. L\u2019\u00e9ditorial a \u00e9t\u00e9 \u00e9dit\u00e9 \u00e0 une date indiqu\u00e9e 2022-07-16 02:00:00. Samedi 16 Juillet 2022 14h Atelier enfants Tarif : 8 \u20ac Dur\u00e9e : 2h D\u00e9couvre la culture japonaise et notamment l\u2019art du manga avec&nbsp; l\u2019artiste sp\u00e9cialis\u00e9 Vincent Graf. Vous aurez deux heures pour vous initier au dessin manga sur le th\u00e8me des chevaliers ! \u00c0 vos crayons.&nbsp;&nbsp;&nbsp;\u2026<\/p>\n","protected":false},"author":1,"featured_media":959,"comment_status":"closed","ping_status":"closed","sticky":false,"template":"","format":"standard","meta":{"footnotes":""},"categories":[2],"tags":[],"blocksy_meta":{"styles_descriptor":{"styles":{"desktop":"","tablet":"","mobile":""},"google_fonts":[],"version":4}},"yoast_head":"<!-- This site is optimized with the Yoast SEO plugin v21.1 - https:\/\/yoast.com\/wordpress\/plugins\/seo\/ -->\n<title>A retenir cette parution : Manga ! (12-16 ans) | Mus\u00e9e des Antiquit\u00e9s - Viaromana et arch\u00e9ologie.<\/title>\n<meta name=\"description\" content=\"A retenir cette parution : Manga ! (12-16 ans) | Mus\u00e9e des Antiquit\u00e9s article de Viaromana et arch\u00e9ologie.\" \/>\n<meta name=\"robots\" content=\"index, follow, max-snippet:-1, max-image-preview:large, max-video-preview:-1\" \/>\n<link rel=\"canonical\" href=\"https:\/\/www.viaromana.org\/blog\/a-retenir-cette-parution-manga-12-16-ans-musee-des-antiquites\/\" \/>\n<meta property=\"og:locale\" content=\"fr_FR\" \/>\n<meta property=\"og:type\" content=\"article\" \/>\n<meta property=\"og:title\" content=\"A retenir cette parution : Manga ! (12-16 ans) | Mus\u00e9e des Antiquit\u00e9s - Viaromana et arch\u00e9ologie.\" \/>\n<meta property=\"og:description\" content=\"A retenir cette parution : Manga ! (12-16 ans) | Mus\u00e9e des Antiquit\u00e9s article de Viaromana et arch\u00e9ologie.\" \/>\n<meta property=\"og:url\" content=\"https:\/\/www.viaromana.org\/blog\/a-retenir-cette-parution-manga-12-16-ans-musee-des-antiquites\/\" \/>\n<meta property=\"og:site_name\" content=\"Viaromana et arch\u00e9ologie.\" \/>\n<meta property=\"article:published_time\" content=\"2022-06-09T10:34:17+00:00\" \/>\n<meta property=\"og:image\" content=\"https:\/\/www.viaromana.org\/blog\/wp-content\/uploads\/2022\/06\/unnamed-file-44.jpg\" \/>\n\t<meta property=\"og:image:width\" content=\"474\" \/>\n\t<meta property=\"og:image:height\" content=\"567\" \/>\n\t<meta property=\"og:image:type\" content=\"image\/jpeg\" \/>\n<meta name=\"author\" content=\"Robert\" \/>\n<meta name=\"twitter:card\" content=\"summary_large_image\" \/>\n<meta name=\"twitter:label1\" content=\"\u00c9crit par\" \/>\n\t<meta name=\"twitter:data1\" content=\"Robert\" \/>\n\t<meta name=\"twitter:label2\" content=\"Dur\u00e9e de lecture estim\u00e9e\" \/>\n\t<meta name=\"twitter:data2\" content=\"1 minute\" \/>\n<script type=\"application\/ld+json\" class=\"yoast-schema-graph\">{\"@context\":\"https:\/\/schema.org\",\"@graph\":[{\"@type\":\"Article\",\"@id\":\"https:\/\/www.viaromana.org\/blog\/a-retenir-cette-parution-manga-12-16-ans-musee-des-antiquites\/#article\",\"isPartOf\":{\"@id\":\"https:\/\/www.viaromana.org\/blog\/a-retenir-cette-parution-manga-12-16-ans-musee-des-antiquites\/\"},\"author\":{\"name\":\"Robert\",\"@id\":\"https:\/\/www.viaromana.org\/blog\/#\/schema\/person\/cde9c4655845091e1fe473fcd163c889\"},\"headline\":\"A retenir cette parution : Manga ! (12-16 ans) | Mus\u00e9e des Antiquit\u00e9s\",\"datePublished\":\"2022-06-09T10:34:17+00:00\",\"dateModified\":\"2022-06-09T10:34:17+00:00\",\"mainEntityOfPage\":{\"@id\":\"https:\/\/www.viaromana.org\/blog\/a-retenir-cette-parution-manga-12-16-ans-musee-des-antiquites\/\"},\"wordCount\":193,\"publisher\":{\"@id\":\"https:\/\/www.viaromana.org\/blog\/#organization\"},\"articleSection\":[\"Arch\u00e9ologie\"],\"inLanguage\":\"fr-FR\"},{\"@type\":\"WebPage\",\"@id\":\"https:\/\/www.viaromana.org\/blog\/a-retenir-cette-parution-manga-12-16-ans-musee-des-antiquites\/\",\"url\":\"https:\/\/www.viaromana.org\/blog\/a-retenir-cette-parution-manga-12-16-ans-musee-des-antiquites\/\",\"name\":\"A retenir cette parution : Manga ! (12-16 ans) | Mus\u00e9e des Antiquit\u00e9s - Viaromana et arch\u00e9ologie.\",\"isPartOf\":{\"@id\":\"https:\/\/www.viaromana.org\/blog\/#website\"},\"datePublished\":\"2022-06-09T10:34:17+00:00\",\"dateModified\":\"2022-06-09T10:34:17+00:00\",\"description\":\"A retenir cette parution : Manga ! (12-16 ans) | Mus\u00e9e des Antiquit\u00e9s article de Viaromana et arch\u00e9ologie.\",\"breadcrumb\":{\"@id\":\"https:\/\/www.viaromana.org\/blog\/a-retenir-cette-parution-manga-12-16-ans-musee-des-antiquites\/#breadcrumb\"},\"inLanguage\":\"fr-FR\",\"potentialAction\":[{\"@type\":\"ReadAction\",\"target\":[\"https:\/\/www.viaromana.org\/blog\/a-retenir-cette-parution-manga-12-16-ans-musee-des-antiquites\/\"]}]},{\"@type\":\"BreadcrumbList\",\"@id\":\"https:\/\/www.viaromana.org\/blog\/a-retenir-cette-parution-manga-12-16-ans-musee-des-antiquites\/#breadcrumb\",\"itemListElement\":[{\"@type\":\"ListItem\",\"position\":1,\"name\":\"Accueil\",\"item\":\"https:\/\/www.viaromana.org\/blog\/\"},{\"@type\":\"ListItem\",\"position\":2,\"name\":\"A retenir cette parution : Manga ! (12-16 ans) | Mus\u00e9e des Antiquit\u00e9s\"}]},{\"@type\":\"WebSite\",\"@id\":\"https:\/\/www.viaromana.org\/blog\/#website\",\"url\":\"https:\/\/www.viaromana.org\/blog\/\",\"name\":\"Viaromana et arch\u00e9ologie.\",\"description\":\"Site arch\u00e9ologique de la voie romaine (viaromana) Belgique-France-Rome\",\"publisher\":{\"@id\":\"https:\/\/www.viaromana.org\/blog\/#organization\"},\"potentialAction\":[{\"@type\":\"SearchAction\",\"target\":{\"@type\":\"EntryPoint\",\"urlTemplate\":\"https:\/\/www.viaromana.org\/blog\/?s={search_term_string}\"},\"query-input\":\"required name=search_term_string\"}],\"inLanguage\":\"fr-FR\"},{\"@type\":\"Organization\",\"@id\":\"https:\/\/www.viaromana.org\/blog\/#organization\",\"name\":\"viaromana\",\"url\":\"https:\/\/www.viaromana.org\/blog\/\",\"logo\":{\"@type\":\"ImageObject\",\"inLanguage\":\"fr-FR\",\"@id\":\"https:\/\/www.viaromana.org\/blog\/#\/schema\/logo\/image\/\",\"url\":\"https:\/\/www.viaromana.org\/blog\/wp-content\/uploads\/2021\/12\/logo-3.png\",\"contentUrl\":\"https:\/\/www.viaromana.org\/blog\/wp-content\/uploads\/2021\/12\/logo-3.png\",\"width\":300,\"height\":249,\"caption\":\"viaromana\"},\"image\":{\"@id\":\"https:\/\/www.viaromana.org\/blog\/#\/schema\/logo\/image\/\"}},{\"@type\":\"Person\",\"@id\":\"https:\/\/www.viaromana.org\/blog\/#\/schema\/person\/cde9c4655845091e1fe473fcd163c889\",\"name\":\"Robert\",\"image\":{\"@type\":\"ImageObject\",\"inLanguage\":\"fr-FR\",\"@id\":\"https:\/\/www.viaromana.org\/blog\/#\/schema\/person\/image\/\",\"url\":\"https:\/\/secure.gravatar.com\/avatar\/a168ec191013b636c2f278aec04e724b?s=96&d=mm&r=g\",\"contentUrl\":\"https:\/\/secure.gravatar.com\/avatar\/a168ec191013b636c2f278aec04e724b?s=96&d=mm&r=g\",\"caption\":\"Robert\"},\"sameAs\":[\"https:\/\/www.viaromana.org\/blog\"],\"url\":\"https:\/\/www.viaromana.org\/blog\/author\/anaadmin\/\"}]}<\/script>\n<!-- \/ Yoast SEO plugin. -->","yoast_head_json":{"title":"A retenir cette parution : Manga ! (12-16 ans) | Mus\u00e9e des Antiquit\u00e9s - Viaromana et arch\u00e9ologie.","description":"A retenir cette parution : Manga ! (12-16 ans) | Mus\u00e9e des Antiquit\u00e9s article de Viaromana et arch\u00e9ologie.","robots":{"index":"index","follow":"follow","max-snippet":"max-snippet:-1","max-image-preview":"max-image-preview:large","max-video-preview":"max-video-preview:-1"},"canonical":"https:\/\/www.viaromana.org\/blog\/a-retenir-cette-parution-manga-12-16-ans-musee-des-antiquites\/","og_locale":"fr_FR","og_type":"article","og_title":"A retenir cette parution : Manga ! (12-16 ans) | Mus\u00e9e des Antiquit\u00e9s - Viaromana et arch\u00e9ologie.","og_description":"A retenir cette parution : Manga ! (12-16 ans) | Mus\u00e9e des Antiquit\u00e9s article de Viaromana et arch\u00e9ologie.","og_url":"https:\/\/www.viaromana.org\/blog\/a-retenir-cette-parution-manga-12-16-ans-musee-des-antiquites\/","og_site_name":"Viaromana et arch\u00e9ologie.","article_published_time":"2022-06-09T10:34:17+00:00","og_image":[{"width":474,"height":567,"url":"https:\/\/www.viaromana.org\/blog\/wp-content\/uploads\/2022\/06\/unnamed-file-44.jpg","type":"image\/jpeg"}],"author":"Robert","twitter_card":"summary_large_image","twitter_misc":{"\u00c9crit par":"Robert","Dur\u00e9e de lecture estim\u00e9e":"1 minute"},"schema":{"@context":"https:\/\/schema.org","@graph":[{"@type":"Article","@id":"https:\/\/www.viaromana.org\/blog\/a-retenir-cette-parution-manga-12-16-ans-musee-des-antiquites\/#article","isPartOf":{"@id":"https:\/\/www.viaromana.org\/blog\/a-retenir-cette-parution-manga-12-16-ans-musee-des-antiquites\/"},"author":{"name":"Robert","@id":"https:\/\/www.viaromana.org\/blog\/#\/schema\/person\/cde9c4655845091e1fe473fcd163c889"},"headline":"A retenir cette parution : Manga ! (12-16 ans) | Mus\u00e9e des Antiquit\u00e9s","datePublished":"2022-06-09T10:34:17+00:00","dateModified":"2022-06-09T10:34:17+00:00","mainEntityOfPage":{"@id":"https:\/\/www.viaromana.org\/blog\/a-retenir-cette-parution-manga-12-16-ans-musee-des-antiquites\/"},"wordCount":193,"publisher":{"@id":"https:\/\/www.viaromana.org\/blog\/#organization"},"articleSection":["Arch\u00e9ologie"],"inLanguage":"fr-FR"},{"@type":"WebPage","@id":"https:\/\/www.viaromana.org\/blog\/a-retenir-cette-parution-manga-12-16-ans-musee-des-antiquites\/","url":"https:\/\/www.viaromana.org\/blog\/a-retenir-cette-parution-manga-12-16-ans-musee-des-antiquites\/","name":"A retenir cette parution : Manga ! (12-16 ans) | Mus\u00e9e des Antiquit\u00e9s - Viaromana et arch\u00e9ologie.","isPartOf":{"@id":"https:\/\/www.viaromana.org\/blog\/#website"},"datePublished":"2022-06-09T10:34:17+00:00","dateModified":"2022-06-09T10:34:17+00:00","description":"A retenir cette parution : Manga ! (12-16 ans) | Mus\u00e9e des Antiquit\u00e9s article de Viaromana et arch\u00e9ologie.","breadcrumb":{"@id":"https:\/\/www.viaromana.org\/blog\/a-retenir-cette-parution-manga-12-16-ans-musee-des-antiquites\/#breadcrumb"},"inLanguage":"fr-FR","potentialAction":[{"@type":"ReadAction","target":["https:\/\/www.viaromana.org\/blog\/a-retenir-cette-parution-manga-12-16-ans-musee-des-antiquites\/"]}]},{"@type":"BreadcrumbList","@id":"https:\/\/www.viaromana.org\/blog\/a-retenir-cette-parution-manga-12-16-ans-musee-des-antiquites\/#breadcrumb","itemListElement":[{"@type":"ListItem","position":1,"name":"Accueil","item":"https:\/\/www.viaromana.org\/blog\/"},{"@type":"ListItem","position":2,"name":"A retenir cette parution : Manga ! (12-16 ans) | Mus\u00e9e des Antiquit\u00e9s"}]},{"@type":"WebSite","@id":"https:\/\/www.viaromana.org\/blog\/#website","url":"https:\/\/www.viaromana.org\/blog\/","name":"Viaromana et arch\u00e9ologie.","description":"Site arch\u00e9ologique de la voie romaine (viaromana) Belgique-France-Rome","publisher":{"@id":"https:\/\/www.viaromana.org\/blog\/#organization"},"potentialAction":[{"@type":"SearchAction","target":{"@type":"EntryPoint","urlTemplate":"https:\/\/www.viaromana.org\/blog\/?s={search_term_string}"},"query-input":"required name=search_term_string"}],"inLanguage":"fr-FR"},{"@type":"Organization","@id":"https:\/\/www.viaromana.org\/blog\/#organization","name":"viaromana","url":"https:\/\/www.viaromana.org\/blog\/","logo":{"@type":"ImageObject","inLanguage":"fr-FR","@id":"https:\/\/www.viaromana.org\/blog\/#\/schema\/logo\/image\/","url":"https:\/\/www.viaromana.org\/blog\/wp-content\/uploads\/2021\/12\/logo-3.png","contentUrl":"https:\/\/www.viaromana.org\/blog\/wp-content\/uploads\/2021\/12\/logo-3.png","width":300,"height":249,"caption":"viaromana"},"image":{"@id":"https:\/\/www.viaromana.org\/blog\/#\/schema\/logo\/image\/"}},{"@type":"Person","@id":"https:\/\/www.viaromana.org\/blog\/#\/schema\/person\/cde9c4655845091e1fe473fcd163c889","name":"Robert","image":{"@type":"ImageObject","inLanguage":"fr-FR","@id":"https:\/\/www.viaromana.org\/blog\/#\/schema\/person\/image\/","url":"https:\/\/secure.gravatar.com\/avatar\/a168ec191013b636c2f278aec04e724b?s=96&d=mm&r=g","contentUrl":"https:\/\/secure.gravatar.com\/avatar\/a168ec191013b636c2f278aec04e724b?s=96&d=mm&r=g","caption":"Robert"},"sameAs":["https:\/\/www.viaromana.org\/blog"],"url":"https:\/\/www.viaromana.org\/blog\/author\/anaadmin\/"}]}},"_links":{"self":[{"href":"https:\/\/www.viaromana.org\/blog\/wp-json\/wp\/v2\/posts\/958"}],"collection":[{"href":"https:\/\/www.viaromana.org\/blog\/wp-json\/wp\/v2\/posts"}],"about":[{"href":"https:\/\/www.viaromana.org\/blog\/wp-json\/wp\/v2\/types\/post"}],"author":[{"embeddable":true,"href":"https:\/\/www.viaromana.org\/blog\/wp-json\/wp\/v2\/users\/1"}],"replies":[{"embeddable":true,"href":"https:\/\/www.viaromana.org\/blog\/wp-json\/wp\/v2\/comments?post=958"}],"version-history":[{"count":0,"href":"https:\/\/www.viaromana.org\/blog\/wp-json\/wp\/v2\/posts\/958\/revisions"}],"wp:featuredmedia":[{"embeddable":true,"href":"https:\/\/www.viaromana.org\/blog\/wp-json\/wp\/v2\/media\/959"}],"wp:attachment":[{"href":"https:\/\/www.viaromana.org\/blog\/wp-json\/wp\/v2\/media?parent=958"}],"wp:term":[{"taxonomy":"category","embeddable":true,"href":"https:\/\/www.viaromana.org\/blog\/wp-json\/wp\/v2\/categories?post=958"},{"taxonomy":"post_tag","embeddable":true,"href":"https:\/\/www.viaromana.org\/blog\/wp-json\/wp\/v2\/tags?post=958"}],"curies":[{"name":"wp","href":"https:\/\/api.w.org\/{rel}","templated":true}]}}