{"id":956,"date":"2022-06-09T13:44:22","date_gmt":"2022-06-09T11:44:22","guid":{"rendered":"https:\/\/www.site.cdcl.xyz\/2022\/06\/09\/article-tout-frais-la-fibule-un-drole-de-bijou-6-12-ans\/"},"modified":"2022-06-09T13:44:22","modified_gmt":"2022-06-09T11:44:22","slug":"article-tout-frais-la-fibule-un-drole-de-bijou-6-12-ans","status":"publish","type":"post","link":"https:\/\/www.viaromana.org\/blog\/article-tout-frais-la-fibule-un-drole-de-bijou-6-12-ans\/","title":{"rendered":"Article tout frais : La fibule un dr\u00f4le de bijou (6-12 ans)"},"content":{"rendered":"<p>Voici un papier que je suis heureux de signaler ici sur notre site. Le sujet est \u00ab&nbsp;l\u2019arch\u00e9ologie&nbsp;\u00bb.<br \/>Le titre (La fibule un dr\u00f4le de bijou (6-12 ans)) parle de lui-m\u00eame.<\/p>\n<p>Sachez que l\u2019\u00e9crivain (identifi\u00e9 sous la signature Les Mus\u00e9es de Rouen) est positivement connu pour plusieurs autres posts qu\u2019il a publi\u00e9s sur le web.<\/p>\n<p>La cr\u00e9dibilit\u00e9 est donc parfaite en ce qui concerne ce texte.<\/p>\n<p>Sachez que la date de publication est 2022-07-13 02:00:00.<\/p>\n<p>Voil\u00e0 lle texte en question : <\/p>\n<div>\n<article class=\"node node-evenement\">\n<p> <span class=\"field-dates\"><br \/><span class=\"date-display-single\">Mercredi 13 Juillet 2022<\/span>\t<\/span> <br \/>14h <\/p>\n<div class=\"field-contenu\">\n<h2>Atelier enfants<\/h2>\n<p><span class=\"field-label\">Tarif :<\/span> 4\u20ac<\/p>\n<p><span class=\"field-label\">Dur\u00e9e :<\/span> 1h30<\/p>\n<div class=\"field field-name-field-infos field-type-text-long field-label-hidden\">\n<div class=\"field-items\">\n<div class=\"field-item even\">\n<p>Pratique et esth\u00e9tique ce bijoux gallo-romain n\u2019aura plus de secret pour toi. Viens fabriquer ta fibule pour orner et fermer ton v\u00eatement.<\/p>\n<p><em>Nombre de places limit\u00e9, r\u00e9servation et renseignements au 02 35 71 41 50 ou publics2@musees-rouen-normandie.fr<\/em><\/p>\n<\/div>\n<\/div>\n<\/div>\n<\/div>\n<\/article>\n<\/div>\n<p>Ce th\u00e8me r\u00e9pond \u00e0 vos investigations vous appr\u00e9cierez pareillement ces livres:<\/p>\n<p>Ultime espoir.,<a target=\"_blank\" rel=\"nofollow\" href=\"https:\/\/www.viaromana.org\/blog\/goto\/https:\/\/booknode.com\/ultime_espoir_070688\"  target=\"_blank\" rel=\"noopener noreferrer nofollow\">(Disponible) <\/a><span><\/span>.<\/p>\n<p>Pour une histoire de l\u2019arch\u00e9ologie XVIIIe si\u00e8cle \u2013 1945.,<a target=\"_blank\" rel=\"nofollow\" href=\"https:\/\/www.viaromana.org\/blog\/goto\/https:\/\/www.kobo.com\/de\/fr\/ebook\/pour-une-histoire-de-l-archeologie-xviiie-siecle-1945\"  target=\"_blank\" rel=\"noopener noreferrer nofollow\">Le livre <\/a><span><\/span>. Disponible dans toutes les bonnes librairies.<\/p>\n<p>Trois pierres, c\u2019est un mur\u2026 une histoire de l\u2019arch\u00e9ologie.,<a target=\"_blank\" rel=\"nofollow\" href=\"https:\/\/www.viaromana.org\/blog\/goto\/https:\/\/www.epagine.fr\/ebook\/9782271124937-trois-pierres-c-est-un-mur-une-histoire-de-l-archeologie-eric-h-cline\/\"  target=\"_blank\" rel=\"noopener noreferrer nofollow\">Le livre <\/a><span><\/span>. Disponible dans toutes les bonnes librairies.<\/p>\n<p>Manuel d\u2019arch\u00e9ologie grecque.,<a target=\"_blank\" rel=\"nofollow\" href=\"https:\/\/www.viaromana.org\/blog\/goto\/https:\/\/www.kobo.com\/de\/fr\/ebook\/manuel-d-archeologie-grecque-2\"  target=\"_blank\" rel=\"noopener noreferrer nofollow\">Clicker Ici <\/a><span><\/span>.<\/p>\n","protected":false},"excerpt":{"rendered":"<p>Voici un papier que je suis heureux de signaler ici sur notre site. Le sujet est \u00ab&nbsp;l\u2019arch\u00e9ologie&nbsp;\u00bb.Le titre (La fibule un dr\u00f4le de bijou (6-12 ans)) parle de lui-m\u00eame. Sachez que l\u2019\u00e9crivain (identifi\u00e9 sous la signature Les Mus\u00e9es de Rouen) est positivement connu pour plusieurs autres posts qu\u2019il a publi\u00e9s sur le web. La cr\u00e9dibilit\u00e9 est donc parfaite en ce qui concerne ce texte. Sachez que la date de publication est 2022-07-13 02:00:00. Voil\u00e0 lle texte en question : Mercredi 13 Juillet 2022 14h Atelier enfants Tarif : 4\u20ac Dur\u00e9e : 1h30 Pratique et esth\u00e9tique ce bijoux gallo-romain n\u2019aura plus\u2026<\/p>\n","protected":false},"author":1,"featured_media":957,"comment_status":"closed","ping_status":"closed","sticky":false,"template":"","format":"standard","meta":{"footnotes":""},"categories":[2],"tags":[],"blocksy_meta":{"styles_descriptor":{"styles":{"desktop":"","tablet":"","mobile":""},"google_fonts":[],"version":4}},"yoast_head":"<!-- This site is optimized with the Yoast SEO plugin v21.1 - https:\/\/yoast.com\/wordpress\/plugins\/seo\/ -->\n<title>Article tout frais : La fibule un dr\u00f4le de bijou (6-12 ans) - Viaromana et arch\u00e9ologie.<\/title>\n<meta name=\"description\" content=\"Article tout frais : La fibule un dr\u00f4le de bijou (6-12 ans) article de Viaromana et arch\u00e9ologie.\" \/>\n<meta name=\"robots\" content=\"index, follow, max-snippet:-1, max-image-preview:large, max-video-preview:-1\" \/>\n<link rel=\"canonical\" href=\"https:\/\/www.viaromana.org\/blog\/article-tout-frais-la-fibule-un-drole-de-bijou-6-12-ans\/\" \/>\n<meta property=\"og:locale\" content=\"fr_FR\" \/>\n<meta property=\"og:type\" content=\"article\" \/>\n<meta property=\"og:title\" content=\"Article tout frais : La fibule un dr\u00f4le de bijou (6-12 ans) - Viaromana et arch\u00e9ologie.\" \/>\n<meta property=\"og:description\" content=\"Article tout frais : La fibule un dr\u00f4le de bijou (6-12 ans) article de Viaromana et arch\u00e9ologie.\" \/>\n<meta property=\"og:url\" content=\"https:\/\/www.viaromana.org\/blog\/article-tout-frais-la-fibule-un-drole-de-bijou-6-12-ans\/\" \/>\n<meta property=\"og:site_name\" content=\"Viaromana et arch\u00e9ologie.\" \/>\n<meta property=\"article:published_time\" content=\"2022-06-09T11:44:22+00:00\" \/>\n<meta property=\"og:image\" content=\"https:\/\/www.viaromana.org\/blog\/wp-content\/uploads\/2022\/06\/arch-ologie-5.jpg\" \/>\n\t<meta property=\"og:image:width\" content=\"640\" \/>\n\t<meta property=\"og:image:height\" content=\"640\" \/>\n\t<meta property=\"og:image:type\" content=\"image\/jpeg\" \/>\n<meta name=\"author\" content=\"Robert\" \/>\n<meta name=\"twitter:card\" content=\"summary_large_image\" \/>\n<meta name=\"twitter:label1\" content=\"\u00c9crit par\" \/>\n\t<meta name=\"twitter:data1\" content=\"Robert\" \/>\n\t<meta name=\"twitter:label2\" content=\"Dur\u00e9e de lecture estim\u00e9e\" \/>\n\t<meta name=\"twitter:data2\" content=\"1 minute\" \/>\n<script type=\"application\/ld+json\" class=\"yoast-schema-graph\">{\"@context\":\"https:\/\/schema.org\",\"@graph\":[{\"@type\":\"Article\",\"@id\":\"https:\/\/www.viaromana.org\/blog\/article-tout-frais-la-fibule-un-drole-de-bijou-6-12-ans\/#article\",\"isPartOf\":{\"@id\":\"https:\/\/www.viaromana.org\/blog\/article-tout-frais-la-fibule-un-drole-de-bijou-6-12-ans\/\"},\"author\":{\"name\":\"Robert\",\"@id\":\"https:\/\/www.viaromana.org\/blog\/#\/schema\/person\/cde9c4655845091e1fe473fcd163c889\"},\"headline\":\"Article tout frais : La fibule un dr\u00f4le de bijou (6-12 ans)\",\"datePublished\":\"2022-06-09T11:44:22+00:00\",\"dateModified\":\"2022-06-09T11:44:22+00:00\",\"mainEntityOfPage\":{\"@id\":\"https:\/\/www.viaromana.org\/blog\/article-tout-frais-la-fibule-un-drole-de-bijou-6-12-ans\/\"},\"wordCount\":210,\"publisher\":{\"@id\":\"https:\/\/www.viaromana.org\/blog\/#organization\"},\"articleSection\":[\"Arch\u00e9ologie\"],\"inLanguage\":\"fr-FR\"},{\"@type\":\"WebPage\",\"@id\":\"https:\/\/www.viaromana.org\/blog\/article-tout-frais-la-fibule-un-drole-de-bijou-6-12-ans\/\",\"url\":\"https:\/\/www.viaromana.org\/blog\/article-tout-frais-la-fibule-un-drole-de-bijou-6-12-ans\/\",\"name\":\"Article tout frais : La fibule un dr\u00f4le de bijou (6-12 ans) - Viaromana et arch\u00e9ologie.\",\"isPartOf\":{\"@id\":\"https:\/\/www.viaromana.org\/blog\/#website\"},\"datePublished\":\"2022-06-09T11:44:22+00:00\",\"dateModified\":\"2022-06-09T11:44:22+00:00\",\"description\":\"Article tout frais : La fibule un dr\u00f4le de bijou (6-12 ans) article de Viaromana et arch\u00e9ologie.\",\"breadcrumb\":{\"@id\":\"https:\/\/www.viaromana.org\/blog\/article-tout-frais-la-fibule-un-drole-de-bijou-6-12-ans\/#breadcrumb\"},\"inLanguage\":\"fr-FR\",\"potentialAction\":[{\"@type\":\"ReadAction\",\"target\":[\"https:\/\/www.viaromana.org\/blog\/article-tout-frais-la-fibule-un-drole-de-bijou-6-12-ans\/\"]}]},{\"@type\":\"BreadcrumbList\",\"@id\":\"https:\/\/www.viaromana.org\/blog\/article-tout-frais-la-fibule-un-drole-de-bijou-6-12-ans\/#breadcrumb\",\"itemListElement\":[{\"@type\":\"ListItem\",\"position\":1,\"name\":\"Accueil\",\"item\":\"https:\/\/www.viaromana.org\/blog\/\"},{\"@type\":\"ListItem\",\"position\":2,\"name\":\"Article tout frais : La fibule un dr\u00f4le de bijou (6-12 ans)\"}]},{\"@type\":\"WebSite\",\"@id\":\"https:\/\/www.viaromana.org\/blog\/#website\",\"url\":\"https:\/\/www.viaromana.org\/blog\/\",\"name\":\"Viaromana et arch\u00e9ologie.\",\"description\":\"Site arch\u00e9ologique de la voie romaine (viaromana) Belgique-France-Rome\",\"publisher\":{\"@id\":\"https:\/\/www.viaromana.org\/blog\/#organization\"},\"potentialAction\":[{\"@type\":\"SearchAction\",\"target\":{\"@type\":\"EntryPoint\",\"urlTemplate\":\"https:\/\/www.viaromana.org\/blog\/?s={search_term_string}\"},\"query-input\":\"required name=search_term_string\"}],\"inLanguage\":\"fr-FR\"},{\"@type\":\"Organization\",\"@id\":\"https:\/\/www.viaromana.org\/blog\/#organization\",\"name\":\"viaromana\",\"url\":\"https:\/\/www.viaromana.org\/blog\/\",\"logo\":{\"@type\":\"ImageObject\",\"inLanguage\":\"fr-FR\",\"@id\":\"https:\/\/www.viaromana.org\/blog\/#\/schema\/logo\/image\/\",\"url\":\"https:\/\/www.viaromana.org\/blog\/wp-content\/uploads\/2021\/12\/logo-3.png\",\"contentUrl\":\"https:\/\/www.viaromana.org\/blog\/wp-content\/uploads\/2021\/12\/logo-3.png\",\"width\":300,\"height\":249,\"caption\":\"viaromana\"},\"image\":{\"@id\":\"https:\/\/www.viaromana.org\/blog\/#\/schema\/logo\/image\/\"}},{\"@type\":\"Person\",\"@id\":\"https:\/\/www.viaromana.org\/blog\/#\/schema\/person\/cde9c4655845091e1fe473fcd163c889\",\"name\":\"Robert\",\"image\":{\"@type\":\"ImageObject\",\"inLanguage\":\"fr-FR\",\"@id\":\"https:\/\/www.viaromana.org\/blog\/#\/schema\/person\/image\/\",\"url\":\"https:\/\/secure.gravatar.com\/avatar\/a168ec191013b636c2f278aec04e724b?s=96&d=mm&r=g\",\"contentUrl\":\"https:\/\/secure.gravatar.com\/avatar\/a168ec191013b636c2f278aec04e724b?s=96&d=mm&r=g\",\"caption\":\"Robert\"},\"sameAs\":[\"https:\/\/www.viaromana.org\/blog\"],\"url\":\"https:\/\/www.viaromana.org\/blog\/author\/anaadmin\/\"}]}<\/script>\n<!-- \/ Yoast SEO plugin. -->","yoast_head_json":{"title":"Article tout frais : La fibule un dr\u00f4le de bijou (6-12 ans) - Viaromana et arch\u00e9ologie.","description":"Article tout frais : La fibule un dr\u00f4le de bijou (6-12 ans) article de Viaromana et arch\u00e9ologie.","robots":{"index":"index","follow":"follow","max-snippet":"max-snippet:-1","max-image-preview":"max-image-preview:large","max-video-preview":"max-video-preview:-1"},"canonical":"https:\/\/www.viaromana.org\/blog\/article-tout-frais-la-fibule-un-drole-de-bijou-6-12-ans\/","og_locale":"fr_FR","og_type":"article","og_title":"Article tout frais : La fibule un dr\u00f4le de bijou (6-12 ans) - Viaromana et arch\u00e9ologie.","og_description":"Article tout frais : La fibule un dr\u00f4le de bijou (6-12 ans) article de Viaromana et arch\u00e9ologie.","og_url":"https:\/\/www.viaromana.org\/blog\/article-tout-frais-la-fibule-un-drole-de-bijou-6-12-ans\/","og_site_name":"Viaromana et arch\u00e9ologie.","article_published_time":"2022-06-09T11:44:22+00:00","og_image":[{"width":640,"height":640,"url":"https:\/\/www.viaromana.org\/blog\/wp-content\/uploads\/2022\/06\/arch-ologie-5.jpg","type":"image\/jpeg"}],"author":"Robert","twitter_card":"summary_large_image","twitter_misc":{"\u00c9crit par":"Robert","Dur\u00e9e de lecture estim\u00e9e":"1 minute"},"schema":{"@context":"https:\/\/schema.org","@graph":[{"@type":"Article","@id":"https:\/\/www.viaromana.org\/blog\/article-tout-frais-la-fibule-un-drole-de-bijou-6-12-ans\/#article","isPartOf":{"@id":"https:\/\/www.viaromana.org\/blog\/article-tout-frais-la-fibule-un-drole-de-bijou-6-12-ans\/"},"author":{"name":"Robert","@id":"https:\/\/www.viaromana.org\/blog\/#\/schema\/person\/cde9c4655845091e1fe473fcd163c889"},"headline":"Article tout frais : La fibule un dr\u00f4le de bijou (6-12 ans)","datePublished":"2022-06-09T11:44:22+00:00","dateModified":"2022-06-09T11:44:22+00:00","mainEntityOfPage":{"@id":"https:\/\/www.viaromana.org\/blog\/article-tout-frais-la-fibule-un-drole-de-bijou-6-12-ans\/"},"wordCount":210,"publisher":{"@id":"https:\/\/www.viaromana.org\/blog\/#organization"},"articleSection":["Arch\u00e9ologie"],"inLanguage":"fr-FR"},{"@type":"WebPage","@id":"https:\/\/www.viaromana.org\/blog\/article-tout-frais-la-fibule-un-drole-de-bijou-6-12-ans\/","url":"https:\/\/www.viaromana.org\/blog\/article-tout-frais-la-fibule-un-drole-de-bijou-6-12-ans\/","name":"Article tout frais : La fibule un dr\u00f4le de bijou (6-12 ans) - Viaromana et arch\u00e9ologie.","isPartOf":{"@id":"https:\/\/www.viaromana.org\/blog\/#website"},"datePublished":"2022-06-09T11:44:22+00:00","dateModified":"2022-06-09T11:44:22+00:00","description":"Article tout frais : La fibule un dr\u00f4le de bijou (6-12 ans) article de Viaromana et arch\u00e9ologie.","breadcrumb":{"@id":"https:\/\/www.viaromana.org\/blog\/article-tout-frais-la-fibule-un-drole-de-bijou-6-12-ans\/#breadcrumb"},"inLanguage":"fr-FR","potentialAction":[{"@type":"ReadAction","target":["https:\/\/www.viaromana.org\/blog\/article-tout-frais-la-fibule-un-drole-de-bijou-6-12-ans\/"]}]},{"@type":"BreadcrumbList","@id":"https:\/\/www.viaromana.org\/blog\/article-tout-frais-la-fibule-un-drole-de-bijou-6-12-ans\/#breadcrumb","itemListElement":[{"@type":"ListItem","position":1,"name":"Accueil","item":"https:\/\/www.viaromana.org\/blog\/"},{"@type":"ListItem","position":2,"name":"Article tout frais : La fibule un dr\u00f4le de bijou (6-12 ans)"}]},{"@type":"WebSite","@id":"https:\/\/www.viaromana.org\/blog\/#website","url":"https:\/\/www.viaromana.org\/blog\/","name":"Viaromana et arch\u00e9ologie.","description":"Site arch\u00e9ologique de la voie romaine (viaromana) Belgique-France-Rome","publisher":{"@id":"https:\/\/www.viaromana.org\/blog\/#organization"},"potentialAction":[{"@type":"SearchAction","target":{"@type":"EntryPoint","urlTemplate":"https:\/\/www.viaromana.org\/blog\/?s={search_term_string}"},"query-input":"required name=search_term_string"}],"inLanguage":"fr-FR"},{"@type":"Organization","@id":"https:\/\/www.viaromana.org\/blog\/#organization","name":"viaromana","url":"https:\/\/www.viaromana.org\/blog\/","logo":{"@type":"ImageObject","inLanguage":"fr-FR","@id":"https:\/\/www.viaromana.org\/blog\/#\/schema\/logo\/image\/","url":"https:\/\/www.viaromana.org\/blog\/wp-content\/uploads\/2021\/12\/logo-3.png","contentUrl":"https:\/\/www.viaromana.org\/blog\/wp-content\/uploads\/2021\/12\/logo-3.png","width":300,"height":249,"caption":"viaromana"},"image":{"@id":"https:\/\/www.viaromana.org\/blog\/#\/schema\/logo\/image\/"}},{"@type":"Person","@id":"https:\/\/www.viaromana.org\/blog\/#\/schema\/person\/cde9c4655845091e1fe473fcd163c889","name":"Robert","image":{"@type":"ImageObject","inLanguage":"fr-FR","@id":"https:\/\/www.viaromana.org\/blog\/#\/schema\/person\/image\/","url":"https:\/\/secure.gravatar.com\/avatar\/a168ec191013b636c2f278aec04e724b?s=96&d=mm&r=g","contentUrl":"https:\/\/secure.gravatar.com\/avatar\/a168ec191013b636c2f278aec04e724b?s=96&d=mm&r=g","caption":"Robert"},"sameAs":["https:\/\/www.viaromana.org\/blog"],"url":"https:\/\/www.viaromana.org\/blog\/author\/anaadmin\/"}]}},"_links":{"self":[{"href":"https:\/\/www.viaromana.org\/blog\/wp-json\/wp\/v2\/posts\/956"}],"collection":[{"href":"https:\/\/www.viaromana.org\/blog\/wp-json\/wp\/v2\/posts"}],"about":[{"href":"https:\/\/www.viaromana.org\/blog\/wp-json\/wp\/v2\/types\/post"}],"author":[{"embeddable":true,"href":"https:\/\/www.viaromana.org\/blog\/wp-json\/wp\/v2\/users\/1"}],"replies":[{"embeddable":true,"href":"https:\/\/www.viaromana.org\/blog\/wp-json\/wp\/v2\/comments?post=956"}],"version-history":[{"count":0,"href":"https:\/\/www.viaromana.org\/blog\/wp-json\/wp\/v2\/posts\/956\/revisions"}],"wp:featuredmedia":[{"embeddable":true,"href":"https:\/\/www.viaromana.org\/blog\/wp-json\/wp\/v2\/media\/957"}],"wp:attachment":[{"href":"https:\/\/www.viaromana.org\/blog\/wp-json\/wp\/v2\/media?parent=956"}],"wp:term":[{"taxonomy":"category","embeddable":true,"href":"https:\/\/www.viaromana.org\/blog\/wp-json\/wp\/v2\/categories?post=956"},{"taxonomy":"post_tag","embeddable":true,"href":"https:\/\/www.viaromana.org\/blog\/wp-json\/wp\/v2\/tags?post=956"}],"curies":[{"name":"wp","href":"https:\/\/api.w.org\/{rel}","templated":true}]}}