{"id":942,"date":"2022-03-14T18:03:55","date_gmt":"2022-03-14T16:03:55","guid":{"rendered":"https:\/\/www.site.cdcl.xyz\/2022\/03\/14\/derniere-actualite-toute-fraiche-visite-bordeaux-sous-loccupation\/"},"modified":"2022-03-14T18:03:55","modified_gmt":"2022-03-14T16:03:55","slug":"derniere-actualite-toute-fraiche-visite-bordeaux-sous-loccupation","status":"publish","type":"post","link":"https:\/\/www.viaromana.org\/blog\/derniere-actualite-toute-fraiche-visite-bordeaux-sous-loccupation\/","title":{"rendered":"Derni\u00e8re actualit\u00e9 toute fraiche : Visite | Bordeaux sous l\u2019Occupation"},"content":{"rendered":"<p>Dans le cadre de notre travail de vous alerter, nous publions ci-dessous un encart de plusieurs lignes vu sur le web il y a \u00e0 peine quelques minutes. Le sujet est \u00abl\u2019arch\u00e9ologie\u00bb.<\/p>\n<p>Le titre s\u00e9duisant (Visite | Bordeaux sous l\u2019Occupation) r\u00e9sume tout l\u2019encart.<\/p>\n<p>L\u2019auteur (annonc\u00e9 sous la signature Mus\u00e9e d\u2019Aquitaine) est reconnu comme quelqu\u2019un de s\u00e9rieux pour plusieurs autres articles qu\u2019il a publi\u00e9s sur le web.<\/p>\n<p>Les informations communiqu\u00e9es sont ainsi appr\u00e9ci\u00e9es conformes.<\/p>\n<p>Texte en question : <\/p>\n<div>\n<p>Le Pont de pierre, le Grand Th\u00e9\u00e2tre, la place Pey-Berland constituent autant de lieux embl\u00e9matiques de la Seconde Guerre mondiale \u00e0 Bordeaux. D\u00e9couvrez-les dans ce parcours de visite anim\u00e9 par un m\u00e9diateur culturel du Centre national Jean Moulin.<\/p>\n<p>D\u00e9part place des Quinconces, au pied du monument des Girondins. Gratuit, sans r\u00e9servation.&nbsp;<\/p>\n<div><img decoding=\"async\" alt src=\"https:\/\/www.viaromana.org\/blog\/wp-content\/uploads\/2022\/06\/derniere-actualite-toute-fraiche-visite-bordeaux-sous-loccupation.jpg\">&nbsp;<img decoding=\"async\" alt src=\"https:\/\/www.viaromana.org\/blog\/wp-content\/uploads\/2022\/06\/derniere-actualite-toute-fraiche-visite-bordeaux-sous-loccupation-1.jpg\"><br \/><em>Collection Centre National Jean Moulin, photos P. Lacarin, reproduction L. Gauthier, mairie de Bordeaux<\/em><\/div>\n<\/div>\n<p>A lire:<\/p>\n<p>The red sea in Pharaonic times recent discoveries along the Red Sea Coast.,<a target=\"_blank\" rel=\"nofollow\" href=\"https:\/\/www.viaromana.org\/blog\/goto\/https:\/\/booknode.com\/the_red_sea_in_pharaonic_times_recent_discoveries_along_the_red_sea_coast_0946323\"  target=\"_blank\" rel=\"noopener noreferrer nofollow\">A voir et \u00e0 lire. <\/a><span><\/span>.<\/p>\n<p>Papaut\u00e9, monachisme et th\u00e9ories politiques. Volume I.,<a target=\"_blank\" rel=\"nofollow\" href=\"https:\/\/www.viaromana.org\/blog\/goto\/https:\/\/www.kobo.com\/de\/fr\/ebook\/papaute-monachisme-et-theories-politiques-volume-i\"  target=\"_blank\" rel=\"noopener noreferrer nofollow\">(Disponible) <\/a><span><\/span>.<\/p>\n<p>Pyramide.,<a target=\"_blank\" rel=\"nofollow\" href=\"https:\/\/www.viaromana.org\/blog\/goto\/https:\/\/booknode.com\/pyramide_01332845\"  target=\"_blank\" rel=\"noopener noreferrer nofollow\">Le livre <\/a><span><\/span>.<\/p>\n<p>Pour une arch\u00e9ologie agraire.,<a target=\"_blank\" rel=\"nofollow\" href=\"https:\/\/www.viaromana.org\/blog\/goto\/https:\/\/www.epagine.fr\/ebook\/9791037625014-pour-une-archeologie-agraire-collectif\/\"  target=\"_blank\" rel=\"noopener noreferrer nofollow\">A voir et \u00e0 lire. <\/a><span><\/span>.<\/p>\n","protected":false},"excerpt":{"rendered":"<p>Dans le cadre de notre travail de vous alerter, nous publions ci-dessous un encart de plusieurs lignes vu sur le web il y a \u00e0 peine quelques minutes. Le sujet est \u00abl\u2019arch\u00e9ologie\u00bb. Le titre s\u00e9duisant (Visite | Bordeaux sous l\u2019Occupation) r\u00e9sume tout l\u2019encart. L\u2019auteur (annonc\u00e9 sous la signature Mus\u00e9e d\u2019Aquitaine) est reconnu comme quelqu\u2019un de s\u00e9rieux pour plusieurs autres articles qu\u2019il a publi\u00e9s sur le web. Les informations communiqu\u00e9es sont ainsi appr\u00e9ci\u00e9es conformes. Texte en question : Le Pont de pierre, le Grand Th\u00e9\u00e2tre, la place Pey-Berland constituent autant de lieux embl\u00e9matiques de la Seconde Guerre mondiale \u00e0 Bordeaux. D\u00e9couvrez-les\u2026<\/p>\n","protected":false},"author":1,"featured_media":943,"comment_status":"closed","ping_status":"closed","sticky":false,"template":"","format":"standard","meta":{"footnotes":""},"categories":[2],"tags":[],"blocksy_meta":{"styles_descriptor":{"styles":{"desktop":"","tablet":"","mobile":""},"google_fonts":[],"version":4}},"yoast_head":"<!-- This site is optimized with the Yoast SEO plugin v21.1 - https:\/\/yoast.com\/wordpress\/plugins\/seo\/ -->\n<title>Derni\u00e8re actualit\u00e9 toute fraiche : Visite | Bordeaux sous l\u2019Occupation - Viaromana et arch\u00e9ologie.<\/title>\n<meta name=\"description\" content=\"Derni\u00e8re actualit\u00e9 toute fraiche : Visite | Bordeaux sous l\u2019Occupation article de Viaromana et arch\u00e9ologie.\" \/>\n<meta name=\"robots\" content=\"index, follow, max-snippet:-1, max-image-preview:large, max-video-preview:-1\" \/>\n<link rel=\"canonical\" href=\"https:\/\/www.viaromana.org\/blog\/derniere-actualite-toute-fraiche-visite-bordeaux-sous-loccupation\/\" \/>\n<meta property=\"og:locale\" content=\"fr_FR\" \/>\n<meta property=\"og:type\" content=\"article\" \/>\n<meta property=\"og:title\" content=\"Derni\u00e8re actualit\u00e9 toute fraiche : Visite | Bordeaux sous l\u2019Occupation - Viaromana et arch\u00e9ologie.\" \/>\n<meta property=\"og:description\" content=\"Derni\u00e8re actualit\u00e9 toute fraiche : Visite | Bordeaux sous l\u2019Occupation article de Viaromana et arch\u00e9ologie.\" \/>\n<meta property=\"og:url\" content=\"https:\/\/www.viaromana.org\/blog\/derniere-actualite-toute-fraiche-visite-bordeaux-sous-loccupation\/\" \/>\n<meta property=\"og:site_name\" content=\"Viaromana et arch\u00e9ologie.\" \/>\n<meta property=\"article:published_time\" content=\"2022-03-14T16:03:55+00:00\" \/>\n<meta property=\"og:image\" content=\"https:\/\/www.viaromana.org\/blog\/wp-content\/uploads\/2022\/06\/unnamed-file-39-scaled.jpg\" \/>\n\t<meta property=\"og:image:width\" content=\"2560\" \/>\n\t<meta property=\"og:image:height\" content=\"1548\" \/>\n\t<meta property=\"og:image:type\" content=\"image\/jpeg\" \/>\n<meta name=\"author\" content=\"Robert\" \/>\n<meta name=\"twitter:card\" content=\"summary_large_image\" \/>\n<meta name=\"twitter:label1\" content=\"\u00c9crit par\" \/>\n\t<meta name=\"twitter:data1\" content=\"Robert\" \/>\n\t<meta name=\"twitter:label2\" content=\"Dur\u00e9e de lecture estim\u00e9e\" \/>\n\t<meta name=\"twitter:data2\" content=\"1 minute\" \/>\n<script type=\"application\/ld+json\" class=\"yoast-schema-graph\">{\"@context\":\"https:\/\/schema.org\",\"@graph\":[{\"@type\":\"Article\",\"@id\":\"https:\/\/www.viaromana.org\/blog\/derniere-actualite-toute-fraiche-visite-bordeaux-sous-loccupation\/#article\",\"isPartOf\":{\"@id\":\"https:\/\/www.viaromana.org\/blog\/derniere-actualite-toute-fraiche-visite-bordeaux-sous-loccupation\/\"},\"author\":{\"name\":\"Robert\",\"@id\":\"https:\/\/www.viaromana.org\/blog\/#\/schema\/person\/cde9c4655845091e1fe473fcd163c889\"},\"headline\":\"Derni\u00e8re actualit\u00e9 toute fraiche : Visite | Bordeaux sous l\u2019Occupation\",\"datePublished\":\"2022-03-14T16:03:55+00:00\",\"dateModified\":\"2022-03-14T16:03:55+00:00\",\"mainEntityOfPage\":{\"@id\":\"https:\/\/www.viaromana.org\/blog\/derniere-actualite-toute-fraiche-visite-bordeaux-sous-loccupation\/\"},\"wordCount\":212,\"publisher\":{\"@id\":\"https:\/\/www.viaromana.org\/blog\/#organization\"},\"articleSection\":[\"Arch\u00e9ologie\"],\"inLanguage\":\"fr-FR\"},{\"@type\":\"WebPage\",\"@id\":\"https:\/\/www.viaromana.org\/blog\/derniere-actualite-toute-fraiche-visite-bordeaux-sous-loccupation\/\",\"url\":\"https:\/\/www.viaromana.org\/blog\/derniere-actualite-toute-fraiche-visite-bordeaux-sous-loccupation\/\",\"name\":\"Derni\u00e8re actualit\u00e9 toute fraiche : Visite | Bordeaux sous l\u2019Occupation - Viaromana et arch\u00e9ologie.\",\"isPartOf\":{\"@id\":\"https:\/\/www.viaromana.org\/blog\/#website\"},\"datePublished\":\"2022-03-14T16:03:55+00:00\",\"dateModified\":\"2022-03-14T16:03:55+00:00\",\"description\":\"Derni\u00e8re actualit\u00e9 toute fraiche : Visite | Bordeaux sous l\u2019Occupation article de Viaromana et arch\u00e9ologie.\",\"breadcrumb\":{\"@id\":\"https:\/\/www.viaromana.org\/blog\/derniere-actualite-toute-fraiche-visite-bordeaux-sous-loccupation\/#breadcrumb\"},\"inLanguage\":\"fr-FR\",\"potentialAction\":[{\"@type\":\"ReadAction\",\"target\":[\"https:\/\/www.viaromana.org\/blog\/derniere-actualite-toute-fraiche-visite-bordeaux-sous-loccupation\/\"]}]},{\"@type\":\"BreadcrumbList\",\"@id\":\"https:\/\/www.viaromana.org\/blog\/derniere-actualite-toute-fraiche-visite-bordeaux-sous-loccupation\/#breadcrumb\",\"itemListElement\":[{\"@type\":\"ListItem\",\"position\":1,\"name\":\"Accueil\",\"item\":\"https:\/\/www.viaromana.org\/blog\/\"},{\"@type\":\"ListItem\",\"position\":2,\"name\":\"Derni\u00e8re actualit\u00e9 toute fraiche : Visite | Bordeaux sous l\u2019Occupation\"}]},{\"@type\":\"WebSite\",\"@id\":\"https:\/\/www.viaromana.org\/blog\/#website\",\"url\":\"https:\/\/www.viaromana.org\/blog\/\",\"name\":\"Viaromana et arch\u00e9ologie.\",\"description\":\"Site arch\u00e9ologique de la voie romaine (viaromana) Belgique-France-Rome\",\"publisher\":{\"@id\":\"https:\/\/www.viaromana.org\/blog\/#organization\"},\"potentialAction\":[{\"@type\":\"SearchAction\",\"target\":{\"@type\":\"EntryPoint\",\"urlTemplate\":\"https:\/\/www.viaromana.org\/blog\/?s={search_term_string}\"},\"query-input\":\"required name=search_term_string\"}],\"inLanguage\":\"fr-FR\"},{\"@type\":\"Organization\",\"@id\":\"https:\/\/www.viaromana.org\/blog\/#organization\",\"name\":\"viaromana\",\"url\":\"https:\/\/www.viaromana.org\/blog\/\",\"logo\":{\"@type\":\"ImageObject\",\"inLanguage\":\"fr-FR\",\"@id\":\"https:\/\/www.viaromana.org\/blog\/#\/schema\/logo\/image\/\",\"url\":\"https:\/\/www.viaromana.org\/blog\/wp-content\/uploads\/2021\/12\/logo-3.png\",\"contentUrl\":\"https:\/\/www.viaromana.org\/blog\/wp-content\/uploads\/2021\/12\/logo-3.png\",\"width\":300,\"height\":249,\"caption\":\"viaromana\"},\"image\":{\"@id\":\"https:\/\/www.viaromana.org\/blog\/#\/schema\/logo\/image\/\"}},{\"@type\":\"Person\",\"@id\":\"https:\/\/www.viaromana.org\/blog\/#\/schema\/person\/cde9c4655845091e1fe473fcd163c889\",\"name\":\"Robert\",\"image\":{\"@type\":\"ImageObject\",\"inLanguage\":\"fr-FR\",\"@id\":\"https:\/\/www.viaromana.org\/blog\/#\/schema\/person\/image\/\",\"url\":\"https:\/\/secure.gravatar.com\/avatar\/a168ec191013b636c2f278aec04e724b?s=96&d=mm&r=g\",\"contentUrl\":\"https:\/\/secure.gravatar.com\/avatar\/a168ec191013b636c2f278aec04e724b?s=96&d=mm&r=g\",\"caption\":\"Robert\"},\"sameAs\":[\"https:\/\/www.viaromana.org\/blog\"],\"url\":\"https:\/\/www.viaromana.org\/blog\/author\/anaadmin\/\"}]}<\/script>\n<!-- \/ Yoast SEO plugin. -->","yoast_head_json":{"title":"Derni\u00e8re actualit\u00e9 toute fraiche : Visite | Bordeaux sous l\u2019Occupation - Viaromana et arch\u00e9ologie.","description":"Derni\u00e8re actualit\u00e9 toute fraiche : Visite | Bordeaux sous l\u2019Occupation article de Viaromana et arch\u00e9ologie.","robots":{"index":"index","follow":"follow","max-snippet":"max-snippet:-1","max-image-preview":"max-image-preview:large","max-video-preview":"max-video-preview:-1"},"canonical":"https:\/\/www.viaromana.org\/blog\/derniere-actualite-toute-fraiche-visite-bordeaux-sous-loccupation\/","og_locale":"fr_FR","og_type":"article","og_title":"Derni\u00e8re actualit\u00e9 toute fraiche : Visite | Bordeaux sous l\u2019Occupation - Viaromana et arch\u00e9ologie.","og_description":"Derni\u00e8re actualit\u00e9 toute fraiche : Visite | Bordeaux sous l\u2019Occupation article de Viaromana et arch\u00e9ologie.","og_url":"https:\/\/www.viaromana.org\/blog\/derniere-actualite-toute-fraiche-visite-bordeaux-sous-loccupation\/","og_site_name":"Viaromana et arch\u00e9ologie.","article_published_time":"2022-03-14T16:03:55+00:00","og_image":[{"width":2560,"height":1548,"url":"https:\/\/www.viaromana.org\/blog\/wp-content\/uploads\/2022\/06\/unnamed-file-39-scaled.jpg","type":"image\/jpeg"}],"author":"Robert","twitter_card":"summary_large_image","twitter_misc":{"\u00c9crit par":"Robert","Dur\u00e9e de lecture estim\u00e9e":"1 minute"},"schema":{"@context":"https:\/\/schema.org","@graph":[{"@type":"Article","@id":"https:\/\/www.viaromana.org\/blog\/derniere-actualite-toute-fraiche-visite-bordeaux-sous-loccupation\/#article","isPartOf":{"@id":"https:\/\/www.viaromana.org\/blog\/derniere-actualite-toute-fraiche-visite-bordeaux-sous-loccupation\/"},"author":{"name":"Robert","@id":"https:\/\/www.viaromana.org\/blog\/#\/schema\/person\/cde9c4655845091e1fe473fcd163c889"},"headline":"Derni\u00e8re actualit\u00e9 toute fraiche : Visite | Bordeaux sous l\u2019Occupation","datePublished":"2022-03-14T16:03:55+00:00","dateModified":"2022-03-14T16:03:55+00:00","mainEntityOfPage":{"@id":"https:\/\/www.viaromana.org\/blog\/derniere-actualite-toute-fraiche-visite-bordeaux-sous-loccupation\/"},"wordCount":212,"publisher":{"@id":"https:\/\/www.viaromana.org\/blog\/#organization"},"articleSection":["Arch\u00e9ologie"],"inLanguage":"fr-FR"},{"@type":"WebPage","@id":"https:\/\/www.viaromana.org\/blog\/derniere-actualite-toute-fraiche-visite-bordeaux-sous-loccupation\/","url":"https:\/\/www.viaromana.org\/blog\/derniere-actualite-toute-fraiche-visite-bordeaux-sous-loccupation\/","name":"Derni\u00e8re actualit\u00e9 toute fraiche : Visite | Bordeaux sous l\u2019Occupation - Viaromana et arch\u00e9ologie.","isPartOf":{"@id":"https:\/\/www.viaromana.org\/blog\/#website"},"datePublished":"2022-03-14T16:03:55+00:00","dateModified":"2022-03-14T16:03:55+00:00","description":"Derni\u00e8re actualit\u00e9 toute fraiche : Visite | Bordeaux sous l\u2019Occupation article de Viaromana et arch\u00e9ologie.","breadcrumb":{"@id":"https:\/\/www.viaromana.org\/blog\/derniere-actualite-toute-fraiche-visite-bordeaux-sous-loccupation\/#breadcrumb"},"inLanguage":"fr-FR","potentialAction":[{"@type":"ReadAction","target":["https:\/\/www.viaromana.org\/blog\/derniere-actualite-toute-fraiche-visite-bordeaux-sous-loccupation\/"]}]},{"@type":"BreadcrumbList","@id":"https:\/\/www.viaromana.org\/blog\/derniere-actualite-toute-fraiche-visite-bordeaux-sous-loccupation\/#breadcrumb","itemListElement":[{"@type":"ListItem","position":1,"name":"Accueil","item":"https:\/\/www.viaromana.org\/blog\/"},{"@type":"ListItem","position":2,"name":"Derni\u00e8re actualit\u00e9 toute fraiche : Visite | Bordeaux sous l\u2019Occupation"}]},{"@type":"WebSite","@id":"https:\/\/www.viaromana.org\/blog\/#website","url":"https:\/\/www.viaromana.org\/blog\/","name":"Viaromana et arch\u00e9ologie.","description":"Site arch\u00e9ologique de la voie romaine (viaromana) Belgique-France-Rome","publisher":{"@id":"https:\/\/www.viaromana.org\/blog\/#organization"},"potentialAction":[{"@type":"SearchAction","target":{"@type":"EntryPoint","urlTemplate":"https:\/\/www.viaromana.org\/blog\/?s={search_term_string}"},"query-input":"required name=search_term_string"}],"inLanguage":"fr-FR"},{"@type":"Organization","@id":"https:\/\/www.viaromana.org\/blog\/#organization","name":"viaromana","url":"https:\/\/www.viaromana.org\/blog\/","logo":{"@type":"ImageObject","inLanguage":"fr-FR","@id":"https:\/\/www.viaromana.org\/blog\/#\/schema\/logo\/image\/","url":"https:\/\/www.viaromana.org\/blog\/wp-content\/uploads\/2021\/12\/logo-3.png","contentUrl":"https:\/\/www.viaromana.org\/blog\/wp-content\/uploads\/2021\/12\/logo-3.png","width":300,"height":249,"caption":"viaromana"},"image":{"@id":"https:\/\/www.viaromana.org\/blog\/#\/schema\/logo\/image\/"}},{"@type":"Person","@id":"https:\/\/www.viaromana.org\/blog\/#\/schema\/person\/cde9c4655845091e1fe473fcd163c889","name":"Robert","image":{"@type":"ImageObject","inLanguage":"fr-FR","@id":"https:\/\/www.viaromana.org\/blog\/#\/schema\/person\/image\/","url":"https:\/\/secure.gravatar.com\/avatar\/a168ec191013b636c2f278aec04e724b?s=96&d=mm&r=g","contentUrl":"https:\/\/secure.gravatar.com\/avatar\/a168ec191013b636c2f278aec04e724b?s=96&d=mm&r=g","caption":"Robert"},"sameAs":["https:\/\/www.viaromana.org\/blog"],"url":"https:\/\/www.viaromana.org\/blog\/author\/anaadmin\/"}]}},"_links":{"self":[{"href":"https:\/\/www.viaromana.org\/blog\/wp-json\/wp\/v2\/posts\/942"}],"collection":[{"href":"https:\/\/www.viaromana.org\/blog\/wp-json\/wp\/v2\/posts"}],"about":[{"href":"https:\/\/www.viaromana.org\/blog\/wp-json\/wp\/v2\/types\/post"}],"author":[{"embeddable":true,"href":"https:\/\/www.viaromana.org\/blog\/wp-json\/wp\/v2\/users\/1"}],"replies":[{"embeddable":true,"href":"https:\/\/www.viaromana.org\/blog\/wp-json\/wp\/v2\/comments?post=942"}],"version-history":[{"count":0,"href":"https:\/\/www.viaromana.org\/blog\/wp-json\/wp\/v2\/posts\/942\/revisions"}],"wp:featuredmedia":[{"embeddable":true,"href":"https:\/\/www.viaromana.org\/blog\/wp-json\/wp\/v2\/media\/943"}],"wp:attachment":[{"href":"https:\/\/www.viaromana.org\/blog\/wp-json\/wp\/v2\/media?parent=942"}],"wp:term":[{"taxonomy":"category","embeddable":true,"href":"https:\/\/www.viaromana.org\/blog\/wp-json\/wp\/v2\/categories?post=942"},{"taxonomy":"post_tag","embeddable":true,"href":"https:\/\/www.viaromana.org\/blog\/wp-json\/wp\/v2\/tags?post=942"}],"curies":[{"name":"wp","href":"https:\/\/api.w.org\/{rel}","templated":true}]}}