{"id":931,"date":"2019-04-11T12:27:51","date_gmt":"2019-04-11T10:27:51","guid":{"rendered":"https:\/\/www.site.cdcl.xyz\/2019\/04\/11\/retour-sur-leditorial-la-classe-au-musee-le-site-officiel-du-musee-daquitaine\/"},"modified":"2019-04-11T12:27:51","modified_gmt":"2019-04-11T10:27:51","slug":"retour-sur-leditorial-la-classe-au-musee-le-site-officiel-du-musee-daquitaine","status":"publish","type":"post","link":"https:\/\/www.viaromana.org\/blog\/retour-sur-leditorial-la-classe-au-musee-le-site-officiel-du-musee-daquitaine\/","title":{"rendered":"Retour sur l\u2019\u00e9ditorial : La classe au mus\u00e9e | Le site officiel du mus\u00e9e d\u2019Aquitaine"},"content":{"rendered":"<p>Voici un nouvel article qui va compl\u00e9ter notre revue de presse sur \u00ab&nbsp;l\u2019arch\u00e9ologie&nbsp;\u00bb.<\/p>\n<p>Le titre (La classe au mus\u00e9e | Le site officiel du mus\u00e9e d\u2019Aquitaine) en dit long.<\/p>\n<p> Annonc\u00e9 sous la signature \u00abMus\u00e9e d\u2019Aquitaine\u00bb, le r\u00e9dacteur est reconnu comme quelqu\u2019un de s\u00e9rieux pour plusieurs autres \u00e9ditoriaux qu\u2019il a publi\u00e9s sur le web.<\/p>\n<p>La cr\u00e9dibilit\u00e9 est donc imp\u00e9rieuse concernant ce texte.<\/p>\n<div>\n<p><img decoding=\"async\" alt src=\"https:\/\/www.viaromana.org\/blog\/wp-content\/uploads\/2022\/06\/retour-sur-leditorial-la-classe-au-musee-le-site-officiel-du-musee-daquitaine.jpg\"><\/p>\n<p>Consultez le&nbsp;<strong>programme d\u2019activit\u00e9s 2021 \/ 2022<\/strong><b>&nbsp;<\/b>propos\u00e9 par l\u2019\u00e9quipe de m\u00e9diation.<\/p>\n<p>L\u2019acc\u00e8s au mus\u00e9e est gratuit toute l\u2019ann\u00e9e pour les groupes scolaires et les \u00e9tudiants, ainsi&nbsp;que pour leurs accompagnateurs. La r\u00e9servation est<strong>&nbsp;<\/strong>obligatoire&nbsp;pour tous les groupes.&nbsp;<\/p>\n<p><strong>Informations et r\u00e9servations : 05 56 01 51 04, <\/strong>les mardis, jeudis et vendredis de 9 h 30 \u00e0 13 h (hors vacances scolaires)<\/p>\n<p>Ouverture des r\u00e9servations :&nbsp;<br \/>\u2013 mercredi <strong>22 septembre<\/strong> 2021 pour la&nbsp;p\u00e9riode d\u2019octobre \u00e0 d\u00e9cembre 2021<br \/>\u2013 mercredi <strong>1<sup>er<\/sup> d\u00e9cembre <\/strong>2021 pour la p\u00e9riode&nbsp;de janvier \u00e0 mars 2022<br \/>\u2013 mercredi <strong>2 mars<\/strong> 2022 pour la p\u00e9riode d\u2019avril \u00e0 juillet 2022<br \/>Durant ces trois journ\u00e9es, l\u2019accueil t\u00e9l\u00e9phonique se fait de 9 h \u00e0 17 h sans interruption.<\/p>\n<p>Pour pr\u00e9parer une visite au mus\u00e9e et\/ou une s\u00e9quence p\u00e9dagogique, d\u00e9couvrez aussi toutes nos ressources disponibles :<\/p>\n<\/div>\n<p>Bibliographie :<\/p>\n<p>R\u00e9centes d\u00e9couvertes concernant l\u2019arch\u00e9ologie du Fou-Nan (arch\u00e9ologie du Delta du M\u00e9kong).,<a target=\"_blank\" rel=\"nofollow\" href=\"https:\/\/www.viaromana.org\/blog\/goto\/https:\/\/www.epagine.fr\/ebook\/9782307343998-recentes-decouvertes-concernant-l-archeologie-du-fou-nan-archeologie-du-delta-du-mekong-louis-malleret\/\"  target=\"_blank\" rel=\"noopener noreferrer nofollow\">Le livre <\/a><span><\/span>.<\/p>\n<p>On a retrouv\u00e9 l\u2019histoire de France ; comment l\u2019arch\u00e9ologie raconte notre pass\u00e9.,<a target=\"_blank\" rel=\"nofollow\" href=\"https:\/\/www.viaromana.org\/blog\/goto\/https:\/\/www.epagine.fr\/ebook\/9782221131305-on-a-retrouve-l-histoire-de-france-comment-l-archeologie-raconte-notre-passe-jean-paul-demoule\/\"  target=\"_blank\" rel=\"noopener noreferrer nofollow\">(Disponible) <\/a><span><\/span>.<\/p>\n<p>S\u00e9journer au bain.,<a target=\"_blank\" rel=\"nofollow\" href=\"https:\/\/www.viaromana.org\/blog\/goto\/https:\/\/www.kobo.com\/de\/fr\/ebook\/sejourner-au-bain\"  target=\"_blank\" rel=\"noopener noreferrer nofollow\">(Disponible) <\/a><span><\/span>. Disponible chez votre libraire.<\/p>\n<p>Lucr\u00e8ce ; arch\u00e9ologie d\u2019un classique europ\u00e9en.,<a target=\"_blank\" rel=\"nofollow\" href=\"https:\/\/www.viaromana.org\/blog\/goto\/https:\/\/www.epagine.fr\/ebook\/9782213683904-lucrece-archeologie-d-un-classique-europeen-pierre-vesperini\/\"  target=\"_blank\" rel=\"noopener noreferrer nofollow\">A voir et \u00e0 lire. <\/a><span><\/span>.<\/p>\n","protected":false},"excerpt":{"rendered":"<p>Voici un nouvel article qui va compl\u00e9ter notre revue de presse sur \u00ab&nbsp;l\u2019arch\u00e9ologie&nbsp;\u00bb. Le titre (La classe au mus\u00e9e | Le site officiel du mus\u00e9e d\u2019Aquitaine) en dit long. Annonc\u00e9 sous la signature \u00abMus\u00e9e d\u2019Aquitaine\u00bb, le r\u00e9dacteur est reconnu comme quelqu\u2019un de s\u00e9rieux pour plusieurs autres \u00e9ditoriaux qu\u2019il a publi\u00e9s sur le web. La cr\u00e9dibilit\u00e9 est donc imp\u00e9rieuse concernant ce texte. Consultez le&nbsp;programme d\u2019activit\u00e9s 2021 \/ 2022&nbsp;propos\u00e9 par l\u2019\u00e9quipe de m\u00e9diation. L\u2019acc\u00e8s au mus\u00e9e est gratuit toute l\u2019ann\u00e9e pour les groupes scolaires et les \u00e9tudiants, ainsi&nbsp;que pour leurs accompagnateurs. La r\u00e9servation est&nbsp;obligatoire&nbsp;pour tous les groupes.&nbsp; Informations et r\u00e9servations : 05\u2026<\/p>\n","protected":false},"author":1,"featured_media":932,"comment_status":"closed","ping_status":"closed","sticky":false,"template":"","format":"standard","meta":{"footnotes":""},"categories":[2],"tags":[],"blocksy_meta":{"styles_descriptor":{"styles":{"desktop":"","tablet":"","mobile":""},"google_fonts":[],"version":4}},"yoast_head":"<!-- This site is optimized with the Yoast SEO plugin v21.1 - https:\/\/yoast.com\/wordpress\/plugins\/seo\/ -->\n<title>Retour sur l\u2019\u00e9ditorial : La classe au mus\u00e9e | Le site officiel du mus\u00e9e d\u2019Aquitaine - Viaromana et arch\u00e9ologie.<\/title>\n<meta name=\"description\" content=\"Retour sur l\u2019\u00e9ditorial : La classe au mus\u00e9e | Le site officiel du mus\u00e9e d\u2019Aquitaine article de Viaromana et arch\u00e9ologie.\" \/>\n<meta name=\"robots\" content=\"index, follow, max-snippet:-1, max-image-preview:large, max-video-preview:-1\" \/>\n<link rel=\"canonical\" href=\"https:\/\/www.viaromana.org\/blog\/retour-sur-leditorial-la-classe-au-musee-le-site-officiel-du-musee-daquitaine\/\" \/>\n<meta property=\"og:locale\" content=\"fr_FR\" \/>\n<meta property=\"og:type\" content=\"article\" \/>\n<meta property=\"og:title\" content=\"Retour sur l\u2019\u00e9ditorial : La classe au mus\u00e9e | Le site officiel du mus\u00e9e d\u2019Aquitaine - Viaromana et arch\u00e9ologie.\" \/>\n<meta property=\"og:description\" content=\"Retour sur l\u2019\u00e9ditorial : La classe au mus\u00e9e | Le site officiel du mus\u00e9e d\u2019Aquitaine article de Viaromana et arch\u00e9ologie.\" \/>\n<meta property=\"og:url\" content=\"https:\/\/www.viaromana.org\/blog\/retour-sur-leditorial-la-classe-au-musee-le-site-officiel-du-musee-daquitaine\/\" \/>\n<meta property=\"og:site_name\" content=\"Viaromana et arch\u00e9ologie.\" \/>\n<meta property=\"article:published_time\" content=\"2019-04-11T10:27:51+00:00\" \/>\n<meta property=\"og:image\" content=\"https:\/\/www.viaromana.org\/blog\/wp-content\/uploads\/2022\/06\/unnamed-file-35-scaled.jpg\" \/>\n\t<meta property=\"og:image:width\" content=\"2114\" \/>\n\t<meta property=\"og:image:height\" content=\"2560\" \/>\n\t<meta property=\"og:image:type\" content=\"image\/jpeg\" \/>\n<meta name=\"author\" content=\"Robert\" \/>\n<meta name=\"twitter:card\" content=\"summary_large_image\" \/>\n<meta name=\"twitter:label1\" content=\"\u00c9crit par\" \/>\n\t<meta name=\"twitter:data1\" content=\"Robert\" \/>\n\t<meta name=\"twitter:label2\" content=\"Dur\u00e9e de lecture estim\u00e9e\" \/>\n\t<meta name=\"twitter:data2\" content=\"1 minute\" \/>\n<script type=\"application\/ld+json\" class=\"yoast-schema-graph\">{\"@context\":\"https:\/\/schema.org\",\"@graph\":[{\"@type\":\"Article\",\"@id\":\"https:\/\/www.viaromana.org\/blog\/retour-sur-leditorial-la-classe-au-musee-le-site-officiel-du-musee-daquitaine\/#article\",\"isPartOf\":{\"@id\":\"https:\/\/www.viaromana.org\/blog\/retour-sur-leditorial-la-classe-au-musee-le-site-officiel-du-musee-daquitaine\/\"},\"author\":{\"name\":\"Robert\",\"@id\":\"https:\/\/www.viaromana.org\/blog\/#\/schema\/person\/cde9c4655845091e1fe473fcd163c889\"},\"headline\":\"Retour sur l\u2019\u00e9ditorial : La classe au mus\u00e9e | Le site officiel du mus\u00e9e d\u2019Aquitaine\",\"datePublished\":\"2019-04-11T10:27:51+00:00\",\"dateModified\":\"2019-04-11T10:27:51+00:00\",\"mainEntityOfPage\":{\"@id\":\"https:\/\/www.viaromana.org\/blog\/retour-sur-leditorial-la-classe-au-musee-le-site-officiel-du-musee-daquitaine\/\"},\"wordCount\":294,\"publisher\":{\"@id\":\"https:\/\/www.viaromana.org\/blog\/#organization\"},\"articleSection\":[\"Arch\u00e9ologie\"],\"inLanguage\":\"fr-FR\"},{\"@type\":\"WebPage\",\"@id\":\"https:\/\/www.viaromana.org\/blog\/retour-sur-leditorial-la-classe-au-musee-le-site-officiel-du-musee-daquitaine\/\",\"url\":\"https:\/\/www.viaromana.org\/blog\/retour-sur-leditorial-la-classe-au-musee-le-site-officiel-du-musee-daquitaine\/\",\"name\":\"Retour sur l\u2019\u00e9ditorial : La classe au mus\u00e9e | Le site officiel du mus\u00e9e d\u2019Aquitaine - Viaromana et arch\u00e9ologie.\",\"isPartOf\":{\"@id\":\"https:\/\/www.viaromana.org\/blog\/#website\"},\"datePublished\":\"2019-04-11T10:27:51+00:00\",\"dateModified\":\"2019-04-11T10:27:51+00:00\",\"description\":\"Retour sur l\u2019\u00e9ditorial : La classe au mus\u00e9e | Le site officiel du mus\u00e9e d\u2019Aquitaine article de Viaromana et arch\u00e9ologie.\",\"breadcrumb\":{\"@id\":\"https:\/\/www.viaromana.org\/blog\/retour-sur-leditorial-la-classe-au-musee-le-site-officiel-du-musee-daquitaine\/#breadcrumb\"},\"inLanguage\":\"fr-FR\",\"potentialAction\":[{\"@type\":\"ReadAction\",\"target\":[\"https:\/\/www.viaromana.org\/blog\/retour-sur-leditorial-la-classe-au-musee-le-site-officiel-du-musee-daquitaine\/\"]}]},{\"@type\":\"BreadcrumbList\",\"@id\":\"https:\/\/www.viaromana.org\/blog\/retour-sur-leditorial-la-classe-au-musee-le-site-officiel-du-musee-daquitaine\/#breadcrumb\",\"itemListElement\":[{\"@type\":\"ListItem\",\"position\":1,\"name\":\"Accueil\",\"item\":\"https:\/\/www.viaromana.org\/blog\/\"},{\"@type\":\"ListItem\",\"position\":2,\"name\":\"Retour sur l\u2019\u00e9ditorial : La classe au mus\u00e9e | Le site officiel du mus\u00e9e d\u2019Aquitaine\"}]},{\"@type\":\"WebSite\",\"@id\":\"https:\/\/www.viaromana.org\/blog\/#website\",\"url\":\"https:\/\/www.viaromana.org\/blog\/\",\"name\":\"Viaromana et arch\u00e9ologie.\",\"description\":\"Site arch\u00e9ologique de la voie romaine (viaromana) Belgique-France-Rome\",\"publisher\":{\"@id\":\"https:\/\/www.viaromana.org\/blog\/#organization\"},\"potentialAction\":[{\"@type\":\"SearchAction\",\"target\":{\"@type\":\"EntryPoint\",\"urlTemplate\":\"https:\/\/www.viaromana.org\/blog\/?s={search_term_string}\"},\"query-input\":\"required name=search_term_string\"}],\"inLanguage\":\"fr-FR\"},{\"@type\":\"Organization\",\"@id\":\"https:\/\/www.viaromana.org\/blog\/#organization\",\"name\":\"viaromana\",\"url\":\"https:\/\/www.viaromana.org\/blog\/\",\"logo\":{\"@type\":\"ImageObject\",\"inLanguage\":\"fr-FR\",\"@id\":\"https:\/\/www.viaromana.org\/blog\/#\/schema\/logo\/image\/\",\"url\":\"https:\/\/www.viaromana.org\/blog\/wp-content\/uploads\/2021\/12\/logo-3.png\",\"contentUrl\":\"https:\/\/www.viaromana.org\/blog\/wp-content\/uploads\/2021\/12\/logo-3.png\",\"width\":300,\"height\":249,\"caption\":\"viaromana\"},\"image\":{\"@id\":\"https:\/\/www.viaromana.org\/blog\/#\/schema\/logo\/image\/\"}},{\"@type\":\"Person\",\"@id\":\"https:\/\/www.viaromana.org\/blog\/#\/schema\/person\/cde9c4655845091e1fe473fcd163c889\",\"name\":\"Robert\",\"image\":{\"@type\":\"ImageObject\",\"inLanguage\":\"fr-FR\",\"@id\":\"https:\/\/www.viaromana.org\/blog\/#\/schema\/person\/image\/\",\"url\":\"https:\/\/secure.gravatar.com\/avatar\/a168ec191013b636c2f278aec04e724b?s=96&d=mm&r=g\",\"contentUrl\":\"https:\/\/secure.gravatar.com\/avatar\/a168ec191013b636c2f278aec04e724b?s=96&d=mm&r=g\",\"caption\":\"Robert\"},\"sameAs\":[\"https:\/\/www.viaromana.org\/blog\"],\"url\":\"https:\/\/www.viaromana.org\/blog\/author\/anaadmin\/\"}]}<\/script>\n<!-- \/ Yoast SEO plugin. -->","yoast_head_json":{"title":"Retour sur l\u2019\u00e9ditorial : La classe au mus\u00e9e | Le site officiel du mus\u00e9e d\u2019Aquitaine - Viaromana et arch\u00e9ologie.","description":"Retour sur l\u2019\u00e9ditorial : La classe au mus\u00e9e | Le site officiel du mus\u00e9e d\u2019Aquitaine article de Viaromana et arch\u00e9ologie.","robots":{"index":"index","follow":"follow","max-snippet":"max-snippet:-1","max-image-preview":"max-image-preview:large","max-video-preview":"max-video-preview:-1"},"canonical":"https:\/\/www.viaromana.org\/blog\/retour-sur-leditorial-la-classe-au-musee-le-site-officiel-du-musee-daquitaine\/","og_locale":"fr_FR","og_type":"article","og_title":"Retour sur l\u2019\u00e9ditorial : La classe au mus\u00e9e | Le site officiel du mus\u00e9e d\u2019Aquitaine - Viaromana et arch\u00e9ologie.","og_description":"Retour sur l\u2019\u00e9ditorial : La classe au mus\u00e9e | Le site officiel du mus\u00e9e d\u2019Aquitaine article de Viaromana et arch\u00e9ologie.","og_url":"https:\/\/www.viaromana.org\/blog\/retour-sur-leditorial-la-classe-au-musee-le-site-officiel-du-musee-daquitaine\/","og_site_name":"Viaromana et arch\u00e9ologie.","article_published_time":"2019-04-11T10:27:51+00:00","og_image":[{"width":2114,"height":2560,"url":"https:\/\/www.viaromana.org\/blog\/wp-content\/uploads\/2022\/06\/unnamed-file-35-scaled.jpg","type":"image\/jpeg"}],"author":"Robert","twitter_card":"summary_large_image","twitter_misc":{"\u00c9crit par":"Robert","Dur\u00e9e de lecture estim\u00e9e":"1 minute"},"schema":{"@context":"https:\/\/schema.org","@graph":[{"@type":"Article","@id":"https:\/\/www.viaromana.org\/blog\/retour-sur-leditorial-la-classe-au-musee-le-site-officiel-du-musee-daquitaine\/#article","isPartOf":{"@id":"https:\/\/www.viaromana.org\/blog\/retour-sur-leditorial-la-classe-au-musee-le-site-officiel-du-musee-daquitaine\/"},"author":{"name":"Robert","@id":"https:\/\/www.viaromana.org\/blog\/#\/schema\/person\/cde9c4655845091e1fe473fcd163c889"},"headline":"Retour sur l\u2019\u00e9ditorial : La classe au mus\u00e9e | Le site officiel du mus\u00e9e d\u2019Aquitaine","datePublished":"2019-04-11T10:27:51+00:00","dateModified":"2019-04-11T10:27:51+00:00","mainEntityOfPage":{"@id":"https:\/\/www.viaromana.org\/blog\/retour-sur-leditorial-la-classe-au-musee-le-site-officiel-du-musee-daquitaine\/"},"wordCount":294,"publisher":{"@id":"https:\/\/www.viaromana.org\/blog\/#organization"},"articleSection":["Arch\u00e9ologie"],"inLanguage":"fr-FR"},{"@type":"WebPage","@id":"https:\/\/www.viaromana.org\/blog\/retour-sur-leditorial-la-classe-au-musee-le-site-officiel-du-musee-daquitaine\/","url":"https:\/\/www.viaromana.org\/blog\/retour-sur-leditorial-la-classe-au-musee-le-site-officiel-du-musee-daquitaine\/","name":"Retour sur l\u2019\u00e9ditorial : La classe au mus\u00e9e | Le site officiel du mus\u00e9e d\u2019Aquitaine - Viaromana et arch\u00e9ologie.","isPartOf":{"@id":"https:\/\/www.viaromana.org\/blog\/#website"},"datePublished":"2019-04-11T10:27:51+00:00","dateModified":"2019-04-11T10:27:51+00:00","description":"Retour sur l\u2019\u00e9ditorial : La classe au mus\u00e9e | Le site officiel du mus\u00e9e d\u2019Aquitaine article de Viaromana et arch\u00e9ologie.","breadcrumb":{"@id":"https:\/\/www.viaromana.org\/blog\/retour-sur-leditorial-la-classe-au-musee-le-site-officiel-du-musee-daquitaine\/#breadcrumb"},"inLanguage":"fr-FR","potentialAction":[{"@type":"ReadAction","target":["https:\/\/www.viaromana.org\/blog\/retour-sur-leditorial-la-classe-au-musee-le-site-officiel-du-musee-daquitaine\/"]}]},{"@type":"BreadcrumbList","@id":"https:\/\/www.viaromana.org\/blog\/retour-sur-leditorial-la-classe-au-musee-le-site-officiel-du-musee-daquitaine\/#breadcrumb","itemListElement":[{"@type":"ListItem","position":1,"name":"Accueil","item":"https:\/\/www.viaromana.org\/blog\/"},{"@type":"ListItem","position":2,"name":"Retour sur l\u2019\u00e9ditorial : La classe au mus\u00e9e | Le site officiel du mus\u00e9e d\u2019Aquitaine"}]},{"@type":"WebSite","@id":"https:\/\/www.viaromana.org\/blog\/#website","url":"https:\/\/www.viaromana.org\/blog\/","name":"Viaromana et arch\u00e9ologie.","description":"Site arch\u00e9ologique de la voie romaine (viaromana) Belgique-France-Rome","publisher":{"@id":"https:\/\/www.viaromana.org\/blog\/#organization"},"potentialAction":[{"@type":"SearchAction","target":{"@type":"EntryPoint","urlTemplate":"https:\/\/www.viaromana.org\/blog\/?s={search_term_string}"},"query-input":"required name=search_term_string"}],"inLanguage":"fr-FR"},{"@type":"Organization","@id":"https:\/\/www.viaromana.org\/blog\/#organization","name":"viaromana","url":"https:\/\/www.viaromana.org\/blog\/","logo":{"@type":"ImageObject","inLanguage":"fr-FR","@id":"https:\/\/www.viaromana.org\/blog\/#\/schema\/logo\/image\/","url":"https:\/\/www.viaromana.org\/blog\/wp-content\/uploads\/2021\/12\/logo-3.png","contentUrl":"https:\/\/www.viaromana.org\/blog\/wp-content\/uploads\/2021\/12\/logo-3.png","width":300,"height":249,"caption":"viaromana"},"image":{"@id":"https:\/\/www.viaromana.org\/blog\/#\/schema\/logo\/image\/"}},{"@type":"Person","@id":"https:\/\/www.viaromana.org\/blog\/#\/schema\/person\/cde9c4655845091e1fe473fcd163c889","name":"Robert","image":{"@type":"ImageObject","inLanguage":"fr-FR","@id":"https:\/\/www.viaromana.org\/blog\/#\/schema\/person\/image\/","url":"https:\/\/secure.gravatar.com\/avatar\/a168ec191013b636c2f278aec04e724b?s=96&d=mm&r=g","contentUrl":"https:\/\/secure.gravatar.com\/avatar\/a168ec191013b636c2f278aec04e724b?s=96&d=mm&r=g","caption":"Robert"},"sameAs":["https:\/\/www.viaromana.org\/blog"],"url":"https:\/\/www.viaromana.org\/blog\/author\/anaadmin\/"}]}},"_links":{"self":[{"href":"https:\/\/www.viaromana.org\/blog\/wp-json\/wp\/v2\/posts\/931"}],"collection":[{"href":"https:\/\/www.viaromana.org\/blog\/wp-json\/wp\/v2\/posts"}],"about":[{"href":"https:\/\/www.viaromana.org\/blog\/wp-json\/wp\/v2\/types\/post"}],"author":[{"embeddable":true,"href":"https:\/\/www.viaromana.org\/blog\/wp-json\/wp\/v2\/users\/1"}],"replies":[{"embeddable":true,"href":"https:\/\/www.viaromana.org\/blog\/wp-json\/wp\/v2\/comments?post=931"}],"version-history":[{"count":0,"href":"https:\/\/www.viaromana.org\/blog\/wp-json\/wp\/v2\/posts\/931\/revisions"}],"wp:featuredmedia":[{"embeddable":true,"href":"https:\/\/www.viaromana.org\/blog\/wp-json\/wp\/v2\/media\/932"}],"wp:attachment":[{"href":"https:\/\/www.viaromana.org\/blog\/wp-json\/wp\/v2\/media?parent=931"}],"wp:term":[{"taxonomy":"category","embeddable":true,"href":"https:\/\/www.viaromana.org\/blog\/wp-json\/wp\/v2\/categories?post=931"},{"taxonomy":"post_tag","embeddable":true,"href":"https:\/\/www.viaromana.org\/blog\/wp-json\/wp\/v2\/tags?post=931"}],"curies":[{"name":"wp","href":"https:\/\/api.w.org\/{rel}","templated":true}]}}