{"id":911,"date":"2021-08-24T15:43:55","date_gmt":"2021-08-24T13:43:55","guid":{"rendered":"https:\/\/www.site.cdcl.xyz\/2021\/08\/24\/sur-le-web-morceaux-dnous-musee-de-lavallonnais-jean-despres\/"},"modified":"2021-08-24T15:43:55","modified_gmt":"2021-08-24T13:43:55","slug":"sur-le-web-morceaux-dnous-musee-de-lavallonnais-jean-despres","status":"publish","type":"post","link":"https:\/\/www.viaromana.org\/blog\/sur-le-web-morceaux-dnous-musee-de-lavallonnais-jean-despres\/","title":{"rendered":"Sur le web : Morceaux d\u2019nous \u2013 Mus\u00e9e de l\u2019Avallonnais Jean Despr\u00e9s"},"content":{"rendered":"<p>A relever, ce papier sur internet dont le propos est \u00ab&nbsp;l\u2019arch\u00e9ologie&nbsp;\u00bb et qui a des chances de vous r\u00e9jouir.<\/p>\n<p>Le titre saisissant (Morceaux d\u2019nous \u2013 Mus\u00e9e de l\u2019Avallonnais Jean Despr\u00e9s) est parlant.<\/p>\n<p> Identifi\u00e9 sous le nom \u00abC\u00e9line Henry\u00bb, l\u2019\u00e9crivain est connu et fiable pour d\u2019autres encarts qu\u2019il a publi\u00e9s sur internet.<\/p>\n<p>Vous pouvez donc faire confiance aux infos qu\u2019il diffuse.<\/p>\n<p>La date d\u2019\u00e9dition est 2021-08-24 15:43:55.<\/p>\n<div>\n<div class=\"wpb_wrapper\">\n<p>En morceau, c\u2019est ainsi que les artistes nous d\u00e9coupent pour am\u00e9liorer leur fa\u00e7on de rendre tous les d\u00e9tails de notre anatomie. Tous les artistes font des \u00e9tudes, toute leur vie, de l\u2019\u00e9l\u00e8ve d\u00e9butant jusqu\u2019\u00e0 l\u2019artiste aguerri.<br \/>Ils s\u2019exercent \u00e0 rendre, avec r\u00e9alisme, quelques parties de notre corps pour cr\u00e9er \u00e9ventuellement ensuite, en toute connaissance, des tableaux plus importants dans lesquels figureront les sujets d\u2019\u00e9tudes, compl\u00e9t\u00e9s ou non. Les \u00e9tudes sont, en somme, des brouillons, unes des \u00e9tapes du processus de cr\u00e9ation.<br \/>Le sculpteur fait des dessins pr\u00e9paratoires qui l\u2019aident lors du travail de la mati\u00e8re.<br \/>Dans certains cas, le sujet de l\u2019\u0153uvre n\u2019est qu\u2019une partie de nous : main, bras, pied et t\u00eate. D\u2019ailleurs le portrait est un morceau de nous puisque ne figurent que la t\u00eate, la partie sup\u00e9rieure du buste et les bras.<br \/>Dans d\u2019autres, c\u2019est juste un morceau de nous qui reste apr\u00e8s le bris de la sculpture et la disparition d\u2019une grande partie des fragments. (Dans le cas o\u00f9 les morceaux sont retrouv\u00e9s, la statue peut \u00eatre restaur\u00e9e et recouvrer son aspect d\u2019origine.).<br \/>Des petits morceaux de nous se nichent aussi dans des reliquaires. Dans ce cas, il ne s\u2019agit pas de cr\u00e9er une \u0153uvre pour elle-m\u00eame, quoique, mais de magnifier quelques fragments d\u2019os ayant, croit-on, appartenu \u00e0 une sainte ou \u00e0 un saint pour \u00e9tayer une ferveur religieuse.<\/p>\n<\/div>\n<\/div>\n<p>Bibliographie :<\/p>\n<p>Suzanne C\u00e9saire ; arch\u00e9ologie litt\u00e9raire et artistique d\u2019une m\u00e9moire emp\u00each\u00e9e.,<a target=\"_blank\" rel=\"nofollow\" href=\"https:\/\/www.viaromana.org\/blog\/goto\/https:\/\/www.epagine.fr\/ebook\/9782811127961-suzanne-cesaire-archeologie-litteraire-et-artistique-d-une-memoire-empechee-anny-dominique-curtius\/\"  target=\"_blank\" rel=\"noopener noreferrer nofollow\">Ouvrage <\/a><span><\/span>. A emprunter en biblioth\u00e8que.<\/p>\n<p>L\u2019organisation territoriale de l\u2019arch\u00e9ologie en Europe.,<a target=\"_blank\" rel=\"nofollow\" href=\"https:\/\/www.viaromana.org\/blog\/goto\/https:\/\/www.epagine.fr\/ebook\/9782402452526-l-organisation-territoriale-de-l-archeologie-en-europe-centre-national-de-la-fonction-publique-territoriale-ecole-nationale-d-application-des-cadres-territoriaux-associatio\/\"  target=\"_blank\" rel=\"noopener noreferrer nofollow\">Ouvrage <\/a><span><\/span>.<\/p>\n<p>Sunkissed.,<a target=\"_blank\" rel=\"nofollow\" href=\"https:\/\/www.viaromana.org\/blog\/goto\/https:\/\/booknode.com\/sunkissed_0867033\"  target=\"_blank\" rel=\"noopener noreferrer nofollow\">(la couverture) <\/a><span><\/span>.<\/p>\n<p>L\u2019Or de Sparte.,<a target=\"_blank\" rel=\"nofollow\" href=\"https:\/\/www.viaromana.org\/blog\/goto\/https:\/\/booknode.com\/lor_de_sparte_0219482\"  target=\"_blank\" rel=\"noopener noreferrer nofollow\">(la couverture) <\/a><span><\/span>. Disponible \u00e0 l\u2019achat sur les plateformes Amazon, Fnac, Cultura \u2026.<\/p>\n","protected":false},"excerpt":{"rendered":"<p>A relever, ce papier sur internet dont le propos est \u00ab&nbsp;l\u2019arch\u00e9ologie&nbsp;\u00bb et qui a des chances de vous r\u00e9jouir. Le titre saisissant (Morceaux d\u2019nous \u2013 Mus\u00e9e de l\u2019Avallonnais Jean Despr\u00e9s) est parlant. Identifi\u00e9 sous le nom \u00abC\u00e9line Henry\u00bb, l\u2019\u00e9crivain est connu et fiable pour d\u2019autres encarts qu\u2019il a publi\u00e9s sur internet. Vous pouvez donc faire confiance aux infos qu\u2019il diffuse. La date d\u2019\u00e9dition est 2021-08-24 15:43:55. En morceau, c\u2019est ainsi que les artistes nous d\u00e9coupent pour am\u00e9liorer leur fa\u00e7on de rendre tous les d\u00e9tails de notre anatomie. Tous les artistes font des \u00e9tudes, toute leur vie, de l\u2019\u00e9l\u00e8ve d\u00e9butant jusqu\u2019\u00e0\u2026<\/p>\n","protected":false},"author":1,"featured_media":912,"comment_status":"closed","ping_status":"closed","sticky":false,"template":"","format":"standard","meta":{"footnotes":""},"categories":[2],"tags":[],"blocksy_meta":{"styles_descriptor":{"styles":{"desktop":"","tablet":"","mobile":""},"google_fonts":[],"version":4}},"yoast_head":"<!-- This site is optimized with the Yoast SEO plugin v21.1 - https:\/\/yoast.com\/wordpress\/plugins\/seo\/ -->\n<title>Sur le web : Morceaux d\u2019nous \u2013 Mus\u00e9e de l\u2019Avallonnais Jean Despr\u00e9s - Viaromana et arch\u00e9ologie.<\/title>\n<meta name=\"description\" content=\"Sur le web : Morceaux d\u2019nous \u2013 Mus\u00e9e de l\u2019Avallonnais Jean Despr\u00e9s article de Viaromana et arch\u00e9ologie.\" \/>\n<meta name=\"robots\" content=\"index, follow, max-snippet:-1, max-image-preview:large, max-video-preview:-1\" \/>\n<link rel=\"canonical\" href=\"https:\/\/www.viaromana.org\/blog\/sur-le-web-morceaux-dnous-musee-de-lavallonnais-jean-despres\/\" \/>\n<meta property=\"og:locale\" content=\"fr_FR\" \/>\n<meta property=\"og:type\" content=\"article\" \/>\n<meta property=\"og:title\" content=\"Sur le web : Morceaux d\u2019nous \u2013 Mus\u00e9e de l\u2019Avallonnais Jean Despr\u00e9s - Viaromana et arch\u00e9ologie.\" \/>\n<meta property=\"og:description\" content=\"Sur le web : Morceaux d\u2019nous \u2013 Mus\u00e9e de l\u2019Avallonnais Jean Despr\u00e9s article de Viaromana et arch\u00e9ologie.\" \/>\n<meta property=\"og:url\" content=\"https:\/\/www.viaromana.org\/blog\/sur-le-web-morceaux-dnous-musee-de-lavallonnais-jean-despres\/\" \/>\n<meta property=\"og:site_name\" content=\"Viaromana et arch\u00e9ologie.\" \/>\n<meta property=\"article:published_time\" content=\"2021-08-24T13:43:55+00:00\" \/>\n<meta property=\"og:image\" content=\"https:\/\/www.viaromana.org\/blog\/wp-content\/uploads\/2022\/06\/unnamed-file-28-scaled.jpg\" \/>\n\t<meta property=\"og:image:width\" content=\"1920\" \/>\n\t<meta property=\"og:image:height\" content=\"2560\" \/>\n\t<meta property=\"og:image:type\" content=\"image\/jpeg\" \/>\n<meta name=\"author\" content=\"Robert\" \/>\n<meta name=\"twitter:card\" content=\"summary_large_image\" \/>\n<meta name=\"twitter:label1\" content=\"\u00c9crit par\" \/>\n\t<meta name=\"twitter:data1\" content=\"Robert\" \/>\n\t<meta name=\"twitter:label2\" content=\"Dur\u00e9e de lecture estim\u00e9e\" \/>\n\t<meta name=\"twitter:data2\" content=\"2 minutes\" \/>\n<script type=\"application\/ld+json\" class=\"yoast-schema-graph\">{\"@context\":\"https:\/\/schema.org\",\"@graph\":[{\"@type\":\"Article\",\"@id\":\"https:\/\/www.viaromana.org\/blog\/sur-le-web-morceaux-dnous-musee-de-lavallonnais-jean-despres\/#article\",\"isPartOf\":{\"@id\":\"https:\/\/www.viaromana.org\/blog\/sur-le-web-morceaux-dnous-musee-de-lavallonnais-jean-despres\/\"},\"author\":{\"name\":\"Robert\",\"@id\":\"https:\/\/www.viaromana.org\/blog\/#\/schema\/person\/cde9c4655845091e1fe473fcd163c889\"},\"headline\":\"Sur le web : Morceaux d\u2019nous \u2013 Mus\u00e9e de l\u2019Avallonnais Jean Despr\u00e9s\",\"datePublished\":\"2021-08-24T13:43:55+00:00\",\"dateModified\":\"2021-08-24T13:43:55+00:00\",\"mainEntityOfPage\":{\"@id\":\"https:\/\/www.viaromana.org\/blog\/sur-le-web-morceaux-dnous-musee-de-lavallonnais-jean-despres\/\"},\"wordCount\":402,\"publisher\":{\"@id\":\"https:\/\/www.viaromana.org\/blog\/#organization\"},\"articleSection\":[\"Arch\u00e9ologie\"],\"inLanguage\":\"fr-FR\"},{\"@type\":\"WebPage\",\"@id\":\"https:\/\/www.viaromana.org\/blog\/sur-le-web-morceaux-dnous-musee-de-lavallonnais-jean-despres\/\",\"url\":\"https:\/\/www.viaromana.org\/blog\/sur-le-web-morceaux-dnous-musee-de-lavallonnais-jean-despres\/\",\"name\":\"Sur le web : Morceaux d\u2019nous \u2013 Mus\u00e9e de l\u2019Avallonnais Jean Despr\u00e9s - Viaromana et arch\u00e9ologie.\",\"isPartOf\":{\"@id\":\"https:\/\/www.viaromana.org\/blog\/#website\"},\"datePublished\":\"2021-08-24T13:43:55+00:00\",\"dateModified\":\"2021-08-24T13:43:55+00:00\",\"description\":\"Sur le web : Morceaux d\u2019nous \u2013 Mus\u00e9e de l\u2019Avallonnais Jean Despr\u00e9s article de Viaromana et arch\u00e9ologie.\",\"breadcrumb\":{\"@id\":\"https:\/\/www.viaromana.org\/blog\/sur-le-web-morceaux-dnous-musee-de-lavallonnais-jean-despres\/#breadcrumb\"},\"inLanguage\":\"fr-FR\",\"potentialAction\":[{\"@type\":\"ReadAction\",\"target\":[\"https:\/\/www.viaromana.org\/blog\/sur-le-web-morceaux-dnous-musee-de-lavallonnais-jean-despres\/\"]}]},{\"@type\":\"BreadcrumbList\",\"@id\":\"https:\/\/www.viaromana.org\/blog\/sur-le-web-morceaux-dnous-musee-de-lavallonnais-jean-despres\/#breadcrumb\",\"itemListElement\":[{\"@type\":\"ListItem\",\"position\":1,\"name\":\"Accueil\",\"item\":\"https:\/\/www.viaromana.org\/blog\/\"},{\"@type\":\"ListItem\",\"position\":2,\"name\":\"Sur le web : Morceaux d\u2019nous \u2013 Mus\u00e9e de l\u2019Avallonnais Jean Despr\u00e9s\"}]},{\"@type\":\"WebSite\",\"@id\":\"https:\/\/www.viaromana.org\/blog\/#website\",\"url\":\"https:\/\/www.viaromana.org\/blog\/\",\"name\":\"Viaromana et arch\u00e9ologie.\",\"description\":\"Site arch\u00e9ologique de la voie romaine (viaromana) Belgique-France-Rome\",\"publisher\":{\"@id\":\"https:\/\/www.viaromana.org\/blog\/#organization\"},\"potentialAction\":[{\"@type\":\"SearchAction\",\"target\":{\"@type\":\"EntryPoint\",\"urlTemplate\":\"https:\/\/www.viaromana.org\/blog\/?s={search_term_string}\"},\"query-input\":\"required name=search_term_string\"}],\"inLanguage\":\"fr-FR\"},{\"@type\":\"Organization\",\"@id\":\"https:\/\/www.viaromana.org\/blog\/#organization\",\"name\":\"viaromana\",\"url\":\"https:\/\/www.viaromana.org\/blog\/\",\"logo\":{\"@type\":\"ImageObject\",\"inLanguage\":\"fr-FR\",\"@id\":\"https:\/\/www.viaromana.org\/blog\/#\/schema\/logo\/image\/\",\"url\":\"https:\/\/www.viaromana.org\/blog\/wp-content\/uploads\/2021\/12\/logo-3.png\",\"contentUrl\":\"https:\/\/www.viaromana.org\/blog\/wp-content\/uploads\/2021\/12\/logo-3.png\",\"width\":300,\"height\":249,\"caption\":\"viaromana\"},\"image\":{\"@id\":\"https:\/\/www.viaromana.org\/blog\/#\/schema\/logo\/image\/\"}},{\"@type\":\"Person\",\"@id\":\"https:\/\/www.viaromana.org\/blog\/#\/schema\/person\/cde9c4655845091e1fe473fcd163c889\",\"name\":\"Robert\",\"image\":{\"@type\":\"ImageObject\",\"inLanguage\":\"fr-FR\",\"@id\":\"https:\/\/www.viaromana.org\/blog\/#\/schema\/person\/image\/\",\"url\":\"https:\/\/secure.gravatar.com\/avatar\/a168ec191013b636c2f278aec04e724b?s=96&d=mm&r=g\",\"contentUrl\":\"https:\/\/secure.gravatar.com\/avatar\/a168ec191013b636c2f278aec04e724b?s=96&d=mm&r=g\",\"caption\":\"Robert\"},\"sameAs\":[\"https:\/\/www.viaromana.org\/blog\"],\"url\":\"https:\/\/www.viaromana.org\/blog\/author\/anaadmin\/\"}]}<\/script>\n<!-- \/ Yoast SEO plugin. -->","yoast_head_json":{"title":"Sur le web : Morceaux d\u2019nous \u2013 Mus\u00e9e de l\u2019Avallonnais Jean Despr\u00e9s - Viaromana et arch\u00e9ologie.","description":"Sur le web : Morceaux d\u2019nous \u2013 Mus\u00e9e de l\u2019Avallonnais Jean Despr\u00e9s article de Viaromana et arch\u00e9ologie.","robots":{"index":"index","follow":"follow","max-snippet":"max-snippet:-1","max-image-preview":"max-image-preview:large","max-video-preview":"max-video-preview:-1"},"canonical":"https:\/\/www.viaromana.org\/blog\/sur-le-web-morceaux-dnous-musee-de-lavallonnais-jean-despres\/","og_locale":"fr_FR","og_type":"article","og_title":"Sur le web : Morceaux d\u2019nous \u2013 Mus\u00e9e de l\u2019Avallonnais Jean Despr\u00e9s - Viaromana et arch\u00e9ologie.","og_description":"Sur le web : Morceaux d\u2019nous \u2013 Mus\u00e9e de l\u2019Avallonnais Jean Despr\u00e9s article de Viaromana et arch\u00e9ologie.","og_url":"https:\/\/www.viaromana.org\/blog\/sur-le-web-morceaux-dnous-musee-de-lavallonnais-jean-despres\/","og_site_name":"Viaromana et arch\u00e9ologie.","article_published_time":"2021-08-24T13:43:55+00:00","og_image":[{"width":1920,"height":2560,"url":"https:\/\/www.viaromana.org\/blog\/wp-content\/uploads\/2022\/06\/unnamed-file-28-scaled.jpg","type":"image\/jpeg"}],"author":"Robert","twitter_card":"summary_large_image","twitter_misc":{"\u00c9crit par":"Robert","Dur\u00e9e de lecture estim\u00e9e":"2 minutes"},"schema":{"@context":"https:\/\/schema.org","@graph":[{"@type":"Article","@id":"https:\/\/www.viaromana.org\/blog\/sur-le-web-morceaux-dnous-musee-de-lavallonnais-jean-despres\/#article","isPartOf":{"@id":"https:\/\/www.viaromana.org\/blog\/sur-le-web-morceaux-dnous-musee-de-lavallonnais-jean-despres\/"},"author":{"name":"Robert","@id":"https:\/\/www.viaromana.org\/blog\/#\/schema\/person\/cde9c4655845091e1fe473fcd163c889"},"headline":"Sur le web : Morceaux d\u2019nous \u2013 Mus\u00e9e de l\u2019Avallonnais Jean Despr\u00e9s","datePublished":"2021-08-24T13:43:55+00:00","dateModified":"2021-08-24T13:43:55+00:00","mainEntityOfPage":{"@id":"https:\/\/www.viaromana.org\/blog\/sur-le-web-morceaux-dnous-musee-de-lavallonnais-jean-despres\/"},"wordCount":402,"publisher":{"@id":"https:\/\/www.viaromana.org\/blog\/#organization"},"articleSection":["Arch\u00e9ologie"],"inLanguage":"fr-FR"},{"@type":"WebPage","@id":"https:\/\/www.viaromana.org\/blog\/sur-le-web-morceaux-dnous-musee-de-lavallonnais-jean-despres\/","url":"https:\/\/www.viaromana.org\/blog\/sur-le-web-morceaux-dnous-musee-de-lavallonnais-jean-despres\/","name":"Sur le web : Morceaux d\u2019nous \u2013 Mus\u00e9e de l\u2019Avallonnais Jean Despr\u00e9s - Viaromana et arch\u00e9ologie.","isPartOf":{"@id":"https:\/\/www.viaromana.org\/blog\/#website"},"datePublished":"2021-08-24T13:43:55+00:00","dateModified":"2021-08-24T13:43:55+00:00","description":"Sur le web : Morceaux d\u2019nous \u2013 Mus\u00e9e de l\u2019Avallonnais Jean Despr\u00e9s article de Viaromana et arch\u00e9ologie.","breadcrumb":{"@id":"https:\/\/www.viaromana.org\/blog\/sur-le-web-morceaux-dnous-musee-de-lavallonnais-jean-despres\/#breadcrumb"},"inLanguage":"fr-FR","potentialAction":[{"@type":"ReadAction","target":["https:\/\/www.viaromana.org\/blog\/sur-le-web-morceaux-dnous-musee-de-lavallonnais-jean-despres\/"]}]},{"@type":"BreadcrumbList","@id":"https:\/\/www.viaromana.org\/blog\/sur-le-web-morceaux-dnous-musee-de-lavallonnais-jean-despres\/#breadcrumb","itemListElement":[{"@type":"ListItem","position":1,"name":"Accueil","item":"https:\/\/www.viaromana.org\/blog\/"},{"@type":"ListItem","position":2,"name":"Sur le web : Morceaux d\u2019nous \u2013 Mus\u00e9e de l\u2019Avallonnais Jean Despr\u00e9s"}]},{"@type":"WebSite","@id":"https:\/\/www.viaromana.org\/blog\/#website","url":"https:\/\/www.viaromana.org\/blog\/","name":"Viaromana et arch\u00e9ologie.","description":"Site arch\u00e9ologique de la voie romaine (viaromana) Belgique-France-Rome","publisher":{"@id":"https:\/\/www.viaromana.org\/blog\/#organization"},"potentialAction":[{"@type":"SearchAction","target":{"@type":"EntryPoint","urlTemplate":"https:\/\/www.viaromana.org\/blog\/?s={search_term_string}"},"query-input":"required name=search_term_string"}],"inLanguage":"fr-FR"},{"@type":"Organization","@id":"https:\/\/www.viaromana.org\/blog\/#organization","name":"viaromana","url":"https:\/\/www.viaromana.org\/blog\/","logo":{"@type":"ImageObject","inLanguage":"fr-FR","@id":"https:\/\/www.viaromana.org\/blog\/#\/schema\/logo\/image\/","url":"https:\/\/www.viaromana.org\/blog\/wp-content\/uploads\/2021\/12\/logo-3.png","contentUrl":"https:\/\/www.viaromana.org\/blog\/wp-content\/uploads\/2021\/12\/logo-3.png","width":300,"height":249,"caption":"viaromana"},"image":{"@id":"https:\/\/www.viaromana.org\/blog\/#\/schema\/logo\/image\/"}},{"@type":"Person","@id":"https:\/\/www.viaromana.org\/blog\/#\/schema\/person\/cde9c4655845091e1fe473fcd163c889","name":"Robert","image":{"@type":"ImageObject","inLanguage":"fr-FR","@id":"https:\/\/www.viaromana.org\/blog\/#\/schema\/person\/image\/","url":"https:\/\/secure.gravatar.com\/avatar\/a168ec191013b636c2f278aec04e724b?s=96&d=mm&r=g","contentUrl":"https:\/\/secure.gravatar.com\/avatar\/a168ec191013b636c2f278aec04e724b?s=96&d=mm&r=g","caption":"Robert"},"sameAs":["https:\/\/www.viaromana.org\/blog"],"url":"https:\/\/www.viaromana.org\/blog\/author\/anaadmin\/"}]}},"_links":{"self":[{"href":"https:\/\/www.viaromana.org\/blog\/wp-json\/wp\/v2\/posts\/911"}],"collection":[{"href":"https:\/\/www.viaromana.org\/blog\/wp-json\/wp\/v2\/posts"}],"about":[{"href":"https:\/\/www.viaromana.org\/blog\/wp-json\/wp\/v2\/types\/post"}],"author":[{"embeddable":true,"href":"https:\/\/www.viaromana.org\/blog\/wp-json\/wp\/v2\/users\/1"}],"replies":[{"embeddable":true,"href":"https:\/\/www.viaromana.org\/blog\/wp-json\/wp\/v2\/comments?post=911"}],"version-history":[{"count":0,"href":"https:\/\/www.viaromana.org\/blog\/wp-json\/wp\/v2\/posts\/911\/revisions"}],"wp:featuredmedia":[{"embeddable":true,"href":"https:\/\/www.viaromana.org\/blog\/wp-json\/wp\/v2\/media\/912"}],"wp:attachment":[{"href":"https:\/\/www.viaromana.org\/blog\/wp-json\/wp\/v2\/media?parent=911"}],"wp:term":[{"taxonomy":"category","embeddable":true,"href":"https:\/\/www.viaromana.org\/blog\/wp-json\/wp\/v2\/categories?post=911"},{"taxonomy":"post_tag","embeddable":true,"href":"https:\/\/www.viaromana.org\/blog\/wp-json\/wp\/v2\/tags?post=911"}],"curies":[{"name":"wp","href":"https:\/\/api.w.org\/{rel}","templated":true}]}}