{"id":893,"date":"2022-02-02T11:10:00","date_gmt":"2022-02-02T09:10:00","guid":{"rendered":"https:\/\/www.site.cdcl.xyz\/2022\/02\/02\/information-pour-les-fans-appel-a-projet-pour-la-construction-de-150-logements\/"},"modified":"2022-02-02T11:10:00","modified_gmt":"2022-02-02T09:10:00","slug":"information-pour-les-fans-appel-a-projet-pour-la-construction-de-150-logements","status":"publish","type":"post","link":"https:\/\/www.viaromana.org\/blog\/information-pour-les-fans-appel-a-projet-pour-la-construction-de-150-logements\/","title":{"rendered":"Information pour les fans : Appel \u00e0 projet pour la construction de 150 logements"},"content":{"rendered":"<p>Dans le cadre de notre mandat de vous informer, nous publions ci-dessous un post vu sur internet ce jour. La th\u00e9matique est \u00abl\u2019arch\u00e9ologie\u00bb.<\/p>\n<p>Le titre (Appel \u00e0 projet pour la construction de 150 logements) est sans \u00e9quivoque.<\/p>\n<p>Sachez que l\u2019\u00e9ditorialiste (pr\u00e9sent\u00e9 sous le nom d\u2019anonymat<br \/>) est positivement connu.<\/p>\n<p>Les informations \u00e9dit\u00e9es sont par cons\u00e9quent pr\u00e9sum\u00e9es valables.<\/p>\n<p>Sachez que la date de parution est 2022-02-02 10:10:00.<\/p>\n<p><img decoding=\"async\" src=\"https:\/\/www.viaromana.org\/blog\/wp-content\/uploads\/2022\/06\/information-pour-les-fans-appel-a-projet-pour-la-construction-de-150-logements.jpg\"><\/p>\n<div>\n<p>Niort Agglo lance un appel \u00e0 projet aupr\u00e8s d\u2019op\u00e9rateurs-promoteurs pour la r\u00e9alisation d\u2019une op\u00e9ration d\u2019habitat interg\u00e9n\u00e9rationnel dans le quartier r\u00e9sidentiel Niort-Ribray.<\/p>\n<\/div>\n<div>\n<p>En septembre 2018, l\u2019Agglom\u00e9ration du Niortais a souhait\u00e9 engager une op\u00e9ration de recyclage foncier et de renouvellement urbain sur deux \u00eelots du secteur Ribray afin de redynamiser le quartier, de lui donner une nouvelle image et de favoriser la mixit\u00e9 sociale. Un travail a \u00e9t\u00e9 men\u00e9 avec Deux-S\u00e8vres Habitat, propri\u00e9taire, pour engager la d\u00e9molition des 58 maisons pr\u00e9sentes sur ces \u00eelots et dont la vacance \u00e9tait effective depuis plusieurs mois.&nbsp; Les travaux de d\u00e9pollution ont \u00e9t\u00e9 r\u00e9alis\u00e9s fin 2020 et l\u2019Agglom\u00e9ration, pilote de l\u2019op\u00e9ration a acquis les terrains en juillet 2021.<\/p>\n<h3>R\u00e9alisation d\u2019am\u00e9nagements paysagers<\/h3>\n<p>Dans l\u2019attente de la concr\u00e9tisation du projet d\u2019habitat (objet de l\u2019appel \u00e0 projet), la Ville de Niort et l\u2019Agglom\u00e9ration du Niortais ont souhait\u00e9 accompagner les diff\u00e9rentes temporalit\u00e9s d\u2019am\u00e9nagement en r\u00e9alisant un espace public paysager sur le reste du foncier.<\/p>\n<p>R\u00e9partis en deux \u00eelots situ\u00e9s au plus pr\u00e8s des immeubles&nbsp;de logements sociaux, cet espace public d\u2019une surface de 8 237 m\u00b2 est compos\u00e9 de&nbsp;:&nbsp;<\/p>\n<ul>\n<li>6 732 m\u00b2 de gazon et de prairie fleurie<\/li>\n<li>24 Tilleuls \u00e0 grandes feuilles et Micocouliers de Provence<\/li>\n<li>1 639 arbustes<\/li>\n<li>312 m\u00e8tres lin\u00e9aires de cheminement cr\u00e9\u00e9s<\/li>\n<\/ul>\n<p>Le co\u00fbt de l\u2019op\u00e9ration est de 202 273 \u20ac TTC (\u00e9tudes + travaux). &nbsp;Les \u00e9tudes de ma\u00eetrise d\u2019\u0153uvre sont prises en charge 50\/50 par la Ville de Niort et l\u2019Agglom\u00e9ration du Niortais et les travaux sont r\u00e9partis en fonction des comp\u00e9tences de chaque collectivit\u00e9, soit une participation totale de 144 689 \u20ac TTC pour la Ville de Niort et de 57 584 \u20ac TTC pour l\u2019Agglom\u00e9ration du Niortais. Ma\u00eetre d\u2019ouvrage&nbsp;: Niort Agglo, en partenariat avec la Ville de Niort. Ma\u00eetre d\u2019\u0153uvre&nbsp;: ARRDHOR CRITT horticole. Entreprise d\u2019espaces verts&nbsp;: IDVERDE.<\/p>\n<h3>Lancement d\u2019un appel \u00e0 projet habitat<\/h3>\n<p>Pour rendre le quartier plus attractif et r\u00e9pondre \u00e0 l\u2019enjeu de mixit\u00e9 sociale, la Communaut\u00e9 d\u2019Agglom\u00e9ration du Niortais lance un appel \u00e0 projet aupr\u00e8s d\u2019op\u00e9rateurs-promoteurs. Les deux \u00eelots concern\u00e9s sont le Village de Ribray (9 397 m\u00b2 de part et d\u2019autre de la rue Dumont-d\u2019Urville) et le Parc (4 667 m\u00b2 entre les rues de la Tour-Chabot et Max-Linder).<\/p>\n<p>Cet appel \u00e0 projet a pour objet la cession des deux emprises fonci\u00e8res et la r\u00e9alisation d\u2019une op\u00e9ration d\u2019habitat interg\u00e9n\u00e9rationnel. Environ 150 logements r\u00e9pondant aux besoins des familles, des \u00e9tudiants et des seniors en ville devront \u00eatre cr\u00e9\u00e9s. Ils devront aussi respecter les principes d\u2019un quartier durable&nbsp;: notamment, neutralit\u00e9 carbone, sobri\u00e9t\u00e9 de l\u2019architecture, int\u00e9gration urbaine et paysag\u00e8re, habitat responsable (consommation \u00e9nerg\u00e9tique, gestion des d\u00e9chets\u2026), mobilit\u00e9s douces, etc. <em>\u00ab&nbsp;L\u2019enjeu est de construire des quartiers qui sont en lien les uns avec les autres et qui participent compl\u00e8tement de la ville&nbsp;\u00bb<\/em> a rappel\u00e9 le pr\u00e9sident J\u00e9r\u00f4me Baloge, lors du point presse qui s\u2019est tenu mardi 1<sup>er<\/sup> f\u00e9vrier 2022.<em> \u00ab&nbsp;Le secteur de Niort-Ribray a une forte potentialit\u00e9. Il est tr\u00e8s proche du centre-ville et est aussi connect\u00e9 \u00e0 Boinot et Bessac, grace au grand escalier&nbsp;\u00bb <\/em>qui le relie \u00e0 la rue du Bas-Sablonnier.<\/p>\n<p>La date limite de remise des offres d\u2019acquisition est fix\u00e9e au 22 avril 2022 \u00e0 midi.<\/p>\n<p>T\u00e9l\u00e9chargement du dossier<\/p>\n<\/div>\n<p>A lire sur le m\u00eame th\u00e8me:<\/p>\n<p>Un milliard d\u2019ann\u00e9es plus tard\u2026.,<a target=\"_blank\" rel=\"nofollow\" href=\"https:\/\/www.viaromana.org\/blog\/goto\/https:\/\/booknode.com\/un_milliard_dannees_plus_tard_0107972\"  target=\"_blank\" rel=\"noopener noreferrer nofollow\">(Disponible) <\/a><span><\/span>.<\/p>\n<p>L\u2019Or de Sparte.,<a target=\"_blank\" rel=\"nofollow\" href=\"https:\/\/www.viaromana.org\/blog\/goto\/https:\/\/booknode.com\/lor_de_sparte_0219482\"  target=\"_blank\" rel=\"noopener noreferrer nofollow\">(la couverture) <\/a><span><\/span>.<\/p>\n<p>R\u00e9v\u00e9lations de l\u2019arch\u00e9ologie.,<a target=\"_blank\" rel=\"nofollow\" href=\"https:\/\/www.viaromana.org\/blog\/goto\/https:\/\/www.epagine.fr\/ebook\/9782706266348-revelations-de-l-archeologie-henri-paul-eydoux\/\"  target=\"_blank\" rel=\"noopener noreferrer nofollow\">Le livre <\/a><span><\/span>.<\/p>\n<p>Pour une histoire de la pr\u00e9histoire oc\u00e9anienne.,<a target=\"_blank\" rel=\"nofollow\" href=\"https:\/\/www.viaromana.org\/blog\/goto\/https:\/\/www.kobo.com\/de\/fr\/ebook\/pour-une-histoire-de-la-prehistoire-oceanienne\"  target=\"_blank\" rel=\"noopener noreferrer nofollow\">Clicker Ici <\/a><span><\/span>.<\/p>\n","protected":false},"excerpt":{"rendered":"<p>Dans le cadre de notre mandat de vous informer, nous publions ci-dessous un post vu sur internet ce jour. La th\u00e9matique est \u00abl\u2019arch\u00e9ologie\u00bb. Le titre (Appel \u00e0 projet pour la construction de 150 logements) est sans \u00e9quivoque. Sachez que l\u2019\u00e9ditorialiste (pr\u00e9sent\u00e9 sous le nom d\u2019anonymat) est positivement connu. Les informations \u00e9dit\u00e9es sont par cons\u00e9quent pr\u00e9sum\u00e9es valables. Sachez que la date de parution est 2022-02-02 10:10:00. Niort Agglo lance un appel \u00e0 projet aupr\u00e8s d\u2019op\u00e9rateurs-promoteurs pour la r\u00e9alisation d\u2019une op\u00e9ration d\u2019habitat interg\u00e9n\u00e9rationnel dans le quartier r\u00e9sidentiel Niort-Ribray. En septembre 2018, l\u2019Agglom\u00e9ration du Niortais a souhait\u00e9 engager une op\u00e9ration de recyclage foncier\u2026<\/p>\n","protected":false},"author":1,"featured_media":894,"comment_status":"closed","ping_status":"closed","sticky":false,"template":"","format":"standard","meta":{"footnotes":""},"categories":[2],"tags":[],"blocksy_meta":{"styles_descriptor":{"styles":{"desktop":"","tablet":"","mobile":""},"google_fonts":[],"version":4}},"yoast_head":"<!-- This site is optimized with the Yoast SEO plugin v21.1 - https:\/\/yoast.com\/wordpress\/plugins\/seo\/ -->\n<title>Information pour les fans : Appel \u00e0 projet pour la construction de 150 logements - Viaromana et arch\u00e9ologie.<\/title>\n<meta name=\"description\" content=\"Information pour les fans : Appel \u00e0 projet pour la construction de 150 logements article de Viaromana et arch\u00e9ologie.\" \/>\n<meta name=\"robots\" content=\"index, follow, max-snippet:-1, max-image-preview:large, max-video-preview:-1\" \/>\n<link rel=\"canonical\" href=\"https:\/\/www.viaromana.org\/blog\/information-pour-les-fans-appel-a-projet-pour-la-construction-de-150-logements\/\" \/>\n<meta property=\"og:locale\" content=\"fr_FR\" \/>\n<meta property=\"og:type\" content=\"article\" \/>\n<meta property=\"og:title\" content=\"Information pour les fans : Appel \u00e0 projet pour la construction de 150 logements - Viaromana et arch\u00e9ologie.\" \/>\n<meta property=\"og:description\" content=\"Information pour les fans : Appel \u00e0 projet pour la construction de 150 logements article de Viaromana et arch\u00e9ologie.\" \/>\n<meta property=\"og:url\" content=\"https:\/\/www.viaromana.org\/blog\/information-pour-les-fans-appel-a-projet-pour-la-construction-de-150-logements\/\" \/>\n<meta property=\"og:site_name\" content=\"Viaromana et arch\u00e9ologie.\" \/>\n<meta property=\"article:published_time\" content=\"2022-02-02T09:10:00+00:00\" \/>\n<meta property=\"og:image\" content=\"https:\/\/www.viaromana.org\/blog\/wp-content\/uploads\/2022\/06\/unnamed-file-21-scaled.jpg\" \/>\n\t<meta property=\"og:image:width\" content=\"2560\" \/>\n\t<meta property=\"og:image:height\" content=\"1920\" \/>\n\t<meta property=\"og:image:type\" content=\"image\/jpeg\" \/>\n<meta name=\"author\" content=\"Robert\" \/>\n<meta name=\"twitter:card\" content=\"summary_large_image\" \/>\n<meta name=\"twitter:label1\" content=\"\u00c9crit par\" \/>\n\t<meta name=\"twitter:data1\" content=\"Robert\" \/>\n\t<meta name=\"twitter:label2\" content=\"Dur\u00e9e de lecture estim\u00e9e\" \/>\n\t<meta name=\"twitter:data2\" content=\"4 minutes\" \/>\n<script type=\"application\/ld+json\" class=\"yoast-schema-graph\">{\"@context\":\"https:\/\/schema.org\",\"@graph\":[{\"@type\":\"Article\",\"@id\":\"https:\/\/www.viaromana.org\/blog\/information-pour-les-fans-appel-a-projet-pour-la-construction-de-150-logements\/#article\",\"isPartOf\":{\"@id\":\"https:\/\/www.viaromana.org\/blog\/information-pour-les-fans-appel-a-projet-pour-la-construction-de-150-logements\/\"},\"author\":{\"name\":\"Robert\",\"@id\":\"https:\/\/www.viaromana.org\/blog\/#\/schema\/person\/cde9c4655845091e1fe473fcd163c889\"},\"headline\":\"Information pour les fans : Appel \u00e0 projet pour la construction de 150 logements\",\"datePublished\":\"2022-02-02T09:10:00+00:00\",\"dateModified\":\"2022-02-02T09:10:00+00:00\",\"mainEntityOfPage\":{\"@id\":\"https:\/\/www.viaromana.org\/blog\/information-pour-les-fans-appel-a-projet-pour-la-construction-de-150-logements\/\"},\"wordCount\":717,\"publisher\":{\"@id\":\"https:\/\/www.viaromana.org\/blog\/#organization\"},\"articleSection\":[\"Arch\u00e9ologie\"],\"inLanguage\":\"fr-FR\"},{\"@type\":\"WebPage\",\"@id\":\"https:\/\/www.viaromana.org\/blog\/information-pour-les-fans-appel-a-projet-pour-la-construction-de-150-logements\/\",\"url\":\"https:\/\/www.viaromana.org\/blog\/information-pour-les-fans-appel-a-projet-pour-la-construction-de-150-logements\/\",\"name\":\"Information pour les fans : Appel \u00e0 projet pour la construction de 150 logements - Viaromana et arch\u00e9ologie.\",\"isPartOf\":{\"@id\":\"https:\/\/www.viaromana.org\/blog\/#website\"},\"datePublished\":\"2022-02-02T09:10:00+00:00\",\"dateModified\":\"2022-02-02T09:10:00+00:00\",\"description\":\"Information pour les fans : Appel \u00e0 projet pour la construction de 150 logements article de Viaromana et arch\u00e9ologie.\",\"breadcrumb\":{\"@id\":\"https:\/\/www.viaromana.org\/blog\/information-pour-les-fans-appel-a-projet-pour-la-construction-de-150-logements\/#breadcrumb\"},\"inLanguage\":\"fr-FR\",\"potentialAction\":[{\"@type\":\"ReadAction\",\"target\":[\"https:\/\/www.viaromana.org\/blog\/information-pour-les-fans-appel-a-projet-pour-la-construction-de-150-logements\/\"]}]},{\"@type\":\"BreadcrumbList\",\"@id\":\"https:\/\/www.viaromana.org\/blog\/information-pour-les-fans-appel-a-projet-pour-la-construction-de-150-logements\/#breadcrumb\",\"itemListElement\":[{\"@type\":\"ListItem\",\"position\":1,\"name\":\"Accueil\",\"item\":\"https:\/\/www.viaromana.org\/blog\/\"},{\"@type\":\"ListItem\",\"position\":2,\"name\":\"Information pour les fans : Appel \u00e0 projet pour la construction de 150 logements\"}]},{\"@type\":\"WebSite\",\"@id\":\"https:\/\/www.viaromana.org\/blog\/#website\",\"url\":\"https:\/\/www.viaromana.org\/blog\/\",\"name\":\"Viaromana et arch\u00e9ologie.\",\"description\":\"Site arch\u00e9ologique de la voie romaine (viaromana) Belgique-France-Rome\",\"publisher\":{\"@id\":\"https:\/\/www.viaromana.org\/blog\/#organization\"},\"potentialAction\":[{\"@type\":\"SearchAction\",\"target\":{\"@type\":\"EntryPoint\",\"urlTemplate\":\"https:\/\/www.viaromana.org\/blog\/?s={search_term_string}\"},\"query-input\":\"required name=search_term_string\"}],\"inLanguage\":\"fr-FR\"},{\"@type\":\"Organization\",\"@id\":\"https:\/\/www.viaromana.org\/blog\/#organization\",\"name\":\"viaromana\",\"url\":\"https:\/\/www.viaromana.org\/blog\/\",\"logo\":{\"@type\":\"ImageObject\",\"inLanguage\":\"fr-FR\",\"@id\":\"https:\/\/www.viaromana.org\/blog\/#\/schema\/logo\/image\/\",\"url\":\"https:\/\/www.viaromana.org\/blog\/wp-content\/uploads\/2021\/12\/logo-3.png\",\"contentUrl\":\"https:\/\/www.viaromana.org\/blog\/wp-content\/uploads\/2021\/12\/logo-3.png\",\"width\":300,\"height\":249,\"caption\":\"viaromana\"},\"image\":{\"@id\":\"https:\/\/www.viaromana.org\/blog\/#\/schema\/logo\/image\/\"}},{\"@type\":\"Person\",\"@id\":\"https:\/\/www.viaromana.org\/blog\/#\/schema\/person\/cde9c4655845091e1fe473fcd163c889\",\"name\":\"Robert\",\"image\":{\"@type\":\"ImageObject\",\"inLanguage\":\"fr-FR\",\"@id\":\"https:\/\/www.viaromana.org\/blog\/#\/schema\/person\/image\/\",\"url\":\"https:\/\/secure.gravatar.com\/avatar\/a168ec191013b636c2f278aec04e724b?s=96&d=mm&r=g\",\"contentUrl\":\"https:\/\/secure.gravatar.com\/avatar\/a168ec191013b636c2f278aec04e724b?s=96&d=mm&r=g\",\"caption\":\"Robert\"},\"sameAs\":[\"https:\/\/www.viaromana.org\/blog\"],\"url\":\"https:\/\/www.viaromana.org\/blog\/author\/anaadmin\/\"}]}<\/script>\n<!-- \/ Yoast SEO plugin. -->","yoast_head_json":{"title":"Information pour les fans : Appel \u00e0 projet pour la construction de 150 logements - Viaromana et arch\u00e9ologie.","description":"Information pour les fans : Appel \u00e0 projet pour la construction de 150 logements article de Viaromana et arch\u00e9ologie.","robots":{"index":"index","follow":"follow","max-snippet":"max-snippet:-1","max-image-preview":"max-image-preview:large","max-video-preview":"max-video-preview:-1"},"canonical":"https:\/\/www.viaromana.org\/blog\/information-pour-les-fans-appel-a-projet-pour-la-construction-de-150-logements\/","og_locale":"fr_FR","og_type":"article","og_title":"Information pour les fans : Appel \u00e0 projet pour la construction de 150 logements - Viaromana et arch\u00e9ologie.","og_description":"Information pour les fans : Appel \u00e0 projet pour la construction de 150 logements article de Viaromana et arch\u00e9ologie.","og_url":"https:\/\/www.viaromana.org\/blog\/information-pour-les-fans-appel-a-projet-pour-la-construction-de-150-logements\/","og_site_name":"Viaromana et arch\u00e9ologie.","article_published_time":"2022-02-02T09:10:00+00:00","og_image":[{"width":2560,"height":1920,"url":"https:\/\/www.viaromana.org\/blog\/wp-content\/uploads\/2022\/06\/unnamed-file-21-scaled.jpg","type":"image\/jpeg"}],"author":"Robert","twitter_card":"summary_large_image","twitter_misc":{"\u00c9crit par":"Robert","Dur\u00e9e de lecture estim\u00e9e":"4 minutes"},"schema":{"@context":"https:\/\/schema.org","@graph":[{"@type":"Article","@id":"https:\/\/www.viaromana.org\/blog\/information-pour-les-fans-appel-a-projet-pour-la-construction-de-150-logements\/#article","isPartOf":{"@id":"https:\/\/www.viaromana.org\/blog\/information-pour-les-fans-appel-a-projet-pour-la-construction-de-150-logements\/"},"author":{"name":"Robert","@id":"https:\/\/www.viaromana.org\/blog\/#\/schema\/person\/cde9c4655845091e1fe473fcd163c889"},"headline":"Information pour les fans : Appel \u00e0 projet pour la construction de 150 logements","datePublished":"2022-02-02T09:10:00+00:00","dateModified":"2022-02-02T09:10:00+00:00","mainEntityOfPage":{"@id":"https:\/\/www.viaromana.org\/blog\/information-pour-les-fans-appel-a-projet-pour-la-construction-de-150-logements\/"},"wordCount":717,"publisher":{"@id":"https:\/\/www.viaromana.org\/blog\/#organization"},"articleSection":["Arch\u00e9ologie"],"inLanguage":"fr-FR"},{"@type":"WebPage","@id":"https:\/\/www.viaromana.org\/blog\/information-pour-les-fans-appel-a-projet-pour-la-construction-de-150-logements\/","url":"https:\/\/www.viaromana.org\/blog\/information-pour-les-fans-appel-a-projet-pour-la-construction-de-150-logements\/","name":"Information pour les fans : Appel \u00e0 projet pour la construction de 150 logements - Viaromana et arch\u00e9ologie.","isPartOf":{"@id":"https:\/\/www.viaromana.org\/blog\/#website"},"datePublished":"2022-02-02T09:10:00+00:00","dateModified":"2022-02-02T09:10:00+00:00","description":"Information pour les fans : Appel \u00e0 projet pour la construction de 150 logements article de Viaromana et arch\u00e9ologie.","breadcrumb":{"@id":"https:\/\/www.viaromana.org\/blog\/information-pour-les-fans-appel-a-projet-pour-la-construction-de-150-logements\/#breadcrumb"},"inLanguage":"fr-FR","potentialAction":[{"@type":"ReadAction","target":["https:\/\/www.viaromana.org\/blog\/information-pour-les-fans-appel-a-projet-pour-la-construction-de-150-logements\/"]}]},{"@type":"BreadcrumbList","@id":"https:\/\/www.viaromana.org\/blog\/information-pour-les-fans-appel-a-projet-pour-la-construction-de-150-logements\/#breadcrumb","itemListElement":[{"@type":"ListItem","position":1,"name":"Accueil","item":"https:\/\/www.viaromana.org\/blog\/"},{"@type":"ListItem","position":2,"name":"Information pour les fans : Appel \u00e0 projet pour la construction de 150 logements"}]},{"@type":"WebSite","@id":"https:\/\/www.viaromana.org\/blog\/#website","url":"https:\/\/www.viaromana.org\/blog\/","name":"Viaromana et arch\u00e9ologie.","description":"Site arch\u00e9ologique de la voie romaine (viaromana) Belgique-France-Rome","publisher":{"@id":"https:\/\/www.viaromana.org\/blog\/#organization"},"potentialAction":[{"@type":"SearchAction","target":{"@type":"EntryPoint","urlTemplate":"https:\/\/www.viaromana.org\/blog\/?s={search_term_string}"},"query-input":"required name=search_term_string"}],"inLanguage":"fr-FR"},{"@type":"Organization","@id":"https:\/\/www.viaromana.org\/blog\/#organization","name":"viaromana","url":"https:\/\/www.viaromana.org\/blog\/","logo":{"@type":"ImageObject","inLanguage":"fr-FR","@id":"https:\/\/www.viaromana.org\/blog\/#\/schema\/logo\/image\/","url":"https:\/\/www.viaromana.org\/blog\/wp-content\/uploads\/2021\/12\/logo-3.png","contentUrl":"https:\/\/www.viaromana.org\/blog\/wp-content\/uploads\/2021\/12\/logo-3.png","width":300,"height":249,"caption":"viaromana"},"image":{"@id":"https:\/\/www.viaromana.org\/blog\/#\/schema\/logo\/image\/"}},{"@type":"Person","@id":"https:\/\/www.viaromana.org\/blog\/#\/schema\/person\/cde9c4655845091e1fe473fcd163c889","name":"Robert","image":{"@type":"ImageObject","inLanguage":"fr-FR","@id":"https:\/\/www.viaromana.org\/blog\/#\/schema\/person\/image\/","url":"https:\/\/secure.gravatar.com\/avatar\/a168ec191013b636c2f278aec04e724b?s=96&d=mm&r=g","contentUrl":"https:\/\/secure.gravatar.com\/avatar\/a168ec191013b636c2f278aec04e724b?s=96&d=mm&r=g","caption":"Robert"},"sameAs":["https:\/\/www.viaromana.org\/blog"],"url":"https:\/\/www.viaromana.org\/blog\/author\/anaadmin\/"}]}},"_links":{"self":[{"href":"https:\/\/www.viaromana.org\/blog\/wp-json\/wp\/v2\/posts\/893"}],"collection":[{"href":"https:\/\/www.viaromana.org\/blog\/wp-json\/wp\/v2\/posts"}],"about":[{"href":"https:\/\/www.viaromana.org\/blog\/wp-json\/wp\/v2\/types\/post"}],"author":[{"embeddable":true,"href":"https:\/\/www.viaromana.org\/blog\/wp-json\/wp\/v2\/users\/1"}],"replies":[{"embeddable":true,"href":"https:\/\/www.viaromana.org\/blog\/wp-json\/wp\/v2\/comments?post=893"}],"version-history":[{"count":0,"href":"https:\/\/www.viaromana.org\/blog\/wp-json\/wp\/v2\/posts\/893\/revisions"}],"wp:featuredmedia":[{"embeddable":true,"href":"https:\/\/www.viaromana.org\/blog\/wp-json\/wp\/v2\/media\/894"}],"wp:attachment":[{"href":"https:\/\/www.viaromana.org\/blog\/wp-json\/wp\/v2\/media?parent=893"}],"wp:term":[{"taxonomy":"category","embeddable":true,"href":"https:\/\/www.viaromana.org\/blog\/wp-json\/wp\/v2\/categories?post=893"},{"taxonomy":"post_tag","embeddable":true,"href":"https:\/\/www.viaromana.org\/blog\/wp-json\/wp\/v2\/tags?post=893"}],"curies":[{"name":"wp","href":"https:\/\/api.w.org\/{rel}","templated":true}]}}