{"id":885,"date":"2022-02-04T15:11:27","date_gmt":"2022-02-04T13:11:27","guid":{"rendered":"https:\/\/www.site.cdcl.xyz\/2022\/02\/04\/decouvrez-ce-texte-au-petit-prince-debarque-dans-la-boutique-du-musee\/"},"modified":"2022-02-04T15:11:27","modified_gmt":"2022-02-04T13:11:27","slug":"decouvrez-ce-texte-au-petit-prince-debarque-dans-la-boutique-du-musee","status":"publish","type":"post","link":"https:\/\/www.viaromana.org\/blog\/decouvrez-ce-texte-au-petit-prince-debarque-dans-la-boutique-du-musee\/","title":{"rendered":"Decouvrez ce texte : Au petit prince d\u00e9barque dans la boutique du mus\u00e9e !"},"content":{"rendered":"\n<p>Nous venons de voir ce post sur le th\u00e8me \u00ab&nbsp;l\u2019arch\u00e9ologie&nbsp;\u00bb. Avec r\u00e9gal nous vous en communiquons le plus important plus bas.<\/p>\n<p>Son titre saisissant (Au petit prince d\u00e9barque dans la boutique du mus\u00e9e !) parle de lui-m\u00eame.<\/p>\n<p>Sachez que le chroniqueur (pr\u00e9sent\u00e9 sous la signature museedecarnac) est reconnu comme quelqu\u2019un de s\u00e9rieux pour plusieurs autres textes qu\u2019il a publi\u00e9s sur le web.<\/p>\n<p>Vous pouvez donc faire confiance aux informations qu\u2019il publie.<\/p>\n<p>La date de publication est 2022-02-04 14:11:27.<\/p>\n<div id=\"post-3540\">\n<div class=\"entry-cover\"> <noscript><img decoding=\"async\" loading=\"lazy\" width=\"692\" height=\"312\" src=\"https:\/\/www.viaromana.org\/blog\/wp-content\/uploads\/2022\/06\/decouvrez-ce-texte-au-petit-prince-debarque-dans-la-boutique-du-musee.png\" class=\"attachment-post-thumbnail size-post-thumbnail wp-post-image\" alt><\/noscript><img decoding=\"async\" loading=\"lazy\" width=\"692\" height=\"312\" src=\"https:\/\/www.viaromana.org\/blog\/wp-content\/uploads\/2022\/06\/decouvrez-ce-texte-au-petit-prince-debarque-dans-la-boutique-du-musee.png\" class=\"lazyload attachment-post-thumbnail size-post-thumbnail wp-post-image\" alt><\/div>\n<div class=\"entry-content\">\n<h4>Avis aux gourmands, la boutique du mus\u00e9e propose d\u00e9sormais \u00e0 la vente des douceurs de la c\u00e9l\u00e8bre enseigne bretonne Au petit prince&nbsp;!<\/h4>\n<p>Biscuits de la plage saveur caramel au beurre sal\u00e9, guimauves \u00e0 la fraise ou encore les traditionnels caramels au beurre sal\u00e9 raviront vos papilles.<\/p>\n<p><noscript><img decoding=\"async\" loading=\"lazy\" class=\"size-medium wp-image-3541 aligncenter\" src=\"https:\/\/www.viaromana.org\/blog\/wp-content\/uploads\/2022\/06\/decouvrez-ce-texte-au-petit-prince-debarque-dans-la-boutique-du-musee.jpg\" alt width=\"203\" height=\"300\"><\/noscript><img decoding=\"async\" loading=\"lazy\" class=\"lazyload size-medium wp-image-3541 aligncenter\" src=\"https:\/\/www.viaromana.org\/blog\/wp-content\/uploads\/2022\/06\/decouvrez-ce-texte-au-petit-prince-debarque-dans-la-boutique-du-musee.jpg\" alt width=\"203\" height=\"300\"><\/p>\n<p><strong>Alors n\u2019h\u00e9sitez plus, poussez les portes du mus\u00e9e. D\u00e9lectation intellectuelle et gustative garanties&nbsp;!<\/strong><\/p>\n<p><em>La boutique est accessible sans obligation de visite<\/em><\/p>\n<\/div>\n<\/div>\n<p>Ce propos r\u00e9pond \u00e0 vos interrogations vous adorerez pareillement ces publications :<\/p>\n<p>Sites historiques et culturels majeurs prot\u00e9g\u00e9s au niveau national (Jiangxi).,<a target=\"_blank\" rel=\"nofollow\" href=\"https:\/\/www.viaromana.org\/blog\/goto\/https:\/\/fr.wikipedia.org\/wiki\/Sites_historiques_et_culturels_majeurs_prot%C3%A9g%C3%A9s_au_niveau_national_(Jiangxi)\"  target=\"_blank\" rel=\"noopener noreferrer nofollow\">Le post d\u2019actualit\u00e9.<\/a><span><\/span><\/p>\n<p>Du CICRP \u2013 Centre interr\u00e9gional de conservation et restauration du patrimoine.,<a target=\"_blank\" rel=\"nofollow\" href=\"https:\/\/www.viaromana.org\/blog\/goto\/http:\/\/cicrp.info\/fiches-pratiques\/\"  target=\"_blank\" rel=\"noopener noreferrer nofollow\">L\u2019article de presse.<\/a><span><\/span><\/p>\n<p>CeROArt .,<a target=\"_blank\" rel=\"nofollow\" href=\"https:\/\/www.viaromana.org\/blog\/goto\/http:\/\/www.ceroart.org\/\"  target=\"_blank\" rel=\"noopener noreferrer nofollow\">Le dossier.<\/a><span><\/span><\/p>\n<div id=\"post-3540\">\n<div class=\"entry-cover\"> <noscript><img decoding=\"async\" loading=\"lazy\" width=\"692\" height=\"312\" src=\"https:\/\/www.viaromana.org\/blog\/wp-content\/uploads\/2022\/06\/decouvrez-ce-texte-au-petit-prince-debarque-dans-la-boutique-du-musee.png\" class=\"attachment-post-thumbnail size-post-thumbnail wp-post-image\" alt><\/noscript><img decoding=\"async\" loading=\"lazy\" width=\"692\" height=\"312\" src=\"https:\/\/www.viaromana.org\/blog\/wp-content\/uploads\/2022\/06\/decouvrez-ce-texte-au-petit-prince-debarque-dans-la-boutique-du-musee.png\" class=\"lazyload attachment-post-thumbnail size-post-thumbnail wp-post-image\" alt><\/div>\n<div class=\"entry-content\">\n<h4>Avis aux gourmands, la boutique du mus\u00e9e propose d\u00e9sormais \u00e0 la vente des douceurs de la c\u00e9l\u00e8bre enseigne bretonne Au petit prince&nbsp;!<\/h4>\n<p>Biscuits de la plage saveur caramel au beurre sal\u00e9, guimauves \u00e0 la fraise ou encore les traditionnels caramels au beurre sal\u00e9 raviront vos papilles.<\/p>\n<p><noscript><img decoding=\"async\" loading=\"lazy\" class=\"size-medium wp-image-3541 aligncenter\" src=\"https:\/\/www.viaromana.org\/blog\/wp-content\/uploads\/2022\/06\/decouvrez-ce-texte-au-petit-prince-debarque-dans-la-boutique-du-musee.jpg\" alt width=\"203\" height=\"300\"><\/noscript><img decoding=\"async\" loading=\"lazy\" class=\"lazyload size-medium wp-image-3541 aligncenter\" src=\"https:\/\/www.viaromana.org\/blog\/wp-content\/uploads\/2022\/06\/decouvrez-ce-texte-au-petit-prince-debarque-dans-la-boutique-du-musee.jpg\" alt width=\"203\" height=\"300\"><\/p>\n<p><strong>Alors n\u2019h\u00e9sitez plus, poussez les portes du mus\u00e9e. D\u00e9lectation intellectuelle et gustative garanties&nbsp;!<\/strong><\/p>\n<p><em>La boutique est accessible sans obligation de visite<\/em><\/p>\n<\/div>\n<\/div>\n<p>Lecture:<\/p>\n<p>Ge-conservacion.,<a target=\"_blank\" rel=\"nofollow\" href=\"https:\/\/www.viaromana.org\/blog\/goto\/https:\/\/www.ge-iic.com\/ojs\/index.php\/revista\/issue\/archive\"  target=\"_blank\" rel=\"noopener noreferrer nofollow\">L\u2019article de presse.<\/a><span><\/span>. Suite sur le prochain article.<\/p>\n<p>Charte de Washington.,<a target=\"_blank\" rel=\"nofollow\" href=\"https:\/\/www.viaromana.org\/blog\/goto\/https:\/\/fr.wikipedia.org\/wiki\/Charte_de_Washington\"  target=\"_blank\" rel=\"noopener noreferrer nofollow\">Ici.<\/a><span><\/span><\/p>\n<p>Conservation architecturale.,<a target=\"_blank\" rel=\"nofollow\" href=\"https:\/\/www.viaromana.org\/blog\/goto\/https:\/\/fr.wikipedia.org\/wiki\/Conservation_architecturale\"  target=\"_blank\" rel=\"noopener noreferrer nofollow\">Le dossier.<\/a><span><\/span>. Suite sur le prochain article.<\/p>\n","protected":false},"excerpt":{"rendered":"<p>Nous venons de voir ce post sur le th\u00e8me \u00ab&nbsp;l\u2019arch\u00e9ologie&nbsp;\u00bb. Avec r\u00e9gal nous vous en communiquons le plus important plus bas. Son titre saisissant (Au petit prince d\u00e9barque dans la boutique du mus\u00e9e !) parle de lui-m\u00eame. Sachez que le chroniqueur (pr\u00e9sent\u00e9 sous la signature museedecarnac) est reconnu comme quelqu\u2019un de s\u00e9rieux pour plusieurs autres textes qu\u2019il a publi\u00e9s sur le web. Vous pouvez donc faire confiance aux informations qu\u2019il publie. La date de publication est 2022-02-04 14:11:27. Avis aux gourmands, la boutique du mus\u00e9e propose d\u00e9sormais \u00e0 la vente des douceurs de la c\u00e9l\u00e8bre enseigne bretonne Au petit prince&nbsp;!\u2026<\/p>\n","protected":false},"author":1,"featured_media":886,"comment_status":"closed","ping_status":"closed","sticky":false,"template":"","format":"standard","meta":{"footnotes":""},"categories":[2],"tags":[],"blocksy_meta":{"styles_descriptor":{"styles":{"desktop":"","tablet":"","mobile":""},"google_fonts":[],"version":4}},"yoast_head":"<!-- This site is optimized with the Yoast SEO plugin v21.1 - https:\/\/yoast.com\/wordpress\/plugins\/seo\/ -->\n<title>Decouvrez ce texte : Au petit prince d\u00e9barque dans la boutique du mus\u00e9e ! - Viaromana et arch\u00e9ologie.<\/title>\n<meta name=\"description\" content=\"Decouvrez ce texte : Au petit prince d\u00e9barque dans la boutique du mus\u00e9e ! article de Viaromana et arch\u00e9ologie.\" \/>\n<meta name=\"robots\" content=\"index, follow, max-snippet:-1, max-image-preview:large, max-video-preview:-1\" \/>\n<link rel=\"canonical\" href=\"https:\/\/www.viaromana.org\/blog\/decouvrez-ce-texte-au-petit-prince-debarque-dans-la-boutique-du-musee\/\" \/>\n<meta property=\"og:locale\" content=\"fr_FR\" \/>\n<meta property=\"og:type\" content=\"article\" \/>\n<meta property=\"og:title\" content=\"Decouvrez ce texte : Au petit prince d\u00e9barque dans la boutique du mus\u00e9e ! - Viaromana et arch\u00e9ologie.\" \/>\n<meta property=\"og:description\" content=\"Decouvrez ce texte : Au petit prince d\u00e9barque dans la boutique du mus\u00e9e ! article de Viaromana et arch\u00e9ologie.\" \/>\n<meta property=\"og:url\" content=\"https:\/\/www.viaromana.org\/blog\/decouvrez-ce-texte-au-petit-prince-debarque-dans-la-boutique-du-musee\/\" \/>\n<meta property=\"og:site_name\" content=\"Viaromana et arch\u00e9ologie.\" \/>\n<meta property=\"article:published_time\" content=\"2022-02-04T13:11:27+00:00\" \/>\n<meta property=\"og:image\" content=\"https:\/\/www.viaromana.org\/blog\/wp-content\/uploads\/2022\/06\/unnamed-file-18-scaled.jpg\" \/>\n\t<meta property=\"og:image:width\" content=\"2560\" \/>\n\t<meta property=\"og:image:height\" content=\"1707\" \/>\n\t<meta property=\"og:image:type\" content=\"image\/jpeg\" \/>\n<meta name=\"author\" content=\"Robert\" \/>\n<meta name=\"twitter:card\" content=\"summary_large_image\" \/>\n<meta name=\"twitter:label1\" content=\"\u00c9crit par\" \/>\n\t<meta name=\"twitter:data1\" content=\"Robert\" \/>\n\t<meta name=\"twitter:label2\" content=\"Dur\u00e9e de lecture estim\u00e9e\" \/>\n\t<meta name=\"twitter:data2\" content=\"2 minutes\" \/>\n<script type=\"application\/ld+json\" class=\"yoast-schema-graph\">{\"@context\":\"https:\/\/schema.org\",\"@graph\":[{\"@type\":\"Article\",\"@id\":\"https:\/\/www.viaromana.org\/blog\/decouvrez-ce-texte-au-petit-prince-debarque-dans-la-boutique-du-musee\/#article\",\"isPartOf\":{\"@id\":\"https:\/\/www.viaromana.org\/blog\/decouvrez-ce-texte-au-petit-prince-debarque-dans-la-boutique-du-musee\/\"},\"author\":{\"name\":\"Robert\",\"@id\":\"https:\/\/www.viaromana.org\/blog\/#\/schema\/person\/cde9c4655845091e1fe473fcd163c889\"},\"headline\":\"Decouvrez ce texte : Au petit prince d\u00e9barque dans la boutique du mus\u00e9e !\",\"datePublished\":\"2022-02-04T13:11:27+00:00\",\"dateModified\":\"2022-02-04T13:11:27+00:00\",\"mainEntityOfPage\":{\"@id\":\"https:\/\/www.viaromana.org\/blog\/decouvrez-ce-texte-au-petit-prince-debarque-dans-la-boutique-du-musee\/\"},\"wordCount\":325,\"publisher\":{\"@id\":\"https:\/\/www.viaromana.org\/blog\/#organization\"},\"articleSection\":[\"Arch\u00e9ologie\"],\"inLanguage\":\"fr-FR\"},{\"@type\":\"WebPage\",\"@id\":\"https:\/\/www.viaromana.org\/blog\/decouvrez-ce-texte-au-petit-prince-debarque-dans-la-boutique-du-musee\/\",\"url\":\"https:\/\/www.viaromana.org\/blog\/decouvrez-ce-texte-au-petit-prince-debarque-dans-la-boutique-du-musee\/\",\"name\":\"Decouvrez ce texte : Au petit prince d\u00e9barque dans la boutique du mus\u00e9e ! - Viaromana et arch\u00e9ologie.\",\"isPartOf\":{\"@id\":\"https:\/\/www.viaromana.org\/blog\/#website\"},\"datePublished\":\"2022-02-04T13:11:27+00:00\",\"dateModified\":\"2022-02-04T13:11:27+00:00\",\"description\":\"Decouvrez ce texte : Au petit prince d\u00e9barque dans la boutique du mus\u00e9e ! article de Viaromana et arch\u00e9ologie.\",\"breadcrumb\":{\"@id\":\"https:\/\/www.viaromana.org\/blog\/decouvrez-ce-texte-au-petit-prince-debarque-dans-la-boutique-du-musee\/#breadcrumb\"},\"inLanguage\":\"fr-FR\",\"potentialAction\":[{\"@type\":\"ReadAction\",\"target\":[\"https:\/\/www.viaromana.org\/blog\/decouvrez-ce-texte-au-petit-prince-debarque-dans-la-boutique-du-musee\/\"]}]},{\"@type\":\"BreadcrumbList\",\"@id\":\"https:\/\/www.viaromana.org\/blog\/decouvrez-ce-texte-au-petit-prince-debarque-dans-la-boutique-du-musee\/#breadcrumb\",\"itemListElement\":[{\"@type\":\"ListItem\",\"position\":1,\"name\":\"Accueil\",\"item\":\"https:\/\/www.viaromana.org\/blog\/\"},{\"@type\":\"ListItem\",\"position\":2,\"name\":\"Decouvrez ce texte : Au petit prince d\u00e9barque dans la boutique du mus\u00e9e !\"}]},{\"@type\":\"WebSite\",\"@id\":\"https:\/\/www.viaromana.org\/blog\/#website\",\"url\":\"https:\/\/www.viaromana.org\/blog\/\",\"name\":\"Viaromana et arch\u00e9ologie.\",\"description\":\"Site arch\u00e9ologique de la voie romaine (viaromana) Belgique-France-Rome\",\"publisher\":{\"@id\":\"https:\/\/www.viaromana.org\/blog\/#organization\"},\"potentialAction\":[{\"@type\":\"SearchAction\",\"target\":{\"@type\":\"EntryPoint\",\"urlTemplate\":\"https:\/\/www.viaromana.org\/blog\/?s={search_term_string}\"},\"query-input\":\"required name=search_term_string\"}],\"inLanguage\":\"fr-FR\"},{\"@type\":\"Organization\",\"@id\":\"https:\/\/www.viaromana.org\/blog\/#organization\",\"name\":\"viaromana\",\"url\":\"https:\/\/www.viaromana.org\/blog\/\",\"logo\":{\"@type\":\"ImageObject\",\"inLanguage\":\"fr-FR\",\"@id\":\"https:\/\/www.viaromana.org\/blog\/#\/schema\/logo\/image\/\",\"url\":\"https:\/\/www.viaromana.org\/blog\/wp-content\/uploads\/2021\/12\/logo-3.png\",\"contentUrl\":\"https:\/\/www.viaromana.org\/blog\/wp-content\/uploads\/2021\/12\/logo-3.png\",\"width\":300,\"height\":249,\"caption\":\"viaromana\"},\"image\":{\"@id\":\"https:\/\/www.viaromana.org\/blog\/#\/schema\/logo\/image\/\"}},{\"@type\":\"Person\",\"@id\":\"https:\/\/www.viaromana.org\/blog\/#\/schema\/person\/cde9c4655845091e1fe473fcd163c889\",\"name\":\"Robert\",\"image\":{\"@type\":\"ImageObject\",\"inLanguage\":\"fr-FR\",\"@id\":\"https:\/\/www.viaromana.org\/blog\/#\/schema\/person\/image\/\",\"url\":\"https:\/\/secure.gravatar.com\/avatar\/a168ec191013b636c2f278aec04e724b?s=96&d=mm&r=g\",\"contentUrl\":\"https:\/\/secure.gravatar.com\/avatar\/a168ec191013b636c2f278aec04e724b?s=96&d=mm&r=g\",\"caption\":\"Robert\"},\"sameAs\":[\"https:\/\/www.viaromana.org\/blog\"],\"url\":\"https:\/\/www.viaromana.org\/blog\/author\/anaadmin\/\"}]}<\/script>\n<!-- \/ Yoast SEO plugin. -->","yoast_head_json":{"title":"Decouvrez ce texte : Au petit prince d\u00e9barque dans la boutique du mus\u00e9e ! - Viaromana et arch\u00e9ologie.","description":"Decouvrez ce texte : Au petit prince d\u00e9barque dans la boutique du mus\u00e9e ! article de Viaromana et arch\u00e9ologie.","robots":{"index":"index","follow":"follow","max-snippet":"max-snippet:-1","max-image-preview":"max-image-preview:large","max-video-preview":"max-video-preview:-1"},"canonical":"https:\/\/www.viaromana.org\/blog\/decouvrez-ce-texte-au-petit-prince-debarque-dans-la-boutique-du-musee\/","og_locale":"fr_FR","og_type":"article","og_title":"Decouvrez ce texte : Au petit prince d\u00e9barque dans la boutique du mus\u00e9e ! - Viaromana et arch\u00e9ologie.","og_description":"Decouvrez ce texte : Au petit prince d\u00e9barque dans la boutique du mus\u00e9e ! article de Viaromana et arch\u00e9ologie.","og_url":"https:\/\/www.viaromana.org\/blog\/decouvrez-ce-texte-au-petit-prince-debarque-dans-la-boutique-du-musee\/","og_site_name":"Viaromana et arch\u00e9ologie.","article_published_time":"2022-02-04T13:11:27+00:00","og_image":[{"width":2560,"height":1707,"url":"https:\/\/www.viaromana.org\/blog\/wp-content\/uploads\/2022\/06\/unnamed-file-18-scaled.jpg","type":"image\/jpeg"}],"author":"Robert","twitter_card":"summary_large_image","twitter_misc":{"\u00c9crit par":"Robert","Dur\u00e9e de lecture estim\u00e9e":"2 minutes"},"schema":{"@context":"https:\/\/schema.org","@graph":[{"@type":"Article","@id":"https:\/\/www.viaromana.org\/blog\/decouvrez-ce-texte-au-petit-prince-debarque-dans-la-boutique-du-musee\/#article","isPartOf":{"@id":"https:\/\/www.viaromana.org\/blog\/decouvrez-ce-texte-au-petit-prince-debarque-dans-la-boutique-du-musee\/"},"author":{"name":"Robert","@id":"https:\/\/www.viaromana.org\/blog\/#\/schema\/person\/cde9c4655845091e1fe473fcd163c889"},"headline":"Decouvrez ce texte : Au petit prince d\u00e9barque dans la boutique du mus\u00e9e !","datePublished":"2022-02-04T13:11:27+00:00","dateModified":"2022-02-04T13:11:27+00:00","mainEntityOfPage":{"@id":"https:\/\/www.viaromana.org\/blog\/decouvrez-ce-texte-au-petit-prince-debarque-dans-la-boutique-du-musee\/"},"wordCount":325,"publisher":{"@id":"https:\/\/www.viaromana.org\/blog\/#organization"},"articleSection":["Arch\u00e9ologie"],"inLanguage":"fr-FR"},{"@type":"WebPage","@id":"https:\/\/www.viaromana.org\/blog\/decouvrez-ce-texte-au-petit-prince-debarque-dans-la-boutique-du-musee\/","url":"https:\/\/www.viaromana.org\/blog\/decouvrez-ce-texte-au-petit-prince-debarque-dans-la-boutique-du-musee\/","name":"Decouvrez ce texte : Au petit prince d\u00e9barque dans la boutique du mus\u00e9e ! - Viaromana et arch\u00e9ologie.","isPartOf":{"@id":"https:\/\/www.viaromana.org\/blog\/#website"},"datePublished":"2022-02-04T13:11:27+00:00","dateModified":"2022-02-04T13:11:27+00:00","description":"Decouvrez ce texte : Au petit prince d\u00e9barque dans la boutique du mus\u00e9e ! article de Viaromana et arch\u00e9ologie.","breadcrumb":{"@id":"https:\/\/www.viaromana.org\/blog\/decouvrez-ce-texte-au-petit-prince-debarque-dans-la-boutique-du-musee\/#breadcrumb"},"inLanguage":"fr-FR","potentialAction":[{"@type":"ReadAction","target":["https:\/\/www.viaromana.org\/blog\/decouvrez-ce-texte-au-petit-prince-debarque-dans-la-boutique-du-musee\/"]}]},{"@type":"BreadcrumbList","@id":"https:\/\/www.viaromana.org\/blog\/decouvrez-ce-texte-au-petit-prince-debarque-dans-la-boutique-du-musee\/#breadcrumb","itemListElement":[{"@type":"ListItem","position":1,"name":"Accueil","item":"https:\/\/www.viaromana.org\/blog\/"},{"@type":"ListItem","position":2,"name":"Decouvrez ce texte : Au petit prince d\u00e9barque dans la boutique du mus\u00e9e !"}]},{"@type":"WebSite","@id":"https:\/\/www.viaromana.org\/blog\/#website","url":"https:\/\/www.viaromana.org\/blog\/","name":"Viaromana et arch\u00e9ologie.","description":"Site arch\u00e9ologique de la voie romaine (viaromana) Belgique-France-Rome","publisher":{"@id":"https:\/\/www.viaromana.org\/blog\/#organization"},"potentialAction":[{"@type":"SearchAction","target":{"@type":"EntryPoint","urlTemplate":"https:\/\/www.viaromana.org\/blog\/?s={search_term_string}"},"query-input":"required name=search_term_string"}],"inLanguage":"fr-FR"},{"@type":"Organization","@id":"https:\/\/www.viaromana.org\/blog\/#organization","name":"viaromana","url":"https:\/\/www.viaromana.org\/blog\/","logo":{"@type":"ImageObject","inLanguage":"fr-FR","@id":"https:\/\/www.viaromana.org\/blog\/#\/schema\/logo\/image\/","url":"https:\/\/www.viaromana.org\/blog\/wp-content\/uploads\/2021\/12\/logo-3.png","contentUrl":"https:\/\/www.viaromana.org\/blog\/wp-content\/uploads\/2021\/12\/logo-3.png","width":300,"height":249,"caption":"viaromana"},"image":{"@id":"https:\/\/www.viaromana.org\/blog\/#\/schema\/logo\/image\/"}},{"@type":"Person","@id":"https:\/\/www.viaromana.org\/blog\/#\/schema\/person\/cde9c4655845091e1fe473fcd163c889","name":"Robert","image":{"@type":"ImageObject","inLanguage":"fr-FR","@id":"https:\/\/www.viaromana.org\/blog\/#\/schema\/person\/image\/","url":"https:\/\/secure.gravatar.com\/avatar\/a168ec191013b636c2f278aec04e724b?s=96&d=mm&r=g","contentUrl":"https:\/\/secure.gravatar.com\/avatar\/a168ec191013b636c2f278aec04e724b?s=96&d=mm&r=g","caption":"Robert"},"sameAs":["https:\/\/www.viaromana.org\/blog"],"url":"https:\/\/www.viaromana.org\/blog\/author\/anaadmin\/"}]}},"_links":{"self":[{"href":"https:\/\/www.viaromana.org\/blog\/wp-json\/wp\/v2\/posts\/885"}],"collection":[{"href":"https:\/\/www.viaromana.org\/blog\/wp-json\/wp\/v2\/posts"}],"about":[{"href":"https:\/\/www.viaromana.org\/blog\/wp-json\/wp\/v2\/types\/post"}],"author":[{"embeddable":true,"href":"https:\/\/www.viaromana.org\/blog\/wp-json\/wp\/v2\/users\/1"}],"replies":[{"embeddable":true,"href":"https:\/\/www.viaromana.org\/blog\/wp-json\/wp\/v2\/comments?post=885"}],"version-history":[{"count":0,"href":"https:\/\/www.viaromana.org\/blog\/wp-json\/wp\/v2\/posts\/885\/revisions"}],"wp:featuredmedia":[{"embeddable":true,"href":"https:\/\/www.viaromana.org\/blog\/wp-json\/wp\/v2\/media\/886"}],"wp:attachment":[{"href":"https:\/\/www.viaromana.org\/blog\/wp-json\/wp\/v2\/media?parent=885"}],"wp:term":[{"taxonomy":"category","embeddable":true,"href":"https:\/\/www.viaromana.org\/blog\/wp-json\/wp\/v2\/categories?post=885"},{"taxonomy":"post_tag","embeddable":true,"href":"https:\/\/www.viaromana.org\/blog\/wp-json\/wp\/v2\/tags?post=885"}],"curies":[{"name":"wp","href":"https:\/\/api.w.org\/{rel}","templated":true}]}}