{"id":869,"date":"2022-06-02T13:40:00","date_gmt":"2022-06-02T11:40:00","guid":{"rendered":"https:\/\/www.site.cdcl.xyz\/2022\/06\/02\/a-la-une-cet-edito-festival-international-vive-la-magie\/"},"modified":"2022-06-02T13:40:00","modified_gmt":"2022-06-02T11:40:00","slug":"a-la-une-cet-edito-festival-international-vive-la-magie","status":"publish","type":"post","link":"https:\/\/www.viaromana.org\/blog\/a-la-une-cet-edito-festival-international-vive-la-magie\/","title":{"rendered":"A la une cet \u00e9dito : Festival international Vive la Magie"},"content":{"rendered":"<p>En parcourant le web nos r\u00e9dacteurs ont trouv\u00e9 un post qui va vous plaire. Sa th\u00e9matique est \u00ab&nbsp;l\u2019arch\u00e9ologie&nbsp;\u00bb.<\/p>\n<p>Le titre saisissant (Festival international Vive la Magie) est sans \u00e9quivoque.<\/p>\n<p>Sachez que l\u2019auteur (annonc\u00e9 sous la signature admin_vannes) est reconnu comme quelqu\u2019un de s\u00e9rieux.<\/p>\n<p>Vous pouvez de ce fait donner du cr\u00e9dit \u00e0 cette actualit\u00e9.<\/p>\n<p>L\u2019\u00e9ditorial a \u00e9t\u00e9 publi\u00e9 \u00e0 une date indiqu\u00e9e 2022-06-02 13:40:00.<\/p>\n<div>\n<div>\n<p><strong>Vive La Magie<\/strong>, c\u2019est un festival o\u00f9 les diff\u00e9rentes familles de <strong>l\u2019illusionnisme&nbsp;<\/strong>sont pr\u00e9sentes, o\u00f9 les artistes viennent sp\u00e9cialement pour vous&nbsp; des 4 coins du monde (Russie, Japon, Etats Unis, Argentine, Ukraine, Angleterre\u2026) pour partager un moment heureux en famille ou entre amis.<br \/>&nbsp;<\/p>\n<\/div>\n<\/div>\n<p>Parutions sur le m\u00eame objet:<\/p>\n<p>Trois pierres, c\u2019est un mur\u2026 une histoire de l\u2019arch\u00e9ologie.,<a target=\"_blank\" rel=\"nofollow\" href=\"https:\/\/www.viaromana.org\/blog\/goto\/https:\/\/www.epagine.fr\/ebook\/9782271124937-trois-pierres-c-est-un-mur-une-histoire-de-l-archeologie-eric-h-cline\/\"  target=\"_blank\" rel=\"noopener noreferrer nofollow\">Le livre <\/a><span><\/span>. Disponible dans toutes les bonnes librairies.<\/p>\n<p>Mines et pouvoir au Moyen \u00c2ge.,<a target=\"_blank\" rel=\"nofollow\" href=\"https:\/\/www.viaromana.org\/blog\/goto\/https:\/\/www.kobo.com\/de\/fr\/ebook\/mines-et-pouvoir-au-moyen-age\"  target=\"_blank\" rel=\"noopener noreferrer nofollow\">(Disponible) <\/a><span><\/span>.<\/p>\n<p>Verdun.,<a target=\"_blank\" rel=\"nofollow\" href=\"https:\/\/www.viaromana.org\/blog\/goto\/https:\/\/www.epagine.fr\/ebook\/9782307114109-verdun-centre-national-d-archeologie-urbaine-franck-gama\/\"  target=\"_blank\" rel=\"noopener noreferrer nofollow\">Clicker Ici <\/a><span><\/span>.<\/p>\n<p>Palmyre. Histoire et arch\u00e9ologie d\u2019une cit\u00e9 caravani\u00e8re \u00e0 la crois\u00e9e des cultures.,<a target=\"_blank\" rel=\"nofollow\" href=\"https:\/\/www.viaromana.org\/blog\/goto\/https:\/\/www.epagine.fr\/ebook\/9782271093899-palmyre-histoire-et-archeologie-d-une-cite-caravaniere-a-la-croisee-des-cultures-christiane-delplace\/\"  target=\"_blank\" rel=\"noopener noreferrer nofollow\">Le livre <\/a><span><\/span>.<\/p>\n","protected":false},"excerpt":{"rendered":"<p>En parcourant le web nos r\u00e9dacteurs ont trouv\u00e9 un post qui va vous plaire. Sa th\u00e9matique est \u00ab&nbsp;l\u2019arch\u00e9ologie&nbsp;\u00bb. Le titre saisissant (Festival international Vive la Magie) est sans \u00e9quivoque. Sachez que l\u2019auteur (annonc\u00e9 sous la signature admin_vannes) est reconnu comme quelqu\u2019un de s\u00e9rieux. Vous pouvez de ce fait donner du cr\u00e9dit \u00e0 cette actualit\u00e9. L\u2019\u00e9ditorial a \u00e9t\u00e9 publi\u00e9 \u00e0 une date indiqu\u00e9e 2022-06-02 13:40:00. Vive La Magie, c\u2019est un festival o\u00f9 les diff\u00e9rentes familles de l\u2019illusionnisme&nbsp;sont pr\u00e9sentes, o\u00f9 les artistes viennent sp\u00e9cialement pour vous&nbsp; des 4 coins du monde (Russie, Japon, Etats Unis, Argentine, Ukraine, Angleterre\u2026) pour partager un moment\u2026<\/p>\n","protected":false},"author":1,"featured_media":870,"comment_status":"closed","ping_status":"closed","sticky":false,"template":"","format":"standard","meta":{"footnotes":""},"categories":[2],"tags":[],"blocksy_meta":{"styles_descriptor":{"styles":{"desktop":"","tablet":"","mobile":""},"google_fonts":[],"version":4}},"yoast_head":"<!-- This site is optimized with the Yoast SEO plugin v21.1 - https:\/\/yoast.com\/wordpress\/plugins\/seo\/ -->\n<title>A la une cet \u00e9dito : Festival international Vive la Magie - Viaromana et arch\u00e9ologie.<\/title>\n<meta name=\"description\" content=\"A la une cet \u00e9dito : Festival international Vive la Magie article de Viaromana et arch\u00e9ologie.\" \/>\n<meta name=\"robots\" content=\"index, follow, max-snippet:-1, max-image-preview:large, max-video-preview:-1\" \/>\n<link rel=\"canonical\" href=\"https:\/\/www.viaromana.org\/blog\/a-la-une-cet-edito-festival-international-vive-la-magie\/\" \/>\n<meta property=\"og:locale\" content=\"fr_FR\" \/>\n<meta property=\"og:type\" content=\"article\" \/>\n<meta property=\"og:title\" content=\"A la une cet \u00e9dito : Festival international Vive la Magie - Viaromana et arch\u00e9ologie.\" \/>\n<meta property=\"og:description\" content=\"A la une cet \u00e9dito : Festival international Vive la Magie article de Viaromana et arch\u00e9ologie.\" \/>\n<meta property=\"og:url\" content=\"https:\/\/www.viaromana.org\/blog\/a-la-une-cet-edito-festival-international-vive-la-magie\/\" \/>\n<meta property=\"og:site_name\" content=\"Viaromana et arch\u00e9ologie.\" \/>\n<meta property=\"article:published_time\" content=\"2022-06-02T11:40:00+00:00\" \/>\n<meta property=\"og:image\" content=\"https:\/\/www.viaromana.org\/blog\/wp-content\/uploads\/2022\/06\/arch-ologie-2.jpg\" \/>\n\t<meta property=\"og:image:width\" content=\"640\" \/>\n\t<meta property=\"og:image:height\" content=\"640\" \/>\n\t<meta property=\"og:image:type\" content=\"image\/jpeg\" \/>\n<meta name=\"author\" content=\"Robert\" \/>\n<meta name=\"twitter:card\" content=\"summary_large_image\" \/>\n<meta name=\"twitter:label1\" content=\"\u00c9crit par\" \/>\n\t<meta name=\"twitter:data1\" content=\"Robert\" \/>\n\t<meta name=\"twitter:label2\" content=\"Dur\u00e9e de lecture estim\u00e9e\" \/>\n\t<meta name=\"twitter:data2\" content=\"1 minute\" \/>\n<script type=\"application\/ld+json\" class=\"yoast-schema-graph\">{\"@context\":\"https:\/\/schema.org\",\"@graph\":[{\"@type\":\"Article\",\"@id\":\"https:\/\/www.viaromana.org\/blog\/a-la-une-cet-edito-festival-international-vive-la-magie\/#article\",\"isPartOf\":{\"@id\":\"https:\/\/www.viaromana.org\/blog\/a-la-une-cet-edito-festival-international-vive-la-magie\/\"},\"author\":{\"name\":\"Robert\",\"@id\":\"https:\/\/www.viaromana.org\/blog\/#\/schema\/person\/cde9c4655845091e1fe473fcd163c889\"},\"headline\":\"A la une cet \u00e9dito : Festival international Vive la Magie\",\"datePublished\":\"2022-06-02T11:40:00+00:00\",\"dateModified\":\"2022-06-02T11:40:00+00:00\",\"mainEntityOfPage\":{\"@id\":\"https:\/\/www.viaromana.org\/blog\/a-la-une-cet-edito-festival-international-vive-la-magie\/\"},\"wordCount\":188,\"publisher\":{\"@id\":\"https:\/\/www.viaromana.org\/blog\/#organization\"},\"articleSection\":[\"Arch\u00e9ologie\"],\"inLanguage\":\"fr-FR\"},{\"@type\":\"WebPage\",\"@id\":\"https:\/\/www.viaromana.org\/blog\/a-la-une-cet-edito-festival-international-vive-la-magie\/\",\"url\":\"https:\/\/www.viaromana.org\/blog\/a-la-une-cet-edito-festival-international-vive-la-magie\/\",\"name\":\"A la une cet \u00e9dito : Festival international Vive la Magie - Viaromana et arch\u00e9ologie.\",\"isPartOf\":{\"@id\":\"https:\/\/www.viaromana.org\/blog\/#website\"},\"datePublished\":\"2022-06-02T11:40:00+00:00\",\"dateModified\":\"2022-06-02T11:40:00+00:00\",\"description\":\"A la une cet \u00e9dito : Festival international Vive la Magie article de Viaromana et arch\u00e9ologie.\",\"breadcrumb\":{\"@id\":\"https:\/\/www.viaromana.org\/blog\/a-la-une-cet-edito-festival-international-vive-la-magie\/#breadcrumb\"},\"inLanguage\":\"fr-FR\",\"potentialAction\":[{\"@type\":\"ReadAction\",\"target\":[\"https:\/\/www.viaromana.org\/blog\/a-la-une-cet-edito-festival-international-vive-la-magie\/\"]}]},{\"@type\":\"BreadcrumbList\",\"@id\":\"https:\/\/www.viaromana.org\/blog\/a-la-une-cet-edito-festival-international-vive-la-magie\/#breadcrumb\",\"itemListElement\":[{\"@type\":\"ListItem\",\"position\":1,\"name\":\"Accueil\",\"item\":\"https:\/\/www.viaromana.org\/blog\/\"},{\"@type\":\"ListItem\",\"position\":2,\"name\":\"A la une cet \u00e9dito : Festival international Vive la Magie\"}]},{\"@type\":\"WebSite\",\"@id\":\"https:\/\/www.viaromana.org\/blog\/#website\",\"url\":\"https:\/\/www.viaromana.org\/blog\/\",\"name\":\"Viaromana et arch\u00e9ologie.\",\"description\":\"Site arch\u00e9ologique de la voie romaine (viaromana) Belgique-France-Rome\",\"publisher\":{\"@id\":\"https:\/\/www.viaromana.org\/blog\/#organization\"},\"potentialAction\":[{\"@type\":\"SearchAction\",\"target\":{\"@type\":\"EntryPoint\",\"urlTemplate\":\"https:\/\/www.viaromana.org\/blog\/?s={search_term_string}\"},\"query-input\":\"required name=search_term_string\"}],\"inLanguage\":\"fr-FR\"},{\"@type\":\"Organization\",\"@id\":\"https:\/\/www.viaromana.org\/blog\/#organization\",\"name\":\"viaromana\",\"url\":\"https:\/\/www.viaromana.org\/blog\/\",\"logo\":{\"@type\":\"ImageObject\",\"inLanguage\":\"fr-FR\",\"@id\":\"https:\/\/www.viaromana.org\/blog\/#\/schema\/logo\/image\/\",\"url\":\"https:\/\/www.viaromana.org\/blog\/wp-content\/uploads\/2021\/12\/logo-3.png\",\"contentUrl\":\"https:\/\/www.viaromana.org\/blog\/wp-content\/uploads\/2021\/12\/logo-3.png\",\"width\":300,\"height\":249,\"caption\":\"viaromana\"},\"image\":{\"@id\":\"https:\/\/www.viaromana.org\/blog\/#\/schema\/logo\/image\/\"}},{\"@type\":\"Person\",\"@id\":\"https:\/\/www.viaromana.org\/blog\/#\/schema\/person\/cde9c4655845091e1fe473fcd163c889\",\"name\":\"Robert\",\"image\":{\"@type\":\"ImageObject\",\"inLanguage\":\"fr-FR\",\"@id\":\"https:\/\/www.viaromana.org\/blog\/#\/schema\/person\/image\/\",\"url\":\"https:\/\/secure.gravatar.com\/avatar\/a168ec191013b636c2f278aec04e724b?s=96&d=mm&r=g\",\"contentUrl\":\"https:\/\/secure.gravatar.com\/avatar\/a168ec191013b636c2f278aec04e724b?s=96&d=mm&r=g\",\"caption\":\"Robert\"},\"sameAs\":[\"https:\/\/www.viaromana.org\/blog\"],\"url\":\"https:\/\/www.viaromana.org\/blog\/author\/anaadmin\/\"}]}<\/script>\n<!-- \/ Yoast SEO plugin. -->","yoast_head_json":{"title":"A la une cet \u00e9dito : Festival international Vive la Magie - Viaromana et arch\u00e9ologie.","description":"A la une cet \u00e9dito : Festival international Vive la Magie article de Viaromana et arch\u00e9ologie.","robots":{"index":"index","follow":"follow","max-snippet":"max-snippet:-1","max-image-preview":"max-image-preview:large","max-video-preview":"max-video-preview:-1"},"canonical":"https:\/\/www.viaromana.org\/blog\/a-la-une-cet-edito-festival-international-vive-la-magie\/","og_locale":"fr_FR","og_type":"article","og_title":"A la une cet \u00e9dito : Festival international Vive la Magie - Viaromana et arch\u00e9ologie.","og_description":"A la une cet \u00e9dito : Festival international Vive la Magie article de Viaromana et arch\u00e9ologie.","og_url":"https:\/\/www.viaromana.org\/blog\/a-la-une-cet-edito-festival-international-vive-la-magie\/","og_site_name":"Viaromana et arch\u00e9ologie.","article_published_time":"2022-06-02T11:40:00+00:00","og_image":[{"width":640,"height":640,"url":"https:\/\/www.viaromana.org\/blog\/wp-content\/uploads\/2022\/06\/arch-ologie-2.jpg","type":"image\/jpeg"}],"author":"Robert","twitter_card":"summary_large_image","twitter_misc":{"\u00c9crit par":"Robert","Dur\u00e9e de lecture estim\u00e9e":"1 minute"},"schema":{"@context":"https:\/\/schema.org","@graph":[{"@type":"Article","@id":"https:\/\/www.viaromana.org\/blog\/a-la-une-cet-edito-festival-international-vive-la-magie\/#article","isPartOf":{"@id":"https:\/\/www.viaromana.org\/blog\/a-la-une-cet-edito-festival-international-vive-la-magie\/"},"author":{"name":"Robert","@id":"https:\/\/www.viaromana.org\/blog\/#\/schema\/person\/cde9c4655845091e1fe473fcd163c889"},"headline":"A la une cet \u00e9dito : Festival international Vive la Magie","datePublished":"2022-06-02T11:40:00+00:00","dateModified":"2022-06-02T11:40:00+00:00","mainEntityOfPage":{"@id":"https:\/\/www.viaromana.org\/blog\/a-la-une-cet-edito-festival-international-vive-la-magie\/"},"wordCount":188,"publisher":{"@id":"https:\/\/www.viaromana.org\/blog\/#organization"},"articleSection":["Arch\u00e9ologie"],"inLanguage":"fr-FR"},{"@type":"WebPage","@id":"https:\/\/www.viaromana.org\/blog\/a-la-une-cet-edito-festival-international-vive-la-magie\/","url":"https:\/\/www.viaromana.org\/blog\/a-la-une-cet-edito-festival-international-vive-la-magie\/","name":"A la une cet \u00e9dito : Festival international Vive la Magie - Viaromana et arch\u00e9ologie.","isPartOf":{"@id":"https:\/\/www.viaromana.org\/blog\/#website"},"datePublished":"2022-06-02T11:40:00+00:00","dateModified":"2022-06-02T11:40:00+00:00","description":"A la une cet \u00e9dito : Festival international Vive la Magie article de Viaromana et arch\u00e9ologie.","breadcrumb":{"@id":"https:\/\/www.viaromana.org\/blog\/a-la-une-cet-edito-festival-international-vive-la-magie\/#breadcrumb"},"inLanguage":"fr-FR","potentialAction":[{"@type":"ReadAction","target":["https:\/\/www.viaromana.org\/blog\/a-la-une-cet-edito-festival-international-vive-la-magie\/"]}]},{"@type":"BreadcrumbList","@id":"https:\/\/www.viaromana.org\/blog\/a-la-une-cet-edito-festival-international-vive-la-magie\/#breadcrumb","itemListElement":[{"@type":"ListItem","position":1,"name":"Accueil","item":"https:\/\/www.viaromana.org\/blog\/"},{"@type":"ListItem","position":2,"name":"A la une cet \u00e9dito : Festival international Vive la Magie"}]},{"@type":"WebSite","@id":"https:\/\/www.viaromana.org\/blog\/#website","url":"https:\/\/www.viaromana.org\/blog\/","name":"Viaromana et arch\u00e9ologie.","description":"Site arch\u00e9ologique de la voie romaine (viaromana) Belgique-France-Rome","publisher":{"@id":"https:\/\/www.viaromana.org\/blog\/#organization"},"potentialAction":[{"@type":"SearchAction","target":{"@type":"EntryPoint","urlTemplate":"https:\/\/www.viaromana.org\/blog\/?s={search_term_string}"},"query-input":"required name=search_term_string"}],"inLanguage":"fr-FR"},{"@type":"Organization","@id":"https:\/\/www.viaromana.org\/blog\/#organization","name":"viaromana","url":"https:\/\/www.viaromana.org\/blog\/","logo":{"@type":"ImageObject","inLanguage":"fr-FR","@id":"https:\/\/www.viaromana.org\/blog\/#\/schema\/logo\/image\/","url":"https:\/\/www.viaromana.org\/blog\/wp-content\/uploads\/2021\/12\/logo-3.png","contentUrl":"https:\/\/www.viaromana.org\/blog\/wp-content\/uploads\/2021\/12\/logo-3.png","width":300,"height":249,"caption":"viaromana"},"image":{"@id":"https:\/\/www.viaromana.org\/blog\/#\/schema\/logo\/image\/"}},{"@type":"Person","@id":"https:\/\/www.viaromana.org\/blog\/#\/schema\/person\/cde9c4655845091e1fe473fcd163c889","name":"Robert","image":{"@type":"ImageObject","inLanguage":"fr-FR","@id":"https:\/\/www.viaromana.org\/blog\/#\/schema\/person\/image\/","url":"https:\/\/secure.gravatar.com\/avatar\/a168ec191013b636c2f278aec04e724b?s=96&d=mm&r=g","contentUrl":"https:\/\/secure.gravatar.com\/avatar\/a168ec191013b636c2f278aec04e724b?s=96&d=mm&r=g","caption":"Robert"},"sameAs":["https:\/\/www.viaromana.org\/blog"],"url":"https:\/\/www.viaromana.org\/blog\/author\/anaadmin\/"}]}},"_links":{"self":[{"href":"https:\/\/www.viaromana.org\/blog\/wp-json\/wp\/v2\/posts\/869"}],"collection":[{"href":"https:\/\/www.viaromana.org\/blog\/wp-json\/wp\/v2\/posts"}],"about":[{"href":"https:\/\/www.viaromana.org\/blog\/wp-json\/wp\/v2\/types\/post"}],"author":[{"embeddable":true,"href":"https:\/\/www.viaromana.org\/blog\/wp-json\/wp\/v2\/users\/1"}],"replies":[{"embeddable":true,"href":"https:\/\/www.viaromana.org\/blog\/wp-json\/wp\/v2\/comments?post=869"}],"version-history":[{"count":0,"href":"https:\/\/www.viaromana.org\/blog\/wp-json\/wp\/v2\/posts\/869\/revisions"}],"wp:featuredmedia":[{"embeddable":true,"href":"https:\/\/www.viaromana.org\/blog\/wp-json\/wp\/v2\/media\/870"}],"wp:attachment":[{"href":"https:\/\/www.viaromana.org\/blog\/wp-json\/wp\/v2\/media?parent=869"}],"wp:term":[{"taxonomy":"category","embeddable":true,"href":"https:\/\/www.viaromana.org\/blog\/wp-json\/wp\/v2\/categories?post=869"},{"taxonomy":"post_tag","embeddable":true,"href":"https:\/\/www.viaromana.org\/blog\/wp-json\/wp\/v2\/tags?post=869"}],"curies":[{"name":"wp","href":"https:\/\/api.w.org\/{rel}","templated":true}]}}