{"id":861,"date":"2022-03-28T11:03:33","date_gmt":"2022-03-28T09:03:33","guid":{"rendered":"https:\/\/www.site.cdcl.xyz\/2022\/03\/28\/construire-ensemble-clea-2022-musee-de-lavallonnais-jean-despres\/"},"modified":"2022-03-28T11:03:33","modified_gmt":"2022-03-28T09:03:33","slug":"construire-ensemble-clea-2022-musee-de-lavallonnais-jean-despres","status":"publish","type":"post","link":"https:\/\/www.viaromana.org\/blog\/construire-ensemble-clea-2022-musee-de-lavallonnais-jean-despres\/","title":{"rendered":"Construire ensemble \u2013 CLEA 2022 \u2013 Mus\u00e9e de l\u2019Avallonnais Jean Despr\u00e9s"},"content":{"rendered":"<p>Enfouillant internet nosr\u00e9dacteurs ont d\u00e9couvert unpost qui va vousconvenir. Sa th\u00e9matique est \u00ab&nbsp;l\u2019arch\u00e9ologie&nbsp;\u00bb.Son titretroublant Construire ensemble \u2013 CLEA 2022 \u2013 Mus\u00e9e de l\u2019Avallonnais Jean Despr\u00e9s en ditlong.&nbsp;L\u2019auteur C\u00e9line Henry est positivementconnu pour plusieursautres textes qu\u2019il a publi\u00e9ssur le web.Vous pouvez prendre connaissance de cesinfos en avecgarantie.&nbsp;&nbsp;L\u2019\u00e9ditoriala \u00e9t\u00e9 diffus\u00e9 il y a peu 2022-03-28 11:03:33.<\/p>\n<p>Texte:<\/p>\n<div>\n<div class=\"wpb_wrapper\">\n<p><strong>Atelier dessin au mus\u00e9e.<\/strong><\/p>\n<p>Dans le cadre du CLEA \u2013 contrat local d\u2019\u00e9ducation artistique \u2013 soutenu par la DRAC de Bourgogne-Franche Comt\u00e9, Pauline Augras, tailleur et sculpteur sur pierre \u00e0 l\u2019association REMPART, a sensibilis\u00e9 les \u00e9l\u00e8ves de CM1 de l\u2019\u00e9cole des Chaumes et de Victor Hugo \u00e0 l\u2019architecture m\u00e9di\u00e9vale : le Roman et le Gothique. Les \u00e9l\u00e8ves ont \u00e9galement analys\u00e9 les sculptures de la fa\u00e7ade de la Coll\u00e9giale Saint-Lazare : animaux fantastiques, mythologiques, \u00e9l\u00e9ments astrologiques\u2026<\/p>\n<p>De la Coll\u00e9giale au Mus\u00e9e de l\u2019Avallonnais Jean Despr\u00e9s, il n\u2019y a qu\u2019un pas que les enfants ont franchi pour rencontrer quelques animaux imaginaires pr\u00e9sents dans les collections : animaux de la mosa\u00efque gallo-romaine, dragon de la sculpture de <em>Jason enlevant la toison d\u2019or<\/em> et tigre et chiens-dragons Yao. Avec l\u2019aide de toute l\u2019\u00e9quipe du mus\u00e9e, ils les ont dessin\u00e9s, trouvant ainsi l\u2019inspiration pour la suite de leurs travaux en atelier. Cela leur a permis d\u2019appr\u00e9hender la chaine des op\u00e9rations n\u00e9cessaires \u2013 et m\u00e9tiers -, entre l\u2019id\u00e9e originale et l\u2019\u0153uvre ou objet fini.<\/p>\n<p>Toujours dans le mus\u00e9e, l\u2019apr\u00e8s-midi a \u00e9t\u00e9 consacr\u00e9e \u00e0 d\u00e9montrer, \u00e0 l\u2019aide d\u2019un power-point et de maquettes \u00e0 grande \u00e9chelle, les diff\u00e9rences essentielles entre l\u2019art roman et l\u2019art gothique. Partant \u00e0 la d\u00e9couverte des b\u00e2tisseurs de cath\u00e9drale, les \u00e9l\u00e8ves ont construit avec des \u201ccubes\u201d en pierre, une maquette de cath\u00e9drale afin de comprendre et de d\u00e9velopper un nouveau regard sur les techniques de construction en se glissant dans la peau des tailleurs de pierre et des ma\u00e7ons \u201cassembleurs\u201d du Moyen \u00c2ge.<\/p>\n<p>Le travail se poursuit dans les \u00e9coles\u2026 \u00e0 suivre\u2026<\/p>\n<\/div>\n<\/div>\n<div>\n<div class=\"wpb_wrapper\">\n<p><strong>Atelier argile en classe : reproduction et cr\u00e9ation.<\/strong><\/p>\n<\/div>\n<\/div>\n<p>Ce objet apporte des r\u00e9ponses \u00e0 vos recherches vous aimerez tout autant ces parutions:<\/p>\n<p>Port d\u2019int\u00e9r\u00eat patrimonial.,<a target=\"_blank\" rel=\"nofollow\" href=\"https:\/\/www.viaromana.org\/blog\/goto\/https:\/\/fr.wikipedia.org\/wiki\/Port_d%27int%C3%A9r%C3%AAt_patrimonial\"  target=\"_blank\" rel=\"noopener noreferrer nofollow\">Le texte de l\u2019article.<\/a><span><\/span><\/p>\n<p>Patrimonialisation.,<a target=\"_blank\" rel=\"nofollow\" href=\"https:\/\/www.viaromana.org\/blog\/goto\/https:\/\/fr.wikipedia.org\/wiki\/Patrimonialisation\"  target=\"_blank\" rel=\"noopener noreferrer nofollow\">Le dossier.<\/a><span><\/span>. Suite sur le prochain article.<\/p>\n<p>Sites historiques et culturels majeurs prot\u00e9g\u00e9s au niveau national (Jiangxi).,<a target=\"_blank\" rel=\"nofollow\" href=\"https:\/\/www.viaromana.org\/blog\/goto\/https:\/\/fr.wikipedia.org\/wiki\/Sites_historiques_et_culturels_majeurs_prot%C3%A9g%C3%A9s_au_niveau_national_(Jiangxi)\"  target=\"_blank\" rel=\"noopener noreferrer nofollow\">Ici.<\/a><span><\/span>. Suite sur le prochain article.<\/p>\n","protected":false},"excerpt":{"rendered":"<p>Enfouillant internet nosr\u00e9dacteurs ont d\u00e9couvert unpost qui va vousconvenir. Sa th\u00e9matique est \u00ab&nbsp;l\u2019arch\u00e9ologie&nbsp;\u00bb.Son titretroublant Construire ensemble \u2013 CLEA 2022 \u2013 Mus\u00e9e de l\u2019Avallonnais Jean Despr\u00e9s en ditlong.&nbsp;L\u2019auteur C\u00e9line Henry est positivementconnu pour plusieursautres textes qu\u2019il a publi\u00e9ssur le web.Vous pouvez prendre connaissance de cesinfos en avecgarantie.&nbsp;&nbsp;L\u2019\u00e9ditoriala \u00e9t\u00e9 diffus\u00e9 il y a peu 2022-03-28 11:03:33. Texte: Atelier dessin au mus\u00e9e. Dans le cadre du CLEA \u2013 contrat local d\u2019\u00e9ducation artistique \u2013 soutenu par la DRAC de Bourgogne-Franche Comt\u00e9, Pauline Augras, tailleur et sculpteur sur pierre \u00e0 l\u2019association REMPART, a sensibilis\u00e9 les \u00e9l\u00e8ves de CM1 de l\u2019\u00e9cole des Chaumes et de Victor\u2026<\/p>\n","protected":false},"author":1,"featured_media":862,"comment_status":"closed","ping_status":"closed","sticky":false,"template":"","format":"standard","meta":{"footnotes":""},"categories":[2],"tags":[],"blocksy_meta":{"styles_descriptor":{"styles":{"desktop":"","tablet":"","mobile":""},"google_fonts":[],"version":4}},"yoast_head":"<!-- This site is optimized with the Yoast SEO plugin v21.1 - https:\/\/yoast.com\/wordpress\/plugins\/seo\/ -->\n<title>Construire ensemble \u2013 CLEA 2022 \u2013 Mus\u00e9e de l\u2019Avallonnais Jean Despr\u00e9s - Viaromana et arch\u00e9ologie.<\/title>\n<meta name=\"description\" content=\"Construire ensemble \u2013 CLEA 2022 \u2013 Mus\u00e9e de l\u2019Avallonnais Jean Despr\u00e9s article de Viaromana et arch\u00e9ologie.\" \/>\n<meta name=\"robots\" content=\"index, follow, max-snippet:-1, max-image-preview:large, max-video-preview:-1\" \/>\n<link rel=\"canonical\" href=\"https:\/\/www.viaromana.org\/blog\/construire-ensemble-clea-2022-musee-de-lavallonnais-jean-despres\/\" \/>\n<meta property=\"og:locale\" content=\"fr_FR\" \/>\n<meta property=\"og:type\" content=\"article\" \/>\n<meta property=\"og:title\" content=\"Construire ensemble \u2013 CLEA 2022 \u2013 Mus\u00e9e de l\u2019Avallonnais Jean Despr\u00e9s - Viaromana et arch\u00e9ologie.\" \/>\n<meta property=\"og:description\" content=\"Construire ensemble \u2013 CLEA 2022 \u2013 Mus\u00e9e de l\u2019Avallonnais Jean Despr\u00e9s article de Viaromana et arch\u00e9ologie.\" \/>\n<meta property=\"og:url\" content=\"https:\/\/www.viaromana.org\/blog\/construire-ensemble-clea-2022-musee-de-lavallonnais-jean-despres\/\" \/>\n<meta property=\"og:site_name\" content=\"Viaromana et arch\u00e9ologie.\" \/>\n<meta property=\"article:published_time\" content=\"2022-03-28T09:03:33+00:00\" \/>\n<meta property=\"og:image\" content=\"https:\/\/www.viaromana.org\/blog\/wp-content\/uploads\/2022\/06\/unnamed-file-8-scaled.jpg\" \/>\n\t<meta property=\"og:image:width\" content=\"2560\" \/>\n\t<meta property=\"og:image:height\" content=\"1920\" \/>\n\t<meta property=\"og:image:type\" content=\"image\/jpeg\" \/>\n<meta name=\"author\" content=\"Robert\" \/>\n<meta name=\"twitter:card\" content=\"summary_large_image\" \/>\n<meta name=\"twitter:label1\" content=\"\u00c9crit par\" \/>\n\t<meta name=\"twitter:data1\" content=\"Robert\" \/>\n\t<meta name=\"twitter:label2\" content=\"Dur\u00e9e de lecture estim\u00e9e\" \/>\n\t<meta name=\"twitter:data2\" content=\"2 minutes\" \/>\n<script type=\"application\/ld+json\" class=\"yoast-schema-graph\">{\"@context\":\"https:\/\/schema.org\",\"@graph\":[{\"@type\":\"Article\",\"@id\":\"https:\/\/www.viaromana.org\/blog\/construire-ensemble-clea-2022-musee-de-lavallonnais-jean-despres\/#article\",\"isPartOf\":{\"@id\":\"https:\/\/www.viaromana.org\/blog\/construire-ensemble-clea-2022-musee-de-lavallonnais-jean-despres\/\"},\"author\":{\"name\":\"Robert\",\"@id\":\"https:\/\/www.viaromana.org\/blog\/#\/schema\/person\/cde9c4655845091e1fe473fcd163c889\"},\"headline\":\"Construire ensemble \u2013 CLEA 2022 \u2013 Mus\u00e9e de l\u2019Avallonnais Jean Despr\u00e9s\",\"datePublished\":\"2022-03-28T09:03:33+00:00\",\"dateModified\":\"2022-03-28T09:03:33+00:00\",\"mainEntityOfPage\":{\"@id\":\"https:\/\/www.viaromana.org\/blog\/construire-ensemble-clea-2022-musee-de-lavallonnais-jean-despres\/\"},\"wordCount\":440,\"publisher\":{\"@id\":\"https:\/\/www.viaromana.org\/blog\/#organization\"},\"articleSection\":[\"Arch\u00e9ologie\"],\"inLanguage\":\"fr-FR\"},{\"@type\":\"WebPage\",\"@id\":\"https:\/\/www.viaromana.org\/blog\/construire-ensemble-clea-2022-musee-de-lavallonnais-jean-despres\/\",\"url\":\"https:\/\/www.viaromana.org\/blog\/construire-ensemble-clea-2022-musee-de-lavallonnais-jean-despres\/\",\"name\":\"Construire ensemble \u2013 CLEA 2022 \u2013 Mus\u00e9e de l\u2019Avallonnais Jean Despr\u00e9s - Viaromana et arch\u00e9ologie.\",\"isPartOf\":{\"@id\":\"https:\/\/www.viaromana.org\/blog\/#website\"},\"datePublished\":\"2022-03-28T09:03:33+00:00\",\"dateModified\":\"2022-03-28T09:03:33+00:00\",\"description\":\"Construire ensemble \u2013 CLEA 2022 \u2013 Mus\u00e9e de l\u2019Avallonnais Jean Despr\u00e9s article de Viaromana et arch\u00e9ologie.\",\"breadcrumb\":{\"@id\":\"https:\/\/www.viaromana.org\/blog\/construire-ensemble-clea-2022-musee-de-lavallonnais-jean-despres\/#breadcrumb\"},\"inLanguage\":\"fr-FR\",\"potentialAction\":[{\"@type\":\"ReadAction\",\"target\":[\"https:\/\/www.viaromana.org\/blog\/construire-ensemble-clea-2022-musee-de-lavallonnais-jean-despres\/\"]}]},{\"@type\":\"BreadcrumbList\",\"@id\":\"https:\/\/www.viaromana.org\/blog\/construire-ensemble-clea-2022-musee-de-lavallonnais-jean-despres\/#breadcrumb\",\"itemListElement\":[{\"@type\":\"ListItem\",\"position\":1,\"name\":\"Accueil\",\"item\":\"https:\/\/www.viaromana.org\/blog\/\"},{\"@type\":\"ListItem\",\"position\":2,\"name\":\"Construire ensemble \u2013 CLEA 2022 \u2013 Mus\u00e9e de l\u2019Avallonnais Jean Despr\u00e9s\"}]},{\"@type\":\"WebSite\",\"@id\":\"https:\/\/www.viaromana.org\/blog\/#website\",\"url\":\"https:\/\/www.viaromana.org\/blog\/\",\"name\":\"Viaromana et arch\u00e9ologie.\",\"description\":\"Site arch\u00e9ologique de la voie romaine (viaromana) Belgique-France-Rome\",\"publisher\":{\"@id\":\"https:\/\/www.viaromana.org\/blog\/#organization\"},\"potentialAction\":[{\"@type\":\"SearchAction\",\"target\":{\"@type\":\"EntryPoint\",\"urlTemplate\":\"https:\/\/www.viaromana.org\/blog\/?s={search_term_string}\"},\"query-input\":\"required name=search_term_string\"}],\"inLanguage\":\"fr-FR\"},{\"@type\":\"Organization\",\"@id\":\"https:\/\/www.viaromana.org\/blog\/#organization\",\"name\":\"viaromana\",\"url\":\"https:\/\/www.viaromana.org\/blog\/\",\"logo\":{\"@type\":\"ImageObject\",\"inLanguage\":\"fr-FR\",\"@id\":\"https:\/\/www.viaromana.org\/blog\/#\/schema\/logo\/image\/\",\"url\":\"https:\/\/www.viaromana.org\/blog\/wp-content\/uploads\/2021\/12\/logo-3.png\",\"contentUrl\":\"https:\/\/www.viaromana.org\/blog\/wp-content\/uploads\/2021\/12\/logo-3.png\",\"width\":300,\"height\":249,\"caption\":\"viaromana\"},\"image\":{\"@id\":\"https:\/\/www.viaromana.org\/blog\/#\/schema\/logo\/image\/\"}},{\"@type\":\"Person\",\"@id\":\"https:\/\/www.viaromana.org\/blog\/#\/schema\/person\/cde9c4655845091e1fe473fcd163c889\",\"name\":\"Robert\",\"image\":{\"@type\":\"ImageObject\",\"inLanguage\":\"fr-FR\",\"@id\":\"https:\/\/www.viaromana.org\/blog\/#\/schema\/person\/image\/\",\"url\":\"https:\/\/secure.gravatar.com\/avatar\/a168ec191013b636c2f278aec04e724b?s=96&d=mm&r=g\",\"contentUrl\":\"https:\/\/secure.gravatar.com\/avatar\/a168ec191013b636c2f278aec04e724b?s=96&d=mm&r=g\",\"caption\":\"Robert\"},\"sameAs\":[\"https:\/\/www.viaromana.org\/blog\"],\"url\":\"https:\/\/www.viaromana.org\/blog\/author\/anaadmin\/\"}]}<\/script>\n<!-- \/ Yoast SEO plugin. -->","yoast_head_json":{"title":"Construire ensemble \u2013 CLEA 2022 \u2013 Mus\u00e9e de l\u2019Avallonnais Jean Despr\u00e9s - Viaromana et arch\u00e9ologie.","description":"Construire ensemble \u2013 CLEA 2022 \u2013 Mus\u00e9e de l\u2019Avallonnais Jean Despr\u00e9s article de Viaromana et arch\u00e9ologie.","robots":{"index":"index","follow":"follow","max-snippet":"max-snippet:-1","max-image-preview":"max-image-preview:large","max-video-preview":"max-video-preview:-1"},"canonical":"https:\/\/www.viaromana.org\/blog\/construire-ensemble-clea-2022-musee-de-lavallonnais-jean-despres\/","og_locale":"fr_FR","og_type":"article","og_title":"Construire ensemble \u2013 CLEA 2022 \u2013 Mus\u00e9e de l\u2019Avallonnais Jean Despr\u00e9s - Viaromana et arch\u00e9ologie.","og_description":"Construire ensemble \u2013 CLEA 2022 \u2013 Mus\u00e9e de l\u2019Avallonnais Jean Despr\u00e9s article de Viaromana et arch\u00e9ologie.","og_url":"https:\/\/www.viaromana.org\/blog\/construire-ensemble-clea-2022-musee-de-lavallonnais-jean-despres\/","og_site_name":"Viaromana et arch\u00e9ologie.","article_published_time":"2022-03-28T09:03:33+00:00","og_image":[{"width":2560,"height":1920,"url":"https:\/\/www.viaromana.org\/blog\/wp-content\/uploads\/2022\/06\/unnamed-file-8-scaled.jpg","type":"image\/jpeg"}],"author":"Robert","twitter_card":"summary_large_image","twitter_misc":{"\u00c9crit par":"Robert","Dur\u00e9e de lecture estim\u00e9e":"2 minutes"},"schema":{"@context":"https:\/\/schema.org","@graph":[{"@type":"Article","@id":"https:\/\/www.viaromana.org\/blog\/construire-ensemble-clea-2022-musee-de-lavallonnais-jean-despres\/#article","isPartOf":{"@id":"https:\/\/www.viaromana.org\/blog\/construire-ensemble-clea-2022-musee-de-lavallonnais-jean-despres\/"},"author":{"name":"Robert","@id":"https:\/\/www.viaromana.org\/blog\/#\/schema\/person\/cde9c4655845091e1fe473fcd163c889"},"headline":"Construire ensemble \u2013 CLEA 2022 \u2013 Mus\u00e9e de l\u2019Avallonnais Jean Despr\u00e9s","datePublished":"2022-03-28T09:03:33+00:00","dateModified":"2022-03-28T09:03:33+00:00","mainEntityOfPage":{"@id":"https:\/\/www.viaromana.org\/blog\/construire-ensemble-clea-2022-musee-de-lavallonnais-jean-despres\/"},"wordCount":440,"publisher":{"@id":"https:\/\/www.viaromana.org\/blog\/#organization"},"articleSection":["Arch\u00e9ologie"],"inLanguage":"fr-FR"},{"@type":"WebPage","@id":"https:\/\/www.viaromana.org\/blog\/construire-ensemble-clea-2022-musee-de-lavallonnais-jean-despres\/","url":"https:\/\/www.viaromana.org\/blog\/construire-ensemble-clea-2022-musee-de-lavallonnais-jean-despres\/","name":"Construire ensemble \u2013 CLEA 2022 \u2013 Mus\u00e9e de l\u2019Avallonnais Jean Despr\u00e9s - Viaromana et arch\u00e9ologie.","isPartOf":{"@id":"https:\/\/www.viaromana.org\/blog\/#website"},"datePublished":"2022-03-28T09:03:33+00:00","dateModified":"2022-03-28T09:03:33+00:00","description":"Construire ensemble \u2013 CLEA 2022 \u2013 Mus\u00e9e de l\u2019Avallonnais Jean Despr\u00e9s article de Viaromana et arch\u00e9ologie.","breadcrumb":{"@id":"https:\/\/www.viaromana.org\/blog\/construire-ensemble-clea-2022-musee-de-lavallonnais-jean-despres\/#breadcrumb"},"inLanguage":"fr-FR","potentialAction":[{"@type":"ReadAction","target":["https:\/\/www.viaromana.org\/blog\/construire-ensemble-clea-2022-musee-de-lavallonnais-jean-despres\/"]}]},{"@type":"BreadcrumbList","@id":"https:\/\/www.viaromana.org\/blog\/construire-ensemble-clea-2022-musee-de-lavallonnais-jean-despres\/#breadcrumb","itemListElement":[{"@type":"ListItem","position":1,"name":"Accueil","item":"https:\/\/www.viaromana.org\/blog\/"},{"@type":"ListItem","position":2,"name":"Construire ensemble \u2013 CLEA 2022 \u2013 Mus\u00e9e de l\u2019Avallonnais Jean Despr\u00e9s"}]},{"@type":"WebSite","@id":"https:\/\/www.viaromana.org\/blog\/#website","url":"https:\/\/www.viaromana.org\/blog\/","name":"Viaromana et arch\u00e9ologie.","description":"Site arch\u00e9ologique de la voie romaine (viaromana) Belgique-France-Rome","publisher":{"@id":"https:\/\/www.viaromana.org\/blog\/#organization"},"potentialAction":[{"@type":"SearchAction","target":{"@type":"EntryPoint","urlTemplate":"https:\/\/www.viaromana.org\/blog\/?s={search_term_string}"},"query-input":"required name=search_term_string"}],"inLanguage":"fr-FR"},{"@type":"Organization","@id":"https:\/\/www.viaromana.org\/blog\/#organization","name":"viaromana","url":"https:\/\/www.viaromana.org\/blog\/","logo":{"@type":"ImageObject","inLanguage":"fr-FR","@id":"https:\/\/www.viaromana.org\/blog\/#\/schema\/logo\/image\/","url":"https:\/\/www.viaromana.org\/blog\/wp-content\/uploads\/2021\/12\/logo-3.png","contentUrl":"https:\/\/www.viaromana.org\/blog\/wp-content\/uploads\/2021\/12\/logo-3.png","width":300,"height":249,"caption":"viaromana"},"image":{"@id":"https:\/\/www.viaromana.org\/blog\/#\/schema\/logo\/image\/"}},{"@type":"Person","@id":"https:\/\/www.viaromana.org\/blog\/#\/schema\/person\/cde9c4655845091e1fe473fcd163c889","name":"Robert","image":{"@type":"ImageObject","inLanguage":"fr-FR","@id":"https:\/\/www.viaromana.org\/blog\/#\/schema\/person\/image\/","url":"https:\/\/secure.gravatar.com\/avatar\/a168ec191013b636c2f278aec04e724b?s=96&d=mm&r=g","contentUrl":"https:\/\/secure.gravatar.com\/avatar\/a168ec191013b636c2f278aec04e724b?s=96&d=mm&r=g","caption":"Robert"},"sameAs":["https:\/\/www.viaromana.org\/blog"],"url":"https:\/\/www.viaromana.org\/blog\/author\/anaadmin\/"}]}},"_links":{"self":[{"href":"https:\/\/www.viaromana.org\/blog\/wp-json\/wp\/v2\/posts\/861"}],"collection":[{"href":"https:\/\/www.viaromana.org\/blog\/wp-json\/wp\/v2\/posts"}],"about":[{"href":"https:\/\/www.viaromana.org\/blog\/wp-json\/wp\/v2\/types\/post"}],"author":[{"embeddable":true,"href":"https:\/\/www.viaromana.org\/blog\/wp-json\/wp\/v2\/users\/1"}],"replies":[{"embeddable":true,"href":"https:\/\/www.viaromana.org\/blog\/wp-json\/wp\/v2\/comments?post=861"}],"version-history":[{"count":0,"href":"https:\/\/www.viaromana.org\/blog\/wp-json\/wp\/v2\/posts\/861\/revisions"}],"wp:featuredmedia":[{"embeddable":true,"href":"https:\/\/www.viaromana.org\/blog\/wp-json\/wp\/v2\/media\/862"}],"wp:attachment":[{"href":"https:\/\/www.viaromana.org\/blog\/wp-json\/wp\/v2\/media?parent=861"}],"wp:term":[{"taxonomy":"category","embeddable":true,"href":"https:\/\/www.viaromana.org\/blog\/wp-json\/wp\/v2\/categories?post=861"},{"taxonomy":"post_tag","embeddable":true,"href":"https:\/\/www.viaromana.org\/blog\/wp-json\/wp\/v2\/tags?post=861"}],"curies":[{"name":"wp","href":"https:\/\/api.w.org\/{rel}","templated":true}]}}