{"id":825,"date":"2022-04-20T11:12:00","date_gmt":"2022-04-20T09:12:00","guid":{"rendered":"https:\/\/www.site.cdcl.xyz\/2022\/04\/20\/revue-de-presse-internet-conference-aristides-de-sousa-mendes-de-loubli-a-la-reconnaissance\/"},"modified":"2022-04-20T11:12:00","modified_gmt":"2022-04-20T09:12:00","slug":"revue-de-presse-internet-conference-aristides-de-sousa-mendes-de-loubli-a-la-reconnaissance","status":"publish","type":"post","link":"https:\/\/www.viaromana.org\/blog\/revue-de-presse-internet-conference-aristides-de-sousa-mendes-de-loubli-a-la-reconnaissance\/","title":{"rendered":"Revue de presse internet : Conf\u00e9rence | Aristides de Sousa Mendes : de l\u2019oubli \u00e0 la reconnaissance"},"content":{"rendered":"<p>Voici les \u00ab bonnes pages \u00bb d\u2019un dossier que nous venons de trouver sur le web. Le th\u00e8me va incontestablement vous ravir. Car la th\u00e9matique est \u00ab&nbsp;l\u2019arch\u00e9ologie&nbsp;\u00bb.<\/p>\n<p>Le titre suggestif (Conf\u00e9rence | Aristides de Sousa Mendes : de l\u2019oubli \u00e0 la reconnaissance) parle de lui-m\u00eame.<\/p>\n<p> Identifi\u00e9 sous le nom \u00abMus\u00e9e d\u2019Aquitaine\u00bb, l\u2019\u00e9crivain est positivement connu.<\/p>\n<p>La confiance est en cons\u00e9quence parfaite concernant ce papier.<\/p>\n<p>L\u2019article a \u00e9t\u00e9 publi\u00e9 \u00e0 une date indiqu\u00e9e 2022-04-20 11:12:00.<\/p>\n<div>\n<p>Avec <strong>Victor Pereira<\/strong>, docteur en histoire contemporaine et chercheur \u00e0 l\u2019Institut d\u2019Histoire Contemporaine de l\u2019Universit\u00e9 Nouvelle de Lisbonne<\/p>\n<p>Cette conf\u00e9rence est propos\u00e9e dans le cadre de l\u2019exposition <strong>O Candelabro. Aristides Sousa Mendes, un consul en r\u00e9sistance.<\/strong><\/p>\n<p><strong><img decoding=\"async\" alt src=\"https:\/\/www.viaromana.org\/blog\/wp-content\/uploads\/2022\/05\/revue-de-presse-internet-conference-aristides-de-sousa-mendes-de-loubli-a-la-reconnaissance.jpg\"><\/strong><\/p>\n<\/div>\n<p>Livres sur un th\u00e8me comparable:<\/p>\n<p>Le Journal of Film Preservation.,<a target=\"_blank\" rel=\"nofollow\" href=\"https:\/\/www.viaromana.org\/blog\/goto\/http:\/\/www.fiafnet.org\/fr\/publications\/fep_journal.html\"  target=\"_blank\" rel=\"noopener noreferrer nofollow\">L\u2019article ICI.<\/a><span><\/span><\/p>\n<p>Organisme \u00e0 d\u00e9couvrir COol .,<a target=\"_blank\" rel=\"nofollow\" href=\"https:\/\/www.viaromana.org\/blog\/goto\/http:\/\/cool.conservation-us.org\/\"  target=\"_blank\" rel=\"noopener noreferrer nofollow\">Le texte de l\u2019article.<\/a><span><\/span><\/p>\n<p>Vade-mecum de la conservation pr\u00e9ventive \u2013 C2RMF.,<a target=\"_blank\" rel=\"nofollow\" href=\"https:\/\/www.viaromana.org\/blog\/goto\/https:\/\/c2rmf.fr\/sites\/c2rmf\/files\/vademecum_cc.pdf\"  target=\"_blank\" rel=\"noopener noreferrer nofollow\">Le post d\u2019actualit\u00e9.<\/a><span><\/span>. Suite sur le prochain article.<\/p>\n<div>\n<p>Avec <strong>Victor Pereira<\/strong>, docteur en histoire contemporaine et chercheur \u00e0 l\u2019Institut d\u2019Histoire Contemporaine de l\u2019Universit\u00e9 Nouvelle de Lisbonne<\/p>\n<p>Cette conf\u00e9rence est propos\u00e9e dans le cadre de l\u2019exposition <strong>O Candelabro. Aristides Sousa Mendes, un consul en r\u00e9sistance.<\/strong><\/p>\n<p><strong><img decoding=\"async\" alt src=\"https:\/\/www.viaromana.org\/blog\/wp-content\/uploads\/2022\/05\/revue-de-presse-internet-conference-aristides-de-sousa-mendes-de-loubli-a-la-reconnaissance.jpg\"><\/strong><\/p>\n<\/div>\n<p>Ce propos vous a captiv\u00e9 vous appr\u00e9cierez \u00e9galement ces parutions:<\/p>\n<p>Organisme \u00e0 d\u00e9couvrir ICOM .,<a target=\"_blank\" rel=\"nofollow\" href=\"https:\/\/www.viaromana.org\/blog\/goto\/http:\/\/icom.museum\/que-faisons-nous\/ressources\/bibliographies\/L\/2.html\"  target=\"_blank\" rel=\"noopener noreferrer nofollow\">Le texte de l\u2019article.<\/a><span><\/span>. Suite sur le prochain article.<\/p>\n<p>Document de Nara sur l\u2019authenticit\u00e9.,<a target=\"_blank\" rel=\"nofollow\" href=\"https:\/\/www.viaromana.org\/blog\/goto\/https:\/\/fr.wikipedia.org\/wiki\/Document_de_Nara_sur_l%27authenticit%C3%A9\"  target=\"_blank\" rel=\"noopener noreferrer nofollow\">L\u2019article ICI.<\/a><span><\/span>. Suite sur le prochain article.<\/p>\n<p>In Situ. Revue des patrimoines.,<a target=\"_blank\" rel=\"nofollow\" href=\"https:\/\/www.viaromana.org\/blog\/goto\/http:\/\/insitu.revues.org\"  target=\"_blank\" rel=\"noopener noreferrer nofollow\">A lire ici.<\/a><span><\/span>. Suite sur le prochain article.<\/p>\n","protected":false},"excerpt":{"rendered":"<p>Voici les \u00ab bonnes pages \u00bb d\u2019un dossier que nous venons de trouver sur le web. Le th\u00e8me va incontestablement vous ravir. Car la th\u00e9matique est \u00ab&nbsp;l\u2019arch\u00e9ologie&nbsp;\u00bb. Le titre suggestif (Conf\u00e9rence | Aristides de Sousa Mendes : de l\u2019oubli \u00e0 la reconnaissance) parle de lui-m\u00eame. Identifi\u00e9 sous le nom \u00abMus\u00e9e d\u2019Aquitaine\u00bb, l\u2019\u00e9crivain est positivement connu. La confiance est en cons\u00e9quence parfaite concernant ce papier. L\u2019article a \u00e9t\u00e9 publi\u00e9 \u00e0 une date indiqu\u00e9e 2022-04-20 11:12:00. Avec Victor Pereira, docteur en histoire contemporaine et chercheur \u00e0 l\u2019Institut d\u2019Histoire Contemporaine de l\u2019Universit\u00e9 Nouvelle de Lisbonne Cette conf\u00e9rence est propos\u00e9e dans le cadre de\u2026<\/p>\n","protected":false},"author":1,"featured_media":826,"comment_status":"closed","ping_status":"closed","sticky":false,"template":"","format":"standard","meta":{"footnotes":""},"categories":[2],"tags":[],"blocksy_meta":{"styles_descriptor":{"styles":{"desktop":"","tablet":"","mobile":""},"google_fonts":[],"version":4}},"yoast_head":"<!-- This site is optimized with the Yoast SEO plugin v21.1 - https:\/\/yoast.com\/wordpress\/plugins\/seo\/ -->\n<title>Revue de presse internet : Conf\u00e9rence | Aristides de Sousa Mendes : de l\u2019oubli \u00e0 la reconnaissance - Viaromana et arch\u00e9ologie.<\/title>\n<meta name=\"description\" content=\"Revue de presse internet : Conf\u00e9rence | Aristides de Sousa Mendes : de l\u2019oubli \u00e0 la reconnaissance article de Viaromana et arch\u00e9ologie.\" \/>\n<meta name=\"robots\" content=\"index, follow, max-snippet:-1, max-image-preview:large, max-video-preview:-1\" \/>\n<link rel=\"canonical\" href=\"https:\/\/www.viaromana.org\/blog\/revue-de-presse-internet-conference-aristides-de-sousa-mendes-de-loubli-a-la-reconnaissance\/\" \/>\n<meta property=\"og:locale\" content=\"fr_FR\" \/>\n<meta property=\"og:type\" content=\"article\" \/>\n<meta property=\"og:title\" content=\"Revue de presse internet : Conf\u00e9rence | Aristides de Sousa Mendes : de l\u2019oubli \u00e0 la reconnaissance - Viaromana et arch\u00e9ologie.\" \/>\n<meta property=\"og:description\" content=\"Revue de presse internet : Conf\u00e9rence | Aristides de Sousa Mendes : de l\u2019oubli \u00e0 la reconnaissance article de Viaromana et arch\u00e9ologie.\" \/>\n<meta property=\"og:url\" content=\"https:\/\/www.viaromana.org\/blog\/revue-de-presse-internet-conference-aristides-de-sousa-mendes-de-loubli-a-la-reconnaissance\/\" \/>\n<meta property=\"og:site_name\" content=\"Viaromana et arch\u00e9ologie.\" \/>\n<meta property=\"article:published_time\" content=\"2022-04-20T09:12:00+00:00\" \/>\n<meta property=\"og:image\" content=\"https:\/\/www.viaromana.org\/blog\/wp-content\/uploads\/2022\/05\/unnamed-file-24.jpg\" \/>\n\t<meta property=\"og:image:width\" content=\"1024\" \/>\n\t<meta property=\"og:image:height\" content=\"682\" \/>\n\t<meta property=\"og:image:type\" content=\"image\/jpeg\" \/>\n<meta name=\"author\" content=\"Robert\" \/>\n<meta name=\"twitter:card\" content=\"summary_large_image\" \/>\n<meta name=\"twitter:label1\" content=\"\u00c9crit par\" \/>\n\t<meta name=\"twitter:data1\" content=\"Robert\" \/>\n\t<meta name=\"twitter:label2\" content=\"Dur\u00e9e de lecture estim\u00e9e\" \/>\n\t<meta name=\"twitter:data2\" content=\"1 minute\" \/>\n<script type=\"application\/ld+json\" class=\"yoast-schema-graph\">{\"@context\":\"https:\/\/schema.org\",\"@graph\":[{\"@type\":\"Article\",\"@id\":\"https:\/\/www.viaromana.org\/blog\/revue-de-presse-internet-conference-aristides-de-sousa-mendes-de-loubli-a-la-reconnaissance\/#article\",\"isPartOf\":{\"@id\":\"https:\/\/www.viaromana.org\/blog\/revue-de-presse-internet-conference-aristides-de-sousa-mendes-de-loubli-a-la-reconnaissance\/\"},\"author\":{\"name\":\"Robert\",\"@id\":\"https:\/\/www.viaromana.org\/blog\/#\/schema\/person\/cde9c4655845091e1fe473fcd163c889\"},\"headline\":\"Revue de presse internet : Conf\u00e9rence | Aristides de Sousa Mendes : de l\u2019oubli \u00e0 la reconnaissance\",\"datePublished\":\"2022-04-20T09:12:00+00:00\",\"dateModified\":\"2022-04-20T09:12:00+00:00\",\"mainEntityOfPage\":{\"@id\":\"https:\/\/www.viaromana.org\/blog\/revue-de-presse-internet-conference-aristides-de-sousa-mendes-de-loubli-a-la-reconnaissance\/\"},\"wordCount\":275,\"publisher\":{\"@id\":\"https:\/\/www.viaromana.org\/blog\/#organization\"},\"articleSection\":[\"Arch\u00e9ologie\"],\"inLanguage\":\"fr-FR\"},{\"@type\":\"WebPage\",\"@id\":\"https:\/\/www.viaromana.org\/blog\/revue-de-presse-internet-conference-aristides-de-sousa-mendes-de-loubli-a-la-reconnaissance\/\",\"url\":\"https:\/\/www.viaromana.org\/blog\/revue-de-presse-internet-conference-aristides-de-sousa-mendes-de-loubli-a-la-reconnaissance\/\",\"name\":\"Revue de presse internet : Conf\u00e9rence | Aristides de Sousa Mendes : de l\u2019oubli \u00e0 la reconnaissance - Viaromana et arch\u00e9ologie.\",\"isPartOf\":{\"@id\":\"https:\/\/www.viaromana.org\/blog\/#website\"},\"datePublished\":\"2022-04-20T09:12:00+00:00\",\"dateModified\":\"2022-04-20T09:12:00+00:00\",\"description\":\"Revue de presse internet : Conf\u00e9rence | Aristides de Sousa Mendes : de l\u2019oubli \u00e0 la reconnaissance article de Viaromana et arch\u00e9ologie.\",\"breadcrumb\":{\"@id\":\"https:\/\/www.viaromana.org\/blog\/revue-de-presse-internet-conference-aristides-de-sousa-mendes-de-loubli-a-la-reconnaissance\/#breadcrumb\"},\"inLanguage\":\"fr-FR\",\"potentialAction\":[{\"@type\":\"ReadAction\",\"target\":[\"https:\/\/www.viaromana.org\/blog\/revue-de-presse-internet-conference-aristides-de-sousa-mendes-de-loubli-a-la-reconnaissance\/\"]}]},{\"@type\":\"BreadcrumbList\",\"@id\":\"https:\/\/www.viaromana.org\/blog\/revue-de-presse-internet-conference-aristides-de-sousa-mendes-de-loubli-a-la-reconnaissance\/#breadcrumb\",\"itemListElement\":[{\"@type\":\"ListItem\",\"position\":1,\"name\":\"Accueil\",\"item\":\"https:\/\/www.viaromana.org\/blog\/\"},{\"@type\":\"ListItem\",\"position\":2,\"name\":\"Revue de presse internet : Conf\u00e9rence | Aristides de Sousa Mendes : de l\u2019oubli \u00e0 la reconnaissance\"}]},{\"@type\":\"WebSite\",\"@id\":\"https:\/\/www.viaromana.org\/blog\/#website\",\"url\":\"https:\/\/www.viaromana.org\/blog\/\",\"name\":\"Viaromana et arch\u00e9ologie.\",\"description\":\"Site arch\u00e9ologique de la voie romaine (viaromana) Belgique-France-Rome\",\"publisher\":{\"@id\":\"https:\/\/www.viaromana.org\/blog\/#organization\"},\"potentialAction\":[{\"@type\":\"SearchAction\",\"target\":{\"@type\":\"EntryPoint\",\"urlTemplate\":\"https:\/\/www.viaromana.org\/blog\/?s={search_term_string}\"},\"query-input\":\"required name=search_term_string\"}],\"inLanguage\":\"fr-FR\"},{\"@type\":\"Organization\",\"@id\":\"https:\/\/www.viaromana.org\/blog\/#organization\",\"name\":\"viaromana\",\"url\":\"https:\/\/www.viaromana.org\/blog\/\",\"logo\":{\"@type\":\"ImageObject\",\"inLanguage\":\"fr-FR\",\"@id\":\"https:\/\/www.viaromana.org\/blog\/#\/schema\/logo\/image\/\",\"url\":\"https:\/\/www.viaromana.org\/blog\/wp-content\/uploads\/2021\/12\/logo-3.png\",\"contentUrl\":\"https:\/\/www.viaromana.org\/blog\/wp-content\/uploads\/2021\/12\/logo-3.png\",\"width\":300,\"height\":249,\"caption\":\"viaromana\"},\"image\":{\"@id\":\"https:\/\/www.viaromana.org\/blog\/#\/schema\/logo\/image\/\"}},{\"@type\":\"Person\",\"@id\":\"https:\/\/www.viaromana.org\/blog\/#\/schema\/person\/cde9c4655845091e1fe473fcd163c889\",\"name\":\"Robert\",\"image\":{\"@type\":\"ImageObject\",\"inLanguage\":\"fr-FR\",\"@id\":\"https:\/\/www.viaromana.org\/blog\/#\/schema\/person\/image\/\",\"url\":\"https:\/\/secure.gravatar.com\/avatar\/a168ec191013b636c2f278aec04e724b?s=96&d=mm&r=g\",\"contentUrl\":\"https:\/\/secure.gravatar.com\/avatar\/a168ec191013b636c2f278aec04e724b?s=96&d=mm&r=g\",\"caption\":\"Robert\"},\"sameAs\":[\"https:\/\/www.viaromana.org\/blog\"],\"url\":\"https:\/\/www.viaromana.org\/blog\/author\/anaadmin\/\"}]}<\/script>\n<!-- \/ Yoast SEO plugin. -->","yoast_head_json":{"title":"Revue de presse internet : Conf\u00e9rence | Aristides de Sousa Mendes : de l\u2019oubli \u00e0 la reconnaissance - Viaromana et arch\u00e9ologie.","description":"Revue de presse internet : Conf\u00e9rence | Aristides de Sousa Mendes : de l\u2019oubli \u00e0 la reconnaissance article de Viaromana et arch\u00e9ologie.","robots":{"index":"index","follow":"follow","max-snippet":"max-snippet:-1","max-image-preview":"max-image-preview:large","max-video-preview":"max-video-preview:-1"},"canonical":"https:\/\/www.viaromana.org\/blog\/revue-de-presse-internet-conference-aristides-de-sousa-mendes-de-loubli-a-la-reconnaissance\/","og_locale":"fr_FR","og_type":"article","og_title":"Revue de presse internet : Conf\u00e9rence | Aristides de Sousa Mendes : de l\u2019oubli \u00e0 la reconnaissance - Viaromana et arch\u00e9ologie.","og_description":"Revue de presse internet : Conf\u00e9rence | Aristides de Sousa Mendes : de l\u2019oubli \u00e0 la reconnaissance article de Viaromana et arch\u00e9ologie.","og_url":"https:\/\/www.viaromana.org\/blog\/revue-de-presse-internet-conference-aristides-de-sousa-mendes-de-loubli-a-la-reconnaissance\/","og_site_name":"Viaromana et arch\u00e9ologie.","article_published_time":"2022-04-20T09:12:00+00:00","og_image":[{"width":1024,"height":682,"url":"https:\/\/www.viaromana.org\/blog\/wp-content\/uploads\/2022\/05\/unnamed-file-24.jpg","type":"image\/jpeg"}],"author":"Robert","twitter_card":"summary_large_image","twitter_misc":{"\u00c9crit par":"Robert","Dur\u00e9e de lecture estim\u00e9e":"1 minute"},"schema":{"@context":"https:\/\/schema.org","@graph":[{"@type":"Article","@id":"https:\/\/www.viaromana.org\/blog\/revue-de-presse-internet-conference-aristides-de-sousa-mendes-de-loubli-a-la-reconnaissance\/#article","isPartOf":{"@id":"https:\/\/www.viaromana.org\/blog\/revue-de-presse-internet-conference-aristides-de-sousa-mendes-de-loubli-a-la-reconnaissance\/"},"author":{"name":"Robert","@id":"https:\/\/www.viaromana.org\/blog\/#\/schema\/person\/cde9c4655845091e1fe473fcd163c889"},"headline":"Revue de presse internet : Conf\u00e9rence | Aristides de Sousa Mendes : de l\u2019oubli \u00e0 la reconnaissance","datePublished":"2022-04-20T09:12:00+00:00","dateModified":"2022-04-20T09:12:00+00:00","mainEntityOfPage":{"@id":"https:\/\/www.viaromana.org\/blog\/revue-de-presse-internet-conference-aristides-de-sousa-mendes-de-loubli-a-la-reconnaissance\/"},"wordCount":275,"publisher":{"@id":"https:\/\/www.viaromana.org\/blog\/#organization"},"articleSection":["Arch\u00e9ologie"],"inLanguage":"fr-FR"},{"@type":"WebPage","@id":"https:\/\/www.viaromana.org\/blog\/revue-de-presse-internet-conference-aristides-de-sousa-mendes-de-loubli-a-la-reconnaissance\/","url":"https:\/\/www.viaromana.org\/blog\/revue-de-presse-internet-conference-aristides-de-sousa-mendes-de-loubli-a-la-reconnaissance\/","name":"Revue de presse internet : Conf\u00e9rence | Aristides de Sousa Mendes : de l\u2019oubli \u00e0 la reconnaissance - Viaromana et arch\u00e9ologie.","isPartOf":{"@id":"https:\/\/www.viaromana.org\/blog\/#website"},"datePublished":"2022-04-20T09:12:00+00:00","dateModified":"2022-04-20T09:12:00+00:00","description":"Revue de presse internet : Conf\u00e9rence | Aristides de Sousa Mendes : de l\u2019oubli \u00e0 la reconnaissance article de Viaromana et arch\u00e9ologie.","breadcrumb":{"@id":"https:\/\/www.viaromana.org\/blog\/revue-de-presse-internet-conference-aristides-de-sousa-mendes-de-loubli-a-la-reconnaissance\/#breadcrumb"},"inLanguage":"fr-FR","potentialAction":[{"@type":"ReadAction","target":["https:\/\/www.viaromana.org\/blog\/revue-de-presse-internet-conference-aristides-de-sousa-mendes-de-loubli-a-la-reconnaissance\/"]}]},{"@type":"BreadcrumbList","@id":"https:\/\/www.viaromana.org\/blog\/revue-de-presse-internet-conference-aristides-de-sousa-mendes-de-loubli-a-la-reconnaissance\/#breadcrumb","itemListElement":[{"@type":"ListItem","position":1,"name":"Accueil","item":"https:\/\/www.viaromana.org\/blog\/"},{"@type":"ListItem","position":2,"name":"Revue de presse internet : Conf\u00e9rence | Aristides de Sousa Mendes : de l\u2019oubli \u00e0 la reconnaissance"}]},{"@type":"WebSite","@id":"https:\/\/www.viaromana.org\/blog\/#website","url":"https:\/\/www.viaromana.org\/blog\/","name":"Viaromana et arch\u00e9ologie.","description":"Site arch\u00e9ologique de la voie romaine (viaromana) Belgique-France-Rome","publisher":{"@id":"https:\/\/www.viaromana.org\/blog\/#organization"},"potentialAction":[{"@type":"SearchAction","target":{"@type":"EntryPoint","urlTemplate":"https:\/\/www.viaromana.org\/blog\/?s={search_term_string}"},"query-input":"required name=search_term_string"}],"inLanguage":"fr-FR"},{"@type":"Organization","@id":"https:\/\/www.viaromana.org\/blog\/#organization","name":"viaromana","url":"https:\/\/www.viaromana.org\/blog\/","logo":{"@type":"ImageObject","inLanguage":"fr-FR","@id":"https:\/\/www.viaromana.org\/blog\/#\/schema\/logo\/image\/","url":"https:\/\/www.viaromana.org\/blog\/wp-content\/uploads\/2021\/12\/logo-3.png","contentUrl":"https:\/\/www.viaromana.org\/blog\/wp-content\/uploads\/2021\/12\/logo-3.png","width":300,"height":249,"caption":"viaromana"},"image":{"@id":"https:\/\/www.viaromana.org\/blog\/#\/schema\/logo\/image\/"}},{"@type":"Person","@id":"https:\/\/www.viaromana.org\/blog\/#\/schema\/person\/cde9c4655845091e1fe473fcd163c889","name":"Robert","image":{"@type":"ImageObject","inLanguage":"fr-FR","@id":"https:\/\/www.viaromana.org\/blog\/#\/schema\/person\/image\/","url":"https:\/\/secure.gravatar.com\/avatar\/a168ec191013b636c2f278aec04e724b?s=96&d=mm&r=g","contentUrl":"https:\/\/secure.gravatar.com\/avatar\/a168ec191013b636c2f278aec04e724b?s=96&d=mm&r=g","caption":"Robert"},"sameAs":["https:\/\/www.viaromana.org\/blog"],"url":"https:\/\/www.viaromana.org\/blog\/author\/anaadmin\/"}]}},"_links":{"self":[{"href":"https:\/\/www.viaromana.org\/blog\/wp-json\/wp\/v2\/posts\/825"}],"collection":[{"href":"https:\/\/www.viaromana.org\/blog\/wp-json\/wp\/v2\/posts"}],"about":[{"href":"https:\/\/www.viaromana.org\/blog\/wp-json\/wp\/v2\/types\/post"}],"author":[{"embeddable":true,"href":"https:\/\/www.viaromana.org\/blog\/wp-json\/wp\/v2\/users\/1"}],"replies":[{"embeddable":true,"href":"https:\/\/www.viaromana.org\/blog\/wp-json\/wp\/v2\/comments?post=825"}],"version-history":[{"count":0,"href":"https:\/\/www.viaromana.org\/blog\/wp-json\/wp\/v2\/posts\/825\/revisions"}],"wp:featuredmedia":[{"embeddable":true,"href":"https:\/\/www.viaromana.org\/blog\/wp-json\/wp\/v2\/media\/826"}],"wp:attachment":[{"href":"https:\/\/www.viaromana.org\/blog\/wp-json\/wp\/v2\/media?parent=825"}],"wp:term":[{"taxonomy":"category","embeddable":true,"href":"https:\/\/www.viaromana.org\/blog\/wp-json\/wp\/v2\/categories?post=825"},{"taxonomy":"post_tag","embeddable":true,"href":"https:\/\/www.viaromana.org\/blog\/wp-json\/wp\/v2\/tags?post=825"}],"curies":[{"name":"wp","href":"https:\/\/api.w.org\/{rel}","templated":true}]}}