{"id":805,"date":"2022-05-12T11:41:34","date_gmt":"2022-05-12T09:41:34","guid":{"rendered":"https:\/\/www.site.cdcl.xyz\/2022\/05\/12\/ceci-se-propage-sur-internet-visite-commentee-400-000-ans-dhistoires-de-la-prehistoire-au-xxie-siecle\/"},"modified":"2022-05-12T11:41:34","modified_gmt":"2022-05-12T09:41:34","slug":"ceci-se-propage-sur-internet-visite-commentee-400-000-ans-dhistoires-de-la-prehistoire-au-xxie-siecle","status":"publish","type":"post","link":"https:\/\/www.viaromana.org\/blog\/ceci-se-propage-sur-internet-visite-commentee-400-000-ans-dhistoires-de-la-prehistoire-au-xxie-siecle\/","title":{"rendered":"Ceci se propage sur internet : Visite comment\u00e9e | 400 000 ans d\u2019histoire(s), de la Pr\u00e9histoire au XXIe si\u00e8cle"},"content":{"rendered":"<p>Voil\u00e0 qui va vous ravir : Un nouveau texte que notre \u00e9quipe vient de trouver sur internet et que nous vous reproduisons ci-dessous. La th\u00e9matique est \u00ab&nbsp;l\u2019arch\u00e9ologie&nbsp;\u00bb.<\/p>\n<p>Le titre suggestif (Visite comment\u00e9e | 400 000 ans d\u2019histoire(s), de la Pr\u00e9histoire au XXIe si\u00e8cle) parle de lui-m\u00eame.<\/p>\n<p>Sachez que l\u2019\u00e9crivain (annonc\u00e9 sous la signature Mus\u00e9e d\u2019Aquitaine) est connu et fiable pour plusieurs autres papiers qu\u2019il a publi\u00e9s sur le web.<\/p>\n<p>Vous pouvez donc donner du cr\u00e9dit \u00e0 cette publication.<\/p>\n<p>Sachez que la date de parution est 2022-05-12 11:41:34.<\/p>\n<p>Texte d\u2019origine en question : <\/p>\n<div>\n<p>Venez d\u00e9couvrir&nbsp;lors d\u2019une visite comment\u00e9e, le parcours 400 000 ans d\u2019histoire(s), de la Pr\u00e9histoire au XXI<sup>e<\/sup> si\u00e8cle !<\/p>\n<p><em>Pour information : Les ascenseurs du mus\u00e9e sont actuellement en cours de r\u00e9novation.&nbsp;En cons\u00e9quence, l\u2019accueil des personnes \u00e0 mobilit\u00e9 r\u00e9duite est perturb\u00e9. Nous vous invitons \u00e0 nous signaler votre situation \u00e0 l\u2019accueil du mus\u00e9e.&nbsp;<\/em><\/p>\n<p><em>Visite comprise dans le prix du billet d\u2019entr\u00e9e<\/em><\/p>\n<p><em><img decoding=\"async\" alt src=\"https:\/\/www.viaromana.org\/blog\/wp-content\/uploads\/2022\/05\/ceci-se-propage-sur-internet-visite-commentee-400-000-ans-dhistoires-de-la-prehistoire-au-xxie-siecle.jpg\">&nbsp;&nbsp;<img decoding=\"async\" alt src=\"https:\/\/www.viaromana.org\/blog\/wp-content\/uploads\/2022\/05\/ceci-se-propage-sur-internet-visite-commentee-400-000-ans-dhistoires-de-la-prehistoire-au-xxie-siecle-1.jpg\"><\/em><\/p>\n<\/p><\/div>\n<p>Ce sujet r\u00e9pond \u00e0 vos investigations vous aimerez aussi ces livres:<\/p>\n<p>Regency, tome 2 : Le Secret du Nil.,<a target=\"_blank\" rel=\"nofollow\" href=\"https:\/\/www.viaromana.org\/blog\/goto\/https:\/\/booknode.com\/regency_tome_2_le_secret_du_nil_061686\"  target=\"_blank\" rel=\"noopener noreferrer nofollow\">Clicker Ici <\/a><span><\/span>.<\/p>\n<p>M\u00e9thodes d\u2019enregistrement des donn\u00e9es en arch\u00e9ologie.,<a target=\"_blank\" rel=\"nofollow\" href=\"https:\/\/www.viaromana.org\/blog\/goto\/https:\/\/www.epagine.fr\/ebook\/9791035105396-methodes-d-enregistrement-des-donnees-en-archeologie-candice-del-medico-marion-dessaint-camille-gorin\/\"  target=\"_blank\" rel=\"noopener noreferrer nofollow\">Le livre <\/a><span><\/span>.<\/p>\n<p>Promenades d\u2019arch\u00e9ologie sous-marine.,<a target=\"_blank\" rel=\"nofollow\" href=\"https:\/\/www.viaromana.org\/blog\/goto\/https:\/\/www.epagine.fr\/ebook\/9782307495413-promenades-d-archeologie-sous-marine-philippe-diole\/\"  target=\"_blank\" rel=\"noopener noreferrer nofollow\">(la couverture) <\/a><span><\/span>.<\/p>\n<p>National Geographic, arch\u00e9ologie: Chich\u00e9n Itz\u00e1.,<a target=\"_blank\" rel=\"nofollow\" href=\"https:\/\/www.viaromana.org\/blog\/goto\/https:\/\/booknode.com\/national_geographic_archeologie_chichen_itza_02667973\"  target=\"_blank\" rel=\"noopener noreferrer nofollow\">Clicker Ici <\/a><span><\/span>.<\/p>\n","protected":false},"excerpt":{"rendered":"<p>Voil\u00e0 qui va vous ravir : Un nouveau texte que notre \u00e9quipe vient de trouver sur internet et que nous vous reproduisons ci-dessous. La th\u00e9matique est \u00ab&nbsp;l\u2019arch\u00e9ologie&nbsp;\u00bb. Le titre suggestif (Visite comment\u00e9e | 400 000 ans d\u2019histoire(s), de la Pr\u00e9histoire au XXIe si\u00e8cle) parle de lui-m\u00eame. Sachez que l\u2019\u00e9crivain (annonc\u00e9 sous la signature Mus\u00e9e d\u2019Aquitaine) est connu et fiable pour plusieurs autres papiers qu\u2019il a publi\u00e9s sur le web. Vous pouvez donc donner du cr\u00e9dit \u00e0 cette publication. Sachez que la date de parution est 2022-05-12 11:41:34. Texte d\u2019origine en question : Venez d\u00e9couvrir&nbsp;lors d\u2019une visite comment\u00e9e, le parcours 400\u2026<\/p>\n","protected":false},"author":1,"featured_media":806,"comment_status":"closed","ping_status":"closed","sticky":false,"template":"","format":"standard","meta":{"footnotes":""},"categories":[2],"tags":[],"blocksy_meta":{"styles_descriptor":{"styles":{"desktop":"","tablet":"","mobile":""},"google_fonts":[],"version":4}},"yoast_head":"<!-- This site is optimized with the Yoast SEO plugin v21.1 - https:\/\/yoast.com\/wordpress\/plugins\/seo\/ -->\n<title>Ceci se propage sur internet : Visite comment\u00e9e | 400 000 ans d\u2019histoire(s), de la Pr\u00e9histoire au XXIe si\u00e8cle - Viaromana et arch\u00e9ologie.<\/title>\n<meta name=\"description\" content=\"Ceci se propage sur internet : Visite comment\u00e9e | 400 000 ans d\u2019histoire(s), de la Pr\u00e9histoire au XXIe si\u00e8cle article de Viaromana et arch\u00e9ologie.\" \/>\n<meta name=\"robots\" content=\"index, follow, max-snippet:-1, max-image-preview:large, max-video-preview:-1\" \/>\n<link rel=\"canonical\" href=\"https:\/\/www.viaromana.org\/blog\/ceci-se-propage-sur-internet-visite-commentee-400-000-ans-dhistoires-de-la-prehistoire-au-xxie-siecle\/\" \/>\n<meta property=\"og:locale\" content=\"fr_FR\" \/>\n<meta property=\"og:type\" content=\"article\" \/>\n<meta property=\"og:title\" content=\"Ceci se propage sur internet : Visite comment\u00e9e | 400 000 ans d\u2019histoire(s), de la Pr\u00e9histoire au XXIe si\u00e8cle - Viaromana et arch\u00e9ologie.\" \/>\n<meta property=\"og:description\" content=\"Ceci se propage sur internet : Visite comment\u00e9e | 400 000 ans d\u2019histoire(s), de la Pr\u00e9histoire au XXIe si\u00e8cle article de Viaromana et arch\u00e9ologie.\" \/>\n<meta property=\"og:url\" content=\"https:\/\/www.viaromana.org\/blog\/ceci-se-propage-sur-internet-visite-commentee-400-000-ans-dhistoires-de-la-prehistoire-au-xxie-siecle\/\" \/>\n<meta property=\"og:site_name\" content=\"Viaromana et arch\u00e9ologie.\" \/>\n<meta property=\"article:published_time\" content=\"2022-05-12T09:41:34+00:00\" \/>\n<meta property=\"og:image\" content=\"https:\/\/www.viaromana.org\/blog\/wp-content\/uploads\/2022\/05\/unnamed-file-16-scaled.jpg\" \/>\n\t<meta property=\"og:image:width\" content=\"2560\" \/>\n\t<meta property=\"og:image:height\" content=\"1707\" \/>\n\t<meta property=\"og:image:type\" content=\"image\/jpeg\" \/>\n<meta name=\"author\" content=\"Robert\" \/>\n<meta name=\"twitter:card\" content=\"summary_large_image\" \/>\n<meta name=\"twitter:label1\" content=\"\u00c9crit par\" \/>\n\t<meta name=\"twitter:data1\" content=\"Robert\" \/>\n\t<meta name=\"twitter:label2\" content=\"Dur\u00e9e de lecture estim\u00e9e\" \/>\n\t<meta name=\"twitter:data2\" content=\"1 minute\" \/>\n<script type=\"application\/ld+json\" class=\"yoast-schema-graph\">{\"@context\":\"https:\/\/schema.org\",\"@graph\":[{\"@type\":\"Article\",\"@id\":\"https:\/\/www.viaromana.org\/blog\/ceci-se-propage-sur-internet-visite-commentee-400-000-ans-dhistoires-de-la-prehistoire-au-xxie-siecle\/#article\",\"isPartOf\":{\"@id\":\"https:\/\/www.viaromana.org\/blog\/ceci-se-propage-sur-internet-visite-commentee-400-000-ans-dhistoires-de-la-prehistoire-au-xxie-siecle\/\"},\"author\":{\"name\":\"Robert\",\"@id\":\"https:\/\/www.viaromana.org\/blog\/#\/schema\/person\/cde9c4655845091e1fe473fcd163c889\"},\"headline\":\"Ceci se propage sur internet : Visite comment\u00e9e | 400 000 ans d\u2019histoire(s), de la Pr\u00e9histoire au XXIe si\u00e8cle\",\"datePublished\":\"2022-05-12T09:41:34+00:00\",\"dateModified\":\"2022-05-12T09:41:34+00:00\",\"mainEntityOfPage\":{\"@id\":\"https:\/\/www.viaromana.org\/blog\/ceci-se-propage-sur-internet-visite-commentee-400-000-ans-dhistoires-de-la-prehistoire-au-xxie-siecle\/\"},\"wordCount\":247,\"publisher\":{\"@id\":\"https:\/\/www.viaromana.org\/blog\/#organization\"},\"articleSection\":[\"Arch\u00e9ologie\"],\"inLanguage\":\"fr-FR\"},{\"@type\":\"WebPage\",\"@id\":\"https:\/\/www.viaromana.org\/blog\/ceci-se-propage-sur-internet-visite-commentee-400-000-ans-dhistoires-de-la-prehistoire-au-xxie-siecle\/\",\"url\":\"https:\/\/www.viaromana.org\/blog\/ceci-se-propage-sur-internet-visite-commentee-400-000-ans-dhistoires-de-la-prehistoire-au-xxie-siecle\/\",\"name\":\"Ceci se propage sur internet : Visite comment\u00e9e | 400 000 ans d\u2019histoire(s), de la Pr\u00e9histoire au XXIe si\u00e8cle - Viaromana et arch\u00e9ologie.\",\"isPartOf\":{\"@id\":\"https:\/\/www.viaromana.org\/blog\/#website\"},\"datePublished\":\"2022-05-12T09:41:34+00:00\",\"dateModified\":\"2022-05-12T09:41:34+00:00\",\"description\":\"Ceci se propage sur internet : Visite comment\u00e9e | 400 000 ans d\u2019histoire(s), de la Pr\u00e9histoire au XXIe si\u00e8cle article de Viaromana et arch\u00e9ologie.\",\"breadcrumb\":{\"@id\":\"https:\/\/www.viaromana.org\/blog\/ceci-se-propage-sur-internet-visite-commentee-400-000-ans-dhistoires-de-la-prehistoire-au-xxie-siecle\/#breadcrumb\"},\"inLanguage\":\"fr-FR\",\"potentialAction\":[{\"@type\":\"ReadAction\",\"target\":[\"https:\/\/www.viaromana.org\/blog\/ceci-se-propage-sur-internet-visite-commentee-400-000-ans-dhistoires-de-la-prehistoire-au-xxie-siecle\/\"]}]},{\"@type\":\"BreadcrumbList\",\"@id\":\"https:\/\/www.viaromana.org\/blog\/ceci-se-propage-sur-internet-visite-commentee-400-000-ans-dhistoires-de-la-prehistoire-au-xxie-siecle\/#breadcrumb\",\"itemListElement\":[{\"@type\":\"ListItem\",\"position\":1,\"name\":\"Accueil\",\"item\":\"https:\/\/www.viaromana.org\/blog\/\"},{\"@type\":\"ListItem\",\"position\":2,\"name\":\"Ceci se propage sur internet : Visite comment\u00e9e | 400 000 ans d\u2019histoire(s), de la Pr\u00e9histoire au XXIe si\u00e8cle\"}]},{\"@type\":\"WebSite\",\"@id\":\"https:\/\/www.viaromana.org\/blog\/#website\",\"url\":\"https:\/\/www.viaromana.org\/blog\/\",\"name\":\"Viaromana et arch\u00e9ologie.\",\"description\":\"Site arch\u00e9ologique de la voie romaine (viaromana) Belgique-France-Rome\",\"publisher\":{\"@id\":\"https:\/\/www.viaromana.org\/blog\/#organization\"},\"potentialAction\":[{\"@type\":\"SearchAction\",\"target\":{\"@type\":\"EntryPoint\",\"urlTemplate\":\"https:\/\/www.viaromana.org\/blog\/?s={search_term_string}\"},\"query-input\":\"required name=search_term_string\"}],\"inLanguage\":\"fr-FR\"},{\"@type\":\"Organization\",\"@id\":\"https:\/\/www.viaromana.org\/blog\/#organization\",\"name\":\"viaromana\",\"url\":\"https:\/\/www.viaromana.org\/blog\/\",\"logo\":{\"@type\":\"ImageObject\",\"inLanguage\":\"fr-FR\",\"@id\":\"https:\/\/www.viaromana.org\/blog\/#\/schema\/logo\/image\/\",\"url\":\"https:\/\/www.viaromana.org\/blog\/wp-content\/uploads\/2021\/12\/logo-3.png\",\"contentUrl\":\"https:\/\/www.viaromana.org\/blog\/wp-content\/uploads\/2021\/12\/logo-3.png\",\"width\":300,\"height\":249,\"caption\":\"viaromana\"},\"image\":{\"@id\":\"https:\/\/www.viaromana.org\/blog\/#\/schema\/logo\/image\/\"}},{\"@type\":\"Person\",\"@id\":\"https:\/\/www.viaromana.org\/blog\/#\/schema\/person\/cde9c4655845091e1fe473fcd163c889\",\"name\":\"Robert\",\"image\":{\"@type\":\"ImageObject\",\"inLanguage\":\"fr-FR\",\"@id\":\"https:\/\/www.viaromana.org\/blog\/#\/schema\/person\/image\/\",\"url\":\"https:\/\/secure.gravatar.com\/avatar\/a168ec191013b636c2f278aec04e724b?s=96&d=mm&r=g\",\"contentUrl\":\"https:\/\/secure.gravatar.com\/avatar\/a168ec191013b636c2f278aec04e724b?s=96&d=mm&r=g\",\"caption\":\"Robert\"},\"sameAs\":[\"https:\/\/www.viaromana.org\/blog\"],\"url\":\"https:\/\/www.viaromana.org\/blog\/author\/anaadmin\/\"}]}<\/script>\n<!-- \/ Yoast SEO plugin. -->","yoast_head_json":{"title":"Ceci se propage sur internet : Visite comment\u00e9e | 400 000 ans d\u2019histoire(s), de la Pr\u00e9histoire au XXIe si\u00e8cle - Viaromana et arch\u00e9ologie.","description":"Ceci se propage sur internet : Visite comment\u00e9e | 400 000 ans d\u2019histoire(s), de la Pr\u00e9histoire au XXIe si\u00e8cle article de Viaromana et arch\u00e9ologie.","robots":{"index":"index","follow":"follow","max-snippet":"max-snippet:-1","max-image-preview":"max-image-preview:large","max-video-preview":"max-video-preview:-1"},"canonical":"https:\/\/www.viaromana.org\/blog\/ceci-se-propage-sur-internet-visite-commentee-400-000-ans-dhistoires-de-la-prehistoire-au-xxie-siecle\/","og_locale":"fr_FR","og_type":"article","og_title":"Ceci se propage sur internet : Visite comment\u00e9e | 400 000 ans d\u2019histoire(s), de la Pr\u00e9histoire au XXIe si\u00e8cle - Viaromana et arch\u00e9ologie.","og_description":"Ceci se propage sur internet : Visite comment\u00e9e | 400 000 ans d\u2019histoire(s), de la Pr\u00e9histoire au XXIe si\u00e8cle article de Viaromana et arch\u00e9ologie.","og_url":"https:\/\/www.viaromana.org\/blog\/ceci-se-propage-sur-internet-visite-commentee-400-000-ans-dhistoires-de-la-prehistoire-au-xxie-siecle\/","og_site_name":"Viaromana et arch\u00e9ologie.","article_published_time":"2022-05-12T09:41:34+00:00","og_image":[{"width":2560,"height":1707,"url":"https:\/\/www.viaromana.org\/blog\/wp-content\/uploads\/2022\/05\/unnamed-file-16-scaled.jpg","type":"image\/jpeg"}],"author":"Robert","twitter_card":"summary_large_image","twitter_misc":{"\u00c9crit par":"Robert","Dur\u00e9e de lecture estim\u00e9e":"1 minute"},"schema":{"@context":"https:\/\/schema.org","@graph":[{"@type":"Article","@id":"https:\/\/www.viaromana.org\/blog\/ceci-se-propage-sur-internet-visite-commentee-400-000-ans-dhistoires-de-la-prehistoire-au-xxie-siecle\/#article","isPartOf":{"@id":"https:\/\/www.viaromana.org\/blog\/ceci-se-propage-sur-internet-visite-commentee-400-000-ans-dhistoires-de-la-prehistoire-au-xxie-siecle\/"},"author":{"name":"Robert","@id":"https:\/\/www.viaromana.org\/blog\/#\/schema\/person\/cde9c4655845091e1fe473fcd163c889"},"headline":"Ceci se propage sur internet : Visite comment\u00e9e | 400 000 ans d\u2019histoire(s), de la Pr\u00e9histoire au XXIe si\u00e8cle","datePublished":"2022-05-12T09:41:34+00:00","dateModified":"2022-05-12T09:41:34+00:00","mainEntityOfPage":{"@id":"https:\/\/www.viaromana.org\/blog\/ceci-se-propage-sur-internet-visite-commentee-400-000-ans-dhistoires-de-la-prehistoire-au-xxie-siecle\/"},"wordCount":247,"publisher":{"@id":"https:\/\/www.viaromana.org\/blog\/#organization"},"articleSection":["Arch\u00e9ologie"],"inLanguage":"fr-FR"},{"@type":"WebPage","@id":"https:\/\/www.viaromana.org\/blog\/ceci-se-propage-sur-internet-visite-commentee-400-000-ans-dhistoires-de-la-prehistoire-au-xxie-siecle\/","url":"https:\/\/www.viaromana.org\/blog\/ceci-se-propage-sur-internet-visite-commentee-400-000-ans-dhistoires-de-la-prehistoire-au-xxie-siecle\/","name":"Ceci se propage sur internet : Visite comment\u00e9e | 400 000 ans d\u2019histoire(s), de la Pr\u00e9histoire au XXIe si\u00e8cle - Viaromana et arch\u00e9ologie.","isPartOf":{"@id":"https:\/\/www.viaromana.org\/blog\/#website"},"datePublished":"2022-05-12T09:41:34+00:00","dateModified":"2022-05-12T09:41:34+00:00","description":"Ceci se propage sur internet : Visite comment\u00e9e | 400 000 ans d\u2019histoire(s), de la Pr\u00e9histoire au XXIe si\u00e8cle article de Viaromana et arch\u00e9ologie.","breadcrumb":{"@id":"https:\/\/www.viaromana.org\/blog\/ceci-se-propage-sur-internet-visite-commentee-400-000-ans-dhistoires-de-la-prehistoire-au-xxie-siecle\/#breadcrumb"},"inLanguage":"fr-FR","potentialAction":[{"@type":"ReadAction","target":["https:\/\/www.viaromana.org\/blog\/ceci-se-propage-sur-internet-visite-commentee-400-000-ans-dhistoires-de-la-prehistoire-au-xxie-siecle\/"]}]},{"@type":"BreadcrumbList","@id":"https:\/\/www.viaromana.org\/blog\/ceci-se-propage-sur-internet-visite-commentee-400-000-ans-dhistoires-de-la-prehistoire-au-xxie-siecle\/#breadcrumb","itemListElement":[{"@type":"ListItem","position":1,"name":"Accueil","item":"https:\/\/www.viaromana.org\/blog\/"},{"@type":"ListItem","position":2,"name":"Ceci se propage sur internet : Visite comment\u00e9e | 400 000 ans d\u2019histoire(s), de la Pr\u00e9histoire au XXIe si\u00e8cle"}]},{"@type":"WebSite","@id":"https:\/\/www.viaromana.org\/blog\/#website","url":"https:\/\/www.viaromana.org\/blog\/","name":"Viaromana et arch\u00e9ologie.","description":"Site arch\u00e9ologique de la voie romaine (viaromana) Belgique-France-Rome","publisher":{"@id":"https:\/\/www.viaromana.org\/blog\/#organization"},"potentialAction":[{"@type":"SearchAction","target":{"@type":"EntryPoint","urlTemplate":"https:\/\/www.viaromana.org\/blog\/?s={search_term_string}"},"query-input":"required name=search_term_string"}],"inLanguage":"fr-FR"},{"@type":"Organization","@id":"https:\/\/www.viaromana.org\/blog\/#organization","name":"viaromana","url":"https:\/\/www.viaromana.org\/blog\/","logo":{"@type":"ImageObject","inLanguage":"fr-FR","@id":"https:\/\/www.viaromana.org\/blog\/#\/schema\/logo\/image\/","url":"https:\/\/www.viaromana.org\/blog\/wp-content\/uploads\/2021\/12\/logo-3.png","contentUrl":"https:\/\/www.viaromana.org\/blog\/wp-content\/uploads\/2021\/12\/logo-3.png","width":300,"height":249,"caption":"viaromana"},"image":{"@id":"https:\/\/www.viaromana.org\/blog\/#\/schema\/logo\/image\/"}},{"@type":"Person","@id":"https:\/\/www.viaromana.org\/blog\/#\/schema\/person\/cde9c4655845091e1fe473fcd163c889","name":"Robert","image":{"@type":"ImageObject","inLanguage":"fr-FR","@id":"https:\/\/www.viaromana.org\/blog\/#\/schema\/person\/image\/","url":"https:\/\/secure.gravatar.com\/avatar\/a168ec191013b636c2f278aec04e724b?s=96&d=mm&r=g","contentUrl":"https:\/\/secure.gravatar.com\/avatar\/a168ec191013b636c2f278aec04e724b?s=96&d=mm&r=g","caption":"Robert"},"sameAs":["https:\/\/www.viaromana.org\/blog"],"url":"https:\/\/www.viaromana.org\/blog\/author\/anaadmin\/"}]}},"_links":{"self":[{"href":"https:\/\/www.viaromana.org\/blog\/wp-json\/wp\/v2\/posts\/805"}],"collection":[{"href":"https:\/\/www.viaromana.org\/blog\/wp-json\/wp\/v2\/posts"}],"about":[{"href":"https:\/\/www.viaromana.org\/blog\/wp-json\/wp\/v2\/types\/post"}],"author":[{"embeddable":true,"href":"https:\/\/www.viaromana.org\/blog\/wp-json\/wp\/v2\/users\/1"}],"replies":[{"embeddable":true,"href":"https:\/\/www.viaromana.org\/blog\/wp-json\/wp\/v2\/comments?post=805"}],"version-history":[{"count":0,"href":"https:\/\/www.viaromana.org\/blog\/wp-json\/wp\/v2\/posts\/805\/revisions"}],"wp:featuredmedia":[{"embeddable":true,"href":"https:\/\/www.viaromana.org\/blog\/wp-json\/wp\/v2\/media\/806"}],"wp:attachment":[{"href":"https:\/\/www.viaromana.org\/blog\/wp-json\/wp\/v2\/media?parent=805"}],"wp:term":[{"taxonomy":"category","embeddable":true,"href":"https:\/\/www.viaromana.org\/blog\/wp-json\/wp\/v2\/categories?post=805"},{"taxonomy":"post_tag","embeddable":true,"href":"https:\/\/www.viaromana.org\/blog\/wp-json\/wp\/v2\/tags?post=805"}],"curies":[{"name":"wp","href":"https:\/\/api.w.org\/{rel}","templated":true}]}}