{"id":803,"date":"2022-05-13T15:56:10","date_gmt":"2022-05-13T13:56:10","guid":{"rendered":"https:\/\/www.site.cdcl.xyz\/2022\/05\/13\/conference-cest-mon-boulot\/"},"modified":"2022-05-13T15:56:10","modified_gmt":"2022-05-13T13:56:10","slug":"conference-cest-mon-boulot","status":"publish","type":"post","link":"https:\/\/www.viaromana.org\/blog\/conference-cest-mon-boulot\/","title":{"rendered":"Conf\u00e9rence : c\u2019est mon boulot"},"content":{"rendered":"<p>Enfouillant internet nosr\u00e9dacteurs ont d\u00e9couvert unpapier qui va vousint\u00e9resser. Sonth\u00e8me est \u00ab&nbsp;l\u2019arch\u00e9ologie&nbsp;\u00bb.Son titre Conf\u00e9rence : c\u2019est mon boulot est sansconfusion.&nbsp;Lechroniqueur est connu et fiable pour plusieursautres articles qu\u2019il a publi\u00e9ssur internet.Les infoscommuniqu\u00e9es sont doncr\u00e9put\u00e9esv\u00e9ritables.&nbsp;&nbsp;Sachez que la date de publication 2022-05-13 15:56:10 est proche.<\/p>\n<p>Texte:<\/p>\n<p><img decoding=\"async\" src=\"https:\/\/www.viaromana.org\/blog\/wp-content\/uploads\/2022\/05\/conference-cest-mon-boulot.jpg\"><\/p>\n<div>\n<p><strong>Pour sa 11e \u00e9dition, \u00ab&nbsp;C\u2019est mon boulot&nbsp;\u00bb, l\u2019\u00e9v\u00e9nement franceinfo qui accompagne les publics dans les grandes mutations du monde du travail, s\u2019installe \u00e0 Niort. Quels sont les secteurs qui recrutent et sur lesquels parier&nbsp;? Comment se former aux m\u00e9tiers de demain&nbsp;? Une nouvelle \u00e9dition consacr\u00e9e aux secteurs d\u2019avenir.<\/strong><\/p>\n<p>Conseils concrets et utiles, secteurs qui recrutent, partages d\u2019exp\u00e9rience\u2026 venez rencontrer et \u00e9changer avec les acteurs du monde du travail de la r\u00e9gion Nouvelle-Aquitaine au cours d\u2019une soir\u00e9e exceptionnelle anim\u00e9e par Philippe Duport et Olivier de Lagarde, journalistes \u00e0 franceinfo.<\/p>\n<p>Une conf\u00e9rence \u00e0 vivre en pr\u00e9sentiel \u00e0 Niort \u00e0 l\u00eelot Sauvage (Port Boinot).<\/p>\n<p class=\"text-center\">Gratuit mais sur inscription<\/p>\n<h2>Programme :<\/h2>\n<ul>\n<li>19h \u2013 Premi\u00e8re partie&nbsp;: tables rondes et t\u00e9moignages\n<ul>\n<li><strong>Introduction<\/strong>\n<ul>\n<li>Par <strong>Philippe Duport<\/strong> et <strong>Olivier de Lagarde<\/strong><\/li>\n<li>Ouverture par <strong>J\u00e9r\u00f4me Baloge<\/strong>, maire de Niort et Pr\u00e9sident de l\u2019agglom\u00e9ration du Niortais<\/li>\n<\/ul>\n<\/li>\n<li><strong>Etat des lieux et opportunit\u00e9s de la R\u00e9gion Nouvelle Aquitaine et du bassin Niortais<\/strong>\n<ul>\n<li>Expos\u00e9 :&nbsp;<strong>C\u00e9dric Audenis<\/strong>, commissaire g\u00e9n\u00e9ral adjoint de France Strat\u00e9gie (vid\u00e9o)<\/li>\n<li>Entretien : <strong>Matthieu Eloy<\/strong>, directeur g\u00e9n\u00e9ral d\u2019Indeed France<\/li>\n<\/ul>\n<\/li>\n<li><strong>Quelles comp\u00e9tences recherch\u00e9es dans le secteur des mutuelles ?<br \/><em>T\u00e9moignage :&nbsp;<\/em><\/strong><strong>Virginie G\u00e9ni\u00e8sse<\/strong>, directrice des Ressources Humaines Inter Mutuelle Assistance<br \/><strong><em>Table ronde<\/em><\/strong>\n<ul>\n<li><strong>Nicolas Llorens<\/strong>, directeur des Ressources Humaines de la MACIF<\/li>\n<li><strong>St\u00e9phane Duroule<\/strong>, directeur g\u00e9n\u00e9ral de la MAAF<\/li>\n<\/ul>\n<\/li>\n<li><strong>Des opportunit\u00e9s dans l\u2019industrie ?<br \/><em>Table ronde<\/em><\/strong>\n<ul>\n<li><strong>J\u00e9r\u00f4me De Kerpel,<\/strong> responsable des Ressources Humaines du site de Safran<\/li>\n<li><strong>Laurent Colas<\/strong>, directeur g\u00e9n\u00e9ral d\u2019Eno<\/li>\n<li><strong>Mathieu Nivault<\/strong>, directeur des Ressources Humaines chez Chemin\u00e9es Poujoulat<\/li>\n<li><strong>Guillaume Ribadi\u00e8re<\/strong>, directeur g\u00e9n\u00e9ral de la coop\u00e9rative laiti\u00e8re de la S\u00e8vre<\/li>\n<\/ul>\n<\/li>\n<li><strong>Le num\u00e9rique est-il la cl\u00e9 de tout ?<\/strong><br \/><strong><em>Table ronde<\/em><\/strong>\n<ul>\n<li><strong>Xavier Marzec<\/strong>, pr\u00e9sident directeur-g\u00e9n\u00e9ral d\u2019Anode<\/li>\n<li><strong>Christian Garrez<\/strong>, pr\u00e9sident de Darva<\/li>\n<li><strong>Jonas Pasquet<\/strong>, directeur associ\u00e9 de Kereon Intelligence et pr\u00e9sident du R\u00e9seau des Professionnels du Num\u00e9rique<\/li>\n<\/ul>\n<\/li>\n<li><strong>Artisanat : des m\u00e9tiers d\u2019hier toujours d\u2019actualit\u00e9 ?<br \/><em>Table ronde<\/em><\/strong>\n<ul>\n<li><strong>S\u00e9bastien Kugler<\/strong>, pr\u00e9sident de la Chambre des M\u00e9tiers et de l\u2019Artisanat Nouvelle-Aquitaine Deux-S\u00e8vres<\/li>\n<li><strong>Franck Michelon<\/strong>, pr\u00e9sident de la F\u00e9d\u00e9ration du b\u00e2timent des Deux-S\u00e8vres<\/li>\n<\/ul>\n<\/li>\n<li><strong>Faire une place aux personnes en situation de handicap<br \/><em>Table ronde<\/em><\/strong>\n<ul>\n<li><strong><em>\u200b\u200b\u200b\u200b\u200b\u200b\u200b<\/em><\/strong><strong>Antoine Malezieux<\/strong>, d\u00e9l\u00e9gu\u00e9 r\u00e9gional de l\u2019Agefiph Nouvelle-Aquitaine<\/li>\n<li><strong>Marie-C\u00e9cile Lhomm\u00e8de<\/strong>, responsable diversit\u00e9 de la MAIF, accompagn\u00e9e d\u2019un t\u00e9moin de la MAIF<\/li>\n<\/ul>\n<\/li>\n<li><strong>Conculsion :&nbsp;<\/strong>\n<ul>\n<li>Jean-Philippe Baille, directeur de franceinfo<\/li>\n<li>R\u00e9gis Herv\u00e9, directeur int\u00e9rimaire de France Bleu Poitou<\/li>\n<\/ul>\n<\/li>\n<\/ul>\n<\/li>\n<li>20h30 \u2013 Deuxi\u00e8me partie&nbsp;: \u00e9changes et dialogues avec les intervenants<\/li>\n<\/ul>\n<\/div>\n<p>Ce th\u00e8me apporte des r\u00e9ponses \u00e0 vos interrogations vous adorerez pareillement ces ouvrages:<\/p>\n<p>Monumental n\u00b022 Conservation, restauration, restauration, doctrines.,<a target=\"_blank\" rel=\"nofollow\" href=\"https:\/\/www.viaromana.org\/blog\/goto\/https:\/\/www.editions-du-patrimoine.fr\/Librairie\/Monumental\/Monumental-N-22-Conservation.-restauration-doctrines?pRelatedEditions=3\"  target=\"_blank\" rel=\"noopener noreferrer nofollow\">A lire ici.<\/a><span><\/span>. Suite sur le prochain article.<\/p>\n<p>en ligne ici.,<a target=\"_blank\" rel=\"nofollow\" href=\"https:\/\/www.viaromana.org\/blog\/goto\/https:\/\/www.ifla.org\/resources\/?_sfm_resource_topic=1200820&amp;_sfm_resource_type=All\"  target=\"_blank\" rel=\"noopener noreferrer nofollow\">A lire ici.<\/a><span><\/span>. Suite sur le prochain article.<\/p>\n<p>In Situ. Revue des patrimoines.,<a target=\"_blank\" rel=\"nofollow\" href=\"https:\/\/www.viaromana.org\/blog\/goto\/http:\/\/insitu.revues.org\"  target=\"_blank\" rel=\"noopener noreferrer nofollow\">Le dossier.<\/a><span><\/span>. Suite sur le prochain article.<\/p>\n","protected":false},"excerpt":{"rendered":"<p>Enfouillant internet nosr\u00e9dacteurs ont d\u00e9couvert unpapier qui va vousint\u00e9resser. Sonth\u00e8me est \u00ab&nbsp;l\u2019arch\u00e9ologie&nbsp;\u00bb.Son titre Conf\u00e9rence : c\u2019est mon boulot est sansconfusion.&nbsp;Lechroniqueur est connu et fiable pour plusieursautres articles qu\u2019il a publi\u00e9ssur internet.Les infoscommuniqu\u00e9es sont doncr\u00e9put\u00e9esv\u00e9ritables.&nbsp;&nbsp;Sachez que la date de publication 2022-05-13 15:56:10 est proche. Texte: Pour sa 11e \u00e9dition, \u00ab&nbsp;C\u2019est mon boulot&nbsp;\u00bb, l\u2019\u00e9v\u00e9nement franceinfo qui accompagne les publics dans les grandes mutations du monde du travail, s\u2019installe \u00e0 Niort. Quels sont les secteurs qui recrutent et sur lesquels parier&nbsp;? Comment se former aux m\u00e9tiers de demain&nbsp;? Une nouvelle \u00e9dition consacr\u00e9e aux secteurs d\u2019avenir. Conseils concrets et utiles, secteurs qui recrutent, partages\u2026<\/p>\n","protected":false},"author":1,"featured_media":804,"comment_status":"closed","ping_status":"closed","sticky":false,"template":"","format":"standard","meta":{"footnotes":""},"categories":[2],"tags":[],"blocksy_meta":{"styles_descriptor":{"styles":{"desktop":"","tablet":"","mobile":""},"google_fonts":[],"version":4}},"yoast_head":"<!-- This site is optimized with the Yoast SEO plugin v21.1 - https:\/\/yoast.com\/wordpress\/plugins\/seo\/ -->\n<title>Conf\u00e9rence : c\u2019est mon boulot - Viaromana et arch\u00e9ologie.<\/title>\n<meta name=\"description\" content=\"Conf\u00e9rence : c\u2019est mon boulot article de Viaromana et arch\u00e9ologie.\" \/>\n<meta name=\"robots\" content=\"index, follow, max-snippet:-1, max-image-preview:large, max-video-preview:-1\" \/>\n<link rel=\"canonical\" href=\"https:\/\/www.viaromana.org\/blog\/conference-cest-mon-boulot\/\" \/>\n<meta property=\"og:locale\" content=\"fr_FR\" \/>\n<meta property=\"og:type\" content=\"article\" \/>\n<meta property=\"og:title\" content=\"Conf\u00e9rence : c\u2019est mon boulot - Viaromana et arch\u00e9ologie.\" \/>\n<meta property=\"og:description\" content=\"Conf\u00e9rence : c\u2019est mon boulot article de Viaromana et arch\u00e9ologie.\" \/>\n<meta property=\"og:url\" content=\"https:\/\/www.viaromana.org\/blog\/conference-cest-mon-boulot\/\" \/>\n<meta property=\"og:site_name\" content=\"Viaromana et arch\u00e9ologie.\" \/>\n<meta property=\"article:published_time\" content=\"2022-05-13T13:56:10+00:00\" \/>\n<meta property=\"og:image\" content=\"https:\/\/www.viaromana.org\/blog\/wp-content\/uploads\/2022\/05\/unnamed-file-15.jpg\" \/>\n\t<meta property=\"og:image:width\" content=\"1080\" \/>\n\t<meta property=\"og:image:height\" content=\"1920\" \/>\n\t<meta property=\"og:image:type\" content=\"image\/jpeg\" \/>\n<meta name=\"author\" content=\"Robert\" \/>\n<meta name=\"twitter:card\" content=\"summary_large_image\" \/>\n<meta name=\"twitter:label1\" content=\"\u00c9crit par\" \/>\n\t<meta name=\"twitter:data1\" content=\"Robert\" \/>\n\t<meta name=\"twitter:label2\" content=\"Dur\u00e9e de lecture estim\u00e9e\" \/>\n\t<meta name=\"twitter:data2\" content=\"3 minutes\" \/>\n<script type=\"application\/ld+json\" class=\"yoast-schema-graph\">{\"@context\":\"https:\/\/schema.org\",\"@graph\":[{\"@type\":\"Article\",\"@id\":\"https:\/\/www.viaromana.org\/blog\/conference-cest-mon-boulot\/#article\",\"isPartOf\":{\"@id\":\"https:\/\/www.viaromana.org\/blog\/conference-cest-mon-boulot\/\"},\"author\":{\"name\":\"Robert\",\"@id\":\"https:\/\/www.viaromana.org\/blog\/#\/schema\/person\/cde9c4655845091e1fe473fcd163c889\"},\"headline\":\"Conf\u00e9rence : c\u2019est mon boulot\",\"datePublished\":\"2022-05-13T13:56:10+00:00\",\"dateModified\":\"2022-05-13T13:56:10+00:00\",\"mainEntityOfPage\":{\"@id\":\"https:\/\/www.viaromana.org\/blog\/conference-cest-mon-boulot\/\"},\"wordCount\":578,\"publisher\":{\"@id\":\"https:\/\/www.viaromana.org\/blog\/#organization\"},\"articleSection\":[\"Arch\u00e9ologie\"],\"inLanguage\":\"fr-FR\"},{\"@type\":\"WebPage\",\"@id\":\"https:\/\/www.viaromana.org\/blog\/conference-cest-mon-boulot\/\",\"url\":\"https:\/\/www.viaromana.org\/blog\/conference-cest-mon-boulot\/\",\"name\":\"Conf\u00e9rence : c\u2019est mon boulot - Viaromana et arch\u00e9ologie.\",\"isPartOf\":{\"@id\":\"https:\/\/www.viaromana.org\/blog\/#website\"},\"datePublished\":\"2022-05-13T13:56:10+00:00\",\"dateModified\":\"2022-05-13T13:56:10+00:00\",\"description\":\"Conf\u00e9rence : c\u2019est mon boulot article de Viaromana et arch\u00e9ologie.\",\"breadcrumb\":{\"@id\":\"https:\/\/www.viaromana.org\/blog\/conference-cest-mon-boulot\/#breadcrumb\"},\"inLanguage\":\"fr-FR\",\"potentialAction\":[{\"@type\":\"ReadAction\",\"target\":[\"https:\/\/www.viaromana.org\/blog\/conference-cest-mon-boulot\/\"]}]},{\"@type\":\"BreadcrumbList\",\"@id\":\"https:\/\/www.viaromana.org\/blog\/conference-cest-mon-boulot\/#breadcrumb\",\"itemListElement\":[{\"@type\":\"ListItem\",\"position\":1,\"name\":\"Accueil\",\"item\":\"https:\/\/www.viaromana.org\/blog\/\"},{\"@type\":\"ListItem\",\"position\":2,\"name\":\"Conf\u00e9rence : c\u2019est mon boulot\"}]},{\"@type\":\"WebSite\",\"@id\":\"https:\/\/www.viaromana.org\/blog\/#website\",\"url\":\"https:\/\/www.viaromana.org\/blog\/\",\"name\":\"Viaromana et arch\u00e9ologie.\",\"description\":\"Site arch\u00e9ologique de la voie romaine (viaromana) Belgique-France-Rome\",\"publisher\":{\"@id\":\"https:\/\/www.viaromana.org\/blog\/#organization\"},\"potentialAction\":[{\"@type\":\"SearchAction\",\"target\":{\"@type\":\"EntryPoint\",\"urlTemplate\":\"https:\/\/www.viaromana.org\/blog\/?s={search_term_string}\"},\"query-input\":\"required name=search_term_string\"}],\"inLanguage\":\"fr-FR\"},{\"@type\":\"Organization\",\"@id\":\"https:\/\/www.viaromana.org\/blog\/#organization\",\"name\":\"viaromana\",\"url\":\"https:\/\/www.viaromana.org\/blog\/\",\"logo\":{\"@type\":\"ImageObject\",\"inLanguage\":\"fr-FR\",\"@id\":\"https:\/\/www.viaromana.org\/blog\/#\/schema\/logo\/image\/\",\"url\":\"https:\/\/www.viaromana.org\/blog\/wp-content\/uploads\/2021\/12\/logo-3.png\",\"contentUrl\":\"https:\/\/www.viaromana.org\/blog\/wp-content\/uploads\/2021\/12\/logo-3.png\",\"width\":300,\"height\":249,\"caption\":\"viaromana\"},\"image\":{\"@id\":\"https:\/\/www.viaromana.org\/blog\/#\/schema\/logo\/image\/\"}},{\"@type\":\"Person\",\"@id\":\"https:\/\/www.viaromana.org\/blog\/#\/schema\/person\/cde9c4655845091e1fe473fcd163c889\",\"name\":\"Robert\",\"image\":{\"@type\":\"ImageObject\",\"inLanguage\":\"fr-FR\",\"@id\":\"https:\/\/www.viaromana.org\/blog\/#\/schema\/person\/image\/\",\"url\":\"https:\/\/secure.gravatar.com\/avatar\/a168ec191013b636c2f278aec04e724b?s=96&d=mm&r=g\",\"contentUrl\":\"https:\/\/secure.gravatar.com\/avatar\/a168ec191013b636c2f278aec04e724b?s=96&d=mm&r=g\",\"caption\":\"Robert\"},\"sameAs\":[\"https:\/\/www.viaromana.org\/blog\"],\"url\":\"https:\/\/www.viaromana.org\/blog\/author\/anaadmin\/\"}]}<\/script>\n<!-- \/ Yoast SEO plugin. -->","yoast_head_json":{"title":"Conf\u00e9rence : c\u2019est mon boulot - Viaromana et arch\u00e9ologie.","description":"Conf\u00e9rence : c\u2019est mon boulot article de Viaromana et arch\u00e9ologie.","robots":{"index":"index","follow":"follow","max-snippet":"max-snippet:-1","max-image-preview":"max-image-preview:large","max-video-preview":"max-video-preview:-1"},"canonical":"https:\/\/www.viaromana.org\/blog\/conference-cest-mon-boulot\/","og_locale":"fr_FR","og_type":"article","og_title":"Conf\u00e9rence : c\u2019est mon boulot - Viaromana et arch\u00e9ologie.","og_description":"Conf\u00e9rence : c\u2019est mon boulot article de Viaromana et arch\u00e9ologie.","og_url":"https:\/\/www.viaromana.org\/blog\/conference-cest-mon-boulot\/","og_site_name":"Viaromana et arch\u00e9ologie.","article_published_time":"2022-05-13T13:56:10+00:00","og_image":[{"width":1080,"height":1920,"url":"https:\/\/www.viaromana.org\/blog\/wp-content\/uploads\/2022\/05\/unnamed-file-15.jpg","type":"image\/jpeg"}],"author":"Robert","twitter_card":"summary_large_image","twitter_misc":{"\u00c9crit par":"Robert","Dur\u00e9e de lecture estim\u00e9e":"3 minutes"},"schema":{"@context":"https:\/\/schema.org","@graph":[{"@type":"Article","@id":"https:\/\/www.viaromana.org\/blog\/conference-cest-mon-boulot\/#article","isPartOf":{"@id":"https:\/\/www.viaromana.org\/blog\/conference-cest-mon-boulot\/"},"author":{"name":"Robert","@id":"https:\/\/www.viaromana.org\/blog\/#\/schema\/person\/cde9c4655845091e1fe473fcd163c889"},"headline":"Conf\u00e9rence : c\u2019est mon boulot","datePublished":"2022-05-13T13:56:10+00:00","dateModified":"2022-05-13T13:56:10+00:00","mainEntityOfPage":{"@id":"https:\/\/www.viaromana.org\/blog\/conference-cest-mon-boulot\/"},"wordCount":578,"publisher":{"@id":"https:\/\/www.viaromana.org\/blog\/#organization"},"articleSection":["Arch\u00e9ologie"],"inLanguage":"fr-FR"},{"@type":"WebPage","@id":"https:\/\/www.viaromana.org\/blog\/conference-cest-mon-boulot\/","url":"https:\/\/www.viaromana.org\/blog\/conference-cest-mon-boulot\/","name":"Conf\u00e9rence : c\u2019est mon boulot - Viaromana et arch\u00e9ologie.","isPartOf":{"@id":"https:\/\/www.viaromana.org\/blog\/#website"},"datePublished":"2022-05-13T13:56:10+00:00","dateModified":"2022-05-13T13:56:10+00:00","description":"Conf\u00e9rence : c\u2019est mon boulot article de Viaromana et arch\u00e9ologie.","breadcrumb":{"@id":"https:\/\/www.viaromana.org\/blog\/conference-cest-mon-boulot\/#breadcrumb"},"inLanguage":"fr-FR","potentialAction":[{"@type":"ReadAction","target":["https:\/\/www.viaromana.org\/blog\/conference-cest-mon-boulot\/"]}]},{"@type":"BreadcrumbList","@id":"https:\/\/www.viaromana.org\/blog\/conference-cest-mon-boulot\/#breadcrumb","itemListElement":[{"@type":"ListItem","position":1,"name":"Accueil","item":"https:\/\/www.viaromana.org\/blog\/"},{"@type":"ListItem","position":2,"name":"Conf\u00e9rence : c\u2019est mon boulot"}]},{"@type":"WebSite","@id":"https:\/\/www.viaromana.org\/blog\/#website","url":"https:\/\/www.viaromana.org\/blog\/","name":"Viaromana et arch\u00e9ologie.","description":"Site arch\u00e9ologique de la voie romaine (viaromana) Belgique-France-Rome","publisher":{"@id":"https:\/\/www.viaromana.org\/blog\/#organization"},"potentialAction":[{"@type":"SearchAction","target":{"@type":"EntryPoint","urlTemplate":"https:\/\/www.viaromana.org\/blog\/?s={search_term_string}"},"query-input":"required name=search_term_string"}],"inLanguage":"fr-FR"},{"@type":"Organization","@id":"https:\/\/www.viaromana.org\/blog\/#organization","name":"viaromana","url":"https:\/\/www.viaromana.org\/blog\/","logo":{"@type":"ImageObject","inLanguage":"fr-FR","@id":"https:\/\/www.viaromana.org\/blog\/#\/schema\/logo\/image\/","url":"https:\/\/www.viaromana.org\/blog\/wp-content\/uploads\/2021\/12\/logo-3.png","contentUrl":"https:\/\/www.viaromana.org\/blog\/wp-content\/uploads\/2021\/12\/logo-3.png","width":300,"height":249,"caption":"viaromana"},"image":{"@id":"https:\/\/www.viaromana.org\/blog\/#\/schema\/logo\/image\/"}},{"@type":"Person","@id":"https:\/\/www.viaromana.org\/blog\/#\/schema\/person\/cde9c4655845091e1fe473fcd163c889","name":"Robert","image":{"@type":"ImageObject","inLanguage":"fr-FR","@id":"https:\/\/www.viaromana.org\/blog\/#\/schema\/person\/image\/","url":"https:\/\/secure.gravatar.com\/avatar\/a168ec191013b636c2f278aec04e724b?s=96&d=mm&r=g","contentUrl":"https:\/\/secure.gravatar.com\/avatar\/a168ec191013b636c2f278aec04e724b?s=96&d=mm&r=g","caption":"Robert"},"sameAs":["https:\/\/www.viaromana.org\/blog"],"url":"https:\/\/www.viaromana.org\/blog\/author\/anaadmin\/"}]}},"_links":{"self":[{"href":"https:\/\/www.viaromana.org\/blog\/wp-json\/wp\/v2\/posts\/803"}],"collection":[{"href":"https:\/\/www.viaromana.org\/blog\/wp-json\/wp\/v2\/posts"}],"about":[{"href":"https:\/\/www.viaromana.org\/blog\/wp-json\/wp\/v2\/types\/post"}],"author":[{"embeddable":true,"href":"https:\/\/www.viaromana.org\/blog\/wp-json\/wp\/v2\/users\/1"}],"replies":[{"embeddable":true,"href":"https:\/\/www.viaromana.org\/blog\/wp-json\/wp\/v2\/comments?post=803"}],"version-history":[{"count":0,"href":"https:\/\/www.viaromana.org\/blog\/wp-json\/wp\/v2\/posts\/803\/revisions"}],"wp:featuredmedia":[{"embeddable":true,"href":"https:\/\/www.viaromana.org\/blog\/wp-json\/wp\/v2\/media\/804"}],"wp:attachment":[{"href":"https:\/\/www.viaromana.org\/blog\/wp-json\/wp\/v2\/media?parent=803"}],"wp:term":[{"taxonomy":"category","embeddable":true,"href":"https:\/\/www.viaromana.org\/blog\/wp-json\/wp\/v2\/categories?post=803"},{"taxonomy":"post_tag","embeddable":true,"href":"https:\/\/www.viaromana.org\/blog\/wp-json\/wp\/v2\/tags?post=803"}],"curies":[{"name":"wp","href":"https:\/\/api.w.org\/{rel}","templated":true}]}}