{"id":749,"date":"2022-05-19T10:38:27","date_gmt":"2022-05-19T08:38:27","guid":{"rendered":"https:\/\/www.world-archaeology.com\/?p=27344"},"modified":"2022-05-19T10:38:27","modified_gmt":"2022-05-19T08:38:27","slug":"cwa-113-now-on-sale","status":"publish","type":"post","link":"https:\/\/www.viaromana.org\/blog\/cwa-113-now-on-sale\/","title":{"rendered":"CWA 113-maintenant en vente"},"content":{"rendered":"\n<div class=\"wp-block-image\">\n<figure class=\"alignright size-large is-resized\"><img decoding=\"async\" data-attachment-id=\"27351\" data-permalink=\"https:\/\/www.world-archaeology.com\/issues\/cwa-113\/attachment\/cover1000\/\" data-orig-file=\"https:\/\/i0.wp.com\/www.world-archaeology.com\/wp-content\/uploads\/2022\/05\/cover1000.jpg?fit=1000%2C1305&amp;ssl=1\" data-orig-size=\"1000,1305\" data-comments-opened=\"1\" data-image-meta=\"{&quot;aperture&quot;:&quot;0&quot;,&quot;credit&quot;:&quot;&quot;,&quot;camera&quot;:&quot;&quot;,&quot;caption&quot;:&quot;&quot;,&quot;created_timestamp&quot;:&quot;0&quot;,&quot;copyright&quot;:&quot;&quot;,&quot;focal_length&quot;:&quot;0&quot;,&quot;iso&quot;:&quot;0&quot;,&quot;shutter_speed&quot;:&quot;0&quot;,&quot;title&quot;:&quot;&quot;,&quot;orientation&quot;:&quot;0&quot;}\" data-image-title=\"cover1000\" data-image-description=\"\" data-image-caption=\"\" data-medium-file=\"https:\/\/i0.wp.com\/www.world-archaeology.com\/wp-content\/uploads\/2022\/05\/cover1000.jpg?fit=230%2C300&amp;ssl=1\" data-large-file=\"https:\/\/i0.wp.com\/www.world-archaeology.com\/wp-content\/uploads\/2022\/05\/cover1000.jpg?fit=785%2C1024&amp;ssl=1\" src=\"https:\/\/www.viaromana.org\/blog\/wp-content\/uploads\/2022\/05\/cwa-113-maintenant-en-vente.jpg\" alt=\"\" class=\"wp-image-27351\" width=\"297\" height=\"388\" data-recalc-dims=\"1\"><\/figure>\n<\/div>\n<p>Le Forum de C\u00e9sar \u00e9tait un concept audacieux. Construit \u00e0 c\u00f4t\u00e9 du Forum romain \u2013 le c\u0153ur battant de la vie publique \u2013 le nouveau complexe monumental de Jules C\u00e9sar a jalonn\u00e9 sa revendication en tant que seul souverain de l&rsquo;Empire. Cela s&rsquo;est av\u00e9r\u00e9 une d\u00e9claration co\u00fbteuse. La parcelle r\u00e9serv\u00e9e \u00e0 ce projet \u00e9tait occup\u00e9e par des logements d&rsquo;\u00e9lite, garantissant que le terrain \u00e9tait \u00e0 un prix mirobolant. Les r\u00e9sidences et le forum, cependant, ne sont que des parties d&rsquo;une histoire beaucoup plus longue d&rsquo;activit\u00e9 sur le site. Maintenant, notre couverture r\u00e9v\u00e8le comment les fouilles donnent un aper\u00e7u de la vie quotidienne depuis des milliers d&rsquo;ann\u00e9es dans le centre de Rome.<\/p>\n<p>Les travaux \u00e0 \u00c7e\u015fme en Turquie ont \u00e9galement r\u00e9v\u00e9l\u00e9 une installation de longue dur\u00e9e. Dans ce cas, cependant, la vie a \u00e9t\u00e9 brusquement interrompue par l&rsquo;\u00e9ruption d&rsquo;un volcan \u00e0 l&rsquo;ancienne Th\u00e9ra, \u00e0 227 km de l\u00e0. Il s&rsquo;agit peut-\u00eatre de la plus grande catastrophe naturelle jamais observ\u00e9e par les humains. Malgr\u00e9 la distance entre le volcan et \u00c7e\u015fme, ses habitants ressentaient encore la fureur de l&rsquo;\u00e9ruption. Une \u00e9tude minutieuse de la stratigraphie du site a r\u00e9v\u00e9l\u00e9 que de multiples calamit\u00e9s se sont abattues sur le site apr\u00e8s l&rsquo;explosion de Th\u00e9ra. <\/p>\n<p>La trag\u00e9die qui a frapp\u00e9 la communaut\u00e9 vivant \u00e0 Amato, au P\u00e9rou, \u00e9tait d&rsquo;origine humaine plut\u00f4t que naturelle. Des t\u00eates prises comme troph\u00e9es ont \u00e9t\u00e9 largement trouv\u00e9es dans la r\u00e9gion, mais \u00e0 qui elles ont \u00e9t\u00e9 r\u00e9clam\u00e9es \u00e9tait moins clair. Les fouilles \u00e0 Amato ont mis au jour de mani\u00e8re inattendue une masse d&rsquo;individus d\u00e9capit\u00e9s. Leurs restes fournissent un t\u00e9moignage puissant et poignant de la fin violente d&rsquo;Amato. <\/p>\n<p>Ce sont des fouilles illicites au sommet d&rsquo;une colline en Allemagne qui ont r\u00e9v\u00e9l\u00e9 l&rsquo;un des artefacts anciens les plus remarquables jamais d\u00e9couverts en Europe. Le Disque c\u00e9leste de Nebra pr\u00e9sente apparemment une vision du ciel nocturne de l&rsquo;\u00e2ge du bronze. Une \u00e9tude minutieuse sugg\u00e8re que son visage pourrait \u00eatre cod\u00e9 avec une connaissance sophistiqu\u00e9e des cycles c\u00e9lestes, tandis que des ajustements ult\u00e9rieurs de l&rsquo;artefact montrent que ses significations changent avec le temps. <\/p>\n<p>Enfin, dans notre section voyage, Richard Hodges revient \u00e0 San Vincenzo al Volturno pour la deuxi\u00e8me fois dans un article en deux parties examinant comment les preuves arch\u00e9ologiques de son sac se comparent aux r\u00e9cits historiques.<\/p>\n<h3>CARACT\u00c9RISTIQUE<\/h3>\n<p><a target=\"_blank\" rel=\"nofollow\" href=\"https:\/\/www.viaromana.org\/blog\/goto\/https:\/\/the-past.com\/feature\/tsunami-piecing-together-a-bronze-age-tragedy-in-turkey\/\"  target=\"_blank\" rel=\"noreferrer noopener\"><strong>Tsunami<br \/><\/strong>Reconstituer une trag\u00e9die de l&rsquo;\u00e2ge du Bronze en Turquie<\/a><\/p>\n<p><a target=\"_blank\" rel=\"nofollow\" href=\"https:\/\/www.viaromana.org\/blog\/goto\/https:\/\/the-past.com\/feature\/violent-conflict-on-the-peruvian-south-coast-the-dead-of-amato\/\"  target=\"_blank\" rel=\"noreferrer noopener\"><strong>Les morts d&rsquo;Amato<\/strong><br \/>Conflit violent sur la c\u00f4te sud du P\u00e9rou<\/a><\/p>\n<p><a target=\"_blank\" rel=\"nofollow\" href=\"https:\/\/www.viaromana.org\/blog\/goto\/https:\/\/www.world-archaeology.com\/features\/digging-caesars-forum\/\"  target=\"_blank\" rel=\"noreferrer noopener\"><strong>Forum de voyage sur Caesar<\/strong><br \/>Trois mille ans de vie quotidienne \u00e0 Rome<\/a><\/p>\n<p><strong>Pleins feux sur le disque Nebra Sky<\/strong><br \/>D\u00e9coder une vision pr\u00e9historique du cosmos<\/p>\n<h3>NOUVELLES<\/h3>\n<p><a target=\"_blank\" rel=\"nofollow\" href=\"https:\/\/www.viaromana.org\/blog\/goto\/https:\/\/the-past.com\/feature\/a-tale-of-endurance\/\"  target=\"_blank\" rel=\"noreferrer noopener\"><strong>FOCUS SUR L&rsquo;ACTUALIT\u00c9<\/strong><br \/>Une histoire d&rsquo;endurance<\/a><\/p>\n<p><a target=\"_blank\" rel=\"nofollow\" href=\"https:\/\/www.viaromana.org\/blog\/goto\/https:\/\/the-past.com\/comment\/the-princess-of-khok-phanom-di\/\"  target=\"_blank\" rel=\"noreferrer noopener\"><strong>CHARLES HIGHAM<\/strong><br \/>La princesse de Khok Phanom Di<\/a><\/p>\n<p><a target=\"_blank\" rel=\"nofollow\" href=\"https:\/\/www.viaromana.org\/blog\/goto\/https:\/\/the-past.com\/shorts\/the-picture-desk\/the-vase-in-the-flooded-cave\/\"  target=\"_blank\" rel=\"noreferrer noopener\"><strong>HORIZON<\/strong><br \/>Le Vase dans la Grotte inond\u00e9e<\/a><\/p>\n<h3>VOYAGE<\/h3>\n<p><a target=\"_blank\" rel=\"nofollow\" href=\"https:\/\/www.viaromana.org\/blog\/goto\/https:\/\/the-past.com\/feature\/881-sacking-san-vincenzo-al-volturno\/\"  target=\"_blank\" rel=\"noreferrer noopener\"><strong>H\u00d4TELS PROCHES DE LA SAN VINCENZO AL VOLTURNO<\/strong><br \/>Richard Hodges retourne \u00e0 San Vincenzo al Volturno, en Italie, pour examiner l&rsquo;attaque du monast\u00e8re en 881 apr\u00e8s JC<\/a><\/p>\n<p><strong>CULTURE<\/strong><\/p>\n<p><a target=\"_blank\" rel=\"nofollow\" href=\"https:\/\/www.viaromana.org\/blog\/goto\/https:\/\/the-past.com\/review\/whats-on\/japan-courts-and-culture\/\"  target=\"_blank\" rel=\"noreferrer noopener\"><strong>MUS\u00c9E<\/strong><br \/><em>Japon: Tribunaux et Culture<\/em> &#8211; explorer la relation entre les familles royales et imp\u00e9riales britanniques et japonaises<\/a><\/p>\n<p><strong>EXAMEN<\/strong><br \/><em><a target=\"_blank\" rel=\"nofollow\" href=\"https:\/\/www.viaromana.org\/blog\/goto\/https:\/\/the-past.com\/review\/books\/corpus-of-the-mosaics-of-albania-volume-1-butrint-intramuros\/\"  target=\"_blank\" rel=\"noreferrer noopener\">Corpus des Mosa\u00efques d&rsquo;Albanie, Volume 1: Butrint <\/a><\/em><a target=\"_blank\" rel=\"nofollow\" href=\"https:\/\/www.viaromana.org\/blog\/goto\/https:\/\/the-past.com\/review\/books\/corpus-of-the-mosaics-of-albania-volume-1-butrint-intramuros\/\"  target=\"_blank\" rel=\"noreferrer noopener\">intramuros<\/a><em>; <a target=\"_blank\" rel=\"nofollow\" href=\"https:\/\/www.viaromana.org\/blog\/goto\/https:\/\/the-past.com\/review\/books\/the-roman-peasant-project-2009-2014-excavating-the-roman-rural-poor\/\"  target=\"_blank\" rel=\"noreferrer noopener\">Le Projet Paysan Romain, 2009-2014<\/a>; <a target=\"_blank\" rel=\"nofollow\" href=\"https:\/\/www.viaromana.org\/blog\/goto\/https:\/\/the-past.com\/review\/books\/ancient-households-on-the-north-coast-of-peru\/\"  target=\"_blank\" rel=\"noreferrer noopener\">Maisons anciennes sur la c\u00f4te nord du P\u00e9rou; <\/a>\u00c0 la maison en Egypte Romaine<\/em><\/p>\n<p><a target=\"_blank\" rel=\"nofollow\" href=\"https:\/\/www.viaromana.org\/blog\/goto\/https:\/\/the-past.com\/shorts\/objects\/investigating-the-venus-of-willendorf\/\"  target=\"_blank\" rel=\"noreferrer noopener\"><strong>RAPPORT SP\u00c9CIAL<\/strong><br \/>Enqu\u00eate sur la V\u00e9nus de Willendorf<\/a><\/p>\n<p><a target=\"_blank\" rel=\"nofollow\" href=\"https:\/\/www.viaromana.org\/blog\/goto\/https:\/\/the-past.com\/comment\/ancient-aquifers-and-a-sovereign-spirit\/\"  target=\"_blank\" rel=\"noreferrer noopener\"><strong>CHRIS CATLING<br \/><\/strong>Des aquif\u00e8res anciens et un esprit souverain<\/a><\/p>\n<p><strong>FORUM<\/strong><br \/>Lettres, mots crois\u00e9s, dessin anim\u00e9<\/p>\n<p><a target=\"_blank\" rel=\"nofollow\" href=\"https:\/\/www.viaromana.org\/blog\/goto\/https:\/\/the-past.com\/shorts\/competitions\/current-world-archaeology-photo-of-the-year-2022-results\/\"  target=\"_blank\" rel=\"noreferrer noopener\"><strong>CONCOURS PHOTO<\/strong><br \/>R\u00e9sultat<\/a><\/p>\n<p><a target=\"_blank\" rel=\"nofollow\" href=\"https:\/\/www.viaromana.org\/blog\/goto\/https:\/\/the-past.com\/comment\/writing-archaeology\/\"  target=\"_blank\" rel=\"noreferrer noopener\"><strong>PENSER \u00c0 HAUTE VOIX<\/strong><br \/>Arch\u00e9ologie de l&rsquo;\u00e9criture<\/a><\/p>\n<p><a target=\"_blank\" rel=\"nofollow\" href=\"https:\/\/www.viaromana.org\/blog\/goto\/https:\/\/the-past.com\/shorts\/objects\/6th-century-ivory-comb\/\"  target=\"_blank\" rel=\"noreferrer noopener\"><strong>LE\u00c7ON D&rsquo;OBJET<\/strong><br \/>Peigne ivoire<\/a><\/p>\n","protected":false},"excerpt":{"rendered":"<p>Le Forum de C\u00e9sar \u00e9tait un concept audacieux. Construit \u00e0 c\u00f4t\u00e9 du Forum romain \u2013 le c\u0153ur battant de la vie publique \u2013 le nouveau complexe monumental de Jules C\u00e9sar a jalonn\u00e9 sa revendication en tant que seul souverain de l&rsquo;Empire. Cela s&rsquo;est av\u00e9r\u00e9 une d\u00e9claration co\u00fbteuse. La parcelle r\u00e9serv\u00e9e \u00e0 ce projet \u00e9tait occup\u00e9e par des logements d&rsquo;\u00e9lite, garantissant que le terrain \u00e9tait \u00e0 un prix mirobolant. Les r\u00e9sidences et le forum, cependant, ne sont que des parties d&rsquo;une histoire beaucoup plus longue d&rsquo;activit\u00e9 sur le site. Maintenant, notre couverture r\u00e9v\u00e8le comment les fouilles donnent un aper\u00e7u de la\u2026<\/p>\n","protected":false},"author":3,"featured_media":751,"comment_status":"closed","ping_status":"closed","sticky":false,"template":"","format":"standard","meta":{"footnotes":""},"categories":[3],"tags":[],"blocksy_meta":{"styles_descriptor":{"styles":{"desktop":"","tablet":"","mobile":""},"google_fonts":[],"version":4}},"yoast_head":"<!-- This site is optimized with the Yoast SEO plugin v21.1 - https:\/\/yoast.com\/wordpress\/plugins\/seo\/ -->\n<title>CWA 113-maintenant en vente - Viaromana et arch\u00e9ologie.<\/title>\n<meta name=\"description\" content=\"CWA 113-maintenant en vente article de Viaromana et arch\u00e9ologie.\" \/>\n<meta name=\"robots\" content=\"index, follow, max-snippet:-1, max-image-preview:large, max-video-preview:-1\" \/>\n<link rel=\"canonical\" href=\"https:\/\/www.viaromana.org\/blog\/cwa-113-now-on-sale\/\" \/>\n<meta property=\"og:locale\" content=\"fr_FR\" \/>\n<meta property=\"og:type\" content=\"article\" \/>\n<meta property=\"og:title\" content=\"CWA 113-maintenant en vente - Viaromana et arch\u00e9ologie.\" \/>\n<meta property=\"og:description\" content=\"CWA 113-maintenant en vente article de Viaromana et arch\u00e9ologie.\" \/>\n<meta property=\"og:url\" content=\"https:\/\/www.viaromana.org\/blog\/cwa-113-now-on-sale\/\" \/>\n<meta property=\"og:site_name\" content=\"Viaromana et arch\u00e9ologie.\" \/>\n<meta property=\"article:published_time\" content=\"2022-05-19T08:38:27+00:00\" \/>\n<meta property=\"og:image\" content=\"https:\/\/www.viaromana.org\/blog\/wp-content\/uploads\/2022\/05\/unnamed-file-3.jpg\" \/>\n\t<meta property=\"og:image:width\" content=\"1080\" \/>\n\t<meta property=\"og:image:height\" content=\"2340\" \/>\n\t<meta property=\"og:image:type\" content=\"image\/jpeg\" \/>\n<meta name=\"author\" content=\"Albane Baron\" \/>\n<meta name=\"twitter:card\" content=\"summary_large_image\" \/>\n<meta name=\"twitter:label1\" content=\"\u00c9crit par\" \/>\n\t<meta name=\"twitter:data1\" content=\"Albane Baron\" \/>\n\t<meta name=\"twitter:label2\" content=\"Dur\u00e9e de lecture estim\u00e9e\" \/>\n\t<meta name=\"twitter:data2\" content=\"3 minutes\" \/>\n<script type=\"application\/ld+json\" class=\"yoast-schema-graph\">{\"@context\":\"https:\/\/schema.org\",\"@graph\":[{\"@type\":\"Article\",\"@id\":\"https:\/\/www.viaromana.org\/blog\/cwa-113-now-on-sale\/#article\",\"isPartOf\":{\"@id\":\"https:\/\/www.viaromana.org\/blog\/cwa-113-now-on-sale\/\"},\"author\":{\"name\":\"Albane Baron\",\"@id\":\"https:\/\/www.viaromana.org\/blog\/#\/schema\/person\/d2ac3a5f1f3ed29c251972007cca0098\"},\"headline\":\"CWA 113-maintenant en vente\",\"datePublished\":\"2022-05-19T08:38:27+00:00\",\"dateModified\":\"2022-05-19T08:38:27+00:00\",\"mainEntityOfPage\":{\"@id\":\"https:\/\/www.viaromana.org\/blog\/cwa-113-now-on-sale\/\"},\"wordCount\":648,\"publisher\":{\"@id\":\"https:\/\/www.viaromana.org\/blog\/#organization\"},\"articleSection\":[\"Le monde de l'arch\u00e9ologie\"],\"inLanguage\":\"fr-FR\"},{\"@type\":\"WebPage\",\"@id\":\"https:\/\/www.viaromana.org\/blog\/cwa-113-now-on-sale\/\",\"url\":\"https:\/\/www.viaromana.org\/blog\/cwa-113-now-on-sale\/\",\"name\":\"CWA 113-maintenant en vente - Viaromana et arch\u00e9ologie.\",\"isPartOf\":{\"@id\":\"https:\/\/www.viaromana.org\/blog\/#website\"},\"datePublished\":\"2022-05-19T08:38:27+00:00\",\"dateModified\":\"2022-05-19T08:38:27+00:00\",\"description\":\"CWA 113-maintenant en vente article de Viaromana et arch\u00e9ologie.\",\"breadcrumb\":{\"@id\":\"https:\/\/www.viaromana.org\/blog\/cwa-113-now-on-sale\/#breadcrumb\"},\"inLanguage\":\"fr-FR\",\"potentialAction\":[{\"@type\":\"ReadAction\",\"target\":[\"https:\/\/www.viaromana.org\/blog\/cwa-113-now-on-sale\/\"]}]},{\"@type\":\"BreadcrumbList\",\"@id\":\"https:\/\/www.viaromana.org\/blog\/cwa-113-now-on-sale\/#breadcrumb\",\"itemListElement\":[{\"@type\":\"ListItem\",\"position\":1,\"name\":\"Accueil\",\"item\":\"https:\/\/www.viaromana.org\/blog\/\"},{\"@type\":\"ListItem\",\"position\":2,\"name\":\"CWA 113-maintenant en vente\"}]},{\"@type\":\"WebSite\",\"@id\":\"https:\/\/www.viaromana.org\/blog\/#website\",\"url\":\"https:\/\/www.viaromana.org\/blog\/\",\"name\":\"Viaromana et arch\u00e9ologie.\",\"description\":\"Site arch\u00e9ologique de la voie romaine (viaromana) Belgique-France-Rome\",\"publisher\":{\"@id\":\"https:\/\/www.viaromana.org\/blog\/#organization\"},\"potentialAction\":[{\"@type\":\"SearchAction\",\"target\":{\"@type\":\"EntryPoint\",\"urlTemplate\":\"https:\/\/www.viaromana.org\/blog\/?s={search_term_string}\"},\"query-input\":\"required name=search_term_string\"}],\"inLanguage\":\"fr-FR\"},{\"@type\":\"Organization\",\"@id\":\"https:\/\/www.viaromana.org\/blog\/#organization\",\"name\":\"viaromana\",\"url\":\"https:\/\/www.viaromana.org\/blog\/\",\"logo\":{\"@type\":\"ImageObject\",\"inLanguage\":\"fr-FR\",\"@id\":\"https:\/\/www.viaromana.org\/blog\/#\/schema\/logo\/image\/\",\"url\":\"https:\/\/www.viaromana.org\/blog\/wp-content\/uploads\/2021\/12\/logo-3.png\",\"contentUrl\":\"https:\/\/www.viaromana.org\/blog\/wp-content\/uploads\/2021\/12\/logo-3.png\",\"width\":300,\"height\":249,\"caption\":\"viaromana\"},\"image\":{\"@id\":\"https:\/\/www.viaromana.org\/blog\/#\/schema\/logo\/image\/\"}},{\"@type\":\"Person\",\"@id\":\"https:\/\/www.viaromana.org\/blog\/#\/schema\/person\/d2ac3a5f1f3ed29c251972007cca0098\",\"name\":\"Albane Baron\",\"image\":{\"@type\":\"ImageObject\",\"inLanguage\":\"fr-FR\",\"@id\":\"https:\/\/www.viaromana.org\/blog\/#\/schema\/person\/image\/\",\"url\":\"https:\/\/secure.gravatar.com\/avatar\/6a1d13a2718d5b6794415e4efd7d05b1?s=96&d=mm&r=g\",\"contentUrl\":\"https:\/\/secure.gravatar.com\/avatar\/6a1d13a2718d5b6794415e4efd7d05b1?s=96&d=mm&r=g\",\"caption\":\"Albane Baron\"},\"url\":\"https:\/\/www.viaromana.org\/blog\/author\/anaalbane\/\"}]}<\/script>\n<!-- \/ Yoast SEO plugin. -->","yoast_head_json":{"title":"CWA 113-maintenant en vente - Viaromana et arch\u00e9ologie.","description":"CWA 113-maintenant en vente article de Viaromana et arch\u00e9ologie.","robots":{"index":"index","follow":"follow","max-snippet":"max-snippet:-1","max-image-preview":"max-image-preview:large","max-video-preview":"max-video-preview:-1"},"canonical":"https:\/\/www.viaromana.org\/blog\/cwa-113-now-on-sale\/","og_locale":"fr_FR","og_type":"article","og_title":"CWA 113-maintenant en vente - Viaromana et arch\u00e9ologie.","og_description":"CWA 113-maintenant en vente article de Viaromana et arch\u00e9ologie.","og_url":"https:\/\/www.viaromana.org\/blog\/cwa-113-now-on-sale\/","og_site_name":"Viaromana et arch\u00e9ologie.","article_published_time":"2022-05-19T08:38:27+00:00","og_image":[{"width":1080,"height":2340,"url":"https:\/\/www.viaromana.org\/blog\/wp-content\/uploads\/2022\/05\/unnamed-file-3.jpg","type":"image\/jpeg"}],"author":"Albane Baron","twitter_card":"summary_large_image","twitter_misc":{"\u00c9crit par":"Albane Baron","Dur\u00e9e de lecture estim\u00e9e":"3 minutes"},"schema":{"@context":"https:\/\/schema.org","@graph":[{"@type":"Article","@id":"https:\/\/www.viaromana.org\/blog\/cwa-113-now-on-sale\/#article","isPartOf":{"@id":"https:\/\/www.viaromana.org\/blog\/cwa-113-now-on-sale\/"},"author":{"name":"Albane Baron","@id":"https:\/\/www.viaromana.org\/blog\/#\/schema\/person\/d2ac3a5f1f3ed29c251972007cca0098"},"headline":"CWA 113-maintenant en vente","datePublished":"2022-05-19T08:38:27+00:00","dateModified":"2022-05-19T08:38:27+00:00","mainEntityOfPage":{"@id":"https:\/\/www.viaromana.org\/blog\/cwa-113-now-on-sale\/"},"wordCount":648,"publisher":{"@id":"https:\/\/www.viaromana.org\/blog\/#organization"},"articleSection":["Le monde de l'arch\u00e9ologie"],"inLanguage":"fr-FR"},{"@type":"WebPage","@id":"https:\/\/www.viaromana.org\/blog\/cwa-113-now-on-sale\/","url":"https:\/\/www.viaromana.org\/blog\/cwa-113-now-on-sale\/","name":"CWA 113-maintenant en vente - Viaromana et arch\u00e9ologie.","isPartOf":{"@id":"https:\/\/www.viaromana.org\/blog\/#website"},"datePublished":"2022-05-19T08:38:27+00:00","dateModified":"2022-05-19T08:38:27+00:00","description":"CWA 113-maintenant en vente article de Viaromana et arch\u00e9ologie.","breadcrumb":{"@id":"https:\/\/www.viaromana.org\/blog\/cwa-113-now-on-sale\/#breadcrumb"},"inLanguage":"fr-FR","potentialAction":[{"@type":"ReadAction","target":["https:\/\/www.viaromana.org\/blog\/cwa-113-now-on-sale\/"]}]},{"@type":"BreadcrumbList","@id":"https:\/\/www.viaromana.org\/blog\/cwa-113-now-on-sale\/#breadcrumb","itemListElement":[{"@type":"ListItem","position":1,"name":"Accueil","item":"https:\/\/www.viaromana.org\/blog\/"},{"@type":"ListItem","position":2,"name":"CWA 113-maintenant en vente"}]},{"@type":"WebSite","@id":"https:\/\/www.viaromana.org\/blog\/#website","url":"https:\/\/www.viaromana.org\/blog\/","name":"Viaromana et arch\u00e9ologie.","description":"Site arch\u00e9ologique de la voie romaine (viaromana) Belgique-France-Rome","publisher":{"@id":"https:\/\/www.viaromana.org\/blog\/#organization"},"potentialAction":[{"@type":"SearchAction","target":{"@type":"EntryPoint","urlTemplate":"https:\/\/www.viaromana.org\/blog\/?s={search_term_string}"},"query-input":"required name=search_term_string"}],"inLanguage":"fr-FR"},{"@type":"Organization","@id":"https:\/\/www.viaromana.org\/blog\/#organization","name":"viaromana","url":"https:\/\/www.viaromana.org\/blog\/","logo":{"@type":"ImageObject","inLanguage":"fr-FR","@id":"https:\/\/www.viaromana.org\/blog\/#\/schema\/logo\/image\/","url":"https:\/\/www.viaromana.org\/blog\/wp-content\/uploads\/2021\/12\/logo-3.png","contentUrl":"https:\/\/www.viaromana.org\/blog\/wp-content\/uploads\/2021\/12\/logo-3.png","width":300,"height":249,"caption":"viaromana"},"image":{"@id":"https:\/\/www.viaromana.org\/blog\/#\/schema\/logo\/image\/"}},{"@type":"Person","@id":"https:\/\/www.viaromana.org\/blog\/#\/schema\/person\/d2ac3a5f1f3ed29c251972007cca0098","name":"Albane Baron","image":{"@type":"ImageObject","inLanguage":"fr-FR","@id":"https:\/\/www.viaromana.org\/blog\/#\/schema\/person\/image\/","url":"https:\/\/secure.gravatar.com\/avatar\/6a1d13a2718d5b6794415e4efd7d05b1?s=96&d=mm&r=g","contentUrl":"https:\/\/secure.gravatar.com\/avatar\/6a1d13a2718d5b6794415e4efd7d05b1?s=96&d=mm&r=g","caption":"Albane Baron"},"url":"https:\/\/www.viaromana.org\/blog\/author\/anaalbane\/"}]}},"_links":{"self":[{"href":"https:\/\/www.viaromana.org\/blog\/wp-json\/wp\/v2\/posts\/749"}],"collection":[{"href":"https:\/\/www.viaromana.org\/blog\/wp-json\/wp\/v2\/posts"}],"about":[{"href":"https:\/\/www.viaromana.org\/blog\/wp-json\/wp\/v2\/types\/post"}],"author":[{"embeddable":true,"href":"https:\/\/www.viaromana.org\/blog\/wp-json\/wp\/v2\/users\/3"}],"replies":[{"embeddable":true,"href":"https:\/\/www.viaromana.org\/blog\/wp-json\/wp\/v2\/comments?post=749"}],"version-history":[{"count":0,"href":"https:\/\/www.viaromana.org\/blog\/wp-json\/wp\/v2\/posts\/749\/revisions"}],"wp:featuredmedia":[{"embeddable":true,"href":"https:\/\/www.viaromana.org\/blog\/wp-json\/wp\/v2\/media\/751"}],"wp:attachment":[{"href":"https:\/\/www.viaromana.org\/blog\/wp-json\/wp\/v2\/media?parent=749"}],"wp:term":[{"taxonomy":"category","embeddable":true,"href":"https:\/\/www.viaromana.org\/blog\/wp-json\/wp\/v2\/categories?post=749"},{"taxonomy":"post_tag","embeddable":true,"href":"https:\/\/www.viaromana.org\/blog\/wp-json\/wp\/v2\/tags?post=749"}],"curies":[{"name":"wp","href":"https:\/\/api.w.org\/{rel}","templated":true}]}}