{"id":729,"date":"2022-05-13T22:35:33","date_gmt":"2022-05-13T20:35:33","guid":{"rendered":"http:\/\/www.archaeology.org\/news\/10541-220513-europe-farming-genome"},"modified":"2022-05-13T22:35:33","modified_gmt":"2022-05-13T20:35:33","slug":"genetic-study-clarifies-spread-of-farming-into-europe","status":"publish","type":"post","link":"https:\/\/www.viaromana.org\/blog\/genetic-study-clarifies-spread-of-farming-into-europe\/","title":{"rendered":"Une \u00e9tude g\u00e9n\u00e9tique clarifie la propagation de l&rsquo;agriculture en Europe"},"content":{"rendered":"\n<p><img decoding=\"async\" src=\"https:\/\/www.viaromana.org\/blog\/wp-content\/uploads\/2022\/05\/une-etude-genetique-clarifie-la-propagation-de-lagriculture-en-europe.png\" alt=\"Paleogenetic Analysis\" width=\"355\" height=\"237\" class=\"caption\" title=\" \" longdesc=\"(Joachim Burger)\">BERNE, SUISSE\u2014<em><a target=\"_blank\" rel=\"nofollow\" href=\"https:\/\/www.viaromana.org\/blog\/goto\/https:\/\/www.nature.com\/articles\/d41586-022-01322-w\"  target=\"_blank\" rel=\"noopener\">Nouvelles de La Nature<\/a> <\/em>le g\u00e9n\u00e9ticien de la population Laurent Excoffier de l&rsquo;Universit\u00e9 de Berne et ses coll\u00e8gues ont s\u00e9quenc\u00e9 les g\u00e9nomes de haute qualit\u00e9 de 15 chasseurs-cueilleurs et premiers agriculteurs dont les restes ont \u00e9t\u00e9 r\u00e9cup\u00e9r\u00e9s en Asie du sud-Ouest, le long de la route migratoire du Danube et en Anatolie occidentale, et ont d\u00e9couvert que les anciens agriculteurs anatoliens descendaient du m\u00e9lange r\u00e9p\u00e9t\u00e9 de groupes de chasseurs-cueilleurs d&rsquo;Europe et du Moyen-Orient. Certains de ces groupes ont failli dispara\u00eetre il y a environ 25 000 ans, au plus fort de la derni\u00e8re p\u00e9riode glaciaire, mais \u00e0 mesure que le climat s&rsquo;est r\u00e9chauff\u00e9, les populations se sont r\u00e9tablies. Puis, il y a environ 8 000 ans, les premiers agriculteurs ont commenc\u00e9 \u00e0 se propager de l&rsquo;Anatolie \u00e0 l&rsquo;Europe, o\u00f9 ils se sont parfois m\u00e9lang\u00e9s \u00e0 des chasseurs-cueilleurs locaux. \u201cC&rsquo;est vraiment la propagation des gens, des communaut\u00e9s agricoles, qui a amen\u00e9 l&rsquo;agriculture plus \u00e0 l&rsquo;ouest\u201d, a expliqu\u00e9 Excoffier. Lisez l&rsquo;article scientifique original sur cette recherche dans <a target=\"_blank\" rel=\"nofollow\" href=\"https:\/\/www.viaromana.org\/blog\/goto\/http:\/\/dx.doi.org\/10.1016\/j.cell.2022.04.008\"  target=\"_blank\" rel=\"noopener\"><em>Cellule<\/em><\/a>. Pour en savoir plus, rendez-vous sur \u00ab\u00a0<a target=\"_blank\" rel=\"nofollow\" href=\"https:\/\/www.viaromana.org\/blog\/goto\/https:\/\/www.archaeology.org\/issues\/90-1305\/trenches\/750-danube-gorges-colonizing-neolithic-farmers-strontium\" >Les Premiers Agriculteurs d&rsquo;Europe<\/a>.\u00a0\u00bb<\/p>\n","protected":false},"excerpt":{"rendered":"<p>BERNE, SUISSE\u2014Nouvelles de La Nature le g\u00e9n\u00e9ticien de la population Laurent Excoffier de l&rsquo;Universit\u00e9 de Berne et ses coll\u00e8gues ont s\u00e9quenc\u00e9 les g\u00e9nomes de haute qualit\u00e9 de 15 chasseurs-cueilleurs et premiers agriculteurs dont les restes ont \u00e9t\u00e9 r\u00e9cup\u00e9r\u00e9s en Asie du sud-Ouest, le long de la route migratoire du Danube et en Anatolie occidentale, et ont d\u00e9couvert que les anciens agriculteurs anatoliens descendaient du m\u00e9lange r\u00e9p\u00e9t\u00e9 de groupes de chasseurs-cueilleurs d&rsquo;Europe et du Moyen-Orient. Certains de ces groupes ont failli dispara\u00eetre il y a environ 25 000 ans, au plus fort de la derni\u00e8re p\u00e9riode glaciaire, mais \u00e0 mesure que\u2026<\/p>\n","protected":false},"author":3,"featured_media":731,"comment_status":"closed","ping_status":"closed","sticky":false,"template":"","format":"standard","meta":{"footnotes":""},"categories":[3],"tags":[],"blocksy_meta":{"styles_descriptor":{"styles":{"desktop":"","tablet":"","mobile":""},"google_fonts":[],"version":4}},"yoast_head":"<!-- This site is optimized with the Yoast SEO plugin v21.1 - https:\/\/yoast.com\/wordpress\/plugins\/seo\/ -->\n<title>Une \u00e9tude g\u00e9n\u00e9tique clarifie la propagation de l&#039;agriculture en Europe - Viaromana et arch\u00e9ologie.<\/title>\n<meta name=\"description\" content=\"Une \u00e9tude g\u00e9n\u00e9tique clarifie la propagation de l&#039;agriculture en Europe article de Viaromana et arch\u00e9ologie.\" \/>\n<meta name=\"robots\" content=\"index, follow, max-snippet:-1, max-image-preview:large, max-video-preview:-1\" \/>\n<link rel=\"canonical\" href=\"https:\/\/www.viaromana.org\/blog\/genetic-study-clarifies-spread-of-farming-into-europe\/\" \/>\n<meta property=\"og:locale\" content=\"fr_FR\" \/>\n<meta property=\"og:type\" content=\"article\" \/>\n<meta property=\"og:title\" content=\"Une \u00e9tude g\u00e9n\u00e9tique clarifie la propagation de l&#039;agriculture en Europe - Viaromana et arch\u00e9ologie.\" \/>\n<meta property=\"og:description\" content=\"Une \u00e9tude g\u00e9n\u00e9tique clarifie la propagation de l&#039;agriculture en Europe article de Viaromana et arch\u00e9ologie.\" \/>\n<meta property=\"og:url\" content=\"https:\/\/www.viaromana.org\/blog\/genetic-study-clarifies-spread-of-farming-into-europe\/\" \/>\n<meta property=\"og:site_name\" content=\"Viaromana et arch\u00e9ologie.\" \/>\n<meta property=\"article:published_time\" content=\"2022-05-13T20:35:33+00:00\" \/>\n<meta property=\"og:image\" content=\"https:\/\/www.viaromana.org\/blog\/wp-content\/uploads\/2022\/05\/de-la-6.jpg\" \/>\n\t<meta property=\"og:image:width\" content=\"2048\" \/>\n\t<meta property=\"og:image:height\" content=\"1152\" \/>\n\t<meta property=\"og:image:type\" content=\"image\/jpeg\" \/>\n<meta name=\"author\" content=\"Albane Baron\" \/>\n<meta name=\"twitter:card\" content=\"summary_large_image\" \/>\n<meta name=\"twitter:label1\" content=\"\u00c9crit par\" \/>\n\t<meta name=\"twitter:data1\" content=\"Albane Baron\" \/>\n\t<meta name=\"twitter:label2\" content=\"Dur\u00e9e de lecture estim\u00e9e\" \/>\n\t<meta name=\"twitter:data2\" content=\"1 minute\" \/>\n<script type=\"application\/ld+json\" class=\"yoast-schema-graph\">{\"@context\":\"https:\/\/schema.org\",\"@graph\":[{\"@type\":\"Article\",\"@id\":\"https:\/\/www.viaromana.org\/blog\/genetic-study-clarifies-spread-of-farming-into-europe\/#article\",\"isPartOf\":{\"@id\":\"https:\/\/www.viaromana.org\/blog\/genetic-study-clarifies-spread-of-farming-into-europe\/\"},\"author\":{\"name\":\"Albane Baron\",\"@id\":\"https:\/\/www.viaromana.org\/blog\/#\/schema\/person\/d2ac3a5f1f3ed29c251972007cca0098\"},\"headline\":\"Une \u00e9tude g\u00e9n\u00e9tique clarifie la propagation de l&rsquo;agriculture en Europe\",\"datePublished\":\"2022-05-13T20:35:33+00:00\",\"dateModified\":\"2022-05-13T20:35:33+00:00\",\"mainEntityOfPage\":{\"@id\":\"https:\/\/www.viaromana.org\/blog\/genetic-study-clarifies-spread-of-farming-into-europe\/\"},\"wordCount\":211,\"publisher\":{\"@id\":\"https:\/\/www.viaromana.org\/blog\/#organization\"},\"articleSection\":[\"Le monde de l'arch\u00e9ologie\"],\"inLanguage\":\"fr-FR\"},{\"@type\":\"WebPage\",\"@id\":\"https:\/\/www.viaromana.org\/blog\/genetic-study-clarifies-spread-of-farming-into-europe\/\",\"url\":\"https:\/\/www.viaromana.org\/blog\/genetic-study-clarifies-spread-of-farming-into-europe\/\",\"name\":\"Une \u00e9tude g\u00e9n\u00e9tique clarifie la propagation de l'agriculture en Europe - Viaromana et arch\u00e9ologie.\",\"isPartOf\":{\"@id\":\"https:\/\/www.viaromana.org\/blog\/#website\"},\"datePublished\":\"2022-05-13T20:35:33+00:00\",\"dateModified\":\"2022-05-13T20:35:33+00:00\",\"description\":\"Une \u00e9tude g\u00e9n\u00e9tique clarifie la propagation de l'agriculture en Europe article de Viaromana et arch\u00e9ologie.\",\"breadcrumb\":{\"@id\":\"https:\/\/www.viaromana.org\/blog\/genetic-study-clarifies-spread-of-farming-into-europe\/#breadcrumb\"},\"inLanguage\":\"fr-FR\",\"potentialAction\":[{\"@type\":\"ReadAction\",\"target\":[\"https:\/\/www.viaromana.org\/blog\/genetic-study-clarifies-spread-of-farming-into-europe\/\"]}]},{\"@type\":\"BreadcrumbList\",\"@id\":\"https:\/\/www.viaromana.org\/blog\/genetic-study-clarifies-spread-of-farming-into-europe\/#breadcrumb\",\"itemListElement\":[{\"@type\":\"ListItem\",\"position\":1,\"name\":\"Accueil\",\"item\":\"https:\/\/www.viaromana.org\/blog\/\"},{\"@type\":\"ListItem\",\"position\":2,\"name\":\"Une \u00e9tude g\u00e9n\u00e9tique clarifie la propagation de l&rsquo;agriculture en Europe\"}]},{\"@type\":\"WebSite\",\"@id\":\"https:\/\/www.viaromana.org\/blog\/#website\",\"url\":\"https:\/\/www.viaromana.org\/blog\/\",\"name\":\"Viaromana et arch\u00e9ologie.\",\"description\":\"Site arch\u00e9ologique de la voie romaine (viaromana) Belgique-France-Rome\",\"publisher\":{\"@id\":\"https:\/\/www.viaromana.org\/blog\/#organization\"},\"potentialAction\":[{\"@type\":\"SearchAction\",\"target\":{\"@type\":\"EntryPoint\",\"urlTemplate\":\"https:\/\/www.viaromana.org\/blog\/?s={search_term_string}\"},\"query-input\":\"required name=search_term_string\"}],\"inLanguage\":\"fr-FR\"},{\"@type\":\"Organization\",\"@id\":\"https:\/\/www.viaromana.org\/blog\/#organization\",\"name\":\"viaromana\",\"url\":\"https:\/\/www.viaromana.org\/blog\/\",\"logo\":{\"@type\":\"ImageObject\",\"inLanguage\":\"fr-FR\",\"@id\":\"https:\/\/www.viaromana.org\/blog\/#\/schema\/logo\/image\/\",\"url\":\"https:\/\/www.viaromana.org\/blog\/wp-content\/uploads\/2021\/12\/logo-3.png\",\"contentUrl\":\"https:\/\/www.viaromana.org\/blog\/wp-content\/uploads\/2021\/12\/logo-3.png\",\"width\":300,\"height\":249,\"caption\":\"viaromana\"},\"image\":{\"@id\":\"https:\/\/www.viaromana.org\/blog\/#\/schema\/logo\/image\/\"}},{\"@type\":\"Person\",\"@id\":\"https:\/\/www.viaromana.org\/blog\/#\/schema\/person\/d2ac3a5f1f3ed29c251972007cca0098\",\"name\":\"Albane Baron\",\"image\":{\"@type\":\"ImageObject\",\"inLanguage\":\"fr-FR\",\"@id\":\"https:\/\/www.viaromana.org\/blog\/#\/schema\/person\/image\/\",\"url\":\"https:\/\/secure.gravatar.com\/avatar\/6a1d13a2718d5b6794415e4efd7d05b1?s=96&d=mm&r=g\",\"contentUrl\":\"https:\/\/secure.gravatar.com\/avatar\/6a1d13a2718d5b6794415e4efd7d05b1?s=96&d=mm&r=g\",\"caption\":\"Albane Baron\"},\"url\":\"https:\/\/www.viaromana.org\/blog\/author\/anaalbane\/\"}]}<\/script>\n<!-- \/ Yoast SEO plugin. -->","yoast_head_json":{"title":"Une \u00e9tude g\u00e9n\u00e9tique clarifie la propagation de l'agriculture en Europe - Viaromana et arch\u00e9ologie.","description":"Une \u00e9tude g\u00e9n\u00e9tique clarifie la propagation de l'agriculture en Europe article de Viaromana et arch\u00e9ologie.","robots":{"index":"index","follow":"follow","max-snippet":"max-snippet:-1","max-image-preview":"max-image-preview:large","max-video-preview":"max-video-preview:-1"},"canonical":"https:\/\/www.viaromana.org\/blog\/genetic-study-clarifies-spread-of-farming-into-europe\/","og_locale":"fr_FR","og_type":"article","og_title":"Une \u00e9tude g\u00e9n\u00e9tique clarifie la propagation de l'agriculture en Europe - Viaromana et arch\u00e9ologie.","og_description":"Une \u00e9tude g\u00e9n\u00e9tique clarifie la propagation de l'agriculture en Europe article de Viaromana et arch\u00e9ologie.","og_url":"https:\/\/www.viaromana.org\/blog\/genetic-study-clarifies-spread-of-farming-into-europe\/","og_site_name":"Viaromana et arch\u00e9ologie.","article_published_time":"2022-05-13T20:35:33+00:00","og_image":[{"width":2048,"height":1152,"url":"https:\/\/www.viaromana.org\/blog\/wp-content\/uploads\/2022\/05\/de-la-6.jpg","type":"image\/jpeg"}],"author":"Albane Baron","twitter_card":"summary_large_image","twitter_misc":{"\u00c9crit par":"Albane Baron","Dur\u00e9e de lecture estim\u00e9e":"1 minute"},"schema":{"@context":"https:\/\/schema.org","@graph":[{"@type":"Article","@id":"https:\/\/www.viaromana.org\/blog\/genetic-study-clarifies-spread-of-farming-into-europe\/#article","isPartOf":{"@id":"https:\/\/www.viaromana.org\/blog\/genetic-study-clarifies-spread-of-farming-into-europe\/"},"author":{"name":"Albane Baron","@id":"https:\/\/www.viaromana.org\/blog\/#\/schema\/person\/d2ac3a5f1f3ed29c251972007cca0098"},"headline":"Une \u00e9tude g\u00e9n\u00e9tique clarifie la propagation de l&rsquo;agriculture en Europe","datePublished":"2022-05-13T20:35:33+00:00","dateModified":"2022-05-13T20:35:33+00:00","mainEntityOfPage":{"@id":"https:\/\/www.viaromana.org\/blog\/genetic-study-clarifies-spread-of-farming-into-europe\/"},"wordCount":211,"publisher":{"@id":"https:\/\/www.viaromana.org\/blog\/#organization"},"articleSection":["Le monde de l'arch\u00e9ologie"],"inLanguage":"fr-FR"},{"@type":"WebPage","@id":"https:\/\/www.viaromana.org\/blog\/genetic-study-clarifies-spread-of-farming-into-europe\/","url":"https:\/\/www.viaromana.org\/blog\/genetic-study-clarifies-spread-of-farming-into-europe\/","name":"Une \u00e9tude g\u00e9n\u00e9tique clarifie la propagation de l'agriculture en Europe - Viaromana et arch\u00e9ologie.","isPartOf":{"@id":"https:\/\/www.viaromana.org\/blog\/#website"},"datePublished":"2022-05-13T20:35:33+00:00","dateModified":"2022-05-13T20:35:33+00:00","description":"Une \u00e9tude g\u00e9n\u00e9tique clarifie la propagation de l'agriculture en Europe article de Viaromana et arch\u00e9ologie.","breadcrumb":{"@id":"https:\/\/www.viaromana.org\/blog\/genetic-study-clarifies-spread-of-farming-into-europe\/#breadcrumb"},"inLanguage":"fr-FR","potentialAction":[{"@type":"ReadAction","target":["https:\/\/www.viaromana.org\/blog\/genetic-study-clarifies-spread-of-farming-into-europe\/"]}]},{"@type":"BreadcrumbList","@id":"https:\/\/www.viaromana.org\/blog\/genetic-study-clarifies-spread-of-farming-into-europe\/#breadcrumb","itemListElement":[{"@type":"ListItem","position":1,"name":"Accueil","item":"https:\/\/www.viaromana.org\/blog\/"},{"@type":"ListItem","position":2,"name":"Une \u00e9tude g\u00e9n\u00e9tique clarifie la propagation de l&rsquo;agriculture en Europe"}]},{"@type":"WebSite","@id":"https:\/\/www.viaromana.org\/blog\/#website","url":"https:\/\/www.viaromana.org\/blog\/","name":"Viaromana et arch\u00e9ologie.","description":"Site arch\u00e9ologique de la voie romaine (viaromana) Belgique-France-Rome","publisher":{"@id":"https:\/\/www.viaromana.org\/blog\/#organization"},"potentialAction":[{"@type":"SearchAction","target":{"@type":"EntryPoint","urlTemplate":"https:\/\/www.viaromana.org\/blog\/?s={search_term_string}"},"query-input":"required name=search_term_string"}],"inLanguage":"fr-FR"},{"@type":"Organization","@id":"https:\/\/www.viaromana.org\/blog\/#organization","name":"viaromana","url":"https:\/\/www.viaromana.org\/blog\/","logo":{"@type":"ImageObject","inLanguage":"fr-FR","@id":"https:\/\/www.viaromana.org\/blog\/#\/schema\/logo\/image\/","url":"https:\/\/www.viaromana.org\/blog\/wp-content\/uploads\/2021\/12\/logo-3.png","contentUrl":"https:\/\/www.viaromana.org\/blog\/wp-content\/uploads\/2021\/12\/logo-3.png","width":300,"height":249,"caption":"viaromana"},"image":{"@id":"https:\/\/www.viaromana.org\/blog\/#\/schema\/logo\/image\/"}},{"@type":"Person","@id":"https:\/\/www.viaromana.org\/blog\/#\/schema\/person\/d2ac3a5f1f3ed29c251972007cca0098","name":"Albane Baron","image":{"@type":"ImageObject","inLanguage":"fr-FR","@id":"https:\/\/www.viaromana.org\/blog\/#\/schema\/person\/image\/","url":"https:\/\/secure.gravatar.com\/avatar\/6a1d13a2718d5b6794415e4efd7d05b1?s=96&d=mm&r=g","contentUrl":"https:\/\/secure.gravatar.com\/avatar\/6a1d13a2718d5b6794415e4efd7d05b1?s=96&d=mm&r=g","caption":"Albane Baron"},"url":"https:\/\/www.viaromana.org\/blog\/author\/anaalbane\/"}]}},"_links":{"self":[{"href":"https:\/\/www.viaromana.org\/blog\/wp-json\/wp\/v2\/posts\/729"}],"collection":[{"href":"https:\/\/www.viaromana.org\/blog\/wp-json\/wp\/v2\/posts"}],"about":[{"href":"https:\/\/www.viaromana.org\/blog\/wp-json\/wp\/v2\/types\/post"}],"author":[{"embeddable":true,"href":"https:\/\/www.viaromana.org\/blog\/wp-json\/wp\/v2\/users\/3"}],"replies":[{"embeddable":true,"href":"https:\/\/www.viaromana.org\/blog\/wp-json\/wp\/v2\/comments?post=729"}],"version-history":[{"count":0,"href":"https:\/\/www.viaromana.org\/blog\/wp-json\/wp\/v2\/posts\/729\/revisions"}],"wp:featuredmedia":[{"embeddable":true,"href":"https:\/\/www.viaromana.org\/blog\/wp-json\/wp\/v2\/media\/731"}],"wp:attachment":[{"href":"https:\/\/www.viaromana.org\/blog\/wp-json\/wp\/v2\/media?parent=729"}],"wp:term":[{"taxonomy":"category","embeddable":true,"href":"https:\/\/www.viaromana.org\/blog\/wp-json\/wp\/v2\/categories?post=729"},{"taxonomy":"post_tag","embeddable":true,"href":"https:\/\/www.viaromana.org\/blog\/wp-json\/wp\/v2\/tags?post=729"}],"curies":[{"name":"wp","href":"https:\/\/api.w.org\/{rel}","templated":true}]}}