{"id":581,"date":"2022-04-04T22:59:23","date_gmt":"2022-04-04T20:59:23","guid":{"rendered":"http:\/\/www.archaeology.org\/news\/10442-220404-vancouver-war-club"},"modified":"2022-04-04T22:59:23","modified_gmt":"2022-04-04T20:59:23","slug":"possible-indigenous-artifact-found-in-yard-on-vancouver-island","status":"publish","type":"post","link":"https:\/\/www.viaromana.org\/blog\/possible-indigenous-artifact-found-in-yard-on-vancouver-island\/","title":{"rendered":"Artefact autochtone possible trouv\u00e9 dans une cour sur l&rsquo;\u00eele de Vancouver"},"content":{"rendered":"\n<p>\u00ceLE DE VANCOUVER, CANADA\u2014<em><a target=\"_blank\" rel=\"nofollow\" href=\"https:\/\/www.viaromana.org\/blog\/goto\/https:\/\/www.comoxvalleyrecord.com\/news\/royston-area-man-turns-up-indigenous-artifact-in-yard\/\"  target=\"_blank\" rel=\"noopener\">Le Record de la Vall\u00e9e de Comox<\/a> <\/em>Mark Lake, qui vit pr\u00e8s de la c\u00f4te est de l&rsquo;\u00eele de Vancouver, a d\u00e9couvert un club de guerre possible en nettoyant sa cour apr\u00e8s qu&rsquo;un vieil \u00e9rable eut souffl\u00e9. Lake a remarqu\u00e9 des sculptures sur l&rsquo;objet en gr\u00e8s, qui mesure pr\u00e8s de 18 pouces de long et p\u00e8se environ trois livres, et l&rsquo;a remis \u00e0 la Premi\u00e8re Nation locale des K&rsquo;\u00f3moks (PNK). On pense que l&rsquo;artefact est originaire de la r\u00e9gion de l&rsquo;\u00eele de Vancouver, mais on ne sait pas s&rsquo;il \u00e9tait fonctionnel ou s&rsquo;il \u00e9tait r\u00e9serv\u00e9 \u00e0 des fins c\u00e9r\u00e9monielles. Des arch\u00e9ologues arpenteront la r\u00e9gion. \u201cJe suis reconnaissante \u00e0 la famille Lake d&rsquo;avoir \u00e9tabli des liens avec la PNK, afin que nous puissions en apprendre davantage sur notre histoire et la rendre accessible \u00e0 nos membres et \u00e0 l&rsquo;ensemble de la communaut\u00e9\u201d, a comment\u00e9 la chef Nicole Rempel de la PNK. Pour en savoir plus sur une fl\u00e9chette atlatl vieille de 6 000 ans utilis\u00e9e par les Premi\u00e8res Nations du sud du Yukon, allez \u00e0 \u00ab\u00a0<a target=\"_blank\" rel=\"nofollow\" href=\"https:\/\/www.viaromana.org\/blog\/goto\/https:\/\/www.archaeology.org\/issues\/440-2109\/world\/9922-atw-canada\" >Partout dans le monde: Canada<\/a>.\u00a0\u00bb<\/p>\n","protected":false},"excerpt":{"rendered":"<p>\u00ceLE DE VANCOUVER, CANADA\u2014Le Record de la Vall\u00e9e de Comox Mark Lake, qui vit pr\u00e8s de la c\u00f4te est de l&rsquo;\u00eele de Vancouver, a d\u00e9couvert un club de guerre possible en nettoyant sa cour apr\u00e8s qu&rsquo;un vieil \u00e9rable eut souffl\u00e9. Lake a remarqu\u00e9 des sculptures sur l&rsquo;objet en gr\u00e8s, qui mesure pr\u00e8s de 18 pouces de long et p\u00e8se environ trois livres, et l&rsquo;a remis \u00e0 la Premi\u00e8re Nation locale des K&rsquo;\u00f3moks (PNK). On pense que l&rsquo;artefact est originaire de la r\u00e9gion de l&rsquo;\u00eele de Vancouver, mais on ne sait pas s&rsquo;il \u00e9tait fonctionnel ou s&rsquo;il \u00e9tait r\u00e9serv\u00e9 \u00e0 des\u2026<\/p>\n","protected":false},"author":3,"featured_media":582,"comment_status":"closed","ping_status":"closed","sticky":false,"template":"","format":"standard","meta":{"footnotes":""},"categories":[3],"tags":[],"blocksy_meta":{"styles_descriptor":{"styles":{"desktop":"","tablet":"","mobile":""},"google_fonts":[],"version":4}},"yoast_head":"<!-- This site is optimized with the Yoast SEO plugin v21.1 - https:\/\/yoast.com\/wordpress\/plugins\/seo\/ -->\n<title>Artefact autochtone possible trouv\u00e9 dans une cour sur l&#039;\u00eele de Vancouver - Viaromana et arch\u00e9ologie.<\/title>\n<meta name=\"description\" content=\"Artefact autochtone possible trouv\u00e9 dans une cour sur l&#039;\u00eele de Vancouver article de Viaromana et arch\u00e9ologie.\" \/>\n<meta name=\"robots\" content=\"index, follow, max-snippet:-1, max-image-preview:large, max-video-preview:-1\" \/>\n<link rel=\"canonical\" href=\"https:\/\/www.viaromana.org\/blog\/possible-indigenous-artifact-found-in-yard-on-vancouver-island\/\" \/>\n<meta property=\"og:locale\" content=\"fr_FR\" \/>\n<meta property=\"og:type\" content=\"article\" \/>\n<meta property=\"og:title\" content=\"Artefact autochtone possible trouv\u00e9 dans une cour sur l&#039;\u00eele de Vancouver - Viaromana et arch\u00e9ologie.\" \/>\n<meta property=\"og:description\" content=\"Artefact autochtone possible trouv\u00e9 dans une cour sur l&#039;\u00eele de Vancouver article de Viaromana et arch\u00e9ologie.\" \/>\n<meta property=\"og:url\" content=\"https:\/\/www.viaromana.org\/blog\/possible-indigenous-artifact-found-in-yard-on-vancouver-island\/\" \/>\n<meta property=\"og:site_name\" content=\"Viaromana et arch\u00e9ologie.\" \/>\n<meta property=\"article:published_time\" content=\"2022-04-04T20:59:23+00:00\" \/>\n<meta property=\"og:image\" content=\"https:\/\/www.viaromana.org\/blog\/wp-content\/uploads\/2022\/04\/de-la-1-scaled.jpg\" \/>\n\t<meta property=\"og:image:width\" content=\"1707\" \/>\n\t<meta property=\"og:image:height\" content=\"2560\" \/>\n\t<meta property=\"og:image:type\" content=\"image\/jpeg\" \/>\n<meta name=\"author\" content=\"Albane Baron\" \/>\n<meta name=\"twitter:card\" content=\"summary_large_image\" \/>\n<meta name=\"twitter:label1\" content=\"\u00c9crit par\" \/>\n\t<meta name=\"twitter:data1\" content=\"Albane Baron\" \/>\n\t<meta name=\"twitter:label2\" content=\"Dur\u00e9e de lecture estim\u00e9e\" \/>\n\t<meta name=\"twitter:data2\" content=\"1 minute\" \/>\n<script type=\"application\/ld+json\" class=\"yoast-schema-graph\">{\"@context\":\"https:\/\/schema.org\",\"@graph\":[{\"@type\":\"Article\",\"@id\":\"https:\/\/www.viaromana.org\/blog\/possible-indigenous-artifact-found-in-yard-on-vancouver-island\/#article\",\"isPartOf\":{\"@id\":\"https:\/\/www.viaromana.org\/blog\/possible-indigenous-artifact-found-in-yard-on-vancouver-island\/\"},\"author\":{\"name\":\"Albane Baron\",\"@id\":\"https:\/\/www.viaromana.org\/blog\/#\/schema\/person\/d2ac3a5f1f3ed29c251972007cca0098\"},\"headline\":\"Artefact autochtone possible trouv\u00e9 dans une cour sur l&rsquo;\u00eele de Vancouver\",\"datePublished\":\"2022-04-04T20:59:23+00:00\",\"dateModified\":\"2022-04-04T20:59:23+00:00\",\"mainEntityOfPage\":{\"@id\":\"https:\/\/www.viaromana.org\/blog\/possible-indigenous-artifact-found-in-yard-on-vancouver-island\/\"},\"wordCount\":215,\"publisher\":{\"@id\":\"https:\/\/www.viaromana.org\/blog\/#organization\"},\"articleSection\":[\"Le monde de l'arch\u00e9ologie\"],\"inLanguage\":\"fr-FR\"},{\"@type\":\"WebPage\",\"@id\":\"https:\/\/www.viaromana.org\/blog\/possible-indigenous-artifact-found-in-yard-on-vancouver-island\/\",\"url\":\"https:\/\/www.viaromana.org\/blog\/possible-indigenous-artifact-found-in-yard-on-vancouver-island\/\",\"name\":\"Artefact autochtone possible trouv\u00e9 dans une cour sur l'\u00eele de Vancouver - Viaromana et arch\u00e9ologie.\",\"isPartOf\":{\"@id\":\"https:\/\/www.viaromana.org\/blog\/#website\"},\"datePublished\":\"2022-04-04T20:59:23+00:00\",\"dateModified\":\"2022-04-04T20:59:23+00:00\",\"description\":\"Artefact autochtone possible trouv\u00e9 dans une cour sur l'\u00eele de Vancouver article de Viaromana et arch\u00e9ologie.\",\"breadcrumb\":{\"@id\":\"https:\/\/www.viaromana.org\/blog\/possible-indigenous-artifact-found-in-yard-on-vancouver-island\/#breadcrumb\"},\"inLanguage\":\"fr-FR\",\"potentialAction\":[{\"@type\":\"ReadAction\",\"target\":[\"https:\/\/www.viaromana.org\/blog\/possible-indigenous-artifact-found-in-yard-on-vancouver-island\/\"]}]},{\"@type\":\"BreadcrumbList\",\"@id\":\"https:\/\/www.viaromana.org\/blog\/possible-indigenous-artifact-found-in-yard-on-vancouver-island\/#breadcrumb\",\"itemListElement\":[{\"@type\":\"ListItem\",\"position\":1,\"name\":\"Accueil\",\"item\":\"https:\/\/www.viaromana.org\/blog\/\"},{\"@type\":\"ListItem\",\"position\":2,\"name\":\"Artefact autochtone possible trouv\u00e9 dans une cour sur l&rsquo;\u00eele de Vancouver\"}]},{\"@type\":\"WebSite\",\"@id\":\"https:\/\/www.viaromana.org\/blog\/#website\",\"url\":\"https:\/\/www.viaromana.org\/blog\/\",\"name\":\"Viaromana et arch\u00e9ologie.\",\"description\":\"Site arch\u00e9ologique de la voie romaine (viaromana) Belgique-France-Rome\",\"publisher\":{\"@id\":\"https:\/\/www.viaromana.org\/blog\/#organization\"},\"potentialAction\":[{\"@type\":\"SearchAction\",\"target\":{\"@type\":\"EntryPoint\",\"urlTemplate\":\"https:\/\/www.viaromana.org\/blog\/?s={search_term_string}\"},\"query-input\":\"required name=search_term_string\"}],\"inLanguage\":\"fr-FR\"},{\"@type\":\"Organization\",\"@id\":\"https:\/\/www.viaromana.org\/blog\/#organization\",\"name\":\"viaromana\",\"url\":\"https:\/\/www.viaromana.org\/blog\/\",\"logo\":{\"@type\":\"ImageObject\",\"inLanguage\":\"fr-FR\",\"@id\":\"https:\/\/www.viaromana.org\/blog\/#\/schema\/logo\/image\/\",\"url\":\"https:\/\/www.viaromana.org\/blog\/wp-content\/uploads\/2021\/12\/logo-3.png\",\"contentUrl\":\"https:\/\/www.viaromana.org\/blog\/wp-content\/uploads\/2021\/12\/logo-3.png\",\"width\":300,\"height\":249,\"caption\":\"viaromana\"},\"image\":{\"@id\":\"https:\/\/www.viaromana.org\/blog\/#\/schema\/logo\/image\/\"}},{\"@type\":\"Person\",\"@id\":\"https:\/\/www.viaromana.org\/blog\/#\/schema\/person\/d2ac3a5f1f3ed29c251972007cca0098\",\"name\":\"Albane Baron\",\"image\":{\"@type\":\"ImageObject\",\"inLanguage\":\"fr-FR\",\"@id\":\"https:\/\/www.viaromana.org\/blog\/#\/schema\/person\/image\/\",\"url\":\"https:\/\/secure.gravatar.com\/avatar\/6a1d13a2718d5b6794415e4efd7d05b1?s=96&d=mm&r=g\",\"contentUrl\":\"https:\/\/secure.gravatar.com\/avatar\/6a1d13a2718d5b6794415e4efd7d05b1?s=96&d=mm&r=g\",\"caption\":\"Albane Baron\"},\"url\":\"https:\/\/www.viaromana.org\/blog\/author\/anaalbane\/\"}]}<\/script>\n<!-- \/ Yoast SEO plugin. -->","yoast_head_json":{"title":"Artefact autochtone possible trouv\u00e9 dans une cour sur l'\u00eele de Vancouver - Viaromana et arch\u00e9ologie.","description":"Artefact autochtone possible trouv\u00e9 dans une cour sur l'\u00eele de Vancouver article de Viaromana et arch\u00e9ologie.","robots":{"index":"index","follow":"follow","max-snippet":"max-snippet:-1","max-image-preview":"max-image-preview:large","max-video-preview":"max-video-preview:-1"},"canonical":"https:\/\/www.viaromana.org\/blog\/possible-indigenous-artifact-found-in-yard-on-vancouver-island\/","og_locale":"fr_FR","og_type":"article","og_title":"Artefact autochtone possible trouv\u00e9 dans une cour sur l'\u00eele de Vancouver - Viaromana et arch\u00e9ologie.","og_description":"Artefact autochtone possible trouv\u00e9 dans une cour sur l'\u00eele de Vancouver article de Viaromana et arch\u00e9ologie.","og_url":"https:\/\/www.viaromana.org\/blog\/possible-indigenous-artifact-found-in-yard-on-vancouver-island\/","og_site_name":"Viaromana et arch\u00e9ologie.","article_published_time":"2022-04-04T20:59:23+00:00","og_image":[{"width":1707,"height":2560,"url":"https:\/\/www.viaromana.org\/blog\/wp-content\/uploads\/2022\/04\/de-la-1-scaled.jpg","type":"image\/jpeg"}],"author":"Albane Baron","twitter_card":"summary_large_image","twitter_misc":{"\u00c9crit par":"Albane Baron","Dur\u00e9e de lecture estim\u00e9e":"1 minute"},"schema":{"@context":"https:\/\/schema.org","@graph":[{"@type":"Article","@id":"https:\/\/www.viaromana.org\/blog\/possible-indigenous-artifact-found-in-yard-on-vancouver-island\/#article","isPartOf":{"@id":"https:\/\/www.viaromana.org\/blog\/possible-indigenous-artifact-found-in-yard-on-vancouver-island\/"},"author":{"name":"Albane Baron","@id":"https:\/\/www.viaromana.org\/blog\/#\/schema\/person\/d2ac3a5f1f3ed29c251972007cca0098"},"headline":"Artefact autochtone possible trouv\u00e9 dans une cour sur l&rsquo;\u00eele de Vancouver","datePublished":"2022-04-04T20:59:23+00:00","dateModified":"2022-04-04T20:59:23+00:00","mainEntityOfPage":{"@id":"https:\/\/www.viaromana.org\/blog\/possible-indigenous-artifact-found-in-yard-on-vancouver-island\/"},"wordCount":215,"publisher":{"@id":"https:\/\/www.viaromana.org\/blog\/#organization"},"articleSection":["Le monde de l'arch\u00e9ologie"],"inLanguage":"fr-FR"},{"@type":"WebPage","@id":"https:\/\/www.viaromana.org\/blog\/possible-indigenous-artifact-found-in-yard-on-vancouver-island\/","url":"https:\/\/www.viaromana.org\/blog\/possible-indigenous-artifact-found-in-yard-on-vancouver-island\/","name":"Artefact autochtone possible trouv\u00e9 dans une cour sur l'\u00eele de Vancouver - Viaromana et arch\u00e9ologie.","isPartOf":{"@id":"https:\/\/www.viaromana.org\/blog\/#website"},"datePublished":"2022-04-04T20:59:23+00:00","dateModified":"2022-04-04T20:59:23+00:00","description":"Artefact autochtone possible trouv\u00e9 dans une cour sur l'\u00eele de Vancouver article de Viaromana et arch\u00e9ologie.","breadcrumb":{"@id":"https:\/\/www.viaromana.org\/blog\/possible-indigenous-artifact-found-in-yard-on-vancouver-island\/#breadcrumb"},"inLanguage":"fr-FR","potentialAction":[{"@type":"ReadAction","target":["https:\/\/www.viaromana.org\/blog\/possible-indigenous-artifact-found-in-yard-on-vancouver-island\/"]}]},{"@type":"BreadcrumbList","@id":"https:\/\/www.viaromana.org\/blog\/possible-indigenous-artifact-found-in-yard-on-vancouver-island\/#breadcrumb","itemListElement":[{"@type":"ListItem","position":1,"name":"Accueil","item":"https:\/\/www.viaromana.org\/blog\/"},{"@type":"ListItem","position":2,"name":"Artefact autochtone possible trouv\u00e9 dans une cour sur l&rsquo;\u00eele de Vancouver"}]},{"@type":"WebSite","@id":"https:\/\/www.viaromana.org\/blog\/#website","url":"https:\/\/www.viaromana.org\/blog\/","name":"Viaromana et arch\u00e9ologie.","description":"Site arch\u00e9ologique de la voie romaine (viaromana) Belgique-France-Rome","publisher":{"@id":"https:\/\/www.viaromana.org\/blog\/#organization"},"potentialAction":[{"@type":"SearchAction","target":{"@type":"EntryPoint","urlTemplate":"https:\/\/www.viaromana.org\/blog\/?s={search_term_string}"},"query-input":"required name=search_term_string"}],"inLanguage":"fr-FR"},{"@type":"Organization","@id":"https:\/\/www.viaromana.org\/blog\/#organization","name":"viaromana","url":"https:\/\/www.viaromana.org\/blog\/","logo":{"@type":"ImageObject","inLanguage":"fr-FR","@id":"https:\/\/www.viaromana.org\/blog\/#\/schema\/logo\/image\/","url":"https:\/\/www.viaromana.org\/blog\/wp-content\/uploads\/2021\/12\/logo-3.png","contentUrl":"https:\/\/www.viaromana.org\/blog\/wp-content\/uploads\/2021\/12\/logo-3.png","width":300,"height":249,"caption":"viaromana"},"image":{"@id":"https:\/\/www.viaromana.org\/blog\/#\/schema\/logo\/image\/"}},{"@type":"Person","@id":"https:\/\/www.viaromana.org\/blog\/#\/schema\/person\/d2ac3a5f1f3ed29c251972007cca0098","name":"Albane Baron","image":{"@type":"ImageObject","inLanguage":"fr-FR","@id":"https:\/\/www.viaromana.org\/blog\/#\/schema\/person\/image\/","url":"https:\/\/secure.gravatar.com\/avatar\/6a1d13a2718d5b6794415e4efd7d05b1?s=96&d=mm&r=g","contentUrl":"https:\/\/secure.gravatar.com\/avatar\/6a1d13a2718d5b6794415e4efd7d05b1?s=96&d=mm&r=g","caption":"Albane Baron"},"url":"https:\/\/www.viaromana.org\/blog\/author\/anaalbane\/"}]}},"_links":{"self":[{"href":"https:\/\/www.viaromana.org\/blog\/wp-json\/wp\/v2\/posts\/581"}],"collection":[{"href":"https:\/\/www.viaromana.org\/blog\/wp-json\/wp\/v2\/posts"}],"about":[{"href":"https:\/\/www.viaromana.org\/blog\/wp-json\/wp\/v2\/types\/post"}],"author":[{"embeddable":true,"href":"https:\/\/www.viaromana.org\/blog\/wp-json\/wp\/v2\/users\/3"}],"replies":[{"embeddable":true,"href":"https:\/\/www.viaromana.org\/blog\/wp-json\/wp\/v2\/comments?post=581"}],"version-history":[{"count":0,"href":"https:\/\/www.viaromana.org\/blog\/wp-json\/wp\/v2\/posts\/581\/revisions"}],"wp:featuredmedia":[{"embeddable":true,"href":"https:\/\/www.viaromana.org\/blog\/wp-json\/wp\/v2\/media\/582"}],"wp:attachment":[{"href":"https:\/\/www.viaromana.org\/blog\/wp-json\/wp\/v2\/media?parent=581"}],"wp:term":[{"taxonomy":"category","embeddable":true,"href":"https:\/\/www.viaromana.org\/blog\/wp-json\/wp\/v2\/categories?post=581"},{"taxonomy":"post_tag","embeddable":true,"href":"https:\/\/www.viaromana.org\/blog\/wp-json\/wp\/v2\/tags?post=581"}],"curies":[{"name":"wp","href":"https:\/\/api.w.org\/{rel}","templated":true}]}}