{"id":550,"date":"2022-03-25T21:57:45","date_gmt":"2022-03-25T20:57:45","guid":{"rendered":"http:\/\/www.archaeology.org\/news\/10427-220325-peru-machu-picchu"},"modified":"2022-03-25T21:57:45","modified_gmt":"2022-03-25T20:57:45","slug":"study-investigates-the-name-of-machu-picchu","status":"publish","type":"post","link":"https:\/\/www.viaromana.org\/blog\/study-investigates-the-name-of-machu-picchu\/","title":{"rendered":"Une \u00e9tude \u00e9tudie le nom de Machu Picchu"},"content":{"rendered":"\n<p><img decoding=\"async\" src=\"https:\/\/www.viaromana.org\/blog\/wp-content\/uploads\/2022\/03\/une-etude-etudie-le-nom-de-machu-picchu.jpg\" alt=\"Peru Machu Picchu\" width=\"710\" height=\"473\" class=\"caption\" title=\" \" longdesc=\"(Photo by Roberto H. on Unsplash)\">LIMA, P\u00c9ROU \u2014 Selon un communiqu\u00e9 publi\u00e9 par le <a target=\"_blank\" rel=\"nofollow\" href=\"https:\/\/www.viaromana.org\/blog\/goto\/https:\/\/today.uic.edu\/study-reconsiders-name-of-perus-machu-picchu\"  target=\"_blank\" rel=\"noopener\">Universit\u00e9 de l&rsquo;Illinois \u00e0 Chicago<\/a>, l&rsquo;historien Donato Amado Gonzales du Minist\u00e8re de la Culture du P\u00e9rou et l&rsquo;arch\u00e9ologue Brian S. Bauer de l&rsquo;Universit\u00e9 de l&rsquo;Illinois \u00e0 Chicago ont examin\u00e9 des cartes du XIXe si\u00e8cle, des documents du XVIIe si\u00e8cle et des notes de terrain prises par l&rsquo;explorateur am\u00e9ricain Hiram Bingham, et ont d\u00e9couvert que la citadelle du XVe si\u00e8cle que nous connaissons maintenant sous le nom de Machu Picchu pouvait avoir \u00e9t\u00e9 appel\u00e9e Picchu, ou Huayna Picchu, par les Incas. Les r\u00e9cits \u00e9crits par les envahisseurs espagnols \u00e0 la fin du XVIe si\u00e8cle, ont ajout\u00e9 Gonzales et Bauer, ont not\u00e9 que les populations locales pr\u00e9voyaient de retourner dans un endroit qu&rsquo;elles appelaient Huayna Picchu. C&rsquo;\u00e9tait \u00e9galement le nom appliqu\u00e9 \u00e0 la montagne la plus proche de la ville, tandis que Machu Picchu est le nom de la plus haute montagne de la r\u00e9gion, ont expliqu\u00e9 les chercheurs. Pour en savoir plus sur un autre site Inca, allez sur \u00ab\u00a0<a target=\"_blank\" rel=\"nofollow\" href=\"https:\/\/www.viaromana.org\/blog\/goto\/https:\/\/www.archaeology.org\/issues\/386-2007\/features\/8754-idol-of-the-painted-temple\" >Idole du Temple Peint<\/a>.\u00a0\u00bb<\/p>\n","protected":false},"excerpt":{"rendered":"<p>LIMA, P\u00c9ROU \u2014 Selon un communiqu\u00e9 publi\u00e9 par le Universit\u00e9 de l&rsquo;Illinois \u00e0 Chicago, l&rsquo;historien Donato Amado Gonzales du Minist\u00e8re de la Culture du P\u00e9rou et l&rsquo;arch\u00e9ologue Brian S. Bauer de l&rsquo;Universit\u00e9 de l&rsquo;Illinois \u00e0 Chicago ont examin\u00e9 des cartes du XIXe si\u00e8cle, des documents du XVIIe si\u00e8cle et des notes de terrain prises par l&rsquo;explorateur am\u00e9ricain Hiram Bingham, et ont d\u00e9couvert que la citadelle du XVe si\u00e8cle que nous connaissons maintenant sous le nom de Machu Picchu pouvait avoir \u00e9t\u00e9 appel\u00e9e Picchu, ou Huayna Picchu, par les Incas. Les r\u00e9cits \u00e9crits par les envahisseurs espagnols \u00e0 la fin du\u2026<\/p>\n","protected":false},"author":3,"featured_media":552,"comment_status":"closed","ping_status":"closed","sticky":false,"template":"","format":"standard","meta":{"footnotes":""},"categories":[3],"tags":[],"blocksy_meta":{"styles_descriptor":{"styles":{"desktop":"","tablet":"","mobile":""},"google_fonts":[],"version":4}},"yoast_head":"<!-- This site is optimized with the Yoast SEO plugin v21.1 - https:\/\/yoast.com\/wordpress\/plugins\/seo\/ -->\n<title>Une \u00e9tude \u00e9tudie le nom de Machu Picchu - Viaromana et arch\u00e9ologie.<\/title>\n<meta name=\"description\" content=\"Une \u00e9tude \u00e9tudie le nom de Machu Picchu article de Viaromana et arch\u00e9ologie.\" \/>\n<meta name=\"robots\" content=\"index, follow, max-snippet:-1, max-image-preview:large, max-video-preview:-1\" \/>\n<link rel=\"canonical\" href=\"https:\/\/www.viaromana.org\/blog\/study-investigates-the-name-of-machu-picchu\/\" \/>\n<meta property=\"og:locale\" content=\"fr_FR\" \/>\n<meta property=\"og:type\" content=\"article\" \/>\n<meta property=\"og:title\" content=\"Une \u00e9tude \u00e9tudie le nom de Machu Picchu - Viaromana et arch\u00e9ologie.\" \/>\n<meta property=\"og:description\" content=\"Une \u00e9tude \u00e9tudie le nom de Machu Picchu article de Viaromana et arch\u00e9ologie.\" \/>\n<meta property=\"og:url\" content=\"https:\/\/www.viaromana.org\/blog\/study-investigates-the-name-of-machu-picchu\/\" \/>\n<meta property=\"og:site_name\" content=\"Viaromana et arch\u00e9ologie.\" \/>\n<meta property=\"article:published_time\" content=\"2022-03-25T20:57:45+00:00\" \/>\n<meta property=\"og:image\" content=\"https:\/\/www.viaromana.org\/blog\/wp-content\/uploads\/2022\/03\/si-cle-scaled.jpg\" \/>\n\t<meta property=\"og:image:width\" content=\"2560\" \/>\n\t<meta property=\"og:image:height\" content=\"1644\" \/>\n\t<meta property=\"og:image:type\" content=\"image\/jpeg\" \/>\n<meta name=\"author\" content=\"Albane Baron\" \/>\n<meta name=\"twitter:card\" content=\"summary_large_image\" \/>\n<meta name=\"twitter:label1\" content=\"\u00c9crit par\" \/>\n\t<meta name=\"twitter:data1\" content=\"Albane Baron\" \/>\n\t<meta name=\"twitter:label2\" content=\"Dur\u00e9e de lecture estim\u00e9e\" \/>\n\t<meta name=\"twitter:data2\" content=\"1 minute\" \/>\n<script type=\"application\/ld+json\" class=\"yoast-schema-graph\">{\"@context\":\"https:\/\/schema.org\",\"@graph\":[{\"@type\":\"Article\",\"@id\":\"https:\/\/www.viaromana.org\/blog\/study-investigates-the-name-of-machu-picchu\/#article\",\"isPartOf\":{\"@id\":\"https:\/\/www.viaromana.org\/blog\/study-investigates-the-name-of-machu-picchu\/\"},\"author\":{\"name\":\"Albane Baron\",\"@id\":\"https:\/\/www.viaromana.org\/blog\/#\/schema\/person\/d2ac3a5f1f3ed29c251972007cca0098\"},\"headline\":\"Une \u00e9tude \u00e9tudie le nom de Machu Picchu\",\"datePublished\":\"2022-03-25T20:57:45+00:00\",\"dateModified\":\"2022-03-25T20:57:45+00:00\",\"mainEntityOfPage\":{\"@id\":\"https:\/\/www.viaromana.org\/blog\/study-investigates-the-name-of-machu-picchu\/\"},\"wordCount\":196,\"publisher\":{\"@id\":\"https:\/\/www.viaromana.org\/blog\/#organization\"},\"articleSection\":[\"Le monde de l'arch\u00e9ologie\"],\"inLanguage\":\"fr-FR\"},{\"@type\":\"WebPage\",\"@id\":\"https:\/\/www.viaromana.org\/blog\/study-investigates-the-name-of-machu-picchu\/\",\"url\":\"https:\/\/www.viaromana.org\/blog\/study-investigates-the-name-of-machu-picchu\/\",\"name\":\"Une \u00e9tude \u00e9tudie le nom de Machu Picchu - Viaromana et arch\u00e9ologie.\",\"isPartOf\":{\"@id\":\"https:\/\/www.viaromana.org\/blog\/#website\"},\"datePublished\":\"2022-03-25T20:57:45+00:00\",\"dateModified\":\"2022-03-25T20:57:45+00:00\",\"description\":\"Une \u00e9tude \u00e9tudie le nom de Machu Picchu article de Viaromana et arch\u00e9ologie.\",\"breadcrumb\":{\"@id\":\"https:\/\/www.viaromana.org\/blog\/study-investigates-the-name-of-machu-picchu\/#breadcrumb\"},\"inLanguage\":\"fr-FR\",\"potentialAction\":[{\"@type\":\"ReadAction\",\"target\":[\"https:\/\/www.viaromana.org\/blog\/study-investigates-the-name-of-machu-picchu\/\"]}]},{\"@type\":\"BreadcrumbList\",\"@id\":\"https:\/\/www.viaromana.org\/blog\/study-investigates-the-name-of-machu-picchu\/#breadcrumb\",\"itemListElement\":[{\"@type\":\"ListItem\",\"position\":1,\"name\":\"Accueil\",\"item\":\"https:\/\/www.viaromana.org\/blog\/\"},{\"@type\":\"ListItem\",\"position\":2,\"name\":\"Une \u00e9tude \u00e9tudie le nom de Machu Picchu\"}]},{\"@type\":\"WebSite\",\"@id\":\"https:\/\/www.viaromana.org\/blog\/#website\",\"url\":\"https:\/\/www.viaromana.org\/blog\/\",\"name\":\"Viaromana et arch\u00e9ologie.\",\"description\":\"Site arch\u00e9ologique de la voie romaine (viaromana) Belgique-France-Rome\",\"publisher\":{\"@id\":\"https:\/\/www.viaromana.org\/blog\/#organization\"},\"potentialAction\":[{\"@type\":\"SearchAction\",\"target\":{\"@type\":\"EntryPoint\",\"urlTemplate\":\"https:\/\/www.viaromana.org\/blog\/?s={search_term_string}\"},\"query-input\":\"required name=search_term_string\"}],\"inLanguage\":\"fr-FR\"},{\"@type\":\"Organization\",\"@id\":\"https:\/\/www.viaromana.org\/blog\/#organization\",\"name\":\"viaromana\",\"url\":\"https:\/\/www.viaromana.org\/blog\/\",\"logo\":{\"@type\":\"ImageObject\",\"inLanguage\":\"fr-FR\",\"@id\":\"https:\/\/www.viaromana.org\/blog\/#\/schema\/logo\/image\/\",\"url\":\"https:\/\/www.viaromana.org\/blog\/wp-content\/uploads\/2021\/12\/logo-3.png\",\"contentUrl\":\"https:\/\/www.viaromana.org\/blog\/wp-content\/uploads\/2021\/12\/logo-3.png\",\"width\":300,\"height\":249,\"caption\":\"viaromana\"},\"image\":{\"@id\":\"https:\/\/www.viaromana.org\/blog\/#\/schema\/logo\/image\/\"}},{\"@type\":\"Person\",\"@id\":\"https:\/\/www.viaromana.org\/blog\/#\/schema\/person\/d2ac3a5f1f3ed29c251972007cca0098\",\"name\":\"Albane Baron\",\"image\":{\"@type\":\"ImageObject\",\"inLanguage\":\"fr-FR\",\"@id\":\"https:\/\/www.viaromana.org\/blog\/#\/schema\/person\/image\/\",\"url\":\"https:\/\/secure.gravatar.com\/avatar\/6a1d13a2718d5b6794415e4efd7d05b1?s=96&d=mm&r=g\",\"contentUrl\":\"https:\/\/secure.gravatar.com\/avatar\/6a1d13a2718d5b6794415e4efd7d05b1?s=96&d=mm&r=g\",\"caption\":\"Albane Baron\"},\"url\":\"https:\/\/www.viaromana.org\/blog\/author\/anaalbane\/\"}]}<\/script>\n<!-- \/ Yoast SEO plugin. -->","yoast_head_json":{"title":"Une \u00e9tude \u00e9tudie le nom de Machu Picchu - Viaromana et arch\u00e9ologie.","description":"Une \u00e9tude \u00e9tudie le nom de Machu Picchu article de Viaromana et arch\u00e9ologie.","robots":{"index":"index","follow":"follow","max-snippet":"max-snippet:-1","max-image-preview":"max-image-preview:large","max-video-preview":"max-video-preview:-1"},"canonical":"https:\/\/www.viaromana.org\/blog\/study-investigates-the-name-of-machu-picchu\/","og_locale":"fr_FR","og_type":"article","og_title":"Une \u00e9tude \u00e9tudie le nom de Machu Picchu - Viaromana et arch\u00e9ologie.","og_description":"Une \u00e9tude \u00e9tudie le nom de Machu Picchu article de Viaromana et arch\u00e9ologie.","og_url":"https:\/\/www.viaromana.org\/blog\/study-investigates-the-name-of-machu-picchu\/","og_site_name":"Viaromana et arch\u00e9ologie.","article_published_time":"2022-03-25T20:57:45+00:00","og_image":[{"width":2560,"height":1644,"url":"https:\/\/www.viaromana.org\/blog\/wp-content\/uploads\/2022\/03\/si-cle-scaled.jpg","type":"image\/jpeg"}],"author":"Albane Baron","twitter_card":"summary_large_image","twitter_misc":{"\u00c9crit par":"Albane Baron","Dur\u00e9e de lecture estim\u00e9e":"1 minute"},"schema":{"@context":"https:\/\/schema.org","@graph":[{"@type":"Article","@id":"https:\/\/www.viaromana.org\/blog\/study-investigates-the-name-of-machu-picchu\/#article","isPartOf":{"@id":"https:\/\/www.viaromana.org\/blog\/study-investigates-the-name-of-machu-picchu\/"},"author":{"name":"Albane Baron","@id":"https:\/\/www.viaromana.org\/blog\/#\/schema\/person\/d2ac3a5f1f3ed29c251972007cca0098"},"headline":"Une \u00e9tude \u00e9tudie le nom de Machu Picchu","datePublished":"2022-03-25T20:57:45+00:00","dateModified":"2022-03-25T20:57:45+00:00","mainEntityOfPage":{"@id":"https:\/\/www.viaromana.org\/blog\/study-investigates-the-name-of-machu-picchu\/"},"wordCount":196,"publisher":{"@id":"https:\/\/www.viaromana.org\/blog\/#organization"},"articleSection":["Le monde de l'arch\u00e9ologie"],"inLanguage":"fr-FR"},{"@type":"WebPage","@id":"https:\/\/www.viaromana.org\/blog\/study-investigates-the-name-of-machu-picchu\/","url":"https:\/\/www.viaromana.org\/blog\/study-investigates-the-name-of-machu-picchu\/","name":"Une \u00e9tude \u00e9tudie le nom de Machu Picchu - Viaromana et arch\u00e9ologie.","isPartOf":{"@id":"https:\/\/www.viaromana.org\/blog\/#website"},"datePublished":"2022-03-25T20:57:45+00:00","dateModified":"2022-03-25T20:57:45+00:00","description":"Une \u00e9tude \u00e9tudie le nom de Machu Picchu article de Viaromana et arch\u00e9ologie.","breadcrumb":{"@id":"https:\/\/www.viaromana.org\/blog\/study-investigates-the-name-of-machu-picchu\/#breadcrumb"},"inLanguage":"fr-FR","potentialAction":[{"@type":"ReadAction","target":["https:\/\/www.viaromana.org\/blog\/study-investigates-the-name-of-machu-picchu\/"]}]},{"@type":"BreadcrumbList","@id":"https:\/\/www.viaromana.org\/blog\/study-investigates-the-name-of-machu-picchu\/#breadcrumb","itemListElement":[{"@type":"ListItem","position":1,"name":"Accueil","item":"https:\/\/www.viaromana.org\/blog\/"},{"@type":"ListItem","position":2,"name":"Une \u00e9tude \u00e9tudie le nom de Machu Picchu"}]},{"@type":"WebSite","@id":"https:\/\/www.viaromana.org\/blog\/#website","url":"https:\/\/www.viaromana.org\/blog\/","name":"Viaromana et arch\u00e9ologie.","description":"Site arch\u00e9ologique de la voie romaine (viaromana) Belgique-France-Rome","publisher":{"@id":"https:\/\/www.viaromana.org\/blog\/#organization"},"potentialAction":[{"@type":"SearchAction","target":{"@type":"EntryPoint","urlTemplate":"https:\/\/www.viaromana.org\/blog\/?s={search_term_string}"},"query-input":"required name=search_term_string"}],"inLanguage":"fr-FR"},{"@type":"Organization","@id":"https:\/\/www.viaromana.org\/blog\/#organization","name":"viaromana","url":"https:\/\/www.viaromana.org\/blog\/","logo":{"@type":"ImageObject","inLanguage":"fr-FR","@id":"https:\/\/www.viaromana.org\/blog\/#\/schema\/logo\/image\/","url":"https:\/\/www.viaromana.org\/blog\/wp-content\/uploads\/2021\/12\/logo-3.png","contentUrl":"https:\/\/www.viaromana.org\/blog\/wp-content\/uploads\/2021\/12\/logo-3.png","width":300,"height":249,"caption":"viaromana"},"image":{"@id":"https:\/\/www.viaromana.org\/blog\/#\/schema\/logo\/image\/"}},{"@type":"Person","@id":"https:\/\/www.viaromana.org\/blog\/#\/schema\/person\/d2ac3a5f1f3ed29c251972007cca0098","name":"Albane Baron","image":{"@type":"ImageObject","inLanguage":"fr-FR","@id":"https:\/\/www.viaromana.org\/blog\/#\/schema\/person\/image\/","url":"https:\/\/secure.gravatar.com\/avatar\/6a1d13a2718d5b6794415e4efd7d05b1?s=96&d=mm&r=g","contentUrl":"https:\/\/secure.gravatar.com\/avatar\/6a1d13a2718d5b6794415e4efd7d05b1?s=96&d=mm&r=g","caption":"Albane Baron"},"url":"https:\/\/www.viaromana.org\/blog\/author\/anaalbane\/"}]}},"_links":{"self":[{"href":"https:\/\/www.viaromana.org\/blog\/wp-json\/wp\/v2\/posts\/550"}],"collection":[{"href":"https:\/\/www.viaromana.org\/blog\/wp-json\/wp\/v2\/posts"}],"about":[{"href":"https:\/\/www.viaromana.org\/blog\/wp-json\/wp\/v2\/types\/post"}],"author":[{"embeddable":true,"href":"https:\/\/www.viaromana.org\/blog\/wp-json\/wp\/v2\/users\/3"}],"replies":[{"embeddable":true,"href":"https:\/\/www.viaromana.org\/blog\/wp-json\/wp\/v2\/comments?post=550"}],"version-history":[{"count":0,"href":"https:\/\/www.viaromana.org\/blog\/wp-json\/wp\/v2\/posts\/550\/revisions"}],"wp:featuredmedia":[{"embeddable":true,"href":"https:\/\/www.viaromana.org\/blog\/wp-json\/wp\/v2\/media\/552"}],"wp:attachment":[{"href":"https:\/\/www.viaromana.org\/blog\/wp-json\/wp\/v2\/media?parent=550"}],"wp:term":[{"taxonomy":"category","embeddable":true,"href":"https:\/\/www.viaromana.org\/blog\/wp-json\/wp\/v2\/categories?post=550"},{"taxonomy":"post_tag","embeddable":true,"href":"https:\/\/www.viaromana.org\/blog\/wp-json\/wp\/v2\/tags?post=550"}],"curies":[{"name":"wp","href":"https:\/\/api.w.org\/{rel}","templated":true}]}}