{"id":535,"date":"2022-03-21T22:31:27","date_gmt":"2022-03-21T21:31:27","guid":{"rendered":"http:\/\/www.archaeology.org\/news\/10417-220321-turkey-catalhoyuk-color"},"modified":"2022-03-21T22:31:27","modified_gmt":"2022-03-21T21:31:27","slug":"researchers-investigate-the-use-of-color-at-catalhoyuk","status":"publish","type":"post","link":"https:\/\/www.viaromana.org\/blog\/researchers-investigate-the-use-of-color-at-catalhoyuk\/","title":{"rendered":"Des chercheurs \u00e9tudient l&rsquo;utilisation de la couleur \u00e0 \u00c7atalh\u00f6y\u00fck"},"content":{"rendered":"\n<p><img decoding=\"async\" src=\"https:\/\/www.viaromana.org\/blog\/wp-content\/uploads\/2022\/03\/des-chercheurs-etudient-lutilisation-de-la-couleur-a-catalhoyuk.png\" alt=\"Turkey Catalhoyuk Paintings\" width=\"710\" height=\"272\" class=\"caption\" title=\" \" longdesc=\"(\u00a9 Jason Quinlan\/\u00c7atalh\u00f6y\u00fck Research Project)\">BERNE, SUISSE \u2014 Selon un communiqu\u00e9 publi\u00e9 par le <a target=\"_blank\" rel=\"nofollow\" href=\"https:\/\/www.viaromana.org\/blog\/goto\/https:\/\/www.eurekalert.org\/news-releases\/946886\"  target=\"_blank\" rel=\"noopener\">Universit\u00e9 de Berne<\/a>, une \u00e9quipe internationale de chercheurs, dont Marco Milella, a \u00e9tudi\u00e9 des pigments tels que l&rsquo;ocre et le cinabre utilis\u00e9s dans les s\u00e9pultures et dans les dessins g\u00e9om\u00e9triques des b\u00e2timents de \u00c7atalh\u00f6y\u00fck, une ancienne ville du sud de l&rsquo;Anatolie o\u00f9 les gens \u00e9taient parfois enterr\u00e9s dans les murs des maisons. Milella a d\u00e9clar\u00e9 que le nombre de s\u00e9pultures n\u00e9olithiques dans un b\u00e2timent peut \u00eatre associ\u00e9 au nombre de couches de peintures sur la structure, indiquant que les murs de la maison \u00e9taient red\u00e9cor\u00e9s chaque fois que quelqu&rsquo;un \u00e9tait enterr\u00e9. Les os ont peut-\u00eatre m\u00eame \u00e9t\u00e9 r\u00e9cup\u00e9r\u00e9s, mis en circulation et r\u00e9inhum\u00e9s apr\u00e8s que des colorants leur aient \u00e9t\u00e9 appliqu\u00e9s. Cette pratique aurait \u00e9galement d\u00e9clench\u00e9 une nouvelle peinture murale, a expliqu\u00e9 Milella. Les chercheurs tentent toujours de d\u00e9terminer dont les restes auraient \u00e9t\u00e9 enterr\u00e9s avec des colorants, bien qu&rsquo;il soit clair que l&rsquo;\u00e2ge et le sexe n&rsquo;ont pas jou\u00e9 de r\u00f4le. Pour en savoir plus sur les recherches sur les maisons de \u00c7atalh\u00f6y\u00fck, allez sur \u00ab\u00a0<a target=\"_blank\" rel=\"nofollow\" href=\"https:\/\/www.viaromana.org\/blog\/goto\/https:\/\/www.archaeology.org\/issues\/440-2109\/world\/9929-atw-turkey\" >Autour du monde : Turquie<\/a>.\u00a0\u00bb<\/p>\n","protected":false},"excerpt":{"rendered":"<p>BERNE, SUISSE \u2014 Selon un communiqu\u00e9 publi\u00e9 par le Universit\u00e9 de Berne, une \u00e9quipe internationale de chercheurs, dont Marco Milella, a \u00e9tudi\u00e9 des pigments tels que l&rsquo;ocre et le cinabre utilis\u00e9s dans les s\u00e9pultures et dans les dessins g\u00e9om\u00e9triques des b\u00e2timents de \u00c7atalh\u00f6y\u00fck, une ancienne ville du sud de l&rsquo;Anatolie o\u00f9 les gens \u00e9taient parfois enterr\u00e9s dans les murs des maisons. Milella a d\u00e9clar\u00e9 que le nombre de s\u00e9pultures n\u00e9olithiques dans un b\u00e2timent peut \u00eatre associ\u00e9 au nombre de couches de peintures sur la structure, indiquant que les murs de la maison \u00e9taient red\u00e9cor\u00e9s chaque fois que quelqu&rsquo;un \u00e9tait enterr\u00e9.\u2026<\/p>\n","protected":false},"author":3,"featured_media":537,"comment_status":"closed","ping_status":"closed","sticky":false,"template":"","format":"standard","meta":{"footnotes":""},"categories":[3],"tags":[],"blocksy_meta":{"styles_descriptor":{"styles":{"desktop":"","tablet":"","mobile":""},"google_fonts":[],"version":4}},"yoast_head":"<!-- This site is optimized with the Yoast SEO plugin v21.1 - https:\/\/yoast.com\/wordpress\/plugins\/seo\/ -->\n<title>Des chercheurs \u00e9tudient l&#039;utilisation de la couleur \u00e0 \u00c7atalh\u00f6y\u00fck - Viaromana et arch\u00e9ologie.<\/title>\n<meta name=\"description\" content=\"Des chercheurs \u00e9tudient l&#039;utilisation de la couleur \u00e0 \u00c7atalh\u00f6y\u00fck article de Viaromana et arch\u00e9ologie.\" \/>\n<meta name=\"robots\" content=\"index, follow, max-snippet:-1, max-image-preview:large, max-video-preview:-1\" \/>\n<link rel=\"canonical\" href=\"https:\/\/www.viaromana.org\/blog\/researchers-investigate-the-use-of-color-at-catalhoyuk\/\" \/>\n<meta property=\"og:locale\" content=\"fr_FR\" \/>\n<meta property=\"og:type\" content=\"article\" \/>\n<meta property=\"og:title\" content=\"Des chercheurs \u00e9tudient l&#039;utilisation de la couleur \u00e0 \u00c7atalh\u00f6y\u00fck - Viaromana et arch\u00e9ologie.\" \/>\n<meta property=\"og:description\" content=\"Des chercheurs \u00e9tudient l&#039;utilisation de la couleur \u00e0 \u00c7atalh\u00f6y\u00fck article de Viaromana et arch\u00e9ologie.\" \/>\n<meta property=\"og:url\" content=\"https:\/\/www.viaromana.org\/blog\/researchers-investigate-the-use-of-color-at-catalhoyuk\/\" \/>\n<meta property=\"og:site_name\" content=\"Viaromana et arch\u00e9ologie.\" \/>\n<meta property=\"article:published_time\" content=\"2022-03-21T21:31:27+00:00\" \/>\n<meta property=\"og:image\" content=\"https:\/\/www.viaromana.org\/blog\/wp-content\/uploads\/2022\/03\/dans-les-scaled.jpg\" \/>\n\t<meta property=\"og:image:width\" content=\"2560\" \/>\n\t<meta property=\"og:image:height\" content=\"1707\" \/>\n\t<meta property=\"og:image:type\" content=\"image\/jpeg\" \/>\n<meta name=\"author\" content=\"Albane Baron\" \/>\n<meta name=\"twitter:card\" content=\"summary_large_image\" \/>\n<meta name=\"twitter:label1\" content=\"\u00c9crit par\" \/>\n\t<meta name=\"twitter:data1\" content=\"Albane Baron\" \/>\n\t<meta name=\"twitter:label2\" content=\"Dur\u00e9e de lecture estim\u00e9e\" \/>\n\t<meta name=\"twitter:data2\" content=\"1 minute\" \/>\n<script type=\"application\/ld+json\" class=\"yoast-schema-graph\">{\"@context\":\"https:\/\/schema.org\",\"@graph\":[{\"@type\":\"Article\",\"@id\":\"https:\/\/www.viaromana.org\/blog\/researchers-investigate-the-use-of-color-at-catalhoyuk\/#article\",\"isPartOf\":{\"@id\":\"https:\/\/www.viaromana.org\/blog\/researchers-investigate-the-use-of-color-at-catalhoyuk\/\"},\"author\":{\"name\":\"Albane Baron\",\"@id\":\"https:\/\/www.viaromana.org\/blog\/#\/schema\/person\/d2ac3a5f1f3ed29c251972007cca0098\"},\"headline\":\"Des chercheurs \u00e9tudient l&rsquo;utilisation de la couleur \u00e0 \u00c7atalh\u00f6y\u00fck\",\"datePublished\":\"2022-03-21T21:31:27+00:00\",\"dateModified\":\"2022-03-21T21:31:27+00:00\",\"mainEntityOfPage\":{\"@id\":\"https:\/\/www.viaromana.org\/blog\/researchers-investigate-the-use-of-color-at-catalhoyuk\/\"},\"wordCount\":224,\"publisher\":{\"@id\":\"https:\/\/www.viaromana.org\/blog\/#organization\"},\"articleSection\":[\"Le monde de l'arch\u00e9ologie\"],\"inLanguage\":\"fr-FR\"},{\"@type\":\"WebPage\",\"@id\":\"https:\/\/www.viaromana.org\/blog\/researchers-investigate-the-use-of-color-at-catalhoyuk\/\",\"url\":\"https:\/\/www.viaromana.org\/blog\/researchers-investigate-the-use-of-color-at-catalhoyuk\/\",\"name\":\"Des chercheurs \u00e9tudient l'utilisation de la couleur \u00e0 \u00c7atalh\u00f6y\u00fck - Viaromana et arch\u00e9ologie.\",\"isPartOf\":{\"@id\":\"https:\/\/www.viaromana.org\/blog\/#website\"},\"datePublished\":\"2022-03-21T21:31:27+00:00\",\"dateModified\":\"2022-03-21T21:31:27+00:00\",\"description\":\"Des chercheurs \u00e9tudient l'utilisation de la couleur \u00e0 \u00c7atalh\u00f6y\u00fck article de Viaromana et arch\u00e9ologie.\",\"breadcrumb\":{\"@id\":\"https:\/\/www.viaromana.org\/blog\/researchers-investigate-the-use-of-color-at-catalhoyuk\/#breadcrumb\"},\"inLanguage\":\"fr-FR\",\"potentialAction\":[{\"@type\":\"ReadAction\",\"target\":[\"https:\/\/www.viaromana.org\/blog\/researchers-investigate-the-use-of-color-at-catalhoyuk\/\"]}]},{\"@type\":\"BreadcrumbList\",\"@id\":\"https:\/\/www.viaromana.org\/blog\/researchers-investigate-the-use-of-color-at-catalhoyuk\/#breadcrumb\",\"itemListElement\":[{\"@type\":\"ListItem\",\"position\":1,\"name\":\"Accueil\",\"item\":\"https:\/\/www.viaromana.org\/blog\/\"},{\"@type\":\"ListItem\",\"position\":2,\"name\":\"Des chercheurs \u00e9tudient l&rsquo;utilisation de la couleur \u00e0 \u00c7atalh\u00f6y\u00fck\"}]},{\"@type\":\"WebSite\",\"@id\":\"https:\/\/www.viaromana.org\/blog\/#website\",\"url\":\"https:\/\/www.viaromana.org\/blog\/\",\"name\":\"Viaromana et arch\u00e9ologie.\",\"description\":\"Site arch\u00e9ologique de la voie romaine (viaromana) Belgique-France-Rome\",\"publisher\":{\"@id\":\"https:\/\/www.viaromana.org\/blog\/#organization\"},\"potentialAction\":[{\"@type\":\"SearchAction\",\"target\":{\"@type\":\"EntryPoint\",\"urlTemplate\":\"https:\/\/www.viaromana.org\/blog\/?s={search_term_string}\"},\"query-input\":\"required name=search_term_string\"}],\"inLanguage\":\"fr-FR\"},{\"@type\":\"Organization\",\"@id\":\"https:\/\/www.viaromana.org\/blog\/#organization\",\"name\":\"viaromana\",\"url\":\"https:\/\/www.viaromana.org\/blog\/\",\"logo\":{\"@type\":\"ImageObject\",\"inLanguage\":\"fr-FR\",\"@id\":\"https:\/\/www.viaromana.org\/blog\/#\/schema\/logo\/image\/\",\"url\":\"https:\/\/www.viaromana.org\/blog\/wp-content\/uploads\/2021\/12\/logo-3.png\",\"contentUrl\":\"https:\/\/www.viaromana.org\/blog\/wp-content\/uploads\/2021\/12\/logo-3.png\",\"width\":300,\"height\":249,\"caption\":\"viaromana\"},\"image\":{\"@id\":\"https:\/\/www.viaromana.org\/blog\/#\/schema\/logo\/image\/\"}},{\"@type\":\"Person\",\"@id\":\"https:\/\/www.viaromana.org\/blog\/#\/schema\/person\/d2ac3a5f1f3ed29c251972007cca0098\",\"name\":\"Albane Baron\",\"image\":{\"@type\":\"ImageObject\",\"inLanguage\":\"fr-FR\",\"@id\":\"https:\/\/www.viaromana.org\/blog\/#\/schema\/person\/image\/\",\"url\":\"https:\/\/secure.gravatar.com\/avatar\/6a1d13a2718d5b6794415e4efd7d05b1?s=96&d=mm&r=g\",\"contentUrl\":\"https:\/\/secure.gravatar.com\/avatar\/6a1d13a2718d5b6794415e4efd7d05b1?s=96&d=mm&r=g\",\"caption\":\"Albane Baron\"},\"url\":\"https:\/\/www.viaromana.org\/blog\/author\/anaalbane\/\"}]}<\/script>\n<!-- \/ Yoast SEO plugin. -->","yoast_head_json":{"title":"Des chercheurs \u00e9tudient l'utilisation de la couleur \u00e0 \u00c7atalh\u00f6y\u00fck - Viaromana et arch\u00e9ologie.","description":"Des chercheurs \u00e9tudient l'utilisation de la couleur \u00e0 \u00c7atalh\u00f6y\u00fck article de Viaromana et arch\u00e9ologie.","robots":{"index":"index","follow":"follow","max-snippet":"max-snippet:-1","max-image-preview":"max-image-preview:large","max-video-preview":"max-video-preview:-1"},"canonical":"https:\/\/www.viaromana.org\/blog\/researchers-investigate-the-use-of-color-at-catalhoyuk\/","og_locale":"fr_FR","og_type":"article","og_title":"Des chercheurs \u00e9tudient l'utilisation de la couleur \u00e0 \u00c7atalh\u00f6y\u00fck - Viaromana et arch\u00e9ologie.","og_description":"Des chercheurs \u00e9tudient l'utilisation de la couleur \u00e0 \u00c7atalh\u00f6y\u00fck article de Viaromana et arch\u00e9ologie.","og_url":"https:\/\/www.viaromana.org\/blog\/researchers-investigate-the-use-of-color-at-catalhoyuk\/","og_site_name":"Viaromana et arch\u00e9ologie.","article_published_time":"2022-03-21T21:31:27+00:00","og_image":[{"width":2560,"height":1707,"url":"https:\/\/www.viaromana.org\/blog\/wp-content\/uploads\/2022\/03\/dans-les-scaled.jpg","type":"image\/jpeg"}],"author":"Albane Baron","twitter_card":"summary_large_image","twitter_misc":{"\u00c9crit par":"Albane Baron","Dur\u00e9e de lecture estim\u00e9e":"1 minute"},"schema":{"@context":"https:\/\/schema.org","@graph":[{"@type":"Article","@id":"https:\/\/www.viaromana.org\/blog\/researchers-investigate-the-use-of-color-at-catalhoyuk\/#article","isPartOf":{"@id":"https:\/\/www.viaromana.org\/blog\/researchers-investigate-the-use-of-color-at-catalhoyuk\/"},"author":{"name":"Albane Baron","@id":"https:\/\/www.viaromana.org\/blog\/#\/schema\/person\/d2ac3a5f1f3ed29c251972007cca0098"},"headline":"Des chercheurs \u00e9tudient l&rsquo;utilisation de la couleur \u00e0 \u00c7atalh\u00f6y\u00fck","datePublished":"2022-03-21T21:31:27+00:00","dateModified":"2022-03-21T21:31:27+00:00","mainEntityOfPage":{"@id":"https:\/\/www.viaromana.org\/blog\/researchers-investigate-the-use-of-color-at-catalhoyuk\/"},"wordCount":224,"publisher":{"@id":"https:\/\/www.viaromana.org\/blog\/#organization"},"articleSection":["Le monde de l'arch\u00e9ologie"],"inLanguage":"fr-FR"},{"@type":"WebPage","@id":"https:\/\/www.viaromana.org\/blog\/researchers-investigate-the-use-of-color-at-catalhoyuk\/","url":"https:\/\/www.viaromana.org\/blog\/researchers-investigate-the-use-of-color-at-catalhoyuk\/","name":"Des chercheurs \u00e9tudient l'utilisation de la couleur \u00e0 \u00c7atalh\u00f6y\u00fck - Viaromana et arch\u00e9ologie.","isPartOf":{"@id":"https:\/\/www.viaromana.org\/blog\/#website"},"datePublished":"2022-03-21T21:31:27+00:00","dateModified":"2022-03-21T21:31:27+00:00","description":"Des chercheurs \u00e9tudient l'utilisation de la couleur \u00e0 \u00c7atalh\u00f6y\u00fck article de Viaromana et arch\u00e9ologie.","breadcrumb":{"@id":"https:\/\/www.viaromana.org\/blog\/researchers-investigate-the-use-of-color-at-catalhoyuk\/#breadcrumb"},"inLanguage":"fr-FR","potentialAction":[{"@type":"ReadAction","target":["https:\/\/www.viaromana.org\/blog\/researchers-investigate-the-use-of-color-at-catalhoyuk\/"]}]},{"@type":"BreadcrumbList","@id":"https:\/\/www.viaromana.org\/blog\/researchers-investigate-the-use-of-color-at-catalhoyuk\/#breadcrumb","itemListElement":[{"@type":"ListItem","position":1,"name":"Accueil","item":"https:\/\/www.viaromana.org\/blog\/"},{"@type":"ListItem","position":2,"name":"Des chercheurs \u00e9tudient l&rsquo;utilisation de la couleur \u00e0 \u00c7atalh\u00f6y\u00fck"}]},{"@type":"WebSite","@id":"https:\/\/www.viaromana.org\/blog\/#website","url":"https:\/\/www.viaromana.org\/blog\/","name":"Viaromana et arch\u00e9ologie.","description":"Site arch\u00e9ologique de la voie romaine (viaromana) Belgique-France-Rome","publisher":{"@id":"https:\/\/www.viaromana.org\/blog\/#organization"},"potentialAction":[{"@type":"SearchAction","target":{"@type":"EntryPoint","urlTemplate":"https:\/\/www.viaromana.org\/blog\/?s={search_term_string}"},"query-input":"required name=search_term_string"}],"inLanguage":"fr-FR"},{"@type":"Organization","@id":"https:\/\/www.viaromana.org\/blog\/#organization","name":"viaromana","url":"https:\/\/www.viaromana.org\/blog\/","logo":{"@type":"ImageObject","inLanguage":"fr-FR","@id":"https:\/\/www.viaromana.org\/blog\/#\/schema\/logo\/image\/","url":"https:\/\/www.viaromana.org\/blog\/wp-content\/uploads\/2021\/12\/logo-3.png","contentUrl":"https:\/\/www.viaromana.org\/blog\/wp-content\/uploads\/2021\/12\/logo-3.png","width":300,"height":249,"caption":"viaromana"},"image":{"@id":"https:\/\/www.viaromana.org\/blog\/#\/schema\/logo\/image\/"}},{"@type":"Person","@id":"https:\/\/www.viaromana.org\/blog\/#\/schema\/person\/d2ac3a5f1f3ed29c251972007cca0098","name":"Albane Baron","image":{"@type":"ImageObject","inLanguage":"fr-FR","@id":"https:\/\/www.viaromana.org\/blog\/#\/schema\/person\/image\/","url":"https:\/\/secure.gravatar.com\/avatar\/6a1d13a2718d5b6794415e4efd7d05b1?s=96&d=mm&r=g","contentUrl":"https:\/\/secure.gravatar.com\/avatar\/6a1d13a2718d5b6794415e4efd7d05b1?s=96&d=mm&r=g","caption":"Albane Baron"},"url":"https:\/\/www.viaromana.org\/blog\/author\/anaalbane\/"}]}},"_links":{"self":[{"href":"https:\/\/www.viaromana.org\/blog\/wp-json\/wp\/v2\/posts\/535"}],"collection":[{"href":"https:\/\/www.viaromana.org\/blog\/wp-json\/wp\/v2\/posts"}],"about":[{"href":"https:\/\/www.viaromana.org\/blog\/wp-json\/wp\/v2\/types\/post"}],"author":[{"embeddable":true,"href":"https:\/\/www.viaromana.org\/blog\/wp-json\/wp\/v2\/users\/3"}],"replies":[{"embeddable":true,"href":"https:\/\/www.viaromana.org\/blog\/wp-json\/wp\/v2\/comments?post=535"}],"version-history":[{"count":0,"href":"https:\/\/www.viaromana.org\/blog\/wp-json\/wp\/v2\/posts\/535\/revisions"}],"wp:featuredmedia":[{"embeddable":true,"href":"https:\/\/www.viaromana.org\/blog\/wp-json\/wp\/v2\/media\/537"}],"wp:attachment":[{"href":"https:\/\/www.viaromana.org\/blog\/wp-json\/wp\/v2\/media?parent=535"}],"wp:term":[{"taxonomy":"category","embeddable":true,"href":"https:\/\/www.viaromana.org\/blog\/wp-json\/wp\/v2\/categories?post=535"},{"taxonomy":"post_tag","embeddable":true,"href":"https:\/\/www.viaromana.org\/blog\/wp-json\/wp\/v2\/tags?post=535"}],"curies":[{"name":"wp","href":"https:\/\/api.w.org\/{rel}","templated":true}]}}