{"id":476,"date":"2022-03-04T22:32:34","date_gmt":"2022-03-04T21:32:34","guid":{"rendered":"http:\/\/www.archaeology.org\/news\/10394-220304-europe-mesolithic-mummification"},"modified":"2022-03-04T22:32:34","modified_gmt":"2022-03-04T21:32:34","slug":"did-europes-mesolithic-hunter-gatherers-mummify-their-dead","status":"publish","type":"post","link":"https:\/\/www.viaromana.org\/blog\/did-europes-mesolithic-hunter-gatherers-mummify-their-dead\/","title":{"rendered":"Les Chasseurs-Cueilleurs M\u00e9solithiques D&rsquo;Europe Ont-Ils Momifi\u00e9 Leurs Morts ?"},"content":{"rendered":"\n<p><img decoding=\"async\" src=\"https:\/\/www.viaromana.org\/blog\/wp-content\/uploads\/2022\/03\/les-chasseurs-cueilleurs-mesolithiques-deurope-ont-ils-momifie-leurs-morts.jpg\" alt=\"Portugal Sado Valley\" width=\"355\" height=\"197\" class=\"caption\" title=\" \" longdesc=\"(Rita Peyroteo Stjerna)\">UPPSALA, SU\u00c8DE \u2014 Selon un communiqu\u00e9 publi\u00e9 par <a target=\"_blank\" rel=\"nofollow\" href=\"https:\/\/www.viaromana.org\/blog\/goto\/https:\/\/www.uu.se\/en\/news\/article\/?id=18392&amp;typ=artikel&amp;lang=en\"  target=\"_blank\" rel=\"noopener\">Universit\u00e9 d&rsquo;Uppsala<\/a>, les chasseurs-cueilleurs vivant en Europe ont peut-\u00eatre momifi\u00e9 leurs morts par un processus de s\u00e9chage naturel. Une \u00e9quipe internationale de chercheurs de l&rsquo;Universit\u00e9 d&rsquo;Uppsala, de l&rsquo;Universit\u00e9 de Linn\u00e9 et de l&rsquo;Universit\u00e9 de Libson a \u00e9tudi\u00e9 des photographies de restes squelettiques vieux de 8 000 ans d\u00e9couverts dans la vall\u00e9e du Sado dans le sud du Portugal dans les ann\u00e9es 1960.Apr\u00e8s avoir examin\u00e9 la position des 13 squelettes et la distribution spatiale des os, les chercheurs ont reconstruit la fa\u00e7on dont les corps auraient pu \u00eatre manipul\u00e9s apr\u00e8s la mort avec ce qui a \u00e9t\u00e9 appris par des exp\u00e9riences de d\u00e9composition humaine. On pense que les restes momifi\u00e9s montrent une hyperflexion des membres; une absence de d\u00e9sarticulation des os au niveau des articulations faibles, telles que les pieds; et un remplissage rapide des s\u00e9diments autour des os. Toutes ces conditions ont \u00e9t\u00e9 trouv\u00e9es dans l&rsquo;une des s\u00e9pultures de l&rsquo;\u00e9tude. L&rsquo;analyse a \u00e9galement montr\u00e9 que certains des corps avaient \u00e9t\u00e9 enterr\u00e9s avec les genoux pli\u00e9s contre la poitrine \u2014 une position qui a pu \u00eatre obtenue en comprimant le corps avec des cordes ou des bandages pendant qu&rsquo;il s\u00e9chait et que son volume diminuait. L&rsquo;articulation pr\u00e9serv\u00e9e des os, ont ajout\u00e9 les chercheurs, aurait pu \u00eatre soutenue au fil du temps gr\u00e2ce \u00e0 un sol rapidement rempli. Lisez l&rsquo;article scientifique original sur cette recherche dans le <a target=\"_blank\" rel=\"nofollow\" href=\"https:\/\/www.viaromana.org\/blog\/goto\/https:\/\/doi.org\/10.1017\/eaa.2022.3\"  target=\"_blank\" rel=\"noopener\"><em>Revue Europ\u00e9enne d&rsquo;Arch\u00e9ologie<\/em><\/a>. Pour en savoir plus sur une masse terrestre submerg\u00e9e sous la mer du Nord o\u00f9 vivaient les chasseurs-cueilleurs il y a plus de 8 000 ans, allez \u00e0 \u00ab\u00a0<a target=\"_blank\" rel=\"nofollow\" href=\"https:\/\/www.viaromana.org\/blog\/goto\/https:\/\/www.archaeology.org\/issues\/461-2203\/letter-from\/10357-doggerland-mesolithic-submerged-landscape\" >Lettre de Doggerland : Cartographier un paysage disparu<\/a>.\u00a0\u00bb<\/p>\n","protected":false},"excerpt":{"rendered":"<p>UPPSALA, SU\u00c8DE \u2014 Selon un communiqu\u00e9 publi\u00e9 par Universit\u00e9 d&rsquo;Uppsala, les chasseurs-cueilleurs vivant en Europe ont peut-\u00eatre momifi\u00e9 leurs morts par un processus de s\u00e9chage naturel. Une \u00e9quipe internationale de chercheurs de l&rsquo;Universit\u00e9 d&rsquo;Uppsala, de l&rsquo;Universit\u00e9 de Linn\u00e9 et de l&rsquo;Universit\u00e9 de Libson a \u00e9tudi\u00e9 des photographies de restes squelettiques vieux de 8 000 ans d\u00e9couverts dans la vall\u00e9e du Sado dans le sud du Portugal dans les ann\u00e9es 1960.Apr\u00e8s avoir examin\u00e9 la position des 13 squelettes et la distribution spatiale des os, les chercheurs ont reconstruit la fa\u00e7on dont les corps auraient pu \u00eatre manipul\u00e9s apr\u00e8s la mort avec\u2026<\/p>\n","protected":false},"author":3,"featured_media":478,"comment_status":"closed","ping_status":"closed","sticky":false,"template":"","format":"standard","meta":{"footnotes":""},"categories":[3],"tags":[],"blocksy_meta":{"styles_descriptor":{"styles":{"desktop":"","tablet":"","mobile":""},"google_fonts":[],"version":4}},"yoast_head":"<!-- This site is optimized with the Yoast SEO plugin v21.1 - https:\/\/yoast.com\/wordpress\/plugins\/seo\/ -->\n<title>Les Chasseurs-Cueilleurs M\u00e9solithiques D&#039;Europe Ont-Ils Momifi\u00e9 Leurs Morts ? - Viaromana et arch\u00e9ologie.<\/title>\n<meta name=\"description\" content=\"Les Chasseurs-Cueilleurs M\u00e9solithiques D&#039;Europe Ont-Ils Momifi\u00e9 Leurs Morts ? article de Viaromana et arch\u00e9ologie.\" \/>\n<meta name=\"robots\" content=\"index, follow, max-snippet:-1, max-image-preview:large, max-video-preview:-1\" \/>\n<link rel=\"canonical\" href=\"https:\/\/www.viaromana.org\/blog\/did-europes-mesolithic-hunter-gatherers-mummify-their-dead\/\" \/>\n<meta property=\"og:locale\" content=\"fr_FR\" \/>\n<meta property=\"og:type\" content=\"article\" \/>\n<meta property=\"og:title\" content=\"Les Chasseurs-Cueilleurs M\u00e9solithiques D&#039;Europe Ont-Ils Momifi\u00e9 Leurs Morts ? - Viaromana et arch\u00e9ologie.\" \/>\n<meta property=\"og:description\" content=\"Les Chasseurs-Cueilleurs M\u00e9solithiques D&#039;Europe Ont-Ils Momifi\u00e9 Leurs Morts ? article de Viaromana et arch\u00e9ologie.\" \/>\n<meta property=\"og:url\" content=\"https:\/\/www.viaromana.org\/blog\/did-europes-mesolithic-hunter-gatherers-mummify-their-dead\/\" \/>\n<meta property=\"og:site_name\" content=\"Viaromana et arch\u00e9ologie.\" \/>\n<meta property=\"article:published_time\" content=\"2022-03-04T21:32:34+00:00\" \/>\n<meta property=\"og:image\" content=\"https:\/\/www.viaromana.org\/blog\/wp-content\/uploads\/2022\/03\/des-os-scaled.jpg\" \/>\n\t<meta property=\"og:image:width\" content=\"2560\" \/>\n\t<meta property=\"og:image:height\" content=\"1111\" \/>\n\t<meta property=\"og:image:type\" content=\"image\/jpeg\" \/>\n<meta name=\"author\" content=\"Albane Baron\" \/>\n<meta name=\"twitter:card\" content=\"summary_large_image\" \/>\n<meta name=\"twitter:label1\" content=\"\u00c9crit par\" \/>\n\t<meta name=\"twitter:data1\" content=\"Albane Baron\" \/>\n\t<meta name=\"twitter:label2\" content=\"Dur\u00e9e de lecture estim\u00e9e\" \/>\n\t<meta name=\"twitter:data2\" content=\"1 minute\" \/>\n<script type=\"application\/ld+json\" class=\"yoast-schema-graph\">{\"@context\":\"https:\/\/schema.org\",\"@graph\":[{\"@type\":\"Article\",\"@id\":\"https:\/\/www.viaromana.org\/blog\/did-europes-mesolithic-hunter-gatherers-mummify-their-dead\/#article\",\"isPartOf\":{\"@id\":\"https:\/\/www.viaromana.org\/blog\/did-europes-mesolithic-hunter-gatherers-mummify-their-dead\/\"},\"author\":{\"name\":\"Albane Baron\",\"@id\":\"https:\/\/www.viaromana.org\/blog\/#\/schema\/person\/d2ac3a5f1f3ed29c251972007cca0098\"},\"headline\":\"Les Chasseurs-Cueilleurs M\u00e9solithiques D&rsquo;Europe Ont-Ils Momifi\u00e9 Leurs Morts ?\",\"datePublished\":\"2022-03-04T21:32:34+00:00\",\"dateModified\":\"2022-03-04T21:32:34+00:00\",\"mainEntityOfPage\":{\"@id\":\"https:\/\/www.viaromana.org\/blog\/did-europes-mesolithic-hunter-gatherers-mummify-their-dead\/\"},\"wordCount\":310,\"publisher\":{\"@id\":\"https:\/\/www.viaromana.org\/blog\/#organization\"},\"articleSection\":[\"Le monde de l'arch\u00e9ologie\"],\"inLanguage\":\"fr-FR\"},{\"@type\":\"WebPage\",\"@id\":\"https:\/\/www.viaromana.org\/blog\/did-europes-mesolithic-hunter-gatherers-mummify-their-dead\/\",\"url\":\"https:\/\/www.viaromana.org\/blog\/did-europes-mesolithic-hunter-gatherers-mummify-their-dead\/\",\"name\":\"Les Chasseurs-Cueilleurs M\u00e9solithiques D'Europe Ont-Ils Momifi\u00e9 Leurs Morts ? - Viaromana et arch\u00e9ologie.\",\"isPartOf\":{\"@id\":\"https:\/\/www.viaromana.org\/blog\/#website\"},\"datePublished\":\"2022-03-04T21:32:34+00:00\",\"dateModified\":\"2022-03-04T21:32:34+00:00\",\"description\":\"Les Chasseurs-Cueilleurs M\u00e9solithiques D'Europe Ont-Ils Momifi\u00e9 Leurs Morts ? article de Viaromana et arch\u00e9ologie.\",\"breadcrumb\":{\"@id\":\"https:\/\/www.viaromana.org\/blog\/did-europes-mesolithic-hunter-gatherers-mummify-their-dead\/#breadcrumb\"},\"inLanguage\":\"fr-FR\",\"potentialAction\":[{\"@type\":\"ReadAction\",\"target\":[\"https:\/\/www.viaromana.org\/blog\/did-europes-mesolithic-hunter-gatherers-mummify-their-dead\/\"]}]},{\"@type\":\"BreadcrumbList\",\"@id\":\"https:\/\/www.viaromana.org\/blog\/did-europes-mesolithic-hunter-gatherers-mummify-their-dead\/#breadcrumb\",\"itemListElement\":[{\"@type\":\"ListItem\",\"position\":1,\"name\":\"Accueil\",\"item\":\"https:\/\/www.viaromana.org\/blog\/\"},{\"@type\":\"ListItem\",\"position\":2,\"name\":\"Les Chasseurs-Cueilleurs M\u00e9solithiques D&rsquo;Europe Ont-Ils Momifi\u00e9 Leurs Morts ?\"}]},{\"@type\":\"WebSite\",\"@id\":\"https:\/\/www.viaromana.org\/blog\/#website\",\"url\":\"https:\/\/www.viaromana.org\/blog\/\",\"name\":\"Viaromana et arch\u00e9ologie.\",\"description\":\"Site arch\u00e9ologique de la voie romaine (viaromana) Belgique-France-Rome\",\"publisher\":{\"@id\":\"https:\/\/www.viaromana.org\/blog\/#organization\"},\"potentialAction\":[{\"@type\":\"SearchAction\",\"target\":{\"@type\":\"EntryPoint\",\"urlTemplate\":\"https:\/\/www.viaromana.org\/blog\/?s={search_term_string}\"},\"query-input\":\"required name=search_term_string\"}],\"inLanguage\":\"fr-FR\"},{\"@type\":\"Organization\",\"@id\":\"https:\/\/www.viaromana.org\/blog\/#organization\",\"name\":\"viaromana\",\"url\":\"https:\/\/www.viaromana.org\/blog\/\",\"logo\":{\"@type\":\"ImageObject\",\"inLanguage\":\"fr-FR\",\"@id\":\"https:\/\/www.viaromana.org\/blog\/#\/schema\/logo\/image\/\",\"url\":\"https:\/\/www.viaromana.org\/blog\/wp-content\/uploads\/2021\/12\/logo-3.png\",\"contentUrl\":\"https:\/\/www.viaromana.org\/blog\/wp-content\/uploads\/2021\/12\/logo-3.png\",\"width\":300,\"height\":249,\"caption\":\"viaromana\"},\"image\":{\"@id\":\"https:\/\/www.viaromana.org\/blog\/#\/schema\/logo\/image\/\"}},{\"@type\":\"Person\",\"@id\":\"https:\/\/www.viaromana.org\/blog\/#\/schema\/person\/d2ac3a5f1f3ed29c251972007cca0098\",\"name\":\"Albane Baron\",\"image\":{\"@type\":\"ImageObject\",\"inLanguage\":\"fr-FR\",\"@id\":\"https:\/\/www.viaromana.org\/blog\/#\/schema\/person\/image\/\",\"url\":\"https:\/\/secure.gravatar.com\/avatar\/6a1d13a2718d5b6794415e4efd7d05b1?s=96&d=mm&r=g\",\"contentUrl\":\"https:\/\/secure.gravatar.com\/avatar\/6a1d13a2718d5b6794415e4efd7d05b1?s=96&d=mm&r=g\",\"caption\":\"Albane Baron\"},\"url\":\"https:\/\/www.viaromana.org\/blog\/author\/anaalbane\/\"}]}<\/script>\n<!-- \/ Yoast SEO plugin. -->","yoast_head_json":{"title":"Les Chasseurs-Cueilleurs M\u00e9solithiques D'Europe Ont-Ils Momifi\u00e9 Leurs Morts ? - Viaromana et arch\u00e9ologie.","description":"Les Chasseurs-Cueilleurs M\u00e9solithiques D'Europe Ont-Ils Momifi\u00e9 Leurs Morts ? article de Viaromana et arch\u00e9ologie.","robots":{"index":"index","follow":"follow","max-snippet":"max-snippet:-1","max-image-preview":"max-image-preview:large","max-video-preview":"max-video-preview:-1"},"canonical":"https:\/\/www.viaromana.org\/blog\/did-europes-mesolithic-hunter-gatherers-mummify-their-dead\/","og_locale":"fr_FR","og_type":"article","og_title":"Les Chasseurs-Cueilleurs M\u00e9solithiques D'Europe Ont-Ils Momifi\u00e9 Leurs Morts ? - Viaromana et arch\u00e9ologie.","og_description":"Les Chasseurs-Cueilleurs M\u00e9solithiques D'Europe Ont-Ils Momifi\u00e9 Leurs Morts ? article de Viaromana et arch\u00e9ologie.","og_url":"https:\/\/www.viaromana.org\/blog\/did-europes-mesolithic-hunter-gatherers-mummify-their-dead\/","og_site_name":"Viaromana et arch\u00e9ologie.","article_published_time":"2022-03-04T21:32:34+00:00","og_image":[{"width":2560,"height":1111,"url":"https:\/\/www.viaromana.org\/blog\/wp-content\/uploads\/2022\/03\/des-os-scaled.jpg","type":"image\/jpeg"}],"author":"Albane Baron","twitter_card":"summary_large_image","twitter_misc":{"\u00c9crit par":"Albane Baron","Dur\u00e9e de lecture estim\u00e9e":"1 minute"},"schema":{"@context":"https:\/\/schema.org","@graph":[{"@type":"Article","@id":"https:\/\/www.viaromana.org\/blog\/did-europes-mesolithic-hunter-gatherers-mummify-their-dead\/#article","isPartOf":{"@id":"https:\/\/www.viaromana.org\/blog\/did-europes-mesolithic-hunter-gatherers-mummify-their-dead\/"},"author":{"name":"Albane Baron","@id":"https:\/\/www.viaromana.org\/blog\/#\/schema\/person\/d2ac3a5f1f3ed29c251972007cca0098"},"headline":"Les Chasseurs-Cueilleurs M\u00e9solithiques D&rsquo;Europe Ont-Ils Momifi\u00e9 Leurs Morts ?","datePublished":"2022-03-04T21:32:34+00:00","dateModified":"2022-03-04T21:32:34+00:00","mainEntityOfPage":{"@id":"https:\/\/www.viaromana.org\/blog\/did-europes-mesolithic-hunter-gatherers-mummify-their-dead\/"},"wordCount":310,"publisher":{"@id":"https:\/\/www.viaromana.org\/blog\/#organization"},"articleSection":["Le monde de l'arch\u00e9ologie"],"inLanguage":"fr-FR"},{"@type":"WebPage","@id":"https:\/\/www.viaromana.org\/blog\/did-europes-mesolithic-hunter-gatherers-mummify-their-dead\/","url":"https:\/\/www.viaromana.org\/blog\/did-europes-mesolithic-hunter-gatherers-mummify-their-dead\/","name":"Les Chasseurs-Cueilleurs M\u00e9solithiques D'Europe Ont-Ils Momifi\u00e9 Leurs Morts ? - Viaromana et arch\u00e9ologie.","isPartOf":{"@id":"https:\/\/www.viaromana.org\/blog\/#website"},"datePublished":"2022-03-04T21:32:34+00:00","dateModified":"2022-03-04T21:32:34+00:00","description":"Les Chasseurs-Cueilleurs M\u00e9solithiques D'Europe Ont-Ils Momifi\u00e9 Leurs Morts ? article de Viaromana et arch\u00e9ologie.","breadcrumb":{"@id":"https:\/\/www.viaromana.org\/blog\/did-europes-mesolithic-hunter-gatherers-mummify-their-dead\/#breadcrumb"},"inLanguage":"fr-FR","potentialAction":[{"@type":"ReadAction","target":["https:\/\/www.viaromana.org\/blog\/did-europes-mesolithic-hunter-gatherers-mummify-their-dead\/"]}]},{"@type":"BreadcrumbList","@id":"https:\/\/www.viaromana.org\/blog\/did-europes-mesolithic-hunter-gatherers-mummify-their-dead\/#breadcrumb","itemListElement":[{"@type":"ListItem","position":1,"name":"Accueil","item":"https:\/\/www.viaromana.org\/blog\/"},{"@type":"ListItem","position":2,"name":"Les Chasseurs-Cueilleurs M\u00e9solithiques D&rsquo;Europe Ont-Ils Momifi\u00e9 Leurs Morts ?"}]},{"@type":"WebSite","@id":"https:\/\/www.viaromana.org\/blog\/#website","url":"https:\/\/www.viaromana.org\/blog\/","name":"Viaromana et arch\u00e9ologie.","description":"Site arch\u00e9ologique de la voie romaine (viaromana) Belgique-France-Rome","publisher":{"@id":"https:\/\/www.viaromana.org\/blog\/#organization"},"potentialAction":[{"@type":"SearchAction","target":{"@type":"EntryPoint","urlTemplate":"https:\/\/www.viaromana.org\/blog\/?s={search_term_string}"},"query-input":"required name=search_term_string"}],"inLanguage":"fr-FR"},{"@type":"Organization","@id":"https:\/\/www.viaromana.org\/blog\/#organization","name":"viaromana","url":"https:\/\/www.viaromana.org\/blog\/","logo":{"@type":"ImageObject","inLanguage":"fr-FR","@id":"https:\/\/www.viaromana.org\/blog\/#\/schema\/logo\/image\/","url":"https:\/\/www.viaromana.org\/blog\/wp-content\/uploads\/2021\/12\/logo-3.png","contentUrl":"https:\/\/www.viaromana.org\/blog\/wp-content\/uploads\/2021\/12\/logo-3.png","width":300,"height":249,"caption":"viaromana"},"image":{"@id":"https:\/\/www.viaromana.org\/blog\/#\/schema\/logo\/image\/"}},{"@type":"Person","@id":"https:\/\/www.viaromana.org\/blog\/#\/schema\/person\/d2ac3a5f1f3ed29c251972007cca0098","name":"Albane Baron","image":{"@type":"ImageObject","inLanguage":"fr-FR","@id":"https:\/\/www.viaromana.org\/blog\/#\/schema\/person\/image\/","url":"https:\/\/secure.gravatar.com\/avatar\/6a1d13a2718d5b6794415e4efd7d05b1?s=96&d=mm&r=g","contentUrl":"https:\/\/secure.gravatar.com\/avatar\/6a1d13a2718d5b6794415e4efd7d05b1?s=96&d=mm&r=g","caption":"Albane Baron"},"url":"https:\/\/www.viaromana.org\/blog\/author\/anaalbane\/"}]}},"_links":{"self":[{"href":"https:\/\/www.viaromana.org\/blog\/wp-json\/wp\/v2\/posts\/476"}],"collection":[{"href":"https:\/\/www.viaromana.org\/blog\/wp-json\/wp\/v2\/posts"}],"about":[{"href":"https:\/\/www.viaromana.org\/blog\/wp-json\/wp\/v2\/types\/post"}],"author":[{"embeddable":true,"href":"https:\/\/www.viaromana.org\/blog\/wp-json\/wp\/v2\/users\/3"}],"replies":[{"embeddable":true,"href":"https:\/\/www.viaromana.org\/blog\/wp-json\/wp\/v2\/comments?post=476"}],"version-history":[{"count":0,"href":"https:\/\/www.viaromana.org\/blog\/wp-json\/wp\/v2\/posts\/476\/revisions"}],"wp:featuredmedia":[{"embeddable":true,"href":"https:\/\/www.viaromana.org\/blog\/wp-json\/wp\/v2\/media\/478"}],"wp:attachment":[{"href":"https:\/\/www.viaromana.org\/blog\/wp-json\/wp\/v2\/media?parent=476"}],"wp:term":[{"taxonomy":"category","embeddable":true,"href":"https:\/\/www.viaromana.org\/blog\/wp-json\/wp\/v2\/categories?post=476"},{"taxonomy":"post_tag","embeddable":true,"href":"https:\/\/www.viaromana.org\/blog\/wp-json\/wp\/v2\/tags?post=476"}],"curies":[{"name":"wp","href":"https:\/\/api.w.org\/{rel}","templated":true}]}}