{"id":392,"date":"2022-02-15T23:43:57","date_gmt":"2022-02-15T22:43:57","guid":{"rendered":"http:\/\/www.archaeology.org\/news\/10366-220215-peru-mummified-remains"},"modified":"2022-02-15T23:43:57","modified_gmt":"2022-02-15T22:43:57","slug":"update-on-mummified-human-remains-uncovered-in-peru","status":"publish","type":"post","link":"https:\/\/www.viaromana.org\/blog\/update-on-mummified-human-remains-uncovered-in-peru\/","title":{"rendered":"Mise \u00e0 jour sur les Restes Humains Momifi\u00e9s D\u00e9couverts au P\u00e9rou"},"content":{"rendered":"\n<p>LIMA, P\u00c9ROU &#8211; Le\u00a0<em><a target=\"_blank\" rel=\"nofollow\" href=\"https:\/\/www.viaromana.org\/blog\/goto\/https:\/\/www.france24.com\/en\/live-news\/20220214-ancient-mummies-of-children-likely-sacrificed-unearthed-in-peru\"  target=\"_blank\" rel=\"noopener\">AFP<\/a><\/em> on rapporte que les restes de six enfants ont \u00e9t\u00e9 trouv\u00e9s envelopp\u00e9s dans un tissu dans une structure souterraine sur le site de Cajamarquilla, une ville construite dans le centre du P\u00e9rou c\u00f4tier vers 200 av.J.-C. et occup\u00e9e jusqu&rsquo;\u00e0 environ 1500 apr\u00e8s J.-C. L&rsquo;arch\u00e9ologue Pieter Van Dalen Luna de l&rsquo;Universit\u00e9 d&rsquo;\u00c9tat de San Marcos pense que les enfants ont peut-\u00eatre \u00e9t\u00e9 sacrifi\u00e9s il y a entre 1 000 et 1 200 ans afin d&rsquo;accompagner le propri\u00e9taire de la tombe aux enfers. On pense que cet homme avait environ 20 ans lorsqu&rsquo;il est mort. Ses restes \u00e9taient attach\u00e9s avec une corde, les mains couvrant son visage, selon la coutume fun\u00e9raire locale. La tombe contenait \u00e9galement les ossements de sept adultes dont les corps n&rsquo;avaient pas \u00e9t\u00e9 momifi\u00e9s, les restes d&rsquo;animaux ressemblant \u00e0 des lamas, des c\u00e9ramiques, des outils en pierre et des traces de l\u00e9gumes. Pour en savoir plus sur une momie mise au jour sur le site de Pachacamac sur la c\u00f4te p\u00e9ruvienne, rendez-vous sur \u00ab\u00a0<a target=\"_blank\" rel=\"nofollow\" href=\"https:\/\/www.viaromana.org\/blog\/goto\/https:\/\/www.archaeology.org\/issues\/310-1809\/trenches\/6879-trenches-peru-pachacamac-mummy\" >Tous Empaquet\u00e9s<\/a>.\u00a0\u00bb<\/p>\n","protected":false},"excerpt":{"rendered":"<p>LIMA, P\u00c9ROU &#8211; Le\u00a0AFP on rapporte que les restes de six enfants ont \u00e9t\u00e9 trouv\u00e9s envelopp\u00e9s dans un tissu dans une structure souterraine sur le site de Cajamarquilla, une ville construite dans le centre du P\u00e9rou c\u00f4tier vers 200 av.J.-C. et occup\u00e9e jusqu&rsquo;\u00e0 environ 1500 apr\u00e8s J.-C. L&rsquo;arch\u00e9ologue Pieter Van Dalen Luna de l&rsquo;Universit\u00e9 d&rsquo;\u00c9tat de San Marcos pense que les enfants ont peut-\u00eatre \u00e9t\u00e9 sacrifi\u00e9s il y a entre 1 000 et 1 200 ans afin d&rsquo;accompagner le propri\u00e9taire de la tombe aux enfers. On pense que cet homme avait environ 20 ans lorsqu&rsquo;il est mort. Ses restes \u00e9taient\u2026<\/p>\n","protected":false},"author":3,"featured_media":393,"comment_status":"closed","ping_status":"closed","sticky":false,"template":"","format":"standard","meta":{"footnotes":""},"categories":[3],"tags":[],"blocksy_meta":{"styles_descriptor":{"styles":{"desktop":"","tablet":"","mobile":""},"google_fonts":[],"version":4}},"yoast_head":"<!-- This site is optimized with the Yoast SEO plugin v21.1 - https:\/\/yoast.com\/wordpress\/plugins\/seo\/ -->\n<title>Mise \u00e0 jour sur les Restes Humains Momifi\u00e9s D\u00e9couverts au P\u00e9rou - Viaromana et arch\u00e9ologie.<\/title>\n<meta name=\"description\" content=\"Mise \u00e0 jour sur les Restes Humains Momifi\u00e9s D\u00e9couverts au P\u00e9rou article de Viaromana et arch\u00e9ologie.\" \/>\n<meta name=\"robots\" content=\"index, follow, max-snippet:-1, max-image-preview:large, max-video-preview:-1\" \/>\n<link rel=\"canonical\" href=\"https:\/\/www.viaromana.org\/blog\/update-on-mummified-human-remains-uncovered-in-peru\/\" \/>\n<meta property=\"og:locale\" content=\"fr_FR\" \/>\n<meta property=\"og:type\" content=\"article\" \/>\n<meta property=\"og:title\" content=\"Mise \u00e0 jour sur les Restes Humains Momifi\u00e9s D\u00e9couverts au P\u00e9rou - Viaromana et arch\u00e9ologie.\" \/>\n<meta property=\"og:description\" content=\"Mise \u00e0 jour sur les Restes Humains Momifi\u00e9s D\u00e9couverts au P\u00e9rou article de Viaromana et arch\u00e9ologie.\" \/>\n<meta property=\"og:url\" content=\"https:\/\/www.viaromana.org\/blog\/update-on-mummified-human-remains-uncovered-in-peru\/\" \/>\n<meta property=\"og:site_name\" content=\"Viaromana et arch\u00e9ologie.\" \/>\n<meta property=\"article:published_time\" content=\"2022-02-15T22:43:57+00:00\" \/>\n<meta property=\"og:image\" content=\"https:\/\/www.viaromana.org\/blog\/wp-content\/uploads\/2022\/02\/sur-le-scaled.jpg\" \/>\n\t<meta property=\"og:image:width\" content=\"2560\" \/>\n\t<meta property=\"og:image:height\" content=\"1559\" \/>\n\t<meta property=\"og:image:type\" content=\"image\/jpeg\" \/>\n<meta name=\"author\" content=\"Albane Baron\" \/>\n<meta name=\"twitter:card\" content=\"summary_large_image\" \/>\n<meta name=\"twitter:label1\" content=\"\u00c9crit par\" \/>\n\t<meta name=\"twitter:data1\" content=\"Albane Baron\" \/>\n\t<meta name=\"twitter:label2\" content=\"Dur\u00e9e de lecture estim\u00e9e\" \/>\n\t<meta name=\"twitter:data2\" content=\"1 minute\" \/>\n<script type=\"application\/ld+json\" class=\"yoast-schema-graph\">{\"@context\":\"https:\/\/schema.org\",\"@graph\":[{\"@type\":\"Article\",\"@id\":\"https:\/\/www.viaromana.org\/blog\/update-on-mummified-human-remains-uncovered-in-peru\/#article\",\"isPartOf\":{\"@id\":\"https:\/\/www.viaromana.org\/blog\/update-on-mummified-human-remains-uncovered-in-peru\/\"},\"author\":{\"name\":\"Albane Baron\",\"@id\":\"https:\/\/www.viaromana.org\/blog\/#\/schema\/person\/d2ac3a5f1f3ed29c251972007cca0098\"},\"headline\":\"Mise \u00e0 jour sur les Restes Humains Momifi\u00e9s D\u00e9couverts au P\u00e9rou\",\"datePublished\":\"2022-02-15T22:43:57+00:00\",\"dateModified\":\"2022-02-15T22:43:57+00:00\",\"mainEntityOfPage\":{\"@id\":\"https:\/\/www.viaromana.org\/blog\/update-on-mummified-human-remains-uncovered-in-peru\/\"},\"wordCount\":206,\"publisher\":{\"@id\":\"https:\/\/www.viaromana.org\/blog\/#organization\"},\"articleSection\":[\"Le monde de l'arch\u00e9ologie\"],\"inLanguage\":\"fr-FR\"},{\"@type\":\"WebPage\",\"@id\":\"https:\/\/www.viaromana.org\/blog\/update-on-mummified-human-remains-uncovered-in-peru\/\",\"url\":\"https:\/\/www.viaromana.org\/blog\/update-on-mummified-human-remains-uncovered-in-peru\/\",\"name\":\"Mise \u00e0 jour sur les Restes Humains Momifi\u00e9s D\u00e9couverts au P\u00e9rou - Viaromana et arch\u00e9ologie.\",\"isPartOf\":{\"@id\":\"https:\/\/www.viaromana.org\/blog\/#website\"},\"datePublished\":\"2022-02-15T22:43:57+00:00\",\"dateModified\":\"2022-02-15T22:43:57+00:00\",\"description\":\"Mise \u00e0 jour sur les Restes Humains Momifi\u00e9s D\u00e9couverts au P\u00e9rou article de Viaromana et arch\u00e9ologie.\",\"breadcrumb\":{\"@id\":\"https:\/\/www.viaromana.org\/blog\/update-on-mummified-human-remains-uncovered-in-peru\/#breadcrumb\"},\"inLanguage\":\"fr-FR\",\"potentialAction\":[{\"@type\":\"ReadAction\",\"target\":[\"https:\/\/www.viaromana.org\/blog\/update-on-mummified-human-remains-uncovered-in-peru\/\"]}]},{\"@type\":\"BreadcrumbList\",\"@id\":\"https:\/\/www.viaromana.org\/blog\/update-on-mummified-human-remains-uncovered-in-peru\/#breadcrumb\",\"itemListElement\":[{\"@type\":\"ListItem\",\"position\":1,\"name\":\"Accueil\",\"item\":\"https:\/\/www.viaromana.org\/blog\/\"},{\"@type\":\"ListItem\",\"position\":2,\"name\":\"Mise \u00e0 jour sur les Restes Humains Momifi\u00e9s D\u00e9couverts au P\u00e9rou\"}]},{\"@type\":\"WebSite\",\"@id\":\"https:\/\/www.viaromana.org\/blog\/#website\",\"url\":\"https:\/\/www.viaromana.org\/blog\/\",\"name\":\"Viaromana et arch\u00e9ologie.\",\"description\":\"Site arch\u00e9ologique de la voie romaine (viaromana) Belgique-France-Rome\",\"publisher\":{\"@id\":\"https:\/\/www.viaromana.org\/blog\/#organization\"},\"potentialAction\":[{\"@type\":\"SearchAction\",\"target\":{\"@type\":\"EntryPoint\",\"urlTemplate\":\"https:\/\/www.viaromana.org\/blog\/?s={search_term_string}\"},\"query-input\":\"required name=search_term_string\"}],\"inLanguage\":\"fr-FR\"},{\"@type\":\"Organization\",\"@id\":\"https:\/\/www.viaromana.org\/blog\/#organization\",\"name\":\"viaromana\",\"url\":\"https:\/\/www.viaromana.org\/blog\/\",\"logo\":{\"@type\":\"ImageObject\",\"inLanguage\":\"fr-FR\",\"@id\":\"https:\/\/www.viaromana.org\/blog\/#\/schema\/logo\/image\/\",\"url\":\"https:\/\/www.viaromana.org\/blog\/wp-content\/uploads\/2021\/12\/logo-3.png\",\"contentUrl\":\"https:\/\/www.viaromana.org\/blog\/wp-content\/uploads\/2021\/12\/logo-3.png\",\"width\":300,\"height\":249,\"caption\":\"viaromana\"},\"image\":{\"@id\":\"https:\/\/www.viaromana.org\/blog\/#\/schema\/logo\/image\/\"}},{\"@type\":\"Person\",\"@id\":\"https:\/\/www.viaromana.org\/blog\/#\/schema\/person\/d2ac3a5f1f3ed29c251972007cca0098\",\"name\":\"Albane Baron\",\"image\":{\"@type\":\"ImageObject\",\"inLanguage\":\"fr-FR\",\"@id\":\"https:\/\/www.viaromana.org\/blog\/#\/schema\/person\/image\/\",\"url\":\"https:\/\/secure.gravatar.com\/avatar\/6a1d13a2718d5b6794415e4efd7d05b1?s=96&d=mm&r=g\",\"contentUrl\":\"https:\/\/secure.gravatar.com\/avatar\/6a1d13a2718d5b6794415e4efd7d05b1?s=96&d=mm&r=g\",\"caption\":\"Albane Baron\"},\"url\":\"https:\/\/www.viaromana.org\/blog\/author\/anaalbane\/\"}]}<\/script>\n<!-- \/ Yoast SEO plugin. -->","yoast_head_json":{"title":"Mise \u00e0 jour sur les Restes Humains Momifi\u00e9s D\u00e9couverts au P\u00e9rou - Viaromana et arch\u00e9ologie.","description":"Mise \u00e0 jour sur les Restes Humains Momifi\u00e9s D\u00e9couverts au P\u00e9rou article de Viaromana et arch\u00e9ologie.","robots":{"index":"index","follow":"follow","max-snippet":"max-snippet:-1","max-image-preview":"max-image-preview:large","max-video-preview":"max-video-preview:-1"},"canonical":"https:\/\/www.viaromana.org\/blog\/update-on-mummified-human-remains-uncovered-in-peru\/","og_locale":"fr_FR","og_type":"article","og_title":"Mise \u00e0 jour sur les Restes Humains Momifi\u00e9s D\u00e9couverts au P\u00e9rou - Viaromana et arch\u00e9ologie.","og_description":"Mise \u00e0 jour sur les Restes Humains Momifi\u00e9s D\u00e9couverts au P\u00e9rou article de Viaromana et arch\u00e9ologie.","og_url":"https:\/\/www.viaromana.org\/blog\/update-on-mummified-human-remains-uncovered-in-peru\/","og_site_name":"Viaromana et arch\u00e9ologie.","article_published_time":"2022-02-15T22:43:57+00:00","og_image":[{"width":2560,"height":1559,"url":"https:\/\/www.viaromana.org\/blog\/wp-content\/uploads\/2022\/02\/sur-le-scaled.jpg","type":"image\/jpeg"}],"author":"Albane Baron","twitter_card":"summary_large_image","twitter_misc":{"\u00c9crit par":"Albane Baron","Dur\u00e9e de lecture estim\u00e9e":"1 minute"},"schema":{"@context":"https:\/\/schema.org","@graph":[{"@type":"Article","@id":"https:\/\/www.viaromana.org\/blog\/update-on-mummified-human-remains-uncovered-in-peru\/#article","isPartOf":{"@id":"https:\/\/www.viaromana.org\/blog\/update-on-mummified-human-remains-uncovered-in-peru\/"},"author":{"name":"Albane Baron","@id":"https:\/\/www.viaromana.org\/blog\/#\/schema\/person\/d2ac3a5f1f3ed29c251972007cca0098"},"headline":"Mise \u00e0 jour sur les Restes Humains Momifi\u00e9s D\u00e9couverts au P\u00e9rou","datePublished":"2022-02-15T22:43:57+00:00","dateModified":"2022-02-15T22:43:57+00:00","mainEntityOfPage":{"@id":"https:\/\/www.viaromana.org\/blog\/update-on-mummified-human-remains-uncovered-in-peru\/"},"wordCount":206,"publisher":{"@id":"https:\/\/www.viaromana.org\/blog\/#organization"},"articleSection":["Le monde de l'arch\u00e9ologie"],"inLanguage":"fr-FR"},{"@type":"WebPage","@id":"https:\/\/www.viaromana.org\/blog\/update-on-mummified-human-remains-uncovered-in-peru\/","url":"https:\/\/www.viaromana.org\/blog\/update-on-mummified-human-remains-uncovered-in-peru\/","name":"Mise \u00e0 jour sur les Restes Humains Momifi\u00e9s D\u00e9couverts au P\u00e9rou - Viaromana et arch\u00e9ologie.","isPartOf":{"@id":"https:\/\/www.viaromana.org\/blog\/#website"},"datePublished":"2022-02-15T22:43:57+00:00","dateModified":"2022-02-15T22:43:57+00:00","description":"Mise \u00e0 jour sur les Restes Humains Momifi\u00e9s D\u00e9couverts au P\u00e9rou article de Viaromana et arch\u00e9ologie.","breadcrumb":{"@id":"https:\/\/www.viaromana.org\/blog\/update-on-mummified-human-remains-uncovered-in-peru\/#breadcrumb"},"inLanguage":"fr-FR","potentialAction":[{"@type":"ReadAction","target":["https:\/\/www.viaromana.org\/blog\/update-on-mummified-human-remains-uncovered-in-peru\/"]}]},{"@type":"BreadcrumbList","@id":"https:\/\/www.viaromana.org\/blog\/update-on-mummified-human-remains-uncovered-in-peru\/#breadcrumb","itemListElement":[{"@type":"ListItem","position":1,"name":"Accueil","item":"https:\/\/www.viaromana.org\/blog\/"},{"@type":"ListItem","position":2,"name":"Mise \u00e0 jour sur les Restes Humains Momifi\u00e9s D\u00e9couverts au P\u00e9rou"}]},{"@type":"WebSite","@id":"https:\/\/www.viaromana.org\/blog\/#website","url":"https:\/\/www.viaromana.org\/blog\/","name":"Viaromana et arch\u00e9ologie.","description":"Site arch\u00e9ologique de la voie romaine (viaromana) Belgique-France-Rome","publisher":{"@id":"https:\/\/www.viaromana.org\/blog\/#organization"},"potentialAction":[{"@type":"SearchAction","target":{"@type":"EntryPoint","urlTemplate":"https:\/\/www.viaromana.org\/blog\/?s={search_term_string}"},"query-input":"required name=search_term_string"}],"inLanguage":"fr-FR"},{"@type":"Organization","@id":"https:\/\/www.viaromana.org\/blog\/#organization","name":"viaromana","url":"https:\/\/www.viaromana.org\/blog\/","logo":{"@type":"ImageObject","inLanguage":"fr-FR","@id":"https:\/\/www.viaromana.org\/blog\/#\/schema\/logo\/image\/","url":"https:\/\/www.viaromana.org\/blog\/wp-content\/uploads\/2021\/12\/logo-3.png","contentUrl":"https:\/\/www.viaromana.org\/blog\/wp-content\/uploads\/2021\/12\/logo-3.png","width":300,"height":249,"caption":"viaromana"},"image":{"@id":"https:\/\/www.viaromana.org\/blog\/#\/schema\/logo\/image\/"}},{"@type":"Person","@id":"https:\/\/www.viaromana.org\/blog\/#\/schema\/person\/d2ac3a5f1f3ed29c251972007cca0098","name":"Albane Baron","image":{"@type":"ImageObject","inLanguage":"fr-FR","@id":"https:\/\/www.viaromana.org\/blog\/#\/schema\/person\/image\/","url":"https:\/\/secure.gravatar.com\/avatar\/6a1d13a2718d5b6794415e4efd7d05b1?s=96&d=mm&r=g","contentUrl":"https:\/\/secure.gravatar.com\/avatar\/6a1d13a2718d5b6794415e4efd7d05b1?s=96&d=mm&r=g","caption":"Albane Baron"},"url":"https:\/\/www.viaromana.org\/blog\/author\/anaalbane\/"}]}},"_links":{"self":[{"href":"https:\/\/www.viaromana.org\/blog\/wp-json\/wp\/v2\/posts\/392"}],"collection":[{"href":"https:\/\/www.viaromana.org\/blog\/wp-json\/wp\/v2\/posts"}],"about":[{"href":"https:\/\/www.viaromana.org\/blog\/wp-json\/wp\/v2\/types\/post"}],"author":[{"embeddable":true,"href":"https:\/\/www.viaromana.org\/blog\/wp-json\/wp\/v2\/users\/3"}],"replies":[{"embeddable":true,"href":"https:\/\/www.viaromana.org\/blog\/wp-json\/wp\/v2\/comments?post=392"}],"version-history":[{"count":0,"href":"https:\/\/www.viaromana.org\/blog\/wp-json\/wp\/v2\/posts\/392\/revisions"}],"wp:featuredmedia":[{"embeddable":true,"href":"https:\/\/www.viaromana.org\/blog\/wp-json\/wp\/v2\/media\/393"}],"wp:attachment":[{"href":"https:\/\/www.viaromana.org\/blog\/wp-json\/wp\/v2\/media?parent=392"}],"wp:term":[{"taxonomy":"category","embeddable":true,"href":"https:\/\/www.viaromana.org\/blog\/wp-json\/wp\/v2\/categories?post=392"},{"taxonomy":"post_tag","embeddable":true,"href":"https:\/\/www.viaromana.org\/blog\/wp-json\/wp\/v2\/tags?post=392"}],"curies":[{"name":"wp","href":"https:\/\/api.w.org\/{rel}","templated":true}]}}