{"id":372,"date":"2022-02-07T23:06:10","date_gmt":"2022-02-07T22:06:10","guid":{"rendered":"http:\/\/www.archaeology.org\/news\/10324-220207-turkey-byzantine-swords"},"modified":"2022-02-07T23:06:10","modified_gmt":"2022-02-07T22:06:10","slug":"byzantine-swords-studied-in-turkey","status":"publish","type":"post","link":"https:\/\/www.viaromana.org\/blog\/byzantine-swords-studied-in-turkey\/","title":{"rendered":"\u00c9p\u00e9es byzantines \u00c9tudi\u00e9es en Turquie"},"content":{"rendered":"\n<p>ESKI\u015eEHIR, TURQUIE\u2014<em><a target=\"_blank\" rel=\"nofollow\" href=\"https:\/\/www.viaromana.org\/blog\/goto\/https:\/\/www.livescience.com\/rare-byzantine-swords-discovered\"  target=\"_blank\" rel=\"noopener\">Sciences en Direct<\/a><\/em> rapporte que le chercheur ind\u00e9pendant Errikos Maniotis et Zeliha Demirel-G\u00f6kalp de l&rsquo;Universit\u00e9 d&rsquo;Anadolu ont \u00e9tudi\u00e9 deux \u00e9p\u00e9es de fer mises au jour \u00e0 Amorium, un bastion militaire situ\u00e9 entre la capitale byzantine de Constantinople et les villes de Nic\u00e9e et Ancyre. L&rsquo;une des \u00e9p\u00e9es, mise au jour en 1993 dans les ruines d&rsquo;une \u00e9glise, y a peut-\u00eatre \u00e9t\u00e9 plac\u00e9e en offrande. Maniotis a expliqu\u00e9 que les armes plac\u00e9es dans les \u00e9glises \u00e9taient g\u00e9n\u00e9ralement associ\u00e9es aux restes de saints guerriers. Cette \u00e9p\u00e9e avait une garde transversale, un morceau de m\u00e9tal perpendiculaire \u00e0 la lame. L&rsquo;autre arme, une lame \u00e0 double tranchant d&rsquo;au moins 24 pouces de long avec une poign\u00e9e de cinq pouces et demi, a \u00e9t\u00e9 d\u00e9couverte \u00e0 proximit\u00e9 dans la basse ville en 2001. Les deux \u00e9p\u00e9es ont \u00e9t\u00e9 dat\u00e9es des xe ou XIe si\u00e8cles, et ont un pommeau en forme d&rsquo;anneau. Les \u00e9p\u00e9es \u00e0 pommeaux annel\u00e9s remontent \u00e0 la dynastie chinoise des Han (206 av.J.\u2013C. &#8211; 220 AP.J.-C.) et ont \u00e9t\u00e9 trouv\u00e9es en Asie centrale, mais on pense qu&rsquo;elles \u00e9taient rares dans l&rsquo;Empire byzantin, ont expliqu\u00e9 les chercheurs. Et une \u00e9p\u00e9e \u00e0 pommeaux en anneau avec une garde crois\u00e9e est consid\u00e9r\u00e9e comme unique, ce qui incite Maniotis et Demirel-G\u00f6kalp \u00e0 appeler ces armes \u201c\u00e9p\u00e9es \u00e0 pommeaux en anneau byzantines hybrides.\u00a0\u00bbCes armes inhabituelles peuvent avoir \u00e9t\u00e9 fabriqu\u00e9es \u00e0 Amorium, ou leur pr\u00e9sence sur le site peut n&rsquo;\u00eatre qu&rsquo;une co\u00efncidence, ont conclu les chercheurs. Pour en savoir plus sur une basilique byzantine engloutie d\u00e9couverte pr\u00e8s de l&rsquo;ancienne ville de Nic\u00e9e, rendez-vous sur \u00ab\u00a0<a target=\"_blank\" rel=\"nofollow\" href=\"https:\/\/www.viaromana.org\/blog\/goto\/https:\/\/www.archaeology.org\/issues\/132-1405\/trenches\/1970-turkey-lake-iznick-byzantine-cathedral\" >Notre-Dame du Lac<\/a>.\u00a0\u00bb<\/p>\n","protected":false},"excerpt":{"rendered":"<p>ESKI\u015eEHIR, TURQUIE\u2014Sciences en Direct rapporte que le chercheur ind\u00e9pendant Errikos Maniotis et Zeliha Demirel-G\u00f6kalp de l&rsquo;Universit\u00e9 d&rsquo;Anadolu ont \u00e9tudi\u00e9 deux \u00e9p\u00e9es de fer mises au jour \u00e0 Amorium, un bastion militaire situ\u00e9 entre la capitale byzantine de Constantinople et les villes de Nic\u00e9e et Ancyre. L&rsquo;une des \u00e9p\u00e9es, mise au jour en 1993 dans les ruines d&rsquo;une \u00e9glise, y a peut-\u00eatre \u00e9t\u00e9 plac\u00e9e en offrande. Maniotis a expliqu\u00e9 que les armes plac\u00e9es dans les \u00e9glises \u00e9taient g\u00e9n\u00e9ralement associ\u00e9es aux restes de saints guerriers. Cette \u00e9p\u00e9e avait une garde transversale, un morceau de m\u00e9tal perpendiculaire \u00e0 la lame. L&rsquo;autre arme, une\u2026<\/p>\n","protected":false},"author":3,"featured_media":373,"comment_status":"closed","ping_status":"closed","sticky":false,"template":"","format":"standard","meta":{"footnotes":""},"categories":[3],"tags":[],"blocksy_meta":{"styles_descriptor":{"styles":{"desktop":"","tablet":"","mobile":""},"google_fonts":[],"version":4}},"yoast_head":"<!-- This site is optimized with the Yoast SEO plugin v21.1 - https:\/\/yoast.com\/wordpress\/plugins\/seo\/ -->\n<title>\u00c9p\u00e9es byzantines \u00c9tudi\u00e9es en Turquie - Viaromana et arch\u00e9ologie.<\/title>\n<meta name=\"description\" content=\"\u00c9p\u00e9es byzantines \u00c9tudi\u00e9es en Turquie article de Viaromana et arch\u00e9ologie.\" \/>\n<meta name=\"robots\" content=\"index, follow, max-snippet:-1, max-image-preview:large, max-video-preview:-1\" \/>\n<link rel=\"canonical\" href=\"https:\/\/www.viaromana.org\/blog\/byzantine-swords-studied-in-turkey\/\" \/>\n<meta property=\"og:locale\" content=\"fr_FR\" \/>\n<meta property=\"og:type\" content=\"article\" \/>\n<meta property=\"og:title\" content=\"\u00c9p\u00e9es byzantines \u00c9tudi\u00e9es en Turquie - Viaromana et arch\u00e9ologie.\" \/>\n<meta property=\"og:description\" content=\"\u00c9p\u00e9es byzantines \u00c9tudi\u00e9es en Turquie article de Viaromana et arch\u00e9ologie.\" \/>\n<meta property=\"og:url\" content=\"https:\/\/www.viaromana.org\/blog\/byzantine-swords-studied-in-turkey\/\" \/>\n<meta property=\"og:site_name\" content=\"Viaromana et arch\u00e9ologie.\" \/>\n<meta property=\"article:published_time\" content=\"2022-02-07T22:06:10+00:00\" \/>\n<meta property=\"og:image\" content=\"https:\/\/www.viaromana.org\/blog\/wp-content\/uploads\/2022\/02\/p-es.jpg\" \/>\n\t<meta property=\"og:image:width\" content=\"2047\" \/>\n\t<meta property=\"og:image:height\" content=\"1363\" \/>\n\t<meta property=\"og:image:type\" content=\"image\/jpeg\" \/>\n<meta name=\"author\" content=\"Albane Baron\" \/>\n<meta name=\"twitter:card\" content=\"summary_large_image\" \/>\n<meta name=\"twitter:label1\" content=\"\u00c9crit par\" \/>\n\t<meta name=\"twitter:data1\" content=\"Albane Baron\" \/>\n\t<meta name=\"twitter:label2\" content=\"Dur\u00e9e de lecture estim\u00e9e\" \/>\n\t<meta name=\"twitter:data2\" content=\"1 minute\" \/>\n<script type=\"application\/ld+json\" class=\"yoast-schema-graph\">{\"@context\":\"https:\/\/schema.org\",\"@graph\":[{\"@type\":\"Article\",\"@id\":\"https:\/\/www.viaromana.org\/blog\/byzantine-swords-studied-in-turkey\/#article\",\"isPartOf\":{\"@id\":\"https:\/\/www.viaromana.org\/blog\/byzantine-swords-studied-in-turkey\/\"},\"author\":{\"name\":\"Albane Baron\",\"@id\":\"https:\/\/www.viaromana.org\/blog\/#\/schema\/person\/d2ac3a5f1f3ed29c251972007cca0098\"},\"headline\":\"\u00c9p\u00e9es byzantines \u00c9tudi\u00e9es en Turquie\",\"datePublished\":\"2022-02-07T22:06:10+00:00\",\"dateModified\":\"2022-02-07T22:06:10+00:00\",\"mainEntityOfPage\":{\"@id\":\"https:\/\/www.viaromana.org\/blog\/byzantine-swords-studied-in-turkey\/\"},\"wordCount\":303,\"publisher\":{\"@id\":\"https:\/\/www.viaromana.org\/blog\/#organization\"},\"articleSection\":[\"Le monde de l'arch\u00e9ologie\"],\"inLanguage\":\"fr-FR\"},{\"@type\":\"WebPage\",\"@id\":\"https:\/\/www.viaromana.org\/blog\/byzantine-swords-studied-in-turkey\/\",\"url\":\"https:\/\/www.viaromana.org\/blog\/byzantine-swords-studied-in-turkey\/\",\"name\":\"\u00c9p\u00e9es byzantines \u00c9tudi\u00e9es en Turquie - Viaromana et arch\u00e9ologie.\",\"isPartOf\":{\"@id\":\"https:\/\/www.viaromana.org\/blog\/#website\"},\"datePublished\":\"2022-02-07T22:06:10+00:00\",\"dateModified\":\"2022-02-07T22:06:10+00:00\",\"description\":\"\u00c9p\u00e9es byzantines \u00c9tudi\u00e9es en Turquie article de Viaromana et arch\u00e9ologie.\",\"breadcrumb\":{\"@id\":\"https:\/\/www.viaromana.org\/blog\/byzantine-swords-studied-in-turkey\/#breadcrumb\"},\"inLanguage\":\"fr-FR\",\"potentialAction\":[{\"@type\":\"ReadAction\",\"target\":[\"https:\/\/www.viaromana.org\/blog\/byzantine-swords-studied-in-turkey\/\"]}]},{\"@type\":\"BreadcrumbList\",\"@id\":\"https:\/\/www.viaromana.org\/blog\/byzantine-swords-studied-in-turkey\/#breadcrumb\",\"itemListElement\":[{\"@type\":\"ListItem\",\"position\":1,\"name\":\"Accueil\",\"item\":\"https:\/\/www.viaromana.org\/blog\/\"},{\"@type\":\"ListItem\",\"position\":2,\"name\":\"\u00c9p\u00e9es byzantines \u00c9tudi\u00e9es en Turquie\"}]},{\"@type\":\"WebSite\",\"@id\":\"https:\/\/www.viaromana.org\/blog\/#website\",\"url\":\"https:\/\/www.viaromana.org\/blog\/\",\"name\":\"Viaromana et arch\u00e9ologie.\",\"description\":\"Site arch\u00e9ologique de la voie romaine (viaromana) Belgique-France-Rome\",\"publisher\":{\"@id\":\"https:\/\/www.viaromana.org\/blog\/#organization\"},\"potentialAction\":[{\"@type\":\"SearchAction\",\"target\":{\"@type\":\"EntryPoint\",\"urlTemplate\":\"https:\/\/www.viaromana.org\/blog\/?s={search_term_string}\"},\"query-input\":\"required name=search_term_string\"}],\"inLanguage\":\"fr-FR\"},{\"@type\":\"Organization\",\"@id\":\"https:\/\/www.viaromana.org\/blog\/#organization\",\"name\":\"viaromana\",\"url\":\"https:\/\/www.viaromana.org\/blog\/\",\"logo\":{\"@type\":\"ImageObject\",\"inLanguage\":\"fr-FR\",\"@id\":\"https:\/\/www.viaromana.org\/blog\/#\/schema\/logo\/image\/\",\"url\":\"https:\/\/www.viaromana.org\/blog\/wp-content\/uploads\/2021\/12\/logo-3.png\",\"contentUrl\":\"https:\/\/www.viaromana.org\/blog\/wp-content\/uploads\/2021\/12\/logo-3.png\",\"width\":300,\"height\":249,\"caption\":\"viaromana\"},\"image\":{\"@id\":\"https:\/\/www.viaromana.org\/blog\/#\/schema\/logo\/image\/\"}},{\"@type\":\"Person\",\"@id\":\"https:\/\/www.viaromana.org\/blog\/#\/schema\/person\/d2ac3a5f1f3ed29c251972007cca0098\",\"name\":\"Albane Baron\",\"image\":{\"@type\":\"ImageObject\",\"inLanguage\":\"fr-FR\",\"@id\":\"https:\/\/www.viaromana.org\/blog\/#\/schema\/person\/image\/\",\"url\":\"https:\/\/secure.gravatar.com\/avatar\/6a1d13a2718d5b6794415e4efd7d05b1?s=96&d=mm&r=g\",\"contentUrl\":\"https:\/\/secure.gravatar.com\/avatar\/6a1d13a2718d5b6794415e4efd7d05b1?s=96&d=mm&r=g\",\"caption\":\"Albane Baron\"},\"url\":\"https:\/\/www.viaromana.org\/blog\/author\/anaalbane\/\"}]}<\/script>\n<!-- \/ Yoast SEO plugin. -->","yoast_head_json":{"title":"\u00c9p\u00e9es byzantines \u00c9tudi\u00e9es en Turquie - Viaromana et arch\u00e9ologie.","description":"\u00c9p\u00e9es byzantines \u00c9tudi\u00e9es en Turquie article de Viaromana et arch\u00e9ologie.","robots":{"index":"index","follow":"follow","max-snippet":"max-snippet:-1","max-image-preview":"max-image-preview:large","max-video-preview":"max-video-preview:-1"},"canonical":"https:\/\/www.viaromana.org\/blog\/byzantine-swords-studied-in-turkey\/","og_locale":"fr_FR","og_type":"article","og_title":"\u00c9p\u00e9es byzantines \u00c9tudi\u00e9es en Turquie - Viaromana et arch\u00e9ologie.","og_description":"\u00c9p\u00e9es byzantines \u00c9tudi\u00e9es en Turquie article de Viaromana et arch\u00e9ologie.","og_url":"https:\/\/www.viaromana.org\/blog\/byzantine-swords-studied-in-turkey\/","og_site_name":"Viaromana et arch\u00e9ologie.","article_published_time":"2022-02-07T22:06:10+00:00","og_image":[{"width":2047,"height":1363,"url":"https:\/\/www.viaromana.org\/blog\/wp-content\/uploads\/2022\/02\/p-es.jpg","type":"image\/jpeg"}],"author":"Albane Baron","twitter_card":"summary_large_image","twitter_misc":{"\u00c9crit par":"Albane Baron","Dur\u00e9e de lecture estim\u00e9e":"1 minute"},"schema":{"@context":"https:\/\/schema.org","@graph":[{"@type":"Article","@id":"https:\/\/www.viaromana.org\/blog\/byzantine-swords-studied-in-turkey\/#article","isPartOf":{"@id":"https:\/\/www.viaromana.org\/blog\/byzantine-swords-studied-in-turkey\/"},"author":{"name":"Albane Baron","@id":"https:\/\/www.viaromana.org\/blog\/#\/schema\/person\/d2ac3a5f1f3ed29c251972007cca0098"},"headline":"\u00c9p\u00e9es byzantines \u00c9tudi\u00e9es en Turquie","datePublished":"2022-02-07T22:06:10+00:00","dateModified":"2022-02-07T22:06:10+00:00","mainEntityOfPage":{"@id":"https:\/\/www.viaromana.org\/blog\/byzantine-swords-studied-in-turkey\/"},"wordCount":303,"publisher":{"@id":"https:\/\/www.viaromana.org\/blog\/#organization"},"articleSection":["Le monde de l'arch\u00e9ologie"],"inLanguage":"fr-FR"},{"@type":"WebPage","@id":"https:\/\/www.viaromana.org\/blog\/byzantine-swords-studied-in-turkey\/","url":"https:\/\/www.viaromana.org\/blog\/byzantine-swords-studied-in-turkey\/","name":"\u00c9p\u00e9es byzantines \u00c9tudi\u00e9es en Turquie - Viaromana et arch\u00e9ologie.","isPartOf":{"@id":"https:\/\/www.viaromana.org\/blog\/#website"},"datePublished":"2022-02-07T22:06:10+00:00","dateModified":"2022-02-07T22:06:10+00:00","description":"\u00c9p\u00e9es byzantines \u00c9tudi\u00e9es en Turquie article de Viaromana et arch\u00e9ologie.","breadcrumb":{"@id":"https:\/\/www.viaromana.org\/blog\/byzantine-swords-studied-in-turkey\/#breadcrumb"},"inLanguage":"fr-FR","potentialAction":[{"@type":"ReadAction","target":["https:\/\/www.viaromana.org\/blog\/byzantine-swords-studied-in-turkey\/"]}]},{"@type":"BreadcrumbList","@id":"https:\/\/www.viaromana.org\/blog\/byzantine-swords-studied-in-turkey\/#breadcrumb","itemListElement":[{"@type":"ListItem","position":1,"name":"Accueil","item":"https:\/\/www.viaromana.org\/blog\/"},{"@type":"ListItem","position":2,"name":"\u00c9p\u00e9es byzantines \u00c9tudi\u00e9es en Turquie"}]},{"@type":"WebSite","@id":"https:\/\/www.viaromana.org\/blog\/#website","url":"https:\/\/www.viaromana.org\/blog\/","name":"Viaromana et arch\u00e9ologie.","description":"Site arch\u00e9ologique de la voie romaine (viaromana) Belgique-France-Rome","publisher":{"@id":"https:\/\/www.viaromana.org\/blog\/#organization"},"potentialAction":[{"@type":"SearchAction","target":{"@type":"EntryPoint","urlTemplate":"https:\/\/www.viaromana.org\/blog\/?s={search_term_string}"},"query-input":"required name=search_term_string"}],"inLanguage":"fr-FR"},{"@type":"Organization","@id":"https:\/\/www.viaromana.org\/blog\/#organization","name":"viaromana","url":"https:\/\/www.viaromana.org\/blog\/","logo":{"@type":"ImageObject","inLanguage":"fr-FR","@id":"https:\/\/www.viaromana.org\/blog\/#\/schema\/logo\/image\/","url":"https:\/\/www.viaromana.org\/blog\/wp-content\/uploads\/2021\/12\/logo-3.png","contentUrl":"https:\/\/www.viaromana.org\/blog\/wp-content\/uploads\/2021\/12\/logo-3.png","width":300,"height":249,"caption":"viaromana"},"image":{"@id":"https:\/\/www.viaromana.org\/blog\/#\/schema\/logo\/image\/"}},{"@type":"Person","@id":"https:\/\/www.viaromana.org\/blog\/#\/schema\/person\/d2ac3a5f1f3ed29c251972007cca0098","name":"Albane Baron","image":{"@type":"ImageObject","inLanguage":"fr-FR","@id":"https:\/\/www.viaromana.org\/blog\/#\/schema\/person\/image\/","url":"https:\/\/secure.gravatar.com\/avatar\/6a1d13a2718d5b6794415e4efd7d05b1?s=96&d=mm&r=g","contentUrl":"https:\/\/secure.gravatar.com\/avatar\/6a1d13a2718d5b6794415e4efd7d05b1?s=96&d=mm&r=g","caption":"Albane Baron"},"url":"https:\/\/www.viaromana.org\/blog\/author\/anaalbane\/"}]}},"_links":{"self":[{"href":"https:\/\/www.viaromana.org\/blog\/wp-json\/wp\/v2\/posts\/372"}],"collection":[{"href":"https:\/\/www.viaromana.org\/blog\/wp-json\/wp\/v2\/posts"}],"about":[{"href":"https:\/\/www.viaromana.org\/blog\/wp-json\/wp\/v2\/types\/post"}],"author":[{"embeddable":true,"href":"https:\/\/www.viaromana.org\/blog\/wp-json\/wp\/v2\/users\/3"}],"replies":[{"embeddable":true,"href":"https:\/\/www.viaromana.org\/blog\/wp-json\/wp\/v2\/comments?post=372"}],"version-history":[{"count":0,"href":"https:\/\/www.viaromana.org\/blog\/wp-json\/wp\/v2\/posts\/372\/revisions"}],"wp:featuredmedia":[{"embeddable":true,"href":"https:\/\/www.viaromana.org\/blog\/wp-json\/wp\/v2\/media\/373"}],"wp:attachment":[{"href":"https:\/\/www.viaromana.org\/blog\/wp-json\/wp\/v2\/media?parent=372"}],"wp:term":[{"taxonomy":"category","embeddable":true,"href":"https:\/\/www.viaromana.org\/blog\/wp-json\/wp\/v2\/categories?post=372"},{"taxonomy":"post_tag","embeddable":true,"href":"https:\/\/www.viaromana.org\/blog\/wp-json\/wp\/v2\/tags?post=372"}],"curies":[{"name":"wp","href":"https:\/\/api.w.org\/{rel}","templated":true}]}}