{"id":353,"date":"2022-02-03T22:25:49","date_gmt":"2022-02-03T21:25:49","guid":{"rendered":"http:\/\/www.archaeology.org\/news\/10317-220203-balkan-wild-cereals"},"modified":"2022-02-03T22:25:49","modified_gmt":"2022-02-03T21:25:49","slug":"starches-detected-in-paleolithic-diet-of-southeastern-europe","status":"publish","type":"post","link":"https:\/\/www.viaromana.org\/blog\/starches-detected-in-paleolithic-diet-of-southeastern-europe\/","title":{"rendered":"Amidons d\u00e9tect\u00e9s dans le r\u00e9gime pal\u00e9olithique de l&rsquo;Europe du Sud-Est"},"content":{"rendered":"\n<p>ROME, ITALIE\u2014<em><a target=\"_blank\" rel=\"nofollow\" href=\"https:\/\/www.viaromana.org\/blog\/goto\/https:\/\/www.sciencenews.org\/article\/wild-cereal-farming-spread-ancient-europe-grain\"  target=\"_blank\" rel=\"noopener\">Actualit\u00e9s Scientifiques<\/a><\/em> des rapports rapportent que des chasseurs-cueilleurs qui vivaient dans la p\u00e9ninsule des Balkans centraux il y a environ 11 500 ans d\u00eenaient sur des c\u00e9r\u00e9ales sauvages environ 3 000 ans avant que les premiers agriculteurs d&rsquo;Asie du sud-ouest n&rsquo;arrivent dans la r\u00e9gion avec des c\u00e9r\u00e9ales domestiqu\u00e9es. Une analyse chimique ant\u00e9rieure des os de chasseurs-cueilleurs des Balkans indique qu&rsquo;ils mangeaient beaucoup de poisson et d&rsquo;autres prot\u00e9ines animales, mais maintenant Emanuela Cristiani de l&rsquo;Universit\u00e9 de Sapienza et ses coll\u00e8gues ont d\u00e9tect\u00e9 des traces microscopiques de granules d&rsquo;amidon dans le calcul dentaire de 60 chasseurs-cueilleurs qui vivaient dans les Balkans centraux. Les m\u00eames amidons ont \u00e9t\u00e9 trouv\u00e9s sur les surfaces de meulage de 17 outils en pierre sur l&rsquo;un des sites des Balkans \u00e9tudi\u00e9s. Ces chasseurs-cueilleurs \u201cont \u00e9quilibr\u00e9 leur alimentation avec des aliments v\u00e9g\u00e9taux et l&rsquo;ont fait pendant des mill\u00e9naires avant l&rsquo;arriv\u00e9e de l&rsquo;agriculture\u201d, a expliqu\u00e9 Cristiani. Lisez l&rsquo;article scientifique original sur cette recherche dans <a target=\"_blank\" rel=\"nofollow\" href=\"https:\/\/www.viaromana.org\/blog\/goto\/https:\/\/doi.org\/10.7554\/eLife.72976\"  target=\"_blank\" rel=\"noopener\"><em>eLife<\/em><\/a>. Pour en savoir plus sur une \u00e9tude des effets du changement de r\u00e9gime alimentaire sur le d\u00e9veloppement linguistique, allez sur \u00ab\u00a0<a target=\"_blank\" rel=\"nofollow\" href=\"https:\/\/www.viaromana.org\/blog\/goto\/https:\/\/www.archaeology.org\/issues\/346-1907\/trenches\/7748-trenches-physical-linguistic-development\" >Vous Dites Ce Que Vous Mangez<\/a>.\u00a0\u00bb<\/p>\n","protected":false},"excerpt":{"rendered":"<p>ROME, ITALIE\u2014Actualit\u00e9s Scientifiques des rapports rapportent que des chasseurs-cueilleurs qui vivaient dans la p\u00e9ninsule des Balkans centraux il y a environ 11 500 ans d\u00eenaient sur des c\u00e9r\u00e9ales sauvages environ 3 000 ans avant que les premiers agriculteurs d&rsquo;Asie du sud-ouest n&rsquo;arrivent dans la r\u00e9gion avec des c\u00e9r\u00e9ales domestiqu\u00e9es. Une analyse chimique ant\u00e9rieure des os de chasseurs-cueilleurs des Balkans indique qu&rsquo;ils mangeaient beaucoup de poisson et d&rsquo;autres prot\u00e9ines animales, mais maintenant Emanuela Cristiani de l&rsquo;Universit\u00e9 de Sapienza et ses coll\u00e8gues ont d\u00e9tect\u00e9 des traces microscopiques de granules d&rsquo;amidon dans le calcul dentaire de 60 chasseurs-cueilleurs qui vivaient dans les Balkans\u2026<\/p>\n","protected":false},"author":3,"featured_media":354,"comment_status":"closed","ping_status":"closed","sticky":false,"template":"","format":"standard","meta":{"footnotes":""},"categories":[3],"tags":[],"blocksy_meta":{"styles_descriptor":{"styles":{"desktop":"","tablet":"","mobile":""},"google_fonts":[],"version":4}},"yoast_head":"<!-- This site is optimized with the Yoast SEO plugin v21.1 - https:\/\/yoast.com\/wordpress\/plugins\/seo\/ -->\n<title>Amidons d\u00e9tect\u00e9s dans le r\u00e9gime pal\u00e9olithique de l&#039;Europe du Sud-Est - Viaromana et arch\u00e9ologie.<\/title>\n<meta name=\"description\" content=\"Amidons d\u00e9tect\u00e9s dans le r\u00e9gime pal\u00e9olithique de l&#039;Europe du Sud-Est article de Viaromana et arch\u00e9ologie.\" \/>\n<meta name=\"robots\" content=\"index, follow, max-snippet:-1, max-image-preview:large, max-video-preview:-1\" \/>\n<link rel=\"canonical\" href=\"https:\/\/www.viaromana.org\/blog\/starches-detected-in-paleolithic-diet-of-southeastern-europe\/\" \/>\n<meta property=\"og:locale\" content=\"fr_FR\" \/>\n<meta property=\"og:type\" content=\"article\" \/>\n<meta property=\"og:title\" content=\"Amidons d\u00e9tect\u00e9s dans le r\u00e9gime pal\u00e9olithique de l&#039;Europe du Sud-Est - Viaromana et arch\u00e9ologie.\" \/>\n<meta property=\"og:description\" content=\"Amidons d\u00e9tect\u00e9s dans le r\u00e9gime pal\u00e9olithique de l&#039;Europe du Sud-Est article de Viaromana et arch\u00e9ologie.\" \/>\n<meta property=\"og:url\" content=\"https:\/\/www.viaromana.org\/blog\/starches-detected-in-paleolithic-diet-of-southeastern-europe\/\" \/>\n<meta property=\"og:site_name\" content=\"Viaromana et arch\u00e9ologie.\" \/>\n<meta property=\"article:published_time\" content=\"2022-02-03T21:25:49+00:00\" \/>\n<meta property=\"og:image\" content=\"https:\/\/www.viaromana.org\/blog\/wp-content\/uploads\/2022\/02\/des-balkans-scaled.jpg\" \/>\n\t<meta property=\"og:image:width\" content=\"2560\" \/>\n\t<meta property=\"og:image:height\" content=\"1707\" \/>\n\t<meta property=\"og:image:type\" content=\"image\/jpeg\" \/>\n<meta name=\"author\" content=\"Albane Baron\" \/>\n<meta name=\"twitter:card\" content=\"summary_large_image\" \/>\n<meta name=\"twitter:label1\" content=\"\u00c9crit par\" \/>\n\t<meta name=\"twitter:data1\" content=\"Albane Baron\" \/>\n\t<meta name=\"twitter:label2\" content=\"Dur\u00e9e de lecture estim\u00e9e\" \/>\n\t<meta name=\"twitter:data2\" content=\"1 minute\" \/>\n<script type=\"application\/ld+json\" class=\"yoast-schema-graph\">{\"@context\":\"https:\/\/schema.org\",\"@graph\":[{\"@type\":\"Article\",\"@id\":\"https:\/\/www.viaromana.org\/blog\/starches-detected-in-paleolithic-diet-of-southeastern-europe\/#article\",\"isPartOf\":{\"@id\":\"https:\/\/www.viaromana.org\/blog\/starches-detected-in-paleolithic-diet-of-southeastern-europe\/\"},\"author\":{\"name\":\"Albane Baron\",\"@id\":\"https:\/\/www.viaromana.org\/blog\/#\/schema\/person\/d2ac3a5f1f3ed29c251972007cca0098\"},\"headline\":\"Amidons d\u00e9tect\u00e9s dans le r\u00e9gime pal\u00e9olithique de l&rsquo;Europe du Sud-Est\",\"datePublished\":\"2022-02-03T21:25:49+00:00\",\"dateModified\":\"2022-02-03T21:25:49+00:00\",\"mainEntityOfPage\":{\"@id\":\"https:\/\/www.viaromana.org\/blog\/starches-detected-in-paleolithic-diet-of-southeastern-europe\/\"},\"wordCount\":225,\"publisher\":{\"@id\":\"https:\/\/www.viaromana.org\/blog\/#organization\"},\"articleSection\":[\"Le monde de l'arch\u00e9ologie\"],\"inLanguage\":\"fr-FR\"},{\"@type\":\"WebPage\",\"@id\":\"https:\/\/www.viaromana.org\/blog\/starches-detected-in-paleolithic-diet-of-southeastern-europe\/\",\"url\":\"https:\/\/www.viaromana.org\/blog\/starches-detected-in-paleolithic-diet-of-southeastern-europe\/\",\"name\":\"Amidons d\u00e9tect\u00e9s dans le r\u00e9gime pal\u00e9olithique de l'Europe du Sud-Est - Viaromana et arch\u00e9ologie.\",\"isPartOf\":{\"@id\":\"https:\/\/www.viaromana.org\/blog\/#website\"},\"datePublished\":\"2022-02-03T21:25:49+00:00\",\"dateModified\":\"2022-02-03T21:25:49+00:00\",\"description\":\"Amidons d\u00e9tect\u00e9s dans le r\u00e9gime pal\u00e9olithique de l'Europe du Sud-Est article de Viaromana et arch\u00e9ologie.\",\"breadcrumb\":{\"@id\":\"https:\/\/www.viaromana.org\/blog\/starches-detected-in-paleolithic-diet-of-southeastern-europe\/#breadcrumb\"},\"inLanguage\":\"fr-FR\",\"potentialAction\":[{\"@type\":\"ReadAction\",\"target\":[\"https:\/\/www.viaromana.org\/blog\/starches-detected-in-paleolithic-diet-of-southeastern-europe\/\"]}]},{\"@type\":\"BreadcrumbList\",\"@id\":\"https:\/\/www.viaromana.org\/blog\/starches-detected-in-paleolithic-diet-of-southeastern-europe\/#breadcrumb\",\"itemListElement\":[{\"@type\":\"ListItem\",\"position\":1,\"name\":\"Accueil\",\"item\":\"https:\/\/www.viaromana.org\/blog\/\"},{\"@type\":\"ListItem\",\"position\":2,\"name\":\"Amidons d\u00e9tect\u00e9s dans le r\u00e9gime pal\u00e9olithique de l&rsquo;Europe du Sud-Est\"}]},{\"@type\":\"WebSite\",\"@id\":\"https:\/\/www.viaromana.org\/blog\/#website\",\"url\":\"https:\/\/www.viaromana.org\/blog\/\",\"name\":\"Viaromana et arch\u00e9ologie.\",\"description\":\"Site arch\u00e9ologique de la voie romaine (viaromana) Belgique-France-Rome\",\"publisher\":{\"@id\":\"https:\/\/www.viaromana.org\/blog\/#organization\"},\"potentialAction\":[{\"@type\":\"SearchAction\",\"target\":{\"@type\":\"EntryPoint\",\"urlTemplate\":\"https:\/\/www.viaromana.org\/blog\/?s={search_term_string}\"},\"query-input\":\"required name=search_term_string\"}],\"inLanguage\":\"fr-FR\"},{\"@type\":\"Organization\",\"@id\":\"https:\/\/www.viaromana.org\/blog\/#organization\",\"name\":\"viaromana\",\"url\":\"https:\/\/www.viaromana.org\/blog\/\",\"logo\":{\"@type\":\"ImageObject\",\"inLanguage\":\"fr-FR\",\"@id\":\"https:\/\/www.viaromana.org\/blog\/#\/schema\/logo\/image\/\",\"url\":\"https:\/\/www.viaromana.org\/blog\/wp-content\/uploads\/2021\/12\/logo-3.png\",\"contentUrl\":\"https:\/\/www.viaromana.org\/blog\/wp-content\/uploads\/2021\/12\/logo-3.png\",\"width\":300,\"height\":249,\"caption\":\"viaromana\"},\"image\":{\"@id\":\"https:\/\/www.viaromana.org\/blog\/#\/schema\/logo\/image\/\"}},{\"@type\":\"Person\",\"@id\":\"https:\/\/www.viaromana.org\/blog\/#\/schema\/person\/d2ac3a5f1f3ed29c251972007cca0098\",\"name\":\"Albane Baron\",\"image\":{\"@type\":\"ImageObject\",\"inLanguage\":\"fr-FR\",\"@id\":\"https:\/\/www.viaromana.org\/blog\/#\/schema\/person\/image\/\",\"url\":\"https:\/\/secure.gravatar.com\/avatar\/6a1d13a2718d5b6794415e4efd7d05b1?s=96&d=mm&r=g\",\"contentUrl\":\"https:\/\/secure.gravatar.com\/avatar\/6a1d13a2718d5b6794415e4efd7d05b1?s=96&d=mm&r=g\",\"caption\":\"Albane Baron\"},\"url\":\"https:\/\/www.viaromana.org\/blog\/author\/anaalbane\/\"}]}<\/script>\n<!-- \/ Yoast SEO plugin. -->","yoast_head_json":{"title":"Amidons d\u00e9tect\u00e9s dans le r\u00e9gime pal\u00e9olithique de l'Europe du Sud-Est - Viaromana et arch\u00e9ologie.","description":"Amidons d\u00e9tect\u00e9s dans le r\u00e9gime pal\u00e9olithique de l'Europe du Sud-Est article de Viaromana et arch\u00e9ologie.","robots":{"index":"index","follow":"follow","max-snippet":"max-snippet:-1","max-image-preview":"max-image-preview:large","max-video-preview":"max-video-preview:-1"},"canonical":"https:\/\/www.viaromana.org\/blog\/starches-detected-in-paleolithic-diet-of-southeastern-europe\/","og_locale":"fr_FR","og_type":"article","og_title":"Amidons d\u00e9tect\u00e9s dans le r\u00e9gime pal\u00e9olithique de l'Europe du Sud-Est - Viaromana et arch\u00e9ologie.","og_description":"Amidons d\u00e9tect\u00e9s dans le r\u00e9gime pal\u00e9olithique de l'Europe du Sud-Est article de Viaromana et arch\u00e9ologie.","og_url":"https:\/\/www.viaromana.org\/blog\/starches-detected-in-paleolithic-diet-of-southeastern-europe\/","og_site_name":"Viaromana et arch\u00e9ologie.","article_published_time":"2022-02-03T21:25:49+00:00","og_image":[{"width":2560,"height":1707,"url":"https:\/\/www.viaromana.org\/blog\/wp-content\/uploads\/2022\/02\/des-balkans-scaled.jpg","type":"image\/jpeg"}],"author":"Albane Baron","twitter_card":"summary_large_image","twitter_misc":{"\u00c9crit par":"Albane Baron","Dur\u00e9e de lecture estim\u00e9e":"1 minute"},"schema":{"@context":"https:\/\/schema.org","@graph":[{"@type":"Article","@id":"https:\/\/www.viaromana.org\/blog\/starches-detected-in-paleolithic-diet-of-southeastern-europe\/#article","isPartOf":{"@id":"https:\/\/www.viaromana.org\/blog\/starches-detected-in-paleolithic-diet-of-southeastern-europe\/"},"author":{"name":"Albane Baron","@id":"https:\/\/www.viaromana.org\/blog\/#\/schema\/person\/d2ac3a5f1f3ed29c251972007cca0098"},"headline":"Amidons d\u00e9tect\u00e9s dans le r\u00e9gime pal\u00e9olithique de l&rsquo;Europe du Sud-Est","datePublished":"2022-02-03T21:25:49+00:00","dateModified":"2022-02-03T21:25:49+00:00","mainEntityOfPage":{"@id":"https:\/\/www.viaromana.org\/blog\/starches-detected-in-paleolithic-diet-of-southeastern-europe\/"},"wordCount":225,"publisher":{"@id":"https:\/\/www.viaromana.org\/blog\/#organization"},"articleSection":["Le monde de l'arch\u00e9ologie"],"inLanguage":"fr-FR"},{"@type":"WebPage","@id":"https:\/\/www.viaromana.org\/blog\/starches-detected-in-paleolithic-diet-of-southeastern-europe\/","url":"https:\/\/www.viaromana.org\/blog\/starches-detected-in-paleolithic-diet-of-southeastern-europe\/","name":"Amidons d\u00e9tect\u00e9s dans le r\u00e9gime pal\u00e9olithique de l'Europe du Sud-Est - Viaromana et arch\u00e9ologie.","isPartOf":{"@id":"https:\/\/www.viaromana.org\/blog\/#website"},"datePublished":"2022-02-03T21:25:49+00:00","dateModified":"2022-02-03T21:25:49+00:00","description":"Amidons d\u00e9tect\u00e9s dans le r\u00e9gime pal\u00e9olithique de l'Europe du Sud-Est article de Viaromana et arch\u00e9ologie.","breadcrumb":{"@id":"https:\/\/www.viaromana.org\/blog\/starches-detected-in-paleolithic-diet-of-southeastern-europe\/#breadcrumb"},"inLanguage":"fr-FR","potentialAction":[{"@type":"ReadAction","target":["https:\/\/www.viaromana.org\/blog\/starches-detected-in-paleolithic-diet-of-southeastern-europe\/"]}]},{"@type":"BreadcrumbList","@id":"https:\/\/www.viaromana.org\/blog\/starches-detected-in-paleolithic-diet-of-southeastern-europe\/#breadcrumb","itemListElement":[{"@type":"ListItem","position":1,"name":"Accueil","item":"https:\/\/www.viaromana.org\/blog\/"},{"@type":"ListItem","position":2,"name":"Amidons d\u00e9tect\u00e9s dans le r\u00e9gime pal\u00e9olithique de l&rsquo;Europe du Sud-Est"}]},{"@type":"WebSite","@id":"https:\/\/www.viaromana.org\/blog\/#website","url":"https:\/\/www.viaromana.org\/blog\/","name":"Viaromana et arch\u00e9ologie.","description":"Site arch\u00e9ologique de la voie romaine (viaromana) Belgique-France-Rome","publisher":{"@id":"https:\/\/www.viaromana.org\/blog\/#organization"},"potentialAction":[{"@type":"SearchAction","target":{"@type":"EntryPoint","urlTemplate":"https:\/\/www.viaromana.org\/blog\/?s={search_term_string}"},"query-input":"required name=search_term_string"}],"inLanguage":"fr-FR"},{"@type":"Organization","@id":"https:\/\/www.viaromana.org\/blog\/#organization","name":"viaromana","url":"https:\/\/www.viaromana.org\/blog\/","logo":{"@type":"ImageObject","inLanguage":"fr-FR","@id":"https:\/\/www.viaromana.org\/blog\/#\/schema\/logo\/image\/","url":"https:\/\/www.viaromana.org\/blog\/wp-content\/uploads\/2021\/12\/logo-3.png","contentUrl":"https:\/\/www.viaromana.org\/blog\/wp-content\/uploads\/2021\/12\/logo-3.png","width":300,"height":249,"caption":"viaromana"},"image":{"@id":"https:\/\/www.viaromana.org\/blog\/#\/schema\/logo\/image\/"}},{"@type":"Person","@id":"https:\/\/www.viaromana.org\/blog\/#\/schema\/person\/d2ac3a5f1f3ed29c251972007cca0098","name":"Albane Baron","image":{"@type":"ImageObject","inLanguage":"fr-FR","@id":"https:\/\/www.viaromana.org\/blog\/#\/schema\/person\/image\/","url":"https:\/\/secure.gravatar.com\/avatar\/6a1d13a2718d5b6794415e4efd7d05b1?s=96&d=mm&r=g","contentUrl":"https:\/\/secure.gravatar.com\/avatar\/6a1d13a2718d5b6794415e4efd7d05b1?s=96&d=mm&r=g","caption":"Albane Baron"},"url":"https:\/\/www.viaromana.org\/blog\/author\/anaalbane\/"}]}},"_links":{"self":[{"href":"https:\/\/www.viaromana.org\/blog\/wp-json\/wp\/v2\/posts\/353"}],"collection":[{"href":"https:\/\/www.viaromana.org\/blog\/wp-json\/wp\/v2\/posts"}],"about":[{"href":"https:\/\/www.viaromana.org\/blog\/wp-json\/wp\/v2\/types\/post"}],"author":[{"embeddable":true,"href":"https:\/\/www.viaromana.org\/blog\/wp-json\/wp\/v2\/users\/3"}],"replies":[{"embeddable":true,"href":"https:\/\/www.viaromana.org\/blog\/wp-json\/wp\/v2\/comments?post=353"}],"version-history":[{"count":0,"href":"https:\/\/www.viaromana.org\/blog\/wp-json\/wp\/v2\/posts\/353\/revisions"}],"wp:featuredmedia":[{"embeddable":true,"href":"https:\/\/www.viaromana.org\/blog\/wp-json\/wp\/v2\/media\/354"}],"wp:attachment":[{"href":"https:\/\/www.viaromana.org\/blog\/wp-json\/wp\/v2\/media?parent=353"}],"wp:term":[{"taxonomy":"category","embeddable":true,"href":"https:\/\/www.viaromana.org\/blog\/wp-json\/wp\/v2\/categories?post=353"},{"taxonomy":"post_tag","embeddable":true,"href":"https:\/\/www.viaromana.org\/blog\/wp-json\/wp\/v2\/tags?post=353"}],"curies":[{"name":"wp","href":"https:\/\/api.w.org\/{rel}","templated":true}]}}