{"id":267,"date":"2022-01-07T22:15:18","date_gmt":"2022-01-07T21:15:18","guid":{"rendered":"http:\/\/www.archaeology.org\/news\/10270-220107-denmark-horned-helmets"},"modified":"2022-01-07T22:15:18","modified_gmt":"2022-01-07T21:15:18","slug":"researchers-date-horned-helmets-discovered-in-denmark","status":"publish","type":"post","link":"https:\/\/www.viaromana.org\/blog\/researchers-date-horned-helmets-discovered-in-denmark\/","title":{"rendered":"Des chercheurs Datent la D\u00e9couverte de Casques \u00e0 Cornes au Danemark"},"content":{"rendered":"\n<p><img decoding=\"async\" src=\"https:\/\/www.viaromana.org\/blog\/wp-content\/uploads\/2022\/01\/des-chercheurs-datent-la-decouverte-de-casques-a-cornes-au-danemark.jpg\" alt=\"Denmark Viks Helmet\" width=\"355\" height=\"395\" class=\"caption\" title=\" \" longdesc=\"(Roberto Fortuna and Kira Ursem\/National Museum of Denmark)\">AARHUS, DANEMARK\u2014<em><a target=\"_blank\" rel=\"nofollow\" href=\"https:\/\/www.viaromana.org\/blog\/goto\/https:\/\/www.livescience.com\/horned-viking-helmets-from-different-civilization\"  target=\"_blank\" rel=\"noopener\">Sciences en Direct<\/a><\/em> Helle Vandkilde de l&rsquo;Universit\u00e9 d&rsquo;Aarhus et ses coll\u00e8gues ont dat\u00e9 un \u00e9chantillon de goudron de bouleau trouv\u00e9 r\u00e9cemment sur l&rsquo;un des deux casques \u00e0 cornes d\u00e9couverts en 1942 dans une fosse de tourbe dans l&rsquo;est du Danemark. Bien que les cornes incurv\u00e9es aient longtemps \u00e9t\u00e9 associ\u00e9es aux Vikings m\u00e9di\u00e9vaux dans la culture populaire, les tests indiquent que les casques dits de Viks\u00f8 ont \u00e9t\u00e9 d\u00e9pos\u00e9s rituellement dans la tourbi\u00e8re vers 900 av.J.-C., environ 1 500 ans avant l&rsquo;\u00e2ge Viking. Les casques portent \u00e9galement des symboles ressemblant aux yeux et au bec d&rsquo;un oiseau de proie. On pense que les plumes ont \u00e9t\u00e9 attach\u00e9es aux extr\u00e9mit\u00e9s des cornes des casques avec du goudron de bouleau. Chaque casque peut \u00e9galement avoir \u00e9t\u00e9 \u00e9quip\u00e9 d&rsquo;une crini\u00e8re de crin de cheval. Vandkilde a expliqu\u00e9 que les cornes de taureaux et les rapaces \u00e9taient utilis\u00e9s comme symboles du soleil dans l&rsquo;ancien Proche-Orient, ainsi qu&rsquo;en Sardaigne et dans le sud-ouest de l&rsquo;Ib\u00e9rie \u00e0 l&rsquo;\u00e2ge du bronze. Ces symboles ont peut-\u00eatre voyag\u00e9 avec des commer\u00e7ants en Scandinavie avec des m\u00e9taux et d&rsquo;autres articles, et ont \u00e9t\u00e9 adopt\u00e9s par les dirigeants locaux \u00e0 mesure que la r\u00e9gion devenait plus politis\u00e9e et centralis\u00e9e, a-t-elle ajout\u00e9. \u201dEt ces dirigeants doivent avoir utilis\u00e9 des croyances religieuses et des traits innovants, comme les cornes, pour renforcer leur pouvoir\u00a0\u00bb, a d\u00e9clar\u00e9 Vandkilde. Lisez l&rsquo;article scientifique original sur cette recherche dans <a target=\"_blank\" rel=\"nofollow\" href=\"https:\/\/www.viaromana.org\/blog\/goto\/https:\/\/doi.org\/10.1515\/pz-2021-2012\"  target=\"_blank\" rel=\"noopener\"><em>Praehistorische Zeitschrift<\/em><\/a>. Pour en savoir plus sur une nouvelle \u00e9tude d&rsquo;un casque viking d\u00e9couvert en Grande-Bretagne dans les ann\u00e9es 1950, allez \u00e0 \u00ab\u00a0<a target=\"_blank\" rel=\"nofollow\" href=\"https:\/\/www.viaromana.org\/blog\/goto\/https:\/\/www.archaeology.org\/issues\/415-2103\/digs\/9454-digs-england-viking-helmet\" >Un Design Durable<\/a>.\u00a0\u00bb<\/p>\n","protected":false},"excerpt":{"rendered":"<p>AARHUS, DANEMARK\u2014Sciences en Direct Helle Vandkilde de l&rsquo;Universit\u00e9 d&rsquo;Aarhus et ses coll\u00e8gues ont dat\u00e9 un \u00e9chantillon de goudron de bouleau trouv\u00e9 r\u00e9cemment sur l&rsquo;un des deux casques \u00e0 cornes d\u00e9couverts en 1942 dans une fosse de tourbe dans l&rsquo;est du Danemark. Bien que les cornes incurv\u00e9es aient longtemps \u00e9t\u00e9 associ\u00e9es aux Vikings m\u00e9di\u00e9vaux dans la culture populaire, les tests indiquent que les casques dits de Viks\u00f8 ont \u00e9t\u00e9 d\u00e9pos\u00e9s rituellement dans la tourbi\u00e8re vers 900 av.J.-C., environ 1 500 ans avant l&rsquo;\u00e2ge Viking. Les casques portent \u00e9galement des symboles ressemblant aux yeux et au bec d&rsquo;un oiseau de proie. On\u2026<\/p>\n","protected":false},"author":3,"featured_media":269,"comment_status":"closed","ping_status":"closed","sticky":false,"template":"","format":"standard","meta":{"footnotes":""},"categories":[3],"tags":[],"blocksy_meta":{"styles_descriptor":{"styles":{"desktop":"","tablet":"","mobile":""},"google_fonts":[],"version":4}},"yoast_head":"<!-- This site is optimized with the Yoast SEO plugin v21.1 - https:\/\/yoast.com\/wordpress\/plugins\/seo\/ -->\n<title>Des chercheurs Datent la D\u00e9couverte de Casques \u00e0 Cornes au Danemark - Viaromana et arch\u00e9ologie.<\/title>\n<meta name=\"description\" content=\"Des chercheurs Datent la D\u00e9couverte de Casques \u00e0 Cornes au Danemark article de Viaromana et arch\u00e9ologie.\" \/>\n<meta name=\"robots\" content=\"index, follow, max-snippet:-1, max-image-preview:large, max-video-preview:-1\" \/>\n<link rel=\"canonical\" href=\"https:\/\/www.viaromana.org\/blog\/researchers-date-horned-helmets-discovered-in-denmark\/\" \/>\n<meta property=\"og:locale\" content=\"fr_FR\" \/>\n<meta property=\"og:type\" content=\"article\" \/>\n<meta property=\"og:title\" content=\"Des chercheurs Datent la D\u00e9couverte de Casques \u00e0 Cornes au Danemark - Viaromana et arch\u00e9ologie.\" \/>\n<meta property=\"og:description\" content=\"Des chercheurs Datent la D\u00e9couverte de Casques \u00e0 Cornes au Danemark article de Viaromana et arch\u00e9ologie.\" \/>\n<meta property=\"og:url\" content=\"https:\/\/www.viaromana.org\/blog\/researchers-date-horned-helmets-discovered-in-denmark\/\" \/>\n<meta property=\"og:site_name\" content=\"Viaromana et arch\u00e9ologie.\" \/>\n<meta property=\"article:published_time\" content=\"2022-01-07T21:15:18+00:00\" \/>\n<meta property=\"og:image\" content=\"https:\/\/www.viaromana.org\/blog\/wp-content\/uploads\/2022\/01\/des-chercheurs-datent-la-decouverte-de-casques-a-cornes-au-danemark.jpg\" \/>\n\t<meta property=\"og:image:width\" content=\"710\" \/>\n\t<meta property=\"og:image:height\" content=\"789\" \/>\n\t<meta property=\"og:image:type\" content=\"image\/jpeg\" \/>\n<meta name=\"author\" content=\"Albane Baron\" \/>\n<meta name=\"twitter:card\" content=\"summary_large_image\" \/>\n<meta name=\"twitter:label1\" content=\"\u00c9crit par\" \/>\n\t<meta name=\"twitter:data1\" content=\"Albane Baron\" \/>\n\t<meta name=\"twitter:label2\" content=\"Dur\u00e9e de lecture estim\u00e9e\" \/>\n\t<meta name=\"twitter:data2\" content=\"1 minute\" \/>\n<script type=\"application\/ld+json\" class=\"yoast-schema-graph\">{\"@context\":\"https:\/\/schema.org\",\"@graph\":[{\"@type\":\"Article\",\"@id\":\"https:\/\/www.viaromana.org\/blog\/researchers-date-horned-helmets-discovered-in-denmark\/#article\",\"isPartOf\":{\"@id\":\"https:\/\/www.viaromana.org\/blog\/researchers-date-horned-helmets-discovered-in-denmark\/\"},\"author\":{\"name\":\"Albane Baron\",\"@id\":\"https:\/\/www.viaromana.org\/blog\/#\/schema\/person\/d2ac3a5f1f3ed29c251972007cca0098\"},\"headline\":\"Des chercheurs Datent la D\u00e9couverte de Casques \u00e0 Cornes au Danemark\",\"datePublished\":\"2022-01-07T21:15:18+00:00\",\"dateModified\":\"2022-01-07T21:15:18+00:00\",\"mainEntityOfPage\":{\"@id\":\"https:\/\/www.viaromana.org\/blog\/researchers-date-horned-helmets-discovered-in-denmark\/\"},\"wordCount\":301,\"publisher\":{\"@id\":\"https:\/\/www.viaromana.org\/blog\/#organization\"},\"articleSection\":[\"Le monde de l'arch\u00e9ologie\"],\"inLanguage\":\"fr-FR\"},{\"@type\":\"WebPage\",\"@id\":\"https:\/\/www.viaromana.org\/blog\/researchers-date-horned-helmets-discovered-in-denmark\/\",\"url\":\"https:\/\/www.viaromana.org\/blog\/researchers-date-horned-helmets-discovered-in-denmark\/\",\"name\":\"Des chercheurs Datent la D\u00e9couverte de Casques \u00e0 Cornes au Danemark - Viaromana et arch\u00e9ologie.\",\"isPartOf\":{\"@id\":\"https:\/\/www.viaromana.org\/blog\/#website\"},\"datePublished\":\"2022-01-07T21:15:18+00:00\",\"dateModified\":\"2022-01-07T21:15:18+00:00\",\"description\":\"Des chercheurs Datent la D\u00e9couverte de Casques \u00e0 Cornes au Danemark article de Viaromana et arch\u00e9ologie.\",\"breadcrumb\":{\"@id\":\"https:\/\/www.viaromana.org\/blog\/researchers-date-horned-helmets-discovered-in-denmark\/#breadcrumb\"},\"inLanguage\":\"fr-FR\",\"potentialAction\":[{\"@type\":\"ReadAction\",\"target\":[\"https:\/\/www.viaromana.org\/blog\/researchers-date-horned-helmets-discovered-in-denmark\/\"]}]},{\"@type\":\"BreadcrumbList\",\"@id\":\"https:\/\/www.viaromana.org\/blog\/researchers-date-horned-helmets-discovered-in-denmark\/#breadcrumb\",\"itemListElement\":[{\"@type\":\"ListItem\",\"position\":1,\"name\":\"Accueil\",\"item\":\"https:\/\/www.viaromana.org\/blog\/\"},{\"@type\":\"ListItem\",\"position\":2,\"name\":\"Des chercheurs Datent la D\u00e9couverte de Casques \u00e0 Cornes au Danemark\"}]},{\"@type\":\"WebSite\",\"@id\":\"https:\/\/www.viaromana.org\/blog\/#website\",\"url\":\"https:\/\/www.viaromana.org\/blog\/\",\"name\":\"Viaromana et arch\u00e9ologie.\",\"description\":\"Site arch\u00e9ologique de la voie romaine (viaromana) Belgique-France-Rome\",\"publisher\":{\"@id\":\"https:\/\/www.viaromana.org\/blog\/#organization\"},\"potentialAction\":[{\"@type\":\"SearchAction\",\"target\":{\"@type\":\"EntryPoint\",\"urlTemplate\":\"https:\/\/www.viaromana.org\/blog\/?s={search_term_string}\"},\"query-input\":\"required name=search_term_string\"}],\"inLanguage\":\"fr-FR\"},{\"@type\":\"Organization\",\"@id\":\"https:\/\/www.viaromana.org\/blog\/#organization\",\"name\":\"viaromana\",\"url\":\"https:\/\/www.viaromana.org\/blog\/\",\"logo\":{\"@type\":\"ImageObject\",\"inLanguage\":\"fr-FR\",\"@id\":\"https:\/\/www.viaromana.org\/blog\/#\/schema\/logo\/image\/\",\"url\":\"https:\/\/www.viaromana.org\/blog\/wp-content\/uploads\/2021\/12\/logo-3.png\",\"contentUrl\":\"https:\/\/www.viaromana.org\/blog\/wp-content\/uploads\/2021\/12\/logo-3.png\",\"width\":300,\"height\":249,\"caption\":\"viaromana\"},\"image\":{\"@id\":\"https:\/\/www.viaromana.org\/blog\/#\/schema\/logo\/image\/\"}},{\"@type\":\"Person\",\"@id\":\"https:\/\/www.viaromana.org\/blog\/#\/schema\/person\/d2ac3a5f1f3ed29c251972007cca0098\",\"name\":\"Albane Baron\",\"image\":{\"@type\":\"ImageObject\",\"inLanguage\":\"fr-FR\",\"@id\":\"https:\/\/www.viaromana.org\/blog\/#\/schema\/person\/image\/\",\"url\":\"https:\/\/secure.gravatar.com\/avatar\/6a1d13a2718d5b6794415e4efd7d05b1?s=96&d=mm&r=g\",\"contentUrl\":\"https:\/\/secure.gravatar.com\/avatar\/6a1d13a2718d5b6794415e4efd7d05b1?s=96&d=mm&r=g\",\"caption\":\"Albane Baron\"},\"url\":\"https:\/\/www.viaromana.org\/blog\/author\/anaalbane\/\"}]}<\/script>\n<!-- \/ Yoast SEO plugin. -->","yoast_head_json":{"title":"Des chercheurs Datent la D\u00e9couverte de Casques \u00e0 Cornes au Danemark - Viaromana et arch\u00e9ologie.","description":"Des chercheurs Datent la D\u00e9couverte de Casques \u00e0 Cornes au Danemark article de Viaromana et arch\u00e9ologie.","robots":{"index":"index","follow":"follow","max-snippet":"max-snippet:-1","max-image-preview":"max-image-preview:large","max-video-preview":"max-video-preview:-1"},"canonical":"https:\/\/www.viaromana.org\/blog\/researchers-date-horned-helmets-discovered-in-denmark\/","og_locale":"fr_FR","og_type":"article","og_title":"Des chercheurs Datent la D\u00e9couverte de Casques \u00e0 Cornes au Danemark - Viaromana et arch\u00e9ologie.","og_description":"Des chercheurs Datent la D\u00e9couverte de Casques \u00e0 Cornes au Danemark article de Viaromana et arch\u00e9ologie.","og_url":"https:\/\/www.viaromana.org\/blog\/researchers-date-horned-helmets-discovered-in-denmark\/","og_site_name":"Viaromana et arch\u00e9ologie.","article_published_time":"2022-01-07T21:15:18+00:00","og_image":[{"width":710,"height":789,"url":"https:\/\/www.viaromana.org\/blog\/wp-content\/uploads\/2022\/01\/des-chercheurs-datent-la-decouverte-de-casques-a-cornes-au-danemark.jpg","type":"image\/jpeg"}],"author":"Albane Baron","twitter_card":"summary_large_image","twitter_misc":{"\u00c9crit par":"Albane Baron","Dur\u00e9e de lecture estim\u00e9e":"1 minute"},"schema":{"@context":"https:\/\/schema.org","@graph":[{"@type":"Article","@id":"https:\/\/www.viaromana.org\/blog\/researchers-date-horned-helmets-discovered-in-denmark\/#article","isPartOf":{"@id":"https:\/\/www.viaromana.org\/blog\/researchers-date-horned-helmets-discovered-in-denmark\/"},"author":{"name":"Albane Baron","@id":"https:\/\/www.viaromana.org\/blog\/#\/schema\/person\/d2ac3a5f1f3ed29c251972007cca0098"},"headline":"Des chercheurs Datent la D\u00e9couverte de Casques \u00e0 Cornes au Danemark","datePublished":"2022-01-07T21:15:18+00:00","dateModified":"2022-01-07T21:15:18+00:00","mainEntityOfPage":{"@id":"https:\/\/www.viaromana.org\/blog\/researchers-date-horned-helmets-discovered-in-denmark\/"},"wordCount":301,"publisher":{"@id":"https:\/\/www.viaromana.org\/blog\/#organization"},"articleSection":["Le monde de l'arch\u00e9ologie"],"inLanguage":"fr-FR"},{"@type":"WebPage","@id":"https:\/\/www.viaromana.org\/blog\/researchers-date-horned-helmets-discovered-in-denmark\/","url":"https:\/\/www.viaromana.org\/blog\/researchers-date-horned-helmets-discovered-in-denmark\/","name":"Des chercheurs Datent la D\u00e9couverte de Casques \u00e0 Cornes au Danemark - Viaromana et arch\u00e9ologie.","isPartOf":{"@id":"https:\/\/www.viaromana.org\/blog\/#website"},"datePublished":"2022-01-07T21:15:18+00:00","dateModified":"2022-01-07T21:15:18+00:00","description":"Des chercheurs Datent la D\u00e9couverte de Casques \u00e0 Cornes au Danemark article de Viaromana et arch\u00e9ologie.","breadcrumb":{"@id":"https:\/\/www.viaromana.org\/blog\/researchers-date-horned-helmets-discovered-in-denmark\/#breadcrumb"},"inLanguage":"fr-FR","potentialAction":[{"@type":"ReadAction","target":["https:\/\/www.viaromana.org\/blog\/researchers-date-horned-helmets-discovered-in-denmark\/"]}]},{"@type":"BreadcrumbList","@id":"https:\/\/www.viaromana.org\/blog\/researchers-date-horned-helmets-discovered-in-denmark\/#breadcrumb","itemListElement":[{"@type":"ListItem","position":1,"name":"Accueil","item":"https:\/\/www.viaromana.org\/blog\/"},{"@type":"ListItem","position":2,"name":"Des chercheurs Datent la D\u00e9couverte de Casques \u00e0 Cornes au Danemark"}]},{"@type":"WebSite","@id":"https:\/\/www.viaromana.org\/blog\/#website","url":"https:\/\/www.viaromana.org\/blog\/","name":"Viaromana et arch\u00e9ologie.","description":"Site arch\u00e9ologique de la voie romaine (viaromana) Belgique-France-Rome","publisher":{"@id":"https:\/\/www.viaromana.org\/blog\/#organization"},"potentialAction":[{"@type":"SearchAction","target":{"@type":"EntryPoint","urlTemplate":"https:\/\/www.viaromana.org\/blog\/?s={search_term_string}"},"query-input":"required name=search_term_string"}],"inLanguage":"fr-FR"},{"@type":"Organization","@id":"https:\/\/www.viaromana.org\/blog\/#organization","name":"viaromana","url":"https:\/\/www.viaromana.org\/blog\/","logo":{"@type":"ImageObject","inLanguage":"fr-FR","@id":"https:\/\/www.viaromana.org\/blog\/#\/schema\/logo\/image\/","url":"https:\/\/www.viaromana.org\/blog\/wp-content\/uploads\/2021\/12\/logo-3.png","contentUrl":"https:\/\/www.viaromana.org\/blog\/wp-content\/uploads\/2021\/12\/logo-3.png","width":300,"height":249,"caption":"viaromana"},"image":{"@id":"https:\/\/www.viaromana.org\/blog\/#\/schema\/logo\/image\/"}},{"@type":"Person","@id":"https:\/\/www.viaromana.org\/blog\/#\/schema\/person\/d2ac3a5f1f3ed29c251972007cca0098","name":"Albane Baron","image":{"@type":"ImageObject","inLanguage":"fr-FR","@id":"https:\/\/www.viaromana.org\/blog\/#\/schema\/person\/image\/","url":"https:\/\/secure.gravatar.com\/avatar\/6a1d13a2718d5b6794415e4efd7d05b1?s=96&d=mm&r=g","contentUrl":"https:\/\/secure.gravatar.com\/avatar\/6a1d13a2718d5b6794415e4efd7d05b1?s=96&d=mm&r=g","caption":"Albane Baron"},"url":"https:\/\/www.viaromana.org\/blog\/author\/anaalbane\/"}]}},"_links":{"self":[{"href":"https:\/\/www.viaromana.org\/blog\/wp-json\/wp\/v2\/posts\/267"}],"collection":[{"href":"https:\/\/www.viaromana.org\/blog\/wp-json\/wp\/v2\/posts"}],"about":[{"href":"https:\/\/www.viaromana.org\/blog\/wp-json\/wp\/v2\/types\/post"}],"author":[{"embeddable":true,"href":"https:\/\/www.viaromana.org\/blog\/wp-json\/wp\/v2\/users\/3"}],"replies":[{"embeddable":true,"href":"https:\/\/www.viaromana.org\/blog\/wp-json\/wp\/v2\/comments?post=267"}],"version-history":[{"count":0,"href":"https:\/\/www.viaromana.org\/blog\/wp-json\/wp\/v2\/posts\/267\/revisions"}],"wp:featuredmedia":[{"embeddable":true,"href":"https:\/\/www.viaromana.org\/blog\/wp-json\/wp\/v2\/media\/269"}],"wp:attachment":[{"href":"https:\/\/www.viaromana.org\/blog\/wp-json\/wp\/v2\/media?parent=267"}],"wp:term":[{"taxonomy":"category","embeddable":true,"href":"https:\/\/www.viaromana.org\/blog\/wp-json\/wp\/v2\/categories?post=267"},{"taxonomy":"post_tag","embeddable":true,"href":"https:\/\/www.viaromana.org\/blog\/wp-json\/wp\/v2\/tags?post=267"}],"curies":[{"name":"wp","href":"https:\/\/api.w.org\/{rel}","templated":true}]}}