{"id":258,"date":"2022-01-05T11:45:28","date_gmt":"2022-01-05T10:45:28","guid":{"rendered":"https:\/\/archaeology.co.uk\/?p=34583"},"modified":"2022-01-05T11:45:28","modified_gmt":"2022-01-05T10:45:28","slug":"archaeologist-of-the-year-2022-nominee-interviews","status":"publish","type":"post","link":"https:\/\/www.viaromana.org\/blog\/archaeologist-of-the-year-2022-nominee-interviews\/","title":{"rendered":"Arch\u00e9ologue de l&rsquo;ann\u00e9e 2022 : Interviews des candidats"},"content":{"rendered":"\n<div class=\"wp-block-image\">\n<figure class=\"aligncenter size-large is-resized\"><img decoding=\"async\" loading=\"lazy\" src=\"https:\/\/www.viaromana.org\/blog\/wp-content\/uploads\/2022\/01\/archeologue-de-lannee-2022-interviews-des-candidats.jpg\" alt=\"\" class=\"wp-image-34408\" width=\"517\" height=\"272\" data-recalc-dims=\"1\"><\/figure>\n<\/div>\n<div class=\"wp-block-image\">\n<figure class=\"alignright size-full is-resized\"><img decoding=\"async\" loading=\"lazy\" src=\"https:\/\/www.viaromana.org\/blog\/wp-content\/uploads\/2022\/01\/archeologue-de-lannee-2022-interviews-des-candidats-1.jpg\" alt=\"\" class=\"wp-image-34585\" width=\"174\" height=\"118\" data-recalc-dims=\"1\"><figcaption>Sponsor du prix de l&rsquo;arch\u00e9ologue de l&rsquo;ann\u00e9e 2022<\/figcaption><\/figure>\n<\/div>\n<p><strong>Vous trouverez ci-dessous des entretiens avec les trois personnes nomin\u00e9es pour le prix de l&rsquo;arch\u00e9ologue de l&rsquo;ann\u00e9e 2022, dont les r\u00e9alisations refl\u00e8tent les divers travaux men\u00e9s dans notre domaine.<\/strong><\/p>\n<p>Vous pouvez lire les biographies compl\u00e8tes de chaque candidat <a target=\"_blank\" rel=\"nofollow\" href=\"https:\/\/www.viaromana.org\/blog\/goto\/https:\/\/archaeology.co.uk\/awards\/archaeologist-of-the-year-2022.htm\" >ici<\/a>. Une fois que vous avez fait votre choix, <a target=\"_blank\" rel=\"nofollow\" href=\"https:\/\/www.viaromana.org\/blog\/goto\/http:\/\/www.archaeology.co.uk\/vote\" ><strong>cliquez ici pour voter<\/strong><\/a> pour la personne que vous aimeriez gagner.<\/p>\n<p>Nous avons \u00e9galement discut\u00e9 avec chacun des nomin\u00e9s r\u00e9cemment sur notre podcast, <em>Le PastCast<\/em> \u2013 <a target=\"_blank\" rel=\"nofollow\" href=\"https:\/\/www.viaromana.org\/blog\/goto\/https:\/\/anchor.fm\/the-past\/episodes\/Looking-ahead-to-Current-Archaeology-Live--2022-meet-the-nominees-for-Archaeologist-of-the-Year-e1b196u\"  target=\"_blank\" rel=\"noreferrer noopener\">cliquez ici pour \u00e9couter l&rsquo;\u00e9pisode<\/a>!<\/p>\n<p>Le vote se termine le 7 f\u00e9vrier 2022, et tous les gagnants du\u00a0<em>Arch\u00e9ologie Actuelle<\/em>\u00a0Les prix seront ensuite annonc\u00e9s le 25 f\u00e9vrier dans le cadre de notre conf\u00e9rence virtuelle, <a target=\"_blank\" rel=\"nofollow\" href=\"https:\/\/www.viaromana.org\/blog\/goto\/https:\/\/archaeology.co.uk\/live\"  target=\"_blank\" rel=\"noreferrer noopener\"><em>Arch\u00e9ologie Actuelle En direct!<\/em>\u00a02022<\/a>.<\/p>\n<hr class=\"wp-block-separator\">\n<h3><strong>Professeur Martin Bell<\/strong><\/h3>\n<div class=\"wp-block-image\">\n<figure class=\"alignright size-large is-resized\"><img decoding=\"async\" loading=\"lazy\" src=\"https:\/\/www.viaromana.org\/blog\/wp-content\/uploads\/2022\/01\/archeologue-de-lannee-2022-interviews-des-candidats-2.jpg\" alt=\"A photograph of Professor Martin Bell, who has been nominated for Archaeologist of the Year 2022. Martin's head and shoulders are visible in the picture and he is smiling at the camera.\" class=\"wp-image-34284\" width=\"363\" height=\"367\" data-recalc-dims=\"1\"><\/figure>\n<\/div>\n<p><em><strong>Quelle est votre r\u00e9alisation arch\u00e9ologique la plus fi\u00e8re ?<\/strong><\/em><\/p>\n<p>D\u00e9velopper une compr\u00e9hension de la fa\u00e7on dont les communaut\u00e9s c\u00f4ti\u00e8res pr\u00e9historiques utilisaient les paysages de zones humides de fa\u00e7on saisonni\u00e8re et des fa\u00e7ons dont nous pouvons utiliser les techniques g\u00e9oarch\u00e9ologiques pour comprendre comment ces personnes se sont li\u00e9es et ont r\u00e9agi \u00e0 des environnements c\u00f4tiers tr\u00e8s dynamiques.\u00a0<\/p>\n<p><em><strong>Quel a \u00e9t\u00e9 votre moment arch\u00e9ologique de 2021 ?<\/strong><\/em><\/p>\n<p>J&rsquo;ai pris ma retraite fin juillet et deux amis et anciens \u00e9tudiants ont \u00e9dit\u00e9 un livre d&rsquo;essais pour marquer ma retraite: Catherine Barnett et Thomas Walker,\u00a0<em>Environnement, Arch\u00e9ologie et Paysage<\/em>\u00a0(Archaeopress).\u00a0 C&rsquo;\u00e9tait tellement gentil de se donner la peine d&rsquo;\u00e9crire ces essais, beaucoup sur des sujets qui me passionnent comme l&rsquo;arch\u00e9ologie c\u00f4ti\u00e8re, la conservation de la nature, le rewilding et la mobilit\u00e9. Nous avons \u00e9galement trouv\u00e9 de bonnes empreintes humaines et de grues m\u00e9solithiques dans l&rsquo;estuaire de la Severn.\u00a0<\/p>\n<p><em><strong>Comment envisagez-vous l&rsquo;avenir de l&rsquo;arch\u00e9ologie ?<\/strong><\/em><\/p>\n<p>Nous sommes confront\u00e9s \u00e0 un certain nombre de d\u00e9fis et nous devons d\u00e9velopper une voix plus unifi\u00e9e pour y r\u00e9pondre en affirmant la valeur sociale plus large de notre sujet. L&rsquo;arch\u00e9ologie offre une perspective de profondeur de temps vitale pour les questions cl\u00e9s d&rsquo;aujourd&rsquo;hui, le changement climatique, la biodiversit\u00e9, la durabilit\u00e9, et a un r\u00f4le vital \u00e0 jouer dans les d\u00e9bats actuels sur la strat\u00e9gie de conservation de la nature, les subventions utilisant l&rsquo;argent public pour le bien public, la gestion c\u00f4ti\u00e8re et le rewilding, en plus de sa contribution \u00e0 l&rsquo;\u00e9ducation et au bien-\u00eatre.\u00a0<\/p>\n<hr class=\"wp-block-separator\">\n<h3><strong>Raksha Dave<\/strong><\/h3>\n<div class=\"wp-block-image\">\n<figure class=\"alignright size-large is-resized\"><img decoding=\"async\" loading=\"lazy\" src=\"https:\/\/www.viaromana.org\/blog\/wp-content\/uploads\/2022\/01\/archeologue-de-lannee-2022-interviews-des-candidats-3.jpg\" alt=\"A photograph of Raksha Dave, who has been nominated for Archaeologist of the Year 2022. She is stood next to some stone columns, facing the camera but looking off to the right of the image smiling.\" class=\"wp-image-34287\" width=\"364\" height=\"273\" data-recalc-dims=\"1\"><\/figure>\n<\/div>\n<p><em><strong>Quelle est votre r\u00e9alisation arch\u00e9ologique la plus fi\u00e8re ?<\/strong><\/em><\/p>\n<p>Je suis tr\u00e8s fier de pouvoir contribuer \u00e0 la recherche arch\u00e9ologique en tant qu&rsquo;arch\u00e9ologue de terrain. J&rsquo;ai eu la chance de travailler avec des \u00e9quipes incroyables au Royaume-Uni et dans le monde entier pour \u00e9largir nos connaissances sur ce que les humains font depuis des milliers d&rsquo;ann\u00e9es sur notre plan\u00e8te. Ma plus grande fiert\u00e9 est de pouvoir partager ces histoires en tant qu&rsquo;arch\u00e9ologue public, que ce soit par le biais de la radiodiffusion, des m\u00e9dias num\u00e9riques ou de projets d&rsquo;engagement communautaire.\u00a0L&rsquo;engagement du public est un engagement \u00e0 long terme et n&rsquo;offre pas n\u00e9cessairement des r\u00e9compenses ou des r\u00e9sultats imm\u00e9diats comme dans d&rsquo;autres domaines de l&rsquo;arch\u00e9ologie. Souvent, ce sont les plus petites interactions et \u00e9changes avec les gens qui en valent la peine, et cela peut se produire dans les endroits les plus al\u00e9atoires. Il peut vraiment \u00eatre \u00e9difiant d&rsquo;\u00eatre approch\u00e9 par quelqu&rsquo;un lorsque vous vous y attendez le moins. Je finis invariablement par discuter avec un inconnu dans une gare d&rsquo;un spectacle que j&rsquo;ai pr\u00e9sent\u00e9 ou d&rsquo;un projet que je dirige et qui a inspir\u00e9 quelqu&rsquo;un \u00e0 en savoir plus. Ce sont ces petites choses qui encouragent les gens \u00e0 apprendre ou \u00e0 participer \u00e0 l&rsquo;arch\u00e9ologie. J&rsquo;adore ces moments \u2013 c&rsquo;est quand je sais que je fais bien mon travail!\u00a0<\/p>\n<p><em><strong>Quel a \u00e9t\u00e9 votre moment arch\u00e9ologique de 2021 ?<\/strong><\/em><\/p>\n<p>Sans aucun doute, assumer le r\u00f4le de pr\u00e9sident de l&rsquo;ABC. Je n&rsquo;aurais jamais pens\u00e9 qu&rsquo;on me demanderait de repr\u00e9senter le secteur arch\u00e9ologique de cette mani\u00e8re \u2013 je suis probablement la forme d&rsquo;arch\u00e9ologue la plus non traditionnelle \u00e0 tous points de vue. Cela signifie beaucoup pour moi car cela montre aux gens que tout le monde peut le faire \u2013 c&rsquo;est vraiment important pour moi de pouvoir d\u00e9mocratiser l&rsquo;arch\u00e9ologie car notre travail consiste essentiellement \u00e0 \u00eatre humain. Nous devons \u00e9largir notre r\u00e9seau, inclure les communaut\u00e9s et les diff\u00e9rentes personnes dans nos processus et fa\u00e7onner ces processus pour qu&rsquo;ils fonctionnent mieux. Je veux que les gens sachent que lorsqu&rsquo;ils sortent de leur porte d&rsquo;entr\u00e9e, ils sont immerg\u00e9s dans un paysage arch\u00e9ologique et qu&rsquo;ils en font partie, peu importe leur identit\u00e9 ou leur exp\u00e9rience.<\/p>\n<p><strong><em>Comment envisagez-vous l&rsquo;avenir de l&rsquo;arch\u00e9ologie ?<\/em> <\/strong><\/p>\n<p>Excitant, stimulant, r\u00e9v\u00e9lateur, connectant \u2013 pour ne citer que quelques adjectifs. Cela a \u00e9t\u00e9 une ann\u00e9e difficile \u2013 cela ne fait aucun doute \u2013 mais il y a tellement de choses que nous devrions c\u00e9l\u00e9brer dans notre secteur et je pense que nous devons nous concentrer sur les choses qui nous unissent plut\u00f4t que sur ce qui nous divise. J&rsquo;aimerais voir plus de collaboration entre les universit\u00e9s, les projets communautaires et le secteur commercial pour montrer au monde \u00e0 quel point l&rsquo;arch\u00e9ologie est pertinente et significative dans le monde moderne. L&rsquo;arch\u00e9ologie ne consiste pas seulement \u00e0 creuser et ce n&rsquo;est pas seulement sur le pass\u00e9, elle peut contribuer \u00e0 la fa\u00e7on dont nous regardons les probl\u00e8mes auxquels nous sommes confront\u00e9s aujourd&rsquo;hui comme le changement climatique et comment nous, en tant qu&rsquo;arch\u00e9ologues, pouvons contribuer aux solutions. Il ne fait aucun doute que nous avons beaucoup de travail \u00e0 faire pour d\u00e9manteler les obstacles structurels cr\u00e9\u00e9s par le pass\u00e9 tout en \u00e9liminant des ann\u00e9es de n\u00e9gligence et de complaisance qui contribuent au cadre maladroit dans lequel nous op\u00e9rons en tant que secteur \u2013 mais je pense que nous sommes au bon endroit pour commencer \u00e0 apporter des changements. Regardez tout le talent que nous avons \u2013 nous pouvons le voir dans le <em>CA<\/em>\u00a0nominations pour cette ann\u00e9e \u2013 nous avons besoin de personnes comme celle-ci pour nous aider \u00e0 innover, \u00e0 inclure et \u00e0 motiver les gens \u00e0 vivre ce que nous faisons. J&rsquo;aimerais voir dans quelques ann\u00e9es comment les prix CA pourraient changer pour refl\u00e9ter cela. Je ne vois pas pourquoi nous ne pourrions pas potentiellement avoir une cat\u00e9gorie de \u00ab\u00a0Meilleur Projet de recherche collaboratif\u00a0\u00bb ou de \u00ab\u00a0Meilleure Contribution arch\u00e9ologique \u00e0 la Soci\u00e9t\u00e9\u00a0\u00bb. C&rsquo;est la direction dans laquelle nous devons voyager, et c&rsquo;est passionnant de faire partie du changement.<\/p>\n<hr class=\"wp-block-separator\">\n<h3><strong>Dr Peter Halkon<\/strong><\/h3>\n<div class=\"wp-block-image\">\n<figure class=\"alignright size-full is-resized\"><img decoding=\"async\" loading=\"lazy\" src=\"https:\/\/www.viaromana.org\/blog\/wp-content\/uploads\/2022\/01\/archeologue-de-lannee-2022-interviews-des-candidats.png\" alt=\"A photograph of Dr Peter Halkon, who has been nominated for Archaeologist of the Year 2022, stood in a trench at an archaeological excavation. He is wearing a hat, facing the camera holding an armful of paperwork, and and looking off to the left of the image.\" class=\"wp-image-34265\" width=\"394\" height=\"393\" data-recalc-dims=\"1\"><\/figure>\n<\/div>\n<p><strong><em>Quelle est votre r\u00e9alisation arch\u00e9ologique la plus fi\u00e8re ?<\/em>\u00a0<\/strong><\/p>\n<p>La d\u00e9couverte du bateau \u00e0 bois de l&rsquo;\u00c2ge du fer de Hasholme \u2013 et l&rsquo;obtention du dipl\u00f4me de mes \u00e9tudiants en arch\u00e9ologie \u00e0 temps partiel, en particulier ceux qui avaient quitt\u00e9 l&rsquo;\u00e9cole des ann\u00e9es auparavant avec peu de qualifications.\u00a0\u00a0<\/p>\n<p><strong><em>Quel a \u00e9t\u00e9 votre moment arch\u00e9ologique de 2021 ?<\/em>\u00a0<\/strong><\/p>\n<p>La d\u00e9couverte de l&rsquo;\u00e9tonnant sanctuaire de l&rsquo;\u00c2ge du fer associ\u00e9 \u00e0 un ringfort sur les Wolds du Yorkshire.\u00a0Une fois la palissade int\u00e9rieure retir\u00e9e, la fente avait \u00e9t\u00e9 remplie de 40 cr\u00e2nes de b\u00e9tail, d&rsquo;os de cerf rouge et de bois de cerf.\u00a0<\/p>\n<p><strong><em>Comment envisagez-vous l&rsquo;avenir de l&rsquo;arch\u00e9ologie ?<\/em> <\/strong><\/p>\n<p>Avec une certaine appr\u00e9hension compte tenu de la fermeture r\u00e9cente des d\u00e9partements universitaires. Un point positif, cependant, est l&rsquo;enthousiasme et la comp\u00e9tence des b\u00e9n\u00e9voles communautaires, comme l&rsquo;ont d\u00e9montr\u00e9 cette ann\u00e9e lors de nos fouilles \u00e0 Brough sur Humber dans le cadre du projet Petuaria ReVisited exploring Roman Brough sur Humber.\u00a0<\/p>\n<hr class=\"wp-block-separator\">\n<p class=\"has-text-align-center\">Le vote se termine le 7 f\u00e9vrier 2022<\/p>\n<p class=\"has-text-align-center\"><strong>Nous avons \u00e9galement eu une discussion avec les nomin\u00e9s de l&rsquo;arch\u00e9ologue de l&rsquo;ann\u00e9e sur notre podcast, The PastCast \u2013 <a target=\"_blank\" rel=\"nofollow\" href=\"https:\/\/www.viaromana.org\/blog\/goto\/https:\/\/anchor.fm\/the-past\/episodes\/Looking-ahead-to-Current-Archaeology-Live--2022-meet-the-nominees-for-Archaeologist-of-the-Year-e1b196u\"  target=\"_blank\" rel=\"noreferrer noopener\">cliquez ici pour \u00e9couter !<\/a><\/strong><\/p>\n","protected":false},"excerpt":{"rendered":"<p>Sponsor du prix de l&rsquo;arch\u00e9ologue de l&rsquo;ann\u00e9e 2022 Vous trouverez ci-dessous des entretiens avec les trois personnes nomin\u00e9es pour le prix de l&rsquo;arch\u00e9ologue de l&rsquo;ann\u00e9e 2022, dont les r\u00e9alisations refl\u00e8tent les divers travaux men\u00e9s dans notre domaine. Vous pouvez lire les biographies compl\u00e8tes de chaque candidat ici. Une fois que vous avez fait votre choix, cliquez ici pour voter pour la personne que vous aimeriez gagner. Nous avons \u00e9galement discut\u00e9 avec chacun des nomin\u00e9s r\u00e9cemment sur notre podcast, Le PastCast \u2013 cliquez ici pour \u00e9couter l&rsquo;\u00e9pisode! Le vote se termine le 7 f\u00e9vrier 2022, et tous les gagnants du\u00a0Arch\u00e9ologie Actuelle\u00a0Les\u2026<\/p>\n","protected":false},"author":2,"featured_media":260,"comment_status":"closed","ping_status":"closed","sticky":false,"template":"","format":"standard","meta":{"footnotes":""},"categories":[4],"tags":[],"blocksy_meta":{"styles_descriptor":{"styles":{"desktop":"","tablet":"","mobile":""},"google_fonts":[],"version":4}},"yoast_head":"<!-- This site is optimized with the Yoast SEO plugin v21.1 - https:\/\/yoast.com\/wordpress\/plugins\/seo\/ -->\n<title>Arch\u00e9ologue de l&#039;ann\u00e9e 2022 : Interviews des candidats - Viaromana et arch\u00e9ologie.<\/title>\n<meta name=\"description\" content=\"Arch\u00e9ologue de l&#039;ann\u00e9e 2022 : Interviews des candidats article de Viaromana et arch\u00e9ologie.\" \/>\n<meta name=\"robots\" content=\"index, follow, max-snippet:-1, max-image-preview:large, max-video-preview:-1\" \/>\n<link rel=\"canonical\" href=\"https:\/\/www.viaromana.org\/blog\/archaeologist-of-the-year-2022-nominee-interviews\/\" \/>\n<meta property=\"og:locale\" content=\"fr_FR\" \/>\n<meta property=\"og:type\" content=\"article\" \/>\n<meta property=\"og:title\" content=\"Arch\u00e9ologue de l&#039;ann\u00e9e 2022 : Interviews des candidats - Viaromana et arch\u00e9ologie.\" \/>\n<meta property=\"og:description\" content=\"Arch\u00e9ologue de l&#039;ann\u00e9e 2022 : Interviews des candidats article de Viaromana et arch\u00e9ologie.\" \/>\n<meta property=\"og:url\" content=\"https:\/\/www.viaromana.org\/blog\/archaeologist-of-the-year-2022-nominee-interviews\/\" \/>\n<meta property=\"og:site_name\" content=\"Viaromana et arch\u00e9ologie.\" \/>\n<meta property=\"article:published_time\" content=\"2022-01-05T10:45:28+00:00\" \/>\n<meta property=\"og:image\" content=\"https:\/\/www.viaromana.org\/blog\/wp-content\/uploads\/2022\/01\/unnamed-file.jpg\" \/>\n\t<meta property=\"og:image:width\" content=\"2200\" \/>\n\t<meta property=\"og:image:height\" content=\"1467\" \/>\n\t<meta property=\"og:image:type\" content=\"image\/jpeg\" \/>\n<meta name=\"author\" content=\"Joseph Barbier\" \/>\n<meta name=\"twitter:card\" content=\"summary_large_image\" \/>\n<meta name=\"twitter:label1\" content=\"\u00c9crit par\" \/>\n\t<meta name=\"twitter:data1\" content=\"Joseph Barbier\" \/>\n\t<meta name=\"twitter:label2\" content=\"Dur\u00e9e de lecture estim\u00e9e\" \/>\n\t<meta name=\"twitter:data2\" content=\"7 minutes\" \/>\n<script type=\"application\/ld+json\" class=\"yoast-schema-graph\">{\"@context\":\"https:\/\/schema.org\",\"@graph\":[{\"@type\":\"Article\",\"@id\":\"https:\/\/www.viaromana.org\/blog\/archaeologist-of-the-year-2022-nominee-interviews\/#article\",\"isPartOf\":{\"@id\":\"https:\/\/www.viaromana.org\/blog\/archaeologist-of-the-year-2022-nominee-interviews\/\"},\"author\":{\"name\":\"Joseph Barbier\",\"@id\":\"https:\/\/www.viaromana.org\/blog\/#\/schema\/person\/6e3914366051dad316156e63d1d1f8bd\"},\"headline\":\"Arch\u00e9ologue de l&rsquo;ann\u00e9e 2022 : Interviews des candidats\",\"datePublished\":\"2022-01-05T10:45:28+00:00\",\"dateModified\":\"2022-01-05T10:45:28+00:00\",\"mainEntityOfPage\":{\"@id\":\"https:\/\/www.viaromana.org\/blog\/archaeologist-of-the-year-2022-nominee-interviews\/\"},\"wordCount\":1387,\"publisher\":{\"@id\":\"https:\/\/www.viaromana.org\/blog\/#organization\"},\"articleSection\":[\"les bonnes pages de l'Arch\u00e9ologie\"],\"inLanguage\":\"fr-FR\"},{\"@type\":\"WebPage\",\"@id\":\"https:\/\/www.viaromana.org\/blog\/archaeologist-of-the-year-2022-nominee-interviews\/\",\"url\":\"https:\/\/www.viaromana.org\/blog\/archaeologist-of-the-year-2022-nominee-interviews\/\",\"name\":\"Arch\u00e9ologue de l'ann\u00e9e 2022 : Interviews des candidats - Viaromana et arch\u00e9ologie.\",\"isPartOf\":{\"@id\":\"https:\/\/www.viaromana.org\/blog\/#website\"},\"datePublished\":\"2022-01-05T10:45:28+00:00\",\"dateModified\":\"2022-01-05T10:45:28+00:00\",\"description\":\"Arch\u00e9ologue de l'ann\u00e9e 2022 : Interviews des candidats article de Viaromana et arch\u00e9ologie.\",\"breadcrumb\":{\"@id\":\"https:\/\/www.viaromana.org\/blog\/archaeologist-of-the-year-2022-nominee-interviews\/#breadcrumb\"},\"inLanguage\":\"fr-FR\",\"potentialAction\":[{\"@type\":\"ReadAction\",\"target\":[\"https:\/\/www.viaromana.org\/blog\/archaeologist-of-the-year-2022-nominee-interviews\/\"]}]},{\"@type\":\"BreadcrumbList\",\"@id\":\"https:\/\/www.viaromana.org\/blog\/archaeologist-of-the-year-2022-nominee-interviews\/#breadcrumb\",\"itemListElement\":[{\"@type\":\"ListItem\",\"position\":1,\"name\":\"Accueil\",\"item\":\"https:\/\/www.viaromana.org\/blog\/\"},{\"@type\":\"ListItem\",\"position\":2,\"name\":\"Arch\u00e9ologue de l&rsquo;ann\u00e9e 2022 : Interviews des candidats\"}]},{\"@type\":\"WebSite\",\"@id\":\"https:\/\/www.viaromana.org\/blog\/#website\",\"url\":\"https:\/\/www.viaromana.org\/blog\/\",\"name\":\"Viaromana et arch\u00e9ologie.\",\"description\":\"Site arch\u00e9ologique de la voie romaine (viaromana) Belgique-France-Rome\",\"publisher\":{\"@id\":\"https:\/\/www.viaromana.org\/blog\/#organization\"},\"potentialAction\":[{\"@type\":\"SearchAction\",\"target\":{\"@type\":\"EntryPoint\",\"urlTemplate\":\"https:\/\/www.viaromana.org\/blog\/?s={search_term_string}\"},\"query-input\":\"required name=search_term_string\"}],\"inLanguage\":\"fr-FR\"},{\"@type\":\"Organization\",\"@id\":\"https:\/\/www.viaromana.org\/blog\/#organization\",\"name\":\"viaromana\",\"url\":\"https:\/\/www.viaromana.org\/blog\/\",\"logo\":{\"@type\":\"ImageObject\",\"inLanguage\":\"fr-FR\",\"@id\":\"https:\/\/www.viaromana.org\/blog\/#\/schema\/logo\/image\/\",\"url\":\"https:\/\/www.viaromana.org\/blog\/wp-content\/uploads\/2021\/12\/logo-3.png\",\"contentUrl\":\"https:\/\/www.viaromana.org\/blog\/wp-content\/uploads\/2021\/12\/logo-3.png\",\"width\":300,\"height\":249,\"caption\":\"viaromana\"},\"image\":{\"@id\":\"https:\/\/www.viaromana.org\/blog\/#\/schema\/logo\/image\/\"}},{\"@type\":\"Person\",\"@id\":\"https:\/\/www.viaromana.org\/blog\/#\/schema\/person\/6e3914366051dad316156e63d1d1f8bd\",\"name\":\"Joseph Barbier\",\"image\":{\"@type\":\"ImageObject\",\"inLanguage\":\"fr-FR\",\"@id\":\"https:\/\/www.viaromana.org\/blog\/#\/schema\/person\/image\/\",\"url\":\"https:\/\/secure.gravatar.com\/avatar\/9845d0288498aa146fbce51fa517303f?s=96&d=mm&r=g\",\"contentUrl\":\"https:\/\/secure.gravatar.com\/avatar\/9845d0288498aa146fbce51fa517303f?s=96&d=mm&r=g\",\"caption\":\"Joseph Barbier\"},\"url\":\"https:\/\/www.viaromana.org\/blog\/author\/anajoseph\/\"}]}<\/script>\n<!-- \/ Yoast SEO plugin. -->","yoast_head_json":{"title":"Arch\u00e9ologue de l'ann\u00e9e 2022 : Interviews des candidats - Viaromana et arch\u00e9ologie.","description":"Arch\u00e9ologue de l'ann\u00e9e 2022 : Interviews des candidats article de Viaromana et arch\u00e9ologie.","robots":{"index":"index","follow":"follow","max-snippet":"max-snippet:-1","max-image-preview":"max-image-preview:large","max-video-preview":"max-video-preview:-1"},"canonical":"https:\/\/www.viaromana.org\/blog\/archaeologist-of-the-year-2022-nominee-interviews\/","og_locale":"fr_FR","og_type":"article","og_title":"Arch\u00e9ologue de l'ann\u00e9e 2022 : Interviews des candidats - Viaromana et arch\u00e9ologie.","og_description":"Arch\u00e9ologue de l'ann\u00e9e 2022 : Interviews des candidats article de Viaromana et arch\u00e9ologie.","og_url":"https:\/\/www.viaromana.org\/blog\/archaeologist-of-the-year-2022-nominee-interviews\/","og_site_name":"Viaromana et arch\u00e9ologie.","article_published_time":"2022-01-05T10:45:28+00:00","og_image":[{"width":2200,"height":1467,"url":"https:\/\/www.viaromana.org\/blog\/wp-content\/uploads\/2022\/01\/unnamed-file.jpg","type":"image\/jpeg"}],"author":"Joseph Barbier","twitter_card":"summary_large_image","twitter_misc":{"\u00c9crit par":"Joseph Barbier","Dur\u00e9e de lecture estim\u00e9e":"7 minutes"},"schema":{"@context":"https:\/\/schema.org","@graph":[{"@type":"Article","@id":"https:\/\/www.viaromana.org\/blog\/archaeologist-of-the-year-2022-nominee-interviews\/#article","isPartOf":{"@id":"https:\/\/www.viaromana.org\/blog\/archaeologist-of-the-year-2022-nominee-interviews\/"},"author":{"name":"Joseph Barbier","@id":"https:\/\/www.viaromana.org\/blog\/#\/schema\/person\/6e3914366051dad316156e63d1d1f8bd"},"headline":"Arch\u00e9ologue de l&rsquo;ann\u00e9e 2022 : Interviews des candidats","datePublished":"2022-01-05T10:45:28+00:00","dateModified":"2022-01-05T10:45:28+00:00","mainEntityOfPage":{"@id":"https:\/\/www.viaromana.org\/blog\/archaeologist-of-the-year-2022-nominee-interviews\/"},"wordCount":1387,"publisher":{"@id":"https:\/\/www.viaromana.org\/blog\/#organization"},"articleSection":["les bonnes pages de l'Arch\u00e9ologie"],"inLanguage":"fr-FR"},{"@type":"WebPage","@id":"https:\/\/www.viaromana.org\/blog\/archaeologist-of-the-year-2022-nominee-interviews\/","url":"https:\/\/www.viaromana.org\/blog\/archaeologist-of-the-year-2022-nominee-interviews\/","name":"Arch\u00e9ologue de l'ann\u00e9e 2022 : Interviews des candidats - Viaromana et arch\u00e9ologie.","isPartOf":{"@id":"https:\/\/www.viaromana.org\/blog\/#website"},"datePublished":"2022-01-05T10:45:28+00:00","dateModified":"2022-01-05T10:45:28+00:00","description":"Arch\u00e9ologue de l'ann\u00e9e 2022 : Interviews des candidats article de Viaromana et arch\u00e9ologie.","breadcrumb":{"@id":"https:\/\/www.viaromana.org\/blog\/archaeologist-of-the-year-2022-nominee-interviews\/#breadcrumb"},"inLanguage":"fr-FR","potentialAction":[{"@type":"ReadAction","target":["https:\/\/www.viaromana.org\/blog\/archaeologist-of-the-year-2022-nominee-interviews\/"]}]},{"@type":"BreadcrumbList","@id":"https:\/\/www.viaromana.org\/blog\/archaeologist-of-the-year-2022-nominee-interviews\/#breadcrumb","itemListElement":[{"@type":"ListItem","position":1,"name":"Accueil","item":"https:\/\/www.viaromana.org\/blog\/"},{"@type":"ListItem","position":2,"name":"Arch\u00e9ologue de l&rsquo;ann\u00e9e 2022 : Interviews des candidats"}]},{"@type":"WebSite","@id":"https:\/\/www.viaromana.org\/blog\/#website","url":"https:\/\/www.viaromana.org\/blog\/","name":"Viaromana et arch\u00e9ologie.","description":"Site arch\u00e9ologique de la voie romaine (viaromana) Belgique-France-Rome","publisher":{"@id":"https:\/\/www.viaromana.org\/blog\/#organization"},"potentialAction":[{"@type":"SearchAction","target":{"@type":"EntryPoint","urlTemplate":"https:\/\/www.viaromana.org\/blog\/?s={search_term_string}"},"query-input":"required name=search_term_string"}],"inLanguage":"fr-FR"},{"@type":"Organization","@id":"https:\/\/www.viaromana.org\/blog\/#organization","name":"viaromana","url":"https:\/\/www.viaromana.org\/blog\/","logo":{"@type":"ImageObject","inLanguage":"fr-FR","@id":"https:\/\/www.viaromana.org\/blog\/#\/schema\/logo\/image\/","url":"https:\/\/www.viaromana.org\/blog\/wp-content\/uploads\/2021\/12\/logo-3.png","contentUrl":"https:\/\/www.viaromana.org\/blog\/wp-content\/uploads\/2021\/12\/logo-3.png","width":300,"height":249,"caption":"viaromana"},"image":{"@id":"https:\/\/www.viaromana.org\/blog\/#\/schema\/logo\/image\/"}},{"@type":"Person","@id":"https:\/\/www.viaromana.org\/blog\/#\/schema\/person\/6e3914366051dad316156e63d1d1f8bd","name":"Joseph Barbier","image":{"@type":"ImageObject","inLanguage":"fr-FR","@id":"https:\/\/www.viaromana.org\/blog\/#\/schema\/person\/image\/","url":"https:\/\/secure.gravatar.com\/avatar\/9845d0288498aa146fbce51fa517303f?s=96&d=mm&r=g","contentUrl":"https:\/\/secure.gravatar.com\/avatar\/9845d0288498aa146fbce51fa517303f?s=96&d=mm&r=g","caption":"Joseph Barbier"},"url":"https:\/\/www.viaromana.org\/blog\/author\/anajoseph\/"}]}},"_links":{"self":[{"href":"https:\/\/www.viaromana.org\/blog\/wp-json\/wp\/v2\/posts\/258"}],"collection":[{"href":"https:\/\/www.viaromana.org\/blog\/wp-json\/wp\/v2\/posts"}],"about":[{"href":"https:\/\/www.viaromana.org\/blog\/wp-json\/wp\/v2\/types\/post"}],"author":[{"embeddable":true,"href":"https:\/\/www.viaromana.org\/blog\/wp-json\/wp\/v2\/users\/2"}],"replies":[{"embeddable":true,"href":"https:\/\/www.viaromana.org\/blog\/wp-json\/wp\/v2\/comments?post=258"}],"version-history":[{"count":0,"href":"https:\/\/www.viaromana.org\/blog\/wp-json\/wp\/v2\/posts\/258\/revisions"}],"wp:featuredmedia":[{"embeddable":true,"href":"https:\/\/www.viaromana.org\/blog\/wp-json\/wp\/v2\/media\/260"}],"wp:attachment":[{"href":"https:\/\/www.viaromana.org\/blog\/wp-json\/wp\/v2\/media?parent=258"}],"wp:term":[{"taxonomy":"category","embeddable":true,"href":"https:\/\/www.viaromana.org\/blog\/wp-json\/wp\/v2\/categories?post=258"},{"taxonomy":"post_tag","embeddable":true,"href":"https:\/\/www.viaromana.org\/blog\/wp-json\/wp\/v2\/tags?post=258"}],"curies":[{"name":"wp","href":"https:\/\/api.w.org\/{rel}","templated":true}]}}