{"id":1864,"date":"2026-04-29T09:49:00","date_gmt":"2026-04-29T07:49:00","guid":{"rendered":"https:\/\/www.site.cdcl.xyz\/2026\/04\/29\/place-de-leglise-mairie-le-point-sur-les-travaux-a-samazan\/"},"modified":"2026-04-29T09:49:00","modified_gmt":"2026-04-29T07:49:00","slug":"place-de-leglise-mairie-le-point-sur-les-travaux-a-samazan","status":"publish","type":"post","link":"https:\/\/www.viaromana.org\/blog\/place-de-leglise-mairie-le-point-sur-les-travaux-a-samazan\/","title":{"rendered":"Place de l&rsquo;\u00e9glise, mairie, le point sur les travaux \u00e0 Samazan"},"content":{"rendered":"<div>\n<div class=\"ac-article-date\">\n<p> Par<br \/><strong><br \/>R\u00e9daction Le R\u00e9publicain Marmande<br \/><\/strong><br \/><span><\/span><\/p>\n<p> Publi\u00e9 le<\/p>\n<p>12 juillet. 2024 \u00e0 12h16 <\/p>\n<\/div>\n<p>Planifi\u00e9s depuis plus d&rsquo;un an, les travaux ont enfin d\u00e9but\u00e9 pour l&rsquo;extension du lotissement pr\u00e9vu pour accueillir 22 logements individuels \u00e0 Samazan (Lot-et-Garonne).<\/p>\n<p class=\" wall-content\">Jusqu&rsquo;\u00e0 pr\u00e9sent les conditions m\u00e9t\u00e9orologiques avaient emp\u00each\u00e9 les moteurs d&rsquo;entrer en action pour pr\u00e9parer le terrassement et commencer, enfin, de couler les fondations.<\/p>\n<h2 class=\" wall-content\">Sol et murs de l&rsquo;\u00e9glise r\u00e9nov\u00e9s<\/h2>\n<p class=\" wall-content\">Annonc\u00e9s lors de la c\u00e9r\u00e9monie des v\u0153ux au cours de laquelle l&rsquo;\u00e9dile de Samazan, Bernard Monpouillan, avait r\u00e9v\u00e9l\u00e9 son intention de r\u00e9nover compl\u00e8tement la place de l&rsquo;\u00e9glise, les travaux de restauration de l&rsquo;\u00e9glise, quant \u00e0 eux, continuent.<\/p>\n<p class=\" wall-content\">Apr\u00e8s la r\u00e9fection de la toiture, la pose d&rsquo;une horloge, la reprise des \u00e9vacuations des eaux pluviales et des rebords des fen\u00eatres, une premi\u00e8re soci\u00e9t\u00e9 s&rsquo;est attaqu\u00e9e \u00e0 remplacer les carreaux cass\u00e9s qui recouvrent le sol de l&rsquo;\u00e9glise tandis qu&rsquo;une seconde s&rsquo;affaire \u00e0 nettoyer les pierres des fa\u00e7ades ext\u00e9rieures.<\/p>\n<h2 class=\" wall-content\">Une nouvelle piste de danse<\/h2>\n<p class=\" wall-content\">La salle culturelle pour sa part n&rsquo;est pas en reste. La semaine derni\u00e8re, la soci\u00e9t\u00e9 Capstyle est venue remplacer le parquet de la piste de danse, \u00e0 la grande satisfaction des usagers qui pourront donc continuer \u00e0 profiter des infrastructures remarquables propos\u00e9es par la municipalit\u00e9.<\/p>\n<figure id=\"dailymotion-embed-x7dyep\" class=\"ac-embed ac-embed--dailymotion ac-embed--inread3\" data-provider=\"dailymotion\"><figcaption>Vid\u00e9os : en ce moment sur Actu<\/figcaption><\/figure>\n<p class=\" wall-content\">Enfin, la couverture photovolta\u00efque des ombri\u00e8res solaires \u00e9tant achev\u00e9e, la remise en \u00e9tat du parking est en cours et devrait \u00eatre termin\u00e9e cet \u00e9t\u00e9.<\/p>\n<p class=\" wall-content\">Pour rappel, les travaux d&rsquo;extension du pr\u00e9au de l&rsquo;\u00e9cole et la construction de l&rsquo;appentis devraient commencer d\u00e8s le d\u00e9but des vacances scolaires.<\/p>\n<p class=\" wall-content\"><i>Personnalisez votre actualit\u00e9 en ajoutant vos villes et m\u00e9dias en favoris avec Mon Actu.<\/i><\/p>\n<\/div>\n","protected":false},"excerpt":{"rendered":"<p>ParR\u00e9daction Le R\u00e9publicain Marmande Publi\u00e9 le 12 juillet. 2024 \u00e0 12h16 Planifi\u00e9s depuis plus d&rsquo;un an, les travaux ont enfin d\u00e9but\u00e9 pour l&rsquo;extension du lotissement pr\u00e9vu pour accueillir 22 logements individuels \u00e0 Samazan (Lot-et-Garonne). Jusqu&rsquo;\u00e0 pr\u00e9sent les conditions m\u00e9t\u00e9orologiques avaient emp\u00each\u00e9 les moteurs d&rsquo;entrer en action pour pr\u00e9parer le terrassement et commencer, enfin, de couler les fondations. Sol et murs de l&rsquo;\u00e9glise r\u00e9nov\u00e9s Annonc\u00e9s lors de la c\u00e9r\u00e9monie des v\u0153ux au cours de laquelle l&rsquo;\u00e9dile de Samazan, Bernard Monpouillan, avait r\u00e9v\u00e9l\u00e9 son intention de r\u00e9nover compl\u00e8tement la place de l&rsquo;\u00e9glise, les travaux de restauration de l&rsquo;\u00e9glise, quant \u00e0 eux, continuent.\u2026<\/p>\n","protected":false},"author":1,"featured_media":0,"comment_status":"closed","ping_status":"closed","sticky":false,"template":"","format":"standard","meta":{"footnotes":""},"categories":[2],"tags":[],"blocksy_meta":{"styles_descriptor":{"styles":{"desktop":"","tablet":"","mobile":""},"google_fonts":[],"version":4}},"yoast_head":"<!-- This site is optimized with the Yoast SEO plugin v21.1 - https:\/\/yoast.com\/wordpress\/plugins\/seo\/ -->\n<title>Place de l&#039;\u00e9glise, mairie, le point sur les travaux \u00e0 Samazan - Viaromana et arch\u00e9ologie.<\/title>\n<meta name=\"description\" content=\"Place de l&#039;\u00e9glise, mairie, le point sur les travaux \u00e0 Samazan article de Viaromana et arch\u00e9ologie.\" \/>\n<meta name=\"robots\" content=\"index, follow, max-snippet:-1, max-image-preview:large, max-video-preview:-1\" \/>\n<link rel=\"canonical\" href=\"https:\/\/www.viaromana.org\/blog\/place-de-leglise-mairie-le-point-sur-les-travaux-a-samazan\/\" \/>\n<meta property=\"og:locale\" content=\"fr_FR\" \/>\n<meta property=\"og:type\" content=\"article\" \/>\n<meta property=\"og:title\" content=\"Place de l&#039;\u00e9glise, mairie, le point sur les travaux \u00e0 Samazan - Viaromana et arch\u00e9ologie.\" \/>\n<meta property=\"og:description\" content=\"Place de l&#039;\u00e9glise, mairie, le point sur les travaux \u00e0 Samazan article de Viaromana et arch\u00e9ologie.\" \/>\n<meta property=\"og:url\" content=\"https:\/\/www.viaromana.org\/blog\/place-de-leglise-mairie-le-point-sur-les-travaux-a-samazan\/\" \/>\n<meta property=\"og:site_name\" content=\"Viaromana et arch\u00e9ologie.\" \/>\n<meta property=\"article:published_time\" content=\"2026-04-29T07:49:00+00:00\" \/>\n<meta name=\"author\" content=\"Robert\" \/>\n<meta name=\"twitter:card\" content=\"summary_large_image\" \/>\n<meta name=\"twitter:label1\" content=\"\u00c9crit par\" \/>\n\t<meta name=\"twitter:data1\" content=\"Robert\" \/>\n\t<meta name=\"twitter:label2\" content=\"Dur\u00e9e de lecture estim\u00e9e\" \/>\n\t<meta name=\"twitter:data2\" content=\"2 minutes\" \/>\n<script type=\"application\/ld+json\" class=\"yoast-schema-graph\">{\"@context\":\"https:\/\/schema.org\",\"@graph\":[{\"@type\":\"Article\",\"@id\":\"https:\/\/www.viaromana.org\/blog\/place-de-leglise-mairie-le-point-sur-les-travaux-a-samazan\/#article\",\"isPartOf\":{\"@id\":\"https:\/\/www.viaromana.org\/blog\/place-de-leglise-mairie-le-point-sur-les-travaux-a-samazan\/\"},\"author\":{\"name\":\"Robert\",\"@id\":\"https:\/\/www.viaromana.org\/blog\/#\/schema\/person\/cde9c4655845091e1fe473fcd163c889\"},\"headline\":\"Place de l&rsquo;\u00e9glise, mairie, le point sur les travaux \u00e0 Samazan\",\"datePublished\":\"2026-04-29T07:49:00+00:00\",\"dateModified\":\"2026-04-29T07:49:00+00:00\",\"mainEntityOfPage\":{\"@id\":\"https:\/\/www.viaromana.org\/blog\/place-de-leglise-mairie-le-point-sur-les-travaux-a-samazan\/\"},\"wordCount\":324,\"publisher\":{\"@id\":\"https:\/\/www.viaromana.org\/blog\/#organization\"},\"articleSection\":[\"Arch\u00e9ologie\"],\"inLanguage\":\"fr-FR\"},{\"@type\":\"WebPage\",\"@id\":\"https:\/\/www.viaromana.org\/blog\/place-de-leglise-mairie-le-point-sur-les-travaux-a-samazan\/\",\"url\":\"https:\/\/www.viaromana.org\/blog\/place-de-leglise-mairie-le-point-sur-les-travaux-a-samazan\/\",\"name\":\"Place de l'\u00e9glise, mairie, le point sur les travaux \u00e0 Samazan - Viaromana et arch\u00e9ologie.\",\"isPartOf\":{\"@id\":\"https:\/\/www.viaromana.org\/blog\/#website\"},\"datePublished\":\"2026-04-29T07:49:00+00:00\",\"dateModified\":\"2026-04-29T07:49:00+00:00\",\"description\":\"Place de l'\u00e9glise, mairie, le point sur les travaux \u00e0 Samazan article de Viaromana et arch\u00e9ologie.\",\"breadcrumb\":{\"@id\":\"https:\/\/www.viaromana.org\/blog\/place-de-leglise-mairie-le-point-sur-les-travaux-a-samazan\/#breadcrumb\"},\"inLanguage\":\"fr-FR\",\"potentialAction\":[{\"@type\":\"ReadAction\",\"target\":[\"https:\/\/www.viaromana.org\/blog\/place-de-leglise-mairie-le-point-sur-les-travaux-a-samazan\/\"]}]},{\"@type\":\"BreadcrumbList\",\"@id\":\"https:\/\/www.viaromana.org\/blog\/place-de-leglise-mairie-le-point-sur-les-travaux-a-samazan\/#breadcrumb\",\"itemListElement\":[{\"@type\":\"ListItem\",\"position\":1,\"name\":\"Accueil\",\"item\":\"https:\/\/www.viaromana.org\/blog\/\"},{\"@type\":\"ListItem\",\"position\":2,\"name\":\"Place de l&rsquo;\u00e9glise, mairie, le point sur les travaux \u00e0 Samazan\"}]},{\"@type\":\"WebSite\",\"@id\":\"https:\/\/www.viaromana.org\/blog\/#website\",\"url\":\"https:\/\/www.viaromana.org\/blog\/\",\"name\":\"Viaromana et arch\u00e9ologie.\",\"description\":\"Site arch\u00e9ologique de la voie romaine (viaromana) Belgique-France-Rome\",\"publisher\":{\"@id\":\"https:\/\/www.viaromana.org\/blog\/#organization\"},\"potentialAction\":[{\"@type\":\"SearchAction\",\"target\":{\"@type\":\"EntryPoint\",\"urlTemplate\":\"https:\/\/www.viaromana.org\/blog\/?s={search_term_string}\"},\"query-input\":\"required name=search_term_string\"}],\"inLanguage\":\"fr-FR\"},{\"@type\":\"Organization\",\"@id\":\"https:\/\/www.viaromana.org\/blog\/#organization\",\"name\":\"viaromana\",\"url\":\"https:\/\/www.viaromana.org\/blog\/\",\"logo\":{\"@type\":\"ImageObject\",\"inLanguage\":\"fr-FR\",\"@id\":\"https:\/\/www.viaromana.org\/blog\/#\/schema\/logo\/image\/\",\"url\":\"https:\/\/www.viaromana.org\/blog\/wp-content\/uploads\/2021\/12\/logo-3.png\",\"contentUrl\":\"https:\/\/www.viaromana.org\/blog\/wp-content\/uploads\/2021\/12\/logo-3.png\",\"width\":300,\"height\":249,\"caption\":\"viaromana\"},\"image\":{\"@id\":\"https:\/\/www.viaromana.org\/blog\/#\/schema\/logo\/image\/\"}},{\"@type\":\"Person\",\"@id\":\"https:\/\/www.viaromana.org\/blog\/#\/schema\/person\/cde9c4655845091e1fe473fcd163c889\",\"name\":\"Robert\",\"image\":{\"@type\":\"ImageObject\",\"inLanguage\":\"fr-FR\",\"@id\":\"https:\/\/www.viaromana.org\/blog\/#\/schema\/person\/image\/\",\"url\":\"https:\/\/secure.gravatar.com\/avatar\/a168ec191013b636c2f278aec04e724b?s=96&d=mm&r=g\",\"contentUrl\":\"https:\/\/secure.gravatar.com\/avatar\/a168ec191013b636c2f278aec04e724b?s=96&d=mm&r=g\",\"caption\":\"Robert\"},\"sameAs\":[\"https:\/\/www.viaromana.org\/blog\"],\"url\":\"https:\/\/www.viaromana.org\/blog\/author\/anaadmin\/\"}]}<\/script>\n<!-- \/ Yoast SEO plugin. -->","yoast_head_json":{"title":"Place de l'\u00e9glise, mairie, le point sur les travaux \u00e0 Samazan - Viaromana et arch\u00e9ologie.","description":"Place de l'\u00e9glise, mairie, le point sur les travaux \u00e0 Samazan article de Viaromana et arch\u00e9ologie.","robots":{"index":"index","follow":"follow","max-snippet":"max-snippet:-1","max-image-preview":"max-image-preview:large","max-video-preview":"max-video-preview:-1"},"canonical":"https:\/\/www.viaromana.org\/blog\/place-de-leglise-mairie-le-point-sur-les-travaux-a-samazan\/","og_locale":"fr_FR","og_type":"article","og_title":"Place de l'\u00e9glise, mairie, le point sur les travaux \u00e0 Samazan - Viaromana et arch\u00e9ologie.","og_description":"Place de l'\u00e9glise, mairie, le point sur les travaux \u00e0 Samazan article de Viaromana et arch\u00e9ologie.","og_url":"https:\/\/www.viaromana.org\/blog\/place-de-leglise-mairie-le-point-sur-les-travaux-a-samazan\/","og_site_name":"Viaromana et arch\u00e9ologie.","article_published_time":"2026-04-29T07:49:00+00:00","author":"Robert","twitter_card":"summary_large_image","twitter_misc":{"\u00c9crit par":"Robert","Dur\u00e9e de lecture estim\u00e9e":"2 minutes"},"schema":{"@context":"https:\/\/schema.org","@graph":[{"@type":"Article","@id":"https:\/\/www.viaromana.org\/blog\/place-de-leglise-mairie-le-point-sur-les-travaux-a-samazan\/#article","isPartOf":{"@id":"https:\/\/www.viaromana.org\/blog\/place-de-leglise-mairie-le-point-sur-les-travaux-a-samazan\/"},"author":{"name":"Robert","@id":"https:\/\/www.viaromana.org\/blog\/#\/schema\/person\/cde9c4655845091e1fe473fcd163c889"},"headline":"Place de l&rsquo;\u00e9glise, mairie, le point sur les travaux \u00e0 Samazan","datePublished":"2026-04-29T07:49:00+00:00","dateModified":"2026-04-29T07:49:00+00:00","mainEntityOfPage":{"@id":"https:\/\/www.viaromana.org\/blog\/place-de-leglise-mairie-le-point-sur-les-travaux-a-samazan\/"},"wordCount":324,"publisher":{"@id":"https:\/\/www.viaromana.org\/blog\/#organization"},"articleSection":["Arch\u00e9ologie"],"inLanguage":"fr-FR"},{"@type":"WebPage","@id":"https:\/\/www.viaromana.org\/blog\/place-de-leglise-mairie-le-point-sur-les-travaux-a-samazan\/","url":"https:\/\/www.viaromana.org\/blog\/place-de-leglise-mairie-le-point-sur-les-travaux-a-samazan\/","name":"Place de l'\u00e9glise, mairie, le point sur les travaux \u00e0 Samazan - Viaromana et arch\u00e9ologie.","isPartOf":{"@id":"https:\/\/www.viaromana.org\/blog\/#website"},"datePublished":"2026-04-29T07:49:00+00:00","dateModified":"2026-04-29T07:49:00+00:00","description":"Place de l'\u00e9glise, mairie, le point sur les travaux \u00e0 Samazan article de Viaromana et arch\u00e9ologie.","breadcrumb":{"@id":"https:\/\/www.viaromana.org\/blog\/place-de-leglise-mairie-le-point-sur-les-travaux-a-samazan\/#breadcrumb"},"inLanguage":"fr-FR","potentialAction":[{"@type":"ReadAction","target":["https:\/\/www.viaromana.org\/blog\/place-de-leglise-mairie-le-point-sur-les-travaux-a-samazan\/"]}]},{"@type":"BreadcrumbList","@id":"https:\/\/www.viaromana.org\/blog\/place-de-leglise-mairie-le-point-sur-les-travaux-a-samazan\/#breadcrumb","itemListElement":[{"@type":"ListItem","position":1,"name":"Accueil","item":"https:\/\/www.viaromana.org\/blog\/"},{"@type":"ListItem","position":2,"name":"Place de l&rsquo;\u00e9glise, mairie, le point sur les travaux \u00e0 Samazan"}]},{"@type":"WebSite","@id":"https:\/\/www.viaromana.org\/blog\/#website","url":"https:\/\/www.viaromana.org\/blog\/","name":"Viaromana et arch\u00e9ologie.","description":"Site arch\u00e9ologique de la voie romaine (viaromana) Belgique-France-Rome","publisher":{"@id":"https:\/\/www.viaromana.org\/blog\/#organization"},"potentialAction":[{"@type":"SearchAction","target":{"@type":"EntryPoint","urlTemplate":"https:\/\/www.viaromana.org\/blog\/?s={search_term_string}"},"query-input":"required name=search_term_string"}],"inLanguage":"fr-FR"},{"@type":"Organization","@id":"https:\/\/www.viaromana.org\/blog\/#organization","name":"viaromana","url":"https:\/\/www.viaromana.org\/blog\/","logo":{"@type":"ImageObject","inLanguage":"fr-FR","@id":"https:\/\/www.viaromana.org\/blog\/#\/schema\/logo\/image\/","url":"https:\/\/www.viaromana.org\/blog\/wp-content\/uploads\/2021\/12\/logo-3.png","contentUrl":"https:\/\/www.viaromana.org\/blog\/wp-content\/uploads\/2021\/12\/logo-3.png","width":300,"height":249,"caption":"viaromana"},"image":{"@id":"https:\/\/www.viaromana.org\/blog\/#\/schema\/logo\/image\/"}},{"@type":"Person","@id":"https:\/\/www.viaromana.org\/blog\/#\/schema\/person\/cde9c4655845091e1fe473fcd163c889","name":"Robert","image":{"@type":"ImageObject","inLanguage":"fr-FR","@id":"https:\/\/www.viaromana.org\/blog\/#\/schema\/person\/image\/","url":"https:\/\/secure.gravatar.com\/avatar\/a168ec191013b636c2f278aec04e724b?s=96&d=mm&r=g","contentUrl":"https:\/\/secure.gravatar.com\/avatar\/a168ec191013b636c2f278aec04e724b?s=96&d=mm&r=g","caption":"Robert"},"sameAs":["https:\/\/www.viaromana.org\/blog"],"url":"https:\/\/www.viaromana.org\/blog\/author\/anaadmin\/"}]}},"_links":{"self":[{"href":"https:\/\/www.viaromana.org\/blog\/wp-json\/wp\/v2\/posts\/1864"}],"collection":[{"href":"https:\/\/www.viaromana.org\/blog\/wp-json\/wp\/v2\/posts"}],"about":[{"href":"https:\/\/www.viaromana.org\/blog\/wp-json\/wp\/v2\/types\/post"}],"author":[{"embeddable":true,"href":"https:\/\/www.viaromana.org\/blog\/wp-json\/wp\/v2\/users\/1"}],"replies":[{"embeddable":true,"href":"https:\/\/www.viaromana.org\/blog\/wp-json\/wp\/v2\/comments?post=1864"}],"version-history":[{"count":0,"href":"https:\/\/www.viaromana.org\/blog\/wp-json\/wp\/v2\/posts\/1864\/revisions"}],"wp:attachment":[{"href":"https:\/\/www.viaromana.org\/blog\/wp-json\/wp\/v2\/media?parent=1864"}],"wp:term":[{"taxonomy":"category","embeddable":true,"href":"https:\/\/www.viaromana.org\/blog\/wp-json\/wp\/v2\/categories?post=1864"},{"taxonomy":"post_tag","embeddable":true,"href":"https:\/\/www.viaromana.org\/blog\/wp-json\/wp\/v2\/tags?post=1864"}],"curies":[{"name":"wp","href":"https:\/\/api.w.org\/{rel}","templated":true}]}}