{"id":1845,"date":"2025-05-19T13:01:00","date_gmt":"2025-05-19T11:01:00","guid":{"rendered":"https:\/\/www.site.cdcl.xyz\/2025\/05\/19\/a-iznik-une-mosaique-chretienne-ravive-linteret-le-site-du-site-du-premier-avant\/"},"modified":"2025-05-19T13:01:00","modified_gmt":"2025-05-19T11:01:00","slug":"a-iznik-une-mosaique-chretienne-ravive-linteret-le-site-du-site-du-premier-avant","status":"publish","type":"post","link":"https:\/\/www.viaromana.org\/blog\/a-iznik-une-mosaique-chretienne-ravive-linteret-le-site-du-site-du-premier-avant\/","title":{"rendered":"\u00c0 iznik une mosa\u00efque chr\u00e9tienne ravive L&rsquo;int\u00e9r\u00eat le site du site du premier avant"},"content":{"rendered":"<div>\n<p><em>\u00c0 Quelques Mois du 1700e anniversaire du concile de Nic\u00e9e, un \u00e9v\u00e9n\u00e9ment Fondateur du Christianisme, La Ville Turque d&rsquo;Iznik tenue de Nouveau l&rsquo;attention Mondiale. En cause: La decouverte, Lors de Fouilles de Fondation dans le Quartier de Beyler, de Mosa\u00efques Dataes par les archit\u00e9ologues Entre le Ier et le ive Si\u00e8cle, potentielment contemporaines du Christ. CES Vestiges at \u00e9t\u00e9 mis au Jour par des \u00e9quipes locales en lien Avec les autorises culturelles de bursa, alors que le Vatican Pr\u00e9pare la Visite du Pape L\u00e9on Xiv, Successteur de Fran\u00e7ois, Qui avait exprim\u00e9 le Souhaite de Seredr\u00e9 <\/em><\/p>\n<h2>Le Souffle des Origines Chr\u00e9tiennes \u00e0 Beyler<\/h2>\n<p>Les Mosa\u00efques D\u00e9couvertes \u00e0 Beyler Pr\u00e9sentant un Rare Homog\u00e9n\u00e9it\u00e9 dans Leur Composition et une Finesse d&rsquo;Ex\u00e9cution Quitonne Les Sp\u00e9cialistes. Leur \u00c9Tat de Conservation Exceptionnel, Malgr\u00e9 Les Si\u00e8cles, Perm\u00e9t Une Conf\u00e9rence Claire des Motifs et UNUTUDE Approfie de Leurs Caract\u00e9riques. Le Cerf, Souvent Associ\u00e9 dans les textes Patristiques \u00e0 l&rsquo;\u00e2me en Qu\u00eate de Deuu, Renvoie aux Psaumes Bibliques. Le Navire symbolise la fr\u00e9quence de l&rsquo;\u00c9glise primitive, affrontant les temp\u00eates du monde pour conduire les croyants vers le salut. CES Images Sugg\u00e8rent Un usage cat\u00e9ch\u00e9tique, Voigique Voigique, dans un espace domestique ou Communautaire Encore non identifi\u00e9.<\/p>\n<div id=\"attachment_199774\" class=\"wp-caption alignnone\"><span class=\"image-with-copyright\"><span class=\"wrap-img\" id=\"wrap-img-199774\"><img decoding=\"async\" aria-describedby=\"caption-attachment-199774\" class=\"wp-image-199774 img-responsive \" src=\"https:\/\/www.viaromana.org\/blog\/wp-content\/uploads\/2025\/05\/a-iznik-une-mosaique-chretienne-ravive-linteret-le-site-du-site-du-premier-avant.png\" alt=\"A-iznik-une-mosaique-chretienne-ravive-L39interet-le-site-du\" width=\"500\" height=\"282\"><\/span><span class=\"copyright_text\"> \u00a9 \u00a9 IHA<\/span><\/span><\/p>\n<p id=\"caption-attachment-199774\" class=\"wp-caption-text\">\u00a9 IHA<\/p>\n<\/div>\n<p>CE Type de Reprisation, Bien que Pr\u00e9sent Ailleurs dans le Bassin M\u00e9diterran\u00e9e, Reste Rare en Anatolie occidentale pour Cette P\u00e9riode. La D\u00e9couverte Vient Donc COMBRER UNE LACune Documentaire sur la Diffusion du Christianisme Hors des Grands Centers Urbains Imperriaux. Elle Renforce L&rsquo;id\u00e9e d&rsquo;Unse implantation Pr\u00e9coce de la Foi Chr\u00e9tienne dans Cette R\u00e9gion Strategique. Unaregion carrefour de routes publicit\u00e9s et de Courants religiiens d\u00e8s l&rsquo;antiquit\u00e9 tardive.<\/p>\n<p>Par ailleurs, les premiers pertinents sugg\u00e9rant que ces ces mosa\u00efques pour le pourraiment appartenir \u00e0 une structure non eccl\u00e9siale, s\u0153ligne <em>Arkeonews<\/em>. Ce qui pose la question de Pratiques Cultuelles Discrates, Avant La Reconnaissance Officelle du Christianisme par Constantin. L&rsquo;ensemble des fragments est un examen d&rsquo;activation par des experts locaux, en coordination des avec les autorises archit\u00e9ologiques de bursa. Des analyse en laboratoire Permettront d&rsquo;Aiffiner la Datation et de Mieux Comprendre le Contexte d&rsquo;implantation de ce d\u00e9cor unique.<\/p>\n<h2>La Visite Papale \u00e0 Iznik: L&rsquo;H\u00e9ritage de Fran\u00e7ois<\/h2>\n<p>La lieu Prochaine du Pape L\u00e9on XIV \u00e0 iznik ne constituant pas le protocole de d\u00e9p\u00f4t de selement un. Elle Porte une dimension M\u00e9morielle et Eccl\u00e9siale Forte, H\u00e9riti\u00e8re du Pape Fran\u00e7ois. CE Dernier N&rsquo;avait Pas Pu R\u00e9aliser ce Projet Avant sa Mort. Ce geste symbolique vise \u00e0 r\u00e9affirmer l&rsquo;importance de nicee dans\u00e9 l&rsquo;Histoire du Christianisme. Non comme simple Lieu d&rsquo;Unt \u00e9v\u00e9nement ancien, mais comme socle vivant de la foi contemporaine. En re-rela\u00e7ant cette cit\u00e9 anatolienne au centre du r\u00e9cit chr\u00e9tien, le Vatican Cherche \u00e0 renouer avec une tradition d&rsquo;Ancrage historique. Une volont\u00e9 qui s&rsquo;inscrit dansans un contexte mondial o les les r\u00e9p\u00e8res spirituals sont souvent rappel en cause.<\/p>\n<div id=\"attachment_199776\" class=\"wp-caption alignnone\"><span class=\"image-with-copyright\"><span class=\"wrap-img\" id=\"wrap-img-199776\"><img decoding=\"async\" aria-describedby=\"caption-attachment-199776\" loading=\"lazy\" class=\"wp-image-199776 img-responsive \" src=\"https:\/\/www.viaromana.org\/blog\/wp-content\/uploads\/2025\/05\/a-iznik-une-mosaique-chretienne-ravive-linteret-le-site-du-site-du-premier-avant-1.png\" alt width=\"500\" height=\"661\"><\/span><span class=\"copyright_text\"> \u00a9 \u00a9 IHA<\/span><\/span><\/p>\n<p id=\"caption-attachment-199776\" class=\"wp-caption-text\">Mosa\u00efques Chr\u00e9tiennes Antiques D\u00e9couvertes \u00e0 Iznik. \u00a9 IHA<\/p>\n<\/div>\n<p>La D\u00e9cision de L\u00e9on XIV interview\u00e9 \u00c9galation \u00e0 un moment Strat\u00e9gique. En 2025, Les \u00c9glises du Monde Enther Marqueront les 1700 Ans du Concile de Nicee. Cette co\u00efncidence Renforce la Port\u00e9e du D\u00c9placement, qui devrait inclusion des Temps de Pri\u00e8re, des Rencontres \u0153cum\u00e9niques et une reconnaissance officielle officielle du R\u00f4le Fondateur d&rsquo;Iznik. Si les Modalit\u00e9s Pr\u00e9cisses de la Visite N&rsquo;ont pas Encore \u00e9t\u00e9 rendu publiques, les services Diplomatiques du Saint-si\u00e8ge ONT Confurm\u00e9 des \u00c9changes Avances avec les autorises Turques.<\/p>\n<h2>Un Chasseur de Tr\u00e9sor Bouleverse le R\u00c9CIT \u00c9TABLI<\/h2>\n<p>En outre, la d\u00e9claration de Mustafa Uysal, ancien fonctionnaire devenu chasseur de tr\u00e9sors, une suscitation in vive attention dans les milieumes mediatiques et arch\u00e9ologiques. Selon Ses Dires, il Aurrait D\u00e9cOUVERT, APPR\u00c8S Plusieurs Ann\u00e9es de Fouilles Priv\u00e9s, UN\u00c9 CI\u00c9 SOUTERRAINE SITUEEE DANS LE DISTRICT D&rsquo;ORHANGAZI, \u00e0 Proxit\u00e9 d&rsquo;Iznik. CE SITE CONTIESTRAIT, D&rsquo;APR\u00c8S LUI, des \u00c9l\u00e9ments d&rsquo;Un Forte Portate Religieuse. Entre Autres: des statues reprisant La Vierge Marie et le Christ, Douze Autels Dispos\u00e9s Autour de ces figures, Ainsi Qu&rsquo;un Sarcophage Qu&rsquo;il Attribue \u00e0 une figure Nomm\u00e9 \u00abPrincesse Niken\u00bb.<\/p>\n<p>Uysal Pr\u00e9sente CETT Structure Comme le V\u00e9rtable Emplacement du Premier Concile de Nicee, Tenu \u00e0 \u0130znik en 325 APRR\u00c8S J.-C. Il N&rsquo;a pour l&rsquo;Instant Fourni Autre pr\u00e9uve arch\u00e9ologique Formelle. Mais il affirme Agoir Pr\u00e9serve L&rsquo;Intigrit\u00e9 du Lieu en pr\u00e9pos\u00e9 contre la finance de 50 millions de dollars, Condition Qu&rsquo;IL Pose pour r\u00e9v\u00e9ler les coordonn\u00e9es expire le site. Il Avance \u00c9galement un potentiel \u00e9cononomique colossal. Il \u00e9value \u00e0 150 Milliards de Dollars La Valeur des Artefacts et Ressources Enfouis dans la Zone.<\/p>\n<p>CES Affirmations Restrent \u00e0 ce Jour non V\u00e9rifi\u00e9s par des experts ind\u00e9pendants. Les Autorites Turques N&rsquo;ont pas Encore Entrepris de Fouilles Officelles Sur le Site \u00c9vot\u00e9. Du C\u00f4t\u00e9 des Milieumes Scientifiques, La Prudence Pr\u00e9vaut, bien que certains Sp\u00e9cialistes Soulignent que Toute D\u00e9coverte Maj\u00e9ure M\u00e9riterait Un examinateur rigoureux, quel Soit Son Initiateur. Si confirm\u00e9, unle telle r\u00e9p\u00e9lation pour les relaxer les Recherches sur la localisation exacte du concile et ouvrir de nouvelles perspectives sur l&rsquo;organisation religieuse de l&rsquo;\u00e9poque.<\/p>\n<h2 class=\"marfeel_last_h2\">Iznik, site de l&rsquo;ONU Entre FOI, CIN\u00c9MA ET PATRIMOINE MONDIAL<\/h2>\n<p>Enfin, non Loin du Site des Mosa\u00efques Chr\u00e9tiennes, une zone unit de la zone <em>Gladiateur<\/em>ne pas le Personnage Principal, Maximus Decimus Meridius, un marqu\u00e9 l&rsquo;imaginaire collection. Certes aunun lien Direct N&rsquo;existe Entre Cette Fiction Hollywoodien et les \u00c9v\u00e9nes Historiques d&rsquo;Iznik. Association Mais Cette illustre la Mani\u00e8re Don&rsquo;t La Culture Populaire Peut Raviver L&rsquo;At\u00e9r\u00eat pour des Lieux Charges d&rsquo;Histoire. \u0130znik, Ancienne Nicee, concentr\u00e9 en effet des strates de r\u00e9cits, entre h\u00e9ritage imp\u00e9rial romain, Fondations du Christianisme et reprosentations contemporaines.<\/p>\n<p>CE Croisment Entre Cin\u00e9ma, Spirituiti et M\u00e9moire Collective Prend une Dimension Particuli\u00e8re AVEC La Visite Annoncree du Pape L\u00e9on XIV. La Pr\u00e9sence du Chef de L&rsquo;\u00c9glise Catholique pourrrait Renforcer Les Appels \u00e0 Inscrire Iznik Au patrimoine Mondial de l&rsquo;uSco. UNE TELLE Reconnaissance Permettrait en Premier Lieu de Pr\u00e9server Ses Vestiges. Dans les deux secondes, il permettrait de structurer un tourisme culturel durable auto-ON-un site unissant r\u00e9cit religoyux, art ancien et portate universelle.<\/p>\n<p>Loin d&rsquo;Un Simple enjeu Religiby, la red\u00e9coverte des mosa\u00efques et les d\u00e9clations controvers\u00e9es la rappel la fragilit\u00e9 et la richesse des traces du pass\u00e9. Iznik s&rsquo;impose aujourd&rsquo;hui comme lieu o\u00f9 o\u00f9 rejoue une partiy de la m\u00e9moire chr\u00e9tienne, entre certitudes archiologiques, interrogation historiques et ambitions culturelles.<\/p>\n<\/div>\n","protected":false},"excerpt":{"rendered":"<p>\u00c0 Quelques Mois du 1700e anniversaire du concile de Nic\u00e9e, un \u00e9v\u00e9n\u00e9ment Fondateur du Christianisme, La Ville Turque d&rsquo;Iznik tenue de Nouveau l&rsquo;attention Mondiale. En cause: La decouverte, Lors de Fouilles de Fondation dans le Quartier de Beyler, de Mosa\u00efques Dataes par les archit\u00e9ologues Entre le Ier et le ive Si\u00e8cle, potentielment contemporaines du Christ. CES Vestiges at \u00e9t\u00e9 mis au Jour par des \u00e9quipes locales en lien Avec les autorises culturelles de bursa, alors que le Vatican Pr\u00e9pare la Visite du Pape L\u00e9on Xiv, Successteur de Fran\u00e7ois, Qui avait exprim\u00e9 le Souhaite de Seredr\u00e9 Le Souffle des Origines Chr\u00e9tiennes\u2026<\/p>\n","protected":false},"author":1,"featured_media":0,"comment_status":"closed","ping_status":"closed","sticky":false,"template":"","format":"standard","meta":{"footnotes":""},"categories":[2],"tags":[],"blocksy_meta":{"styles_descriptor":{"styles":{"desktop":"","tablet":"","mobile":""},"google_fonts":[],"version":4}},"yoast_head":"<!-- This site is optimized with the Yoast SEO plugin v21.1 - https:\/\/yoast.com\/wordpress\/plugins\/seo\/ -->\n<title>\u00c0 iznik une mosa\u00efque chr\u00e9tienne ravive L&#039;int\u00e9r\u00eat le site du site du premier avant - Viaromana et arch\u00e9ologie.<\/title>\n<meta name=\"description\" content=\"\u00c0 iznik une mosa\u00efque chr\u00e9tienne ravive L&#039;int\u00e9r\u00eat le site du site du premier avant article de Viaromana et arch\u00e9ologie.\" \/>\n<meta name=\"robots\" content=\"index, follow, max-snippet:-1, max-image-preview:large, max-video-preview:-1\" \/>\n<link rel=\"canonical\" href=\"https:\/\/www.viaromana.org\/blog\/a-iznik-une-mosaique-chretienne-ravive-linteret-le-site-du-site-du-premier-avant\/\" \/>\n<meta property=\"og:locale\" content=\"fr_FR\" \/>\n<meta property=\"og:type\" content=\"article\" \/>\n<meta property=\"og:title\" content=\"\u00c0 iznik une mosa\u00efque chr\u00e9tienne ravive L&#039;int\u00e9r\u00eat le site du site du premier avant - Viaromana et arch\u00e9ologie.\" \/>\n<meta property=\"og:description\" content=\"\u00c0 iznik une mosa\u00efque chr\u00e9tienne ravive L&#039;int\u00e9r\u00eat le site du site du premier avant article de Viaromana et arch\u00e9ologie.\" \/>\n<meta property=\"og:url\" content=\"https:\/\/www.viaromana.org\/blog\/a-iznik-une-mosaique-chretienne-ravive-linteret-le-site-du-site-du-premier-avant\/\" \/>\n<meta property=\"og:site_name\" content=\"Viaromana et arch\u00e9ologie.\" \/>\n<meta property=\"article:published_time\" content=\"2025-05-19T11:01:00+00:00\" \/>\n<meta property=\"og:image\" content=\"https:\/\/www.viaromana.org\/blog\/wp-content\/uploads\/2025\/05\/a-iznik-une-mosaique-chretienne-ravive-linteret-le-site-du-site-du-premier-avant.png\" \/>\n<meta name=\"author\" content=\"Robert\" \/>\n<meta name=\"twitter:card\" content=\"summary_large_image\" \/>\n<meta name=\"twitter:label1\" content=\"\u00c9crit par\" \/>\n\t<meta name=\"twitter:data1\" content=\"Robert\" \/>\n\t<meta name=\"twitter:label2\" content=\"Dur\u00e9e de lecture estim\u00e9e\" \/>\n\t<meta name=\"twitter:data2\" content=\"6 minutes\" \/>\n<script type=\"application\/ld+json\" class=\"yoast-schema-graph\">{\"@context\":\"https:\/\/schema.org\",\"@graph\":[{\"@type\":\"Article\",\"@id\":\"https:\/\/www.viaromana.org\/blog\/a-iznik-une-mosaique-chretienne-ravive-linteret-le-site-du-site-du-premier-avant\/#article\",\"isPartOf\":{\"@id\":\"https:\/\/www.viaromana.org\/blog\/a-iznik-une-mosaique-chretienne-ravive-linteret-le-site-du-site-du-premier-avant\/\"},\"author\":{\"name\":\"Robert\",\"@id\":\"https:\/\/www.viaromana.org\/blog\/#\/schema\/person\/cde9c4655845091e1fe473fcd163c889\"},\"headline\":\"\u00c0 iznik une mosa\u00efque chr\u00e9tienne ravive L&rsquo;int\u00e9r\u00eat le site du site du premier avant\",\"datePublished\":\"2025-05-19T11:01:00+00:00\",\"dateModified\":\"2025-05-19T11:01:00+00:00\",\"mainEntityOfPage\":{\"@id\":\"https:\/\/www.viaromana.org\/blog\/a-iznik-une-mosaique-chretienne-ravive-linteret-le-site-du-site-du-premier-avant\/\"},\"wordCount\":1178,\"publisher\":{\"@id\":\"https:\/\/www.viaromana.org\/blog\/#organization\"},\"articleSection\":[\"Arch\u00e9ologie\"],\"inLanguage\":\"fr-FR\"},{\"@type\":\"WebPage\",\"@id\":\"https:\/\/www.viaromana.org\/blog\/a-iznik-une-mosaique-chretienne-ravive-linteret-le-site-du-site-du-premier-avant\/\",\"url\":\"https:\/\/www.viaromana.org\/blog\/a-iznik-une-mosaique-chretienne-ravive-linteret-le-site-du-site-du-premier-avant\/\",\"name\":\"\u00c0 iznik une mosa\u00efque chr\u00e9tienne ravive L'int\u00e9r\u00eat le site du site du premier avant - Viaromana et arch\u00e9ologie.\",\"isPartOf\":{\"@id\":\"https:\/\/www.viaromana.org\/blog\/#website\"},\"datePublished\":\"2025-05-19T11:01:00+00:00\",\"dateModified\":\"2025-05-19T11:01:00+00:00\",\"description\":\"\u00c0 iznik une mosa\u00efque chr\u00e9tienne ravive L'int\u00e9r\u00eat le site du site du premier avant article de Viaromana et arch\u00e9ologie.\",\"breadcrumb\":{\"@id\":\"https:\/\/www.viaromana.org\/blog\/a-iznik-une-mosaique-chretienne-ravive-linteret-le-site-du-site-du-premier-avant\/#breadcrumb\"},\"inLanguage\":\"fr-FR\",\"potentialAction\":[{\"@type\":\"ReadAction\",\"target\":[\"https:\/\/www.viaromana.org\/blog\/a-iznik-une-mosaique-chretienne-ravive-linteret-le-site-du-site-du-premier-avant\/\"]}]},{\"@type\":\"BreadcrumbList\",\"@id\":\"https:\/\/www.viaromana.org\/blog\/a-iznik-une-mosaique-chretienne-ravive-linteret-le-site-du-site-du-premier-avant\/#breadcrumb\",\"itemListElement\":[{\"@type\":\"ListItem\",\"position\":1,\"name\":\"Accueil\",\"item\":\"https:\/\/www.viaromana.org\/blog\/\"},{\"@type\":\"ListItem\",\"position\":2,\"name\":\"\u00c0 iznik une mosa\u00efque chr\u00e9tienne ravive L&rsquo;int\u00e9r\u00eat le site du site du premier avant\"}]},{\"@type\":\"WebSite\",\"@id\":\"https:\/\/www.viaromana.org\/blog\/#website\",\"url\":\"https:\/\/www.viaromana.org\/blog\/\",\"name\":\"Viaromana et arch\u00e9ologie.\",\"description\":\"Site arch\u00e9ologique de la voie romaine (viaromana) Belgique-France-Rome\",\"publisher\":{\"@id\":\"https:\/\/www.viaromana.org\/blog\/#organization\"},\"potentialAction\":[{\"@type\":\"SearchAction\",\"target\":{\"@type\":\"EntryPoint\",\"urlTemplate\":\"https:\/\/www.viaromana.org\/blog\/?s={search_term_string}\"},\"query-input\":\"required name=search_term_string\"}],\"inLanguage\":\"fr-FR\"},{\"@type\":\"Organization\",\"@id\":\"https:\/\/www.viaromana.org\/blog\/#organization\",\"name\":\"viaromana\",\"url\":\"https:\/\/www.viaromana.org\/blog\/\",\"logo\":{\"@type\":\"ImageObject\",\"inLanguage\":\"fr-FR\",\"@id\":\"https:\/\/www.viaromana.org\/blog\/#\/schema\/logo\/image\/\",\"url\":\"https:\/\/www.viaromana.org\/blog\/wp-content\/uploads\/2021\/12\/logo-3.png\",\"contentUrl\":\"https:\/\/www.viaromana.org\/blog\/wp-content\/uploads\/2021\/12\/logo-3.png\",\"width\":300,\"height\":249,\"caption\":\"viaromana\"},\"image\":{\"@id\":\"https:\/\/www.viaromana.org\/blog\/#\/schema\/logo\/image\/\"}},{\"@type\":\"Person\",\"@id\":\"https:\/\/www.viaromana.org\/blog\/#\/schema\/person\/cde9c4655845091e1fe473fcd163c889\",\"name\":\"Robert\",\"image\":{\"@type\":\"ImageObject\",\"inLanguage\":\"fr-FR\",\"@id\":\"https:\/\/www.viaromana.org\/blog\/#\/schema\/person\/image\/\",\"url\":\"https:\/\/secure.gravatar.com\/avatar\/a168ec191013b636c2f278aec04e724b?s=96&d=mm&r=g\",\"contentUrl\":\"https:\/\/secure.gravatar.com\/avatar\/a168ec191013b636c2f278aec04e724b?s=96&d=mm&r=g\",\"caption\":\"Robert\"},\"sameAs\":[\"https:\/\/www.viaromana.org\/blog\"],\"url\":\"https:\/\/www.viaromana.org\/blog\/author\/anaadmin\/\"}]}<\/script>\n<!-- \/ Yoast SEO plugin. -->","yoast_head_json":{"title":"\u00c0 iznik une mosa\u00efque chr\u00e9tienne ravive L'int\u00e9r\u00eat le site du site du premier avant - Viaromana et arch\u00e9ologie.","description":"\u00c0 iznik une mosa\u00efque chr\u00e9tienne ravive L'int\u00e9r\u00eat le site du site du premier avant article de Viaromana et arch\u00e9ologie.","robots":{"index":"index","follow":"follow","max-snippet":"max-snippet:-1","max-image-preview":"max-image-preview:large","max-video-preview":"max-video-preview:-1"},"canonical":"https:\/\/www.viaromana.org\/blog\/a-iznik-une-mosaique-chretienne-ravive-linteret-le-site-du-site-du-premier-avant\/","og_locale":"fr_FR","og_type":"article","og_title":"\u00c0 iznik une mosa\u00efque chr\u00e9tienne ravive L'int\u00e9r\u00eat le site du site du premier avant - Viaromana et arch\u00e9ologie.","og_description":"\u00c0 iznik une mosa\u00efque chr\u00e9tienne ravive L'int\u00e9r\u00eat le site du site du premier avant article de Viaromana et arch\u00e9ologie.","og_url":"https:\/\/www.viaromana.org\/blog\/a-iznik-une-mosaique-chretienne-ravive-linteret-le-site-du-site-du-premier-avant\/","og_site_name":"Viaromana et arch\u00e9ologie.","article_published_time":"2025-05-19T11:01:00+00:00","og_image":[{"url":"https:\/\/www.viaromana.org\/blog\/wp-content\/uploads\/2025\/05\/a-iznik-une-mosaique-chretienne-ravive-linteret-le-site-du-site-du-premier-avant.png"}],"author":"Robert","twitter_card":"summary_large_image","twitter_misc":{"\u00c9crit par":"Robert","Dur\u00e9e de lecture estim\u00e9e":"6 minutes"},"schema":{"@context":"https:\/\/schema.org","@graph":[{"@type":"Article","@id":"https:\/\/www.viaromana.org\/blog\/a-iznik-une-mosaique-chretienne-ravive-linteret-le-site-du-site-du-premier-avant\/#article","isPartOf":{"@id":"https:\/\/www.viaromana.org\/blog\/a-iznik-une-mosaique-chretienne-ravive-linteret-le-site-du-site-du-premier-avant\/"},"author":{"name":"Robert","@id":"https:\/\/www.viaromana.org\/blog\/#\/schema\/person\/cde9c4655845091e1fe473fcd163c889"},"headline":"\u00c0 iznik une mosa\u00efque chr\u00e9tienne ravive L&rsquo;int\u00e9r\u00eat le site du site du premier avant","datePublished":"2025-05-19T11:01:00+00:00","dateModified":"2025-05-19T11:01:00+00:00","mainEntityOfPage":{"@id":"https:\/\/www.viaromana.org\/blog\/a-iznik-une-mosaique-chretienne-ravive-linteret-le-site-du-site-du-premier-avant\/"},"wordCount":1178,"publisher":{"@id":"https:\/\/www.viaromana.org\/blog\/#organization"},"articleSection":["Arch\u00e9ologie"],"inLanguage":"fr-FR"},{"@type":"WebPage","@id":"https:\/\/www.viaromana.org\/blog\/a-iznik-une-mosaique-chretienne-ravive-linteret-le-site-du-site-du-premier-avant\/","url":"https:\/\/www.viaromana.org\/blog\/a-iznik-une-mosaique-chretienne-ravive-linteret-le-site-du-site-du-premier-avant\/","name":"\u00c0 iznik une mosa\u00efque chr\u00e9tienne ravive L'int\u00e9r\u00eat le site du site du premier avant - Viaromana et arch\u00e9ologie.","isPartOf":{"@id":"https:\/\/www.viaromana.org\/blog\/#website"},"datePublished":"2025-05-19T11:01:00+00:00","dateModified":"2025-05-19T11:01:00+00:00","description":"\u00c0 iznik une mosa\u00efque chr\u00e9tienne ravive L'int\u00e9r\u00eat le site du site du premier avant article de Viaromana et arch\u00e9ologie.","breadcrumb":{"@id":"https:\/\/www.viaromana.org\/blog\/a-iznik-une-mosaique-chretienne-ravive-linteret-le-site-du-site-du-premier-avant\/#breadcrumb"},"inLanguage":"fr-FR","potentialAction":[{"@type":"ReadAction","target":["https:\/\/www.viaromana.org\/blog\/a-iznik-une-mosaique-chretienne-ravive-linteret-le-site-du-site-du-premier-avant\/"]}]},{"@type":"BreadcrumbList","@id":"https:\/\/www.viaromana.org\/blog\/a-iznik-une-mosaique-chretienne-ravive-linteret-le-site-du-site-du-premier-avant\/#breadcrumb","itemListElement":[{"@type":"ListItem","position":1,"name":"Accueil","item":"https:\/\/www.viaromana.org\/blog\/"},{"@type":"ListItem","position":2,"name":"\u00c0 iznik une mosa\u00efque chr\u00e9tienne ravive L&rsquo;int\u00e9r\u00eat le site du site du premier avant"}]},{"@type":"WebSite","@id":"https:\/\/www.viaromana.org\/blog\/#website","url":"https:\/\/www.viaromana.org\/blog\/","name":"Viaromana et arch\u00e9ologie.","description":"Site arch\u00e9ologique de la voie romaine (viaromana) Belgique-France-Rome","publisher":{"@id":"https:\/\/www.viaromana.org\/blog\/#organization"},"potentialAction":[{"@type":"SearchAction","target":{"@type":"EntryPoint","urlTemplate":"https:\/\/www.viaromana.org\/blog\/?s={search_term_string}"},"query-input":"required name=search_term_string"}],"inLanguage":"fr-FR"},{"@type":"Organization","@id":"https:\/\/www.viaromana.org\/blog\/#organization","name":"viaromana","url":"https:\/\/www.viaromana.org\/blog\/","logo":{"@type":"ImageObject","inLanguage":"fr-FR","@id":"https:\/\/www.viaromana.org\/blog\/#\/schema\/logo\/image\/","url":"https:\/\/www.viaromana.org\/blog\/wp-content\/uploads\/2021\/12\/logo-3.png","contentUrl":"https:\/\/www.viaromana.org\/blog\/wp-content\/uploads\/2021\/12\/logo-3.png","width":300,"height":249,"caption":"viaromana"},"image":{"@id":"https:\/\/www.viaromana.org\/blog\/#\/schema\/logo\/image\/"}},{"@type":"Person","@id":"https:\/\/www.viaromana.org\/blog\/#\/schema\/person\/cde9c4655845091e1fe473fcd163c889","name":"Robert","image":{"@type":"ImageObject","inLanguage":"fr-FR","@id":"https:\/\/www.viaromana.org\/blog\/#\/schema\/person\/image\/","url":"https:\/\/secure.gravatar.com\/avatar\/a168ec191013b636c2f278aec04e724b?s=96&d=mm&r=g","contentUrl":"https:\/\/secure.gravatar.com\/avatar\/a168ec191013b636c2f278aec04e724b?s=96&d=mm&r=g","caption":"Robert"},"sameAs":["https:\/\/www.viaromana.org\/blog"],"url":"https:\/\/www.viaromana.org\/blog\/author\/anaadmin\/"}]}},"_links":{"self":[{"href":"https:\/\/www.viaromana.org\/blog\/wp-json\/wp\/v2\/posts\/1845"}],"collection":[{"href":"https:\/\/www.viaromana.org\/blog\/wp-json\/wp\/v2\/posts"}],"about":[{"href":"https:\/\/www.viaromana.org\/blog\/wp-json\/wp\/v2\/types\/post"}],"author":[{"embeddable":true,"href":"https:\/\/www.viaromana.org\/blog\/wp-json\/wp\/v2\/users\/1"}],"replies":[{"embeddable":true,"href":"https:\/\/www.viaromana.org\/blog\/wp-json\/wp\/v2\/comments?post=1845"}],"version-history":[{"count":0,"href":"https:\/\/www.viaromana.org\/blog\/wp-json\/wp\/v2\/posts\/1845\/revisions"}],"wp:attachment":[{"href":"https:\/\/www.viaromana.org\/blog\/wp-json\/wp\/v2\/media?parent=1845"}],"wp:term":[{"taxonomy":"category","embeddable":true,"href":"https:\/\/www.viaromana.org\/blog\/wp-json\/wp\/v2\/categories?post=1845"},{"taxonomy":"post_tag","embeddable":true,"href":"https:\/\/www.viaromana.org\/blog\/wp-json\/wp\/v2\/tags?post=1845"}],"curies":[{"name":"wp","href":"https:\/\/api.w.org\/{rel}","templated":true}]}}