{"id":1839,"date":"2025-03-31T23:45:00","date_gmt":"2025-03-31T21:45:00","guid":{"rendered":"https:\/\/www.site.cdcl.xyz\/2025\/03\/31\/bruges-capbis-mifaget-le-fonds-de-dotation-pour-la-restauration-de-leglise-de-capbis-rese-de-mobilise\/"},"modified":"2025-03-31T23:45:00","modified_gmt":"2025-03-31T21:45:00","slug":"bruges-capbis-mifaget-le-fonds-de-dotation-pour-la-restauration-de-leglise-de-capbis-rese-de-mobilise","status":"publish","type":"post","link":"https:\/\/www.viaromana.org\/blog\/bruges-capbis-mifaget-le-fonds-de-dotation-pour-la-restauration-de-leglise-de-capbis-rese-de-mobilise\/","title":{"rendered":"Bruges-Capbis-Mifaget: Le Fonds de Dotation pour la restauration de l&rsquo;\u00c9glise de Capbis Rese de Mobilis\u00e9"},"content":{"rendered":"<div>\n<p>Les B\u00e9n\u00e9voles du Fonds de Dotation pour la restauration de l&rsquo;\u00c9glise de Capbis pour les actions les auurs et les divers Soutiens, ne celui pas de Paul Mirat.<\/p>\n<p>Ce Dernier a fait Don des Droits d&rsquo;Aut\u00e9ur de Son Dernier Ouvrage, \u00abZigzags\u00bb, dans lequel il \u00e9voque, Entre Autres Anecdotes, fils Enfance Heureuse dans le village de Capbis. IL PARTAGE CETTE M\u00c9MOIRE \u00c0 CHAQUE PR\u00c9SENTATION DE SON LIVRE, COMME CE FUT LE CAS \u00c0 LA M\u00c9DIATH\u00c8RE DE NAY OU plus R\u00c9CMENT \u00e0 Iron. Son ouvrage est r\u00e9ponce des plons coutes les Bonnes biblioth\u00e8ques.<\/p>\n<p>Par ailleurs, le Samedi 5 Avril \u00e0 20H30, dans l&rsquo;\u00c9glise de Bizanos, Le Group Sol d&rsquo;Italia, Dirig\u00e9 par Laurence Dalla, Donnera Un concert au profit de la restauration de l&rsquo;\u00c9glise de Capbis.<\/p>\n<\/div>\n","protected":false},"excerpt":{"rendered":"<p>Les B\u00e9n\u00e9voles du Fonds de Dotation pour la restauration de l&rsquo;\u00c9glise de Capbis pour les actions les auurs et les divers Soutiens, ne celui pas de Paul Mirat. Ce Dernier a fait Don des Droits d&rsquo;Aut\u00e9ur de Son Dernier Ouvrage, \u00abZigzags\u00bb, dans lequel il \u00e9voque, Entre Autres Anecdotes, fils Enfance Heureuse dans le village de Capbis. IL PARTAGE CETTE M\u00c9MOIRE \u00c0 CHAQUE PR\u00c9SENTATION DE SON LIVRE, COMME CE FUT LE CAS \u00c0 LA M\u00c9DIATH\u00c8RE DE NAY OU plus R\u00c9CMENT \u00e0 Iron. Son ouvrage est r\u00e9ponce des plons coutes les Bonnes biblioth\u00e8ques. Par ailleurs, le Samedi 5 Avril \u00e0 20H30, dans\u2026<\/p>\n","protected":false},"author":1,"featured_media":0,"comment_status":"closed","ping_status":"closed","sticky":false,"template":"","format":"standard","meta":{"footnotes":""},"categories":[2],"tags":[],"blocksy_meta":{"styles_descriptor":{"styles":{"desktop":"","tablet":"","mobile":""},"google_fonts":[],"version":4}},"yoast_head":"<!-- This site is optimized with the Yoast SEO plugin v21.1 - https:\/\/yoast.com\/wordpress\/plugins\/seo\/ -->\n<title>Bruges-Capbis-Mifaget: Le Fonds de Dotation pour la restauration de l&#039;\u00c9glise de Capbis Rese de Mobilis\u00e9 - Viaromana et arch\u00e9ologie.<\/title>\n<meta name=\"description\" content=\"Bruges-Capbis-Mifaget: Le Fonds de Dotation pour la restauration de l&#039;\u00c9glise de Capbis Rese de Mobilis\u00e9 article de Viaromana et arch\u00e9ologie.\" \/>\n<meta name=\"robots\" content=\"index, follow, max-snippet:-1, max-image-preview:large, max-video-preview:-1\" \/>\n<link rel=\"canonical\" href=\"https:\/\/www.viaromana.org\/blog\/bruges-capbis-mifaget-le-fonds-de-dotation-pour-la-restauration-de-leglise-de-capbis-rese-de-mobilise\/\" \/>\n<meta property=\"og:locale\" content=\"fr_FR\" \/>\n<meta property=\"og:type\" content=\"article\" \/>\n<meta property=\"og:title\" content=\"Bruges-Capbis-Mifaget: Le Fonds de Dotation pour la restauration de l&#039;\u00c9glise de Capbis Rese de Mobilis\u00e9 - Viaromana et arch\u00e9ologie.\" \/>\n<meta property=\"og:description\" content=\"Bruges-Capbis-Mifaget: Le Fonds de Dotation pour la restauration de l&#039;\u00c9glise de Capbis Rese de Mobilis\u00e9 article de Viaromana et arch\u00e9ologie.\" \/>\n<meta property=\"og:url\" content=\"https:\/\/www.viaromana.org\/blog\/bruges-capbis-mifaget-le-fonds-de-dotation-pour-la-restauration-de-leglise-de-capbis-rese-de-mobilise\/\" \/>\n<meta property=\"og:site_name\" content=\"Viaromana et arch\u00e9ologie.\" \/>\n<meta property=\"article:published_time\" content=\"2025-03-31T21:45:00+00:00\" \/>\n<meta name=\"author\" content=\"Robert\" \/>\n<meta name=\"twitter:card\" content=\"summary_large_image\" \/>\n<meta name=\"twitter:label1\" content=\"\u00c9crit par\" \/>\n\t<meta name=\"twitter:data1\" content=\"Robert\" \/>\n\t<meta name=\"twitter:label2\" content=\"Dur\u00e9e de lecture estim\u00e9e\" \/>\n\t<meta name=\"twitter:data2\" content=\"1 minute\" \/>\n<script type=\"application\/ld+json\" class=\"yoast-schema-graph\">{\"@context\":\"https:\/\/schema.org\",\"@graph\":[{\"@type\":\"Article\",\"@id\":\"https:\/\/www.viaromana.org\/blog\/bruges-capbis-mifaget-le-fonds-de-dotation-pour-la-restauration-de-leglise-de-capbis-rese-de-mobilise\/#article\",\"isPartOf\":{\"@id\":\"https:\/\/www.viaromana.org\/blog\/bruges-capbis-mifaget-le-fonds-de-dotation-pour-la-restauration-de-leglise-de-capbis-rese-de-mobilise\/\"},\"author\":{\"name\":\"Robert\",\"@id\":\"https:\/\/www.viaromana.org\/blog\/#\/schema\/person\/cde9c4655845091e1fe473fcd163c889\"},\"headline\":\"Bruges-Capbis-Mifaget: Le Fonds de Dotation pour la restauration de l&rsquo;\u00c9glise de Capbis Rese de Mobilis\u00e9\",\"datePublished\":\"2025-03-31T21:45:00+00:00\",\"dateModified\":\"2025-03-31T21:45:00+00:00\",\"mainEntityOfPage\":{\"@id\":\"https:\/\/www.viaromana.org\/blog\/bruges-capbis-mifaget-le-fonds-de-dotation-pour-la-restauration-de-leglise-de-capbis-rese-de-mobilise\/\"},\"wordCount\":149,\"publisher\":{\"@id\":\"https:\/\/www.viaromana.org\/blog\/#organization\"},\"articleSection\":[\"Arch\u00e9ologie\"],\"inLanguage\":\"fr-FR\"},{\"@type\":\"WebPage\",\"@id\":\"https:\/\/www.viaromana.org\/blog\/bruges-capbis-mifaget-le-fonds-de-dotation-pour-la-restauration-de-leglise-de-capbis-rese-de-mobilise\/\",\"url\":\"https:\/\/www.viaromana.org\/blog\/bruges-capbis-mifaget-le-fonds-de-dotation-pour-la-restauration-de-leglise-de-capbis-rese-de-mobilise\/\",\"name\":\"Bruges-Capbis-Mifaget: Le Fonds de Dotation pour la restauration de l'\u00c9glise de Capbis Rese de Mobilis\u00e9 - Viaromana et arch\u00e9ologie.\",\"isPartOf\":{\"@id\":\"https:\/\/www.viaromana.org\/blog\/#website\"},\"datePublished\":\"2025-03-31T21:45:00+00:00\",\"dateModified\":\"2025-03-31T21:45:00+00:00\",\"description\":\"Bruges-Capbis-Mifaget: Le Fonds de Dotation pour la restauration de l'\u00c9glise de Capbis Rese de Mobilis\u00e9 article de Viaromana et arch\u00e9ologie.\",\"breadcrumb\":{\"@id\":\"https:\/\/www.viaromana.org\/blog\/bruges-capbis-mifaget-le-fonds-de-dotation-pour-la-restauration-de-leglise-de-capbis-rese-de-mobilise\/#breadcrumb\"},\"inLanguage\":\"fr-FR\",\"potentialAction\":[{\"@type\":\"ReadAction\",\"target\":[\"https:\/\/www.viaromana.org\/blog\/bruges-capbis-mifaget-le-fonds-de-dotation-pour-la-restauration-de-leglise-de-capbis-rese-de-mobilise\/\"]}]},{\"@type\":\"BreadcrumbList\",\"@id\":\"https:\/\/www.viaromana.org\/blog\/bruges-capbis-mifaget-le-fonds-de-dotation-pour-la-restauration-de-leglise-de-capbis-rese-de-mobilise\/#breadcrumb\",\"itemListElement\":[{\"@type\":\"ListItem\",\"position\":1,\"name\":\"Accueil\",\"item\":\"https:\/\/www.viaromana.org\/blog\/\"},{\"@type\":\"ListItem\",\"position\":2,\"name\":\"Bruges-Capbis-Mifaget: Le Fonds de Dotation pour la restauration de l&rsquo;\u00c9glise de Capbis Rese de Mobilis\u00e9\"}]},{\"@type\":\"WebSite\",\"@id\":\"https:\/\/www.viaromana.org\/blog\/#website\",\"url\":\"https:\/\/www.viaromana.org\/blog\/\",\"name\":\"Viaromana et arch\u00e9ologie.\",\"description\":\"Site arch\u00e9ologique de la voie romaine (viaromana) Belgique-France-Rome\",\"publisher\":{\"@id\":\"https:\/\/www.viaromana.org\/blog\/#organization\"},\"potentialAction\":[{\"@type\":\"SearchAction\",\"target\":{\"@type\":\"EntryPoint\",\"urlTemplate\":\"https:\/\/www.viaromana.org\/blog\/?s={search_term_string}\"},\"query-input\":\"required name=search_term_string\"}],\"inLanguage\":\"fr-FR\"},{\"@type\":\"Organization\",\"@id\":\"https:\/\/www.viaromana.org\/blog\/#organization\",\"name\":\"viaromana\",\"url\":\"https:\/\/www.viaromana.org\/blog\/\",\"logo\":{\"@type\":\"ImageObject\",\"inLanguage\":\"fr-FR\",\"@id\":\"https:\/\/www.viaromana.org\/blog\/#\/schema\/logo\/image\/\",\"url\":\"https:\/\/www.viaromana.org\/blog\/wp-content\/uploads\/2021\/12\/logo-3.png\",\"contentUrl\":\"https:\/\/www.viaromana.org\/blog\/wp-content\/uploads\/2021\/12\/logo-3.png\",\"width\":300,\"height\":249,\"caption\":\"viaromana\"},\"image\":{\"@id\":\"https:\/\/www.viaromana.org\/blog\/#\/schema\/logo\/image\/\"}},{\"@type\":\"Person\",\"@id\":\"https:\/\/www.viaromana.org\/blog\/#\/schema\/person\/cde9c4655845091e1fe473fcd163c889\",\"name\":\"Robert\",\"image\":{\"@type\":\"ImageObject\",\"inLanguage\":\"fr-FR\",\"@id\":\"https:\/\/www.viaromana.org\/blog\/#\/schema\/person\/image\/\",\"url\":\"https:\/\/secure.gravatar.com\/avatar\/a168ec191013b636c2f278aec04e724b?s=96&d=mm&r=g\",\"contentUrl\":\"https:\/\/secure.gravatar.com\/avatar\/a168ec191013b636c2f278aec04e724b?s=96&d=mm&r=g\",\"caption\":\"Robert\"},\"sameAs\":[\"https:\/\/www.viaromana.org\/blog\"],\"url\":\"https:\/\/www.viaromana.org\/blog\/author\/anaadmin\/\"}]}<\/script>\n<!-- \/ Yoast SEO plugin. -->","yoast_head_json":{"title":"Bruges-Capbis-Mifaget: Le Fonds de Dotation pour la restauration de l'\u00c9glise de Capbis Rese de Mobilis\u00e9 - Viaromana et arch\u00e9ologie.","description":"Bruges-Capbis-Mifaget: Le Fonds de Dotation pour la restauration de l'\u00c9glise de Capbis Rese de Mobilis\u00e9 article de Viaromana et arch\u00e9ologie.","robots":{"index":"index","follow":"follow","max-snippet":"max-snippet:-1","max-image-preview":"max-image-preview:large","max-video-preview":"max-video-preview:-1"},"canonical":"https:\/\/www.viaromana.org\/blog\/bruges-capbis-mifaget-le-fonds-de-dotation-pour-la-restauration-de-leglise-de-capbis-rese-de-mobilise\/","og_locale":"fr_FR","og_type":"article","og_title":"Bruges-Capbis-Mifaget: Le Fonds de Dotation pour la restauration de l'\u00c9glise de Capbis Rese de Mobilis\u00e9 - Viaromana et arch\u00e9ologie.","og_description":"Bruges-Capbis-Mifaget: Le Fonds de Dotation pour la restauration de l'\u00c9glise de Capbis Rese de Mobilis\u00e9 article de Viaromana et arch\u00e9ologie.","og_url":"https:\/\/www.viaromana.org\/blog\/bruges-capbis-mifaget-le-fonds-de-dotation-pour-la-restauration-de-leglise-de-capbis-rese-de-mobilise\/","og_site_name":"Viaromana et arch\u00e9ologie.","article_published_time":"2025-03-31T21:45:00+00:00","author":"Robert","twitter_card":"summary_large_image","twitter_misc":{"\u00c9crit par":"Robert","Dur\u00e9e de lecture estim\u00e9e":"1 minute"},"schema":{"@context":"https:\/\/schema.org","@graph":[{"@type":"Article","@id":"https:\/\/www.viaromana.org\/blog\/bruges-capbis-mifaget-le-fonds-de-dotation-pour-la-restauration-de-leglise-de-capbis-rese-de-mobilise\/#article","isPartOf":{"@id":"https:\/\/www.viaromana.org\/blog\/bruges-capbis-mifaget-le-fonds-de-dotation-pour-la-restauration-de-leglise-de-capbis-rese-de-mobilise\/"},"author":{"name":"Robert","@id":"https:\/\/www.viaromana.org\/blog\/#\/schema\/person\/cde9c4655845091e1fe473fcd163c889"},"headline":"Bruges-Capbis-Mifaget: Le Fonds de Dotation pour la restauration de l&rsquo;\u00c9glise de Capbis Rese de Mobilis\u00e9","datePublished":"2025-03-31T21:45:00+00:00","dateModified":"2025-03-31T21:45:00+00:00","mainEntityOfPage":{"@id":"https:\/\/www.viaromana.org\/blog\/bruges-capbis-mifaget-le-fonds-de-dotation-pour-la-restauration-de-leglise-de-capbis-rese-de-mobilise\/"},"wordCount":149,"publisher":{"@id":"https:\/\/www.viaromana.org\/blog\/#organization"},"articleSection":["Arch\u00e9ologie"],"inLanguage":"fr-FR"},{"@type":"WebPage","@id":"https:\/\/www.viaromana.org\/blog\/bruges-capbis-mifaget-le-fonds-de-dotation-pour-la-restauration-de-leglise-de-capbis-rese-de-mobilise\/","url":"https:\/\/www.viaromana.org\/blog\/bruges-capbis-mifaget-le-fonds-de-dotation-pour-la-restauration-de-leglise-de-capbis-rese-de-mobilise\/","name":"Bruges-Capbis-Mifaget: Le Fonds de Dotation pour la restauration de l'\u00c9glise de Capbis Rese de Mobilis\u00e9 - Viaromana et arch\u00e9ologie.","isPartOf":{"@id":"https:\/\/www.viaromana.org\/blog\/#website"},"datePublished":"2025-03-31T21:45:00+00:00","dateModified":"2025-03-31T21:45:00+00:00","description":"Bruges-Capbis-Mifaget: Le Fonds de Dotation pour la restauration de l'\u00c9glise de Capbis Rese de Mobilis\u00e9 article de Viaromana et arch\u00e9ologie.","breadcrumb":{"@id":"https:\/\/www.viaromana.org\/blog\/bruges-capbis-mifaget-le-fonds-de-dotation-pour-la-restauration-de-leglise-de-capbis-rese-de-mobilise\/#breadcrumb"},"inLanguage":"fr-FR","potentialAction":[{"@type":"ReadAction","target":["https:\/\/www.viaromana.org\/blog\/bruges-capbis-mifaget-le-fonds-de-dotation-pour-la-restauration-de-leglise-de-capbis-rese-de-mobilise\/"]}]},{"@type":"BreadcrumbList","@id":"https:\/\/www.viaromana.org\/blog\/bruges-capbis-mifaget-le-fonds-de-dotation-pour-la-restauration-de-leglise-de-capbis-rese-de-mobilise\/#breadcrumb","itemListElement":[{"@type":"ListItem","position":1,"name":"Accueil","item":"https:\/\/www.viaromana.org\/blog\/"},{"@type":"ListItem","position":2,"name":"Bruges-Capbis-Mifaget: Le Fonds de Dotation pour la restauration de l&rsquo;\u00c9glise de Capbis Rese de Mobilis\u00e9"}]},{"@type":"WebSite","@id":"https:\/\/www.viaromana.org\/blog\/#website","url":"https:\/\/www.viaromana.org\/blog\/","name":"Viaromana et arch\u00e9ologie.","description":"Site arch\u00e9ologique de la voie romaine (viaromana) Belgique-France-Rome","publisher":{"@id":"https:\/\/www.viaromana.org\/blog\/#organization"},"potentialAction":[{"@type":"SearchAction","target":{"@type":"EntryPoint","urlTemplate":"https:\/\/www.viaromana.org\/blog\/?s={search_term_string}"},"query-input":"required name=search_term_string"}],"inLanguage":"fr-FR"},{"@type":"Organization","@id":"https:\/\/www.viaromana.org\/blog\/#organization","name":"viaromana","url":"https:\/\/www.viaromana.org\/blog\/","logo":{"@type":"ImageObject","inLanguage":"fr-FR","@id":"https:\/\/www.viaromana.org\/blog\/#\/schema\/logo\/image\/","url":"https:\/\/www.viaromana.org\/blog\/wp-content\/uploads\/2021\/12\/logo-3.png","contentUrl":"https:\/\/www.viaromana.org\/blog\/wp-content\/uploads\/2021\/12\/logo-3.png","width":300,"height":249,"caption":"viaromana"},"image":{"@id":"https:\/\/www.viaromana.org\/blog\/#\/schema\/logo\/image\/"}},{"@type":"Person","@id":"https:\/\/www.viaromana.org\/blog\/#\/schema\/person\/cde9c4655845091e1fe473fcd163c889","name":"Robert","image":{"@type":"ImageObject","inLanguage":"fr-FR","@id":"https:\/\/www.viaromana.org\/blog\/#\/schema\/person\/image\/","url":"https:\/\/secure.gravatar.com\/avatar\/a168ec191013b636c2f278aec04e724b?s=96&d=mm&r=g","contentUrl":"https:\/\/secure.gravatar.com\/avatar\/a168ec191013b636c2f278aec04e724b?s=96&d=mm&r=g","caption":"Robert"},"sameAs":["https:\/\/www.viaromana.org\/blog"],"url":"https:\/\/www.viaromana.org\/blog\/author\/anaadmin\/"}]}},"_links":{"self":[{"href":"https:\/\/www.viaromana.org\/blog\/wp-json\/wp\/v2\/posts\/1839"}],"collection":[{"href":"https:\/\/www.viaromana.org\/blog\/wp-json\/wp\/v2\/posts"}],"about":[{"href":"https:\/\/www.viaromana.org\/blog\/wp-json\/wp\/v2\/types\/post"}],"author":[{"embeddable":true,"href":"https:\/\/www.viaromana.org\/blog\/wp-json\/wp\/v2\/users\/1"}],"replies":[{"embeddable":true,"href":"https:\/\/www.viaromana.org\/blog\/wp-json\/wp\/v2\/comments?post=1839"}],"version-history":[{"count":0,"href":"https:\/\/www.viaromana.org\/blog\/wp-json\/wp\/v2\/posts\/1839\/revisions"}],"wp:attachment":[{"href":"https:\/\/www.viaromana.org\/blog\/wp-json\/wp\/v2\/media?parent=1839"}],"wp:term":[{"taxonomy":"category","embeddable":true,"href":"https:\/\/www.viaromana.org\/blog\/wp-json\/wp\/v2\/categories?post=1839"},{"taxonomy":"post_tag","embeddable":true,"href":"https:\/\/www.viaromana.org\/blog\/wp-json\/wp\/v2\/tags?post=1839"}],"curies":[{"name":"wp","href":"https:\/\/api.w.org\/{rel}","templated":true}]}}