{"id":1837,"date":"2025-03-28T15:59:59","date_gmt":"2025-03-28T14:59:59","guid":{"rendered":"https:\/\/www.site.cdcl.xyz\/2025\/03\/28\/comment-liran-espionne-et-comment-les-femmes-militantes-restent-une-longueur-davance\/"},"modified":"2025-03-28T15:59:59","modified_gmt":"2025-03-28T14:59:59","slug":"comment-liran-espionne-et-comment-les-femmes-militantes-restent-une-longueur-davance","status":"publish","type":"post","link":"https:\/\/www.viaromana.org\/blog\/comment-liran-espionne-et-comment-les-femmes-militantes-restent-une-longueur-davance\/","title":{"rendered":"Comment l&rsquo;Iran espionne \u2013 et comment les femmes militantes restent une longueur d&rsquo;avance"},"content":{"rendered":"<p><img decoding=\"async\" src=\"https:\/\/www.viaromana.org\/blog\/wp-content\/uploads\/2025\/03\/comment-liran-espionne-et-comment-les-femmes-militantes-restent-une-longueur-davance.jpg\"><\/p>\n<div>\n<p class=\"mdl-section-article-content__subheader\">Des militants iraniens ont racont\u00e9 \u00e0 The Media Line les strat\u00e9gies cr\u00e9atives qu&rsquo;elles ont d\u00e9velopp\u00e9es pour \u00e9chapper \u00e0 la surveillance num\u00e9rique et physique alors que le gouvernement intensifie sa cyber-repression<\/p>\n<p>L&rsquo;Iran a depuis longtemps \u00e9t\u00e9 accus\u00e9 d&rsquo;utiliser des technologies de pointe pour r\u00e9primer les voix dissidentes, ciblant les militants en particulier gr\u00e2ce \u00e0 un syst\u00e8me sophistiqu\u00e9 de cybercontrol. Au milieu de l&rsquo;utilisation r\u00e9pressive par le gouvernement iranien des outils de surveillance num\u00e9rique, des logiciels espions et de la surveillance des m\u00e9dias sociaux, les militants continuent de r\u00e9sister, en utilisant des contre-mesures pour se prot\u00e9ger et faire avancer leur cause.<\/p>\n<p>Doron Darmon, un ancien chef d&rsquo;\u00e9quipe de la cyber-Direction nationale isra\u00e9lienne, a d\u00e9crit les capacit\u00e9s de surveillance du gouvernement iranien comme de grande envergure et profond\u00e9ment int\u00e9gr\u00e9es.<\/p>\n<blockquote>\n<p>Les capacit\u00e9s de surveillance du gouvernement sont beaucoup plus \u00e9tendues que la plupart des gens le pensent. Ils ne se contentent pas de suivre l&rsquo;activit\u00e9 en ligne \u2013 ils int\u00e8grent les donn\u00e9es de plusieurs sources, notamment la reconnaissance faciale, les m\u00e9dias sociaux et les communications chiffr\u00e9es.<\/p>\n<\/blockquote>\n<p>\u00ab&nbsp;Les capacit\u00e9s de surveillance du gouvernement sont beaucoup plus \u00e9tendues que la plupart des gens ne le pensent. Ils ne suivent pas seulement l&rsquo;activit\u00e9 en ligne \u2013 ils int\u00e8grent des donn\u00e9es de plusieurs sources, notamment la reconnaissance faciale, les m\u00e9dias sociaux et les communications crypt\u00e9es&nbsp;\u00bb, a d\u00e9clar\u00e9 Darmon \u00e0 la ligne m\u00e9diatique.<\/p>\n<p>Cela signifie que les autorit\u00e9s iraniennes peuvent suivre les individus en temps r\u00e9el, surveiller leurs conversations sur plusieurs plateformes et m\u00eame d\u00e9tecter les mots cl\u00e9s sensibles dans les messages. Pour ce faire, l&rsquo;Iran s&rsquo;appuie sur des outils spyware.<\/p>\n<p>\u00ab&nbsp;Ces outils ont des fonctionnalit\u00e9s cl\u00e9s qui permettent le suivi et le contr\u00f4le. Ils surveillent les appels entrants et sortants, en gardant un journal de chaque interaction&nbsp;\u00bb, a expliqu\u00e9 Darmon, ajoutant que l&rsquo;Iran utilise une technologie similaire pour cibler les nations ennemies comme les \u00c9tats-Unis et Isra\u00ebl.<\/p>\n<p>Eitaa, une application de messagerie iranienne avec plus de 40 millions d&rsquo;utilisateurs, est pr\u00e9charg\u00e9e de logiciels espions, a d\u00e9clar\u00e9 un militant iranien \u00e0 la ligne m\u00e9diatique.<\/p>\n<blockquote>\n<p>Une fois que vous avez install\u00e9 l&rsquo;application, il agit comme un logiciel espion, envoyant toutes les informations que vous avez \u00e9chang\u00e9es dans les e-mails, les applications et autres plateformes de communication. Beaucoup de gens ne s&rsquo;en rendent pas compte jusqu&rsquo;\u00e0 ce qu&rsquo;il soit trop tard.<\/p>\n<\/blockquote>\n<p>\u00ab&nbsp;Une fois que vous avez install\u00e9 l&rsquo;application, il agit comme un logiciel espion, envoyant toutes les informations que vous avez \u00e9chang\u00e9es dans des e-mails, des applications et d&rsquo;autres plateformes de communication&nbsp;\u00bb, a d\u00e9clar\u00e9 le militant, qui a demand\u00e9 \u00e0 rester anonyme. \u00ab&nbsp;Beaucoup de gens ne s&rsquo;en rendent pas compte jusqu&rsquo;\u00e0 ce qu&rsquo;il soit trop tard.&nbsp;\u00bb<\/p>\n<p>Il n&rsquo;est pas toujours clair si un appareil est surveill\u00e9, mais certains signes devraient relancer les alarmes.<\/p>\n<p>\u00ab&nbsp;Si votre t\u00e9l\u00e9phone commence soudainement \u00e0 surchauffer, \u00e0 \u00e9prouver une vidange de la batterie ou \u00e0 montrer des fen\u00eatres contextuelles inhabituelles, cela pourrait \u00eatre un signe de logiciel espion&nbsp;\u00bb, a expliqu\u00e9 Darmon. \u00ab&nbsp;De nombreuses applications de suivi s&rsquo;ex\u00e9cutent silencieusement en arri\u00e8re-plan mais laissent des traces, telles que des autorisations \u00e9tranges ou des modifications non autoris\u00e9es des param\u00e8tres.&nbsp;\u00bb<\/p>\n<p>Il a not\u00e9 que les appareils sont souvent infect\u00e9s par des messages de phishing d\u00e9guis\u00e9s en avis du gouvernement ou en alertes de s\u00e9curit\u00e9. \u00ab&nbsp;Beaucoup de gens cliquent sur ces liens sans se rendre compte qu&rsquo;ils accordent l&rsquo;acc\u00e8s \u00e0 l&rsquo;ensemble de leur appareil&nbsp;\u00bb, a-t-il d\u00e9clar\u00e9.<\/p>\n<p>Les utilisateurs doivent g\u00e9n\u00e9ralement \u00e9viter de cliquer sur les liens envoy\u00e9s \u00e0 partir de num\u00e9ros inconnus, a-t-il ajout\u00e9. Les militants de l&rsquo;Iran ont indiqu\u00e9 que leurs comptes avaient \u00e9t\u00e9 compromis peu de temps apr\u00e8s avoir cliqu\u00e9 sur ces liens.<\/p>\n<p>Des probl\u00e8mes soudains avec des applications de messagerie s\u00e9curis\u00e9s, comme le signal ou le t\u00e9l\u00e9gramme, ou les messages disparaissant sans explication peuvent \u00e9galement \u00eatre des signes d&rsquo;un appareil compromis, a d\u00e9clar\u00e9 Darmon.<\/p>\n<p>En plus d&rsquo;utiliser la cybersurveillance, les autorit\u00e9s en Iran utilisent \u00e9galement des outils de surveillance physique, tels que les drones et les cam\u00e9ras de rue, pour identifier et suivre les manifestants.<\/p>\n<p>\u00ab&nbsp;Les drones, les applications de suivi mobile et la censure en ligne font tous partie de la strat\u00e9gie pour inculquer la peur et supprimer la dissidence&nbsp;\u00bb, a d\u00e9clar\u00e9 Darmon. \u00abMais ces m\u00e9thodes ne sont pas nouvelles; elles ont \u00e9volu\u00e9 parall\u00e8lement aux progr\u00e8s num\u00e9riques.\u00bb<\/p>\n<p>Il a not\u00e9 que les cyber-politiques iraniennes s&rsquo;\u00e9tendent au-del\u00e0 de la surveillance num\u00e9rique pour tenter de contr\u00f4ler tous les aspects de la vie priv\u00e9e.<\/p>\n<p>Face \u00e0 un environnement r\u00e9pressif dans le monde physique ainsi qu&rsquo;\u00e0 celui num\u00e9rique, les militants en Iran ont d\u00e9velopp\u00e9 des moyens de contrer la r\u00e9pression. Les militants iraniens anonymes qui ont parl\u00e9 \u00e0 la ligne des m\u00e9dias ont d\u00e9crit comment les femmes en particulier ont \u00e9t\u00e9 cr\u00e9atives pour r\u00e9sister \u00e0 la surveillance et \u00e0 maintenir l&rsquo;anonymat.<\/p>\n<blockquote>\n<p>Les femmes d&rsquo;Iran ont toujours une longueur d&rsquo;avance sur le r\u00e9gime. Une femme ordinaire doit \u00eatre intelligente et utiliser de nombreuses strat\u00e9gies pour vivre une vie normale en tant qu&rsquo;\u00eatre humain. En tant que militants, nous sommes plus que pr\u00e9par\u00e9s.<\/p>\n<\/blockquote>\n<p>\u00ab&nbsp;Les femmes d&rsquo;Iran ont toujours une longueur d&rsquo;avance sur le r\u00e9gime&nbsp;\u00bb, a d\u00e9clar\u00e9 un militant. \u00abUne femme ordinaire doit \u00eatre intelligente et utiliser de nombreuses strat\u00e9gies pour vivre une vie normale en tant qu&rsquo;\u00eatre humain. En tant que militants, nous sommes plus que pr\u00e9par\u00e9s.\u00bb<\/p>\n<p>Afin d&rsquo;\u00e9viter d&rsquo;\u00eatre identifi\u00e9s par la technologie de surveillance lors de la protestation, les femmes activistes portent plusieurs couches de v\u00eatements. \u00ab&nbsp;Nous les arracherions, changerions ou mettrions simplement une autre couche sur ce que nous portons d\u00e9j\u00e0&nbsp;\u00bb, a expliqu\u00e9 un militant.<\/p>\n<p>\u00ab&nbsp;Certains d&rsquo;entre nous utilisent des masques, des chapeaux et des \u00e9charpes pour obscurcir nos visages. D&rsquo;autres portent des t\u00e9l\u00e9phones en br\u00fbleur qui n&rsquo;ont pas de donn\u00e9es personnelles li\u00e9es. Il s&rsquo;agit d&rsquo;adapter et de rester une longueur d&rsquo;avance&nbsp;\u00bb, a-t-elle ajout\u00e9.<\/p>\n<p>Pour lutter contre la surveillance num\u00e9rique, les militants ont d\u00e9clar\u00e9 qu&rsquo;ils utilisent des outils de communication crypt\u00e9s comme le signal et le protonmail et des outils de navigation d\u00e9centralis\u00e9s tels que Briar et Element.<\/p>\n<p>Des militants en Iran deviennent \u00e9galement plus conscients des campagnes de d\u00e9sinformation du gouvernement et forment les autres \u00e0 les reconna\u00eetre et \u00e0 les \u00e9viter.<\/p>\n<p>\u00ab&nbsp;Nous enseignons la s\u00e9curit\u00e9 num\u00e9rique au sein des groupes f\u00e9ministes et des militants locaux. Plus les gens savent, plus il est difficile pour le gouvernement de nous faire taire&nbsp;\u00bb, a d\u00e9clar\u00e9 un militant.<\/p>\n<p>Malgr\u00e9 les tactiques oppressives, les militants iraniens pensent que le r\u00e9gime perd du terrain.<\/p>\n<blockquote>\n<p>Nous n&rsquo;avons pas peur. Chaque jour, lorsque nous quittons la maison sans notre voile, nous savons que ce pourrait \u00eatre notre dernier jour de vie ou de libert\u00e9. Mais nous le faisons quand m\u00eame. Le r\u00e9gime peut avoir des drones et une technologie pour nous contr\u00f4ler, mais nous avons du courage et les combattre m\u00eame dans le cybersphere. C&rsquo;est une \u00e9norme victoire pour nous.<\/p>\n<\/blockquote>\n<p>\u00ab&nbsp;Nous n&rsquo;avons pas peur. Tous les jours, quand nous quittons la maison sans notre voile, nous savons que ce pourrait \u00eatre notre dernier jour de vie ou de libert\u00e9. Mais nous le faisons quand m\u00eame&nbsp;\u00bb, a d\u00e9clar\u00e9 l&rsquo;un d&rsquo;eux. \u00abLe r\u00e9gime peut avoir des drones et une technologie pour nous contr\u00f4ler, mais nous avons du courage et les combattre m\u00eame dans la cybersphere. C&rsquo;est une \u00e9norme victoire pour nous.\u00bb<\/p>\n<\/div>\n<p>Ce th\u00e8me vous a int\u00e9ress\u00e9 vous appr\u00e9cierez aussi ces publications :<\/p>\n<p>{{Link.,<a target=\"_blank\" rel=\"nofollow\" href=\"https:\/\/www.viaromana.org\/blog\/goto\/https:\/\/www.site.cdcl.xyz\/2025\/03\/28\/comment-liran-espionne-et-comment-les-femmes-militantes-restent-une-longueur-davance\/URL\"  target=\"_blank\" rel=\"noopener noreferrer nofollow\">L\u2019article ICI.<\/a><span><\/span>. Suite sur le prochain article.}<br \/>|{B\u00e2timent restaur\u00e9 par Eug\u00e8ne Viollet-le-Duc.,<a target=\"_blank\" rel=\"nofollow\" href=\"https:\/\/www.viaromana.org\/blog\/goto\/https:\/\/www.site.cdcl.xyz\/wiki\/Cat%C3%A9gorie:B%C3%A2timent_restaur%C3%A9_par_Eug%C3%A8ne_Viollet-le-Duc\"  target=\"_blank\" rel=\"noopener noreferrer nofollow\">Le dossier.<\/a><span><\/span>}<br \/>|{B\u00e2timent restaur\u00e9 par F\u00e9lix Duban.,<a target=\"_blank\" rel=\"nofollow\" href=\"https:\/\/www.viaromana.org\/blog\/goto\/https:\/\/www.site.cdcl.xyz\/wiki\/Cat%C3%A9gorie:B%C3%A2timent_restaur%C3%A9_par_F%C3%A9lix_Duban\"  target=\"_blank\" rel=\"noopener noreferrer nofollow\">Le texte de l\u2019article.<\/a><span><\/span>. Suite sur le prochain article.}<br \/>|{B\u00e2timent restaur\u00e9 par Jean-Baptiste Lassus.,<a target=\"_blank\" rel=\"nofollow\" href=\"https:\/\/www.viaromana.org\/blog\/goto\/https:\/\/www.site.cdcl.xyz\/wiki\/Cat%C3%A9gorie:B%C3%A2timent_restaur%C3%A9_par_Jean-Baptiste_Lassus\"  target=\"_blank\" rel=\"noopener noreferrer nofollow\">Cliquer ICI.<\/a><span><\/span>. Suite sur le prochain article.}<br \/>|{Bien culturel folklorique important de la Cor\u00e9e du Sud.,<a target=\"_blank\" rel=\"nofollow\" href=\"https:\/\/www.viaromana.org\/blog\/goto\/https:\/\/www.site.cdcl.xyz\/wiki\/Cat%C3%A9gorie:Bien_culturel_folklorique_important_de_la_Cor%C3%A9e_du_Sud\"  target=\"_blank\" rel=\"noopener noreferrer nofollow\">Cliquer ICI.<\/a><span><\/span>. Suite sur le prochain article.}<br \/>|{Organisme \u00e0 d\u00e9couvrir GCI.,<a target=\"_blank\" rel=\"nofollow\" href=\"https:\/\/www.viaromana.org\/blog\/goto\/http:\/\/aata.getty.edu\/Home\"  target=\"_blank\" rel=\"noopener noreferrer nofollow\">L\u2019article de presse.<\/a><span><\/span>}<br \/>|{Du CICRP \u2013 Centre interr\u00e9gional de conservation et restauration du patrimoine.,<a target=\"_blank\" rel=\"nofollow\" href=\"https:\/\/www.viaromana.org\/blog\/goto\/http:\/\/cicrp.info\/fiches-pratiques\/\"  target=\"_blank\" rel=\"noopener noreferrer nofollow\">Cliquer ICI.<\/a><span><\/span>}<br \/>|{Organisme \u00e0 d\u00e9couvrir COol .,<a target=\"_blank\" rel=\"nofollow\" href=\"https:\/\/www.viaromana.org\/blog\/goto\/http:\/\/cool.conservation-us.org\/\"  target=\"_blank\" rel=\"noopener noreferrer nofollow\">A lire ici.<\/a><span><\/span>}<br \/>|{Le Corpus Vitrearum International .,<a target=\"_blank\" rel=\"nofollow\" href=\"https:\/\/www.viaromana.org\/blog\/goto\/http:\/\/cvi.cvma-freiburg.de\"  target=\"_blank\" rel=\"noopener noreferrer nofollow\">Le texte de l\u2019article.<\/a><span><\/span>. Suite sur le prochain article.}<br \/>|{E-conservation Journal .,<a target=\"_blank\" rel=\"nofollow\" href=\"https:\/\/www.viaromana.org\/blog\/goto\/http:\/\/e-conservation.org\/\"  target=\"_blank\" rel=\"noopener noreferrer nofollow\">Le post d\u2019actualit\u00e9.<\/a><span><\/span>}<br \/>|{Organisme \u00e0 d\u00e9couvrir ICOM .,<a target=\"_blank\" rel=\"nofollow\" href=\"https:\/\/www.viaromana.org\/blog\/goto\/http:\/\/icom.museum\/que-faisons-nous\/ressources\/bibliographies\/L\/2.html\"  target=\"_blank\" rel=\"noopener noreferrer nofollow\">Article complet.<\/a><span><\/span>}<br \/>|{In Situ. Revue des patrimoines.,<a target=\"_blank\" rel=\"nofollow\" href=\"https:\/\/www.viaromana.org\/blog\/goto\/http:\/\/insitu.revues.org\"  target=\"_blank\" rel=\"noopener noreferrer nofollow\">Article complet.<\/a><span><\/span>}<br \/>|{Organisme \u00e0 d\u00e9couvrir INP.,<a target=\"_blank\" rel=\"nofollow\" href=\"https:\/\/www.viaromana.org\/blog\/goto\/http:\/\/mediatheque-numerique.inp.fr\/\"  target=\"_blank\" rel=\"noopener noreferrer nofollow\">Cliquer ICI.<\/a><span><\/span>. Suite sur le prochain article.}<br \/>|{De la Biblioth\u00e8que nationale de France.,<a target=\"_blank\" rel=\"nofollow\" href=\"https:\/\/www.viaromana.org\/blog\/goto\/http:\/\/www.bnf.fr\/fr\/professionnels\/conservation_fiches_pratiques\/s.conservation_fiches_prevention.html\"  target=\"_blank\" rel=\"noopener noreferrer nofollow\">Le texte de l\u2019article.<\/a><span><\/span>. Suite sur le prochain article.}<br \/>|{CeROArt&nbsp;.,<a target=\"_blank\" rel=\"nofollow\" href=\"https:\/\/www.viaromana.org\/blog\/goto\/http:\/\/www.ceroart.org\/\"  target=\"_blank\" rel=\"noopener noreferrer nofollow\">Le dossier.<\/a><span><\/span>}<br \/>|{Le Journal of Film Preservation.,<a target=\"_blank\" rel=\"nofollow\" href=\"https:\/\/www.viaromana.org\/blog\/goto\/http:\/\/www.fiafnet.org\/fr\/publications\/fep_journal.html\"  target=\"_blank\" rel=\"noopener noreferrer nofollow\">Le post d\u2019actualit\u00e9.<\/a><span><\/span>}<br \/>|{Getty conservation Institute.,<a target=\"_blank\" rel=\"nofollow\" href=\"https:\/\/www.viaromana.org\/blog\/goto\/http:\/\/www.getty.edu\/search\/publications\"  target=\"_blank\" rel=\"noopener noreferrer nofollow\">A lire ici.<\/a><span><\/span>. Suite sur le prochain article.}<br \/>|{Organisme \u00e0 d\u00e9couvrir ICOMOS.,<a target=\"_blank\" rel=\"nofollow\" href=\"https:\/\/www.viaromana.org\/blog\/goto\/http:\/\/www.international.icomos.org\/fr\/centre-de-documentation\"  target=\"_blank\" rel=\"noopener noreferrer nofollow\">Cliquer ICI.<\/a><span><\/span>}<br \/>|{Organisme \u00e0 d\u00e9couvrir &nbsp;OCIM.,<a target=\"_blank\" rel=\"nofollow\" href=\"https:\/\/www.viaromana.org\/blog\/goto\/http:\/\/www.ocim.fr\/bibliographie\/\"  target=\"_blank\" rel=\"noopener noreferrer nofollow\">Le post d\u2019actualit\u00e9.<\/a><span><\/span>}<br \/>|{Les Insectes mus\u00e9ophages del\u2019OCIM \u2013 Office de coop\u00e9ration et d\u2019information mus\u00e9ales.,<a target=\"_blank\" rel=\"nofollow\" href=\"https:\/\/www.viaromana.org\/blog\/goto\/http:\/\/www.ocim.fr\/repertoires\/insectes\/\"  target=\"_blank\" rel=\"noopener noreferrer nofollow\">L\u2019article ICI.<\/a><span><\/span>}<br \/>|{Du C2RMF \u2013 Centre de recherche et de restauration des mus\u00e9es de France.,<a target=\"_blank\" rel=\"nofollow\" href=\"https:\/\/www.viaromana.org\/blog\/goto\/https:\/\/c2rmf.fr\/fiches-techniques-0\"  target=\"_blank\" rel=\"noopener noreferrer nofollow\">Le post d\u2019actualit\u00e9.<\/a><span><\/span>}<br \/>|{Guide pratique pour le marquage d\u2019identification des biens culturels \u2013 C2RMF.,<a target=\"_blank\" rel=\"nofollow\" href=\"https:\/\/www.viaromana.org\/blog\/goto\/https:\/\/c2rmf.fr\/sites\/c2rmf\/files\/guide_pratique_pour_le_marquage_2015.pdf\"  target=\"_blank\" rel=\"noopener noreferrer nofollow\">Ici.<\/a><span><\/span>}<br \/>|{Vade-mecum de la conservation pr\u00e9ventive \u2013 C2RMF.,<a target=\"_blank\" rel=\"nofollow\" href=\"https:\/\/www.viaromana.org\/blog\/goto\/https:\/\/c2rmf.fr\/sites\/c2rmf\/files\/vademecum_cc.pdf\"  target=\"_blank\" rel=\"noopener noreferrer nofollow\">L\u2019article de presse.<\/a><span><\/span>}<br \/>|{La conservation des objets mobiliers dans les \u00e9glises : outil d\u2019auto-\u00e9valuation.,<a target=\"_blank\" rel=\"nofollow\" href=\"https:\/\/www.viaromana.org\/blog\/goto\/https:\/\/culture.gouv.fr\/Media\/Thematiques\/Circulation-des-biens-culturels\/Files\/Ressources-doc-Guides-et-procedures\/Guide-La-conservation-des-objets-mobiliers-dans-les-eglises-2004\"  target=\"_blank\" rel=\"noopener noreferrer nofollow\">Le post d\u2019actualit\u00e9.<\/a><span><\/span>}<br \/>|{M\u00e9tiers de la restauration du patrimoine, statuts, conditions d\u2019exercice et fiscalit\u00e9, fiche pratique MC, 2018.,<a target=\"_blank\" rel=\"nofollow\" href=\"https:\/\/www.viaromana.org\/blog\/goto\/https:\/\/culture.gouv.fr\/Media\/Thematiques\/Conservation-restauration\/Fichiers\/Fiches-pratiques-manuels-et-revues\/Fiche-metiers-de-la-restauration-2019\"  target=\"_blank\" rel=\"noopener noreferrer nofollow\">A lire ici.<\/a><span><\/span>}<br \/>|{S\u00e9curit\u00e9 des biens culturels, de la pr\u00e9vention du vol \u00e0 la restitution de l\u2019objet vol\u00e9.,<a target=\"_blank\" rel=\"nofollow\" href=\"https:\/\/www.viaromana.org\/blog\/goto\/https:\/\/culture.gouv.fr\/Media\/Thematiques\/Conservation-restauration\/Fichiers\/Fiches-pratiques-manuels-et-revues\/Securite-des-biens-culturels-de-la-prevention-du-vol-a-la-restitution-de-l-objet-vole\"  target=\"_blank\" rel=\"noopener noreferrer nofollow\">Ici.<\/a><span><\/span>}<br \/>|{Petit Guide \u00e0 l\u2019usage des personnes souhaitant entretenir une s\u00e9pulture.,<a target=\"_blank\" rel=\"nofollow\" href=\"https:\/\/www.viaromana.org\/blog\/goto\/https:\/\/culture.gouv.fr\/Media\/Thematiques\/Conservation-restauration\/Fichiers\/Ressources-documentaires\/entretenir-une-sepulture\"  target=\"_blank\" rel=\"noopener noreferrer nofollow\">Le post d\u2019actualit\u00e9.<\/a><span><\/span>}<br \/>|{Rescuing the Hidden European Wooden Churches Heritage : an international methodology for implementing a database for restoration projects.,<a target=\"_blank\" rel=\"nofollow\" href=\"https:\/\/www.viaromana.org\/blog\/goto\/https:\/\/culture.gouv.fr\/Media\/Thematiques\/Conservation-restauration\/Fichiers\/Ressources-documentaires\/hiddenchurches\"  target=\"_blank\" rel=\"noopener noreferrer nofollow\">L\u2019article ICI.<\/a><span><\/span>}<br \/>|{Guides de ma\u00eetrise d\u2019ouvrage et de ma\u00eetrise d\u2019\u0153uvre \u2013 Monuments historiques.,<a target=\"_blank\" rel=\"nofollow\" href=\"https:\/\/www.viaromana.org\/blog\/goto\/https:\/\/culture.gouv.fr\/Region\/Drac-Auvergne-Rhone-Alpes\/Demarches-aides\/Demarches-et-conseils-patrimoine-urbanisme-qualite-architecturale\/Guides-pratiques-travaux-sur-monuments-historiques\"  target=\"_blank\" rel=\"noopener noreferrer nofollow\">L\u2019article ICI.<\/a><span><\/span>}<br \/>|{Charte de Venise.,<a target=\"_blank\" rel=\"nofollow\" href=\"https:\/\/www.viaromana.org\/blog\/goto\/https:\/\/fr.wikipedia.org\/wiki\/Charte_de_Venise\"  target=\"_blank\" rel=\"noopener noreferrer nofollow\">A lire ici.<\/a><span><\/span>}<br \/>|{Charte de Washington.,<a target=\"_blank\" rel=\"nofollow\" href=\"https:\/\/www.viaromana.org\/blog\/goto\/https:\/\/fr.wikipedia.org\/wiki\/Charte_de_Washington\"  target=\"_blank\" rel=\"noopener noreferrer nofollow\">Ici.<\/a><span><\/span>}<br \/>|{CIDOC Conceptual Reference Model.,<a target=\"_blank\" rel=\"nofollow\" href=\"https:\/\/www.viaromana.org\/blog\/goto\/https:\/\/fr.wikipedia.org\/wiki\/CIDOC_Conceptual_Reference_Model\"  target=\"_blank\" rel=\"noopener noreferrer nofollow\">Le dossier.<\/a><span><\/span>}<br \/>|{Club pour le vieux Prague.,<a target=\"_blank\" rel=\"nofollow\" href=\"https:\/\/www.viaromana.org\/blog\/goto\/https:\/\/fr.wikipedia.org\/wiki\/Club_pour_le_vieux_Prague\"  target=\"_blank\" rel=\"noopener noreferrer nofollow\">Article complet.<\/a><span><\/span>}<br \/>|{Code du patrimoine.,<a target=\"_blank\" rel=\"nofollow\" href=\"https:\/\/www.viaromana.org\/blog\/goto\/https:\/\/fr.wikipedia.org\/wiki\/Code_du_patrimoine\"  target=\"_blank\" rel=\"noopener noreferrer nofollow\">Le post d\u2019actualit\u00e9.<\/a><span><\/span>. Suite sur le prochain article.}<br \/>|{Collection Patrimoine culturel des pays francophones.,<a target=\"_blank\" rel=\"nofollow\" href=\"https:\/\/www.viaromana.org\/blog\/goto\/https:\/\/fr.wikipedia.org\/wiki\/Collection_Patrimoine_culturel_des_pays_francophones\"  target=\"_blank\" rel=\"noopener noreferrer nofollow\">Ici.<\/a><span><\/span>. Suite sur le prochain article.}<br \/>|{Conservation architecturale.,<a target=\"_blank\" rel=\"nofollow\" href=\"https:\/\/www.viaromana.org\/blog\/goto\/https:\/\/fr.wikipedia.org\/wiki\/Conservation_architecturale\"  target=\"_blank\" rel=\"noopener noreferrer nofollow\">Le texte de l\u2019article.<\/a><span><\/span>. Suite sur le prochain article.}<br \/>|{Conservation pr\u00e9ventive.,<a target=\"_blank\" rel=\"nofollow\" href=\"https:\/\/www.viaromana.org\/blog\/goto\/https:\/\/fr.wikipedia.org\/wiki\/Conservation_pr%C3%A9ventive\"  target=\"_blank\" rel=\"noopener noreferrer nofollow\">L\u2019article ICI.<\/a><span><\/span>}<br \/>|{Convention sur la protection du patrimoine culturel subaquatique.,<a target=\"_blank\" rel=\"nofollow\" href=\"https:\/\/www.viaromana.org\/blog\/goto\/https:\/\/fr.wikipedia.org\/wiki\/Convention_sur_la_protection_du_patrimoine_culturel_subaquatique\"  target=\"_blank\" rel=\"noopener noreferrer nofollow\">L\u2019article ICI.<\/a><span><\/span>}<br \/>|{Din l-Art \u0126elwa.,<a target=\"_blank\" rel=\"nofollow\" href=\"https:\/\/www.viaromana.org\/blog\/goto\/https:\/\/fr.wikipedia.org\/wiki\/Din_l-Art_%C4%A6elwa\"  target=\"_blank\" rel=\"noopener noreferrer nofollow\">L\u2019article ICI.<\/a><span><\/span>}<br \/>|{Docomomo International.,<a target=\"_blank\" rel=\"nofollow\" href=\"https:\/\/www.viaromana.org\/blog\/goto\/https:\/\/fr.wikipedia.org\/wiki\/Docomomo_International\"  target=\"_blank\" rel=\"noopener noreferrer nofollow\">Le dossier.<\/a><span><\/span>. Suite sur le prochain article.}<br \/>|{Doctrines et techniques de conservation \u2013 restauration.,<a target=\"_blank\" rel=\"nofollow\" href=\"https:\/\/www.viaromana.org\/blog\/goto\/https:\/\/fr.wikipedia.org\/wiki\/Doctrines_et_techniques_de_conservation_-_restauration\"  target=\"_blank\" rel=\"noopener noreferrer nofollow\">A lire ici.<\/a><span><\/span>}<br \/>|{Document de Nara sur l\u2019authenticit\u00e9.,<a target=\"_blank\" rel=\"nofollow\" href=\"https:\/\/www.viaromana.org\/blog\/goto\/https:\/\/fr.wikipedia.org\/wiki\/Document_de_Nara_sur_l%27authenticit%C3%A9\"  target=\"_blank\" rel=\"noopener noreferrer nofollow\">L\u2019article de presse.<\/a><span><\/span>}<br \/>|{Fa\u00e7adisme.,<a target=\"_blank\" rel=\"nofollow\" href=\"https:\/\/www.viaromana.org\/blog\/goto\/https:\/\/fr.wikipedia.org\/wiki\/Fa%C3%A7adisme\"  target=\"_blank\" rel=\"noopener noreferrer nofollow\">Ici.<\/a><span><\/span>}<br \/>|{Fondation du patrimoine.,<a target=\"_blank\" rel=\"nofollow\" href=\"https:\/\/www.viaromana.org\/blog\/goto\/https:\/\/fr.wikipedia.org\/wiki\/Fondation_du_patrimoine\"  target=\"_blank\" rel=\"noopener noreferrer nofollow\">A lire ici.<\/a><span><\/span>. Suite sur le prochain article.}<br \/>|{Fondation Mansart.,<a target=\"_blank\" rel=\"nofollow\" href=\"https:\/\/www.viaromana.org\/blog\/goto\/https:\/\/fr.wikipedia.org\/wiki\/Fondation_Mansart\"  target=\"_blank\" rel=\"noopener noreferrer nofollow\">L\u2019article de presse.<\/a><span><\/span>. Suite sur le prochain article.}<br \/>|{Ieni-Kale.,<a target=\"_blank\" rel=\"nofollow\" href=\"https:\/\/www.viaromana.org\/blog\/goto\/https:\/\/fr.wikipedia.org\/wiki\/Ieni-Kale\"  target=\"_blank\" rel=\"noopener noreferrer nofollow\">Le dossier.<\/a><span><\/span>}<br \/>|{In situ (conservation du patrimoine).,<a target=\"_blank\" rel=\"nofollow\" href=\"https:\/\/www.viaromana.org\/blog\/goto\/https:\/\/fr.wikipedia.org\/wiki\/In_situ_(conservation_du_patrimoine)\"  target=\"_blank\" rel=\"noopener noreferrer nofollow\">Le dossier.<\/a><span><\/span>}<br \/>|{Injection de coulis de liant dans les ma\u00e7onneries.,<a target=\"_blank\" rel=\"nofollow\" href=\"https:\/\/www.viaromana.org\/blog\/goto\/https:\/\/fr.wikipedia.org\/wiki\/Injection_de_coulis_de_liant_dans_les_ma%C3%A7onneries\"  target=\"_blank\" rel=\"noopener noreferrer nofollow\">Ici.<\/a><span><\/span>}<br \/>|{Jacques Harmand.,<a target=\"_blank\" rel=\"nofollow\" href=\"https:\/\/www.viaromana.org\/blog\/goto\/https:\/\/fr.wikipedia.org\/wiki\/Jacques_Harmand\"  target=\"_blank\" rel=\"noopener noreferrer nofollow\">Article complet.<\/a><span><\/span>}<br \/>|{La Tribune de l\u2019art.,<a target=\"_blank\" rel=\"nofollow\" href=\"https:\/\/www.viaromana.org\/blog\/goto\/https:\/\/fr.wikipedia.org\/wiki\/La_Tribune_de_l%27art\"  target=\"_blank\" rel=\"noopener noreferrer nofollow\">A lire ici.<\/a><span><\/span>}<br \/>|{Nisso Pelossof.,<a target=\"_blank\" rel=\"nofollow\" href=\"https:\/\/www.viaromana.org\/blog\/goto\/https:\/\/fr.wikipedia.org\/wiki\/Nisso_Pelossof\"  target=\"_blank\" rel=\"noopener noreferrer nofollow\">Le texte de l\u2019article.<\/a><span><\/span>}<br \/>|{Palais Daming.,<a target=\"_blank\" rel=\"nofollow\" href=\"https:\/\/www.viaromana.org\/blog\/goto\/https:\/\/fr.wikipedia.org\/wiki\/Palais_Daming\"  target=\"_blank\" rel=\"noopener noreferrer nofollow\">Le dossier.<\/a><span><\/span>. Suite sur le prochain article.}<br \/>|{Paris historique.,<a target=\"_blank\" rel=\"nofollow\" href=\"https:\/\/www.viaromana.org\/blog\/goto\/https:\/\/fr.wikipedia.org\/wiki\/Paris_historique\"  target=\"_blank\" rel=\"noopener noreferrer nofollow\">L\u2019article ICI.<\/a><span><\/span>. Suite sur le prochain article.}<br \/>|{Patrimoine d\u2019int\u00e9r\u00eat r\u00e9gional.,<a target=\"_blank\" rel=\"nofollow\" href=\"https:\/\/www.viaromana.org\/blog\/goto\/https:\/\/fr.wikipedia.org\/wiki\/Patrimoine_d%27int%C3%A9r%C3%AAt_r%C3%A9gional\"  target=\"_blank\" rel=\"noopener noreferrer nofollow\">Le dossier.<\/a><span><\/span>}<br \/>|{Patrimoine sans fronti\u00e8res.,<a target=\"_blank\" rel=\"nofollow\" href=\"https:\/\/www.viaromana.org\/blog\/goto\/https:\/\/fr.wikipedia.org\/wiki\/Patrimoine_sans_fronti%C3%A8res\"  target=\"_blank\" rel=\"noopener noreferrer nofollow\">Le post d\u2019actualit\u00e9.<\/a><span><\/span>}<br \/>|{Patrimoine syrien pendant la guerre civile.,<a target=\"_blank\" rel=\"nofollow\" href=\"https:\/\/www.viaromana.org\/blog\/goto\/https:\/\/fr.wikipedia.org\/wiki\/Patrimoine_syrien_pendant_la_guerre_civile\"  target=\"_blank\" rel=\"noopener noreferrer nofollow\">A lire ici.<\/a><span><\/span>}<br \/>|{Patrimoine syrien pendant la guerre civile.,<a target=\"_blank\" rel=\"nofollow\" href=\"https:\/\/www.viaromana.org\/blog\/goto\/https:\/\/fr.wikipedia.org\/wiki\/Patrimoine_syrien_pendant_la_guerre_civile\"  target=\"_blank\" rel=\"noopener noreferrer nofollow\">L\u2019article de presse.<\/a><span><\/span>}<br \/>|{Patrimonialisation.,<a target=\"_blank\" rel=\"nofollow\" href=\"https:\/\/www.viaromana.org\/blog\/goto\/https:\/\/fr.wikipedia.org\/wiki\/Patrimonialisation\"  target=\"_blank\" rel=\"noopener noreferrer nofollow\">L\u2019article de presse.<\/a><span><\/span>. Suite sur le prochain article.}<br \/>|{Patrimonialisation (homonymie).,<a target=\"_blank\" rel=\"nofollow\" href=\"https:\/\/www.viaromana.org\/blog\/goto\/https:\/\/fr.wikipedia.org\/wiki\/Patrimonialisation_(homonymie)\"  target=\"_blank\" rel=\"noopener noreferrer nofollow\">Le texte de l\u2019article.<\/a><span><\/span>}<br \/>|{Pont de Gorica.,<a target=\"_blank\" rel=\"nofollow\" href=\"https:\/\/www.viaromana.org\/blog\/goto\/https:\/\/fr.wikipedia.org\/wiki\/Pont_de_Gorica\"  target=\"_blank\" rel=\"noopener noreferrer nofollow\">L\u2019article de presse.<\/a><span><\/span>}<br \/>|{Port d\u2019int\u00e9r\u00eat patrimonial.,<a target=\"_blank\" rel=\"nofollow\" href=\"https:\/\/www.viaromana.org\/blog\/goto\/https:\/\/fr.wikipedia.org\/wiki\/Port_d%27int%C3%A9r%C3%AAt_patrimonial\"  target=\"_blank\" rel=\"noopener noreferrer nofollow\">Le post d\u2019actualit\u00e9.<\/a><span><\/span>}<br \/>|{Prix du patrimoine culturel de l\u2019UE\/Concours Europa Nostra.,<a target=\"_blank\" rel=\"nofollow\" href=\"https:\/\/www.viaromana.org\/blog\/goto\/https:\/\/fr.wikipedia.org\/wiki\/Prix_du_patrimoine_culturel_de_l%E2%80%99UE\/Concours_Europa_Nostra\"  target=\"_blank\" rel=\"noopener noreferrer nofollow\">A lire ici.<\/a><span><\/span>}<br \/>|{R\u00e9seau culturel Terre catalane.,<a target=\"_blank\" rel=\"nofollow\" href=\"https:\/\/www.viaromana.org\/blog\/goto\/https:\/\/fr.wikipedia.org\/wiki\/R%C3%A9seau_culturel_Terre_catalane\"  target=\"_blank\" rel=\"noopener noreferrer nofollow\">Cliquer ICI.<\/a><span><\/span>}<br \/>|{Red Tail Project.,<a target=\"_blank\" rel=\"nofollow\" href=\"https:\/\/www.viaromana.org\/blog\/goto\/https:\/\/fr.wikipedia.org\/wiki\/Red_Tail_Project\"  target=\"_blank\" rel=\"noopener noreferrer nofollow\">Cliquer ICI.<\/a><span><\/span>}<br \/>|{Registre patrimonial du Queensland.,<a target=\"_blank\" rel=\"nofollow\" href=\"https:\/\/www.viaromana.org\/blog\/goto\/https:\/\/fr.wikipedia.org\/wiki\/Registre_patrimonial_du_Queensland\"  target=\"_blank\" rel=\"noopener noreferrer nofollow\">Cliquer ICI.<\/a><span><\/span>}<br \/>|{Ren\u00e9 Dinkel.,<a target=\"_blank\" rel=\"nofollow\" href=\"https:\/\/www.viaromana.org\/blog\/goto\/https:\/\/fr.wikipedia.org\/wiki\/Ren%C3%A9_Dinkel\"  target=\"_blank\" rel=\"noopener noreferrer nofollow\">Le dossier.<\/a><span><\/span>}<br \/>|{Renaissance du Lille Ancien.,<a target=\"_blank\" rel=\"nofollow\" href=\"https:\/\/www.viaromana.org\/blog\/goto\/https:\/\/fr.wikipedia.org\/wiki\/Renaissance_du_Lille_Ancien\"  target=\"_blank\" rel=\"noopener noreferrer nofollow\">L\u2019article de presse.<\/a><span><\/span>. Suite sur le prochain article.}<br \/>|{Restauration de la composition murale de la Maison de la Radio \u00e0 Strasbourg.,<a target=\"_blank\" rel=\"nofollow\" href=\"https:\/\/www.viaromana.org\/blog\/goto\/https:\/\/fr.wikipedia.org\/wiki\/Restauration_de_la_composition_murale_de_la_Maison_de_la_Radio_%C3%A0_Strasbourg\"  target=\"_blank\" rel=\"noopener noreferrer nofollow\">L\u2019article de presse.<\/a><span><\/span>}<br \/>|{Ruine.,<a target=\"_blank\" rel=\"nofollow\" href=\"https:\/\/www.viaromana.org\/blog\/goto\/https:\/\/fr.wikipedia.org\/wiki\/Ruine\"  target=\"_blank\" rel=\"noopener noreferrer nofollow\">Article complet.<\/a><span><\/span>}<br \/>|{Secteur sauvegard\u00e9 de Lille.,<a target=\"_blank\" rel=\"nofollow\" href=\"https:\/\/www.viaromana.org\/blog\/goto\/https:\/\/fr.wikipedia.org\/wiki\/Secteur_sauvegard%C3%A9_de_Lille\"  target=\"_blank\" rel=\"noopener noreferrer nofollow\">Ici.<\/a><span><\/span>}<br \/>|{Secteur sauvegard\u00e9 de Lille.,<a target=\"_blank\" rel=\"nofollow\" href=\"https:\/\/www.viaromana.org\/blog\/goto\/https:\/\/fr.wikipedia.org\/wiki\/Secteur_sauvegard%C3%A9_de_Lille\"  target=\"_blank\" rel=\"noopener noreferrer nofollow\">Article complet.<\/a><span><\/span>}<br \/>|{Secteur sauvegard\u00e9 de Sedan.,<a target=\"_blank\" rel=\"nofollow\" href=\"https:\/\/www.viaromana.org\/blog\/goto\/https:\/\/fr.wikipedia.org\/wiki\/Secteur_sauvegard%C3%A9_de_Sedan\"  target=\"_blank\" rel=\"noopener noreferrer nofollow\">Le texte de l\u2019article.<\/a><span><\/span>. Suite sur le prochain article.}<br \/>|{Secteur sauvegard\u00e9 de Sedan.,<a target=\"_blank\" rel=\"nofollow\" href=\"https:\/\/www.viaromana.org\/blog\/goto\/https:\/\/fr.wikipedia.org\/wiki\/Secteur_sauvegard%C3%A9_de_Sedan\"  target=\"_blank\" rel=\"noopener noreferrer nofollow\">L\u2019article ICI.<\/a><span><\/span>. Suite sur le prochain article.}<br \/>|{Sites culturels construits d\u2019int\u00e9r\u00eat national en Finlande.,<a target=\"_blank\" rel=\"nofollow\" href=\"https:\/\/www.viaromana.org\/blog\/goto\/https:\/\/fr.wikipedia.org\/wiki\/Sites_culturels_construits_d%27int%C3%A9r%C3%AAt_national_en_Finlande\"  target=\"_blank\" rel=\"noopener noreferrer nofollow\">Le dossier.<\/a><span><\/span>. Suite sur le prochain article.}<br \/>|{Sites culturels construits d\u2019int\u00e9r\u00eat national en Finlande.,<a target=\"_blank\" rel=\"nofollow\" href=\"https:\/\/www.viaromana.org\/blog\/goto\/https:\/\/fr.wikipedia.org\/wiki\/Sites_culturels_construits_d%27int%C3%A9r%C3%AAt_national_en_Finlande\"  target=\"_blank\" rel=\"noopener noreferrer nofollow\">Le post d\u2019actualit\u00e9.<\/a><span><\/span>}<br \/>|{Sites historiques et culturels majeurs prot\u00e9g\u00e9s au niveau national.,<a target=\"_blank\" rel=\"nofollow\" href=\"https:\/\/www.viaromana.org\/blog\/goto\/https:\/\/fr.wikipedia.org\/wiki\/Sites_historiques_et_culturels_majeurs_prot%C3%A9g%C3%A9s_au_niveau_national\"  target=\"_blank\" rel=\"noopener noreferrer nofollow\">Cliquer ICI.<\/a><span><\/span>. Suite sur le prochain article.}<br \/>|{Sites historiques et culturels majeurs prot\u00e9g\u00e9s au niveau national.,<a target=\"_blank\" rel=\"nofollow\" href=\"https:\/\/www.viaromana.org\/blog\/goto\/https:\/\/fr.wikipedia.org\/wiki\/Sites_historiques_et_culturels_majeurs_prot%C3%A9g%C3%A9s_au_niveau_national\"  target=\"_blank\" rel=\"noopener noreferrer nofollow\">A lire ici.<\/a><span><\/span>}<br \/>|{Sites historiques et culturels majeurs prot\u00e9g\u00e9s au niveau national (Gansu).,<a target=\"_blank\" rel=\"nofollow\" href=\"https:\/\/www.viaromana.org\/blog\/goto\/https:\/\/fr.wikipedia.org\/wiki\/Sites_historiques_et_culturels_majeurs_prot%C3%A9g%C3%A9s_au_niveau_national_(Gansu)\"  target=\"_blank\" rel=\"noopener noreferrer nofollow\">Le texte de l\u2019article.<\/a><span><\/span>. Suite sur le prochain article.}<br \/>|{Sites historiques et culturels majeurs prot\u00e9g\u00e9s au niveau national (Gansu).,<a target=\"_blank\" rel=\"nofollow\" href=\"https:\/\/www.viaromana.org\/blog\/goto\/https:\/\/fr.wikipedia.org\/wiki\/Sites_historiques_et_culturels_majeurs_prot%C3%A9g%C3%A9s_au_niveau_national_(Gansu)\"  target=\"_blank\" rel=\"noopener noreferrer nofollow\">L\u2019article de presse.<\/a><span><\/span>. Suite sur le prochain article.}<br \/>|{Sites historiques et culturels majeurs prot\u00e9g\u00e9s au niveau national (Hebei).,<a target=\"_blank\" rel=\"nofollow\" href=\"https:\/\/www.viaromana.org\/blog\/goto\/https:\/\/fr.wikipedia.org\/wiki\/Sites_historiques_et_culturels_majeurs_prot%C3%A9g%C3%A9s_au_niveau_national_(Hebei)\"  target=\"_blank\" rel=\"noopener noreferrer nofollow\">Cliquer ICI.<\/a><span><\/span>. Suite sur le prochain article.}<br \/>|{Sites historiques et culturels majeurs prot\u00e9g\u00e9s au niveau national (Hebei).,<a target=\"_blank\" rel=\"nofollow\" href=\"https:\/\/www.viaromana.org\/blog\/goto\/https:\/\/fr.wikipedia.org\/wiki\/Sites_historiques_et_culturels_majeurs_prot%C3%A9g%C3%A9s_au_niveau_national_(Hebei)\"  target=\"_blank\" rel=\"noopener noreferrer nofollow\">A lire ici.<\/a><span><\/span>}<br \/>|{Sites historiques et culturels majeurs prot\u00e9g\u00e9s au niveau national (Heilongjiang).,<a target=\"_blank\" rel=\"nofollow\" href=\"https:\/\/www.viaromana.org\/blog\/goto\/https:\/\/fr.wikipedia.org\/wiki\/Sites_historiques_et_culturels_majeurs_prot%C3%A9g%C3%A9s_au_niveau_national_(Heilongjiang)\"  target=\"_blank\" rel=\"noopener noreferrer nofollow\">Cliquer ICI.<\/a><span><\/span>. Suite sur le prochain article.}<br \/>|{Sites historiques et culturels majeurs prot\u00e9g\u00e9s au niveau national (Heilongjiang).,<a target=\"_blank\" rel=\"nofollow\" href=\"https:\/\/www.viaromana.org\/blog\/goto\/https:\/\/fr.wikipedia.org\/wiki\/Sites_historiques_et_culturels_majeurs_prot%C3%A9g%C3%A9s_au_niveau_national_(Heilongjiang)\"  target=\"_blank\" rel=\"noopener noreferrer nofollow\">Cliquer ICI.<\/a><span><\/span>. Suite sur le prochain article.}<br \/>|{Sites historiques et culturels majeurs prot\u00e9g\u00e9s au niveau national (Jiangxi).,<a target=\"_blank\" rel=\"nofollow\" href=\"https:\/\/www.viaromana.org\/blog\/goto\/https:\/\/fr.wikipedia.org\/wiki\/Sites_historiques_et_culturels_majeurs_prot%C3%A9g%C3%A9s_au_niveau_national_(Jiangxi)\"  target=\"_blank\" rel=\"noopener noreferrer nofollow\">A lire ici.<\/a><span><\/span>. Suite sur le prochain article.}<br \/>|{Sites historiques et culturels majeurs prot\u00e9g\u00e9s au niveau national (Jiangxi).,<a target=\"_blank\" rel=\"nofollow\" href=\"https:\/\/www.viaromana.org\/blog\/goto\/https:\/\/fr.wikipedia.org\/wiki\/Sites_historiques_et_culturels_majeurs_prot%C3%A9g%C3%A9s_au_niveau_national_(Jiangxi)\"  target=\"_blank\" rel=\"noopener noreferrer nofollow\">Ici.<\/a><span><\/span>. Suite sur le prochain article.}<br \/>|{Sites historiques et culturels majeurs prot\u00e9g\u00e9s au niveau national (Liaoning).,<a target=\"_blank\" rel=\"nofollow\" href=\"https:\/\/www.viaromana.org\/blog\/goto\/https:\/\/fr.wikipedia.org\/wiki\/Sites_historiques_et_culturels_majeurs_prot%C3%A9g%C3%A9s_au_niveau_national_(Liaoning)\"  target=\"_blank\" rel=\"noopener noreferrer nofollow\">Le dossier.<\/a><span><\/span>. Suite sur le prochain article.}<br \/>|{Sites historiques et culturels majeurs prot\u00e9g\u00e9s au niveau national (Liaoning).,<a target=\"_blank\" rel=\"nofollow\" href=\"https:\/\/www.viaromana.org\/blog\/goto\/https:\/\/fr.wikipedia.org\/wiki\/Sites_historiques_et_culturels_majeurs_prot%C3%A9g%C3%A9s_au_niveau_national_(Liaoning)\"  target=\"_blank\" rel=\"noopener noreferrer nofollow\">Cliquer ICI.<\/a><span><\/span>}<br \/>|{Sites historiques et culturels majeurs prot\u00e9g\u00e9s au niveau national (Mongolie int\u00e9rieure).,<a target=\"_blank\" rel=\"nofollow\" href=\"https:\/\/www.viaromana.org\/blog\/goto\/https:\/\/fr.wikipedia.org\/wiki\/Sites_historiques_et_culturels_majeurs_prot%C3%A9g%C3%A9s_au_niveau_national_(Mongolie_int%C3%A9rieure)\"  target=\"_blank\" rel=\"noopener noreferrer nofollow\">Article complet.<\/a><span><\/span>}<br \/>|{Sites historiques et culturels majeurs prot\u00e9g\u00e9s au niveau national (Mongolie int\u00e9rieure).,<a target=\"_blank\" rel=\"nofollow\" href=\"https:\/\/www.viaromana.org\/blog\/goto\/https:\/\/fr.wikipedia.org\/wiki\/Sites_historiques_et_culturels_majeurs_prot%C3%A9g%C3%A9s_au_niveau_national_(Mongolie_int%C3%A9rieure)\"  target=\"_blank\" rel=\"noopener noreferrer nofollow\">Ici.<\/a><span><\/span>}<br \/>|{Sites historiques et culturels majeurs prot\u00e9g\u00e9s au niveau national (Ningxia).,<a target=\"_blank\" rel=\"nofollow\" href=\"https:\/\/www.viaromana.org\/blog\/goto\/https:\/\/fr.wikipedia.org\/wiki\/Sites_historiques_et_culturels_majeurs_prot%C3%A9g%C3%A9s_au_niveau_national_(Ningxia)\"  target=\"_blank\" rel=\"noopener noreferrer nofollow\">Ici.<\/a><span><\/span>}<br \/>|{Sites historiques et culturels majeurs prot\u00e9g\u00e9s au niveau national (Ningxia).,<a target=\"_blank\" rel=\"nofollow\" href=\"https:\/\/www.viaromana.org\/blog\/goto\/https:\/\/fr.wikipedia.org\/wiki\/Sites_historiques_et_culturels_majeurs_prot%C3%A9g%C3%A9s_au_niveau_national_(Ningxia)\"  target=\"_blank\" rel=\"noopener noreferrer nofollow\">Article complet.<\/a><span><\/span>}<br \/>|{Sites historiques et culturels majeurs prot\u00e9g\u00e9s au niveau national (Shaanxi).,<a target=\"_blank\" rel=\"nofollow\" href=\"https:\/\/www.viaromana.org\/blog\/goto\/https:\/\/fr.wikipedia.org\/wiki\/Sites_historiques_et_culturels_majeurs_prot%C3%A9g%C3%A9s_au_niveau_national_(Shaanxi)\"  target=\"_blank\" rel=\"noopener noreferrer nofollow\">L\u2019article de presse.<\/a><span><\/span>}<br \/>|{Sites historiques et culturels majeurs prot\u00e9g\u00e9s au niveau national (Shaanxi).,<a target=\"_blank\" rel=\"nofollow\" href=\"https:\/\/www.viaromana.org\/blog\/goto\/https:\/\/fr.wikipedia.org\/wiki\/Sites_historiques_et_culturels_majeurs_prot%C3%A9g%C3%A9s_au_niveau_national_(Shaanxi)\"  target=\"_blank\" rel=\"noopener noreferrer nofollow\">Le texte de l\u2019article.<\/a><span><\/span>}<br \/>|{Sites historiques et culturels majeurs prot\u00e9g\u00e9s au niveau national (Sichuan).,<a target=\"_blank\" rel=\"nofollow\" href=\"https:\/\/www.viaromana.org\/blog\/goto\/https:\/\/fr.wikipedia.org\/wiki\/Sites_historiques_et_culturels_majeurs_prot%C3%A9g%C3%A9s_au_niveau_national_(Sichuan)\"  target=\"_blank\" rel=\"noopener noreferrer nofollow\">Le post d\u2019actualit\u00e9.<\/a><span><\/span>}<br \/>|{Sites historiques et culturels majeurs prot\u00e9g\u00e9s au niveau national (Sichuan).,<a target=\"_blank\" rel=\"nofollow\" href=\"https:\/\/www.viaromana.org\/blog\/goto\/https:\/\/fr.wikipedia.org\/wiki\/Sites_historiques_et_culturels_majeurs_prot%C3%A9g%C3%A9s_au_niveau_national_(Sichuan)\"  target=\"_blank\" rel=\"noopener noreferrer nofollow\">Le texte de l\u2019article.<\/a><span><\/span>}<br \/>|{Sites historiques et culturels majeurs prot\u00e9g\u00e9s au niveau national (Xinjiang).,<a target=\"_blank\" rel=\"nofollow\" href=\"https:\/\/www.viaromana.org\/blog\/goto\/https:\/\/fr.wikipedia.org\/wiki\/Sites_historiques_et_culturels_majeurs_prot%C3%A9g%C3%A9s_au_niveau_national_(Xinjiang)\"  target=\"_blank\" rel=\"noopener noreferrer nofollow\">L\u2019article ICI.<\/a><span><\/span>}<br \/>|{Sites historiques et culturels majeurs prot\u00e9g\u00e9s au niveau national (Xinjiang).,<a target=\"_blank\" rel=\"nofollow\" href=\"https:\/\/www.viaromana.org\/blog\/goto\/https:\/\/fr.wikipedia.org\/wiki\/Sites_historiques_et_culturels_majeurs_prot%C3%A9g%C3%A9s_au_niveau_national_(Xinjiang)\"  target=\"_blank\" rel=\"noopener noreferrer nofollow\">Cliquer ICI.<\/a><span><\/span>. Suite sur le prochain article.}<br \/>|{Sites historiques et culturels majeurs prot\u00e9g\u00e9s de la r\u00e9gion autonome du Tibet.,<a target=\"_blank\" rel=\"nofollow\" href=\"https:\/\/www.viaromana.org\/blog\/goto\/https:\/\/fr.wikipedia.org\/wiki\/Sites_historiques_et_culturels_majeurs_prot%C3%A9g%C3%A9s_de_la_r%C3%A9gion_autonome_du_Tibet\"  target=\"_blank\" rel=\"noopener noreferrer nofollow\">Le texte de l\u2019article.<\/a><span><\/span>}<br \/>|{Sites historiques et culturels majeurs prot\u00e9g\u00e9s de la r\u00e9gion autonome du Tibet.,<a target=\"_blank\" rel=\"nofollow\" href=\"https:\/\/www.viaromana.org\/blog\/goto\/https:\/\/fr.wikipedia.org\/wiki\/Sites_historiques_et_culturels_majeurs_prot%C3%A9g%C3%A9s_de_la_r%C3%A9gion_autonome_du_Tibet\"  target=\"_blank\" rel=\"noopener noreferrer nofollow\">Le post d\u2019actualit\u00e9.<\/a><span><\/span>}<br \/>|{Soci\u00e9t\u00e9 Jersiaise.,<a target=\"_blank\" rel=\"nofollow\" href=\"https:\/\/www.viaromana.org\/blog\/goto\/https:\/\/fr.wikipedia.org\/wiki\/Soci%C3%A9t%C3%A9_Jersiaise\"  target=\"_blank\" rel=\"noopener noreferrer nofollow\">Le post d\u2019actualit\u00e9.<\/a><span><\/span>}<br \/>|{Soci\u00e9t\u00e9 Jersiaise.,<a target=\"_blank\" rel=\"nofollow\" href=\"https:\/\/www.viaromana.org\/blog\/goto\/https:\/\/fr.wikipedia.org\/wiki\/Soci%C3%A9t%C3%A9_Jersiaise\"  target=\"_blank\" rel=\"noopener noreferrer nofollow\">Ici.<\/a><span><\/span>. Suite sur le prochain article.}<br \/>|{Th\u00e9orie de la restauration.,<a target=\"_blank\" rel=\"nofollow\" href=\"https:\/\/www.viaromana.org\/blog\/goto\/https:\/\/fr.wikipedia.org\/wiki\/Th%C3%A9orie_de_la_restauration\"  target=\"_blank\" rel=\"noopener noreferrer nofollow\">Ici.<\/a><span><\/span>}<br \/>|{Tr\u00e9sor national (Japon).,<a target=\"_blank\" rel=\"nofollow\" href=\"https:\/\/www.viaromana.org\/blog\/goto\/https:\/\/fr.wikipedia.org\/wiki\/Tr%C3%A9sor_national_(Japon)\"  target=\"_blank\" rel=\"noopener noreferrer nofollow\">Ici.<\/a><span><\/span>}<br \/>|{Web Journal on Cultural Patrimony.,<a target=\"_blank\" rel=\"nofollow\" href=\"https:\/\/www.viaromana.org\/blog\/goto\/https:\/\/fr.wikipedia.org\/wiki\/Web_Journal_on_Cultural_Patrimony\"  target=\"_blank\" rel=\"noopener noreferrer nofollow\">Le texte de l\u2019article.<\/a><span><\/span>}<br \/>|{Whanganui.,<a target=\"_blank\" rel=\"nofollow\" href=\"https:\/\/www.viaromana.org\/blog\/goto\/https:\/\/fr.wikipedia.org\/wiki\/Whanganui\"  target=\"_blank\" rel=\"noopener noreferrer nofollow\">Ici.<\/a><span><\/span>}<br \/>|{Wiki Loves Earth.,<a target=\"_blank\" rel=\"nofollow\" href=\"https:\/\/www.viaromana.org\/blog\/goto\/https:\/\/fr.wikipedia.org\/wiki\/Wiki_Loves_Earth\"  target=\"_blank\" rel=\"noopener noreferrer nofollow\">Le post d\u2019actualit\u00e9.<\/a><span><\/span>}<br \/>|{Wiki Loves Monuments.,<a target=\"_blank\" rel=\"nofollow\" href=\"https:\/\/www.viaromana.org\/blog\/goto\/https:\/\/fr.wikipedia.org\/wiki\/Wiki_Loves_Monuments\"  target=\"_blank\" rel=\"noopener noreferrer nofollow\">L\u2019article ICI.<\/a><span><\/span>}<br \/>|{vitrail.,<a target=\"_blank\" rel=\"nofollow\" href=\"https:\/\/www.viaromana.org\/blog\/goto\/https:\/\/fr.wikipedia.orghttps:\/\/fr.wikipedia.org\/wiki\/Vitrail\"  target=\"_blank\" rel=\"noopener noreferrer nofollow\">Le texte de l\u2019article.<\/a><span><\/span>}<br \/>|{Les ICC Notes de l\u2019Institut canadien pour la conservation.,<a target=\"_blank\" rel=\"nofollow\" href=\"https:\/\/www.viaromana.org\/blog\/goto\/https:\/\/www.canada.ca\/fr\/institut-conservation\/services\/publications-conservation-preservation\/notes-institut-canadien-conservation.html\"  target=\"_blank\" rel=\"noopener noreferrer nofollow\">L\u2019article de presse.<\/a><span><\/span>. Suite sur le prochain article.}<br \/>|{Centre de conservation du Qu\u00e9bec .,<a target=\"_blank\" rel=\"nofollow\" href=\"https:\/\/www.viaromana.org\/blog\/goto\/https:\/\/www.ccq.gouv.qc.ca\/index-id%3d84.html\"  target=\"_blank\" rel=\"noopener noreferrer nofollow\">L\u2019article de presse.<\/a><span><\/span>. Suite sur le prochain article.}<br \/>|{Monumental n\u00b022 Conservation, restauration, restauration, doctrines.,<a target=\"_blank\" rel=\"nofollow\" href=\"https:\/\/www.viaromana.org\/blog\/goto\/https:\/\/www.editions-du-patrimoine.fr\/Librairie\/Monumental\/Monumental-N-22-Conservation.-restauration-doctrines?pRelatedEditions=3\"  target=\"_blank\" rel=\"noopener noreferrer nofollow\">Le dossier.<\/a><span><\/span>}<br \/>|{Ge-conservacion.,<a target=\"_blank\" rel=\"nofollow\" href=\"https:\/\/www.viaromana.org\/blog\/goto\/https:\/\/www.ge-iic.com\/ojs\/index.php\/revista\/issue\/archive\"  target=\"_blank\" rel=\"noopener noreferrer nofollow\">Le post d\u2019actualit\u00e9.<\/a><span><\/span>. Suite sur le prochain article.}<br \/>|{en ligne ici.,<a target=\"_blank\" rel=\"nofollow\" href=\"https:\/\/www.viaromana.org\/blog\/goto\/https:\/\/www.ifla.org\/resources\/?_sfm_resource_topic=1200820&amp;_sfm_resource_type=All\"  target=\"_blank\" rel=\"noopener noreferrer nofollow\">Cliquer ICI.<\/a><span><\/span>}<br \/>|{News in Conservation.,<a target=\"_blank\" rel=\"nofollow\" href=\"https:\/\/www.viaromana.org\/blog\/goto\/https:\/\/www.iiconservation.org\/publications\/nic\"  target=\"_blank\" rel=\"noopener noreferrer nofollow\">Le post d\u2019actualit\u00e9.<\/a><span><\/span>. Suite sur le prochain article.}<br \/>|{Image permanence Institute.,<a target=\"_blank\" rel=\"nofollow\" href=\"https:\/\/www.viaromana.org\/blog\/goto\/https:\/\/www.imagepermanenceinstitute.org\/education\/publications.html\"  target=\"_blank\" rel=\"noopener noreferrer nofollow\">L\u2019article de presse.<\/a><span><\/span>. Suite sur le prochain article.}<br \/>|{Les Preservation leaflets du NEDCC \u2013 Northeast document center.,<a target=\"_blank\" rel=\"nofollow\" href=\"https:\/\/www.viaromana.org\/blog\/goto\/https:\/\/www.nedcc.org\/free-resources\/preservation-leaflets\/overview\"  target=\"_blank\" rel=\"noopener noreferrer nofollow\">Le post d\u2019actualit\u00e9.<\/a><span><\/span>}<br \/>|{Conserve O Gram du National Park Service.,<a target=\"_blank\" rel=\"nofollow\" href=\"https:\/\/www.viaromana.org\/blog\/goto\/https:\/\/www.nps.gov\/museum\/publications\/conserveogram\/cons_toc.html\"  target=\"_blank\" rel=\"noopener noreferrer nofollow\">L\u2019article ICI.<\/a><span><\/span>. Suite sur le prochain article.}<br \/>|{Petite histoire de la restauration des monuments historiques.,<a target=\"_blank\" rel=\"nofollow\" href=\"https:\/\/www.viaromana.org\/blog\/goto\/https:\/\/www.tourisme93.com\/petite-histoire-de-la-restauration-des-monuments-historiques.html\"  target=\"_blank\" rel=\"noopener noreferrer nofollow\">L\u2019article ICI.<\/a><span><\/span>}<br \/>}<br \/>{{Link.,<a target=\"_blank\" rel=\"nofollow\" href=\"https:\/\/www.viaromana.org\/blog\/goto\/https:\/\/www.site.cdcl.xyz\/2025\/03\/28\/comment-liran-espionne-et-comment-les-femmes-militantes-restent-une-longueur-davance\/URL\"  target=\"_blank\" rel=\"noopener noreferrer nofollow\">Article complet.<\/a><span><\/span>}<br \/>|{B\u00e2timent restaur\u00e9 par Eug\u00e8ne Viollet-le-Duc.,<a target=\"_blank\" rel=\"nofollow\" href=\"https:\/\/www.viaromana.org\/blog\/goto\/https:\/\/www.site.cdcl.xyz\/wiki\/Cat%C3%A9gorie:B%C3%A2timent_restaur%C3%A9_par_Eug%C3%A8ne_Viollet-le-Duc\"  target=\"_blank\" rel=\"noopener noreferrer nofollow\">Le texte de l\u2019article.<\/a><span><\/span>}<br \/>|{B\u00e2timent restaur\u00e9 par F\u00e9lix Duban.,<a target=\"_blank\" rel=\"nofollow\" href=\"https:\/\/www.viaromana.org\/blog\/goto\/https:\/\/www.site.cdcl.xyz\/wiki\/Cat%C3%A9gorie:B%C3%A2timent_restaur%C3%A9_par_F%C3%A9lix_Duban\"  target=\"_blank\" rel=\"noopener noreferrer nofollow\">Le post d\u2019actualit\u00e9.<\/a><span><\/span>}<br \/>|{B\u00e2timent restaur\u00e9 par Jean-Baptiste Lassus.,<a target=\"_blank\" rel=\"nofollow\" href=\"https:\/\/www.viaromana.org\/blog\/goto\/https:\/\/www.site.cdcl.xyz\/wiki\/Cat%C3%A9gorie:B%C3%A2timent_restaur%C3%A9_par_Jean-Baptiste_Lassus\"  target=\"_blank\" rel=\"noopener noreferrer nofollow\">L\u2019article ICI.<\/a><span><\/span>. Suite sur le prochain article.}<br \/>|{Bien culturel folklorique important de la Cor\u00e9e du Sud.,<a target=\"_blank\" rel=\"nofollow\" href=\"https:\/\/www.viaromana.org\/blog\/goto\/https:\/\/www.site.cdcl.xyz\/wiki\/Cat%C3%A9gorie:Bien_culturel_folklorique_important_de_la_Cor%C3%A9e_du_Sud\"  target=\"_blank\" rel=\"noopener noreferrer nofollow\">L\u2019article ICI.<\/a><span><\/span>. Suite sur le prochain article.}<br \/>|{Organisme \u00e0 d\u00e9couvrir GCI.,<a target=\"_blank\" rel=\"nofollow\" href=\"https:\/\/www.viaromana.org\/blog\/goto\/http:\/\/aata.getty.edu\/Home\"  target=\"_blank\" rel=\"noopener noreferrer nofollow\">A lire ici.<\/a><span><\/span>}<br \/>|{Du CICRP \u2013 Centre interr\u00e9gional de conservation et restauration du patrimoine.,<a target=\"_blank\" rel=\"nofollow\" href=\"https:\/\/www.viaromana.org\/blog\/goto\/http:\/\/cicrp.info\/fiches-pratiques\/\"  target=\"_blank\" rel=\"noopener noreferrer nofollow\">A lire ici.<\/a><span><\/span>}<br \/>|{Organisme \u00e0 d\u00e9couvrir COol .,<a target=\"_blank\" rel=\"nofollow\" href=\"https:\/\/www.viaromana.org\/blog\/goto\/http:\/\/cool.conservation-us.org\/\"  target=\"_blank\" rel=\"noopener noreferrer nofollow\">A lire ici.<\/a><span><\/span>}<br \/>|{Le Corpus Vitrearum International .,<a target=\"_blank\" rel=\"nofollow\" href=\"https:\/\/www.viaromana.org\/blog\/goto\/http:\/\/cvi.cvma-freiburg.de\"  target=\"_blank\" rel=\"noopener noreferrer nofollow\">Cliquer ICI.<\/a><span><\/span>. Suite sur le prochain article.}<br \/>|{E-conservation Journal .,<a target=\"_blank\" rel=\"nofollow\" href=\"https:\/\/www.viaromana.org\/blog\/goto\/http:\/\/e-conservation.org\/\"  target=\"_blank\" rel=\"noopener noreferrer nofollow\">Le post d\u2019actualit\u00e9.<\/a><span><\/span>}<br \/>|{Organisme \u00e0 d\u00e9couvrir ICOM .,<a target=\"_blank\" rel=\"nofollow\" href=\"https:\/\/www.viaromana.org\/blog\/goto\/http:\/\/icom.museum\/que-faisons-nous\/ressources\/bibliographies\/L\/2.html\"  target=\"_blank\" rel=\"noopener noreferrer nofollow\">Le texte de l\u2019article.<\/a><span><\/span>. Suite sur le prochain article.}<br \/>|{In Situ. Revue des patrimoines.,<a target=\"_blank\" rel=\"nofollow\" href=\"https:\/\/www.viaromana.org\/blog\/goto\/http:\/\/insitu.revues.org\"  target=\"_blank\" rel=\"noopener noreferrer nofollow\">A lire ici.<\/a><span><\/span>}<br \/>|{Organisme \u00e0 d\u00e9couvrir INP.,<a target=\"_blank\" rel=\"nofollow\" href=\"https:\/\/www.viaromana.org\/blog\/goto\/http:\/\/mediatheque-numerique.inp.fr\/\"  target=\"_blank\" rel=\"noopener noreferrer nofollow\">L\u2019article de presse.<\/a><span><\/span>}<br \/>|{De la Biblioth\u00e8que nationale de France.,<a target=\"_blank\" rel=\"nofollow\" href=\"https:\/\/www.viaromana.org\/blog\/goto\/http:\/\/www.bnf.fr\/fr\/professionnels\/conservation_fiches_pratiques\/s.conservation_fiches_prevention.html\"  target=\"_blank\" rel=\"noopener noreferrer nofollow\">L\u2019article ICI.<\/a><span><\/span>}<br \/>|{CeROArt&nbsp;.,<a target=\"_blank\" rel=\"nofollow\" href=\"https:\/\/www.viaromana.org\/blog\/goto\/http:\/\/www.ceroart.org\/\"  target=\"_blank\" rel=\"noopener noreferrer nofollow\">L\u2019article ICI.<\/a><span><\/span>}<br \/>|{Le Journal of Film Preservation.,<a target=\"_blank\" rel=\"nofollow\" href=\"https:\/\/www.viaromana.org\/blog\/goto\/http:\/\/www.fiafnet.org\/fr\/publications\/fep_journal.html\"  target=\"_blank\" rel=\"noopener noreferrer nofollow\">Article complet.<\/a><span><\/span>}<br \/>|{Getty conservation Institute.,<a target=\"_blank\" rel=\"nofollow\" href=\"https:\/\/www.viaromana.org\/blog\/goto\/http:\/\/www.getty.edu\/search\/publications\"  target=\"_blank\" rel=\"noopener noreferrer nofollow\">L\u2019article de presse.<\/a><span><\/span>}<br \/>|{Organisme \u00e0 d\u00e9couvrir ICOMOS.,<a target=\"_blank\" rel=\"nofollow\" href=\"https:\/\/www.viaromana.org\/blog\/goto\/http:\/\/www.international.icomos.org\/fr\/centre-de-documentation\"  target=\"_blank\" rel=\"noopener noreferrer nofollow\">Article complet.<\/a><span><\/span>. Suite sur le prochain article.}<br \/>|{Organisme \u00e0 d\u00e9couvrir &nbsp;OCIM.,<a target=\"_blank\" rel=\"nofollow\" href=\"https:\/\/www.viaromana.org\/blog\/goto\/http:\/\/www.ocim.fr\/bibliographie\/\"  target=\"_blank\" rel=\"noopener noreferrer nofollow\">Article complet.<\/a><span><\/span>}<br \/>|{Les Insectes mus\u00e9ophages del\u2019OCIM \u2013 Office de coop\u00e9ration et d\u2019information mus\u00e9ales.,<a target=\"_blank\" rel=\"nofollow\" href=\"https:\/\/www.viaromana.org\/blog\/goto\/http:\/\/www.ocim.fr\/repertoires\/insectes\/\"  target=\"_blank\" rel=\"noopener noreferrer nofollow\">L\u2019article ICI.<\/a><span><\/span>}<br \/>|{Du C2RMF \u2013 Centre de recherche et de restauration des mus\u00e9es de France.,<a target=\"_blank\" rel=\"nofollow\" href=\"https:\/\/www.viaromana.org\/blog\/goto\/https:\/\/c2rmf.fr\/fiches-techniques-0\"  target=\"_blank\" rel=\"noopener noreferrer nofollow\">Le texte de l\u2019article.<\/a><span><\/span>}<br \/>|{Guide pratique pour le marquage d\u2019identification des biens culturels \u2013 C2RMF.,<a target=\"_blank\" rel=\"nofollow\" href=\"https:\/\/www.viaromana.org\/blog\/goto\/https:\/\/c2rmf.fr\/sites\/c2rmf\/files\/guide_pratique_pour_le_marquage_2015.pdf\"  target=\"_blank\" rel=\"noopener noreferrer nofollow\">L\u2019article de presse.<\/a><span><\/span>}<br \/>|{Vade-mecum de la conservation pr\u00e9ventive \u2013 C2RMF.,<a target=\"_blank\" rel=\"nofollow\" href=\"https:\/\/www.viaromana.org\/blog\/goto\/https:\/\/c2rmf.fr\/sites\/c2rmf\/files\/vademecum_cc.pdf\"  target=\"_blank\" rel=\"noopener noreferrer nofollow\">A lire ici.<\/a><span><\/span>}<br \/>|{La conservation des objets mobiliers dans les \u00e9glises : outil d\u2019auto-\u00e9valuation.,<a target=\"_blank\" rel=\"nofollow\" href=\"https:\/\/www.viaromana.org\/blog\/goto\/https:\/\/culture.gouv.fr\/Media\/Thematiques\/Circulation-des-biens-culturels\/Files\/Ressources-doc-Guides-et-procedures\/Guide-La-conservation-des-objets-mobiliers-dans-les-eglises-2004\"  target=\"_blank\" rel=\"noopener noreferrer nofollow\">Le texte de l\u2019article.<\/a><span><\/span>}<br \/>|{M\u00e9tiers de la restauration du patrimoine, statuts, conditions d\u2019exercice et fiscalit\u00e9, fiche pratique MC, 2018.,<a target=\"_blank\" rel=\"nofollow\" href=\"https:\/\/www.viaromana.org\/blog\/goto\/https:\/\/culture.gouv.fr\/Media\/Thematiques\/Conservation-restauration\/Fichiers\/Fiches-pratiques-manuels-et-revues\/Fiche-metiers-de-la-restauration-2019\"  target=\"_blank\" rel=\"noopener noreferrer nofollow\">Le dossier.<\/a><span><\/span>}<br \/>|{S\u00e9curit\u00e9 des biens culturels, de la pr\u00e9vention du vol \u00e0 la restitution de l\u2019objet vol\u00e9.,<a target=\"_blank\" rel=\"nofollow\" href=\"https:\/\/www.viaromana.org\/blog\/goto\/https:\/\/culture.gouv.fr\/Media\/Thematiques\/Conservation-restauration\/Fichiers\/Fiches-pratiques-manuels-et-revues\/Securite-des-biens-culturels-de-la-prevention-du-vol-a-la-restitution-de-l-objet-vole\"  target=\"_blank\" rel=\"noopener noreferrer nofollow\">L\u2019article de presse.<\/a><span><\/span>}<br \/>|{Petit Guide \u00e0 l\u2019usage des personnes souhaitant entretenir une s\u00e9pulture.,<a target=\"_blank\" rel=\"nofollow\" href=\"https:\/\/www.viaromana.org\/blog\/goto\/https:\/\/culture.gouv.fr\/Media\/Thematiques\/Conservation-restauration\/Fichiers\/Ressources-documentaires\/entretenir-une-sepulture\"  target=\"_blank\" rel=\"noopener noreferrer nofollow\">Article complet.<\/a><span><\/span>}<br \/>|{Rescuing the Hidden European Wooden Churches Heritage : an international methodology for implementing a database for restoration projects.,<a target=\"_blank\" rel=\"nofollow\" href=\"https:\/\/www.viaromana.org\/blog\/goto\/https:\/\/culture.gouv.fr\/Media\/Thematiques\/Conservation-restauration\/Fichiers\/Ressources-documentaires\/hiddenchurches\"  target=\"_blank\" rel=\"noopener noreferrer nofollow\">Cliquer ICI.<\/a><span><\/span>}<br \/>|{Guides de ma\u00eetrise d\u2019ouvrage et de ma\u00eetrise d\u2019\u0153uvre \u2013 Monuments historiques.,<a target=\"_blank\" rel=\"nofollow\" href=\"https:\/\/www.viaromana.org\/blog\/goto\/https:\/\/culture.gouv.fr\/Region\/Drac-Auvergne-Rhone-Alpes\/Demarches-aides\/Demarches-et-conseils-patrimoine-urbanisme-qualite-architecturale\/Guides-pratiques-travaux-sur-monuments-historiques\"  target=\"_blank\" rel=\"noopener noreferrer nofollow\">L\u2019article ICI.<\/a><span><\/span>. Suite sur le prochain article.}<br \/>|{Charte de Venise.,<a target=\"_blank\" rel=\"nofollow\" href=\"https:\/\/www.viaromana.org\/blog\/goto\/https:\/\/fr.wikipedia.org\/wiki\/Charte_de_Venise\"  target=\"_blank\" rel=\"noopener noreferrer nofollow\">Le dossier.<\/a><span><\/span>. Suite sur le prochain article.}<br \/>|{Charte de Washington.,<a target=\"_blank\" rel=\"nofollow\" href=\"https:\/\/www.viaromana.org\/blog\/goto\/https:\/\/fr.wikipedia.org\/wiki\/Charte_de_Washington\"  target=\"_blank\" rel=\"noopener noreferrer nofollow\">Le post d\u2019actualit\u00e9.<\/a><span><\/span>}<br \/>|{CIDOC Conceptual Reference Model.,<a target=\"_blank\" rel=\"nofollow\" href=\"https:\/\/www.viaromana.org\/blog\/goto\/https:\/\/fr.wikipedia.org\/wiki\/CIDOC_Conceptual_Reference_Model\"  target=\"_blank\" rel=\"noopener noreferrer nofollow\">Article complet.<\/a><span><\/span>}<br \/>|{Club pour le vieux Prague.,<a target=\"_blank\" rel=\"nofollow\" href=\"https:\/\/www.viaromana.org\/blog\/goto\/https:\/\/fr.wikipedia.org\/wiki\/Club_pour_le_vieux_Prague\"  target=\"_blank\" rel=\"noopener noreferrer nofollow\">L\u2019article de presse.<\/a><span><\/span>}<br \/>|{Code du patrimoine.,<a target=\"_blank\" rel=\"nofollow\" href=\"https:\/\/www.viaromana.org\/blog\/goto\/https:\/\/fr.wikipedia.org\/wiki\/Code_du_patrimoine\"  target=\"_blank\" rel=\"noopener noreferrer nofollow\">Le dossier.<\/a><span><\/span>. Suite sur le prochain article.}<br \/>|{Collection Patrimoine culturel des pays francophones.,<a target=\"_blank\" rel=\"nofollow\" href=\"https:\/\/www.viaromana.org\/blog\/goto\/https:\/\/fr.wikipedia.org\/wiki\/Collection_Patrimoine_culturel_des_pays_francophones\"  target=\"_blank\" rel=\"noopener noreferrer nofollow\">L\u2019article de presse.<\/a><span><\/span>}<br \/>|{Conservation architecturale.,<a target=\"_blank\" rel=\"nofollow\" href=\"https:\/\/www.viaromana.org\/blog\/goto\/https:\/\/fr.wikipedia.org\/wiki\/Conservation_architecturale\"  target=\"_blank\" rel=\"noopener noreferrer nofollow\">Cliquer ICI.<\/a><span><\/span>. Suite sur le prochain article.}<br \/>|{Conservation pr\u00e9ventive.,<a target=\"_blank\" rel=\"nofollow\" href=\"https:\/\/www.viaromana.org\/blog\/goto\/https:\/\/fr.wikipedia.org\/wiki\/Conservation_pr%C3%A9ventive\"  target=\"_blank\" rel=\"noopener noreferrer nofollow\">A lire ici.<\/a><span><\/span>}<br \/>|{Convention sur la protection du patrimoine culturel subaquatique.,<a target=\"_blank\" rel=\"nofollow\" href=\"https:\/\/www.viaromana.org\/blog\/goto\/https:\/\/fr.wikipedia.org\/wiki\/Convention_sur_la_protection_du_patrimoine_culturel_subaquatique\"  target=\"_blank\" rel=\"noopener noreferrer nofollow\">Le post d\u2019actualit\u00e9.<\/a><span><\/span>}<br \/>|{Din l-Art \u0126elwa.,<a target=\"_blank\" rel=\"nofollow\" href=\"https:\/\/www.viaromana.org\/blog\/goto\/https:\/\/fr.wikipedia.org\/wiki\/Din_l-Art_%C4%A6elwa\"  target=\"_blank\" rel=\"noopener noreferrer nofollow\">L\u2019article de presse.<\/a><span><\/span>. Suite sur le prochain article.}<br \/>|{Docomomo International.,<a target=\"_blank\" rel=\"nofollow\" href=\"https:\/\/www.viaromana.org\/blog\/goto\/https:\/\/fr.wikipedia.org\/wiki\/Docomomo_International\"  target=\"_blank\" rel=\"noopener noreferrer nofollow\">Cliquer ICI.<\/a><span><\/span>}<br \/>|{Doctrines et techniques de conservation \u2013 restauration.,<a target=\"_blank\" rel=\"nofollow\" href=\"https:\/\/www.viaromana.org\/blog\/goto\/https:\/\/fr.wikipedia.org\/wiki\/Doctrines_et_techniques_de_conservation_-_restauration\"  target=\"_blank\" rel=\"noopener noreferrer nofollow\">Le texte de l\u2019article.<\/a><span><\/span>. Suite sur le prochain article.}<br \/>|{Document de Nara sur l\u2019authenticit\u00e9.,<a target=\"_blank\" rel=\"nofollow\" href=\"https:\/\/www.viaromana.org\/blog\/goto\/https:\/\/fr.wikipedia.org\/wiki\/Document_de_Nara_sur_l%27authenticit%C3%A9\"  target=\"_blank\" rel=\"noopener noreferrer nofollow\">Cliquer ICI.<\/a><span><\/span>}<br \/>|{Fa\u00e7adisme.,<a target=\"_blank\" rel=\"nofollow\" href=\"https:\/\/www.viaromana.org\/blog\/goto\/https:\/\/fr.wikipedia.org\/wiki\/Fa%C3%A7adisme\"  target=\"_blank\" rel=\"noopener noreferrer nofollow\">Le dossier.<\/a><span><\/span>}<br \/>|{Fondation du patrimoine.,<a target=\"_blank\" rel=\"nofollow\" href=\"https:\/\/www.viaromana.org\/blog\/goto\/https:\/\/fr.wikipedia.org\/wiki\/Fondation_du_patrimoine\"  target=\"_blank\" rel=\"noopener noreferrer nofollow\">A lire ici.<\/a><span><\/span>}<br \/>|{Fondation Mansart.,<a target=\"_blank\" rel=\"nofollow\" href=\"https:\/\/www.viaromana.org\/blog\/goto\/https:\/\/fr.wikipedia.org\/wiki\/Fondation_Mansart\"  target=\"_blank\" rel=\"noopener noreferrer nofollow\">Le dossier.<\/a><span><\/span>. Suite sur le prochain article.}<br \/>|{Ieni-Kale.,<a target=\"_blank\" rel=\"nofollow\" href=\"https:\/\/www.viaromana.org\/blog\/goto\/https:\/\/fr.wikipedia.org\/wiki\/Ieni-Kale\"  target=\"_blank\" rel=\"noopener noreferrer nofollow\">Le post d\u2019actualit\u00e9.<\/a><span><\/span>}<br \/>|{In situ (conservation du patrimoine).,<a target=\"_blank\" rel=\"nofollow\" href=\"https:\/\/www.viaromana.org\/blog\/goto\/https:\/\/fr.wikipedia.org\/wiki\/In_situ_(conservation_du_patrimoine)\"  target=\"_blank\" rel=\"noopener noreferrer nofollow\">Article complet.<\/a><span><\/span>. Suite sur le prochain article.}<br \/>|{Injection de coulis de liant dans les ma\u00e7onneries.,<a target=\"_blank\" rel=\"nofollow\" href=\"https:\/\/www.viaromana.org\/blog\/goto\/https:\/\/fr.wikipedia.org\/wiki\/Injection_de_coulis_de_liant_dans_les_ma%C3%A7onneries\"  target=\"_blank\" rel=\"noopener noreferrer nofollow\">Le texte de l\u2019article.<\/a><span><\/span>. Suite sur le prochain article.}<br \/>|{Jacques Harmand.,<a target=\"_blank\" rel=\"nofollow\" href=\"https:\/\/www.viaromana.org\/blog\/goto\/https:\/\/fr.wikipedia.org\/wiki\/Jacques_Harmand\"  target=\"_blank\" rel=\"noopener noreferrer nofollow\">L\u2019article de presse.<\/a><span><\/span>. Suite sur le prochain article.}<br \/>|{La Tribune de l\u2019art.,<a target=\"_blank\" rel=\"nofollow\" href=\"https:\/\/www.viaromana.org\/blog\/goto\/https:\/\/fr.wikipedia.org\/wiki\/La_Tribune_de_l%27art\"  target=\"_blank\" rel=\"noopener noreferrer nofollow\">Le post d\u2019actualit\u00e9.<\/a><span><\/span>. Suite sur le prochain article.}<br \/>|{Nisso Pelossof.,<a target=\"_blank\" rel=\"nofollow\" href=\"https:\/\/www.viaromana.org\/blog\/goto\/https:\/\/fr.wikipedia.org\/wiki\/Nisso_Pelossof\"  target=\"_blank\" rel=\"noopener noreferrer nofollow\">A lire ici.<\/a><span><\/span>}<br \/>|{Palais Daming.,<a target=\"_blank\" rel=\"nofollow\" href=\"https:\/\/www.viaromana.org\/blog\/goto\/https:\/\/fr.wikipedia.org\/wiki\/Palais_Daming\"  target=\"_blank\" rel=\"noopener noreferrer nofollow\">L\u2019article ICI.<\/a><span><\/span>. Suite sur le prochain article.}<br \/>|{Paris historique.,<a target=\"_blank\" rel=\"nofollow\" href=\"https:\/\/www.viaromana.org\/blog\/goto\/https:\/\/fr.wikipedia.org\/wiki\/Paris_historique\"  target=\"_blank\" rel=\"noopener noreferrer nofollow\">Le post d\u2019actualit\u00e9.<\/a><span><\/span>}<br \/>|{Patrimoine d\u2019int\u00e9r\u00eat r\u00e9gional.,<a target=\"_blank\" rel=\"nofollow\" href=\"https:\/\/www.viaromana.org\/blog\/goto\/https:\/\/fr.wikipedia.org\/wiki\/Patrimoine_d%27int%C3%A9r%C3%AAt_r%C3%A9gional\"  target=\"_blank\" rel=\"noopener noreferrer nofollow\">Article complet.<\/a><span><\/span>}<br \/>|{Patrimoine sans fronti\u00e8res.,<a target=\"_blank\" rel=\"nofollow\" href=\"https:\/\/www.viaromana.org\/blog\/goto\/https:\/\/fr.wikipedia.org\/wiki\/Patrimoine_sans_fronti%C3%A8res\"  target=\"_blank\" rel=\"noopener noreferrer nofollow\">L\u2019article ICI.<\/a><span><\/span>. Suite sur le prochain article.}<br \/>|{Patrimoine syrien pendant la guerre civile.,<a target=\"_blank\" rel=\"nofollow\" href=\"https:\/\/www.viaromana.org\/blog\/goto\/https:\/\/fr.wikipedia.org\/wiki\/Patrimoine_syrien_pendant_la_guerre_civile\"  target=\"_blank\" rel=\"noopener noreferrer nofollow\">Cliquer ICI.<\/a><span><\/span>}<br \/>|{Patrimoine syrien pendant la guerre civile.,<a target=\"_blank\" rel=\"nofollow\" href=\"https:\/\/www.viaromana.org\/blog\/goto\/https:\/\/fr.wikipedia.org\/wiki\/Patrimoine_syrien_pendant_la_guerre_civile\"  target=\"_blank\" rel=\"noopener noreferrer nofollow\">Article complet.<\/a><span><\/span>. Suite sur le prochain article.}<br \/>|{Patrimonialisation.,<a target=\"_blank\" rel=\"nofollow\" href=\"https:\/\/www.viaromana.org\/blog\/goto\/https:\/\/fr.wikipedia.org\/wiki\/Patrimonialisation\"  target=\"_blank\" rel=\"noopener noreferrer nofollow\">L\u2019article de presse.<\/a><span><\/span>}<br \/>|{Patrimonialisation (homonymie).,<a target=\"_blank\" rel=\"nofollow\" href=\"https:\/\/www.viaromana.org\/blog\/goto\/https:\/\/fr.wikipedia.org\/wiki\/Patrimonialisation_(homonymie)\"  target=\"_blank\" rel=\"noopener noreferrer nofollow\">Article complet.<\/a><span><\/span>. Suite sur le prochain article.}<br \/>|{Pont de Gorica.,<a target=\"_blank\" rel=\"nofollow\" href=\"https:\/\/www.viaromana.org\/blog\/goto\/https:\/\/fr.wikipedia.org\/wiki\/Pont_de_Gorica\"  target=\"_blank\" rel=\"noopener noreferrer nofollow\">L\u2019article ICI.<\/a><span><\/span>}<br \/>|{Port d\u2019int\u00e9r\u00eat patrimonial.,<a target=\"_blank\" rel=\"nofollow\" href=\"https:\/\/www.viaromana.org\/blog\/goto\/https:\/\/fr.wikipedia.org\/wiki\/Port_d%27int%C3%A9r%C3%AAt_patrimonial\"  target=\"_blank\" rel=\"noopener noreferrer nofollow\">L\u2019article de presse.<\/a><span><\/span>}<br \/>|{Prix du patrimoine culturel de l\u2019UE\/Concours Europa Nostra.,<a target=\"_blank\" rel=\"nofollow\" href=\"https:\/\/www.viaromana.org\/blog\/goto\/https:\/\/fr.wikipedia.org\/wiki\/Prix_du_patrimoine_culturel_de_l%E2%80%99UE\/Concours_Europa_Nostra\"  target=\"_blank\" rel=\"noopener noreferrer nofollow\">L\u2019article ICI.<\/a><span><\/span>. Suite sur le prochain article.}<br \/>|{R\u00e9seau culturel Terre catalane.,<a target=\"_blank\" rel=\"nofollow\" href=\"https:\/\/www.viaromana.org\/blog\/goto\/https:\/\/fr.wikipedia.org\/wiki\/R%C3%A9seau_culturel_Terre_catalane\"  target=\"_blank\" rel=\"noopener noreferrer nofollow\">L\u2019article de presse.<\/a><span><\/span>. Suite sur le prochain article.}<br \/>|{Red Tail Project.,<a target=\"_blank\" rel=\"nofollow\" href=\"https:\/\/www.viaromana.org\/blog\/goto\/https:\/\/fr.wikipedia.org\/wiki\/Red_Tail_Project\"  target=\"_blank\" rel=\"noopener noreferrer nofollow\">L\u2019article de presse.<\/a><span><\/span>}<br \/>|{Registre patrimonial du Queensland.,<a target=\"_blank\" rel=\"nofollow\" href=\"https:\/\/www.viaromana.org\/blog\/goto\/https:\/\/fr.wikipedia.org\/wiki\/Registre_patrimonial_du_Queensland\"  target=\"_blank\" rel=\"noopener noreferrer nofollow\">A lire ici.<\/a><span><\/span>. Suite sur le prochain article.}<br \/>|{Ren\u00e9 Dinkel.,<a target=\"_blank\" rel=\"nofollow\" href=\"https:\/\/www.viaromana.org\/blog\/goto\/https:\/\/fr.wikipedia.org\/wiki\/Ren%C3%A9_Dinkel\"  target=\"_blank\" rel=\"noopener noreferrer nofollow\">Article complet.<\/a><span><\/span>. Suite sur le prochain article.}<br \/>|{Renaissance du Lille Ancien.,<a target=\"_blank\" rel=\"nofollow\" href=\"https:\/\/www.viaromana.org\/blog\/goto\/https:\/\/fr.wikipedia.org\/wiki\/Renaissance_du_Lille_Ancien\"  target=\"_blank\" rel=\"noopener noreferrer nofollow\">Le dossier.<\/a><span><\/span>}<br \/>|{Restauration de la composition murale de la Maison de la Radio \u00e0 Strasbourg.,<a target=\"_blank\" rel=\"nofollow\" href=\"https:\/\/www.viaromana.org\/blog\/goto\/https:\/\/fr.wikipedia.org\/wiki\/Restauration_de_la_composition_murale_de_la_Maison_de_la_Radio_%C3%A0_Strasbourg\"  target=\"_blank\" rel=\"noopener noreferrer nofollow\">Ici.<\/a><span><\/span>}<br \/>|{Ruine.,<a target=\"_blank\" rel=\"nofollow\" href=\"https:\/\/www.viaromana.org\/blog\/goto\/https:\/\/fr.wikipedia.org\/wiki\/Ruine\"  target=\"_blank\" rel=\"noopener noreferrer nofollow\">Le texte de l\u2019article.<\/a><span><\/span>. Suite sur le prochain article.}<br \/>|{Secteur sauvegard\u00e9 de Lille.,<a target=\"_blank\" rel=\"nofollow\" href=\"https:\/\/www.viaromana.org\/blog\/goto\/https:\/\/fr.wikipedia.org\/wiki\/Secteur_sauvegard%C3%A9_de_Lille\"  target=\"_blank\" rel=\"noopener noreferrer nofollow\">A lire ici.<\/a><span><\/span>}<br \/>|{Secteur sauvegard\u00e9 de Lille.,<a target=\"_blank\" rel=\"nofollow\" href=\"https:\/\/www.viaromana.org\/blog\/goto\/https:\/\/fr.wikipedia.org\/wiki\/Secteur_sauvegard%C3%A9_de_Lille\"  target=\"_blank\" rel=\"noopener noreferrer nofollow\">A lire ici.<\/a><span><\/span>. Suite sur le prochain article.}<br \/>|{Secteur sauvegard\u00e9 de Sedan.,<a target=\"_blank\" rel=\"nofollow\" href=\"https:\/\/www.viaromana.org\/blog\/goto\/https:\/\/fr.wikipedia.org\/wiki\/Secteur_sauvegard%C3%A9_de_Sedan\"  target=\"_blank\" rel=\"noopener noreferrer nofollow\">Le dossier.<\/a><span><\/span>}<br \/>|{Secteur sauvegard\u00e9 de Sedan.,<a target=\"_blank\" rel=\"nofollow\" href=\"https:\/\/www.viaromana.org\/blog\/goto\/https:\/\/fr.wikipedia.org\/wiki\/Secteur_sauvegard%C3%A9_de_Sedan\"  target=\"_blank\" rel=\"noopener noreferrer nofollow\">A lire ici.<\/a><span><\/span>. Suite sur le prochain article.}<br \/>|{Sites culturels construits d\u2019int\u00e9r\u00eat national en Finlande.,<a target=\"_blank\" rel=\"nofollow\" href=\"https:\/\/www.viaromana.org\/blog\/goto\/https:\/\/fr.wikipedia.org\/wiki\/Sites_culturels_construits_d%27int%C3%A9r%C3%AAt_national_en_Finlande\"  target=\"_blank\" rel=\"noopener noreferrer nofollow\">L\u2019article ICI.<\/a><span><\/span>}<br \/>|{Sites culturels construits d\u2019int\u00e9r\u00eat national en Finlande.,<a target=\"_blank\" rel=\"nofollow\" href=\"https:\/\/www.viaromana.org\/blog\/goto\/https:\/\/fr.wikipedia.org\/wiki\/Sites_culturels_construits_d%27int%C3%A9r%C3%AAt_national_en_Finlande\"  target=\"_blank\" rel=\"noopener noreferrer nofollow\">L\u2019article ICI.<\/a><span><\/span>}<br \/>|{Sites historiques et culturels majeurs prot\u00e9g\u00e9s au niveau national.,<a target=\"_blank\" rel=\"nofollow\" href=\"https:\/\/www.viaromana.org\/blog\/goto\/https:\/\/fr.wikipedia.org\/wiki\/Sites_historiques_et_culturels_majeurs_prot%C3%A9g%C3%A9s_au_niveau_national\"  target=\"_blank\" rel=\"noopener noreferrer nofollow\">Ici.<\/a><span><\/span>}<br \/>|{Sites historiques et culturels majeurs prot\u00e9g\u00e9s au niveau national.,<a target=\"_blank\" rel=\"nofollow\" href=\"https:\/\/www.viaromana.org\/blog\/goto\/https:\/\/fr.wikipedia.org\/wiki\/Sites_historiques_et_culturels_majeurs_prot%C3%A9g%C3%A9s_au_niveau_national\"  target=\"_blank\" rel=\"noopener noreferrer nofollow\">Ici.<\/a><span><\/span>}<br \/>|{Sites historiques et culturels majeurs prot\u00e9g\u00e9s au niveau national (Gansu).,<a target=\"_blank\" rel=\"nofollow\" href=\"https:\/\/www.viaromana.org\/blog\/goto\/https:\/\/fr.wikipedia.org\/wiki\/Sites_historiques_et_culturels_majeurs_prot%C3%A9g%C3%A9s_au_niveau_national_(Gansu)\"  target=\"_blank\" rel=\"noopener noreferrer nofollow\">Le texte de l\u2019article.<\/a><span><\/span>. Suite sur le prochain article.}<br \/>|{Sites historiques et culturels majeurs prot\u00e9g\u00e9s au niveau national (Gansu).,<a target=\"_blank\" rel=\"nofollow\" href=\"https:\/\/www.viaromana.org\/blog\/goto\/https:\/\/fr.wikipedia.org\/wiki\/Sites_historiques_et_culturels_majeurs_prot%C3%A9g%C3%A9s_au_niveau_national_(Gansu)\"  target=\"_blank\" rel=\"noopener noreferrer nofollow\">Le dossier.<\/a><span><\/span>. Suite sur le prochain article.}<br \/>|{Sites historiques et culturels majeurs prot\u00e9g\u00e9s au niveau national (Hebei).,<a target=\"_blank\" rel=\"nofollow\" href=\"https:\/\/www.viaromana.org\/blog\/goto\/https:\/\/fr.wikipedia.org\/wiki\/Sites_historiques_et_culturels_majeurs_prot%C3%A9g%C3%A9s_au_niveau_national_(Hebei)\"  target=\"_blank\" rel=\"noopener noreferrer nofollow\">Le texte de l\u2019article.<\/a><span><\/span>. Suite sur le prochain article.}<br \/>|{Sites historiques et culturels majeurs prot\u00e9g\u00e9s au niveau national (Hebei).,<a target=\"_blank\" rel=\"nofollow\" href=\"https:\/\/www.viaromana.org\/blog\/goto\/https:\/\/fr.wikipedia.org\/wiki\/Sites_historiques_et_culturels_majeurs_prot%C3%A9g%C3%A9s_au_niveau_national_(Hebei)\"  target=\"_blank\" rel=\"noopener noreferrer nofollow\">Cliquer ICI.<\/a><span><\/span>}<br \/>|{Sites historiques et culturels majeurs prot\u00e9g\u00e9s au niveau national (Heilongjiang).,<a target=\"_blank\" rel=\"nofollow\" href=\"https:\/\/www.viaromana.org\/blog\/goto\/https:\/\/fr.wikipedia.org\/wiki\/Sites_historiques_et_culturels_majeurs_prot%C3%A9g%C3%A9s_au_niveau_national_(Heilongjiang)\"  target=\"_blank\" rel=\"noopener noreferrer nofollow\">Le dossier.<\/a><span><\/span>. Suite sur le prochain article.}<br \/>|{Sites historiques et culturels majeurs prot\u00e9g\u00e9s au niveau national (Heilongjiang).,<a target=\"_blank\" rel=\"nofollow\" href=\"https:\/\/www.viaromana.org\/blog\/goto\/https:\/\/fr.wikipedia.org\/wiki\/Sites_historiques_et_culturels_majeurs_prot%C3%A9g%C3%A9s_au_niveau_national_(Heilongjiang)\"  target=\"_blank\" rel=\"noopener noreferrer nofollow\">Ici.<\/a><span><\/span>}<br \/>|{Sites historiques et culturels majeurs prot\u00e9g\u00e9s au niveau national (Jiangxi).,<a target=\"_blank\" rel=\"nofollow\" href=\"https:\/\/www.viaromana.org\/blog\/goto\/https:\/\/fr.wikipedia.org\/wiki\/Sites_historiques_et_culturels_majeurs_prot%C3%A9g%C3%A9s_au_niveau_national_(Jiangxi)\"  target=\"_blank\" rel=\"noopener noreferrer nofollow\">L\u2019article ICI.<\/a><span><\/span>}<br \/>|{Sites historiques et culturels majeurs prot\u00e9g\u00e9s au niveau national (Jiangxi).,<a target=\"_blank\" rel=\"nofollow\" href=\"https:\/\/www.viaromana.org\/blog\/goto\/https:\/\/fr.wikipedia.org\/wiki\/Sites_historiques_et_culturels_majeurs_prot%C3%A9g%C3%A9s_au_niveau_national_(Jiangxi)\"  target=\"_blank\" rel=\"noopener noreferrer nofollow\">Cliquer ICI.<\/a><span><\/span>}<br \/>|{Sites historiques et culturels majeurs prot\u00e9g\u00e9s au niveau national (Liaoning).,<a target=\"_blank\" rel=\"nofollow\" href=\"https:\/\/www.viaromana.org\/blog\/goto\/https:\/\/fr.wikipedia.org\/wiki\/Sites_historiques_et_culturels_majeurs_prot%C3%A9g%C3%A9s_au_niveau_national_(Liaoning)\"  target=\"_blank\" rel=\"noopener noreferrer nofollow\">Le post d\u2019actualit\u00e9.<\/a><span><\/span>}<br \/>|{Sites historiques et culturels majeurs prot\u00e9g\u00e9s au niveau national (Liaoning).,<a target=\"_blank\" rel=\"nofollow\" href=\"https:\/\/www.viaromana.org\/blog\/goto\/https:\/\/fr.wikipedia.org\/wiki\/Sites_historiques_et_culturels_majeurs_prot%C3%A9g%C3%A9s_au_niveau_national_(Liaoning)\"  target=\"_blank\" rel=\"noopener noreferrer nofollow\">L\u2019article de presse.<\/a><span><\/span>}<br \/>|{Sites historiques et culturels majeurs prot\u00e9g\u00e9s au niveau national (Mongolie int\u00e9rieure).,<a target=\"_blank\" rel=\"nofollow\" href=\"https:\/\/www.viaromana.org\/blog\/goto\/https:\/\/fr.wikipedia.org\/wiki\/Sites_historiques_et_culturels_majeurs_prot%C3%A9g%C3%A9s_au_niveau_national_(Mongolie_int%C3%A9rieure)\"  target=\"_blank\" rel=\"noopener noreferrer nofollow\">Le post d\u2019actualit\u00e9.<\/a><span><\/span>}<br \/>|{Sites historiques et culturels majeurs prot\u00e9g\u00e9s au niveau national (Mongolie int\u00e9rieure).,<a target=\"_blank\" rel=\"nofollow\" href=\"https:\/\/www.viaromana.org\/blog\/goto\/https:\/\/fr.wikipedia.org\/wiki\/Sites_historiques_et_culturels_majeurs_prot%C3%A9g%C3%A9s_au_niveau_national_(Mongolie_int%C3%A9rieure)\"  target=\"_blank\" rel=\"noopener noreferrer nofollow\">Ici.<\/a><span><\/span>. Suite sur le prochain article.}<br \/>|{Sites historiques et culturels majeurs prot\u00e9g\u00e9s au niveau national (Ningxia).,<a target=\"_blank\" rel=\"nofollow\" href=\"https:\/\/www.viaromana.org\/blog\/goto\/https:\/\/fr.wikipedia.org\/wiki\/Sites_historiques_et_culturels_majeurs_prot%C3%A9g%C3%A9s_au_niveau_national_(Ningxia)\"  target=\"_blank\" rel=\"noopener noreferrer nofollow\">Le dossier.<\/a><span><\/span>}<br \/>|{Sites historiques et culturels majeurs prot\u00e9g\u00e9s au niveau national (Ningxia).,<a target=\"_blank\" rel=\"nofollow\" href=\"https:\/\/www.viaromana.org\/blog\/goto\/https:\/\/fr.wikipedia.org\/wiki\/Sites_historiques_et_culturels_majeurs_prot%C3%A9g%C3%A9s_au_niveau_national_(Ningxia)\"  target=\"_blank\" rel=\"noopener noreferrer nofollow\">L\u2019article de presse.<\/a><span><\/span>}<br \/>|{Sites historiques et culturels majeurs prot\u00e9g\u00e9s au niveau national (Shaanxi).,<a target=\"_blank\" rel=\"nofollow\" href=\"https:\/\/www.viaromana.org\/blog\/goto\/https:\/\/fr.wikipedia.org\/wiki\/Sites_historiques_et_culturels_majeurs_prot%C3%A9g%C3%A9s_au_niveau_national_(Shaanxi)\"  target=\"_blank\" rel=\"noopener noreferrer nofollow\">Article complet.<\/a><span><\/span>. Suite sur le prochain article.}<br \/>|{Sites historiques et culturels majeurs prot\u00e9g\u00e9s au niveau national (Shaanxi).,<a target=\"_blank\" rel=\"nofollow\" href=\"https:\/\/www.viaromana.org\/blog\/goto\/https:\/\/fr.wikipedia.org\/wiki\/Sites_historiques_et_culturels_majeurs_prot%C3%A9g%C3%A9s_au_niveau_national_(Shaanxi)\"  target=\"_blank\" rel=\"noopener noreferrer nofollow\">L\u2019article de presse.<\/a><span><\/span>. Suite sur le prochain article.}<br \/>|{Sites historiques et culturels majeurs prot\u00e9g\u00e9s au niveau national (Sichuan).,<a target=\"_blank\" rel=\"nofollow\" href=\"https:\/\/www.viaromana.org\/blog\/goto\/https:\/\/fr.wikipedia.org\/wiki\/Sites_historiques_et_culturels_majeurs_prot%C3%A9g%C3%A9s_au_niveau_national_(Sichuan)\"  target=\"_blank\" rel=\"noopener noreferrer nofollow\">Le texte de l\u2019article.<\/a><span><\/span>}<br \/>|{Sites historiques et culturels majeurs prot\u00e9g\u00e9s au niveau national (Sichuan).,<a target=\"_blank\" rel=\"nofollow\" href=\"https:\/\/www.viaromana.org\/blog\/goto\/https:\/\/fr.wikipedia.org\/wiki\/Sites_historiques_et_culturels_majeurs_prot%C3%A9g%C3%A9s_au_niveau_national_(Sichuan)\"  target=\"_blank\" rel=\"noopener noreferrer nofollow\">L\u2019article ICI.<\/a><span><\/span>}<br \/>|{Sites historiques et culturels majeurs prot\u00e9g\u00e9s au niveau national (Xinjiang).,<a target=\"_blank\" rel=\"nofollow\" href=\"https:\/\/www.viaromana.org\/blog\/goto\/https:\/\/fr.wikipedia.org\/wiki\/Sites_historiques_et_culturels_majeurs_prot%C3%A9g%C3%A9s_au_niveau_national_(Xinjiang)\"  target=\"_blank\" rel=\"noopener noreferrer nofollow\">L\u2019article ICI.<\/a><span><\/span>}<br \/>|{Sites historiques et culturels majeurs prot\u00e9g\u00e9s au niveau national (Xinjiang).,<a target=\"_blank\" rel=\"nofollow\" href=\"https:\/\/www.viaromana.org\/blog\/goto\/https:\/\/fr.wikipedia.org\/wiki\/Sites_historiques_et_culturels_majeurs_prot%C3%A9g%C3%A9s_au_niveau_national_(Xinjiang)\"  target=\"_blank\" rel=\"noopener noreferrer nofollow\">Cliquer ICI.<\/a><span><\/span>. Suite sur le prochain article.}<br \/>|{Sites historiques et culturels majeurs prot\u00e9g\u00e9s de la r\u00e9gion autonome du Tibet.,<a target=\"_blank\" rel=\"nofollow\" href=\"https:\/\/www.viaromana.org\/blog\/goto\/https:\/\/fr.wikipedia.org\/wiki\/Sites_historiques_et_culturels_majeurs_prot%C3%A9g%C3%A9s_de_la_r%C3%A9gion_autonome_du_Tibet\"  target=\"_blank\" rel=\"noopener noreferrer nofollow\">Le texte de l\u2019article.<\/a><span><\/span>}<br \/>|{Sites historiques et culturels majeurs prot\u00e9g\u00e9s de la r\u00e9gion autonome du Tibet.,<a target=\"_blank\" rel=\"nofollow\" href=\"https:\/\/www.viaromana.org\/blog\/goto\/https:\/\/fr.wikipedia.org\/wiki\/Sites_historiques_et_culturels_majeurs_prot%C3%A9g%C3%A9s_de_la_r%C3%A9gion_autonome_du_Tibet\"  target=\"_blank\" rel=\"noopener noreferrer nofollow\">Article complet.<\/a><span><\/span>}<br \/>|{Soci\u00e9t\u00e9 Jersiaise.,<a target=\"_blank\" rel=\"nofollow\" href=\"https:\/\/www.viaromana.org\/blog\/goto\/https:\/\/fr.wikipedia.org\/wiki\/Soci%C3%A9t%C3%A9_Jersiaise\"  target=\"_blank\" rel=\"noopener noreferrer nofollow\">Article complet.<\/a><span><\/span>. Suite sur le prochain article.}<br \/>|{Soci\u00e9t\u00e9 Jersiaise.,<a target=\"_blank\" rel=\"nofollow\" href=\"https:\/\/www.viaromana.org\/blog\/goto\/https:\/\/fr.wikipedia.org\/wiki\/Soci%C3%A9t%C3%A9_Jersiaise\"  target=\"_blank\" rel=\"noopener noreferrer nofollow\">L\u2019article de presse.<\/a><span><\/span>}<br \/>|{Th\u00e9orie de la restauration.,<a target=\"_blank\" rel=\"nofollow\" href=\"https:\/\/www.viaromana.org\/blog\/goto\/https:\/\/fr.wikipedia.org\/wiki\/Th%C3%A9orie_de_la_restauration\"  target=\"_blank\" rel=\"noopener noreferrer nofollow\">Cliquer ICI.<\/a><span><\/span>}<br \/>|{Tr\u00e9sor national (Japon).,<a target=\"_blank\" rel=\"nofollow\" href=\"https:\/\/www.viaromana.org\/blog\/goto\/https:\/\/fr.wikipedia.org\/wiki\/Tr%C3%A9sor_national_(Japon)\"  target=\"_blank\" rel=\"noopener noreferrer nofollow\">L\u2019article ICI.<\/a><span><\/span>}<br \/>|{Web Journal on Cultural Patrimony.,<a target=\"_blank\" rel=\"nofollow\" href=\"https:\/\/www.viaromana.org\/blog\/goto\/https:\/\/fr.wikipedia.org\/wiki\/Web_Journal_on_Cultural_Patrimony\"  target=\"_blank\" rel=\"noopener noreferrer nofollow\">A lire ici.<\/a><span><\/span>}<br \/>|{Whanganui.,<a target=\"_blank\" rel=\"nofollow\" href=\"https:\/\/www.viaromana.org\/blog\/goto\/https:\/\/fr.wikipedia.org\/wiki\/Whanganui\"  target=\"_blank\" rel=\"noopener noreferrer nofollow\">Le dossier.<\/a><span><\/span>}<br \/>|{Wiki Loves Earth.,<a target=\"_blank\" rel=\"nofollow\" href=\"https:\/\/www.viaromana.org\/blog\/goto\/https:\/\/fr.wikipedia.org\/wiki\/Wiki_Loves_Earth\"  target=\"_blank\" rel=\"noopener noreferrer nofollow\">L\u2019article de presse.<\/a><span><\/span>}<br \/>|{Wiki Loves Monuments.,<a target=\"_blank\" rel=\"nofollow\" href=\"https:\/\/www.viaromana.org\/blog\/goto\/https:\/\/fr.wikipedia.org\/wiki\/Wiki_Loves_Monuments\"  target=\"_blank\" rel=\"noopener noreferrer nofollow\">Article complet.<\/a><span><\/span>}<br \/>|{vitrail.,<a target=\"_blank\" rel=\"nofollow\" href=\"https:\/\/www.viaromana.org\/blog\/goto\/https:\/\/fr.wikipedia.orghttps:\/\/fr.wikipedia.org\/wiki\/Vitrail\"  target=\"_blank\" rel=\"noopener noreferrer nofollow\">Article complet.<\/a><span><\/span>}<br \/>|{Les ICC Notes de l\u2019Institut canadien pour la conservation.,<a target=\"_blank\" rel=\"nofollow\" href=\"https:\/\/www.viaromana.org\/blog\/goto\/https:\/\/www.canada.ca\/fr\/institut-conservation\/services\/publications-conservation-preservation\/notes-institut-canadien-conservation.html\"  target=\"_blank\" rel=\"noopener noreferrer nofollow\">Le texte de l\u2019article.<\/a><span><\/span>}<br \/>|{Centre de conservation du Qu\u00e9bec .,<a target=\"_blank\" rel=\"nofollow\" href=\"https:\/\/www.viaromana.org\/blog\/goto\/https:\/\/www.ccq.gouv.qc.ca\/index-id%3d84.html\"  target=\"_blank\" rel=\"noopener noreferrer nofollow\">Article complet.<\/a><span><\/span>}<br \/>|{Monumental n\u00b022 Conservation, restauration, restauration, doctrines.,<a target=\"_blank\" rel=\"nofollow\" href=\"https:\/\/www.viaromana.org\/blog\/goto\/https:\/\/www.editions-du-patrimoine.fr\/Librairie\/Monumental\/Monumental-N-22-Conservation.-restauration-doctrines?pRelatedEditions=3\"  target=\"_blank\" rel=\"noopener noreferrer nofollow\">Le dossier.<\/a><span><\/span>. Suite sur le prochain article.}<br \/>|{Ge-conservacion.,<a target=\"_blank\" rel=\"nofollow\" href=\"https:\/\/www.viaromana.org\/blog\/goto\/https:\/\/www.ge-iic.com\/ojs\/index.php\/revista\/issue\/archive\"  target=\"_blank\" rel=\"noopener noreferrer nofollow\">A lire ici.<\/a><span><\/span>}<br \/>|{en ligne ici.,<a target=\"_blank\" rel=\"nofollow\" href=\"https:\/\/www.viaromana.org\/blog\/goto\/https:\/\/www.ifla.org\/resources\/?_sfm_resource_topic=1200820&amp;_sfm_resource_type=All\"  target=\"_blank\" rel=\"noopener noreferrer nofollow\">Le dossier.<\/a><span><\/span>}<br \/>|{News in Conservation.,<a target=\"_blank\" rel=\"nofollow\" href=\"https:\/\/www.viaromana.org\/blog\/goto\/https:\/\/www.iiconservation.org\/publications\/nic\"  target=\"_blank\" rel=\"noopener noreferrer nofollow\">A lire ici.<\/a><span><\/span>. Suite sur le prochain article.}<br \/>|{Image permanence Institute.,<a target=\"_blank\" rel=\"nofollow\" href=\"https:\/\/www.viaromana.org\/blog\/goto\/https:\/\/www.imagepermanenceinstitute.org\/education\/publications.html\"  target=\"_blank\" rel=\"noopener noreferrer nofollow\">Le post d\u2019actualit\u00e9.<\/a><span><\/span>}<br \/>|{Les Preservation leaflets du NEDCC \u2013 Northeast document center.,<a target=\"_blank\" rel=\"nofollow\" href=\"https:\/\/www.viaromana.org\/blog\/goto\/https:\/\/www.nedcc.org\/free-resources\/preservation-leaflets\/overview\"  target=\"_blank\" rel=\"noopener noreferrer nofollow\">Ici.<\/a><span><\/span>}<br \/>|{Conserve O Gram du National Park Service.,<a target=\"_blank\" rel=\"nofollow\" href=\"https:\/\/www.viaromana.org\/blog\/goto\/https:\/\/www.nps.gov\/museum\/publications\/conserveogram\/cons_toc.html\"  target=\"_blank\" rel=\"noopener noreferrer nofollow\">L\u2019article de presse.<\/a><span><\/span>}<br \/>|{Petite histoire de la restauration des monuments historiques.,<a target=\"_blank\" rel=\"nofollow\" href=\"https:\/\/www.viaromana.org\/blog\/goto\/https:\/\/www.tourisme93.com\/petite-histoire-de-la-restauration-des-monuments-historiques.html\"  target=\"_blank\" rel=\"noopener noreferrer nofollow\">Le dossier.<\/a><span><\/span>. Suite sur le prochain article.}<br \/>}<br \/>{{Link.,<a target=\"_blank\" rel=\"nofollow\" href=\"https:\/\/www.viaromana.org\/blog\/goto\/https:\/\/www.site.cdcl.xyz\/2025\/03\/28\/comment-liran-espionne-et-comment-les-femmes-militantes-restent-une-longueur-davance\/URL\"  target=\"_blank\" rel=\"noopener noreferrer nofollow\">L\u2019article de presse.<\/a><span><\/span>}<br \/>|{B\u00e2timent restaur\u00e9 par Eug\u00e8ne Viollet-le-Duc.,<a target=\"_blank\" rel=\"nofollow\" href=\"https:\/\/www.viaromana.org\/blog\/goto\/https:\/\/www.site.cdcl.xyz\/wiki\/Cat%C3%A9gorie:B%C3%A2timent_restaur%C3%A9_par_Eug%C3%A8ne_Viollet-le-Duc\"  target=\"_blank\" rel=\"noopener noreferrer nofollow\">Ici.<\/a><span><\/span>. Suite sur le prochain article.}<br \/>|{B\u00e2timent restaur\u00e9 par F\u00e9lix Duban.,<a target=\"_blank\" rel=\"nofollow\" href=\"https:\/\/www.viaromana.org\/blog\/goto\/https:\/\/www.site.cdcl.xyz\/wiki\/Cat%C3%A9gorie:B%C3%A2timent_restaur%C3%A9_par_F%C3%A9lix_Duban\"  target=\"_blank\" rel=\"noopener noreferrer nofollow\">Le texte de l\u2019article.<\/a><span><\/span>}<br \/>|{B\u00e2timent restaur\u00e9 par Jean-Baptiste Lassus.,<a target=\"_blank\" rel=\"nofollow\" href=\"https:\/\/www.viaromana.org\/blog\/goto\/https:\/\/www.site.cdcl.xyz\/wiki\/Cat%C3%A9gorie:B%C3%A2timent_restaur%C3%A9_par_Jean-Baptiste_Lassus\"  target=\"_blank\" rel=\"noopener noreferrer nofollow\">A lire ici.<\/a><span><\/span>}<br \/>|{Bien culturel folklorique important de la Cor\u00e9e du Sud.,<a target=\"_blank\" rel=\"nofollow\" href=\"https:\/\/www.viaromana.org\/blog\/goto\/https:\/\/www.site.cdcl.xyz\/wiki\/Cat%C3%A9gorie:Bien_culturel_folklorique_important_de_la_Cor%C3%A9e_du_Sud\"  target=\"_blank\" rel=\"noopener noreferrer nofollow\">Le dossier.<\/a><span><\/span>}<br \/>|{Organisme \u00e0 d\u00e9couvrir GCI.,<a target=\"_blank\" rel=\"nofollow\" href=\"https:\/\/www.viaromana.org\/blog\/goto\/http:\/\/aata.getty.edu\/Home\"  target=\"_blank\" rel=\"noopener noreferrer nofollow\">L\u2019article ICI.<\/a><span><\/span>. Suite sur le prochain article.}<br \/>|{Du CICRP \u2013 Centre interr\u00e9gional de conservation et restauration du patrimoine.,<a target=\"_blank\" rel=\"nofollow\" href=\"https:\/\/www.viaromana.org\/blog\/goto\/http:\/\/cicrp.info\/fiches-pratiques\/\"  target=\"_blank\" rel=\"noopener noreferrer nofollow\">Article complet.<\/a><span><\/span>}<br \/>|{Organisme \u00e0 d\u00e9couvrir COol .,<a target=\"_blank\" rel=\"nofollow\" href=\"https:\/\/www.viaromana.org\/blog\/goto\/http:\/\/cool.conservation-us.org\/\"  target=\"_blank\" rel=\"noopener noreferrer nofollow\">Le texte de l\u2019article.<\/a><span><\/span>}<br \/>|{Le Corpus Vitrearum International .,<a target=\"_blank\" rel=\"nofollow\" href=\"https:\/\/www.viaromana.org\/blog\/goto\/http:\/\/cvi.cvma-freiburg.de\"  target=\"_blank\" rel=\"noopener noreferrer nofollow\">Le post d\u2019actualit\u00e9.<\/a><span><\/span>. Suite sur le prochain article.}<br \/>|{E-conservation Journal .,<a target=\"_blank\" rel=\"nofollow\" href=\"https:\/\/www.viaromana.org\/blog\/goto\/http:\/\/e-conservation.org\/\"  target=\"_blank\" rel=\"noopener noreferrer nofollow\">Le texte de l\u2019article.<\/a><span><\/span>. Suite sur le prochain article.}<br \/>|{Organisme \u00e0 d\u00e9couvrir ICOM .,<a target=\"_blank\" rel=\"nofollow\" href=\"https:\/\/www.viaromana.org\/blog\/goto\/http:\/\/icom.museum\/que-faisons-nous\/ressources\/bibliographies\/L\/2.html\"  target=\"_blank\" rel=\"noopener noreferrer nofollow\">Ici.<\/a><span><\/span>. Suite sur le prochain article.}<br \/>|{In Situ. Revue des patrimoines.,<a target=\"_blank\" rel=\"nofollow\" href=\"https:\/\/www.viaromana.org\/blog\/goto\/http:\/\/insitu.revues.org\"  target=\"_blank\" rel=\"noopener noreferrer nofollow\">Cliquer ICI.<\/a><span><\/span>}<br \/>|{Organisme \u00e0 d\u00e9couvrir INP.,<a target=\"_blank\" rel=\"nofollow\" href=\"https:\/\/www.viaromana.org\/blog\/goto\/http:\/\/mediatheque-numerique.inp.fr\/\"  target=\"_blank\" rel=\"noopener noreferrer nofollow\">Article complet.<\/a><span><\/span>}<br \/>|{De la Biblioth\u00e8que nationale de France.,<a target=\"_blank\" rel=\"nofollow\" href=\"https:\/\/www.viaromana.org\/blog\/goto\/http:\/\/www.bnf.fr\/fr\/professionnels\/conservation_fiches_pratiques\/s.conservation_fiches_prevention.html\"  target=\"_blank\" rel=\"noopener noreferrer nofollow\">L\u2019article ICI.<\/a><span><\/span>. Suite sur le prochain article.}<br \/>|{CeROArt&nbsp;.,<a target=\"_blank\" rel=\"nofollow\" href=\"https:\/\/www.viaromana.org\/blog\/goto\/http:\/\/www.ceroart.org\/\"  target=\"_blank\" rel=\"noopener noreferrer nofollow\">A lire ici.<\/a><span><\/span>}<br \/>|{Le Journal of Film Preservation.,<a target=\"_blank\" rel=\"nofollow\" href=\"https:\/\/www.viaromana.org\/blog\/goto\/http:\/\/www.fiafnet.org\/fr\/publications\/fep_journal.html\"  target=\"_blank\" rel=\"noopener noreferrer nofollow\">Le dossier.<\/a><span><\/span>}<br \/>|{Getty conservation Institute.,<a target=\"_blank\" rel=\"nofollow\" href=\"https:\/\/www.viaromana.org\/blog\/goto\/http:\/\/www.getty.edu\/search\/publications\"  target=\"_blank\" rel=\"noopener noreferrer nofollow\">Ici.<\/a><span><\/span>}<br \/>|{Organisme \u00e0 d\u00e9couvrir ICOMOS.,<a target=\"_blank\" rel=\"nofollow\" href=\"https:\/\/www.viaromana.org\/blog\/goto\/http:\/\/www.international.icomos.org\/fr\/centre-de-documentation\"  target=\"_blank\" rel=\"noopener noreferrer nofollow\">Le dossier.<\/a><span><\/span>}<br \/>|{Organisme \u00e0 d\u00e9couvrir &nbsp;OCIM.,<a target=\"_blank\" rel=\"nofollow\" href=\"https:\/\/www.viaromana.org\/blog\/goto\/http:\/\/www.ocim.fr\/bibliographie\/\"  target=\"_blank\" rel=\"noopener noreferrer nofollow\">Article complet.<\/a><span><\/span>}<br \/>|{Les Insectes mus\u00e9ophages del\u2019OCIM \u2013 Office de coop\u00e9ration et d\u2019information mus\u00e9ales.,<a target=\"_blank\" rel=\"nofollow\" href=\"https:\/\/www.viaromana.org\/blog\/goto\/http:\/\/www.ocim.fr\/repertoires\/insectes\/\"  target=\"_blank\" rel=\"noopener noreferrer nofollow\">Le texte de l\u2019article.<\/a><span><\/span>}<br \/>|{Du C2RMF \u2013 Centre de recherche et de restauration des mus\u00e9es de France.,<a target=\"_blank\" rel=\"nofollow\" href=\"https:\/\/www.viaromana.org\/blog\/goto\/https:\/\/c2rmf.fr\/fiches-techniques-0\"  target=\"_blank\" rel=\"noopener noreferrer nofollow\">Ici.<\/a><span><\/span>}<br \/>|{Guide pratique pour le marquage d\u2019identification des biens culturels \u2013 C2RMF.,<a target=\"_blank\" rel=\"nofollow\" href=\"https:\/\/www.viaromana.org\/blog\/goto\/https:\/\/c2rmf.fr\/sites\/c2rmf\/files\/guide_pratique_pour_le_marquage_2015.pdf\"  target=\"_blank\" rel=\"noopener noreferrer nofollow\">Le dossier.<\/a><span><\/span>}<br \/>|{Vade-mecum de la conservation pr\u00e9ventive \u2013 C2RMF.,<a target=\"_blank\" rel=\"nofollow\" href=\"https:\/\/www.viaromana.org\/blog\/goto\/https:\/\/c2rmf.fr\/sites\/c2rmf\/files\/vademecum_cc.pdf\"  target=\"_blank\" rel=\"noopener noreferrer nofollow\">Le dossier.<\/a><span><\/span>}<br \/>|{La conservation des objets mobiliers dans les \u00e9glises : outil d\u2019auto-\u00e9valuation.,<a target=\"_blank\" rel=\"nofollow\" href=\"https:\/\/www.viaromana.org\/blog\/goto\/https:\/\/culture.gouv.fr\/Media\/Thematiques\/Circulation-des-biens-culturels\/Files\/Ressources-doc-Guides-et-procedures\/Guide-La-conservation-des-objets-mobiliers-dans-les-eglises-2004\"  target=\"_blank\" rel=\"noopener noreferrer nofollow\">A lire ici.<\/a><span><\/span>. Suite sur le prochain article.}<br \/>|{M\u00e9tiers de la restauration du patrimoine, statuts, conditions d\u2019exercice et fiscalit\u00e9, fiche pratique MC, 2018.,<a target=\"_blank\" rel=\"nofollow\" href=\"https:\/\/www.viaromana.org\/blog\/goto\/https:\/\/culture.gouv.fr\/Media\/Thematiques\/Conservation-restauration\/Fichiers\/Fiches-pratiques-manuels-et-revues\/Fiche-metiers-de-la-restauration-2019\"  target=\"_blank\" rel=\"noopener noreferrer nofollow\">Le post d\u2019actualit\u00e9.<\/a><span><\/span>}<br \/>|{S\u00e9curit\u00e9 des biens culturels, de la pr\u00e9vention du vol \u00e0 la restitution de l\u2019objet vol\u00e9.,<a target=\"_blank\" rel=\"nofollow\" href=\"https:\/\/www.viaromana.org\/blog\/goto\/https:\/\/culture.gouv.fr\/Media\/Thematiques\/Conservation-restauration\/Fichiers\/Fiches-pratiques-manuels-et-revues\/Securite-des-biens-culturels-de-la-prevention-du-vol-a-la-restitution-de-l-objet-vole\"  target=\"_blank\" rel=\"noopener noreferrer nofollow\">Article complet.<\/a><span><\/span>. Suite sur le prochain article.}<br \/>|{Petit Guide \u00e0 l\u2019usage des personnes souhaitant entretenir une s\u00e9pulture.,<a target=\"_blank\" rel=\"nofollow\" href=\"https:\/\/www.viaromana.org\/blog\/goto\/https:\/\/culture.gouv.fr\/Media\/Thematiques\/Conservation-restauration\/Fichiers\/Ressources-documentaires\/entretenir-une-sepulture\"  target=\"_blank\" rel=\"noopener noreferrer nofollow\">Le texte de l\u2019article.<\/a><span><\/span>}<br \/>|{Rescuing the Hidden European Wooden Churches Heritage : an international methodology for implementing a database for restoration projects.,<a target=\"_blank\" rel=\"nofollow\" href=\"https:\/\/www.viaromana.org\/blog\/goto\/https:\/\/culture.gouv.fr\/Media\/Thematiques\/Conservation-restauration\/Fichiers\/Ressources-documentaires\/hiddenchurches\"  target=\"_blank\" rel=\"noopener noreferrer nofollow\">L\u2019article ICI.<\/a><span><\/span>}<br \/>|{Guides de ma\u00eetrise d\u2019ouvrage et de ma\u00eetrise d\u2019\u0153uvre \u2013 Monuments historiques.,<a target=\"_blank\" rel=\"nofollow\" href=\"https:\/\/www.viaromana.org\/blog\/goto\/https:\/\/culture.gouv.fr\/Region\/Drac-Auvergne-Rhone-Alpes\/Demarches-aides\/Demarches-et-conseils-patrimoine-urbanisme-qualite-architecturale\/Guides-pratiques-travaux-sur-monuments-historiques\"  target=\"_blank\" rel=\"noopener noreferrer nofollow\">Ici.<\/a><span><\/span>}<br \/>|{Charte de Venise.,<a target=\"_blank\" rel=\"nofollow\" href=\"https:\/\/www.viaromana.org\/blog\/goto\/https:\/\/fr.wikipedia.org\/wiki\/Charte_de_Venise\"  target=\"_blank\" rel=\"noopener noreferrer nofollow\">Ici.<\/a><span><\/span>}<br \/>|{Charte de Washington.,<a target=\"_blank\" rel=\"nofollow\" href=\"https:\/\/www.viaromana.org\/blog\/goto\/https:\/\/fr.wikipedia.org\/wiki\/Charte_de_Washington\"  target=\"_blank\" rel=\"noopener noreferrer nofollow\">A lire ici.<\/a><span><\/span>}<br \/>|{CIDOC Conceptual Reference Model.,<a target=\"_blank\" rel=\"nofollow\" href=\"https:\/\/www.viaromana.org\/blog\/goto\/https:\/\/fr.wikipedia.org\/wiki\/CIDOC_Conceptual_Reference_Model\"  target=\"_blank\" rel=\"noopener noreferrer nofollow\">Le post d\u2019actualit\u00e9.<\/a><span><\/span>}<br \/>|{Club pour le vieux Prague.,<a target=\"_blank\" rel=\"nofollow\" href=\"https:\/\/www.viaromana.org\/blog\/goto\/https:\/\/fr.wikipedia.org\/wiki\/Club_pour_le_vieux_Prague\"  target=\"_blank\" rel=\"noopener noreferrer nofollow\">Le texte de l\u2019article.<\/a><span><\/span>}<br \/>|{Code du patrimoine.,<a target=\"_blank\" rel=\"nofollow\" href=\"https:\/\/www.viaromana.org\/blog\/goto\/https:\/\/fr.wikipedia.org\/wiki\/Code_du_patrimoine\"  target=\"_blank\" rel=\"noopener noreferrer nofollow\">Cliquer ICI.<\/a><span><\/span>. Suite sur le prochain article.}<br \/>|{Collection Patrimoine culturel des pays francophones.,<a target=\"_blank\" rel=\"nofollow\" href=\"https:\/\/www.viaromana.org\/blog\/goto\/https:\/\/fr.wikipedia.org\/wiki\/Collection_Patrimoine_culturel_des_pays_francophones\"  target=\"_blank\" rel=\"noopener noreferrer nofollow\">A lire ici.<\/a><span><\/span>}<br \/>|{Conservation architecturale.,<a target=\"_blank\" rel=\"nofollow\" href=\"https:\/\/www.viaromana.org\/blog\/goto\/https:\/\/fr.wikipedia.org\/wiki\/Conservation_architecturale\"  target=\"_blank\" rel=\"noopener noreferrer nofollow\">Le dossier.<\/a><span><\/span>}<br \/>|{Conservation pr\u00e9ventive.,<a target=\"_blank\" rel=\"nofollow\" href=\"https:\/\/www.viaromana.org\/blog\/goto\/https:\/\/fr.wikipedia.org\/wiki\/Conservation_pr%C3%A9ventive\"  target=\"_blank\" rel=\"noopener noreferrer nofollow\">Ici.<\/a><span><\/span>}<br \/>|{Convention sur la protection du patrimoine culturel subaquatique.,<a target=\"_blank\" rel=\"nofollow\" href=\"https:\/\/www.viaromana.org\/blog\/goto\/https:\/\/fr.wikipedia.org\/wiki\/Convention_sur_la_protection_du_patrimoine_culturel_subaquatique\"  target=\"_blank\" rel=\"noopener noreferrer nofollow\">L\u2019article ICI.<\/a><span><\/span>}<br \/>|{Din l-Art \u0126elwa.,<a target=\"_blank\" rel=\"nofollow\" href=\"https:\/\/www.viaromana.org\/blog\/goto\/https:\/\/fr.wikipedia.org\/wiki\/Din_l-Art_%C4%A6elwa\"  target=\"_blank\" rel=\"noopener noreferrer nofollow\">L\u2019article de presse.<\/a><span><\/span>}<br \/>|{Docomomo International.,<a target=\"_blank\" rel=\"nofollow\" href=\"https:\/\/www.viaromana.org\/blog\/goto\/https:\/\/fr.wikipedia.org\/wiki\/Docomomo_International\"  target=\"_blank\" rel=\"noopener noreferrer nofollow\">Ici.<\/a><span><\/span>}<br \/>|{Doctrines et techniques de conservation \u2013 restauration.,<a target=\"_blank\" rel=\"nofollow\" href=\"https:\/\/www.viaromana.org\/blog\/goto\/https:\/\/fr.wikipedia.org\/wiki\/Doctrines_et_techniques_de_conservation_-_restauration\"  target=\"_blank\" rel=\"noopener noreferrer nofollow\">A lire ici.<\/a><span><\/span>}<br \/>|{Document de Nara sur l\u2019authenticit\u00e9.,<a target=\"_blank\" rel=\"nofollow\" href=\"https:\/\/www.viaromana.org\/blog\/goto\/https:\/\/fr.wikipedia.org\/wiki\/Document_de_Nara_sur_l%27authenticit%C3%A9\"  target=\"_blank\" rel=\"noopener noreferrer nofollow\">Le texte de l\u2019article.<\/a><span><\/span>}<br \/>|{Fa\u00e7adisme.,<a target=\"_blank\" rel=\"nofollow\" href=\"https:\/\/www.viaromana.org\/blog\/goto\/https:\/\/fr.wikipedia.org\/wiki\/Fa%C3%A7adisme\"  target=\"_blank\" rel=\"noopener noreferrer nofollow\">Ici.<\/a><span><\/span>}<br \/>|{Fondation du patrimoine.,<a target=\"_blank\" rel=\"nofollow\" href=\"https:\/\/www.viaromana.org\/blog\/goto\/https:\/\/fr.wikipedia.org\/wiki\/Fondation_du_patrimoine\"  target=\"_blank\" rel=\"noopener noreferrer nofollow\">Ici.<\/a><span><\/span>}<br \/>|{Fondation Mansart.,<a target=\"_blank\" rel=\"nofollow\" href=\"https:\/\/www.viaromana.org\/blog\/goto\/https:\/\/fr.wikipedia.org\/wiki\/Fondation_Mansart\"  target=\"_blank\" rel=\"noopener noreferrer nofollow\">Le dossier.<\/a><span><\/span>. Suite sur le prochain article.}<br \/>|{Ieni-Kale.,<a target=\"_blank\" rel=\"nofollow\" href=\"https:\/\/www.viaromana.org\/blog\/goto\/https:\/\/fr.wikipedia.org\/wiki\/Ieni-Kale\"  target=\"_blank\" rel=\"noopener noreferrer nofollow\">Le dossier.<\/a><span><\/span>}<br \/>|{In situ (conservation du patrimoine).,<a target=\"_blank\" rel=\"nofollow\" href=\"https:\/\/www.viaromana.org\/blog\/goto\/https:\/\/fr.wikipedia.org\/wiki\/In_situ_(conservation_du_patrimoine)\"  target=\"_blank\" rel=\"noopener noreferrer nofollow\">L\u2019article de presse.<\/a><span><\/span>}<br \/>|{Injection de coulis de liant dans les ma\u00e7onneries.,<a target=\"_blank\" rel=\"nofollow\" href=\"https:\/\/www.viaromana.org\/blog\/goto\/https:\/\/fr.wikipedia.org\/wiki\/Injection_de_coulis_de_liant_dans_les_ma%C3%A7onneries\"  target=\"_blank\" rel=\"noopener noreferrer nofollow\">A lire ici.<\/a><span><\/span>. Suite sur le prochain article.}<br \/>|{Jacques Harmand.,<a target=\"_blank\" rel=\"nofollow\" href=\"https:\/\/www.viaromana.org\/blog\/goto\/https:\/\/fr.wikipedia.org\/wiki\/Jacques_Harmand\"  target=\"_blank\" rel=\"noopener noreferrer nofollow\">L\u2019article de presse.<\/a><span><\/span>}<br \/>|{La Tribune de l\u2019art.,<a target=\"_blank\" rel=\"nofollow\" href=\"https:\/\/www.viaromana.org\/blog\/goto\/https:\/\/fr.wikipedia.org\/wiki\/La_Tribune_de_l%27art\"  target=\"_blank\" rel=\"noopener noreferrer nofollow\">Le dossier.<\/a><span><\/span>}<br \/>|{Nisso Pelossof.,<a target=\"_blank\" rel=\"nofollow\" href=\"https:\/\/www.viaromana.org\/blog\/goto\/https:\/\/fr.wikipedia.org\/wiki\/Nisso_Pelossof\"  target=\"_blank\" rel=\"noopener noreferrer nofollow\">Le post d\u2019actualit\u00e9.<\/a><span><\/span>}<br \/>|{Palais Daming.,<a target=\"_blank\" rel=\"nofollow\" href=\"https:\/\/www.viaromana.org\/blog\/goto\/https:\/\/fr.wikipedia.org\/wiki\/Palais_Daming\"  target=\"_blank\" rel=\"noopener noreferrer nofollow\">L\u2019article de presse.<\/a><span><\/span>}<br \/>|{Paris historique.,<a target=\"_blank\" rel=\"nofollow\" href=\"https:\/\/www.viaromana.org\/blog\/goto\/https:\/\/fr.wikipedia.org\/wiki\/Paris_historique\"  target=\"_blank\" rel=\"noopener noreferrer nofollow\">Le dossier.<\/a><span><\/span>}<br \/>|{Patrimoine d\u2019int\u00e9r\u00eat r\u00e9gional.,<a target=\"_blank\" rel=\"nofollow\" href=\"https:\/\/www.viaromana.org\/blog\/goto\/https:\/\/fr.wikipedia.org\/wiki\/Patrimoine_d%27int%C3%A9r%C3%AAt_r%C3%A9gional\"  target=\"_blank\" rel=\"noopener noreferrer nofollow\">L\u2019article de presse.<\/a><span><\/span>}<br \/>|{Patrimoine sans fronti\u00e8res.,<a target=\"_blank\" rel=\"nofollow\" href=\"https:\/\/www.viaromana.org\/blog\/goto\/https:\/\/fr.wikipedia.org\/wiki\/Patrimoine_sans_fronti%C3%A8res\"  target=\"_blank\" rel=\"noopener noreferrer nofollow\">L\u2019article de presse.<\/a><span><\/span>}<br \/>|{Patrimoine syrien pendant la guerre civile.,<a target=\"_blank\" rel=\"nofollow\" href=\"https:\/\/www.viaromana.org\/blog\/goto\/https:\/\/fr.wikipedia.org\/wiki\/Patrimoine_syrien_pendant_la_guerre_civile\"  target=\"_blank\" rel=\"noopener noreferrer nofollow\">Le texte de l\u2019article.<\/a><span><\/span>}<br \/>|{Patrimoine syrien pendant la guerre civile.,<a target=\"_blank\" rel=\"nofollow\" href=\"https:\/\/www.viaromana.org\/blog\/goto\/https:\/\/fr.wikipedia.org\/wiki\/Patrimoine_syrien_pendant_la_guerre_civile\"  target=\"_blank\" rel=\"noopener noreferrer nofollow\">Le post d\u2019actualit\u00e9.<\/a><span><\/span>}<br \/>|{Patrimonialisation.,<a target=\"_blank\" rel=\"nofollow\" href=\"https:\/\/www.viaromana.org\/blog\/goto\/https:\/\/fr.wikipedia.org\/wiki\/Patrimonialisation\"  target=\"_blank\" rel=\"noopener noreferrer nofollow\">A lire ici.<\/a><span><\/span>}<br \/>|{Patrimonialisation (homonymie).,<a target=\"_blank\" rel=\"nofollow\" href=\"https:\/\/www.viaromana.org\/blog\/goto\/https:\/\/fr.wikipedia.org\/wiki\/Patrimonialisation_(homonymie)\"  target=\"_blank\" rel=\"noopener noreferrer nofollow\">Le dossier.<\/a><span><\/span>}<br \/>|{Pont de Gorica.,<a target=\"_blank\" rel=\"nofollow\" href=\"https:\/\/www.viaromana.org\/blog\/goto\/https:\/\/fr.wikipedia.org\/wiki\/Pont_de_Gorica\"  target=\"_blank\" rel=\"noopener noreferrer nofollow\">L\u2019article de presse.<\/a><span><\/span>}<br \/>|{Port d\u2019int\u00e9r\u00eat patrimonial.,<a target=\"_blank\" rel=\"nofollow\" href=\"https:\/\/www.viaromana.org\/blog\/goto\/https:\/\/fr.wikipedia.org\/wiki\/Port_d%27int%C3%A9r%C3%AAt_patrimonial\"  target=\"_blank\" rel=\"noopener noreferrer nofollow\">Cliquer ICI.<\/a><span><\/span>. Suite sur le prochain article.}<br \/>|{Prix du patrimoine culturel de l\u2019UE\/Concours Europa Nostra.,<a target=\"_blank\" rel=\"nofollow\" href=\"https:\/\/www.viaromana.org\/blog\/goto\/https:\/\/fr.wikipedia.org\/wiki\/Prix_du_patrimoine_culturel_de_l%E2%80%99UE\/Concours_Europa_Nostra\"  target=\"_blank\" rel=\"noopener noreferrer nofollow\">Ici.<\/a><span><\/span>. Suite sur le prochain article.}<br \/>|{R\u00e9seau culturel Terre catalane.,<a target=\"_blank\" rel=\"nofollow\" href=\"https:\/\/www.viaromana.org\/blog\/goto\/https:\/\/fr.wikipedia.org\/wiki\/R%C3%A9seau_culturel_Terre_catalane\"  target=\"_blank\" rel=\"noopener noreferrer nofollow\">L\u2019article ICI.<\/a><span><\/span>}<br \/>|{Red Tail Project.,<a target=\"_blank\" rel=\"nofollow\" href=\"https:\/\/www.viaromana.org\/blog\/goto\/https:\/\/fr.wikipedia.org\/wiki\/Red_Tail_Project\"  target=\"_blank\" rel=\"noopener noreferrer nofollow\">L\u2019article ICI.<\/a><span><\/span>}<br \/>|{Registre patrimonial du Queensland.,<a target=\"_blank\" rel=\"nofollow\" href=\"https:\/\/www.viaromana.org\/blog\/goto\/https:\/\/fr.wikipedia.org\/wiki\/Registre_patrimonial_du_Queensland\"  target=\"_blank\" rel=\"noopener noreferrer nofollow\">Ici.<\/a><span><\/span>}<br \/>|{Ren\u00e9 Dinkel.,<a target=\"_blank\" rel=\"nofollow\" href=\"https:\/\/www.viaromana.org\/blog\/goto\/https:\/\/fr.wikipedia.org\/wiki\/Ren%C3%A9_Dinkel\"  target=\"_blank\" rel=\"noopener noreferrer nofollow\">L\u2019article de presse.<\/a><span><\/span>}<br \/>|{Renaissance du Lille Ancien.,<a target=\"_blank\" rel=\"nofollow\" href=\"https:\/\/www.viaromana.org\/blog\/goto\/https:\/\/fr.wikipedia.org\/wiki\/Renaissance_du_Lille_Ancien\"  target=\"_blank\" rel=\"noopener noreferrer nofollow\">Cliquer ICI.<\/a><span><\/span>. Suite sur le prochain article.}<br \/>|{Restauration de la composition murale de la Maison de la Radio \u00e0 Strasbourg.,<a target=\"_blank\" rel=\"nofollow\" href=\"https:\/\/www.viaromana.org\/blog\/goto\/https:\/\/fr.wikipedia.org\/wiki\/Restauration_de_la_composition_murale_de_la_Maison_de_la_Radio_%C3%A0_Strasbourg\"  target=\"_blank\" rel=\"noopener noreferrer nofollow\">L\u2019article de presse.<\/a><span><\/span>. Suite sur le prochain article.}<br \/>|{Ruine.,<a target=\"_blank\" rel=\"nofollow\" href=\"https:\/\/www.viaromana.org\/blog\/goto\/https:\/\/fr.wikipedia.org\/wiki\/Ruine\"  target=\"_blank\" rel=\"noopener noreferrer nofollow\">A lire ici.<\/a><span><\/span>}<br \/>|{Secteur sauvegard\u00e9 de Lille.,<a target=\"_blank\" rel=\"nofollow\" href=\"https:\/\/www.viaromana.org\/blog\/goto\/https:\/\/fr.wikipedia.org\/wiki\/Secteur_sauvegard%C3%A9_de_Lille\"  target=\"_blank\" rel=\"noopener noreferrer nofollow\">L\u2019article de presse.<\/a><span><\/span>}<br \/>|{Secteur sauvegard\u00e9 de Lille.,<a target=\"_blank\" rel=\"nofollow\" href=\"https:\/\/www.viaromana.org\/blog\/goto\/https:\/\/fr.wikipedia.org\/wiki\/Secteur_sauvegard%C3%A9_de_Lille\"  target=\"_blank\" rel=\"noopener noreferrer nofollow\">Le dossier.<\/a><span><\/span>}<br \/>|{Secteur sauvegard\u00e9 de Sedan.,<a target=\"_blank\" rel=\"nofollow\" href=\"https:\/\/www.viaromana.org\/blog\/goto\/https:\/\/fr.wikipedia.org\/wiki\/Secteur_sauvegard%C3%A9_de_Sedan\"  target=\"_blank\" rel=\"noopener noreferrer nofollow\">Le texte de l\u2019article.<\/a><span><\/span>}<br \/>|{Secteur sauvegard\u00e9 de Sedan.,<a target=\"_blank\" rel=\"nofollow\" href=\"https:\/\/www.viaromana.org\/blog\/goto\/https:\/\/fr.wikipedia.org\/wiki\/Secteur_sauvegard%C3%A9_de_Sedan\"  target=\"_blank\" rel=\"noopener noreferrer nofollow\">L\u2019article ICI.<\/a><span><\/span>. Suite sur le prochain article.}<br \/>|{Sites culturels construits d\u2019int\u00e9r\u00eat national en Finlande.,<a target=\"_blank\" rel=\"nofollow\" href=\"https:\/\/www.viaromana.org\/blog\/goto\/https:\/\/fr.wikipedia.org\/wiki\/Sites_culturels_construits_d%27int%C3%A9r%C3%AAt_national_en_Finlande\"  target=\"_blank\" rel=\"noopener noreferrer nofollow\">Cliquer ICI.<\/a><span><\/span>. Suite sur le prochain article.}<br \/>|{Sites culturels construits d\u2019int\u00e9r\u00eat national en Finlande.,<a target=\"_blank\" rel=\"nofollow\" href=\"https:\/\/www.viaromana.org\/blog\/goto\/https:\/\/fr.wikipedia.org\/wiki\/Sites_culturels_construits_d%27int%C3%A9r%C3%AAt_national_en_Finlande\"  target=\"_blank\" rel=\"noopener noreferrer nofollow\">Cliquer ICI.<\/a><span><\/span>}<br \/>|{Sites historiques et culturels majeurs prot\u00e9g\u00e9s au niveau national.,<a target=\"_blank\" rel=\"nofollow\" href=\"https:\/\/www.viaromana.org\/blog\/goto\/https:\/\/fr.wikipedia.org\/wiki\/Sites_historiques_et_culturels_majeurs_prot%C3%A9g%C3%A9s_au_niveau_national\"  target=\"_blank\" rel=\"noopener noreferrer nofollow\">Article complet.<\/a><span><\/span>. Suite sur le prochain article.}<br \/>|{Sites historiques et culturels majeurs prot\u00e9g\u00e9s au niveau national.,<a target=\"_blank\" rel=\"nofollow\" href=\"https:\/\/www.viaromana.org\/blog\/goto\/https:\/\/fr.wikipedia.org\/wiki\/Sites_historiques_et_culturels_majeurs_prot%C3%A9g%C3%A9s_au_niveau_national\"  target=\"_blank\" rel=\"noopener noreferrer nofollow\">Ici.<\/a><span><\/span>. Suite sur le prochain article.}<br \/>|{Sites historiques et culturels majeurs prot\u00e9g\u00e9s au niveau national (Gansu).,<a target=\"_blank\" rel=\"nofollow\" href=\"https:\/\/www.viaromana.org\/blog\/goto\/https:\/\/fr.wikipedia.org\/wiki\/Sites_historiques_et_culturels_majeurs_prot%C3%A9g%C3%A9s_au_niveau_national_(Gansu)\"  target=\"_blank\" rel=\"noopener noreferrer nofollow\">Cliquer ICI.<\/a><span><\/span>. Suite sur le prochain article.}<br \/>|{Sites historiques et culturels majeurs prot\u00e9g\u00e9s au niveau national (Gansu).,<a target=\"_blank\" rel=\"nofollow\" href=\"https:\/\/www.viaromana.org\/blog\/goto\/https:\/\/fr.wikipedia.org\/wiki\/Sites_historiques_et_culturels_majeurs_prot%C3%A9g%C3%A9s_au_niveau_national_(Gansu)\"  target=\"_blank\" rel=\"noopener noreferrer nofollow\">L\u2019article de presse.<\/a><span><\/span>. Suite sur le prochain article.}<br \/>|{Sites historiques et culturels majeurs prot\u00e9g\u00e9s au niveau national (Hebei).,<a target=\"_blank\" rel=\"nofollow\" href=\"https:\/\/www.viaromana.org\/blog\/goto\/https:\/\/fr.wikipedia.org\/wiki\/Sites_historiques_et_culturels_majeurs_prot%C3%A9g%C3%A9s_au_niveau_national_(Hebei)\"  target=\"_blank\" rel=\"noopener noreferrer nofollow\">Article complet.<\/a><span><\/span>}<br \/>|{Sites historiques et culturels majeurs prot\u00e9g\u00e9s au niveau national (Hebei).,<a target=\"_blank\" rel=\"nofollow\" href=\"https:\/\/www.viaromana.org\/blog\/goto\/https:\/\/fr.wikipedia.org\/wiki\/Sites_historiques_et_culturels_majeurs_prot%C3%A9g%C3%A9s_au_niveau_national_(Hebei)\"  target=\"_blank\" rel=\"noopener noreferrer nofollow\">A lire ici.<\/a><span><\/span>. Suite sur le prochain article.}<br \/>|{Sites historiques et culturels majeurs prot\u00e9g\u00e9s au niveau national (Heilongjiang).,<a target=\"_blank\" rel=\"nofollow\" href=\"https:\/\/www.viaromana.org\/blog\/goto\/https:\/\/fr.wikipedia.org\/wiki\/Sites_historiques_et_culturels_majeurs_prot%C3%A9g%C3%A9s_au_niveau_national_(Heilongjiang)\"  target=\"_blank\" rel=\"noopener noreferrer nofollow\">L\u2019article ICI.<\/a><span><\/span>. Suite sur le prochain article.}<br \/>|{Sites historiques et culturels majeurs prot\u00e9g\u00e9s au niveau national (Heilongjiang).,<a target=\"_blank\" rel=\"nofollow\" href=\"https:\/\/www.viaromana.org\/blog\/goto\/https:\/\/fr.wikipedia.org\/wiki\/Sites_historiques_et_culturels_majeurs_prot%C3%A9g%C3%A9s_au_niveau_national_(Heilongjiang)\"  target=\"_blank\" rel=\"noopener noreferrer nofollow\">Cliquer ICI.<\/a><span><\/span>}<br \/>|{Sites historiques et culturels majeurs prot\u00e9g\u00e9s au niveau national (Jiangxi).,<a target=\"_blank\" rel=\"nofollow\" href=\"https:\/\/www.viaromana.org\/blog\/goto\/https:\/\/fr.wikipedia.org\/wiki\/Sites_historiques_et_culturels_majeurs_prot%C3%A9g%C3%A9s_au_niveau_national_(Jiangxi)\"  target=\"_blank\" rel=\"noopener noreferrer nofollow\">Ici.<\/a><span><\/span>}<br \/>|{Sites historiques et culturels majeurs prot\u00e9g\u00e9s au niveau national (Jiangxi).,<a target=\"_blank\" rel=\"nofollow\" href=\"https:\/\/www.viaromana.org\/blog\/goto\/https:\/\/fr.wikipedia.org\/wiki\/Sites_historiques_et_culturels_majeurs_prot%C3%A9g%C3%A9s_au_niveau_national_(Jiangxi)\"  target=\"_blank\" rel=\"noopener noreferrer nofollow\">L\u2019article ICI.<\/a><span><\/span>. Suite sur le prochain article.}<br \/>|{Sites historiques et culturels majeurs prot\u00e9g\u00e9s au niveau national (Liaoning).,<a target=\"_blank\" rel=\"nofollow\" href=\"https:\/\/www.viaromana.org\/blog\/goto\/https:\/\/fr.wikipedia.org\/wiki\/Sites_historiques_et_culturels_majeurs_prot%C3%A9g%C3%A9s_au_niveau_national_(Liaoning)\"  target=\"_blank\" rel=\"noopener noreferrer nofollow\">Le texte de l\u2019article.<\/a><span><\/span>}<br \/>|{Sites historiques et culturels majeurs prot\u00e9g\u00e9s au niveau national (Liaoning).,<a target=\"_blank\" rel=\"nofollow\" href=\"https:\/\/www.viaromana.org\/blog\/goto\/https:\/\/fr.wikipedia.org\/wiki\/Sites_historiques_et_culturels_majeurs_prot%C3%A9g%C3%A9s_au_niveau_national_(Liaoning)\"  target=\"_blank\" rel=\"noopener noreferrer nofollow\">Le dossier.<\/a><span><\/span>. Suite sur le prochain article.}<br \/>|{Sites historiques et culturels majeurs prot\u00e9g\u00e9s au niveau national (Mongolie int\u00e9rieure).,<a target=\"_blank\" rel=\"nofollow\" href=\"https:\/\/www.viaromana.org\/blog\/goto\/https:\/\/fr.wikipedia.org\/wiki\/Sites_historiques_et_culturels_majeurs_prot%C3%A9g%C3%A9s_au_niveau_national_(Mongolie_int%C3%A9rieure)\"  target=\"_blank\" rel=\"noopener noreferrer nofollow\">Le texte de l\u2019article.<\/a><span><\/span>}<br \/>|{Sites historiques et culturels majeurs prot\u00e9g\u00e9s au niveau national (Mongolie int\u00e9rieure).,<a target=\"_blank\" rel=\"nofollow\" href=\"https:\/\/www.viaromana.org\/blog\/goto\/https:\/\/fr.wikipedia.org\/wiki\/Sites_historiques_et_culturels_majeurs_prot%C3%A9g%C3%A9s_au_niveau_national_(Mongolie_int%C3%A9rieure)\"  target=\"_blank\" rel=\"noopener noreferrer nofollow\">Cliquer ICI.<\/a><span><\/span>. Suite sur le prochain article.}<br \/>|{Sites historiques et culturels majeurs prot\u00e9g\u00e9s au niveau national (Ningxia).,<a target=\"_blank\" rel=\"nofollow\" href=\"https:\/\/www.viaromana.org\/blog\/goto\/https:\/\/fr.wikipedia.org\/wiki\/Sites_historiques_et_culturels_majeurs_prot%C3%A9g%C3%A9s_au_niveau_national_(Ningxia)\"  target=\"_blank\" rel=\"noopener noreferrer nofollow\">Article complet.<\/a><span><\/span>}<br \/>|{Sites historiques et culturels majeurs prot\u00e9g\u00e9s au niveau national (Ningxia).,<a target=\"_blank\" rel=\"nofollow\" href=\"https:\/\/www.viaromana.org\/blog\/goto\/https:\/\/fr.wikipedia.org\/wiki\/Sites_historiques_et_culturels_majeurs_prot%C3%A9g%C3%A9s_au_niveau_national_(Ningxia)\"  target=\"_blank\" rel=\"noopener noreferrer nofollow\">A lire ici.<\/a><span><\/span>}<br \/>|{Sites historiques et culturels majeurs prot\u00e9g\u00e9s au niveau national (Shaanxi).,<a target=\"_blank\" rel=\"nofollow\" href=\"https:\/\/www.viaromana.org\/blog\/goto\/https:\/\/fr.wikipedia.org\/wiki\/Sites_historiques_et_culturels_majeurs_prot%C3%A9g%C3%A9s_au_niveau_national_(Shaanxi)\"  target=\"_blank\" rel=\"noopener noreferrer nofollow\">Cliquer ICI.<\/a><span><\/span>}<br \/>|{Sites historiques et culturels majeurs prot\u00e9g\u00e9s au niveau national (Shaanxi).,<a target=\"_blank\" rel=\"nofollow\" href=\"https:\/\/www.viaromana.org\/blog\/goto\/https:\/\/fr.wikipedia.org\/wiki\/Sites_historiques_et_culturels_majeurs_prot%C3%A9g%C3%A9s_au_niveau_national_(Shaanxi)\"  target=\"_blank\" rel=\"noopener noreferrer nofollow\">Le texte de l\u2019article.<\/a><span><\/span>}<br \/>|{Sites historiques et culturels majeurs prot\u00e9g\u00e9s au niveau national (Sichuan).,<a target=\"_blank\" rel=\"nofollow\" href=\"https:\/\/www.viaromana.org\/blog\/goto\/https:\/\/fr.wikipedia.org\/wiki\/Sites_historiques_et_culturels_majeurs_prot%C3%A9g%C3%A9s_au_niveau_national_(Sichuan)\"  target=\"_blank\" rel=\"noopener noreferrer nofollow\">A lire ici.<\/a><span><\/span>. Suite sur le prochain article.}<br \/>|{Sites historiques et culturels majeurs prot\u00e9g\u00e9s au niveau national (Sichuan).,<a target=\"_blank\" rel=\"nofollow\" href=\"https:\/\/www.viaromana.org\/blog\/goto\/https:\/\/fr.wikipedia.org\/wiki\/Sites_historiques_et_culturels_majeurs_prot%C3%A9g%C3%A9s_au_niveau_national_(Sichuan)\"  target=\"_blank\" rel=\"noopener noreferrer nofollow\">L\u2019article de presse.<\/a><span><\/span>}<br \/>|{Sites historiques et culturels majeurs prot\u00e9g\u00e9s au niveau national (Xinjiang).,<a target=\"_blank\" rel=\"nofollow\" href=\"https:\/\/www.viaromana.org\/blog\/goto\/https:\/\/fr.wikipedia.org\/wiki\/Sites_historiques_et_culturels_majeurs_prot%C3%A9g%C3%A9s_au_niveau_national_(Xinjiang)\"  target=\"_blank\" rel=\"noopener noreferrer nofollow\">L\u2019article ICI.<\/a><span><\/span>. Suite sur le prochain article.}<br \/>|{Sites historiques et culturels majeurs prot\u00e9g\u00e9s au niveau national (Xinjiang).,<a target=\"_blank\" rel=\"nofollow\" href=\"https:\/\/www.viaromana.org\/blog\/goto\/https:\/\/fr.wikipedia.org\/wiki\/Sites_historiques_et_culturels_majeurs_prot%C3%A9g%C3%A9s_au_niveau_national_(Xinjiang)\"  target=\"_blank\" rel=\"noopener noreferrer nofollow\">Le texte de l\u2019article.<\/a><span><\/span>}<br \/>|{Sites historiques et culturels majeurs prot\u00e9g\u00e9s de la r\u00e9gion autonome du Tibet.,<a target=\"_blank\" rel=\"nofollow\" href=\"https:\/\/www.viaromana.org\/blog\/goto\/https:\/\/fr.wikipedia.org\/wiki\/Sites_historiques_et_culturels_majeurs_prot%C3%A9g%C3%A9s_de_la_r%C3%A9gion_autonome_du_Tibet\"  target=\"_blank\" rel=\"noopener noreferrer nofollow\">Le dossier.<\/a><span><\/span>}<br \/>|{Sites historiques et culturels majeurs prot\u00e9g\u00e9s de la r\u00e9gion autonome du Tibet.,<a target=\"_blank\" rel=\"nofollow\" href=\"https:\/\/www.viaromana.org\/blog\/goto\/https:\/\/fr.wikipedia.org\/wiki\/Sites_historiques_et_culturels_majeurs_prot%C3%A9g%C3%A9s_de_la_r%C3%A9gion_autonome_du_Tibet\"  target=\"_blank\" rel=\"noopener noreferrer nofollow\">A lire ici.<\/a><span><\/span>}<br \/>|{Soci\u00e9t\u00e9 Jersiaise.,<a target=\"_blank\" rel=\"nofollow\" href=\"https:\/\/www.viaromana.org\/blog\/goto\/https:\/\/fr.wikipedia.org\/wiki\/Soci%C3%A9t%C3%A9_Jersiaise\"  target=\"_blank\" rel=\"noopener noreferrer nofollow\">Le post d\u2019actualit\u00e9.<\/a><span><\/span>. Suite sur le prochain article.}<br \/>|{Soci\u00e9t\u00e9 Jersiaise.,<a target=\"_blank\" rel=\"nofollow\" href=\"https:\/\/www.viaromana.org\/blog\/goto\/https:\/\/fr.wikipedia.org\/wiki\/Soci%C3%A9t%C3%A9_Jersiaise\"  target=\"_blank\" rel=\"noopener noreferrer nofollow\">L\u2019article de presse.<\/a><span><\/span>}<br \/>|{Th\u00e9orie de la restauration.,<a target=\"_blank\" rel=\"nofollow\" href=\"https:\/\/www.viaromana.org\/blog\/goto\/https:\/\/fr.wikipedia.org\/wiki\/Th%C3%A9orie_de_la_restauration\"  target=\"_blank\" rel=\"noopener noreferrer nofollow\">Cliquer ICI.<\/a><span><\/span>}<br \/>|{Tr\u00e9sor national (Japon).,<a target=\"_blank\" rel=\"nofollow\" href=\"https:\/\/www.viaromana.org\/blog\/goto\/https:\/\/fr.wikipedia.org\/wiki\/Tr%C3%A9sor_national_(Japon)\"  target=\"_blank\" rel=\"noopener noreferrer nofollow\">Ici.<\/a><span><\/span>}<br \/>|{Web Journal on Cultural Patrimony.,<a target=\"_blank\" rel=\"nofollow\" href=\"https:\/\/www.viaromana.org\/blog\/goto\/https:\/\/fr.wikipedia.org\/wiki\/Web_Journal_on_Cultural_Patrimony\"  target=\"_blank\" rel=\"noopener noreferrer nofollow\">L\u2019article de presse.<\/a><span><\/span>}<br \/>|{Whanganui.,<a target=\"_blank\" rel=\"nofollow\" href=\"https:\/\/www.viaromana.org\/blog\/goto\/https:\/\/fr.wikipedia.org\/wiki\/Whanganui\"  target=\"_blank\" rel=\"noopener noreferrer nofollow\">Article complet.<\/a><span><\/span>}<br \/>|{Wiki Loves Earth.,<a target=\"_blank\" rel=\"nofollow\" href=\"https:\/\/www.viaromana.org\/blog\/goto\/https:\/\/fr.wikipedia.org\/wiki\/Wiki_Loves_Earth\"  target=\"_blank\" rel=\"noopener noreferrer nofollow\">Le texte de l\u2019article.<\/a><span><\/span>}<br \/>|{Wiki Loves Monuments.,<a target=\"_blank\" rel=\"nofollow\" href=\"https:\/\/www.viaromana.org\/blog\/goto\/https:\/\/fr.wikipedia.org\/wiki\/Wiki_Loves_Monuments\"  target=\"_blank\" rel=\"noopener noreferrer nofollow\">L\u2019article de presse.<\/a><span><\/span>}<br \/>|{vitrail.,<a target=\"_blank\" rel=\"nofollow\" href=\"https:\/\/www.viaromana.org\/blog\/goto\/https:\/\/fr.wikipedia.orghttps:\/\/fr.wikipedia.org\/wiki\/Vitrail\"  target=\"_blank\" rel=\"noopener noreferrer nofollow\">Article complet.<\/a><span><\/span>}<br \/>|{Les ICC Notes de l\u2019Institut canadien pour la conservation.,<a target=\"_blank\" rel=\"nofollow\" href=\"https:\/\/www.viaromana.org\/blog\/goto\/https:\/\/www.canada.ca\/fr\/institut-conservation\/services\/publications-conservation-preservation\/notes-institut-canadien-conservation.html\"  target=\"_blank\" rel=\"noopener noreferrer nofollow\">A lire ici.<\/a><span><\/span>. Suite sur le prochain article.}<br \/>|{Centre de conservation du Qu\u00e9bec .,<a target=\"_blank\" rel=\"nofollow\" href=\"https:\/\/www.viaromana.org\/blog\/goto\/https:\/\/www.ccq.gouv.qc.ca\/index-id%3d84.html\"  target=\"_blank\" rel=\"noopener noreferrer nofollow\">L\u2019article ICI.<\/a><span><\/span>}<br \/>|{Monumental n\u00b022 Conservation, restauration, restauration, doctrines.,<a target=\"_blank\" rel=\"nofollow\" href=\"https:\/\/www.viaromana.org\/blog\/goto\/https:\/\/www.editions-du-patrimoine.fr\/Librairie\/Monumental\/Monumental-N-22-Conservation.-restauration-doctrines?pRelatedEditions=3\"  target=\"_blank\" rel=\"noopener noreferrer nofollow\">L\u2019article ICI.<\/a><span><\/span>}<br \/>|{Ge-conservacion.,<a target=\"_blank\" rel=\"nofollow\" href=\"https:\/\/www.viaromana.org\/blog\/goto\/https:\/\/www.ge-iic.com\/ojs\/index.php\/revista\/issue\/archive\"  target=\"_blank\" rel=\"noopener noreferrer nofollow\">L\u2019article de presse.<\/a><span><\/span>}<br \/>|{en ligne ici.,<a target=\"_blank\" rel=\"nofollow\" href=\"https:\/\/www.viaromana.org\/blog\/goto\/https:\/\/www.ifla.org\/resources\/?_sfm_resource_topic=1200820&amp;_sfm_resource_type=All\"  target=\"_blank\" rel=\"noopener noreferrer nofollow\">L\u2019article de presse.<\/a><span><\/span>. Suite sur le prochain article.}<br \/>|{News in Conservation.,<a target=\"_blank\" rel=\"nofollow\" href=\"https:\/\/www.viaromana.org\/blog\/goto\/https:\/\/www.iiconservation.org\/publications\/nic\"  target=\"_blank\" rel=\"noopener noreferrer nofollow\">Le dossier.<\/a><span><\/span>}<br \/>|{Image permanence Institute.,<a target=\"_blank\" rel=\"nofollow\" href=\"https:\/\/www.viaromana.org\/blog\/goto\/https:\/\/www.imagepermanenceinstitute.org\/education\/publications.html\"  target=\"_blank\" rel=\"noopener noreferrer nofollow\">Le post d\u2019actualit\u00e9.<\/a><span><\/span>}<br \/>|{Les Preservation leaflets du NEDCC \u2013 Northeast document center.,<a target=\"_blank\" rel=\"nofollow\" href=\"https:\/\/www.viaromana.org\/blog\/goto\/https:\/\/www.nedcc.org\/free-resources\/preservation-leaflets\/overview\"  target=\"_blank\" rel=\"noopener noreferrer nofollow\">L\u2019article ICI.<\/a><span><\/span>. Suite sur le prochain article.}<br \/>|{Conserve O Gram du National Park Service.,<a target=\"_blank\" rel=\"nofollow\" href=\"https:\/\/www.viaromana.org\/blog\/goto\/https:\/\/www.nps.gov\/museum\/publications\/conserveogram\/cons_toc.html\"  target=\"_blank\" rel=\"noopener noreferrer nofollow\">Ici.<\/a><span><\/span>}<br \/>|{Petite histoire de la restauration des monuments historiques.,<a target=\"_blank\" rel=\"nofollow\" href=\"https:\/\/www.viaromana.org\/blog\/goto\/https:\/\/www.tourisme93.com\/petite-histoire-de-la-restauration-des-monuments-historiques.html\"  target=\"_blank\" rel=\"noopener noreferrer nofollow\">Le post d\u2019actualit\u00e9.<\/a><span><\/span>. Suite sur le prochain article.}<br \/>}<\/p>\n","protected":false},"excerpt":{"rendered":"<p>Des militants iraniens ont racont\u00e9 \u00e0 The Media Line les strat\u00e9gies cr\u00e9atives qu&rsquo;elles ont d\u00e9velopp\u00e9es pour \u00e9chapper \u00e0 la surveillance num\u00e9rique et physique alors que le gouvernement intensifie sa cyber-repression L&rsquo;Iran a depuis longtemps \u00e9t\u00e9 accus\u00e9 d&rsquo;utiliser des technologies de pointe pour r\u00e9primer les voix dissidentes, ciblant les militants en particulier gr\u00e2ce \u00e0 un syst\u00e8me sophistiqu\u00e9 de cybercontrol. Au milieu de l&rsquo;utilisation r\u00e9pressive par le gouvernement iranien des outils de surveillance num\u00e9rique, des logiciels espions et de la surveillance des m\u00e9dias sociaux, les militants continuent de r\u00e9sister, en utilisant des contre-mesures pour se prot\u00e9ger et faire avancer leur cause. Doron\u2026<\/p>\n","protected":false},"author":1,"featured_media":0,"comment_status":"closed","ping_status":"closed","sticky":false,"template":"","format":"standard","meta":{"footnotes":""},"categories":[2],"tags":[],"blocksy_meta":{"styles_descriptor":{"styles":{"desktop":"","tablet":"","mobile":""},"google_fonts":[],"version":4}},"yoast_head":"<!-- This site is optimized with the Yoast SEO plugin v21.1 - https:\/\/yoast.com\/wordpress\/plugins\/seo\/ -->\n<title>Comment l&#039;Iran espionne \u2013 et comment les femmes militantes restent une longueur d&#039;avance - Viaromana et arch\u00e9ologie.<\/title>\n<meta name=\"description\" content=\"Comment l&#039;Iran espionne \u2013 et comment les femmes militantes restent une longueur d&#039;avance article de Viaromana et arch\u00e9ologie.\" \/>\n<meta name=\"robots\" content=\"index, follow, max-snippet:-1, max-image-preview:large, max-video-preview:-1\" \/>\n<link rel=\"canonical\" href=\"https:\/\/www.viaromana.org\/blog\/comment-liran-espionne-et-comment-les-femmes-militantes-restent-une-longueur-davance\/\" \/>\n<meta property=\"og:locale\" content=\"fr_FR\" \/>\n<meta property=\"og:type\" content=\"article\" \/>\n<meta property=\"og:title\" content=\"Comment l&#039;Iran espionne \u2013 et comment les femmes militantes restent une longueur d&#039;avance - Viaromana et arch\u00e9ologie.\" \/>\n<meta property=\"og:description\" content=\"Comment l&#039;Iran espionne \u2013 et comment les femmes militantes restent une longueur d&#039;avance article de Viaromana et arch\u00e9ologie.\" \/>\n<meta property=\"og:url\" content=\"https:\/\/www.viaromana.org\/blog\/comment-liran-espionne-et-comment-les-femmes-militantes-restent-une-longueur-davance\/\" \/>\n<meta property=\"og:site_name\" content=\"Viaromana et arch\u00e9ologie.\" \/>\n<meta property=\"article:published_time\" content=\"2025-03-28T14:59:59+00:00\" \/>\n<meta property=\"og:image\" content=\"https:\/\/www.viaromana.org\/blog\/wp-content\/uploads\/2025\/03\/comment-liran-espionne-et-comment-les-femmes-militantes-restent-une-longueur-davance.jpg\" \/>\n<meta name=\"author\" content=\"Robert\" \/>\n<meta name=\"twitter:card\" content=\"summary_large_image\" \/>\n<meta name=\"twitter:label1\" content=\"\u00c9crit par\" \/>\n\t<meta name=\"twitter:data1\" content=\"Robert\" \/>\n\t<meta name=\"twitter:label2\" content=\"Dur\u00e9e de lecture estim\u00e9e\" \/>\n\t<meta name=\"twitter:data2\" content=\"27 minutes\" \/>\n<script type=\"application\/ld+json\" class=\"yoast-schema-graph\">{\"@context\":\"https:\/\/schema.org\",\"@graph\":[{\"@type\":\"Article\",\"@id\":\"https:\/\/www.viaromana.org\/blog\/comment-liran-espionne-et-comment-les-femmes-militantes-restent-une-longueur-davance\/#article\",\"isPartOf\":{\"@id\":\"https:\/\/www.viaromana.org\/blog\/comment-liran-espionne-et-comment-les-femmes-militantes-restent-une-longueur-davance\/\"},\"author\":{\"name\":\"Robert\",\"@id\":\"https:\/\/www.viaromana.org\/blog\/#\/schema\/person\/cde9c4655845091e1fe473fcd163c889\"},\"headline\":\"Comment l&rsquo;Iran espionne \u2013 et comment les femmes militantes restent une longueur d&rsquo;avance\",\"datePublished\":\"2025-03-28T14:59:59+00:00\",\"dateModified\":\"2025-03-28T14:59:59+00:00\",\"mainEntityOfPage\":{\"@id\":\"https:\/\/www.viaromana.org\/blog\/comment-liran-espionne-et-comment-les-femmes-militantes-restent-une-longueur-davance\/\"},\"wordCount\":5417,\"publisher\":{\"@id\":\"https:\/\/www.viaromana.org\/blog\/#organization\"},\"articleSection\":[\"Arch\u00e9ologie\"],\"inLanguage\":\"fr-FR\"},{\"@type\":\"WebPage\",\"@id\":\"https:\/\/www.viaromana.org\/blog\/comment-liran-espionne-et-comment-les-femmes-militantes-restent-une-longueur-davance\/\",\"url\":\"https:\/\/www.viaromana.org\/blog\/comment-liran-espionne-et-comment-les-femmes-militantes-restent-une-longueur-davance\/\",\"name\":\"Comment l'Iran espionne \u2013 et comment les femmes militantes restent une longueur d'avance - Viaromana et arch\u00e9ologie.\",\"isPartOf\":{\"@id\":\"https:\/\/www.viaromana.org\/blog\/#website\"},\"datePublished\":\"2025-03-28T14:59:59+00:00\",\"dateModified\":\"2025-03-28T14:59:59+00:00\",\"description\":\"Comment l'Iran espionne \u2013 et comment les femmes militantes restent une longueur d'avance article de Viaromana et arch\u00e9ologie.\",\"breadcrumb\":{\"@id\":\"https:\/\/www.viaromana.org\/blog\/comment-liran-espionne-et-comment-les-femmes-militantes-restent-une-longueur-davance\/#breadcrumb\"},\"inLanguage\":\"fr-FR\",\"potentialAction\":[{\"@type\":\"ReadAction\",\"target\":[\"https:\/\/www.viaromana.org\/blog\/comment-liran-espionne-et-comment-les-femmes-militantes-restent-une-longueur-davance\/\"]}]},{\"@type\":\"BreadcrumbList\",\"@id\":\"https:\/\/www.viaromana.org\/blog\/comment-liran-espionne-et-comment-les-femmes-militantes-restent-une-longueur-davance\/#breadcrumb\",\"itemListElement\":[{\"@type\":\"ListItem\",\"position\":1,\"name\":\"Accueil\",\"item\":\"https:\/\/www.viaromana.org\/blog\/\"},{\"@type\":\"ListItem\",\"position\":2,\"name\":\"Comment l&rsquo;Iran espionne \u2013 et comment les femmes militantes restent une longueur d&rsquo;avance\"}]},{\"@type\":\"WebSite\",\"@id\":\"https:\/\/www.viaromana.org\/blog\/#website\",\"url\":\"https:\/\/www.viaromana.org\/blog\/\",\"name\":\"Viaromana et arch\u00e9ologie.\",\"description\":\"Site arch\u00e9ologique de la voie romaine (viaromana) Belgique-France-Rome\",\"publisher\":{\"@id\":\"https:\/\/www.viaromana.org\/blog\/#organization\"},\"potentialAction\":[{\"@type\":\"SearchAction\",\"target\":{\"@type\":\"EntryPoint\",\"urlTemplate\":\"https:\/\/www.viaromana.org\/blog\/?s={search_term_string}\"},\"query-input\":\"required name=search_term_string\"}],\"inLanguage\":\"fr-FR\"},{\"@type\":\"Organization\",\"@id\":\"https:\/\/www.viaromana.org\/blog\/#organization\",\"name\":\"viaromana\",\"url\":\"https:\/\/www.viaromana.org\/blog\/\",\"logo\":{\"@type\":\"ImageObject\",\"inLanguage\":\"fr-FR\",\"@id\":\"https:\/\/www.viaromana.org\/blog\/#\/schema\/logo\/image\/\",\"url\":\"https:\/\/www.viaromana.org\/blog\/wp-content\/uploads\/2021\/12\/logo-3.png\",\"contentUrl\":\"https:\/\/www.viaromana.org\/blog\/wp-content\/uploads\/2021\/12\/logo-3.png\",\"width\":300,\"height\":249,\"caption\":\"viaromana\"},\"image\":{\"@id\":\"https:\/\/www.viaromana.org\/blog\/#\/schema\/logo\/image\/\"}},{\"@type\":\"Person\",\"@id\":\"https:\/\/www.viaromana.org\/blog\/#\/schema\/person\/cde9c4655845091e1fe473fcd163c889\",\"name\":\"Robert\",\"image\":{\"@type\":\"ImageObject\",\"inLanguage\":\"fr-FR\",\"@id\":\"https:\/\/www.viaromana.org\/blog\/#\/schema\/person\/image\/\",\"url\":\"https:\/\/secure.gravatar.com\/avatar\/a168ec191013b636c2f278aec04e724b?s=96&d=mm&r=g\",\"contentUrl\":\"https:\/\/secure.gravatar.com\/avatar\/a168ec191013b636c2f278aec04e724b?s=96&d=mm&r=g\",\"caption\":\"Robert\"},\"sameAs\":[\"https:\/\/www.viaromana.org\/blog\"],\"url\":\"https:\/\/www.viaromana.org\/blog\/author\/anaadmin\/\"}]}<\/script>\n<!-- \/ Yoast SEO plugin. -->","yoast_head_json":{"title":"Comment l'Iran espionne \u2013 et comment les femmes militantes restent une longueur d'avance - Viaromana et arch\u00e9ologie.","description":"Comment l'Iran espionne \u2013 et comment les femmes militantes restent une longueur d'avance article de Viaromana et arch\u00e9ologie.","robots":{"index":"index","follow":"follow","max-snippet":"max-snippet:-1","max-image-preview":"max-image-preview:large","max-video-preview":"max-video-preview:-1"},"canonical":"https:\/\/www.viaromana.org\/blog\/comment-liran-espionne-et-comment-les-femmes-militantes-restent-une-longueur-davance\/","og_locale":"fr_FR","og_type":"article","og_title":"Comment l'Iran espionne \u2013 et comment les femmes militantes restent une longueur d'avance - Viaromana et arch\u00e9ologie.","og_description":"Comment l'Iran espionne \u2013 et comment les femmes militantes restent une longueur d'avance article de Viaromana et arch\u00e9ologie.","og_url":"https:\/\/www.viaromana.org\/blog\/comment-liran-espionne-et-comment-les-femmes-militantes-restent-une-longueur-davance\/","og_site_name":"Viaromana et arch\u00e9ologie.","article_published_time":"2025-03-28T14:59:59+00:00","og_image":[{"url":"https:\/\/www.viaromana.org\/blog\/wp-content\/uploads\/2025\/03\/comment-liran-espionne-et-comment-les-femmes-militantes-restent-une-longueur-davance.jpg"}],"author":"Robert","twitter_card":"summary_large_image","twitter_misc":{"\u00c9crit par":"Robert","Dur\u00e9e de lecture estim\u00e9e":"27 minutes"},"schema":{"@context":"https:\/\/schema.org","@graph":[{"@type":"Article","@id":"https:\/\/www.viaromana.org\/blog\/comment-liran-espionne-et-comment-les-femmes-militantes-restent-une-longueur-davance\/#article","isPartOf":{"@id":"https:\/\/www.viaromana.org\/blog\/comment-liran-espionne-et-comment-les-femmes-militantes-restent-une-longueur-davance\/"},"author":{"name":"Robert","@id":"https:\/\/www.viaromana.org\/blog\/#\/schema\/person\/cde9c4655845091e1fe473fcd163c889"},"headline":"Comment l&rsquo;Iran espionne \u2013 et comment les femmes militantes restent une longueur d&rsquo;avance","datePublished":"2025-03-28T14:59:59+00:00","dateModified":"2025-03-28T14:59:59+00:00","mainEntityOfPage":{"@id":"https:\/\/www.viaromana.org\/blog\/comment-liran-espionne-et-comment-les-femmes-militantes-restent-une-longueur-davance\/"},"wordCount":5417,"publisher":{"@id":"https:\/\/www.viaromana.org\/blog\/#organization"},"articleSection":["Arch\u00e9ologie"],"inLanguage":"fr-FR"},{"@type":"WebPage","@id":"https:\/\/www.viaromana.org\/blog\/comment-liran-espionne-et-comment-les-femmes-militantes-restent-une-longueur-davance\/","url":"https:\/\/www.viaromana.org\/blog\/comment-liran-espionne-et-comment-les-femmes-militantes-restent-une-longueur-davance\/","name":"Comment l'Iran espionne \u2013 et comment les femmes militantes restent une longueur d'avance - Viaromana et arch\u00e9ologie.","isPartOf":{"@id":"https:\/\/www.viaromana.org\/blog\/#website"},"datePublished":"2025-03-28T14:59:59+00:00","dateModified":"2025-03-28T14:59:59+00:00","description":"Comment l'Iran espionne \u2013 et comment les femmes militantes restent une longueur d'avance article de Viaromana et arch\u00e9ologie.","breadcrumb":{"@id":"https:\/\/www.viaromana.org\/blog\/comment-liran-espionne-et-comment-les-femmes-militantes-restent-une-longueur-davance\/#breadcrumb"},"inLanguage":"fr-FR","potentialAction":[{"@type":"ReadAction","target":["https:\/\/www.viaromana.org\/blog\/comment-liran-espionne-et-comment-les-femmes-militantes-restent-une-longueur-davance\/"]}]},{"@type":"BreadcrumbList","@id":"https:\/\/www.viaromana.org\/blog\/comment-liran-espionne-et-comment-les-femmes-militantes-restent-une-longueur-davance\/#breadcrumb","itemListElement":[{"@type":"ListItem","position":1,"name":"Accueil","item":"https:\/\/www.viaromana.org\/blog\/"},{"@type":"ListItem","position":2,"name":"Comment l&rsquo;Iran espionne \u2013 et comment les femmes militantes restent une longueur d&rsquo;avance"}]},{"@type":"WebSite","@id":"https:\/\/www.viaromana.org\/blog\/#website","url":"https:\/\/www.viaromana.org\/blog\/","name":"Viaromana et arch\u00e9ologie.","description":"Site arch\u00e9ologique de la voie romaine (viaromana) Belgique-France-Rome","publisher":{"@id":"https:\/\/www.viaromana.org\/blog\/#organization"},"potentialAction":[{"@type":"SearchAction","target":{"@type":"EntryPoint","urlTemplate":"https:\/\/www.viaromana.org\/blog\/?s={search_term_string}"},"query-input":"required name=search_term_string"}],"inLanguage":"fr-FR"},{"@type":"Organization","@id":"https:\/\/www.viaromana.org\/blog\/#organization","name":"viaromana","url":"https:\/\/www.viaromana.org\/blog\/","logo":{"@type":"ImageObject","inLanguage":"fr-FR","@id":"https:\/\/www.viaromana.org\/blog\/#\/schema\/logo\/image\/","url":"https:\/\/www.viaromana.org\/blog\/wp-content\/uploads\/2021\/12\/logo-3.png","contentUrl":"https:\/\/www.viaromana.org\/blog\/wp-content\/uploads\/2021\/12\/logo-3.png","width":300,"height":249,"caption":"viaromana"},"image":{"@id":"https:\/\/www.viaromana.org\/blog\/#\/schema\/logo\/image\/"}},{"@type":"Person","@id":"https:\/\/www.viaromana.org\/blog\/#\/schema\/person\/cde9c4655845091e1fe473fcd163c889","name":"Robert","image":{"@type":"ImageObject","inLanguage":"fr-FR","@id":"https:\/\/www.viaromana.org\/blog\/#\/schema\/person\/image\/","url":"https:\/\/secure.gravatar.com\/avatar\/a168ec191013b636c2f278aec04e724b?s=96&d=mm&r=g","contentUrl":"https:\/\/secure.gravatar.com\/avatar\/a168ec191013b636c2f278aec04e724b?s=96&d=mm&r=g","caption":"Robert"},"sameAs":["https:\/\/www.viaromana.org\/blog"],"url":"https:\/\/www.viaromana.org\/blog\/author\/anaadmin\/"}]}},"_links":{"self":[{"href":"https:\/\/www.viaromana.org\/blog\/wp-json\/wp\/v2\/posts\/1837"}],"collection":[{"href":"https:\/\/www.viaromana.org\/blog\/wp-json\/wp\/v2\/posts"}],"about":[{"href":"https:\/\/www.viaromana.org\/blog\/wp-json\/wp\/v2\/types\/post"}],"author":[{"embeddable":true,"href":"https:\/\/www.viaromana.org\/blog\/wp-json\/wp\/v2\/users\/1"}],"replies":[{"embeddable":true,"href":"https:\/\/www.viaromana.org\/blog\/wp-json\/wp\/v2\/comments?post=1837"}],"version-history":[{"count":0,"href":"https:\/\/www.viaromana.org\/blog\/wp-json\/wp\/v2\/posts\/1837\/revisions"}],"wp:attachment":[{"href":"https:\/\/www.viaromana.org\/blog\/wp-json\/wp\/v2\/media?parent=1837"}],"wp:term":[{"taxonomy":"category","embeddable":true,"href":"https:\/\/www.viaromana.org\/blog\/wp-json\/wp\/v2\/categories?post=1837"},{"taxonomy":"post_tag","embeddable":true,"href":"https:\/\/www.viaromana.org\/blog\/wp-json\/wp\/v2\/tags?post=1837"}],"curies":[{"name":"wp","href":"https:\/\/api.w.org\/{rel}","templated":true}]}}