{"id":1831,"date":"2025-02-28T21:31:00","date_gmt":"2025-02-28T20:31:00","guid":{"rendered":"https:\/\/www.site.cdcl.xyz\/2025\/02\/28\/nous-avons-tous-non-attachement-sentimental-pourreter-cette-eglie-lespoir-renait-pour-la-chapelle-des-italiens-a-toulouse\/"},"modified":"2025-02-28T21:31:00","modified_gmt":"2025-02-28T20:31:00","slug":"nous-avons-tous-non-attachement-sentimental-pourreter-cette-eglie-lespoir-renait-pour-la-chapelle-des-italiens-a-toulouse","status":"publish","type":"post","link":"https:\/\/www.viaromana.org\/blog\/nous-avons-tous-non-attachement-sentimental-pourreter-cette-eglie-lespoir-renait-pour-la-chapelle-des-italiens-a-toulouse\/","title":{"rendered":"\u00ab\u00a0Nous avons tous non attachement sentimental pourreter cette \u00e9glie\u00a0\u00bb: L&rsquo;Espoir Renait pour la chapelle des italiens \u00e0 toulouse"},"content":{"rendered":"<p> <span class=\"article-full__chapo-label hide-on-small-only\">L&rsquo;essentiel<\/span><br \/>Ferm\u00e9 aU public Depuis 2014 pour la cause de non-conformit\u00e9 \u00e9lecrique, La Chapelle Notre-Dame de Nazareth \u00e0 Toulouse Tombe en D\u00e9su\u00e9tude. Un collectif de Fid\u00e8les, en accord Avec L&rsquo;Archev\u00eache de Toulouse, une restauration Constu\u00e9 \u00ab&nbsp;L&rsquo;Association pour la, La Sauvegarde et La Valorisation de la Chapelle des Italiens de Toulouse&nbsp;\u00bb. <\/p>\n<div data-state=\"fixed-height\" data-selection=\"disabled\"> <!-- Pub DFP Position [outstream] --><\/p>\n<p>Symbole de l&rsquo;Histoire Italienne \u00e0 Toulouse, La Chapelle Notre-Dame de Nazareth, Aussi Appel\u00e9e Chapelle des Italiens, T\u00e9moigne Depuis 1953 de Solidarit\u00e9 et de Ferveur Religieuse. Situ\u00e9e AU 6 Rue Philippe Feral, dans le Quartier du Salin, Cette \u00c9glise Va Peut-soi-Rouvrir, aprours Mise aux Normes \u00c9lecrique. \u00ab&nbsp;Elle est Depuis 2014 Fermee au public Public vers la non-conformit\u00e9 \u00c9lective, Rappelle Vincent, Fid\u00e9le Depuis 1978 Qui se mobilisera Sauver Cet \u00e9difice Inscrit Aux monuments historiques. Notamment L&rsquo;Effondation du PARATION DE L&rsquo;ATELL DE LA CHAPELLE DU SACR\u00c9-C\u00c9DI \u00ab&nbsp;. Si son ext\u00e9rieur est discr\u00e9te, l&rsquo;\u00e9glise rec\u00e8le pourtant de vietables tr\u00e9sors. Orn\u00e9e d&rsquo;Unt Portail d&rsquo;Un Statue de la Vierge \u00e0 l&rsquo;Enfant, La Chapelle des Italiens M\u00e9rite Que l&rsquo;On Pousse la Porte S&rsquo;\u00e9merveiller Devant Son RetAable En Bois Dor\u00e9 Aux Sculptures Signees Marc arcis Dont Plusieurs \u0153vres SONT Sign\u00e9 th\u00e9odore puget, une nef aur\u00e9olee et des vitraux aux lumineurs couleurs. \u00ab&nbsp;Nous avons tous non attachement sentimental pour la cette \u00e9glie, assure Vincent&nbsp;\u00bb.<\/p>\n<h2 class=\"txt-int\">Association unit \u00e0 la fin le Jour<\/h2>\n<p>La Mission Italienne et le Dioc\u00e8se N&rsquo;ont Jamais Abandonnon Notre-Dame de Nazareth. \u00ab&nbsp;Beaucop de Paroissiens, Notamment de Saint-Sernin Sont Aussi Sensibilis\u00e9s \u00e0 Son Soi&nbsp;\u00bb. Verser Parvenir \u00e0 un R\u00e9sultat, ces fid\u00e8les se Sont Rapproch\u00e9s de L&rsquo;Archev\u00eache de Toulouse, Propri\u00e9taire. \u00ab&nbsp;UNE Visite a \u00e9t\u00e9 organisation le 25 octobre 2023 Avec monseigneur de kerimel, archev\u00eaque de Toulouse. Avec Son Accord, Les Membres Fondateurs Ontu Puposer les Stattuts de l&rsquo;association de la restauration, La Sauvegarde et la valorisation de la Chapelle des Italiens de Toulouse.<\/p>\n<p>Unse second Vie semble donc s&rsquo;amorcer pour la chapelle des italiens qui va va poouvoir accueilllir des offices religiby, des manifestations culturelles (chorales, concerts d&rsquo;orgues, conf\u00e9rences de po\u00e9sie, etc.). \u00ab&nbsp;Tout Cela, bien s\u00fbr, aprr\u00e9s la Mise en conformit\u00e9 du syst\u00e8me \u00e9lecrique&nbsp;\u00bb, rappel Vincent. Une situation un qui touche malheureusement BeauCoup d&rsquo;\u00e9glise de Toulouse ou nombre de dossives sont en atTtente.<\/p>\n<footer class=\"txt-note\">Une Campagne d&rsquo;appel aux Dons Est est lanc\u00e9e. Versez-y Participant, Prendre Contactez AVEC L&rsquo;Association via le courrier de son adress. contact : <span><span><span><strong><span><span><span><\/span><\/span><\/span><\/strong><strong><span><span><span> asso.nd.nazareth@gmail.com<\/span><\/span><\/span><\/strong><strong><span><span><span> &gt;<\/span><\/span><\/span><\/strong><\/span><\/span><\/span><\/footer>\n<\/div>\n","protected":false},"excerpt":{"rendered":"<p>L&rsquo;essentielFerm\u00e9 aU public Depuis 2014 pour la cause de non-conformit\u00e9 \u00e9lecrique, La Chapelle Notre-Dame de Nazareth \u00e0 Toulouse Tombe en D\u00e9su\u00e9tude. Un collectif de Fid\u00e8les, en accord Avec L&rsquo;Archev\u00eache de Toulouse, une restauration Constu\u00e9 \u00ab&nbsp;L&rsquo;Association pour la, La Sauvegarde et La Valorisation de la Chapelle des Italiens de Toulouse&nbsp;\u00bb. Symbole de l&rsquo;Histoire Italienne \u00e0 Toulouse, La Chapelle Notre-Dame de Nazareth, Aussi Appel\u00e9e Chapelle des Italiens, T\u00e9moigne Depuis 1953 de Solidarit\u00e9 et de Ferveur Religieuse. Situ\u00e9e AU 6 Rue Philippe Feral, dans le Quartier du Salin, Cette \u00c9glise Va Peut-soi-Rouvrir, aprours Mise aux Normes \u00c9lecrique. \u00ab&nbsp;Elle est Depuis 2014 Fermee au\u2026<\/p>\n","protected":false},"author":1,"featured_media":0,"comment_status":"closed","ping_status":"closed","sticky":false,"template":"","format":"standard","meta":{"footnotes":""},"categories":[2],"tags":[],"blocksy_meta":{"styles_descriptor":{"styles":{"desktop":"","tablet":"","mobile":""},"google_fonts":[],"version":4}},"yoast_head":"<!-- This site is optimized with the Yoast SEO plugin v21.1 - https:\/\/yoast.com\/wordpress\/plugins\/seo\/ -->\n<title>\u00ab\u00a0Nous avons tous non attachement sentimental pourreter cette \u00e9glie\u00a0\u00bb: L&#039;Espoir Renait pour la chapelle des italiens \u00e0 toulouse - Viaromana et arch\u00e9ologie.<\/title>\n<meta name=\"description\" content=\"\u00ab\u00a0Nous avons tous non attachement sentimental pourreter cette \u00e9glie\u00a0\u00bb: L&#039;Espoir Renait pour la chapelle des italiens \u00e0 toulouse article de Viaromana et arch\u00e9ologie.\" \/>\n<meta name=\"robots\" content=\"index, follow, max-snippet:-1, max-image-preview:large, max-video-preview:-1\" \/>\n<link rel=\"canonical\" href=\"https:\/\/www.viaromana.org\/blog\/nous-avons-tous-non-attachement-sentimental-pourreter-cette-eglie-lespoir-renait-pour-la-chapelle-des-italiens-a-toulouse\/\" \/>\n<meta property=\"og:locale\" content=\"fr_FR\" \/>\n<meta property=\"og:type\" content=\"article\" \/>\n<meta property=\"og:title\" content=\"\u00ab\u00a0Nous avons tous non attachement sentimental pourreter cette \u00e9glie\u00a0\u00bb: L&#039;Espoir Renait pour la chapelle des italiens \u00e0 toulouse - Viaromana et arch\u00e9ologie.\" \/>\n<meta property=\"og:description\" content=\"\u00ab\u00a0Nous avons tous non attachement sentimental pourreter cette \u00e9glie\u00a0\u00bb: L&#039;Espoir Renait pour la chapelle des italiens \u00e0 toulouse article de Viaromana et arch\u00e9ologie.\" \/>\n<meta property=\"og:url\" content=\"https:\/\/www.viaromana.org\/blog\/nous-avons-tous-non-attachement-sentimental-pourreter-cette-eglie-lespoir-renait-pour-la-chapelle-des-italiens-a-toulouse\/\" \/>\n<meta property=\"og:site_name\" content=\"Viaromana et arch\u00e9ologie.\" \/>\n<meta property=\"article:published_time\" content=\"2025-02-28T20:31:00+00:00\" \/>\n<meta name=\"author\" content=\"Robert\" \/>\n<meta name=\"twitter:card\" content=\"summary_large_image\" \/>\n<meta name=\"twitter:label1\" content=\"\u00c9crit par\" \/>\n\t<meta name=\"twitter:data1\" content=\"Robert\" \/>\n\t<meta name=\"twitter:label2\" content=\"Dur\u00e9e de lecture estim\u00e9e\" \/>\n\t<meta name=\"twitter:data2\" content=\"2 minutes\" \/>\n<script type=\"application\/ld+json\" class=\"yoast-schema-graph\">{\"@context\":\"https:\/\/schema.org\",\"@graph\":[{\"@type\":\"Article\",\"@id\":\"https:\/\/www.viaromana.org\/blog\/nous-avons-tous-non-attachement-sentimental-pourreter-cette-eglie-lespoir-renait-pour-la-chapelle-des-italiens-a-toulouse\/#article\",\"isPartOf\":{\"@id\":\"https:\/\/www.viaromana.org\/blog\/nous-avons-tous-non-attachement-sentimental-pourreter-cette-eglie-lespoir-renait-pour-la-chapelle-des-italiens-a-toulouse\/\"},\"author\":{\"name\":\"Robert\",\"@id\":\"https:\/\/www.viaromana.org\/blog\/#\/schema\/person\/cde9c4655845091e1fe473fcd163c889\"},\"headline\":\"\u00ab\u00a0Nous avons tous non attachement sentimental pourreter cette \u00e9glie\u00a0\u00bb: L&rsquo;Espoir Renait pour la chapelle des italiens \u00e0 toulouse\",\"datePublished\":\"2025-02-28T20:31:00+00:00\",\"dateModified\":\"2025-02-28T20:31:00+00:00\",\"mainEntityOfPage\":{\"@id\":\"https:\/\/www.viaromana.org\/blog\/nous-avons-tous-non-attachement-sentimental-pourreter-cette-eglie-lespoir-renait-pour-la-chapelle-des-italiens-a-toulouse\/\"},\"wordCount\":448,\"publisher\":{\"@id\":\"https:\/\/www.viaromana.org\/blog\/#organization\"},\"articleSection\":[\"Arch\u00e9ologie\"],\"inLanguage\":\"fr-FR\"},{\"@type\":\"WebPage\",\"@id\":\"https:\/\/www.viaromana.org\/blog\/nous-avons-tous-non-attachement-sentimental-pourreter-cette-eglie-lespoir-renait-pour-la-chapelle-des-italiens-a-toulouse\/\",\"url\":\"https:\/\/www.viaromana.org\/blog\/nous-avons-tous-non-attachement-sentimental-pourreter-cette-eglie-lespoir-renait-pour-la-chapelle-des-italiens-a-toulouse\/\",\"name\":\"\u00ab\u00a0Nous avons tous non attachement sentimental pourreter cette \u00e9glie\u00a0\u00bb: L'Espoir Renait pour la chapelle des italiens \u00e0 toulouse - Viaromana et arch\u00e9ologie.\",\"isPartOf\":{\"@id\":\"https:\/\/www.viaromana.org\/blog\/#website\"},\"datePublished\":\"2025-02-28T20:31:00+00:00\",\"dateModified\":\"2025-02-28T20:31:00+00:00\",\"description\":\"\u00ab\u00a0Nous avons tous non attachement sentimental pourreter cette \u00e9glie\u00a0\u00bb: L'Espoir Renait pour la chapelle des italiens \u00e0 toulouse article de Viaromana et arch\u00e9ologie.\",\"breadcrumb\":{\"@id\":\"https:\/\/www.viaromana.org\/blog\/nous-avons-tous-non-attachement-sentimental-pourreter-cette-eglie-lespoir-renait-pour-la-chapelle-des-italiens-a-toulouse\/#breadcrumb\"},\"inLanguage\":\"fr-FR\",\"potentialAction\":[{\"@type\":\"ReadAction\",\"target\":[\"https:\/\/www.viaromana.org\/blog\/nous-avons-tous-non-attachement-sentimental-pourreter-cette-eglie-lespoir-renait-pour-la-chapelle-des-italiens-a-toulouse\/\"]}]},{\"@type\":\"BreadcrumbList\",\"@id\":\"https:\/\/www.viaromana.org\/blog\/nous-avons-tous-non-attachement-sentimental-pourreter-cette-eglie-lespoir-renait-pour-la-chapelle-des-italiens-a-toulouse\/#breadcrumb\",\"itemListElement\":[{\"@type\":\"ListItem\",\"position\":1,\"name\":\"Accueil\",\"item\":\"https:\/\/www.viaromana.org\/blog\/\"},{\"@type\":\"ListItem\",\"position\":2,\"name\":\"\u00ab\u00a0Nous avons tous non attachement sentimental pourreter cette \u00e9glie\u00a0\u00bb: L&rsquo;Espoir Renait pour la chapelle des italiens \u00e0 toulouse\"}]},{\"@type\":\"WebSite\",\"@id\":\"https:\/\/www.viaromana.org\/blog\/#website\",\"url\":\"https:\/\/www.viaromana.org\/blog\/\",\"name\":\"Viaromana et arch\u00e9ologie.\",\"description\":\"Site arch\u00e9ologique de la voie romaine (viaromana) Belgique-France-Rome\",\"publisher\":{\"@id\":\"https:\/\/www.viaromana.org\/blog\/#organization\"},\"potentialAction\":[{\"@type\":\"SearchAction\",\"target\":{\"@type\":\"EntryPoint\",\"urlTemplate\":\"https:\/\/www.viaromana.org\/blog\/?s={search_term_string}\"},\"query-input\":\"required name=search_term_string\"}],\"inLanguage\":\"fr-FR\"},{\"@type\":\"Organization\",\"@id\":\"https:\/\/www.viaromana.org\/blog\/#organization\",\"name\":\"viaromana\",\"url\":\"https:\/\/www.viaromana.org\/blog\/\",\"logo\":{\"@type\":\"ImageObject\",\"inLanguage\":\"fr-FR\",\"@id\":\"https:\/\/www.viaromana.org\/blog\/#\/schema\/logo\/image\/\",\"url\":\"https:\/\/www.viaromana.org\/blog\/wp-content\/uploads\/2021\/12\/logo-3.png\",\"contentUrl\":\"https:\/\/www.viaromana.org\/blog\/wp-content\/uploads\/2021\/12\/logo-3.png\",\"width\":300,\"height\":249,\"caption\":\"viaromana\"},\"image\":{\"@id\":\"https:\/\/www.viaromana.org\/blog\/#\/schema\/logo\/image\/\"}},{\"@type\":\"Person\",\"@id\":\"https:\/\/www.viaromana.org\/blog\/#\/schema\/person\/cde9c4655845091e1fe473fcd163c889\",\"name\":\"Robert\",\"image\":{\"@type\":\"ImageObject\",\"inLanguage\":\"fr-FR\",\"@id\":\"https:\/\/www.viaromana.org\/blog\/#\/schema\/person\/image\/\",\"url\":\"https:\/\/secure.gravatar.com\/avatar\/a168ec191013b636c2f278aec04e724b?s=96&d=mm&r=g\",\"contentUrl\":\"https:\/\/secure.gravatar.com\/avatar\/a168ec191013b636c2f278aec04e724b?s=96&d=mm&r=g\",\"caption\":\"Robert\"},\"sameAs\":[\"https:\/\/www.viaromana.org\/blog\"],\"url\":\"https:\/\/www.viaromana.org\/blog\/author\/anaadmin\/\"}]}<\/script>\n<!-- \/ Yoast SEO plugin. -->","yoast_head_json":{"title":"\u00ab\u00a0Nous avons tous non attachement sentimental pourreter cette \u00e9glie\u00a0\u00bb: L'Espoir Renait pour la chapelle des italiens \u00e0 toulouse - Viaromana et arch\u00e9ologie.","description":"\u00ab\u00a0Nous avons tous non attachement sentimental pourreter cette \u00e9glie\u00a0\u00bb: L'Espoir Renait pour la chapelle des italiens \u00e0 toulouse article de Viaromana et arch\u00e9ologie.","robots":{"index":"index","follow":"follow","max-snippet":"max-snippet:-1","max-image-preview":"max-image-preview:large","max-video-preview":"max-video-preview:-1"},"canonical":"https:\/\/www.viaromana.org\/blog\/nous-avons-tous-non-attachement-sentimental-pourreter-cette-eglie-lespoir-renait-pour-la-chapelle-des-italiens-a-toulouse\/","og_locale":"fr_FR","og_type":"article","og_title":"\u00ab\u00a0Nous avons tous non attachement sentimental pourreter cette \u00e9glie\u00a0\u00bb: L'Espoir Renait pour la chapelle des italiens \u00e0 toulouse - Viaromana et arch\u00e9ologie.","og_description":"\u00ab\u00a0Nous avons tous non attachement sentimental pourreter cette \u00e9glie\u00a0\u00bb: L'Espoir Renait pour la chapelle des italiens \u00e0 toulouse article de Viaromana et arch\u00e9ologie.","og_url":"https:\/\/www.viaromana.org\/blog\/nous-avons-tous-non-attachement-sentimental-pourreter-cette-eglie-lespoir-renait-pour-la-chapelle-des-italiens-a-toulouse\/","og_site_name":"Viaromana et arch\u00e9ologie.","article_published_time":"2025-02-28T20:31:00+00:00","author":"Robert","twitter_card":"summary_large_image","twitter_misc":{"\u00c9crit par":"Robert","Dur\u00e9e de lecture estim\u00e9e":"2 minutes"},"schema":{"@context":"https:\/\/schema.org","@graph":[{"@type":"Article","@id":"https:\/\/www.viaromana.org\/blog\/nous-avons-tous-non-attachement-sentimental-pourreter-cette-eglie-lespoir-renait-pour-la-chapelle-des-italiens-a-toulouse\/#article","isPartOf":{"@id":"https:\/\/www.viaromana.org\/blog\/nous-avons-tous-non-attachement-sentimental-pourreter-cette-eglie-lespoir-renait-pour-la-chapelle-des-italiens-a-toulouse\/"},"author":{"name":"Robert","@id":"https:\/\/www.viaromana.org\/blog\/#\/schema\/person\/cde9c4655845091e1fe473fcd163c889"},"headline":"\u00ab\u00a0Nous avons tous non attachement sentimental pourreter cette \u00e9glie\u00a0\u00bb: L&rsquo;Espoir Renait pour la chapelle des italiens \u00e0 toulouse","datePublished":"2025-02-28T20:31:00+00:00","dateModified":"2025-02-28T20:31:00+00:00","mainEntityOfPage":{"@id":"https:\/\/www.viaromana.org\/blog\/nous-avons-tous-non-attachement-sentimental-pourreter-cette-eglie-lespoir-renait-pour-la-chapelle-des-italiens-a-toulouse\/"},"wordCount":448,"publisher":{"@id":"https:\/\/www.viaromana.org\/blog\/#organization"},"articleSection":["Arch\u00e9ologie"],"inLanguage":"fr-FR"},{"@type":"WebPage","@id":"https:\/\/www.viaromana.org\/blog\/nous-avons-tous-non-attachement-sentimental-pourreter-cette-eglie-lespoir-renait-pour-la-chapelle-des-italiens-a-toulouse\/","url":"https:\/\/www.viaromana.org\/blog\/nous-avons-tous-non-attachement-sentimental-pourreter-cette-eglie-lespoir-renait-pour-la-chapelle-des-italiens-a-toulouse\/","name":"\u00ab\u00a0Nous avons tous non attachement sentimental pourreter cette \u00e9glie\u00a0\u00bb: L'Espoir Renait pour la chapelle des italiens \u00e0 toulouse - Viaromana et arch\u00e9ologie.","isPartOf":{"@id":"https:\/\/www.viaromana.org\/blog\/#website"},"datePublished":"2025-02-28T20:31:00+00:00","dateModified":"2025-02-28T20:31:00+00:00","description":"\u00ab\u00a0Nous avons tous non attachement sentimental pourreter cette \u00e9glie\u00a0\u00bb: L'Espoir Renait pour la chapelle des italiens \u00e0 toulouse article de Viaromana et arch\u00e9ologie.","breadcrumb":{"@id":"https:\/\/www.viaromana.org\/blog\/nous-avons-tous-non-attachement-sentimental-pourreter-cette-eglie-lespoir-renait-pour-la-chapelle-des-italiens-a-toulouse\/#breadcrumb"},"inLanguage":"fr-FR","potentialAction":[{"@type":"ReadAction","target":["https:\/\/www.viaromana.org\/blog\/nous-avons-tous-non-attachement-sentimental-pourreter-cette-eglie-lespoir-renait-pour-la-chapelle-des-italiens-a-toulouse\/"]}]},{"@type":"BreadcrumbList","@id":"https:\/\/www.viaromana.org\/blog\/nous-avons-tous-non-attachement-sentimental-pourreter-cette-eglie-lespoir-renait-pour-la-chapelle-des-italiens-a-toulouse\/#breadcrumb","itemListElement":[{"@type":"ListItem","position":1,"name":"Accueil","item":"https:\/\/www.viaromana.org\/blog\/"},{"@type":"ListItem","position":2,"name":"\u00ab\u00a0Nous avons tous non attachement sentimental pourreter cette \u00e9glie\u00a0\u00bb: L&rsquo;Espoir Renait pour la chapelle des italiens \u00e0 toulouse"}]},{"@type":"WebSite","@id":"https:\/\/www.viaromana.org\/blog\/#website","url":"https:\/\/www.viaromana.org\/blog\/","name":"Viaromana et arch\u00e9ologie.","description":"Site arch\u00e9ologique de la voie romaine (viaromana) Belgique-France-Rome","publisher":{"@id":"https:\/\/www.viaromana.org\/blog\/#organization"},"potentialAction":[{"@type":"SearchAction","target":{"@type":"EntryPoint","urlTemplate":"https:\/\/www.viaromana.org\/blog\/?s={search_term_string}"},"query-input":"required name=search_term_string"}],"inLanguage":"fr-FR"},{"@type":"Organization","@id":"https:\/\/www.viaromana.org\/blog\/#organization","name":"viaromana","url":"https:\/\/www.viaromana.org\/blog\/","logo":{"@type":"ImageObject","inLanguage":"fr-FR","@id":"https:\/\/www.viaromana.org\/blog\/#\/schema\/logo\/image\/","url":"https:\/\/www.viaromana.org\/blog\/wp-content\/uploads\/2021\/12\/logo-3.png","contentUrl":"https:\/\/www.viaromana.org\/blog\/wp-content\/uploads\/2021\/12\/logo-3.png","width":300,"height":249,"caption":"viaromana"},"image":{"@id":"https:\/\/www.viaromana.org\/blog\/#\/schema\/logo\/image\/"}},{"@type":"Person","@id":"https:\/\/www.viaromana.org\/blog\/#\/schema\/person\/cde9c4655845091e1fe473fcd163c889","name":"Robert","image":{"@type":"ImageObject","inLanguage":"fr-FR","@id":"https:\/\/www.viaromana.org\/blog\/#\/schema\/person\/image\/","url":"https:\/\/secure.gravatar.com\/avatar\/a168ec191013b636c2f278aec04e724b?s=96&d=mm&r=g","contentUrl":"https:\/\/secure.gravatar.com\/avatar\/a168ec191013b636c2f278aec04e724b?s=96&d=mm&r=g","caption":"Robert"},"sameAs":["https:\/\/www.viaromana.org\/blog"],"url":"https:\/\/www.viaromana.org\/blog\/author\/anaadmin\/"}]}},"_links":{"self":[{"href":"https:\/\/www.viaromana.org\/blog\/wp-json\/wp\/v2\/posts\/1831"}],"collection":[{"href":"https:\/\/www.viaromana.org\/blog\/wp-json\/wp\/v2\/posts"}],"about":[{"href":"https:\/\/www.viaromana.org\/blog\/wp-json\/wp\/v2\/types\/post"}],"author":[{"embeddable":true,"href":"https:\/\/www.viaromana.org\/blog\/wp-json\/wp\/v2\/users\/1"}],"replies":[{"embeddable":true,"href":"https:\/\/www.viaromana.org\/blog\/wp-json\/wp\/v2\/comments?post=1831"}],"version-history":[{"count":0,"href":"https:\/\/www.viaromana.org\/blog\/wp-json\/wp\/v2\/posts\/1831\/revisions"}],"wp:attachment":[{"href":"https:\/\/www.viaromana.org\/blog\/wp-json\/wp\/v2\/media?parent=1831"}],"wp:term":[{"taxonomy":"category","embeddable":true,"href":"https:\/\/www.viaromana.org\/blog\/wp-json\/wp\/v2\/categories?post=1831"},{"taxonomy":"post_tag","embeddable":true,"href":"https:\/\/www.viaromana.org\/blog\/wp-json\/wp\/v2\/tags?post=1831"}],"curies":[{"name":"wp","href":"https:\/\/api.w.org\/{rel}","templated":true}]}}