{"id":1818,"date":"2024-11-22T17:00:00","date_gmt":"2024-11-22T16:00:00","guid":{"rendered":"https:\/\/www.site.cdcl.xyz\/2024\/11\/22\/la-petite-notre-dame-de-seine-et-marne-decroche-le-jackpot-de-la-fondation-du-patrimoine\/"},"modified":"2024-11-22T17:00:00","modified_gmt":"2024-11-22T16:00:00","slug":"la-petite-notre-dame-de-seine-et-marne-decroche-le-jackpot-de-la-fondation-du-patrimoine","status":"publish","type":"post","link":"https:\/\/www.viaromana.org\/blog\/la-petite-notre-dame-de-seine-et-marne-decroche-le-jackpot-de-la-fondation-du-patrimoine\/","title":{"rendered":"la \u00ab\u00a0Petite Notre-Dame\u00a0\u00bb de Seine-et-Marne d\u00e9croche le jackpot de la Fondation du patrimoine"},"content":{"rendered":"<div>\n<div class=\"ac-article-date\">\n<p> Par<br \/><strong><br \/>Julien Van Caeyseele<br \/><\/strong><br \/><span><\/span><\/p>\n<p> Publi\u00e9 le<\/p>\n<p>23 nov. 2024 \u00e0 7h00 <\/p>\n<\/div>\n<p> <span class=\"ac-article-follow__link\" data-trk=\"{&quot;cta&quot;:{&quot;action&quot;:&quot;https:\\\/\\\/actu.fr\\\/mon-actu&quot;,&quot;category&quot;:&quot;mon compte&quot;,&quot;from&quot;:&quot;article header&quot;,&quot;name&quot;:&quot;Voir mon actu&quot;,&quot;type&quot;:&quot;cta&quot;}}\">Voir mon actu<\/span><br \/><button type=\"button\" class=\"ac-btn ac-btn--mini ac-btn--blue ac-icon--star-empty\" data-follow=\"Suivre La R\u00e9publique de Seine et Marne\" data-unfollow=\"Retirer\">Suivre La R\u00e9publique de Seine et Marne<\/button>\n<\/p>\n<p>Elle \u00e9tait la seule \u00e9glise de Seine-et-Marne \u00e0 figurer dans la liste des 100 premiers b\u00e9n\u00e9ficiaires de la collecte nationale pour le <b>patrimoine religieux des villages de France<\/b>\u2026 Six mois apr\u00e8s cette annonce, on conna\u00eet d\u00e9sormais le montant de l&rsquo;aide qui va profiter \u00e0 la r\u00e9novation de l&rsquo;<b>\u00e9glise Saint-Paul<\/b> de Chailly-en-Bi\u00e8re (<b>Seine-et-Marne<\/b>).<\/p>\n<h2>Gr\u00e2ce \u00e0 la Fondation du Patrimoine, vers la restauration du clocher<\/h2>\n<p>\u00ab En soutien au patrimoine religieux des villages, nous avons mobilis\u00e9 16,7 M\u20ac, indique la Fondation du patrimoine. Dans ce cadre, 6,6 millions d&rsquo;euros vont \u00eatre dirig\u00e9s vers 100 petites Notre-Dame des villages et villes fran\u00e7aises. Une dotation symbolique, avant la r\u00e9ouverture de Notre-Dame de Paris dont les travaux ont \u00e9t\u00e9 enti\u00e8rement financ\u00e9s gr\u00e2ce \u00e0 la g\u00e9n\u00e9rosit\u00e9 publique. \u00bb<\/p>\n<figure class=\"ac-article-content__figure\">\n<div class=\"ac-article-content__img\"> <img decoding=\"async\" loading=\"lazy\" class=\"size-large\" src=\"https:\/\/www.viaromana.org\/blog\/wp-content\/uploads\/2024\/11\/la-petite-notre-dame-de-seine-et-marne-decroche-le-jackpot-de-la-fondation-du-patrimoine.jpg\" alt=\"Apr\u00e8s le succ\u00e8s de la premi\u00e8re tranche de travaux, la mairie relance un appel aux dons pour la restauration de l'\u00e9glise Saint-Paul\" width=\"960\" height=\"640\"><\/div><figcaption>Le don va permettre d&rsquo;envisager la restauration du c\u00e9l\u00e8bre clocher de l&rsquo;\u00e9glise de Chailly-en-Bi\u00e8re \u00a9JVC\/RSM77<\/figcaption><\/figure>\n<p>Dans le d\u00e9tail, l&rsquo;\u00e9glise de Chailly-en-Bi\u00e8re va recevoir la somme de 45 000 \u20ac sur les 295 000 allou\u00e9s \u00e0 des \u00e9glises en \u00cele-de-France. \u00ab C&rsquo;est une \u00e9norme satisfaction et la r\u00e9compense des efforts de toutes les personnes qui se mobilisent au village pour restaurer ce monument du patrimoine local \u00bb, sourit <b>Alain Thi\u00e9ry<\/b>le maire de Chailly-en-Bi\u00e8re, qui a m\u00eame \u00e9crit \u00e0 Rachida Dati, la ministre de la Culture, et \u00e0 la Fondation du patrimoine, afin de les remercier pour leur geste.<\/p>\n<figure id=\"dailymotion-embed-x7dyep\" class=\"ac-embed ac-embed--dailymotion ac-embed--inread3\" data-provider=\"dailymotion\"><figcaption>Vid\u00e9os : en ce moment sur Actu<\/figcaption><\/figure>\n<p>\u00ab Cela va nous aider \u00e0 acc\u00e9l\u00e9rer les travaux avec la fin de la deuxi\u00e8me tranche qui est en vue, et ouvrir la voie \u00e0 la nouvelle tranche, pour restaurer le clocher \u00bb, poursuit-il. Il faut dire que le clocher est <b>\u00e9galement symbolique<\/b> puisque celui-ci a \u00e9t\u00e9 immortalis\u00e9 par Jean-Fran\u00e7ois Millet, dans son c\u00e9l\u00e8bre tableau <i>L&rsquo;Ang\u00e9lus<\/i>. L&rsquo;\u00e9difice religieux, dont le clocher culmine \u00e0 pr\u00e8s de 90 m, domine la plaine de Bi\u00e8re. Une d\u00e9dicace de l&rsquo;archev\u00eaque de Sens atteste d&rsquo;une reconstruction, au d\u00e9but du IX<sup>e<\/sup> si\u00e8cle.<\/p>\n<h2>\u00ab Il ne faut pas rester sur nos acquis\u2026 \u00bb<\/h2>\n<p>Le chantier de restauration de l&rsquo;\u00e9glise Saint-Paul a \u00e9t\u00e9 lanc\u00e9 en 2019 et une premi\u00e8re tranche a d\u00e9j\u00e0 permis de r\u00e9nover la toiture, une partie de la nef et la charpente\u2026 par les m\u00eames charpentiers qui ont restaur\u00e9 Notre-Dame de Paris.<\/p>\n<p>\u00ab Malgr\u00e9 cette annonce, il ne faut pas rester sur nos acquis et continuer de lever des fonds, pr\u00e9vient Alain Thiery. C&rsquo;est gr\u00e2ce \u00e0 la mobilisation de tous que nous parviendrons \u00e0 restaurer ce monument du patrimoine local. \u00bb<\/p>\n<p>Dans nos colonnes, Bertrand Dehelly, d\u00e9l\u00e9gu\u00e9 d\u00e9partemental adjoint \u00e0 la Fondation du patrimoine, avait salu\u00e9 \u00ab la mobilisation et l&rsquo;engagement \u00bb des habitants de Chailly-en-Bi\u00e8re pour sauver leur \u00e9glise et les diff\u00e9rentes souscriptions lanc\u00e9es pour y parvenir.<\/p>\n<p>Au village, tout le monde \u00e0 mis la main \u00e0 la p\u00e2te : <b>m\u00eame le boulanger<\/b> propose des tuiles \u00e0 la framboise dont une partie des b\u00e9n\u00e9fices est consacr\u00e9e \u00e0 la restauration du monument, class\u00e9 aux Monuments historiques depuis 1926.<\/p>\n<p><i>Suivez toute l&rsquo;actualit\u00e9 de vos villes et m\u00e9dias favoris en vous inscrivant \u00e0 Mon Actu.<\/i><\/p>\n<\/div>\n","protected":false},"excerpt":{"rendered":"<p>ParJulien Van Caeyseele Publi\u00e9 le 23 nov. 2024 \u00e0 7h00 Voir mon actuSuivre La R\u00e9publique de Seine et Marne Elle \u00e9tait la seule \u00e9glise de Seine-et-Marne \u00e0 figurer dans la liste des 100 premiers b\u00e9n\u00e9ficiaires de la collecte nationale pour le patrimoine religieux des villages de France\u2026 Six mois apr\u00e8s cette annonce, on conna\u00eet d\u00e9sormais le montant de l&rsquo;aide qui va profiter \u00e0 la r\u00e9novation de l&rsquo;\u00e9glise Saint-Paul de Chailly-en-Bi\u00e8re (Seine-et-Marne). Gr\u00e2ce \u00e0 la Fondation du Patrimoine, vers la restauration du clocher \u00ab En soutien au patrimoine religieux des villages, nous avons mobilis\u00e9 16,7 M\u20ac, indique la Fondation du patrimoine.\u2026<\/p>\n","protected":false},"author":1,"featured_media":0,"comment_status":"closed","ping_status":"closed","sticky":false,"template":"","format":"standard","meta":{"footnotes":""},"categories":[2],"tags":[],"blocksy_meta":{"styles_descriptor":{"styles":{"desktop":"","tablet":"","mobile":""},"google_fonts":[],"version":4}},"yoast_head":"<!-- This site is optimized with the Yoast SEO plugin v21.1 - https:\/\/yoast.com\/wordpress\/plugins\/seo\/ -->\n<title>la \u00ab\u00a0Petite Notre-Dame\u00a0\u00bb de Seine-et-Marne d\u00e9croche le jackpot de la Fondation du patrimoine - Viaromana et arch\u00e9ologie.<\/title>\n<meta name=\"description\" content=\"la \u00ab\u00a0Petite Notre-Dame\u00a0\u00bb de Seine-et-Marne d\u00e9croche le jackpot de la Fondation du patrimoine article de Viaromana et arch\u00e9ologie.\" \/>\n<meta name=\"robots\" content=\"index, follow, max-snippet:-1, max-image-preview:large, max-video-preview:-1\" \/>\n<link rel=\"canonical\" href=\"https:\/\/www.viaromana.org\/blog\/la-petite-notre-dame-de-seine-et-marne-decroche-le-jackpot-de-la-fondation-du-patrimoine\/\" \/>\n<meta property=\"og:locale\" content=\"fr_FR\" \/>\n<meta property=\"og:type\" content=\"article\" \/>\n<meta property=\"og:title\" content=\"la \u00ab\u00a0Petite Notre-Dame\u00a0\u00bb de Seine-et-Marne d\u00e9croche le jackpot de la Fondation du patrimoine - Viaromana et arch\u00e9ologie.\" \/>\n<meta property=\"og:description\" content=\"la \u00ab\u00a0Petite Notre-Dame\u00a0\u00bb de Seine-et-Marne d\u00e9croche le jackpot de la Fondation du patrimoine article de Viaromana et arch\u00e9ologie.\" \/>\n<meta property=\"og:url\" content=\"https:\/\/www.viaromana.org\/blog\/la-petite-notre-dame-de-seine-et-marne-decroche-le-jackpot-de-la-fondation-du-patrimoine\/\" \/>\n<meta property=\"og:site_name\" content=\"Viaromana et arch\u00e9ologie.\" \/>\n<meta property=\"article:published_time\" content=\"2024-11-22T16:00:00+00:00\" \/>\n<meta property=\"og:image\" content=\"https:\/\/www.viaromana.org\/blog\/wp-content\/uploads\/2024\/11\/la-petite-notre-dame-de-seine-et-marne-decroche-le-jackpot-de-la-fondation-du-patrimoine.jpg\" \/>\n<meta name=\"author\" content=\"Robert\" \/>\n<meta name=\"twitter:card\" content=\"summary_large_image\" \/>\n<meta name=\"twitter:label1\" content=\"\u00c9crit par\" \/>\n\t<meta name=\"twitter:data1\" content=\"Robert\" \/>\n\t<meta name=\"twitter:label2\" content=\"Dur\u00e9e de lecture estim\u00e9e\" \/>\n\t<meta name=\"twitter:data2\" content=\"3 minutes\" \/>\n<script type=\"application\/ld+json\" class=\"yoast-schema-graph\">{\"@context\":\"https:\/\/schema.org\",\"@graph\":[{\"@type\":\"Article\",\"@id\":\"https:\/\/www.viaromana.org\/blog\/la-petite-notre-dame-de-seine-et-marne-decroche-le-jackpot-de-la-fondation-du-patrimoine\/#article\",\"isPartOf\":{\"@id\":\"https:\/\/www.viaromana.org\/blog\/la-petite-notre-dame-de-seine-et-marne-decroche-le-jackpot-de-la-fondation-du-patrimoine\/\"},\"author\":{\"name\":\"Robert\",\"@id\":\"https:\/\/www.viaromana.org\/blog\/#\/schema\/person\/cde9c4655845091e1fe473fcd163c889\"},\"headline\":\"la \u00ab\u00a0Petite Notre-Dame\u00a0\u00bb de Seine-et-Marne d\u00e9croche le jackpot de la Fondation du patrimoine\",\"datePublished\":\"2024-11-22T16:00:00+00:00\",\"dateModified\":\"2024-11-22T16:00:00+00:00\",\"mainEntityOfPage\":{\"@id\":\"https:\/\/www.viaromana.org\/blog\/la-petite-notre-dame-de-seine-et-marne-decroche-le-jackpot-de-la-fondation-du-patrimoine\/\"},\"wordCount\":557,\"publisher\":{\"@id\":\"https:\/\/www.viaromana.org\/blog\/#organization\"},\"articleSection\":[\"Arch\u00e9ologie\"],\"inLanguage\":\"fr-FR\"},{\"@type\":\"WebPage\",\"@id\":\"https:\/\/www.viaromana.org\/blog\/la-petite-notre-dame-de-seine-et-marne-decroche-le-jackpot-de-la-fondation-du-patrimoine\/\",\"url\":\"https:\/\/www.viaromana.org\/blog\/la-petite-notre-dame-de-seine-et-marne-decroche-le-jackpot-de-la-fondation-du-patrimoine\/\",\"name\":\"la \u00ab\u00a0Petite Notre-Dame\u00a0\u00bb de Seine-et-Marne d\u00e9croche le jackpot de la Fondation du patrimoine - Viaromana et arch\u00e9ologie.\",\"isPartOf\":{\"@id\":\"https:\/\/www.viaromana.org\/blog\/#website\"},\"datePublished\":\"2024-11-22T16:00:00+00:00\",\"dateModified\":\"2024-11-22T16:00:00+00:00\",\"description\":\"la \u00ab\u00a0Petite Notre-Dame\u00a0\u00bb de Seine-et-Marne d\u00e9croche le jackpot de la Fondation du patrimoine article de Viaromana et arch\u00e9ologie.\",\"breadcrumb\":{\"@id\":\"https:\/\/www.viaromana.org\/blog\/la-petite-notre-dame-de-seine-et-marne-decroche-le-jackpot-de-la-fondation-du-patrimoine\/#breadcrumb\"},\"inLanguage\":\"fr-FR\",\"potentialAction\":[{\"@type\":\"ReadAction\",\"target\":[\"https:\/\/www.viaromana.org\/blog\/la-petite-notre-dame-de-seine-et-marne-decroche-le-jackpot-de-la-fondation-du-patrimoine\/\"]}]},{\"@type\":\"BreadcrumbList\",\"@id\":\"https:\/\/www.viaromana.org\/blog\/la-petite-notre-dame-de-seine-et-marne-decroche-le-jackpot-de-la-fondation-du-patrimoine\/#breadcrumb\",\"itemListElement\":[{\"@type\":\"ListItem\",\"position\":1,\"name\":\"Accueil\",\"item\":\"https:\/\/www.viaromana.org\/blog\/\"},{\"@type\":\"ListItem\",\"position\":2,\"name\":\"la \u00ab\u00a0Petite Notre-Dame\u00a0\u00bb de Seine-et-Marne d\u00e9croche le jackpot de la Fondation du patrimoine\"}]},{\"@type\":\"WebSite\",\"@id\":\"https:\/\/www.viaromana.org\/blog\/#website\",\"url\":\"https:\/\/www.viaromana.org\/blog\/\",\"name\":\"Viaromana et arch\u00e9ologie.\",\"description\":\"Site arch\u00e9ologique de la voie romaine (viaromana) Belgique-France-Rome\",\"publisher\":{\"@id\":\"https:\/\/www.viaromana.org\/blog\/#organization\"},\"potentialAction\":[{\"@type\":\"SearchAction\",\"target\":{\"@type\":\"EntryPoint\",\"urlTemplate\":\"https:\/\/www.viaromana.org\/blog\/?s={search_term_string}\"},\"query-input\":\"required name=search_term_string\"}],\"inLanguage\":\"fr-FR\"},{\"@type\":\"Organization\",\"@id\":\"https:\/\/www.viaromana.org\/blog\/#organization\",\"name\":\"viaromana\",\"url\":\"https:\/\/www.viaromana.org\/blog\/\",\"logo\":{\"@type\":\"ImageObject\",\"inLanguage\":\"fr-FR\",\"@id\":\"https:\/\/www.viaromana.org\/blog\/#\/schema\/logo\/image\/\",\"url\":\"https:\/\/www.viaromana.org\/blog\/wp-content\/uploads\/2021\/12\/logo-3.png\",\"contentUrl\":\"https:\/\/www.viaromana.org\/blog\/wp-content\/uploads\/2021\/12\/logo-3.png\",\"width\":300,\"height\":249,\"caption\":\"viaromana\"},\"image\":{\"@id\":\"https:\/\/www.viaromana.org\/blog\/#\/schema\/logo\/image\/\"}},{\"@type\":\"Person\",\"@id\":\"https:\/\/www.viaromana.org\/blog\/#\/schema\/person\/cde9c4655845091e1fe473fcd163c889\",\"name\":\"Robert\",\"image\":{\"@type\":\"ImageObject\",\"inLanguage\":\"fr-FR\",\"@id\":\"https:\/\/www.viaromana.org\/blog\/#\/schema\/person\/image\/\",\"url\":\"https:\/\/secure.gravatar.com\/avatar\/a168ec191013b636c2f278aec04e724b?s=96&d=mm&r=g\",\"contentUrl\":\"https:\/\/secure.gravatar.com\/avatar\/a168ec191013b636c2f278aec04e724b?s=96&d=mm&r=g\",\"caption\":\"Robert\"},\"sameAs\":[\"https:\/\/www.viaromana.org\/blog\"],\"url\":\"https:\/\/www.viaromana.org\/blog\/author\/anaadmin\/\"}]}<\/script>\n<!-- \/ Yoast SEO plugin. -->","yoast_head_json":{"title":"la \u00ab\u00a0Petite Notre-Dame\u00a0\u00bb de Seine-et-Marne d\u00e9croche le jackpot de la Fondation du patrimoine - Viaromana et arch\u00e9ologie.","description":"la \u00ab\u00a0Petite Notre-Dame\u00a0\u00bb de Seine-et-Marne d\u00e9croche le jackpot de la Fondation du patrimoine article de Viaromana et arch\u00e9ologie.","robots":{"index":"index","follow":"follow","max-snippet":"max-snippet:-1","max-image-preview":"max-image-preview:large","max-video-preview":"max-video-preview:-1"},"canonical":"https:\/\/www.viaromana.org\/blog\/la-petite-notre-dame-de-seine-et-marne-decroche-le-jackpot-de-la-fondation-du-patrimoine\/","og_locale":"fr_FR","og_type":"article","og_title":"la \u00ab\u00a0Petite Notre-Dame\u00a0\u00bb de Seine-et-Marne d\u00e9croche le jackpot de la Fondation du patrimoine - Viaromana et arch\u00e9ologie.","og_description":"la \u00ab\u00a0Petite Notre-Dame\u00a0\u00bb de Seine-et-Marne d\u00e9croche le jackpot de la Fondation du patrimoine article de Viaromana et arch\u00e9ologie.","og_url":"https:\/\/www.viaromana.org\/blog\/la-petite-notre-dame-de-seine-et-marne-decroche-le-jackpot-de-la-fondation-du-patrimoine\/","og_site_name":"Viaromana et arch\u00e9ologie.","article_published_time":"2024-11-22T16:00:00+00:00","og_image":[{"url":"https:\/\/www.viaromana.org\/blog\/wp-content\/uploads\/2024\/11\/la-petite-notre-dame-de-seine-et-marne-decroche-le-jackpot-de-la-fondation-du-patrimoine.jpg"}],"author":"Robert","twitter_card":"summary_large_image","twitter_misc":{"\u00c9crit par":"Robert","Dur\u00e9e de lecture estim\u00e9e":"3 minutes"},"schema":{"@context":"https:\/\/schema.org","@graph":[{"@type":"Article","@id":"https:\/\/www.viaromana.org\/blog\/la-petite-notre-dame-de-seine-et-marne-decroche-le-jackpot-de-la-fondation-du-patrimoine\/#article","isPartOf":{"@id":"https:\/\/www.viaromana.org\/blog\/la-petite-notre-dame-de-seine-et-marne-decroche-le-jackpot-de-la-fondation-du-patrimoine\/"},"author":{"name":"Robert","@id":"https:\/\/www.viaromana.org\/blog\/#\/schema\/person\/cde9c4655845091e1fe473fcd163c889"},"headline":"la \u00ab\u00a0Petite Notre-Dame\u00a0\u00bb de Seine-et-Marne d\u00e9croche le jackpot de la Fondation du patrimoine","datePublished":"2024-11-22T16:00:00+00:00","dateModified":"2024-11-22T16:00:00+00:00","mainEntityOfPage":{"@id":"https:\/\/www.viaromana.org\/blog\/la-petite-notre-dame-de-seine-et-marne-decroche-le-jackpot-de-la-fondation-du-patrimoine\/"},"wordCount":557,"publisher":{"@id":"https:\/\/www.viaromana.org\/blog\/#organization"},"articleSection":["Arch\u00e9ologie"],"inLanguage":"fr-FR"},{"@type":"WebPage","@id":"https:\/\/www.viaromana.org\/blog\/la-petite-notre-dame-de-seine-et-marne-decroche-le-jackpot-de-la-fondation-du-patrimoine\/","url":"https:\/\/www.viaromana.org\/blog\/la-petite-notre-dame-de-seine-et-marne-decroche-le-jackpot-de-la-fondation-du-patrimoine\/","name":"la \u00ab\u00a0Petite Notre-Dame\u00a0\u00bb de Seine-et-Marne d\u00e9croche le jackpot de la Fondation du patrimoine - Viaromana et arch\u00e9ologie.","isPartOf":{"@id":"https:\/\/www.viaromana.org\/blog\/#website"},"datePublished":"2024-11-22T16:00:00+00:00","dateModified":"2024-11-22T16:00:00+00:00","description":"la \u00ab\u00a0Petite Notre-Dame\u00a0\u00bb de Seine-et-Marne d\u00e9croche le jackpot de la Fondation du patrimoine article de Viaromana et arch\u00e9ologie.","breadcrumb":{"@id":"https:\/\/www.viaromana.org\/blog\/la-petite-notre-dame-de-seine-et-marne-decroche-le-jackpot-de-la-fondation-du-patrimoine\/#breadcrumb"},"inLanguage":"fr-FR","potentialAction":[{"@type":"ReadAction","target":["https:\/\/www.viaromana.org\/blog\/la-petite-notre-dame-de-seine-et-marne-decroche-le-jackpot-de-la-fondation-du-patrimoine\/"]}]},{"@type":"BreadcrumbList","@id":"https:\/\/www.viaromana.org\/blog\/la-petite-notre-dame-de-seine-et-marne-decroche-le-jackpot-de-la-fondation-du-patrimoine\/#breadcrumb","itemListElement":[{"@type":"ListItem","position":1,"name":"Accueil","item":"https:\/\/www.viaromana.org\/blog\/"},{"@type":"ListItem","position":2,"name":"la \u00ab\u00a0Petite Notre-Dame\u00a0\u00bb de Seine-et-Marne d\u00e9croche le jackpot de la Fondation du patrimoine"}]},{"@type":"WebSite","@id":"https:\/\/www.viaromana.org\/blog\/#website","url":"https:\/\/www.viaromana.org\/blog\/","name":"Viaromana et arch\u00e9ologie.","description":"Site arch\u00e9ologique de la voie romaine (viaromana) Belgique-France-Rome","publisher":{"@id":"https:\/\/www.viaromana.org\/blog\/#organization"},"potentialAction":[{"@type":"SearchAction","target":{"@type":"EntryPoint","urlTemplate":"https:\/\/www.viaromana.org\/blog\/?s={search_term_string}"},"query-input":"required name=search_term_string"}],"inLanguage":"fr-FR"},{"@type":"Organization","@id":"https:\/\/www.viaromana.org\/blog\/#organization","name":"viaromana","url":"https:\/\/www.viaromana.org\/blog\/","logo":{"@type":"ImageObject","inLanguage":"fr-FR","@id":"https:\/\/www.viaromana.org\/blog\/#\/schema\/logo\/image\/","url":"https:\/\/www.viaromana.org\/blog\/wp-content\/uploads\/2021\/12\/logo-3.png","contentUrl":"https:\/\/www.viaromana.org\/blog\/wp-content\/uploads\/2021\/12\/logo-3.png","width":300,"height":249,"caption":"viaromana"},"image":{"@id":"https:\/\/www.viaromana.org\/blog\/#\/schema\/logo\/image\/"}},{"@type":"Person","@id":"https:\/\/www.viaromana.org\/blog\/#\/schema\/person\/cde9c4655845091e1fe473fcd163c889","name":"Robert","image":{"@type":"ImageObject","inLanguage":"fr-FR","@id":"https:\/\/www.viaromana.org\/blog\/#\/schema\/person\/image\/","url":"https:\/\/secure.gravatar.com\/avatar\/a168ec191013b636c2f278aec04e724b?s=96&d=mm&r=g","contentUrl":"https:\/\/secure.gravatar.com\/avatar\/a168ec191013b636c2f278aec04e724b?s=96&d=mm&r=g","caption":"Robert"},"sameAs":["https:\/\/www.viaromana.org\/blog"],"url":"https:\/\/www.viaromana.org\/blog\/author\/anaadmin\/"}]}},"_links":{"self":[{"href":"https:\/\/www.viaromana.org\/blog\/wp-json\/wp\/v2\/posts\/1818"}],"collection":[{"href":"https:\/\/www.viaromana.org\/blog\/wp-json\/wp\/v2\/posts"}],"about":[{"href":"https:\/\/www.viaromana.org\/blog\/wp-json\/wp\/v2\/types\/post"}],"author":[{"embeddable":true,"href":"https:\/\/www.viaromana.org\/blog\/wp-json\/wp\/v2\/users\/1"}],"replies":[{"embeddable":true,"href":"https:\/\/www.viaromana.org\/blog\/wp-json\/wp\/v2\/comments?post=1818"}],"version-history":[{"count":0,"href":"https:\/\/www.viaromana.org\/blog\/wp-json\/wp\/v2\/posts\/1818\/revisions"}],"wp:attachment":[{"href":"https:\/\/www.viaromana.org\/blog\/wp-json\/wp\/v2\/media?parent=1818"}],"wp:term":[{"taxonomy":"category","embeddable":true,"href":"https:\/\/www.viaromana.org\/blog\/wp-json\/wp\/v2\/categories?post=1818"},{"taxonomy":"post_tag","embeddable":true,"href":"https:\/\/www.viaromana.org\/blog\/wp-json\/wp\/v2\/tags?post=1818"}],"curies":[{"name":"wp","href":"https:\/\/api.w.org\/{rel}","templated":true}]}}