{"id":1815,"date":"2024-11-13T08:55:00","date_gmt":"2024-11-13T07:55:00","guid":{"rendered":"https:\/\/www.site.cdcl.xyz\/2024\/11\/13\/leglise-de-villedieu-redecouvre-sa-fresque-dans-la-voute-de-labside\/"},"modified":"2024-11-13T08:55:00","modified_gmt":"2024-11-13T07:55:00","slug":"leglise-de-villedieu-redecouvre-sa-fresque-dans-la-voute-de-labside","status":"publish","type":"post","link":"https:\/\/www.viaromana.org\/blog\/leglise-de-villedieu-redecouvre-sa-fresque-dans-la-voute-de-labside\/","title":{"rendered":"l&rsquo;\u00e9glise de Villedieu red\u00e9couvre sa fresque dans la vo\u00fbte de l&rsquo;abside"},"content":{"rendered":"<div data-testid=\"contenu-article\">\n<p>Sur la route de Tours vers Ch\u00e2teauroux, on ne peut pas la louper. L&rsquo;\u00e9glise Saint-S\u00e9bastien se remarque de loin. Non par sa majest\u00e9, bien que cet \u00e9difice de style roman datant du 11<sup>e<\/sup> si\u00e8cle poss\u00e8de un certain cachet, mais \u00e0 cause de l&rsquo;inscription peinte depuis 1884 sur son fronton : R\u00e9publique Fran\u00e7aise, en lettres capitales.<\/p>\n<p>Une signature due au conseil municipal de l&rsquo;\u00e9poque qui a ainsi fait payer au dioc\u00e8se l&rsquo;extension de l&rsquo;\u00e9glise sur le domaine public. Elle ressort encore davantage depuis l&rsquo;ach\u00e8vement des travaux de r\u00e9novation de l&rsquo;ext\u00e9rieur de l&rsquo;\u00e9glise qui se sont d\u00e9ploy\u00e9s, de 2016 \u00e0 2022, pour un montant total de 2,2 millions d&rsquo;euros.<\/p>\n<h2>\u00ab Des anciens de la commune m&rsquo;en parlent souvent \u00bb<\/h2>\n<p>Apr\u00e8s l&rsquo;ext\u00e9rieur, la municipalit\u00e9 th\u00e9opolitaine a d\u00e9cid\u00e9 de s&rsquo;int\u00e9resser \u00e0 l&rsquo;int\u00e9rieur de l&rsquo;\u00e9difice afin d&rsquo;y d\u00e9voiler des tr\u00e9sors cach\u00e9s. <em>\u00ab Dans la vo\u00fbte au fond de l&rsquo;abside, on savait depuis un moment qu&rsquo;une fresque \u00e9tait recouverte par une couche de peinture. Des anciens de la commune m&rsquo;en parlent souvent. Celle-ci s&rsquo;\u00e9caillait par endroits laissant appara\u00eetre des morceaux de couleurs \u00bb,<\/em> explique Xavier Elbaz, maire de Villedieu-sur-Indre.<\/p>\n<p>La fresque en question est sign\u00e9e Henri Grandin et a \u00e9t\u00e9 r\u00e9alis\u00e9e en 1883, un an avant la fameuse inscription tr\u00e8s la\u00efque sur le fronton. On y voit une Sainte Vierge, entour\u00e9e d&rsquo;anges avec en toile de fond un soleil chatoyant. Deux salles, deux ambiances\u2026<\/p>\n<p>Mais comme on aime d\u00e9cid\u00e9ment bien la peinture \u00e0 Villedieu, la fresque de Grandin a \u00e9t\u00e9 recouverte d&rsquo;une couche d&rsquo;acrylique au d\u00e9but des ann\u00e9es 70. D\u00e9cennie o\u00f9 la modernit\u00e9 ravageait tout sur son passage.<\/p>\n<div class=\"figure-wrapper \">\n<figure><img decoding=\"async\" alt=\"La municipalit\u00e9 de Villedieu a fait appel \u00e0 un atelier sp\u00e9cialis\u00e9 afin de restaurer la fresque de l'\u00e9glise.\" loading=\"lazy\" width=\"980\" height=\"573\" data-nimg=\"1\" class=\"img-responsive spinner-show\" src=\"https:\/\/www.viaromana.org\/blog\/wp-content\/uploads\/2024\/11\/leglise-de-villedieu-redecouvre-sa-fresque-dans-la-voute-de-labside.jpg\"><figcaption>\n<p><span class=\"fsc-10\">La municipalit\u00e9 de Villedieu a fait appel \u00e0 un atelier sp\u00e9cialis\u00e9 afin de restaurer la fresque de l&rsquo;\u00e9glise.<\/span><br \/><em class=\"fsc-11\"> \u00a9 <!-- -->(Photo NR, P.-YR)<\/em><\/p>\n<\/figcaption><\/figure>\n<\/div>\n<p>Cinquante ans plus tard, signe des temps, le patrimoine culturel a retrouv\u00e9 toute sa place dans le c\u0153ur et l&rsquo;identit\u00e9 des Fran\u00e7ais. \u00c0 Villedieu comme un peu partout ailleurs. <em>\u00ab Nous avons fait appel \u00e0 une soci\u00e9t\u00e9 sp\u00e9cialis\u00e9e, l&rsquo;Atelier Arcoa, et \u00e0 un ma\u00eetre d&rsquo;\u0153uvre, Marc Cioffi, afin de voir si cela valait le coup d&rsquo;engager des travaux \u00bb<\/em>pr\u00e9cise le maire qui, par ailleurs, inaugurera \u00ab sa \u00bb gendarmerie \u00e0 la mi-d\u00e9cembre.<\/p>\n<h2 class=\"intertitre\">76.000 \u20ac de travaux<\/h2>\n<p>Pour 76.000 \u20ac, financ\u00e9s en partie par des subventions de la r\u00e9gion (15 %), du d\u00e9partement (15 %) et du minist\u00e8re de la Culture (30 %), les travaux de restauration de la fresque ont commenc\u00e9 en septembre et sont en voie d&rsquo;ach\u00e8vement. La fresque devrait \u00eatre compl\u00e8tement r\u00e9nov\u00e9e pour les f\u00eates de No\u00ebl.<\/p>\n<p>Les quatre autres vo\u00fbtes, plus petites, de l&rsquo;\u00e9glise Saint-S\u00e9bastien ont \u00e9galement des fresques dissimul\u00e9es derri\u00e8re une couche d&rsquo;acrylique. <em>\u00ab Pour l&rsquo;une d&rsquo;entre elles, on sait d&rsquo;ores et d\u00e9j\u00e0 que ce n&rsquo;est pas r\u00e9cup\u00e9rable \u00e0 cause d&rsquo;infiltrations d&rsquo;eau, <\/em>pr\u00e9cise Xavier Elbaz.<em> Les trois autres, on verra par la suite pour les restaurer. \u00bb<\/em><\/p>\n<p>Pour l&rsquo;instant, les travaux de r\u00e9novation de la mairie sont les plus urgents.<\/p>\n<\/div>\n","protected":false},"excerpt":{"rendered":"<p>Sur la route de Tours vers Ch\u00e2teauroux, on ne peut pas la louper. L&rsquo;\u00e9glise Saint-S\u00e9bastien se remarque de loin. Non par sa majest\u00e9, bien que cet \u00e9difice de style roman datant du 11e si\u00e8cle poss\u00e8de un certain cachet, mais \u00e0 cause de l&rsquo;inscription peinte depuis 1884 sur son fronton : R\u00e9publique Fran\u00e7aise, en lettres capitales. Une signature due au conseil municipal de l&rsquo;\u00e9poque qui a ainsi fait payer au dioc\u00e8se l&rsquo;extension de l&rsquo;\u00e9glise sur le domaine public. Elle ressort encore davantage depuis l&rsquo;ach\u00e8vement des travaux de r\u00e9novation de l&rsquo;ext\u00e9rieur de l&rsquo;\u00e9glise qui se sont d\u00e9ploy\u00e9s, de 2016 \u00e0 2022, pour\u2026<\/p>\n","protected":false},"author":1,"featured_media":0,"comment_status":"closed","ping_status":"closed","sticky":false,"template":"","format":"standard","meta":{"footnotes":""},"categories":[2],"tags":[],"blocksy_meta":{"styles_descriptor":{"styles":{"desktop":"","tablet":"","mobile":""},"google_fonts":[],"version":4}},"yoast_head":"<!-- This site is optimized with the Yoast SEO plugin v21.1 - https:\/\/yoast.com\/wordpress\/plugins\/seo\/ -->\n<title>l&#039;\u00e9glise de Villedieu red\u00e9couvre sa fresque dans la vo\u00fbte de l&#039;abside - Viaromana et arch\u00e9ologie.<\/title>\n<meta name=\"description\" content=\"l&#039;\u00e9glise de Villedieu red\u00e9couvre sa fresque dans la vo\u00fbte de l&#039;abside article de Viaromana et arch\u00e9ologie.\" \/>\n<meta name=\"robots\" content=\"index, follow, max-snippet:-1, max-image-preview:large, max-video-preview:-1\" \/>\n<link rel=\"canonical\" href=\"https:\/\/www.viaromana.org\/blog\/leglise-de-villedieu-redecouvre-sa-fresque-dans-la-voute-de-labside\/\" \/>\n<meta property=\"og:locale\" content=\"fr_FR\" \/>\n<meta property=\"og:type\" content=\"article\" \/>\n<meta property=\"og:title\" content=\"l&#039;\u00e9glise de Villedieu red\u00e9couvre sa fresque dans la vo\u00fbte de l&#039;abside - Viaromana et arch\u00e9ologie.\" \/>\n<meta property=\"og:description\" content=\"l&#039;\u00e9glise de Villedieu red\u00e9couvre sa fresque dans la vo\u00fbte de l&#039;abside article de Viaromana et arch\u00e9ologie.\" \/>\n<meta property=\"og:url\" content=\"https:\/\/www.viaromana.org\/blog\/leglise-de-villedieu-redecouvre-sa-fresque-dans-la-voute-de-labside\/\" \/>\n<meta property=\"og:site_name\" content=\"Viaromana et arch\u00e9ologie.\" \/>\n<meta property=\"article:published_time\" content=\"2024-11-13T07:55:00+00:00\" \/>\n<meta property=\"og:image\" content=\"https:\/\/www.viaromana.org\/blog\/wp-content\/uploads\/2024\/11\/leglise-de-villedieu-redecouvre-sa-fresque-dans-la-voute-de-labside.jpg\" \/>\n<meta name=\"author\" content=\"Robert\" \/>\n<meta name=\"twitter:card\" content=\"summary_large_image\" \/>\n<meta name=\"twitter:label1\" content=\"\u00c9crit par\" \/>\n\t<meta name=\"twitter:data1\" content=\"Robert\" \/>\n\t<meta name=\"twitter:label2\" content=\"Dur\u00e9e de lecture estim\u00e9e\" \/>\n\t<meta name=\"twitter:data2\" content=\"3 minutes\" \/>\n<script type=\"application\/ld+json\" class=\"yoast-schema-graph\">{\"@context\":\"https:\/\/schema.org\",\"@graph\":[{\"@type\":\"Article\",\"@id\":\"https:\/\/www.viaromana.org\/blog\/leglise-de-villedieu-redecouvre-sa-fresque-dans-la-voute-de-labside\/#article\",\"isPartOf\":{\"@id\":\"https:\/\/www.viaromana.org\/blog\/leglise-de-villedieu-redecouvre-sa-fresque-dans-la-voute-de-labside\/\"},\"author\":{\"name\":\"Robert\",\"@id\":\"https:\/\/www.viaromana.org\/blog\/#\/schema\/person\/cde9c4655845091e1fe473fcd163c889\"},\"headline\":\"l&rsquo;\u00e9glise de Villedieu red\u00e9couvre sa fresque dans la vo\u00fbte de l&rsquo;abside\",\"datePublished\":\"2024-11-13T07:55:00+00:00\",\"dateModified\":\"2024-11-13T07:55:00+00:00\",\"mainEntityOfPage\":{\"@id\":\"https:\/\/www.viaromana.org\/blog\/leglise-de-villedieu-redecouvre-sa-fresque-dans-la-voute-de-labside\/\"},\"wordCount\":556,\"publisher\":{\"@id\":\"https:\/\/www.viaromana.org\/blog\/#organization\"},\"articleSection\":[\"Arch\u00e9ologie\"],\"inLanguage\":\"fr-FR\"},{\"@type\":\"WebPage\",\"@id\":\"https:\/\/www.viaromana.org\/blog\/leglise-de-villedieu-redecouvre-sa-fresque-dans-la-voute-de-labside\/\",\"url\":\"https:\/\/www.viaromana.org\/blog\/leglise-de-villedieu-redecouvre-sa-fresque-dans-la-voute-de-labside\/\",\"name\":\"l'\u00e9glise de Villedieu red\u00e9couvre sa fresque dans la vo\u00fbte de l'abside - Viaromana et arch\u00e9ologie.\",\"isPartOf\":{\"@id\":\"https:\/\/www.viaromana.org\/blog\/#website\"},\"datePublished\":\"2024-11-13T07:55:00+00:00\",\"dateModified\":\"2024-11-13T07:55:00+00:00\",\"description\":\"l'\u00e9glise de Villedieu red\u00e9couvre sa fresque dans la vo\u00fbte de l'abside article de Viaromana et arch\u00e9ologie.\",\"breadcrumb\":{\"@id\":\"https:\/\/www.viaromana.org\/blog\/leglise-de-villedieu-redecouvre-sa-fresque-dans-la-voute-de-labside\/#breadcrumb\"},\"inLanguage\":\"fr-FR\",\"potentialAction\":[{\"@type\":\"ReadAction\",\"target\":[\"https:\/\/www.viaromana.org\/blog\/leglise-de-villedieu-redecouvre-sa-fresque-dans-la-voute-de-labside\/\"]}]},{\"@type\":\"BreadcrumbList\",\"@id\":\"https:\/\/www.viaromana.org\/blog\/leglise-de-villedieu-redecouvre-sa-fresque-dans-la-voute-de-labside\/#breadcrumb\",\"itemListElement\":[{\"@type\":\"ListItem\",\"position\":1,\"name\":\"Accueil\",\"item\":\"https:\/\/www.viaromana.org\/blog\/\"},{\"@type\":\"ListItem\",\"position\":2,\"name\":\"l&rsquo;\u00e9glise de Villedieu red\u00e9couvre sa fresque dans la vo\u00fbte de l&rsquo;abside\"}]},{\"@type\":\"WebSite\",\"@id\":\"https:\/\/www.viaromana.org\/blog\/#website\",\"url\":\"https:\/\/www.viaromana.org\/blog\/\",\"name\":\"Viaromana et arch\u00e9ologie.\",\"description\":\"Site arch\u00e9ologique de la voie romaine (viaromana) Belgique-France-Rome\",\"publisher\":{\"@id\":\"https:\/\/www.viaromana.org\/blog\/#organization\"},\"potentialAction\":[{\"@type\":\"SearchAction\",\"target\":{\"@type\":\"EntryPoint\",\"urlTemplate\":\"https:\/\/www.viaromana.org\/blog\/?s={search_term_string}\"},\"query-input\":\"required name=search_term_string\"}],\"inLanguage\":\"fr-FR\"},{\"@type\":\"Organization\",\"@id\":\"https:\/\/www.viaromana.org\/blog\/#organization\",\"name\":\"viaromana\",\"url\":\"https:\/\/www.viaromana.org\/blog\/\",\"logo\":{\"@type\":\"ImageObject\",\"inLanguage\":\"fr-FR\",\"@id\":\"https:\/\/www.viaromana.org\/blog\/#\/schema\/logo\/image\/\",\"url\":\"https:\/\/www.viaromana.org\/blog\/wp-content\/uploads\/2021\/12\/logo-3.png\",\"contentUrl\":\"https:\/\/www.viaromana.org\/blog\/wp-content\/uploads\/2021\/12\/logo-3.png\",\"width\":300,\"height\":249,\"caption\":\"viaromana\"},\"image\":{\"@id\":\"https:\/\/www.viaromana.org\/blog\/#\/schema\/logo\/image\/\"}},{\"@type\":\"Person\",\"@id\":\"https:\/\/www.viaromana.org\/blog\/#\/schema\/person\/cde9c4655845091e1fe473fcd163c889\",\"name\":\"Robert\",\"image\":{\"@type\":\"ImageObject\",\"inLanguage\":\"fr-FR\",\"@id\":\"https:\/\/www.viaromana.org\/blog\/#\/schema\/person\/image\/\",\"url\":\"https:\/\/secure.gravatar.com\/avatar\/a168ec191013b636c2f278aec04e724b?s=96&d=mm&r=g\",\"contentUrl\":\"https:\/\/secure.gravatar.com\/avatar\/a168ec191013b636c2f278aec04e724b?s=96&d=mm&r=g\",\"caption\":\"Robert\"},\"sameAs\":[\"https:\/\/www.viaromana.org\/blog\"],\"url\":\"https:\/\/www.viaromana.org\/blog\/author\/anaadmin\/\"}]}<\/script>\n<!-- \/ Yoast SEO plugin. -->","yoast_head_json":{"title":"l'\u00e9glise de Villedieu red\u00e9couvre sa fresque dans la vo\u00fbte de l'abside - Viaromana et arch\u00e9ologie.","description":"l'\u00e9glise de Villedieu red\u00e9couvre sa fresque dans la vo\u00fbte de l'abside article de Viaromana et arch\u00e9ologie.","robots":{"index":"index","follow":"follow","max-snippet":"max-snippet:-1","max-image-preview":"max-image-preview:large","max-video-preview":"max-video-preview:-1"},"canonical":"https:\/\/www.viaromana.org\/blog\/leglise-de-villedieu-redecouvre-sa-fresque-dans-la-voute-de-labside\/","og_locale":"fr_FR","og_type":"article","og_title":"l'\u00e9glise de Villedieu red\u00e9couvre sa fresque dans la vo\u00fbte de l'abside - Viaromana et arch\u00e9ologie.","og_description":"l'\u00e9glise de Villedieu red\u00e9couvre sa fresque dans la vo\u00fbte de l'abside article de Viaromana et arch\u00e9ologie.","og_url":"https:\/\/www.viaromana.org\/blog\/leglise-de-villedieu-redecouvre-sa-fresque-dans-la-voute-de-labside\/","og_site_name":"Viaromana et arch\u00e9ologie.","article_published_time":"2024-11-13T07:55:00+00:00","og_image":[{"url":"https:\/\/www.viaromana.org\/blog\/wp-content\/uploads\/2024\/11\/leglise-de-villedieu-redecouvre-sa-fresque-dans-la-voute-de-labside.jpg"}],"author":"Robert","twitter_card":"summary_large_image","twitter_misc":{"\u00c9crit par":"Robert","Dur\u00e9e de lecture estim\u00e9e":"3 minutes"},"schema":{"@context":"https:\/\/schema.org","@graph":[{"@type":"Article","@id":"https:\/\/www.viaromana.org\/blog\/leglise-de-villedieu-redecouvre-sa-fresque-dans-la-voute-de-labside\/#article","isPartOf":{"@id":"https:\/\/www.viaromana.org\/blog\/leglise-de-villedieu-redecouvre-sa-fresque-dans-la-voute-de-labside\/"},"author":{"name":"Robert","@id":"https:\/\/www.viaromana.org\/blog\/#\/schema\/person\/cde9c4655845091e1fe473fcd163c889"},"headline":"l&rsquo;\u00e9glise de Villedieu red\u00e9couvre sa fresque dans la vo\u00fbte de l&rsquo;abside","datePublished":"2024-11-13T07:55:00+00:00","dateModified":"2024-11-13T07:55:00+00:00","mainEntityOfPage":{"@id":"https:\/\/www.viaromana.org\/blog\/leglise-de-villedieu-redecouvre-sa-fresque-dans-la-voute-de-labside\/"},"wordCount":556,"publisher":{"@id":"https:\/\/www.viaromana.org\/blog\/#organization"},"articleSection":["Arch\u00e9ologie"],"inLanguage":"fr-FR"},{"@type":"WebPage","@id":"https:\/\/www.viaromana.org\/blog\/leglise-de-villedieu-redecouvre-sa-fresque-dans-la-voute-de-labside\/","url":"https:\/\/www.viaromana.org\/blog\/leglise-de-villedieu-redecouvre-sa-fresque-dans-la-voute-de-labside\/","name":"l'\u00e9glise de Villedieu red\u00e9couvre sa fresque dans la vo\u00fbte de l'abside - Viaromana et arch\u00e9ologie.","isPartOf":{"@id":"https:\/\/www.viaromana.org\/blog\/#website"},"datePublished":"2024-11-13T07:55:00+00:00","dateModified":"2024-11-13T07:55:00+00:00","description":"l'\u00e9glise de Villedieu red\u00e9couvre sa fresque dans la vo\u00fbte de l'abside article de Viaromana et arch\u00e9ologie.","breadcrumb":{"@id":"https:\/\/www.viaromana.org\/blog\/leglise-de-villedieu-redecouvre-sa-fresque-dans-la-voute-de-labside\/#breadcrumb"},"inLanguage":"fr-FR","potentialAction":[{"@type":"ReadAction","target":["https:\/\/www.viaromana.org\/blog\/leglise-de-villedieu-redecouvre-sa-fresque-dans-la-voute-de-labside\/"]}]},{"@type":"BreadcrumbList","@id":"https:\/\/www.viaromana.org\/blog\/leglise-de-villedieu-redecouvre-sa-fresque-dans-la-voute-de-labside\/#breadcrumb","itemListElement":[{"@type":"ListItem","position":1,"name":"Accueil","item":"https:\/\/www.viaromana.org\/blog\/"},{"@type":"ListItem","position":2,"name":"l&rsquo;\u00e9glise de Villedieu red\u00e9couvre sa fresque dans la vo\u00fbte de l&rsquo;abside"}]},{"@type":"WebSite","@id":"https:\/\/www.viaromana.org\/blog\/#website","url":"https:\/\/www.viaromana.org\/blog\/","name":"Viaromana et arch\u00e9ologie.","description":"Site arch\u00e9ologique de la voie romaine (viaromana) Belgique-France-Rome","publisher":{"@id":"https:\/\/www.viaromana.org\/blog\/#organization"},"potentialAction":[{"@type":"SearchAction","target":{"@type":"EntryPoint","urlTemplate":"https:\/\/www.viaromana.org\/blog\/?s={search_term_string}"},"query-input":"required name=search_term_string"}],"inLanguage":"fr-FR"},{"@type":"Organization","@id":"https:\/\/www.viaromana.org\/blog\/#organization","name":"viaromana","url":"https:\/\/www.viaromana.org\/blog\/","logo":{"@type":"ImageObject","inLanguage":"fr-FR","@id":"https:\/\/www.viaromana.org\/blog\/#\/schema\/logo\/image\/","url":"https:\/\/www.viaromana.org\/blog\/wp-content\/uploads\/2021\/12\/logo-3.png","contentUrl":"https:\/\/www.viaromana.org\/blog\/wp-content\/uploads\/2021\/12\/logo-3.png","width":300,"height":249,"caption":"viaromana"},"image":{"@id":"https:\/\/www.viaromana.org\/blog\/#\/schema\/logo\/image\/"}},{"@type":"Person","@id":"https:\/\/www.viaromana.org\/blog\/#\/schema\/person\/cde9c4655845091e1fe473fcd163c889","name":"Robert","image":{"@type":"ImageObject","inLanguage":"fr-FR","@id":"https:\/\/www.viaromana.org\/blog\/#\/schema\/person\/image\/","url":"https:\/\/secure.gravatar.com\/avatar\/a168ec191013b636c2f278aec04e724b?s=96&d=mm&r=g","contentUrl":"https:\/\/secure.gravatar.com\/avatar\/a168ec191013b636c2f278aec04e724b?s=96&d=mm&r=g","caption":"Robert"},"sameAs":["https:\/\/www.viaromana.org\/blog"],"url":"https:\/\/www.viaromana.org\/blog\/author\/anaadmin\/"}]}},"_links":{"self":[{"href":"https:\/\/www.viaromana.org\/blog\/wp-json\/wp\/v2\/posts\/1815"}],"collection":[{"href":"https:\/\/www.viaromana.org\/blog\/wp-json\/wp\/v2\/posts"}],"about":[{"href":"https:\/\/www.viaromana.org\/blog\/wp-json\/wp\/v2\/types\/post"}],"author":[{"embeddable":true,"href":"https:\/\/www.viaromana.org\/blog\/wp-json\/wp\/v2\/users\/1"}],"replies":[{"embeddable":true,"href":"https:\/\/www.viaromana.org\/blog\/wp-json\/wp\/v2\/comments?post=1815"}],"version-history":[{"count":0,"href":"https:\/\/www.viaromana.org\/blog\/wp-json\/wp\/v2\/posts\/1815\/revisions"}],"wp:attachment":[{"href":"https:\/\/www.viaromana.org\/blog\/wp-json\/wp\/v2\/media?parent=1815"}],"wp:term":[{"taxonomy":"category","embeddable":true,"href":"https:\/\/www.viaromana.org\/blog\/wp-json\/wp\/v2\/categories?post=1815"},{"taxonomy":"post_tag","embeddable":true,"href":"https:\/\/www.viaromana.org\/blog\/wp-json\/wp\/v2\/tags?post=1815"}],"curies":[{"name":"wp","href":"https:\/\/api.w.org\/{rel}","templated":true}]}}