{"id":1813,"date":"2024-11-07T08:12:00","date_gmt":"2024-11-07T07:12:00","guid":{"rendered":"https:\/\/www.site.cdcl.xyz\/2024\/11\/07\/10-millions-deuros-et-5-ans-dengagements-pour-la-restauration-de-notre-dame-de-paris\/"},"modified":"2024-11-07T08:12:00","modified_gmt":"2024-11-07T07:12:00","slug":"10-millions-deuros-et-5-ans-dengagements-pour-la-restauration-de-notre-dame-de-paris","status":"publish","type":"post","link":"https:\/\/www.viaromana.org\/blog\/10-millions-deuros-et-5-ans-dengagements-pour-la-restauration-de-notre-dame-de-paris\/","title":{"rendered":"10 millions d&rsquo;euros et 5 ans d&rsquo;engagements pour la restauration de Notre-Dame de Paris"},"content":{"rendered":"<div>\n<h5>10 millions d&rsquo;euros d\u00e9bloqu\u00e9s rapidement<\/h5>\n<p>D\u00e8s l&rsquo;apparition de la catastrophe, Val\u00e9rie P\u00e9cresse a annonc\u00e9 que la R\u00e9gion \u00cele-de-France contribuerait \u00e0 la reconstruction et \u00e0 la restauration de Notre-Dame de Paris, le monument le plus visit\u00e9 d&rsquo;Europe et qui fait partie de l&rsquo;identit\u00e9 de la R\u00e9gion et de son patrimoine, en lui consacrant une subvention exceptionnelle de 10 millions d&rsquo;euros. Le 22 novembre 2019, le versement de 10 millions d&rsquo;euros a \u00e9t\u00e9 d\u00e9finitivement vot\u00e9 par les \u00e9lus d&rsquo;\u00cele-de-France au profit de la Fondation Notre-Dame.<\/p>\n<h5>60 ch\u00eanes franciliens donn\u00e9s par la R\u00e9gion pour la reconstruction de Notre-Dame<\/h5>\n<p>En compl\u00e9ment, la R\u00e9gion \u00cele-de-France et \u00cele-de-France Nature, gestionnaire de plus de 10.000 hectares de for\u00eats r\u00e9gionales, ont annonc\u00e9 en avril 2019 faire un don de 60 ch\u00eanes pour restaurer la charpente et la fl\u00e8che de la cath\u00e9drale.<\/p>\n<p>Ces arbres appartiennent au patrimoine naturel francilien, dont certains ont plus de 200 ans. De 70 \u00e0 110 centim\u00e8tres de diam\u00e8tre et pouvant atteindre jusqu&rsquo;\u00e0 35 m\u00e8tres de hauteur du pied \u00e0 la cime, ils ont contribu\u00e9 \u00e0 la restauration de la charpente et de la fl\u00e8che. Cette contribution \u00e9quivaut \u00e0 pr\u00e8s d&rsquo;un quart du bois fourni par les collectivit\u00e9s de France. Toutes proviennent des for\u00eats r\u00e9gionales franciliennes et plus particuli\u00e8rement de celle de Ferri\u00e8res, en Seine-et-Marne (77). Le plan d&rsquo;am\u00e9nagement de cette for\u00eat pr\u00e9voyait la mise \u00e0 terre de ch\u00eanes, dans le cadre d&rsquo;une gestion durable et d&rsquo;une r\u00e9g\u00e9n\u00e9ration naturelle des boisements. Avant d&rsquo;\u00eatre pris en main par les compagnons charpentiers, ils ont n\u00e9cessairement la coordination de corps de m\u00e9tier et d&rsquo;artisans \u00e0 la pointe de leur savoir-faire (marteleurs, \u00e9houpeurs, \u00e9lageurs, abatteurs, d\u00e9bardeurs\u2026).<\/p>\n<h5>L&rsquo;am\u00e9nagement d&rsquo;un \u00ab sentier Notre-Dame \u00bb en for\u00eat de Ferri\u00e8res<\/h5>\n<p>La R\u00e9gion \u00cele-de-France a souhait\u00e9 mettre en valeur la fili\u00e8re foresti\u00e8re en am\u00e9nageant un sentier p\u00e9dagogique dit \u00ab Notre-Dame \u00bb en for\u00eat de Ferri\u00e8res, qui sera ouvert au printemps 2025. Ce sentier, d&rsquo;une distance de 2,5 km , sera ponctu\u00e9 de 10 \u00e9tapes, pour permettre au public de d\u00e9couvrir toutes les \u00e9tapes de la reconstruction de la charpente de l&rsquo;\u00e9difice. Il permettra notamment de valoriser la fili\u00e8re amont et en particulier la gestion foresti\u00e8re poursuivie par \u00cele-de-France Nature avec la mise en \u0153uvre de la Sylviculture Mixte \u00e0 couvert Continu (SMCC), de valoriser le plus beau ch\u00eane dont la grume a servi \u00e0 la reconstruction de la fl\u00e8che de Notre-Dame, ainsi que la fili\u00e8re aval. Cet am\u00e9nagement s&rsquo;appuie sur les compagnons du devoir qui construiront dans les prochains mois un kiosque en utilisant le bois de la for\u00eat r\u00e9gionale pour prot\u00e9ger et mettre en valeur la souche. <\/p>\n<h5>Soutien \u00e0 l&rsquo;association Musique Sacr\u00e9e \u00e0 Notre-Dame de Paris<\/h5>\n<p>L&rsquo;association Musique Sacr\u00e9e \u00e0 Notre-Dame de Paris (ma\u00eetrise de Notre-Dame-de-Paris) assure notamment un enseignement complet dans le domaine du chant soliste et choral, de l&rsquo;initiation \u00e0 la formation professionnelle. Elle est compos\u00e9e de la pr\u00e9-Ma\u00eetrise, du Ch\u0153ur Pr\u00e9paratoire, du Ch\u0153ur d&rsquo;enfants, du Jeune Ensemble et du Ch\u0153ur d&rsquo;adultes qui se produisent r\u00e9guli\u00e8rement en concerts. Frapp\u00e9e par l&rsquo;incendie de la cath\u00e9drale le 15 avril 2019, la ma\u00eetrise se produit hors les murs depuis cette date. Dans ce contexte, la R\u00e9gion a souhait\u00e9 venir en aide financi\u00e8rement \u00e0 l&rsquo;association et soutenir les programmations artistiques franciliennes de la Ma\u00eetrise. <\/p>\n<h5>Soutien aux m\u00e9tiers d&rsquo;art<\/h5>\n<p>En mati\u00e8re d&#8217;emploi et de formation, la R\u00e9gion \u00cele-de-France a tenu \u00e0 soutenir la \u00ab Cath\u00e9drale des m\u00e9tiers \u00bb. Ce rendez-vous de l&#8217;emploi sp\u00e9cial artisanat d&rsquo;art, qui s&rsquo;est tenu \u00e0 Bois-Colombes (92) en novembre 2019, \u00e9tait sp\u00e9cialement organis\u00e9 pour susciter des vocations parmi les jeunes et faire en sorte que l&rsquo;\u00cele-de -France dispose de tous les artisans n\u00e9cessaires \u00e0 la reconstruction de Notre-Dame de Paris le moment venu. La R\u00e9gion a d&rsquo;ailleurs soutenu des entreprises franciliennes ayant particip\u00e9 \u00e0 la reconstruction de Notre-Dame, comme la PME PierreNoel, une entreprise sp\u00e9cialis\u00e9e dans la restauration des monuments historiques et le patrimoine b\u00e2ti d&rsquo;exception depuis 1994.<\/p>\n<h6><em>Soutien de la R\u00e9gion \u00cele-de-France au patrimoine religieux : <\/em><\/h6>\n<p><em>Depuis 2016, la R\u00e9gion Ile-de-France a financ\u00e9 354 projets de restauration pour le patrimoine religieux francilien dans sa globalit\u00e9, pour pr\u00e8s de 45M d&rsquo;euros. Parmi ces projets, la R\u00e9gion a financ\u00e9 la restauration de 300 \u00e9glises et chapelles dont plusieurs class\u00e9es Monuments Historique, telle que l&rsquo;\u00e9glise Saint-Germain Saint-Laurent en Seine-et-Marne (77) dont la R\u00e9gion a financ\u00e9 les travaux d&rsquo; urgence afin de sauver l&rsquo;\u00e9difice, mais aussi Notre Dame de V\u00e9theuil dans le Val d&rsquo;Oise (95). <\/em><\/p>\n<\/p><\/div>\n","protected":false},"excerpt":{"rendered":"<p>10 millions d&rsquo;euros d\u00e9bloqu\u00e9s rapidement D\u00e8s l&rsquo;apparition de la catastrophe, Val\u00e9rie P\u00e9cresse a annonc\u00e9 que la R\u00e9gion \u00cele-de-France contribuerait \u00e0 la reconstruction et \u00e0 la restauration de Notre-Dame de Paris, le monument le plus visit\u00e9 d&rsquo;Europe et qui fait partie de l&rsquo;identit\u00e9 de la R\u00e9gion et de son patrimoine, en lui consacrant une subvention exceptionnelle de 10 millions d&rsquo;euros. Le 22 novembre 2019, le versement de 10 millions d&rsquo;euros a \u00e9t\u00e9 d\u00e9finitivement vot\u00e9 par les \u00e9lus d&rsquo;\u00cele-de-France au profit de la Fondation Notre-Dame. 60 ch\u00eanes franciliens donn\u00e9s par la R\u00e9gion pour la reconstruction de Notre-Dame En compl\u00e9ment, la R\u00e9gion \u00cele-de-France\u2026<\/p>\n","protected":false},"author":1,"featured_media":0,"comment_status":"closed","ping_status":"closed","sticky":false,"template":"","format":"standard","meta":{"footnotes":""},"categories":[2],"tags":[],"blocksy_meta":{"styles_descriptor":{"styles":{"desktop":"","tablet":"","mobile":""},"google_fonts":[],"version":4}},"yoast_head":"<!-- This site is optimized with the Yoast SEO plugin v21.1 - https:\/\/yoast.com\/wordpress\/plugins\/seo\/ -->\n<title>10 millions d&#039;euros et 5 ans d&#039;engagements pour la restauration de Notre-Dame de Paris - Viaromana et arch\u00e9ologie.<\/title>\n<meta name=\"description\" content=\"10 millions d&#039;euros et 5 ans d&#039;engagements pour la restauration de Notre-Dame de Paris article de Viaromana et arch\u00e9ologie.\" \/>\n<meta name=\"robots\" content=\"index, follow, max-snippet:-1, max-image-preview:large, max-video-preview:-1\" \/>\n<link rel=\"canonical\" href=\"https:\/\/www.viaromana.org\/blog\/10-millions-deuros-et-5-ans-dengagements-pour-la-restauration-de-notre-dame-de-paris\/\" \/>\n<meta property=\"og:locale\" content=\"fr_FR\" \/>\n<meta property=\"og:type\" content=\"article\" \/>\n<meta property=\"og:title\" content=\"10 millions d&#039;euros et 5 ans d&#039;engagements pour la restauration de Notre-Dame de Paris - Viaromana et arch\u00e9ologie.\" \/>\n<meta property=\"og:description\" content=\"10 millions d&#039;euros et 5 ans d&#039;engagements pour la restauration de Notre-Dame de Paris article de Viaromana et arch\u00e9ologie.\" \/>\n<meta property=\"og:url\" content=\"https:\/\/www.viaromana.org\/blog\/10-millions-deuros-et-5-ans-dengagements-pour-la-restauration-de-notre-dame-de-paris\/\" \/>\n<meta property=\"og:site_name\" content=\"Viaromana et arch\u00e9ologie.\" \/>\n<meta property=\"article:published_time\" content=\"2024-11-07T07:12:00+00:00\" \/>\n<meta name=\"author\" content=\"Robert\" \/>\n<meta name=\"twitter:card\" content=\"summary_large_image\" \/>\n<meta name=\"twitter:label1\" content=\"\u00c9crit par\" \/>\n\t<meta name=\"twitter:data1\" content=\"Robert\" \/>\n\t<meta name=\"twitter:label2\" content=\"Dur\u00e9e de lecture estim\u00e9e\" \/>\n\t<meta name=\"twitter:data2\" content=\"4 minutes\" \/>\n<script type=\"application\/ld+json\" class=\"yoast-schema-graph\">{\"@context\":\"https:\/\/schema.org\",\"@graph\":[{\"@type\":\"Article\",\"@id\":\"https:\/\/www.viaromana.org\/blog\/10-millions-deuros-et-5-ans-dengagements-pour-la-restauration-de-notre-dame-de-paris\/#article\",\"isPartOf\":{\"@id\":\"https:\/\/www.viaromana.org\/blog\/10-millions-deuros-et-5-ans-dengagements-pour-la-restauration-de-notre-dame-de-paris\/\"},\"author\":{\"name\":\"Robert\",\"@id\":\"https:\/\/www.viaromana.org\/blog\/#\/schema\/person\/cde9c4655845091e1fe473fcd163c889\"},\"headline\":\"10 millions d&rsquo;euros et 5 ans d&rsquo;engagements pour la restauration de Notre-Dame de Paris\",\"datePublished\":\"2024-11-07T07:12:00+00:00\",\"dateModified\":\"2024-11-07T07:12:00+00:00\",\"mainEntityOfPage\":{\"@id\":\"https:\/\/www.viaromana.org\/blog\/10-millions-deuros-et-5-ans-dengagements-pour-la-restauration-de-notre-dame-de-paris\/\"},\"wordCount\":812,\"publisher\":{\"@id\":\"https:\/\/www.viaromana.org\/blog\/#organization\"},\"articleSection\":[\"Arch\u00e9ologie\"],\"inLanguage\":\"fr-FR\"},{\"@type\":\"WebPage\",\"@id\":\"https:\/\/www.viaromana.org\/blog\/10-millions-deuros-et-5-ans-dengagements-pour-la-restauration-de-notre-dame-de-paris\/\",\"url\":\"https:\/\/www.viaromana.org\/blog\/10-millions-deuros-et-5-ans-dengagements-pour-la-restauration-de-notre-dame-de-paris\/\",\"name\":\"10 millions d'euros et 5 ans d'engagements pour la restauration de Notre-Dame de Paris - Viaromana et arch\u00e9ologie.\",\"isPartOf\":{\"@id\":\"https:\/\/www.viaromana.org\/blog\/#website\"},\"datePublished\":\"2024-11-07T07:12:00+00:00\",\"dateModified\":\"2024-11-07T07:12:00+00:00\",\"description\":\"10 millions d'euros et 5 ans d'engagements pour la restauration de Notre-Dame de Paris article de Viaromana et arch\u00e9ologie.\",\"breadcrumb\":{\"@id\":\"https:\/\/www.viaromana.org\/blog\/10-millions-deuros-et-5-ans-dengagements-pour-la-restauration-de-notre-dame-de-paris\/#breadcrumb\"},\"inLanguage\":\"fr-FR\",\"potentialAction\":[{\"@type\":\"ReadAction\",\"target\":[\"https:\/\/www.viaromana.org\/blog\/10-millions-deuros-et-5-ans-dengagements-pour-la-restauration-de-notre-dame-de-paris\/\"]}]},{\"@type\":\"BreadcrumbList\",\"@id\":\"https:\/\/www.viaromana.org\/blog\/10-millions-deuros-et-5-ans-dengagements-pour-la-restauration-de-notre-dame-de-paris\/#breadcrumb\",\"itemListElement\":[{\"@type\":\"ListItem\",\"position\":1,\"name\":\"Accueil\",\"item\":\"https:\/\/www.viaromana.org\/blog\/\"},{\"@type\":\"ListItem\",\"position\":2,\"name\":\"10 millions d&rsquo;euros et 5 ans d&rsquo;engagements pour la restauration de Notre-Dame de Paris\"}]},{\"@type\":\"WebSite\",\"@id\":\"https:\/\/www.viaromana.org\/blog\/#website\",\"url\":\"https:\/\/www.viaromana.org\/blog\/\",\"name\":\"Viaromana et arch\u00e9ologie.\",\"description\":\"Site arch\u00e9ologique de la voie romaine (viaromana) Belgique-France-Rome\",\"publisher\":{\"@id\":\"https:\/\/www.viaromana.org\/blog\/#organization\"},\"potentialAction\":[{\"@type\":\"SearchAction\",\"target\":{\"@type\":\"EntryPoint\",\"urlTemplate\":\"https:\/\/www.viaromana.org\/blog\/?s={search_term_string}\"},\"query-input\":\"required name=search_term_string\"}],\"inLanguage\":\"fr-FR\"},{\"@type\":\"Organization\",\"@id\":\"https:\/\/www.viaromana.org\/blog\/#organization\",\"name\":\"viaromana\",\"url\":\"https:\/\/www.viaromana.org\/blog\/\",\"logo\":{\"@type\":\"ImageObject\",\"inLanguage\":\"fr-FR\",\"@id\":\"https:\/\/www.viaromana.org\/blog\/#\/schema\/logo\/image\/\",\"url\":\"https:\/\/www.viaromana.org\/blog\/wp-content\/uploads\/2021\/12\/logo-3.png\",\"contentUrl\":\"https:\/\/www.viaromana.org\/blog\/wp-content\/uploads\/2021\/12\/logo-3.png\",\"width\":300,\"height\":249,\"caption\":\"viaromana\"},\"image\":{\"@id\":\"https:\/\/www.viaromana.org\/blog\/#\/schema\/logo\/image\/\"}},{\"@type\":\"Person\",\"@id\":\"https:\/\/www.viaromana.org\/blog\/#\/schema\/person\/cde9c4655845091e1fe473fcd163c889\",\"name\":\"Robert\",\"image\":{\"@type\":\"ImageObject\",\"inLanguage\":\"fr-FR\",\"@id\":\"https:\/\/www.viaromana.org\/blog\/#\/schema\/person\/image\/\",\"url\":\"https:\/\/secure.gravatar.com\/avatar\/a168ec191013b636c2f278aec04e724b?s=96&d=mm&r=g\",\"contentUrl\":\"https:\/\/secure.gravatar.com\/avatar\/a168ec191013b636c2f278aec04e724b?s=96&d=mm&r=g\",\"caption\":\"Robert\"},\"sameAs\":[\"https:\/\/www.viaromana.org\/blog\"],\"url\":\"https:\/\/www.viaromana.org\/blog\/author\/anaadmin\/\"}]}<\/script>\n<!-- \/ Yoast SEO plugin. -->","yoast_head_json":{"title":"10 millions d'euros et 5 ans d'engagements pour la restauration de Notre-Dame de Paris - Viaromana et arch\u00e9ologie.","description":"10 millions d'euros et 5 ans d'engagements pour la restauration de Notre-Dame de Paris article de Viaromana et arch\u00e9ologie.","robots":{"index":"index","follow":"follow","max-snippet":"max-snippet:-1","max-image-preview":"max-image-preview:large","max-video-preview":"max-video-preview:-1"},"canonical":"https:\/\/www.viaromana.org\/blog\/10-millions-deuros-et-5-ans-dengagements-pour-la-restauration-de-notre-dame-de-paris\/","og_locale":"fr_FR","og_type":"article","og_title":"10 millions d'euros et 5 ans d'engagements pour la restauration de Notre-Dame de Paris - Viaromana et arch\u00e9ologie.","og_description":"10 millions d'euros et 5 ans d'engagements pour la restauration de Notre-Dame de Paris article de Viaromana et arch\u00e9ologie.","og_url":"https:\/\/www.viaromana.org\/blog\/10-millions-deuros-et-5-ans-dengagements-pour-la-restauration-de-notre-dame-de-paris\/","og_site_name":"Viaromana et arch\u00e9ologie.","article_published_time":"2024-11-07T07:12:00+00:00","author":"Robert","twitter_card":"summary_large_image","twitter_misc":{"\u00c9crit par":"Robert","Dur\u00e9e de lecture estim\u00e9e":"4 minutes"},"schema":{"@context":"https:\/\/schema.org","@graph":[{"@type":"Article","@id":"https:\/\/www.viaromana.org\/blog\/10-millions-deuros-et-5-ans-dengagements-pour-la-restauration-de-notre-dame-de-paris\/#article","isPartOf":{"@id":"https:\/\/www.viaromana.org\/blog\/10-millions-deuros-et-5-ans-dengagements-pour-la-restauration-de-notre-dame-de-paris\/"},"author":{"name":"Robert","@id":"https:\/\/www.viaromana.org\/blog\/#\/schema\/person\/cde9c4655845091e1fe473fcd163c889"},"headline":"10 millions d&rsquo;euros et 5 ans d&rsquo;engagements pour la restauration de Notre-Dame de Paris","datePublished":"2024-11-07T07:12:00+00:00","dateModified":"2024-11-07T07:12:00+00:00","mainEntityOfPage":{"@id":"https:\/\/www.viaromana.org\/blog\/10-millions-deuros-et-5-ans-dengagements-pour-la-restauration-de-notre-dame-de-paris\/"},"wordCount":812,"publisher":{"@id":"https:\/\/www.viaromana.org\/blog\/#organization"},"articleSection":["Arch\u00e9ologie"],"inLanguage":"fr-FR"},{"@type":"WebPage","@id":"https:\/\/www.viaromana.org\/blog\/10-millions-deuros-et-5-ans-dengagements-pour-la-restauration-de-notre-dame-de-paris\/","url":"https:\/\/www.viaromana.org\/blog\/10-millions-deuros-et-5-ans-dengagements-pour-la-restauration-de-notre-dame-de-paris\/","name":"10 millions d'euros et 5 ans d'engagements pour la restauration de Notre-Dame de Paris - Viaromana et arch\u00e9ologie.","isPartOf":{"@id":"https:\/\/www.viaromana.org\/blog\/#website"},"datePublished":"2024-11-07T07:12:00+00:00","dateModified":"2024-11-07T07:12:00+00:00","description":"10 millions d'euros et 5 ans d'engagements pour la restauration de Notre-Dame de Paris article de Viaromana et arch\u00e9ologie.","breadcrumb":{"@id":"https:\/\/www.viaromana.org\/blog\/10-millions-deuros-et-5-ans-dengagements-pour-la-restauration-de-notre-dame-de-paris\/#breadcrumb"},"inLanguage":"fr-FR","potentialAction":[{"@type":"ReadAction","target":["https:\/\/www.viaromana.org\/blog\/10-millions-deuros-et-5-ans-dengagements-pour-la-restauration-de-notre-dame-de-paris\/"]}]},{"@type":"BreadcrumbList","@id":"https:\/\/www.viaromana.org\/blog\/10-millions-deuros-et-5-ans-dengagements-pour-la-restauration-de-notre-dame-de-paris\/#breadcrumb","itemListElement":[{"@type":"ListItem","position":1,"name":"Accueil","item":"https:\/\/www.viaromana.org\/blog\/"},{"@type":"ListItem","position":2,"name":"10 millions d&rsquo;euros et 5 ans d&rsquo;engagements pour la restauration de Notre-Dame de Paris"}]},{"@type":"WebSite","@id":"https:\/\/www.viaromana.org\/blog\/#website","url":"https:\/\/www.viaromana.org\/blog\/","name":"Viaromana et arch\u00e9ologie.","description":"Site arch\u00e9ologique de la voie romaine (viaromana) Belgique-France-Rome","publisher":{"@id":"https:\/\/www.viaromana.org\/blog\/#organization"},"potentialAction":[{"@type":"SearchAction","target":{"@type":"EntryPoint","urlTemplate":"https:\/\/www.viaromana.org\/blog\/?s={search_term_string}"},"query-input":"required name=search_term_string"}],"inLanguage":"fr-FR"},{"@type":"Organization","@id":"https:\/\/www.viaromana.org\/blog\/#organization","name":"viaromana","url":"https:\/\/www.viaromana.org\/blog\/","logo":{"@type":"ImageObject","inLanguage":"fr-FR","@id":"https:\/\/www.viaromana.org\/blog\/#\/schema\/logo\/image\/","url":"https:\/\/www.viaromana.org\/blog\/wp-content\/uploads\/2021\/12\/logo-3.png","contentUrl":"https:\/\/www.viaromana.org\/blog\/wp-content\/uploads\/2021\/12\/logo-3.png","width":300,"height":249,"caption":"viaromana"},"image":{"@id":"https:\/\/www.viaromana.org\/blog\/#\/schema\/logo\/image\/"}},{"@type":"Person","@id":"https:\/\/www.viaromana.org\/blog\/#\/schema\/person\/cde9c4655845091e1fe473fcd163c889","name":"Robert","image":{"@type":"ImageObject","inLanguage":"fr-FR","@id":"https:\/\/www.viaromana.org\/blog\/#\/schema\/person\/image\/","url":"https:\/\/secure.gravatar.com\/avatar\/a168ec191013b636c2f278aec04e724b?s=96&d=mm&r=g","contentUrl":"https:\/\/secure.gravatar.com\/avatar\/a168ec191013b636c2f278aec04e724b?s=96&d=mm&r=g","caption":"Robert"},"sameAs":["https:\/\/www.viaromana.org\/blog"],"url":"https:\/\/www.viaromana.org\/blog\/author\/anaadmin\/"}]}},"_links":{"self":[{"href":"https:\/\/www.viaromana.org\/blog\/wp-json\/wp\/v2\/posts\/1813"}],"collection":[{"href":"https:\/\/www.viaromana.org\/blog\/wp-json\/wp\/v2\/posts"}],"about":[{"href":"https:\/\/www.viaromana.org\/blog\/wp-json\/wp\/v2\/types\/post"}],"author":[{"embeddable":true,"href":"https:\/\/www.viaromana.org\/blog\/wp-json\/wp\/v2\/users\/1"}],"replies":[{"embeddable":true,"href":"https:\/\/www.viaromana.org\/blog\/wp-json\/wp\/v2\/comments?post=1813"}],"version-history":[{"count":0,"href":"https:\/\/www.viaromana.org\/blog\/wp-json\/wp\/v2\/posts\/1813\/revisions"}],"wp:attachment":[{"href":"https:\/\/www.viaromana.org\/blog\/wp-json\/wp\/v2\/media?parent=1813"}],"wp:term":[{"taxonomy":"category","embeddable":true,"href":"https:\/\/www.viaromana.org\/blog\/wp-json\/wp\/v2\/categories?post=1813"},{"taxonomy":"post_tag","embeddable":true,"href":"https:\/\/www.viaromana.org\/blog\/wp-json\/wp\/v2\/tags?post=1813"}],"curies":[{"name":"wp","href":"https:\/\/api.w.org\/{rel}","templated":true}]}}