{"id":1812,"date":"2024-10-31T05:12:00","date_gmt":"2024-10-31T04:12:00","guid":{"rendered":"https:\/\/www.site.cdcl.xyz\/2024\/10\/31\/cette-eglise-de-loise-va-profiter-de-travaux-via-la-fondation-du-patrimoine\/"},"modified":"2024-10-31T05:12:00","modified_gmt":"2024-10-31T04:12:00","slug":"cette-eglise-de-loise-va-profiter-de-travaux-via-la-fondation-du-patrimoine","status":"publish","type":"post","link":"https:\/\/www.viaromana.org\/blog\/cette-eglise-de-loise-va-profiter-de-travaux-via-la-fondation-du-patrimoine\/","title":{"rendered":"Cette \u00e9glise de l&rsquo;Oise va profiter de travaux via la Fondation du patrimoine"},"content":{"rendered":"<div>\n<div class=\"ac-article-date\">\n<p> Par<br \/><strong><br \/>R\u00e9daction L&rsquo;Impartial<br \/><\/strong><br \/><span><\/span><\/p>\n<p> Publi\u00e9 le<\/p>\n<p>31 oct. 2024 \u00e0 11h40 <\/p>\n<\/div>\n<p> <span class=\"ac-article-follow__link\" data-trk=\"{&quot;cta&quot;:{&quot;action&quot;:&quot;https:\\\/\\\/actu.fr\\\/mon-actu&quot;,&quot;category&quot;:&quot;mon compte&quot;,&quot;from&quot;:&quot;article header&quot;,&quot;name&quot;:&quot;Voir mon actu&quot;,&quot;type&quot;:&quot;cta&quot;}}\">Voir mon actu<\/span><br \/><button type=\"button\" class=\"ac-btn ac-btn--mini ac-btn--blue ac-icon--star-empty\" data-follow=\"Suivre L'Impartial\" data-unfollow=\"Retirer\">Suivre L&rsquo;Impartial<\/button>\n<\/p>\n<p>Depuis 2022, l&rsquo;\u00e9glise <b>Saint Jean-Baptiste<\/b> de <b>Chaumont en Vexin<\/b> s&rsquo;assainit progressivement, mais l&rsquo;autel de la Vierge a subi des d\u00e9g\u00e2ts li\u00e9s \u00e0 l&rsquo;humidit\u00e9 et se d\u00e9grade rapidement.<\/p>\n<p>On peut noter un d\u00e9tachement du mur du mobilier ainsi qu&rsquo;une d\u00e9gradation du sol.<\/p>\n<p>L&rsquo;ensemble n\u00e9cessitait une restauration rapide.<\/p>\n<p>La <b>Fondation du Patrimoine<\/b> n&rsquo;a pas \u00e9t\u00e9 insensible et a d\u00e9cid\u00e9 de soutenir le projet de r\u00e9fection.<\/p>\n<div>\n<div class=\"ac-article-push\">\n<div class=\"ac-article-push__content\">\n<h3>Un peu d&rsquo;histoire<\/h3>\n<p>L&rsquo;\u00e9glise Saint Jean-Baptiste est un monument class\u00e9, majeur du patrimoine chaumontois. \u00c9difi\u00e9e au XVIe si\u00e8cle, elle occupe un emplacement strat\u00e9gique sur la butte centrale de la commune et constitue un tr\u00e8s bel exemple d&rsquo;architecture gothique tardive.<br \/>Cet \u00e9difice a subi l&rsquo;usure du temps, particuli\u00e8rement c\u00f4t\u00e9 sud, o\u00f9 l&rsquo;affaissement des arcs-boutants a d\u00fb entra\u00eener des travaux d&rsquo;urgence. L&rsquo;autel de la Vierge, est situ\u00e9 dans le transept sud-est de l&rsquo;\u00e9glise. Il est flanqu\u00e9 de part et d&rsquo;autre de peintures d&rsquo;archanges qui ont \u00e9t\u00e9 r\u00e9alis\u00e9es par un Chaumontois, Agnan Emile Tabary, dans les ann\u00e9es 1850.<\/p>\n<\/div>\n<\/div>\n<\/div>\n<p>Les premiers travaux, r\u00e9alis\u00e9s en mai dernier, ont consist\u00e9 au d\u00e9placement de l&rsquo;autel, afin de le restaurer en atelier et de fabriquer \u00e0 l&rsquo;identique les \u00e9l\u00e9ments trop d\u00e9grad\u00e9s.<\/p>\n<figure id=\"dailymotion-embed-x7dyep\" class=\"ac-embed ac-embed--dailymotion ac-embed--inread3\" data-provider=\"dailymotion\"><figcaption>Vid\u00e9os : en ce moment sur Actu<\/figcaption><\/figure>\n<p>Il a \u00e9t\u00e9 trait\u00e9, nettoy\u00e9 et consolid\u00e9.<\/p>\n<p>Les <b>ornements<\/b> Les manquants doivent \u00eatre remoul\u00e9s \u00e0 l&rsquo;identique, et le tout remis en couleur.<\/p>\n<h2>Deux artisans locaux \u00e0 l&rsquo;\u0153uvre<\/h2>\n<p>La dorure doit \u00eatre refaite \u00e0 la <b>feuille d&rsquo;or<\/b> en suivant des techniques pr\u00e9cises.<\/p>\n<p>Deux artisans locaux vont \u0153uvrer \u00e0 cette r\u00e9alisation : l&rsquo;\u00e9b\u00e9nisterie <b>Toigo<\/b> situ\u00e9 \u00e0 <b>Beauvais (Oise)<\/b>pour la r\u00e9paration des menuiseries de l&rsquo;autel et de l&rsquo;estrade, et l&rsquo;<b>atelier Boutfol <\/b>situ\u00e9 dans l&rsquo;<b>Eure<\/b> un <b>Fort Moville <\/b>pour la restauration des dorures et ornementations.<\/p>\n<p>Pour rappel, un appel aux dons a \u00e9t\u00e9 lanc\u00e9 par la <b>Fondation du Patrimoine<\/b> en juin.<\/p>\n<p>Il a \u00e9t\u00e9 livr\u00e9 \u00e0 ce jour 4 300 euros.<\/p>\n<p>La fin des travaux est programm\u00e9e pour le mois prochain.<\/p>\n<p>\u00c0 noter que ce projet b\u00e9n\u00e9ficie du soutien de la mairie et de l&rsquo;<b>Association de Sauvegarde de l&rsquo;Orgue et de l&rsquo;\u00c9glise de Chaumont-en-Vexin (ASSOEC)<\/b>.<\/p>\n<p>\u00ab La restauration de l&rsquo;autel de la Vierge permettra de renforcer la visibilit\u00e9 et l&rsquo;attractivit\u00e9 de l&rsquo;\u00e9glise, tout en permettant de mettre en avant des m\u00e9tiers rares comme celui d&rsquo;\u00e9b\u00e9niste ou de dor\u00e9ur \u00e0 la feuille ornemaniste \u00bb, s&rsquo; accordent \u00e0 dire \u00e0 tous les locataires du projet.<\/p>\n<p><i>Suivez toute l&rsquo;actualit\u00e9 de vos villes et m\u00e9dias favoris en vous inscrivant \u00e0 Mon Actu.<\/i><\/p>\n<\/div>\n","protected":false},"excerpt":{"rendered":"<p>ParR\u00e9daction L&rsquo;Impartial Publi\u00e9 le 31 oct. 2024 \u00e0 11h40 Voir mon actuSuivre L&rsquo;Impartial Depuis 2022, l&rsquo;\u00e9glise Saint Jean-Baptiste de Chaumont en Vexin s&rsquo;assainit progressivement, mais l&rsquo;autel de la Vierge a subi des d\u00e9g\u00e2ts li\u00e9s \u00e0 l&rsquo;humidit\u00e9 et se d\u00e9grade rapidement. On peut noter un d\u00e9tachement du mur du mobilier ainsi qu&rsquo;une d\u00e9gradation du sol. L&rsquo;ensemble n\u00e9cessitait une restauration rapide. La Fondation du Patrimoine n&rsquo;a pas \u00e9t\u00e9 insensible et a d\u00e9cid\u00e9 de soutenir le projet de r\u00e9fection. Un peu d&rsquo;histoire L&rsquo;\u00e9glise Saint Jean-Baptiste est un monument class\u00e9, majeur du patrimoine chaumontois. \u00c9difi\u00e9e au XVIe si\u00e8cle, elle occupe un emplacement strat\u00e9gique sur\u2026<\/p>\n","protected":false},"author":1,"featured_media":0,"comment_status":"closed","ping_status":"closed","sticky":false,"template":"","format":"standard","meta":{"footnotes":""},"categories":[2],"tags":[],"blocksy_meta":{"styles_descriptor":{"styles":{"desktop":"","tablet":"","mobile":""},"google_fonts":[],"version":4}},"yoast_head":"<!-- This site is optimized with the Yoast SEO plugin v21.1 - https:\/\/yoast.com\/wordpress\/plugins\/seo\/ -->\n<title>Cette \u00e9glise de l&#039;Oise va profiter de travaux via la Fondation du patrimoine - Viaromana et arch\u00e9ologie.<\/title>\n<meta name=\"description\" content=\"Cette \u00e9glise de l&#039;Oise va profiter de travaux via la Fondation du patrimoine article de Viaromana et arch\u00e9ologie.\" \/>\n<meta name=\"robots\" content=\"index, follow, max-snippet:-1, max-image-preview:large, max-video-preview:-1\" \/>\n<link rel=\"canonical\" href=\"https:\/\/www.viaromana.org\/blog\/cette-eglise-de-loise-va-profiter-de-travaux-via-la-fondation-du-patrimoine\/\" \/>\n<meta property=\"og:locale\" content=\"fr_FR\" \/>\n<meta property=\"og:type\" content=\"article\" \/>\n<meta property=\"og:title\" content=\"Cette \u00e9glise de l&#039;Oise va profiter de travaux via la Fondation du patrimoine - Viaromana et arch\u00e9ologie.\" \/>\n<meta property=\"og:description\" content=\"Cette \u00e9glise de l&#039;Oise va profiter de travaux via la Fondation du patrimoine article de Viaromana et arch\u00e9ologie.\" \/>\n<meta property=\"og:url\" content=\"https:\/\/www.viaromana.org\/blog\/cette-eglise-de-loise-va-profiter-de-travaux-via-la-fondation-du-patrimoine\/\" \/>\n<meta property=\"og:site_name\" content=\"Viaromana et arch\u00e9ologie.\" \/>\n<meta property=\"article:published_time\" content=\"2024-10-31T04:12:00+00:00\" \/>\n<meta name=\"author\" content=\"Robert\" \/>\n<meta name=\"twitter:card\" content=\"summary_large_image\" \/>\n<meta name=\"twitter:label1\" content=\"\u00c9crit par\" \/>\n\t<meta name=\"twitter:data1\" content=\"Robert\" \/>\n\t<meta name=\"twitter:label2\" content=\"Dur\u00e9e de lecture estim\u00e9e\" \/>\n\t<meta name=\"twitter:data2\" content=\"2 minutes\" \/>\n<script type=\"application\/ld+json\" class=\"yoast-schema-graph\">{\"@context\":\"https:\/\/schema.org\",\"@graph\":[{\"@type\":\"Article\",\"@id\":\"https:\/\/www.viaromana.org\/blog\/cette-eglise-de-loise-va-profiter-de-travaux-via-la-fondation-du-patrimoine\/#article\",\"isPartOf\":{\"@id\":\"https:\/\/www.viaromana.org\/blog\/cette-eglise-de-loise-va-profiter-de-travaux-via-la-fondation-du-patrimoine\/\"},\"author\":{\"name\":\"Robert\",\"@id\":\"https:\/\/www.viaromana.org\/blog\/#\/schema\/person\/cde9c4655845091e1fe473fcd163c889\"},\"headline\":\"Cette \u00e9glise de l&rsquo;Oise va profiter de travaux via la Fondation du patrimoine\",\"datePublished\":\"2024-10-31T04:12:00+00:00\",\"dateModified\":\"2024-10-31T04:12:00+00:00\",\"mainEntityOfPage\":{\"@id\":\"https:\/\/www.viaromana.org\/blog\/cette-eglise-de-loise-va-profiter-de-travaux-via-la-fondation-du-patrimoine\/\"},\"wordCount\":479,\"publisher\":{\"@id\":\"https:\/\/www.viaromana.org\/blog\/#organization\"},\"articleSection\":[\"Arch\u00e9ologie\"],\"inLanguage\":\"fr-FR\"},{\"@type\":\"WebPage\",\"@id\":\"https:\/\/www.viaromana.org\/blog\/cette-eglise-de-loise-va-profiter-de-travaux-via-la-fondation-du-patrimoine\/\",\"url\":\"https:\/\/www.viaromana.org\/blog\/cette-eglise-de-loise-va-profiter-de-travaux-via-la-fondation-du-patrimoine\/\",\"name\":\"Cette \u00e9glise de l'Oise va profiter de travaux via la Fondation du patrimoine - Viaromana et arch\u00e9ologie.\",\"isPartOf\":{\"@id\":\"https:\/\/www.viaromana.org\/blog\/#website\"},\"datePublished\":\"2024-10-31T04:12:00+00:00\",\"dateModified\":\"2024-10-31T04:12:00+00:00\",\"description\":\"Cette \u00e9glise de l'Oise va profiter de travaux via la Fondation du patrimoine article de Viaromana et arch\u00e9ologie.\",\"breadcrumb\":{\"@id\":\"https:\/\/www.viaromana.org\/blog\/cette-eglise-de-loise-va-profiter-de-travaux-via-la-fondation-du-patrimoine\/#breadcrumb\"},\"inLanguage\":\"fr-FR\",\"potentialAction\":[{\"@type\":\"ReadAction\",\"target\":[\"https:\/\/www.viaromana.org\/blog\/cette-eglise-de-loise-va-profiter-de-travaux-via-la-fondation-du-patrimoine\/\"]}]},{\"@type\":\"BreadcrumbList\",\"@id\":\"https:\/\/www.viaromana.org\/blog\/cette-eglise-de-loise-va-profiter-de-travaux-via-la-fondation-du-patrimoine\/#breadcrumb\",\"itemListElement\":[{\"@type\":\"ListItem\",\"position\":1,\"name\":\"Accueil\",\"item\":\"https:\/\/www.viaromana.org\/blog\/\"},{\"@type\":\"ListItem\",\"position\":2,\"name\":\"Cette \u00e9glise de l&rsquo;Oise va profiter de travaux via la Fondation du patrimoine\"}]},{\"@type\":\"WebSite\",\"@id\":\"https:\/\/www.viaromana.org\/blog\/#website\",\"url\":\"https:\/\/www.viaromana.org\/blog\/\",\"name\":\"Viaromana et arch\u00e9ologie.\",\"description\":\"Site arch\u00e9ologique de la voie romaine (viaromana) Belgique-France-Rome\",\"publisher\":{\"@id\":\"https:\/\/www.viaromana.org\/blog\/#organization\"},\"potentialAction\":[{\"@type\":\"SearchAction\",\"target\":{\"@type\":\"EntryPoint\",\"urlTemplate\":\"https:\/\/www.viaromana.org\/blog\/?s={search_term_string}\"},\"query-input\":\"required name=search_term_string\"}],\"inLanguage\":\"fr-FR\"},{\"@type\":\"Organization\",\"@id\":\"https:\/\/www.viaromana.org\/blog\/#organization\",\"name\":\"viaromana\",\"url\":\"https:\/\/www.viaromana.org\/blog\/\",\"logo\":{\"@type\":\"ImageObject\",\"inLanguage\":\"fr-FR\",\"@id\":\"https:\/\/www.viaromana.org\/blog\/#\/schema\/logo\/image\/\",\"url\":\"https:\/\/www.viaromana.org\/blog\/wp-content\/uploads\/2021\/12\/logo-3.png\",\"contentUrl\":\"https:\/\/www.viaromana.org\/blog\/wp-content\/uploads\/2021\/12\/logo-3.png\",\"width\":300,\"height\":249,\"caption\":\"viaromana\"},\"image\":{\"@id\":\"https:\/\/www.viaromana.org\/blog\/#\/schema\/logo\/image\/\"}},{\"@type\":\"Person\",\"@id\":\"https:\/\/www.viaromana.org\/blog\/#\/schema\/person\/cde9c4655845091e1fe473fcd163c889\",\"name\":\"Robert\",\"image\":{\"@type\":\"ImageObject\",\"inLanguage\":\"fr-FR\",\"@id\":\"https:\/\/www.viaromana.org\/blog\/#\/schema\/person\/image\/\",\"url\":\"https:\/\/secure.gravatar.com\/avatar\/a168ec191013b636c2f278aec04e724b?s=96&d=mm&r=g\",\"contentUrl\":\"https:\/\/secure.gravatar.com\/avatar\/a168ec191013b636c2f278aec04e724b?s=96&d=mm&r=g\",\"caption\":\"Robert\"},\"sameAs\":[\"https:\/\/www.viaromana.org\/blog\"],\"url\":\"https:\/\/www.viaromana.org\/blog\/author\/anaadmin\/\"}]}<\/script>\n<!-- \/ Yoast SEO plugin. -->","yoast_head_json":{"title":"Cette \u00e9glise de l'Oise va profiter de travaux via la Fondation du patrimoine - Viaromana et arch\u00e9ologie.","description":"Cette \u00e9glise de l'Oise va profiter de travaux via la Fondation du patrimoine article de Viaromana et arch\u00e9ologie.","robots":{"index":"index","follow":"follow","max-snippet":"max-snippet:-1","max-image-preview":"max-image-preview:large","max-video-preview":"max-video-preview:-1"},"canonical":"https:\/\/www.viaromana.org\/blog\/cette-eglise-de-loise-va-profiter-de-travaux-via-la-fondation-du-patrimoine\/","og_locale":"fr_FR","og_type":"article","og_title":"Cette \u00e9glise de l'Oise va profiter de travaux via la Fondation du patrimoine - Viaromana et arch\u00e9ologie.","og_description":"Cette \u00e9glise de l'Oise va profiter de travaux via la Fondation du patrimoine article de Viaromana et arch\u00e9ologie.","og_url":"https:\/\/www.viaromana.org\/blog\/cette-eglise-de-loise-va-profiter-de-travaux-via-la-fondation-du-patrimoine\/","og_site_name":"Viaromana et arch\u00e9ologie.","article_published_time":"2024-10-31T04:12:00+00:00","author":"Robert","twitter_card":"summary_large_image","twitter_misc":{"\u00c9crit par":"Robert","Dur\u00e9e de lecture estim\u00e9e":"2 minutes"},"schema":{"@context":"https:\/\/schema.org","@graph":[{"@type":"Article","@id":"https:\/\/www.viaromana.org\/blog\/cette-eglise-de-loise-va-profiter-de-travaux-via-la-fondation-du-patrimoine\/#article","isPartOf":{"@id":"https:\/\/www.viaromana.org\/blog\/cette-eglise-de-loise-va-profiter-de-travaux-via-la-fondation-du-patrimoine\/"},"author":{"name":"Robert","@id":"https:\/\/www.viaromana.org\/blog\/#\/schema\/person\/cde9c4655845091e1fe473fcd163c889"},"headline":"Cette \u00e9glise de l&rsquo;Oise va profiter de travaux via la Fondation du patrimoine","datePublished":"2024-10-31T04:12:00+00:00","dateModified":"2024-10-31T04:12:00+00:00","mainEntityOfPage":{"@id":"https:\/\/www.viaromana.org\/blog\/cette-eglise-de-loise-va-profiter-de-travaux-via-la-fondation-du-patrimoine\/"},"wordCount":479,"publisher":{"@id":"https:\/\/www.viaromana.org\/blog\/#organization"},"articleSection":["Arch\u00e9ologie"],"inLanguage":"fr-FR"},{"@type":"WebPage","@id":"https:\/\/www.viaromana.org\/blog\/cette-eglise-de-loise-va-profiter-de-travaux-via-la-fondation-du-patrimoine\/","url":"https:\/\/www.viaromana.org\/blog\/cette-eglise-de-loise-va-profiter-de-travaux-via-la-fondation-du-patrimoine\/","name":"Cette \u00e9glise de l'Oise va profiter de travaux via la Fondation du patrimoine - Viaromana et arch\u00e9ologie.","isPartOf":{"@id":"https:\/\/www.viaromana.org\/blog\/#website"},"datePublished":"2024-10-31T04:12:00+00:00","dateModified":"2024-10-31T04:12:00+00:00","description":"Cette \u00e9glise de l'Oise va profiter de travaux via la Fondation du patrimoine article de Viaromana et arch\u00e9ologie.","breadcrumb":{"@id":"https:\/\/www.viaromana.org\/blog\/cette-eglise-de-loise-va-profiter-de-travaux-via-la-fondation-du-patrimoine\/#breadcrumb"},"inLanguage":"fr-FR","potentialAction":[{"@type":"ReadAction","target":["https:\/\/www.viaromana.org\/blog\/cette-eglise-de-loise-va-profiter-de-travaux-via-la-fondation-du-patrimoine\/"]}]},{"@type":"BreadcrumbList","@id":"https:\/\/www.viaromana.org\/blog\/cette-eglise-de-loise-va-profiter-de-travaux-via-la-fondation-du-patrimoine\/#breadcrumb","itemListElement":[{"@type":"ListItem","position":1,"name":"Accueil","item":"https:\/\/www.viaromana.org\/blog\/"},{"@type":"ListItem","position":2,"name":"Cette \u00e9glise de l&rsquo;Oise va profiter de travaux via la Fondation du patrimoine"}]},{"@type":"WebSite","@id":"https:\/\/www.viaromana.org\/blog\/#website","url":"https:\/\/www.viaromana.org\/blog\/","name":"Viaromana et arch\u00e9ologie.","description":"Site arch\u00e9ologique de la voie romaine (viaromana) Belgique-France-Rome","publisher":{"@id":"https:\/\/www.viaromana.org\/blog\/#organization"},"potentialAction":[{"@type":"SearchAction","target":{"@type":"EntryPoint","urlTemplate":"https:\/\/www.viaromana.org\/blog\/?s={search_term_string}"},"query-input":"required name=search_term_string"}],"inLanguage":"fr-FR"},{"@type":"Organization","@id":"https:\/\/www.viaromana.org\/blog\/#organization","name":"viaromana","url":"https:\/\/www.viaromana.org\/blog\/","logo":{"@type":"ImageObject","inLanguage":"fr-FR","@id":"https:\/\/www.viaromana.org\/blog\/#\/schema\/logo\/image\/","url":"https:\/\/www.viaromana.org\/blog\/wp-content\/uploads\/2021\/12\/logo-3.png","contentUrl":"https:\/\/www.viaromana.org\/blog\/wp-content\/uploads\/2021\/12\/logo-3.png","width":300,"height":249,"caption":"viaromana"},"image":{"@id":"https:\/\/www.viaromana.org\/blog\/#\/schema\/logo\/image\/"}},{"@type":"Person","@id":"https:\/\/www.viaromana.org\/blog\/#\/schema\/person\/cde9c4655845091e1fe473fcd163c889","name":"Robert","image":{"@type":"ImageObject","inLanguage":"fr-FR","@id":"https:\/\/www.viaromana.org\/blog\/#\/schema\/person\/image\/","url":"https:\/\/secure.gravatar.com\/avatar\/a168ec191013b636c2f278aec04e724b?s=96&d=mm&r=g","contentUrl":"https:\/\/secure.gravatar.com\/avatar\/a168ec191013b636c2f278aec04e724b?s=96&d=mm&r=g","caption":"Robert"},"sameAs":["https:\/\/www.viaromana.org\/blog"],"url":"https:\/\/www.viaromana.org\/blog\/author\/anaadmin\/"}]}},"_links":{"self":[{"href":"https:\/\/www.viaromana.org\/blog\/wp-json\/wp\/v2\/posts\/1812"}],"collection":[{"href":"https:\/\/www.viaromana.org\/blog\/wp-json\/wp\/v2\/posts"}],"about":[{"href":"https:\/\/www.viaromana.org\/blog\/wp-json\/wp\/v2\/types\/post"}],"author":[{"embeddable":true,"href":"https:\/\/www.viaromana.org\/blog\/wp-json\/wp\/v2\/users\/1"}],"replies":[{"embeddable":true,"href":"https:\/\/www.viaromana.org\/blog\/wp-json\/wp\/v2\/comments?post=1812"}],"version-history":[{"count":0,"href":"https:\/\/www.viaromana.org\/blog\/wp-json\/wp\/v2\/posts\/1812\/revisions"}],"wp:attachment":[{"href":"https:\/\/www.viaromana.org\/blog\/wp-json\/wp\/v2\/media?parent=1812"}],"wp:term":[{"taxonomy":"category","embeddable":true,"href":"https:\/\/www.viaromana.org\/blog\/wp-json\/wp\/v2\/categories?post=1812"},{"taxonomy":"post_tag","embeddable":true,"href":"https:\/\/www.viaromana.org\/blog\/wp-json\/wp\/v2\/tags?post=1812"}],"curies":[{"name":"wp","href":"https:\/\/api.w.org\/{rel}","templated":true}]}}