{"id":1809,"date":"2024-10-08T15:43:48","date_gmt":"2024-10-08T13:43:48","guid":{"rendered":"https:\/\/www.site.cdcl.xyz\/2024\/10\/08\/que-deviendra-le-hezbollah\/"},"modified":"2024-10-08T15:43:48","modified_gmt":"2024-10-08T13:43:48","slug":"que-deviendra-le-hezbollah","status":"publish","type":"post","link":"https:\/\/www.viaromana.org\/blog\/que-deviendra-le-hezbollah\/","title":{"rendered":"Que deviendra le Hezbollah ?"},"content":{"rendered":"<p><img decoding=\"async\" src=\"https:\/\/www.viaromana.org\/blog\/wp-content\/uploads\/2024\/10\/que-deviendra-le-hezbollah.jpg\"><\/p>\n<div>\n<p class=\"mdl-section-article-content__subheader\">Okaz, Arabie Saoudite, 3 octobre<\/p>\n<p>Isra\u00ebl a finalement r\u00e9ussi \u00e0 cibler le chef du Hezbollah, Hassan Nasrallah, apr\u00e8s 18 ans de clandestinit\u00e9. Cela constitue un coup dur pour le Hezbollah et ses alli\u00e9s iraniens. La s\u00e9quence de revers inflig\u00e9s aux milices a commenc\u00e9 par le piratage de leur r\u00e9seau de communication, suivi de l&rsquo;assassinat de plus de 500 commandants sur le terrain dans le sud au cours de l&rsquo;ann\u00e9e \u00e9coul\u00e9e. La campagne a abouti \u00e0 l\u2019\u00e9limination des dirigeants de second rang et, finalement, de Nasrallah lui-m\u00eame. Pour beaucoup, l&rsquo;influence du Hezbollah avait d\u00e9j\u00e0 d\u00e9clin\u00e9 apr\u00e8s le retrait d&rsquo;Isra\u00ebl du sud-Liban en 2000. Malgr\u00e9 cela, le parti a insist\u00e9 pour conserver ses armes, devenant ainsi la seule entit\u00e9 politique arm\u00e9e au Liban. Cela a conduit le Hezbollah \u00e0 imposer sa volont\u00e9 \u00e0 ses homologues libanais, franchissant une ligne critique en 2008 lorsqu\u2019il a tourn\u00e9 ses armes vers l\u2019int\u00e9rieur et occup\u00e9 Beyrouth. \u00c0 ce moment-l\u00e0, la cr\u00e9dibilit\u00e9 de Nasrallah, tant moralement que populairement, a diminu\u00e9. Sa stature autrefois v\u00e9n\u00e9r\u00e9e s\u2019est encore \u00e9rod\u00e9e \u00e0 mesure que le Hezbollah est devenu l\u2019avant-garde des conflits r\u00e9gionaux iraniens. La d\u00e9cision de Nasrallah d&rsquo;impliquer le Hezbollah dans la crise syrienne, malgr\u00e9 la politique de neutralit\u00e9 du gouvernement libanais, a soulign\u00e9 son ascendant sur les institutions gouvernementales et \u00e9tatiques. Son bellig\u00e9rance sectaire en Syrie \u2013 marqu\u00e9e par des attaques contre des civils \u2013 a port\u00e9 un nouveau coup \u00e0 sa r\u00e9putation. De plus, le soutien de Nasrallah aux hostilit\u00e9s contre l&rsquo;Arabie saoudite et son soutien au mouvement Houthi au Y\u00e9men ont suscit\u00e9 une large condamnation. Au cours du r\u00e9cent conflit, son all\u00e9geance in\u00e9branlable au programme iranien a \u00e9clips\u00e9 tout effort visant \u00e0 maintenir la stabilit\u00e9 du Liban ou \u00e0 r\u00e9ellement aider le sort des Palestiniens \u00e0 Gaza. Aujourd\u2019hui, Nasrallah s\u2019en va, laissant le Liban au bord du gouffre, le Hezbollah en plein d\u00e9sarroi et son h\u00e9ritage entach\u00e9 parmi une grande partie de la population arabe, entach\u00e9 par la violence et la division. Lorsque Nasrallah a align\u00e9 le Hezbollah sur les ambitions r\u00e9gionales de l\u2019Iran, l\u2019organisation est pass\u00e9e d\u2019une entit\u00e9 id\u00e9ologique coh\u00e9sive avec des objectifs clairs \u00e0 des mercenaires accomplissant des agendas \u00e9trangers. Ce changement a n\u00e9cessit\u00e9 un recrutement et une liaison accrus avec les services de renseignement \u00e9trangers, exposant finalement les vuln\u00e9rabilit\u00e9s du Hezbollah face \u00e0 Isra\u00ebl. Comme le souligne un rapport d&rsquo;enqu\u00eate du Financial Times, la p\u00e9n\u00e9tration du Mossad dans les rangs du Hezbollah a marqu\u00e9 un moment d&rsquo;effondrement interne sans pr\u00e9c\u00e9dent jusqu&rsquo;aux dirigeants du groupe, alors que les superviseurs iraniens semblaient indiff\u00e9rents. Pour ceux qui sont pr\u00eats \u00e0 succ\u00e9der \u00e0 Nasrallah, il y a une lueur d\u2019espoir. Une r\u00e9\u00e9valuation du r\u00f4le du Hezbollah au Liban est imp\u00e9rative. L\u2019objectif devrait \u00eatre d\u2019\u00e9voluer vers une entit\u00e9 nationale investie dans l\u2019\u00e9dification de la nation plut\u00f4t que d\u2019agir comme un pion dans des conflits \u00e9trangers, \u00e9vitant ainsi un sort o\u00f9 ils seraient \u00e9cart\u00e9s apr\u00e8s avoir atteint leur objectif ou deviendraient un handicap. \u2014<em>Rami Al-Khalifa Al-Ali (traduit par Asaf Zilberfarb)<\/em><\/p>\n<\/div>\n<p>Ce th\u00e8me r\u00e9pond \u00e0 vos recherches vous appr\u00e9cierez tout autant ces publications :<\/p>\n<p>{{Link.,<a target=\"_blank\" rel=\"nofollow\" href=\"https:\/\/www.viaromana.org\/blog\/goto\/https:\/\/www.site.cdcl.xyz\/2024\/10\/08\/que-deviendra-le-hezbollah\/URL\"  target=\"_blank\" rel=\"noopener noreferrer nofollow\">A lire ici.<\/a><span><\/span>}<br \/>|{B\u00e2timent restaur\u00e9 par Eug\u00e8ne Viollet-le-Duc.,<a target=\"_blank\" rel=\"nofollow\" href=\"https:\/\/www.viaromana.org\/blog\/goto\/https:\/\/www.site.cdcl.xyz\/wiki\/Cat%C3%A9gorie:B%C3%A2timent_restaur%C3%A9_par_Eug%C3%A8ne_Viollet-le-Duc\"  target=\"_blank\" rel=\"noopener noreferrer nofollow\">Cliquer ICI.<\/a><span><\/span>}<br \/>|{B\u00e2timent restaur\u00e9 par F\u00e9lix Duban.,<a target=\"_blank\" rel=\"nofollow\" href=\"https:\/\/www.viaromana.org\/blog\/goto\/https:\/\/www.site.cdcl.xyz\/wiki\/Cat%C3%A9gorie:B%C3%A2timent_restaur%C3%A9_par_F%C3%A9lix_Duban\"  target=\"_blank\" rel=\"noopener noreferrer nofollow\">Le dossier.<\/a><span><\/span>}<br \/>|{B\u00e2timent restaur\u00e9 par Jean-Baptiste Lassus.,<a target=\"_blank\" rel=\"nofollow\" href=\"https:\/\/www.viaromana.org\/blog\/goto\/https:\/\/www.site.cdcl.xyz\/wiki\/Cat%C3%A9gorie:B%C3%A2timent_restaur%C3%A9_par_Jean-Baptiste_Lassus\"  target=\"_blank\" rel=\"noopener noreferrer nofollow\">Ici.<\/a><span><\/span>}<br \/>|{Bien culturel folklorique important de la Cor\u00e9e du Sud.,<a target=\"_blank\" rel=\"nofollow\" href=\"https:\/\/www.viaromana.org\/blog\/goto\/https:\/\/www.site.cdcl.xyz\/wiki\/Cat%C3%A9gorie:Bien_culturel_folklorique_important_de_la_Cor%C3%A9e_du_Sud\"  target=\"_blank\" rel=\"noopener noreferrer nofollow\">Cliquer ICI.<\/a><span><\/span>}<br \/>|{Organisme \u00e0 d\u00e9couvrir GCI.,<a target=\"_blank\" rel=\"nofollow\" href=\"https:\/\/www.viaromana.org\/blog\/goto\/http:\/\/aata.getty.edu\/Home\"  target=\"_blank\" rel=\"noopener noreferrer nofollow\">L\u2019article ICI.<\/a><span><\/span>}<br \/>|{Du CICRP \u2013 Centre interr\u00e9gional de conservation et restauration du patrimoine.,<a target=\"_blank\" rel=\"nofollow\" href=\"https:\/\/www.viaromana.org\/blog\/goto\/http:\/\/cicrp.info\/fiches-pratiques\/\"  target=\"_blank\" rel=\"noopener noreferrer nofollow\">Article complet.<\/a><span><\/span>}<br \/>|{Organisme \u00e0 d\u00e9couvrir COol .,<a target=\"_blank\" rel=\"nofollow\" href=\"https:\/\/www.viaromana.org\/blog\/goto\/http:\/\/cool.conservation-us.org\/\"  target=\"_blank\" rel=\"noopener noreferrer nofollow\">Le texte de l\u2019article.<\/a><span><\/span>}<br \/>|{Le Corpus Vitrearum International .,<a target=\"_blank\" rel=\"nofollow\" href=\"https:\/\/www.viaromana.org\/blog\/goto\/http:\/\/cvi.cvma-freiburg.de\"  target=\"_blank\" rel=\"noopener noreferrer nofollow\">Ici.<\/a><span><\/span>. Suite sur le prochain article.}<br \/>|{E-conservation Journal .,<a target=\"_blank\" rel=\"nofollow\" href=\"https:\/\/www.viaromana.org\/blog\/goto\/http:\/\/e-conservation.org\/\"  target=\"_blank\" rel=\"noopener noreferrer nofollow\">Le post d\u2019actualit\u00e9.<\/a><span><\/span>. Suite sur le prochain article.}<br \/>|{Organisme \u00e0 d\u00e9couvrir ICOM .,<a target=\"_blank\" rel=\"nofollow\" href=\"https:\/\/www.viaromana.org\/blog\/goto\/http:\/\/icom.museum\/que-faisons-nous\/ressources\/bibliographies\/L\/2.html\"  target=\"_blank\" rel=\"noopener noreferrer nofollow\">L\u2019article de presse.<\/a><span><\/span>}<br \/>|{In Situ. Revue des patrimoines.,<a target=\"_blank\" rel=\"nofollow\" href=\"https:\/\/www.viaromana.org\/blog\/goto\/http:\/\/insitu.revues.org\"  target=\"_blank\" rel=\"noopener noreferrer nofollow\">Article complet.<\/a><span><\/span>}<br \/>|{Organisme \u00e0 d\u00e9couvrir INP.,<a target=\"_blank\" rel=\"nofollow\" href=\"https:\/\/www.viaromana.org\/blog\/goto\/http:\/\/mediatheque-numerique.inp.fr\/\"  target=\"_blank\" rel=\"noopener noreferrer nofollow\">L\u2019article de presse.<\/a><span><\/span>}<br \/>|{De la Biblioth\u00e8que nationale de France.,<a target=\"_blank\" rel=\"nofollow\" href=\"https:\/\/www.viaromana.org\/blog\/goto\/http:\/\/www.bnf.fr\/fr\/professionnels\/conservation_fiches_pratiques\/s.conservation_fiches_prevention.html\"  target=\"_blank\" rel=\"noopener noreferrer nofollow\">Cliquer ICI.<\/a><span><\/span>}<br \/>|{CeROArt&nbsp;.,<a target=\"_blank\" rel=\"nofollow\" href=\"https:\/\/www.viaromana.org\/blog\/goto\/http:\/\/www.ceroart.org\/\"  target=\"_blank\" rel=\"noopener noreferrer nofollow\">L\u2019article ICI.<\/a><span><\/span>}<br \/>|{Le Journal of Film Preservation.,<a target=\"_blank\" rel=\"nofollow\" href=\"https:\/\/www.viaromana.org\/blog\/goto\/http:\/\/www.fiafnet.org\/fr\/publications\/fep_journal.html\"  target=\"_blank\" rel=\"noopener noreferrer nofollow\">L\u2019article de presse.<\/a><span><\/span>}<br \/>|{Getty conservation Institute.,<a target=\"_blank\" rel=\"nofollow\" href=\"https:\/\/www.viaromana.org\/blog\/goto\/http:\/\/www.getty.edu\/search\/publications\"  target=\"_blank\" rel=\"noopener noreferrer nofollow\">Le dossier.<\/a><span><\/span>}<br \/>|{Organisme \u00e0 d\u00e9couvrir ICOMOS.,<a target=\"_blank\" rel=\"nofollow\" href=\"https:\/\/www.viaromana.org\/blog\/goto\/http:\/\/www.international.icomos.org\/fr\/centre-de-documentation\"  target=\"_blank\" rel=\"noopener noreferrer nofollow\">L\u2019article ICI.<\/a><span><\/span>. Suite sur le prochain article.}<br \/>|{Organisme \u00e0 d\u00e9couvrir &nbsp;OCIM.,<a target=\"_blank\" rel=\"nofollow\" href=\"https:\/\/www.viaromana.org\/blog\/goto\/http:\/\/www.ocim.fr\/bibliographie\/\"  target=\"_blank\" rel=\"noopener noreferrer nofollow\">L\u2019article de presse.<\/a><span><\/span>}<br \/>|{Les Insectes mus\u00e9ophages del\u2019OCIM \u2013 Office de coop\u00e9ration et d\u2019information mus\u00e9ales.,<a target=\"_blank\" rel=\"nofollow\" href=\"https:\/\/www.viaromana.org\/blog\/goto\/http:\/\/www.ocim.fr\/repertoires\/insectes\/\"  target=\"_blank\" rel=\"noopener noreferrer nofollow\">L\u2019article de presse.<\/a><span><\/span>}<br \/>|{Du C2RMF \u2013 Centre de recherche et de restauration des mus\u00e9es de France.,<a target=\"_blank\" rel=\"nofollow\" href=\"https:\/\/www.viaromana.org\/blog\/goto\/https:\/\/c2rmf.fr\/fiches-techniques-0\"  target=\"_blank\" rel=\"noopener noreferrer nofollow\">L\u2019article de presse.<\/a><span><\/span>. Suite sur le prochain article.}<br \/>|{Guide pratique pour le marquage d\u2019identification des biens culturels \u2013 C2RMF.,<a target=\"_blank\" rel=\"nofollow\" href=\"https:\/\/www.viaromana.org\/blog\/goto\/https:\/\/c2rmf.fr\/sites\/c2rmf\/files\/guide_pratique_pour_le_marquage_2015.pdf\"  target=\"_blank\" rel=\"noopener noreferrer nofollow\">A lire ici.<\/a><span><\/span>}<br \/>|{Vade-mecum de la conservation pr\u00e9ventive \u2013 C2RMF.,<a target=\"_blank\" rel=\"nofollow\" href=\"https:\/\/www.viaromana.org\/blog\/goto\/https:\/\/c2rmf.fr\/sites\/c2rmf\/files\/vademecum_cc.pdf\"  target=\"_blank\" rel=\"noopener noreferrer nofollow\">Article complet.<\/a><span><\/span>}<br \/>|{La conservation des objets mobiliers dans les \u00e9glises : outil d\u2019auto-\u00e9valuation.,<a target=\"_blank\" rel=\"nofollow\" href=\"https:\/\/www.viaromana.org\/blog\/goto\/https:\/\/culture.gouv.fr\/Media\/Thematiques\/Circulation-des-biens-culturels\/Files\/Ressources-doc-Guides-et-procedures\/Guide-La-conservation-des-objets-mobiliers-dans-les-eglises-2004\"  target=\"_blank\" rel=\"noopener noreferrer nofollow\">L\u2019article de presse.<\/a><span><\/span>}<br \/>|{M\u00e9tiers de la restauration du patrimoine, statuts, conditions d\u2019exercice et fiscalit\u00e9, fiche pratique MC, 2018.,<a target=\"_blank\" rel=\"nofollow\" href=\"https:\/\/www.viaromana.org\/blog\/goto\/https:\/\/culture.gouv.fr\/Media\/Thematiques\/Conservation-restauration\/Fichiers\/Fiches-pratiques-manuels-et-revues\/Fiche-metiers-de-la-restauration-2019\"  target=\"_blank\" rel=\"noopener noreferrer nofollow\">Ici.<\/a><span><\/span>}<br \/>|{S\u00e9curit\u00e9 des biens culturels, de la pr\u00e9vention du vol \u00e0 la restitution de l\u2019objet vol\u00e9.,<a target=\"_blank\" rel=\"nofollow\" href=\"https:\/\/www.viaromana.org\/blog\/goto\/https:\/\/culture.gouv.fr\/Media\/Thematiques\/Conservation-restauration\/Fichiers\/Fiches-pratiques-manuels-et-revues\/Securite-des-biens-culturels-de-la-prevention-du-vol-a-la-restitution-de-l-objet-vole\"  target=\"_blank\" rel=\"noopener noreferrer nofollow\">Le post d\u2019actualit\u00e9.<\/a><span><\/span>}<br \/>|{Petit Guide \u00e0 l\u2019usage des personnes souhaitant entretenir une s\u00e9pulture.,<a target=\"_blank\" rel=\"nofollow\" href=\"https:\/\/www.viaromana.org\/blog\/goto\/https:\/\/culture.gouv.fr\/Media\/Thematiques\/Conservation-restauration\/Fichiers\/Ressources-documentaires\/entretenir-une-sepulture\"  target=\"_blank\" rel=\"noopener noreferrer nofollow\">Le dossier.<\/a><span><\/span>. Suite sur le prochain article.}<br \/>|{Rescuing the Hidden European Wooden Churches Heritage : an international methodology for implementing a database for restoration projects.,<a target=\"_blank\" rel=\"nofollow\" href=\"https:\/\/www.viaromana.org\/blog\/goto\/https:\/\/culture.gouv.fr\/Media\/Thematiques\/Conservation-restauration\/Fichiers\/Ressources-documentaires\/hiddenchurches\"  target=\"_blank\" rel=\"noopener noreferrer nofollow\">L\u2019article ICI.<\/a><span><\/span>}<br \/>|{Guides de ma\u00eetrise d\u2019ouvrage et de ma\u00eetrise d\u2019\u0153uvre \u2013 Monuments historiques.,<a target=\"_blank\" rel=\"nofollow\" href=\"https:\/\/www.viaromana.org\/blog\/goto\/https:\/\/culture.gouv.fr\/Region\/Drac-Auvergne-Rhone-Alpes\/Demarches-aides\/Demarches-et-conseils-patrimoine-urbanisme-qualite-architecturale\/Guides-pratiques-travaux-sur-monuments-historiques\"  target=\"_blank\" rel=\"noopener noreferrer nofollow\">Article complet.<\/a><span><\/span>}<br \/>|{Charte de Venise.,<a target=\"_blank\" rel=\"nofollow\" href=\"https:\/\/www.viaromana.org\/blog\/goto\/https:\/\/fr.wikipedia.org\/wiki\/Charte_de_Venise\"  target=\"_blank\" rel=\"noopener noreferrer nofollow\">Le dossier.<\/a><span><\/span>}<br \/>|{Charte de Washington.,<a target=\"_blank\" rel=\"nofollow\" href=\"https:\/\/www.viaromana.org\/blog\/goto\/https:\/\/fr.wikipedia.org\/wiki\/Charte_de_Washington\"  target=\"_blank\" rel=\"noopener noreferrer nofollow\">Le texte de l\u2019article.<\/a><span><\/span>}<br \/>|{CIDOC Conceptual Reference Model.,<a target=\"_blank\" rel=\"nofollow\" href=\"https:\/\/www.viaromana.org\/blog\/goto\/https:\/\/fr.wikipedia.org\/wiki\/CIDOC_Conceptual_Reference_Model\"  target=\"_blank\" rel=\"noopener noreferrer nofollow\">Le post d\u2019actualit\u00e9.<\/a><span><\/span>. Suite sur le prochain article.}<br \/>|{Club pour le vieux Prague.,<a target=\"_blank\" rel=\"nofollow\" href=\"https:\/\/www.viaromana.org\/blog\/goto\/https:\/\/fr.wikipedia.org\/wiki\/Club_pour_le_vieux_Prague\"  target=\"_blank\" rel=\"noopener noreferrer nofollow\">Le texte de l\u2019article.<\/a><span><\/span>. Suite sur le prochain article.}<br \/>|{Code du patrimoine.,<a target=\"_blank\" rel=\"nofollow\" href=\"https:\/\/www.viaromana.org\/blog\/goto\/https:\/\/fr.wikipedia.org\/wiki\/Code_du_patrimoine\"  target=\"_blank\" rel=\"noopener noreferrer nofollow\">Cliquer ICI.<\/a><span><\/span>}<br \/>|{Collection Patrimoine culturel des pays francophones.,<a target=\"_blank\" rel=\"nofollow\" href=\"https:\/\/www.viaromana.org\/blog\/goto\/https:\/\/fr.wikipedia.org\/wiki\/Collection_Patrimoine_culturel_des_pays_francophones\"  target=\"_blank\" rel=\"noopener noreferrer nofollow\">Le texte de l\u2019article.<\/a><span><\/span>}<br \/>|{Conservation architecturale.,<a target=\"_blank\" rel=\"nofollow\" href=\"https:\/\/www.viaromana.org\/blog\/goto\/https:\/\/fr.wikipedia.org\/wiki\/Conservation_architecturale\"  target=\"_blank\" rel=\"noopener noreferrer nofollow\">Cliquer ICI.<\/a><span><\/span>. Suite sur le prochain article.}<br \/>|{Conservation pr\u00e9ventive.,<a target=\"_blank\" rel=\"nofollow\" href=\"https:\/\/www.viaromana.org\/blog\/goto\/https:\/\/fr.wikipedia.org\/wiki\/Conservation_pr%C3%A9ventive\"  target=\"_blank\" rel=\"noopener noreferrer nofollow\">L\u2019article ICI.<\/a><span><\/span>}<br \/>|{Convention sur la protection du patrimoine culturel subaquatique.,<a target=\"_blank\" rel=\"nofollow\" href=\"https:\/\/www.viaromana.org\/blog\/goto\/https:\/\/fr.wikipedia.org\/wiki\/Convention_sur_la_protection_du_patrimoine_culturel_subaquatique\"  target=\"_blank\" rel=\"noopener noreferrer nofollow\">A lire ici.<\/a><span><\/span>. Suite sur le prochain article.}<br \/>|{Din l-Art \u0126elwa.,<a target=\"_blank\" rel=\"nofollow\" href=\"https:\/\/www.viaromana.org\/blog\/goto\/https:\/\/fr.wikipedia.org\/wiki\/Din_l-Art_%C4%A6elwa\"  target=\"_blank\" rel=\"noopener noreferrer nofollow\">Le dossier.<\/a><span><\/span>}<br \/>|{Docomomo International.,<a target=\"_blank\" rel=\"nofollow\" href=\"https:\/\/www.viaromana.org\/blog\/goto\/https:\/\/fr.wikipedia.org\/wiki\/Docomomo_International\"  target=\"_blank\" rel=\"noopener noreferrer nofollow\">L\u2019article ICI.<\/a><span><\/span>}<br \/>|{Doctrines et techniques de conservation \u2013 restauration.,<a target=\"_blank\" rel=\"nofollow\" href=\"https:\/\/www.viaromana.org\/blog\/goto\/https:\/\/fr.wikipedia.org\/wiki\/Doctrines_et_techniques_de_conservation_-_restauration\"  target=\"_blank\" rel=\"noopener noreferrer nofollow\">Ici.<\/a><span><\/span>}<br \/>|{Document de Nara sur l\u2019authenticit\u00e9.,<a target=\"_blank\" rel=\"nofollow\" href=\"https:\/\/www.viaromana.org\/blog\/goto\/https:\/\/fr.wikipedia.org\/wiki\/Document_de_Nara_sur_l%27authenticit%C3%A9\"  target=\"_blank\" rel=\"noopener noreferrer nofollow\">Le dossier.<\/a><span><\/span>. Suite sur le prochain article.}<br \/>|{Fa\u00e7adisme.,<a target=\"_blank\" rel=\"nofollow\" href=\"https:\/\/www.viaromana.org\/blog\/goto\/https:\/\/fr.wikipedia.org\/wiki\/Fa%C3%A7adisme\"  target=\"_blank\" rel=\"noopener noreferrer nofollow\">Ici.<\/a><span><\/span>}<br \/>|{Fondation du patrimoine.,<a target=\"_blank\" rel=\"nofollow\" href=\"https:\/\/www.viaromana.org\/blog\/goto\/https:\/\/fr.wikipedia.org\/wiki\/Fondation_du_patrimoine\"  target=\"_blank\" rel=\"noopener noreferrer nofollow\">Cliquer ICI.<\/a><span><\/span>}<br \/>|{Fondation Mansart.,<a target=\"_blank\" rel=\"nofollow\" href=\"https:\/\/www.viaromana.org\/blog\/goto\/https:\/\/fr.wikipedia.org\/wiki\/Fondation_Mansart\"  target=\"_blank\" rel=\"noopener noreferrer nofollow\">Article complet.<\/a><span><\/span>}<br \/>|{Ieni-Kale.,<a target=\"_blank\" rel=\"nofollow\" href=\"https:\/\/www.viaromana.org\/blog\/goto\/https:\/\/fr.wikipedia.org\/wiki\/Ieni-Kale\"  target=\"_blank\" rel=\"noopener noreferrer nofollow\">Le dossier.<\/a><span><\/span>}<br \/>|{In situ (conservation du patrimoine).,<a target=\"_blank\" rel=\"nofollow\" href=\"https:\/\/www.viaromana.org\/blog\/goto\/https:\/\/fr.wikipedia.org\/wiki\/In_situ_(conservation_du_patrimoine)\"  target=\"_blank\" rel=\"noopener noreferrer nofollow\">L\u2019article ICI.<\/a><span><\/span>}<br \/>|{Injection de coulis de liant dans les ma\u00e7onneries.,<a target=\"_blank\" rel=\"nofollow\" href=\"https:\/\/www.viaromana.org\/blog\/goto\/https:\/\/fr.wikipedia.org\/wiki\/Injection_de_coulis_de_liant_dans_les_ma%C3%A7onneries\"  target=\"_blank\" rel=\"noopener noreferrer nofollow\">Cliquer ICI.<\/a><span><\/span>. Suite sur le prochain article.}<br \/>|{Jacques Harmand.,<a target=\"_blank\" rel=\"nofollow\" href=\"https:\/\/www.viaromana.org\/blog\/goto\/https:\/\/fr.wikipedia.org\/wiki\/Jacques_Harmand\"  target=\"_blank\" rel=\"noopener noreferrer nofollow\">Le post d\u2019actualit\u00e9.<\/a><span><\/span>}<br \/>|{La Tribune de l\u2019art.,<a target=\"_blank\" rel=\"nofollow\" href=\"https:\/\/www.viaromana.org\/blog\/goto\/https:\/\/fr.wikipedia.org\/wiki\/La_Tribune_de_l%27art\"  target=\"_blank\" rel=\"noopener noreferrer nofollow\">Le post d\u2019actualit\u00e9.<\/a><span><\/span>. Suite sur le prochain article.}<br \/>|{Nisso Pelossof.,<a target=\"_blank\" rel=\"nofollow\" href=\"https:\/\/www.viaromana.org\/blog\/goto\/https:\/\/fr.wikipedia.org\/wiki\/Nisso_Pelossof\"  target=\"_blank\" rel=\"noopener noreferrer nofollow\">Le dossier.<\/a><span><\/span>}<br \/>|{Palais Daming.,<a target=\"_blank\" rel=\"nofollow\" href=\"https:\/\/www.viaromana.org\/blog\/goto\/https:\/\/fr.wikipedia.org\/wiki\/Palais_Daming\"  target=\"_blank\" rel=\"noopener noreferrer nofollow\">L\u2019article ICI.<\/a><span><\/span>}<br \/>|{Paris historique.,<a target=\"_blank\" rel=\"nofollow\" href=\"https:\/\/www.viaromana.org\/blog\/goto\/https:\/\/fr.wikipedia.org\/wiki\/Paris_historique\"  target=\"_blank\" rel=\"noopener noreferrer nofollow\">Article complet.<\/a><span><\/span>}<br \/>|{Patrimoine d\u2019int\u00e9r\u00eat r\u00e9gional.,<a target=\"_blank\" rel=\"nofollow\" href=\"https:\/\/www.viaromana.org\/blog\/goto\/https:\/\/fr.wikipedia.org\/wiki\/Patrimoine_d%27int%C3%A9r%C3%AAt_r%C3%A9gional\"  target=\"_blank\" rel=\"noopener noreferrer nofollow\">A lire ici.<\/a><span><\/span>}<br \/>|{Patrimoine sans fronti\u00e8res.,<a target=\"_blank\" rel=\"nofollow\" href=\"https:\/\/www.viaromana.org\/blog\/goto\/https:\/\/fr.wikipedia.org\/wiki\/Patrimoine_sans_fronti%C3%A8res\"  target=\"_blank\" rel=\"noopener noreferrer nofollow\">Le post d\u2019actualit\u00e9.<\/a><span><\/span>}<br \/>|{Patrimoine syrien pendant la guerre civile.,<a target=\"_blank\" rel=\"nofollow\" href=\"https:\/\/www.viaromana.org\/blog\/goto\/https:\/\/fr.wikipedia.org\/wiki\/Patrimoine_syrien_pendant_la_guerre_civile\"  target=\"_blank\" rel=\"noopener noreferrer nofollow\">Article complet.<\/a><span><\/span>}<br \/>|{Patrimoine syrien pendant la guerre civile.,<a target=\"_blank\" rel=\"nofollow\" href=\"https:\/\/www.viaromana.org\/blog\/goto\/https:\/\/fr.wikipedia.org\/wiki\/Patrimoine_syrien_pendant_la_guerre_civile\"  target=\"_blank\" rel=\"noopener noreferrer nofollow\">Le post d\u2019actualit\u00e9.<\/a><span><\/span>}<br \/>|{Patrimonialisation.,<a target=\"_blank\" rel=\"nofollow\" href=\"https:\/\/www.viaromana.org\/blog\/goto\/https:\/\/fr.wikipedia.org\/wiki\/Patrimonialisation\"  target=\"_blank\" rel=\"noopener noreferrer nofollow\">Cliquer ICI.<\/a><span><\/span>}<br \/>|{Patrimonialisation (homonymie).,<a target=\"_blank\" rel=\"nofollow\" href=\"https:\/\/www.viaromana.org\/blog\/goto\/https:\/\/fr.wikipedia.org\/wiki\/Patrimonialisation_(homonymie)\"  target=\"_blank\" rel=\"noopener noreferrer nofollow\">Article complet.<\/a><span><\/span>. Suite sur le prochain article.}<br \/>|{Pont de Gorica.,<a target=\"_blank\" rel=\"nofollow\" href=\"https:\/\/www.viaromana.org\/blog\/goto\/https:\/\/fr.wikipedia.org\/wiki\/Pont_de_Gorica\"  target=\"_blank\" rel=\"noopener noreferrer nofollow\">Ici.<\/a><span><\/span>}<br \/>|{Port d\u2019int\u00e9r\u00eat patrimonial.,<a target=\"_blank\" rel=\"nofollow\" href=\"https:\/\/www.viaromana.org\/blog\/goto\/https:\/\/fr.wikipedia.org\/wiki\/Port_d%27int%C3%A9r%C3%AAt_patrimonial\"  target=\"_blank\" rel=\"noopener noreferrer nofollow\">Cliquer ICI.<\/a><span><\/span>}<br \/>|{Prix du patrimoine culturel de l\u2019UE\/Concours Europa Nostra.,<a target=\"_blank\" rel=\"nofollow\" href=\"https:\/\/www.viaromana.org\/blog\/goto\/https:\/\/fr.wikipedia.org\/wiki\/Prix_du_patrimoine_culturel_de_l%E2%80%99UE\/Concours_Europa_Nostra\"  target=\"_blank\" rel=\"noopener noreferrer nofollow\">Ici.<\/a><span><\/span>. Suite sur le prochain article.}<br \/>|{R\u00e9seau culturel Terre catalane.,<a target=\"_blank\" rel=\"nofollow\" href=\"https:\/\/www.viaromana.org\/blog\/goto\/https:\/\/fr.wikipedia.org\/wiki\/R%C3%A9seau_culturel_Terre_catalane\"  target=\"_blank\" rel=\"noopener noreferrer nofollow\">Ici.<\/a><span><\/span>}<br \/>|{Red Tail Project.,<a target=\"_blank\" rel=\"nofollow\" href=\"https:\/\/www.viaromana.org\/blog\/goto\/https:\/\/fr.wikipedia.org\/wiki\/Red_Tail_Project\"  target=\"_blank\" rel=\"noopener noreferrer nofollow\">Article complet.<\/a><span><\/span>. Suite sur le prochain article.}<br \/>|{Registre patrimonial du Queensland.,<a target=\"_blank\" rel=\"nofollow\" href=\"https:\/\/www.viaromana.org\/blog\/goto\/https:\/\/fr.wikipedia.org\/wiki\/Registre_patrimonial_du_Queensland\"  target=\"_blank\" rel=\"noopener noreferrer nofollow\">Ici.<\/a><span><\/span>}<br \/>|{Ren\u00e9 Dinkel.,<a target=\"_blank\" rel=\"nofollow\" href=\"https:\/\/www.viaromana.org\/blog\/goto\/https:\/\/fr.wikipedia.org\/wiki\/Ren%C3%A9_Dinkel\"  target=\"_blank\" rel=\"noopener noreferrer nofollow\">L\u2019article ICI.<\/a><span><\/span>. Suite sur le prochain article.}<br \/>|{Renaissance du Lille Ancien.,<a target=\"_blank\" rel=\"nofollow\" href=\"https:\/\/www.viaromana.org\/blog\/goto\/https:\/\/fr.wikipedia.org\/wiki\/Renaissance_du_Lille_Ancien\"  target=\"_blank\" rel=\"noopener noreferrer nofollow\">Le texte de l\u2019article.<\/a><span><\/span>}<br \/>|{Restauration de la composition murale de la Maison de la Radio \u00e0 Strasbourg.,<a target=\"_blank\" rel=\"nofollow\" href=\"https:\/\/www.viaromana.org\/blog\/goto\/https:\/\/fr.wikipedia.org\/wiki\/Restauration_de_la_composition_murale_de_la_Maison_de_la_Radio_%C3%A0_Strasbourg\"  target=\"_blank\" rel=\"noopener noreferrer nofollow\">Le post d\u2019actualit\u00e9.<\/a><span><\/span>}<br \/>|{Ruine.,<a target=\"_blank\" rel=\"nofollow\" href=\"https:\/\/www.viaromana.org\/blog\/goto\/https:\/\/fr.wikipedia.org\/wiki\/Ruine\"  target=\"_blank\" rel=\"noopener noreferrer nofollow\">Le post d\u2019actualit\u00e9.<\/a><span><\/span>. Suite sur le prochain article.}<br \/>|{Secteur sauvegard\u00e9 de Lille.,<a target=\"_blank\" rel=\"nofollow\" href=\"https:\/\/www.viaromana.org\/blog\/goto\/https:\/\/fr.wikipedia.org\/wiki\/Secteur_sauvegard%C3%A9_de_Lille\"  target=\"_blank\" rel=\"noopener noreferrer nofollow\">Ici.<\/a><span><\/span>}<br \/>|{Secteur sauvegard\u00e9 de Lille.,<a target=\"_blank\" rel=\"nofollow\" href=\"https:\/\/www.viaromana.org\/blog\/goto\/https:\/\/fr.wikipedia.org\/wiki\/Secteur_sauvegard%C3%A9_de_Lille\"  target=\"_blank\" rel=\"noopener noreferrer nofollow\">Ici.<\/a><span><\/span>. Suite sur le prochain article.}<br \/>|{Secteur sauvegard\u00e9 de Sedan.,<a target=\"_blank\" rel=\"nofollow\" href=\"https:\/\/www.viaromana.org\/blog\/goto\/https:\/\/fr.wikipedia.org\/wiki\/Secteur_sauvegard%C3%A9_de_Sedan\"  target=\"_blank\" rel=\"noopener noreferrer nofollow\">Article complet.<\/a><span><\/span>. Suite sur le prochain article.}<br \/>|{Secteur sauvegard\u00e9 de Sedan.,<a target=\"_blank\" rel=\"nofollow\" href=\"https:\/\/www.viaromana.org\/blog\/goto\/https:\/\/fr.wikipedia.org\/wiki\/Secteur_sauvegard%C3%A9_de_Sedan\"  target=\"_blank\" rel=\"noopener noreferrer nofollow\">Cliquer ICI.<\/a><span><\/span>. Suite sur le prochain article.}<br \/>|{Sites culturels construits d\u2019int\u00e9r\u00eat national en Finlande.,<a target=\"_blank\" rel=\"nofollow\" href=\"https:\/\/www.viaromana.org\/blog\/goto\/https:\/\/fr.wikipedia.org\/wiki\/Sites_culturels_construits_d%27int%C3%A9r%C3%AAt_national_en_Finlande\"  target=\"_blank\" rel=\"noopener noreferrer nofollow\">Le dossier.<\/a><span><\/span>. Suite sur le prochain article.}<br \/>|{Sites culturels construits d\u2019int\u00e9r\u00eat national en Finlande.,<a target=\"_blank\" rel=\"nofollow\" href=\"https:\/\/www.viaromana.org\/blog\/goto\/https:\/\/fr.wikipedia.org\/wiki\/Sites_culturels_construits_d%27int%C3%A9r%C3%AAt_national_en_Finlande\"  target=\"_blank\" rel=\"noopener noreferrer nofollow\">Le post d\u2019actualit\u00e9.<\/a><span><\/span>}<br \/>|{Sites historiques et culturels majeurs prot\u00e9g\u00e9s au niveau national.,<a target=\"_blank\" rel=\"nofollow\" href=\"https:\/\/www.viaromana.org\/blog\/goto\/https:\/\/fr.wikipedia.org\/wiki\/Sites_historiques_et_culturels_majeurs_prot%C3%A9g%C3%A9s_au_niveau_national\"  target=\"_blank\" rel=\"noopener noreferrer nofollow\">Le post d\u2019actualit\u00e9.<\/a><span><\/span>}<br \/>|{Sites historiques et culturels majeurs prot\u00e9g\u00e9s au niveau national.,<a target=\"_blank\" rel=\"nofollow\" href=\"https:\/\/www.viaromana.org\/blog\/goto\/https:\/\/fr.wikipedia.org\/wiki\/Sites_historiques_et_culturels_majeurs_prot%C3%A9g%C3%A9s_au_niveau_national\"  target=\"_blank\" rel=\"noopener noreferrer nofollow\">Ici.<\/a><span><\/span>}<br \/>|{Sites historiques et culturels majeurs prot\u00e9g\u00e9s au niveau national (Gansu).,<a target=\"_blank\" rel=\"nofollow\" href=\"https:\/\/www.viaromana.org\/blog\/goto\/https:\/\/fr.wikipedia.org\/wiki\/Sites_historiques_et_culturels_majeurs_prot%C3%A9g%C3%A9s_au_niveau_national_(Gansu)\"  target=\"_blank\" rel=\"noopener noreferrer nofollow\">Article complet.<\/a><span><\/span>}<br \/>|{Sites historiques et culturels majeurs prot\u00e9g\u00e9s au niveau national (Gansu).,<a target=\"_blank\" rel=\"nofollow\" href=\"https:\/\/www.viaromana.org\/blog\/goto\/https:\/\/fr.wikipedia.org\/wiki\/Sites_historiques_et_culturels_majeurs_prot%C3%A9g%C3%A9s_au_niveau_national_(Gansu)\"  target=\"_blank\" rel=\"noopener noreferrer nofollow\">Cliquer ICI.<\/a><span><\/span>}<br \/>|{Sites historiques et culturels majeurs prot\u00e9g\u00e9s au niveau national (Hebei).,<a target=\"_blank\" rel=\"nofollow\" href=\"https:\/\/www.viaromana.org\/blog\/goto\/https:\/\/fr.wikipedia.org\/wiki\/Sites_historiques_et_culturels_majeurs_prot%C3%A9g%C3%A9s_au_niveau_national_(Hebei)\"  target=\"_blank\" rel=\"noopener noreferrer nofollow\">Le texte de l\u2019article.<\/a><span><\/span>. Suite sur le prochain article.}<br \/>|{Sites historiques et culturels majeurs prot\u00e9g\u00e9s au niveau national (Hebei).,<a target=\"_blank\" rel=\"nofollow\" href=\"https:\/\/www.viaromana.org\/blog\/goto\/https:\/\/fr.wikipedia.org\/wiki\/Sites_historiques_et_culturels_majeurs_prot%C3%A9g%C3%A9s_au_niveau_national_(Hebei)\"  target=\"_blank\" rel=\"noopener noreferrer nofollow\">Article complet.<\/a><span><\/span>}<br \/>|{Sites historiques et culturels majeurs prot\u00e9g\u00e9s au niveau national (Heilongjiang).,<a target=\"_blank\" rel=\"nofollow\" href=\"https:\/\/www.viaromana.org\/blog\/goto\/https:\/\/fr.wikipedia.org\/wiki\/Sites_historiques_et_culturels_majeurs_prot%C3%A9g%C3%A9s_au_niveau_national_(Heilongjiang)\"  target=\"_blank\" rel=\"noopener noreferrer nofollow\">A lire ici.<\/a><span><\/span>}<br \/>|{Sites historiques et culturels majeurs prot\u00e9g\u00e9s au niveau national (Heilongjiang).,<a target=\"_blank\" rel=\"nofollow\" href=\"https:\/\/www.viaromana.org\/blog\/goto\/https:\/\/fr.wikipedia.org\/wiki\/Sites_historiques_et_culturels_majeurs_prot%C3%A9g%C3%A9s_au_niveau_national_(Heilongjiang)\"  target=\"_blank\" rel=\"noopener noreferrer nofollow\">Le post d\u2019actualit\u00e9.<\/a><span><\/span>. Suite sur le prochain article.}<br \/>|{Sites historiques et culturels majeurs prot\u00e9g\u00e9s au niveau national (Jiangxi).,<a target=\"_blank\" rel=\"nofollow\" href=\"https:\/\/www.viaromana.org\/blog\/goto\/https:\/\/fr.wikipedia.org\/wiki\/Sites_historiques_et_culturels_majeurs_prot%C3%A9g%C3%A9s_au_niveau_national_(Jiangxi)\"  target=\"_blank\" rel=\"noopener noreferrer nofollow\">A lire ici.<\/a><span><\/span>}<br \/>|{Sites historiques et culturels majeurs prot\u00e9g\u00e9s au niveau national (Jiangxi).,<a target=\"_blank\" rel=\"nofollow\" href=\"https:\/\/www.viaromana.org\/blog\/goto\/https:\/\/fr.wikipedia.org\/wiki\/Sites_historiques_et_culturels_majeurs_prot%C3%A9g%C3%A9s_au_niveau_national_(Jiangxi)\"  target=\"_blank\" rel=\"noopener noreferrer nofollow\">Le texte de l\u2019article.<\/a><span><\/span>. Suite sur le prochain article.}<br \/>|{Sites historiques et culturels majeurs prot\u00e9g\u00e9s au niveau national (Liaoning).,<a target=\"_blank\" rel=\"nofollow\" href=\"https:\/\/www.viaromana.org\/blog\/goto\/https:\/\/fr.wikipedia.org\/wiki\/Sites_historiques_et_culturels_majeurs_prot%C3%A9g%C3%A9s_au_niveau_national_(Liaoning)\"  target=\"_blank\" rel=\"noopener noreferrer nofollow\">Article complet.<\/a><span><\/span>}<br \/>|{Sites historiques et culturels majeurs prot\u00e9g\u00e9s au niveau national (Liaoning).,<a target=\"_blank\" rel=\"nofollow\" href=\"https:\/\/www.viaromana.org\/blog\/goto\/https:\/\/fr.wikipedia.org\/wiki\/Sites_historiques_et_culturels_majeurs_prot%C3%A9g%C3%A9s_au_niveau_national_(Liaoning)\"  target=\"_blank\" rel=\"noopener noreferrer nofollow\">L\u2019article ICI.<\/a><span><\/span>}<br \/>|{Sites historiques et culturels majeurs prot\u00e9g\u00e9s au niveau national (Mongolie int\u00e9rieure).,<a target=\"_blank\" rel=\"nofollow\" href=\"https:\/\/www.viaromana.org\/blog\/goto\/https:\/\/fr.wikipedia.org\/wiki\/Sites_historiques_et_culturels_majeurs_prot%C3%A9g%C3%A9s_au_niveau_national_(Mongolie_int%C3%A9rieure)\"  target=\"_blank\" rel=\"noopener noreferrer nofollow\">Cliquer ICI.<\/a><span><\/span>}<br \/>|{Sites historiques et culturels majeurs prot\u00e9g\u00e9s au niveau national (Mongolie int\u00e9rieure).,<a target=\"_blank\" rel=\"nofollow\" href=\"https:\/\/www.viaromana.org\/blog\/goto\/https:\/\/fr.wikipedia.org\/wiki\/Sites_historiques_et_culturels_majeurs_prot%C3%A9g%C3%A9s_au_niveau_national_(Mongolie_int%C3%A9rieure)\"  target=\"_blank\" rel=\"noopener noreferrer nofollow\">Cliquer ICI.<\/a><span><\/span>}<br \/>|{Sites historiques et culturels majeurs prot\u00e9g\u00e9s au niveau national (Ningxia).,<a target=\"_blank\" rel=\"nofollow\" href=\"https:\/\/www.viaromana.org\/blog\/goto\/https:\/\/fr.wikipedia.org\/wiki\/Sites_historiques_et_culturels_majeurs_prot%C3%A9g%C3%A9s_au_niveau_national_(Ningxia)\"  target=\"_blank\" rel=\"noopener noreferrer nofollow\">L\u2019article ICI.<\/a><span><\/span>}<br \/>|{Sites historiques et culturels majeurs prot\u00e9g\u00e9s au niveau national (Ningxia).,<a target=\"_blank\" rel=\"nofollow\" href=\"https:\/\/www.viaromana.org\/blog\/goto\/https:\/\/fr.wikipedia.org\/wiki\/Sites_historiques_et_culturels_majeurs_prot%C3%A9g%C3%A9s_au_niveau_national_(Ningxia)\"  target=\"_blank\" rel=\"noopener noreferrer nofollow\">Article complet.<\/a><span><\/span>}<br \/>|{Sites historiques et culturels majeurs prot\u00e9g\u00e9s au niveau national (Shaanxi).,<a target=\"_blank\" rel=\"nofollow\" href=\"https:\/\/www.viaromana.org\/blog\/goto\/https:\/\/fr.wikipedia.org\/wiki\/Sites_historiques_et_culturels_majeurs_prot%C3%A9g%C3%A9s_au_niveau_national_(Shaanxi)\"  target=\"_blank\" rel=\"noopener noreferrer nofollow\">Article complet.<\/a><span><\/span>}<br \/>|{Sites historiques et culturels majeurs prot\u00e9g\u00e9s au niveau national (Shaanxi).,<a target=\"_blank\" rel=\"nofollow\" href=\"https:\/\/www.viaromana.org\/blog\/goto\/https:\/\/fr.wikipedia.org\/wiki\/Sites_historiques_et_culturels_majeurs_prot%C3%A9g%C3%A9s_au_niveau_national_(Shaanxi)\"  target=\"_blank\" rel=\"noopener noreferrer nofollow\">Cliquer ICI.<\/a><span><\/span>. Suite sur le prochain article.}<br \/>|{Sites historiques et culturels majeurs prot\u00e9g\u00e9s au niveau national (Sichuan).,<a target=\"_blank\" rel=\"nofollow\" href=\"https:\/\/www.viaromana.org\/blog\/goto\/https:\/\/fr.wikipedia.org\/wiki\/Sites_historiques_et_culturels_majeurs_prot%C3%A9g%C3%A9s_au_niveau_national_(Sichuan)\"  target=\"_blank\" rel=\"noopener noreferrer nofollow\">L\u2019article de presse.<\/a><span><\/span>. Suite sur le prochain article.}<br \/>|{Sites historiques et culturels majeurs prot\u00e9g\u00e9s au niveau national (Sichuan).,<a target=\"_blank\" rel=\"nofollow\" href=\"https:\/\/www.viaromana.org\/blog\/goto\/https:\/\/fr.wikipedia.org\/wiki\/Sites_historiques_et_culturels_majeurs_prot%C3%A9g%C3%A9s_au_niveau_national_(Sichuan)\"  target=\"_blank\" rel=\"noopener noreferrer nofollow\">Article complet.<\/a><span><\/span>}<br \/>|{Sites historiques et culturels majeurs prot\u00e9g\u00e9s au niveau national (Xinjiang).,<a target=\"_blank\" rel=\"nofollow\" href=\"https:\/\/www.viaromana.org\/blog\/goto\/https:\/\/fr.wikipedia.org\/wiki\/Sites_historiques_et_culturels_majeurs_prot%C3%A9g%C3%A9s_au_niveau_national_(Xinjiang)\"  target=\"_blank\" rel=\"noopener noreferrer nofollow\">Le dossier.<\/a><span><\/span>. Suite sur le prochain article.}<br \/>|{Sites historiques et culturels majeurs prot\u00e9g\u00e9s au niveau national (Xinjiang).,<a target=\"_blank\" rel=\"nofollow\" href=\"https:\/\/www.viaromana.org\/blog\/goto\/https:\/\/fr.wikipedia.org\/wiki\/Sites_historiques_et_culturels_majeurs_prot%C3%A9g%C3%A9s_au_niveau_national_(Xinjiang)\"  target=\"_blank\" rel=\"noopener noreferrer nofollow\">Article complet.<\/a><span><\/span>}<br \/>|{Sites historiques et culturels majeurs prot\u00e9g\u00e9s de la r\u00e9gion autonome du Tibet.,<a target=\"_blank\" rel=\"nofollow\" href=\"https:\/\/www.viaromana.org\/blog\/goto\/https:\/\/fr.wikipedia.org\/wiki\/Sites_historiques_et_culturels_majeurs_prot%C3%A9g%C3%A9s_de_la_r%C3%A9gion_autonome_du_Tibet\"  target=\"_blank\" rel=\"noopener noreferrer nofollow\">Article complet.<\/a><span><\/span>}<br \/>|{Sites historiques et culturels majeurs prot\u00e9g\u00e9s de la r\u00e9gion autonome du Tibet.,<a target=\"_blank\" rel=\"nofollow\" href=\"https:\/\/www.viaromana.org\/blog\/goto\/https:\/\/fr.wikipedia.org\/wiki\/Sites_historiques_et_culturels_majeurs_prot%C3%A9g%C3%A9s_de_la_r%C3%A9gion_autonome_du_Tibet\"  target=\"_blank\" rel=\"noopener noreferrer nofollow\">L\u2019article de presse.<\/a><span><\/span>. Suite sur le prochain article.}<br \/>|{Soci\u00e9t\u00e9 Jersiaise.,<a target=\"_blank\" rel=\"nofollow\" href=\"https:\/\/www.viaromana.org\/blog\/goto\/https:\/\/fr.wikipedia.org\/wiki\/Soci%C3%A9t%C3%A9_Jersiaise\"  target=\"_blank\" rel=\"noopener noreferrer nofollow\">Le texte de l\u2019article.<\/a><span><\/span>}<br \/>|{Soci\u00e9t\u00e9 Jersiaise.,<a target=\"_blank\" rel=\"nofollow\" href=\"https:\/\/www.viaromana.org\/blog\/goto\/https:\/\/fr.wikipedia.org\/wiki\/Soci%C3%A9t%C3%A9_Jersiaise\"  target=\"_blank\" rel=\"noopener noreferrer nofollow\">Cliquer ICI.<\/a><span><\/span>}<br \/>|{Th\u00e9orie de la restauration.,<a target=\"_blank\" rel=\"nofollow\" href=\"https:\/\/www.viaromana.org\/blog\/goto\/https:\/\/fr.wikipedia.org\/wiki\/Th%C3%A9orie_de_la_restauration\"  target=\"_blank\" rel=\"noopener noreferrer nofollow\">Article complet.<\/a><span><\/span>}<br \/>|{Tr\u00e9sor national (Japon).,<a target=\"_blank\" rel=\"nofollow\" href=\"https:\/\/www.viaromana.org\/blog\/goto\/https:\/\/fr.wikipedia.org\/wiki\/Tr%C3%A9sor_national_(Japon)\"  target=\"_blank\" rel=\"noopener noreferrer nofollow\">L\u2019article ICI.<\/a><span><\/span>. Suite sur le prochain article.}<br \/>|{Web Journal on Cultural Patrimony.,<a target=\"_blank\" rel=\"nofollow\" href=\"https:\/\/www.viaromana.org\/blog\/goto\/https:\/\/fr.wikipedia.org\/wiki\/Web_Journal_on_Cultural_Patrimony\"  target=\"_blank\" rel=\"noopener noreferrer nofollow\">L\u2019article ICI.<\/a><span><\/span>}<br \/>|{Whanganui.,<a target=\"_blank\" rel=\"nofollow\" href=\"https:\/\/www.viaromana.org\/blog\/goto\/https:\/\/fr.wikipedia.org\/wiki\/Whanganui\"  target=\"_blank\" rel=\"noopener noreferrer nofollow\">A lire ici.<\/a><span><\/span>}<br \/>|{Wiki Loves Earth.,<a target=\"_blank\" rel=\"nofollow\" href=\"https:\/\/www.viaromana.org\/blog\/goto\/https:\/\/fr.wikipedia.org\/wiki\/Wiki_Loves_Earth\"  target=\"_blank\" rel=\"noopener noreferrer nofollow\">Article complet.<\/a><span><\/span>. Suite sur le prochain article.}<br \/>|{Wiki Loves Monuments.,<a target=\"_blank\" rel=\"nofollow\" href=\"https:\/\/www.viaromana.org\/blog\/goto\/https:\/\/fr.wikipedia.org\/wiki\/Wiki_Loves_Monuments\"  target=\"_blank\" rel=\"noopener noreferrer nofollow\">A lire ici.<\/a><span><\/span>}<br \/>|{vitrail.,<a target=\"_blank\" rel=\"nofollow\" href=\"https:\/\/www.viaromana.org\/blog\/goto\/https:\/\/fr.wikipedia.orghttps:\/\/fr.wikipedia.org\/wiki\/Vitrail\"  target=\"_blank\" rel=\"noopener noreferrer nofollow\">Le dossier.<\/a><span><\/span>}<br \/>|{Les ICC Notes de l\u2019Institut canadien pour la conservation.,<a target=\"_blank\" rel=\"nofollow\" href=\"https:\/\/www.viaromana.org\/blog\/goto\/https:\/\/www.canada.ca\/fr\/institut-conservation\/services\/publications-conservation-preservation\/notes-institut-canadien-conservation.html\"  target=\"_blank\" rel=\"noopener noreferrer nofollow\">L\u2019article ICI.<\/a><span><\/span>. Suite sur le prochain article.}<br \/>|{Centre de conservation du Qu\u00e9bec .,<a target=\"_blank\" rel=\"nofollow\" href=\"https:\/\/www.viaromana.org\/blog\/goto\/https:\/\/www.ccq.gouv.qc.ca\/index-id%3d84.html\"  target=\"_blank\" rel=\"noopener noreferrer nofollow\">L\u2019article de presse.<\/a><span><\/span>}<br \/>|{Monumental n\u00b022 Conservation, restauration, restauration, doctrines.,<a target=\"_blank\" rel=\"nofollow\" href=\"https:\/\/www.viaromana.org\/blog\/goto\/https:\/\/www.editions-du-patrimoine.fr\/Librairie\/Monumental\/Monumental-N-22-Conservation.-restauration-doctrines?pRelatedEditions=3\"  target=\"_blank\" rel=\"noopener noreferrer nofollow\">Le post d\u2019actualit\u00e9.<\/a><span><\/span>}<br \/>|{Ge-conservacion.,<a target=\"_blank\" rel=\"nofollow\" href=\"https:\/\/www.viaromana.org\/blog\/goto\/https:\/\/www.ge-iic.com\/ojs\/index.php\/revista\/issue\/archive\"  target=\"_blank\" rel=\"noopener noreferrer nofollow\">Le post d\u2019actualit\u00e9.<\/a><span><\/span>}<br \/>|{en ligne ici.,<a target=\"_blank\" rel=\"nofollow\" href=\"https:\/\/www.viaromana.org\/blog\/goto\/https:\/\/www.ifla.org\/resources\/?_sfm_resource_topic=1200820&amp;_sfm_resource_type=All\"  target=\"_blank\" rel=\"noopener noreferrer nofollow\">Cliquer ICI.<\/a><span><\/span>}<br \/>|{News in Conservation.,<a target=\"_blank\" rel=\"nofollow\" href=\"https:\/\/www.viaromana.org\/blog\/goto\/https:\/\/www.iiconservation.org\/publications\/nic\"  target=\"_blank\" rel=\"noopener noreferrer nofollow\">Le texte de l\u2019article.<\/a><span><\/span>}<br \/>|{Image permanence Institute.,<a target=\"_blank\" rel=\"nofollow\" href=\"https:\/\/www.viaromana.org\/blog\/goto\/https:\/\/www.imagepermanenceinstitute.org\/education\/publications.html\"  target=\"_blank\" rel=\"noopener noreferrer nofollow\">Ici.<\/a><span><\/span>. Suite sur le prochain article.}<br \/>|{Les Preservation leaflets du NEDCC \u2013 Northeast document center.,<a target=\"_blank\" rel=\"nofollow\" href=\"https:\/\/www.viaromana.org\/blog\/goto\/https:\/\/www.nedcc.org\/free-resources\/preservation-leaflets\/overview\"  target=\"_blank\" rel=\"noopener noreferrer nofollow\">Le dossier.<\/a><span><\/span>}<br \/>|{Conserve O Gram du National Park Service.,<a target=\"_blank\" rel=\"nofollow\" href=\"https:\/\/www.viaromana.org\/blog\/goto\/https:\/\/www.nps.gov\/museum\/publications\/conserveogram\/cons_toc.html\"  target=\"_blank\" rel=\"noopener noreferrer nofollow\">A lire ici.<\/a><span><\/span>. Suite sur le prochain article.}<br \/>|{Petite histoire de la restauration des monuments historiques.,<a target=\"_blank\" rel=\"nofollow\" href=\"https:\/\/www.viaromana.org\/blog\/goto\/https:\/\/www.tourisme93.com\/petite-histoire-de-la-restauration-des-monuments-historiques.html\"  target=\"_blank\" rel=\"noopener noreferrer nofollow\">Cliquer ICI.<\/a><span><\/span>}<br \/>}<br \/>{{Link.,<a target=\"_blank\" rel=\"nofollow\" href=\"https:\/\/www.viaromana.org\/blog\/goto\/https:\/\/www.site.cdcl.xyz\/2024\/10\/08\/que-deviendra-le-hezbollah\/URL\"  target=\"_blank\" rel=\"noopener noreferrer nofollow\">Le post d\u2019actualit\u00e9.<\/a><span><\/span>}<br \/>|{B\u00e2timent restaur\u00e9 par Eug\u00e8ne Viollet-le-Duc.,<a target=\"_blank\" rel=\"nofollow\" href=\"https:\/\/www.viaromana.org\/blog\/goto\/https:\/\/www.site.cdcl.xyz\/wiki\/Cat%C3%A9gorie:B%C3%A2timent_restaur%C3%A9_par_Eug%C3%A8ne_Viollet-le-Duc\"  target=\"_blank\" rel=\"noopener noreferrer nofollow\">Ici.<\/a><span><\/span>}<br \/>|{B\u00e2timent restaur\u00e9 par F\u00e9lix Duban.,<a target=\"_blank\" rel=\"nofollow\" href=\"https:\/\/www.viaromana.org\/blog\/goto\/https:\/\/www.site.cdcl.xyz\/wiki\/Cat%C3%A9gorie:B%C3%A2timent_restaur%C3%A9_par_F%C3%A9lix_Duban\"  target=\"_blank\" rel=\"noopener noreferrer nofollow\">L\u2019article de presse.<\/a><span><\/span>. Suite sur le prochain article.}<br \/>|{B\u00e2timent restaur\u00e9 par Jean-Baptiste Lassus.,<a target=\"_blank\" rel=\"nofollow\" href=\"https:\/\/www.viaromana.org\/blog\/goto\/https:\/\/www.site.cdcl.xyz\/wiki\/Cat%C3%A9gorie:B%C3%A2timent_restaur%C3%A9_par_Jean-Baptiste_Lassus\"  target=\"_blank\" rel=\"noopener noreferrer nofollow\">Le texte de l\u2019article.<\/a><span><\/span>. Suite sur le prochain article.}<br \/>|{Bien culturel folklorique important de la Cor\u00e9e du Sud.,<a target=\"_blank\" rel=\"nofollow\" href=\"https:\/\/www.viaromana.org\/blog\/goto\/https:\/\/www.site.cdcl.xyz\/wiki\/Cat%C3%A9gorie:Bien_culturel_folklorique_important_de_la_Cor%C3%A9e_du_Sud\"  target=\"_blank\" rel=\"noopener noreferrer nofollow\">Le post d\u2019actualit\u00e9.<\/a><span><\/span>. Suite sur le prochain article.}<br \/>|{Organisme \u00e0 d\u00e9couvrir GCI.,<a target=\"_blank\" rel=\"nofollow\" href=\"https:\/\/www.viaromana.org\/blog\/goto\/http:\/\/aata.getty.edu\/Home\"  target=\"_blank\" rel=\"noopener noreferrer nofollow\">Le texte de l\u2019article.<\/a><span><\/span>. Suite sur le prochain article.}<br \/>|{Du CICRP \u2013 Centre interr\u00e9gional de conservation et restauration du patrimoine.,<a target=\"_blank\" rel=\"nofollow\" href=\"https:\/\/www.viaromana.org\/blog\/goto\/http:\/\/cicrp.info\/fiches-pratiques\/\"  target=\"_blank\" rel=\"noopener noreferrer nofollow\">L\u2019article de presse.<\/a><span><\/span>}<br \/>|{Organisme \u00e0 d\u00e9couvrir COol .,<a target=\"_blank\" rel=\"nofollow\" href=\"https:\/\/www.viaromana.org\/blog\/goto\/http:\/\/cool.conservation-us.org\/\"  target=\"_blank\" rel=\"noopener noreferrer nofollow\">Le texte de l\u2019article.<\/a><span><\/span>. Suite sur le prochain article.}<br \/>|{Le Corpus Vitrearum International .,<a target=\"_blank\" rel=\"nofollow\" href=\"https:\/\/www.viaromana.org\/blog\/goto\/http:\/\/cvi.cvma-freiburg.de\"  target=\"_blank\" rel=\"noopener noreferrer nofollow\">Le texte de l\u2019article.<\/a><span><\/span>. Suite sur le prochain article.}<br \/>|{E-conservation Journal .,<a target=\"_blank\" rel=\"nofollow\" href=\"https:\/\/www.viaromana.org\/blog\/goto\/http:\/\/e-conservation.org\/\"  target=\"_blank\" rel=\"noopener noreferrer nofollow\">L\u2019article ICI.<\/a><span><\/span>}<br \/>|{Organisme \u00e0 d\u00e9couvrir ICOM .,<a target=\"_blank\" rel=\"nofollow\" href=\"https:\/\/www.viaromana.org\/blog\/goto\/http:\/\/icom.museum\/que-faisons-nous\/ressources\/bibliographies\/L\/2.html\"  target=\"_blank\" rel=\"noopener noreferrer nofollow\">A lire ici.<\/a><span><\/span>}<br \/>|{In Situ. Revue des patrimoines.,<a target=\"_blank\" rel=\"nofollow\" href=\"https:\/\/www.viaromana.org\/blog\/goto\/http:\/\/insitu.revues.org\"  target=\"_blank\" rel=\"noopener noreferrer nofollow\">Le texte de l\u2019article.<\/a><span><\/span>}<br \/>|{Organisme \u00e0 d\u00e9couvrir INP.,<a target=\"_blank\" rel=\"nofollow\" href=\"https:\/\/www.viaromana.org\/blog\/goto\/http:\/\/mediatheque-numerique.inp.fr\/\"  target=\"_blank\" rel=\"noopener noreferrer nofollow\">Ici.<\/a><span><\/span>}<br \/>|{De la Biblioth\u00e8que nationale de France.,<a target=\"_blank\" rel=\"nofollow\" href=\"https:\/\/www.viaromana.org\/blog\/goto\/http:\/\/www.bnf.fr\/fr\/professionnels\/conservation_fiches_pratiques\/s.conservation_fiches_prevention.html\"  target=\"_blank\" rel=\"noopener noreferrer nofollow\">Le post d\u2019actualit\u00e9.<\/a><span><\/span>}<br \/>|{CeROArt&nbsp;.,<a target=\"_blank\" rel=\"nofollow\" href=\"https:\/\/www.viaromana.org\/blog\/goto\/http:\/\/www.ceroart.org\/\"  target=\"_blank\" rel=\"noopener noreferrer nofollow\">L\u2019article ICI.<\/a><span><\/span>. Suite sur le prochain article.}<br \/>|{Le Journal of Film Preservation.,<a target=\"_blank\" rel=\"nofollow\" href=\"https:\/\/www.viaromana.org\/blog\/goto\/http:\/\/www.fiafnet.org\/fr\/publications\/fep_journal.html\"  target=\"_blank\" rel=\"noopener noreferrer nofollow\">Le post d\u2019actualit\u00e9.<\/a><span><\/span>. Suite sur le prochain article.}<br \/>|{Getty conservation Institute.,<a target=\"_blank\" rel=\"nofollow\" href=\"https:\/\/www.viaromana.org\/blog\/goto\/http:\/\/www.getty.edu\/search\/publications\"  target=\"_blank\" rel=\"noopener noreferrer nofollow\">Le post d\u2019actualit\u00e9.<\/a><span><\/span>}<br \/>|{Organisme \u00e0 d\u00e9couvrir ICOMOS.,<a target=\"_blank\" rel=\"nofollow\" href=\"https:\/\/www.viaromana.org\/blog\/goto\/http:\/\/www.international.icomos.org\/fr\/centre-de-documentation\"  target=\"_blank\" rel=\"noopener noreferrer nofollow\">Le dossier.<\/a><span><\/span>. Suite sur le prochain article.}<br \/>|{Organisme \u00e0 d\u00e9couvrir &nbsp;OCIM.,<a target=\"_blank\" rel=\"nofollow\" href=\"https:\/\/www.viaromana.org\/blog\/goto\/http:\/\/www.ocim.fr\/bibliographie\/\"  target=\"_blank\" rel=\"noopener noreferrer nofollow\">L\u2019article de presse.<\/a><span><\/span>}<br \/>|{Les Insectes mus\u00e9ophages del\u2019OCIM \u2013 Office de coop\u00e9ration et d\u2019information mus\u00e9ales.,<a target=\"_blank\" rel=\"nofollow\" href=\"https:\/\/www.viaromana.org\/blog\/goto\/http:\/\/www.ocim.fr\/repertoires\/insectes\/\"  target=\"_blank\" rel=\"noopener noreferrer nofollow\">Article complet.<\/a><span><\/span>}<br \/>|{Du C2RMF \u2013 Centre de recherche et de restauration des mus\u00e9es de France.,<a target=\"_blank\" rel=\"nofollow\" href=\"https:\/\/www.viaromana.org\/blog\/goto\/https:\/\/c2rmf.fr\/fiches-techniques-0\"  target=\"_blank\" rel=\"noopener noreferrer nofollow\">A lire ici.<\/a><span><\/span>}<br \/>|{Guide pratique pour le marquage d\u2019identification des biens culturels \u2013 C2RMF.,<a target=\"_blank\" rel=\"nofollow\" href=\"https:\/\/www.viaromana.org\/blog\/goto\/https:\/\/c2rmf.fr\/sites\/c2rmf\/files\/guide_pratique_pour_le_marquage_2015.pdf\"  target=\"_blank\" rel=\"noopener noreferrer nofollow\">Le texte de l\u2019article.<\/a><span><\/span>}<br \/>|{Vade-mecum de la conservation pr\u00e9ventive \u2013 C2RMF.,<a target=\"_blank\" rel=\"nofollow\" href=\"https:\/\/www.viaromana.org\/blog\/goto\/https:\/\/c2rmf.fr\/sites\/c2rmf\/files\/vademecum_cc.pdf\"  target=\"_blank\" rel=\"noopener noreferrer nofollow\">Le post d\u2019actualit\u00e9.<\/a><span><\/span>}<br \/>|{La conservation des objets mobiliers dans les \u00e9glises : outil d\u2019auto-\u00e9valuation.,<a target=\"_blank\" rel=\"nofollow\" href=\"https:\/\/www.viaromana.org\/blog\/goto\/https:\/\/culture.gouv.fr\/Media\/Thematiques\/Circulation-des-biens-culturels\/Files\/Ressources-doc-Guides-et-procedures\/Guide-La-conservation-des-objets-mobiliers-dans-les-eglises-2004\"  target=\"_blank\" rel=\"noopener noreferrer nofollow\">Le post d\u2019actualit\u00e9.<\/a><span><\/span>}<br \/>|{M\u00e9tiers de la restauration du patrimoine, statuts, conditions d\u2019exercice et fiscalit\u00e9, fiche pratique MC, 2018.,<a target=\"_blank\" rel=\"nofollow\" href=\"https:\/\/www.viaromana.org\/blog\/goto\/https:\/\/culture.gouv.fr\/Media\/Thematiques\/Conservation-restauration\/Fichiers\/Fiches-pratiques-manuels-et-revues\/Fiche-metiers-de-la-restauration-2019\"  target=\"_blank\" rel=\"noopener noreferrer nofollow\">Le texte de l\u2019article.<\/a><span><\/span>. Suite sur le prochain article.}<br \/>|{S\u00e9curit\u00e9 des biens culturels, de la pr\u00e9vention du vol \u00e0 la restitution de l\u2019objet vol\u00e9.,<a target=\"_blank\" rel=\"nofollow\" href=\"https:\/\/www.viaromana.org\/blog\/goto\/https:\/\/culture.gouv.fr\/Media\/Thematiques\/Conservation-restauration\/Fichiers\/Fiches-pratiques-manuels-et-revues\/Securite-des-biens-culturels-de-la-prevention-du-vol-a-la-restitution-de-l-objet-vole\"  target=\"_blank\" rel=\"noopener noreferrer nofollow\">Article complet.<\/a><span><\/span>}<br \/>|{Petit Guide \u00e0 l\u2019usage des personnes souhaitant entretenir une s\u00e9pulture.,<a target=\"_blank\" rel=\"nofollow\" href=\"https:\/\/www.viaromana.org\/blog\/goto\/https:\/\/culture.gouv.fr\/Media\/Thematiques\/Conservation-restauration\/Fichiers\/Ressources-documentaires\/entretenir-une-sepulture\"  target=\"_blank\" rel=\"noopener noreferrer nofollow\">Le texte de l\u2019article.<\/a><span><\/span>}<br \/>|{Rescuing the Hidden European Wooden Churches Heritage : an international methodology for implementing a database for restoration projects.,<a target=\"_blank\" rel=\"nofollow\" href=\"https:\/\/www.viaromana.org\/blog\/goto\/https:\/\/culture.gouv.fr\/Media\/Thematiques\/Conservation-restauration\/Fichiers\/Ressources-documentaires\/hiddenchurches\"  target=\"_blank\" rel=\"noopener noreferrer nofollow\">Cliquer ICI.<\/a><span><\/span>}<br \/>|{Guides de ma\u00eetrise d\u2019ouvrage et de ma\u00eetrise d\u2019\u0153uvre \u2013 Monuments historiques.,<a target=\"_blank\" rel=\"nofollow\" href=\"https:\/\/www.viaromana.org\/blog\/goto\/https:\/\/culture.gouv.fr\/Region\/Drac-Auvergne-Rhone-Alpes\/Demarches-aides\/Demarches-et-conseils-patrimoine-urbanisme-qualite-architecturale\/Guides-pratiques-travaux-sur-monuments-historiques\"  target=\"_blank\" rel=\"noopener noreferrer nofollow\">Le post d\u2019actualit\u00e9.<\/a><span><\/span>}<br \/>|{Charte de Venise.,<a target=\"_blank\" rel=\"nofollow\" href=\"https:\/\/www.viaromana.org\/blog\/goto\/https:\/\/fr.wikipedia.org\/wiki\/Charte_de_Venise\"  target=\"_blank\" rel=\"noopener noreferrer nofollow\">Article complet.<\/a><span><\/span>. Suite sur le prochain article.}<br \/>|{Charte de Washington.,<a target=\"_blank\" rel=\"nofollow\" href=\"https:\/\/www.viaromana.org\/blog\/goto\/https:\/\/fr.wikipedia.org\/wiki\/Charte_de_Washington\"  target=\"_blank\" rel=\"noopener noreferrer nofollow\">Le texte de l\u2019article.<\/a><span><\/span>. Suite sur le prochain article.}<br \/>|{CIDOC Conceptual Reference Model.,<a target=\"_blank\" rel=\"nofollow\" href=\"https:\/\/www.viaromana.org\/blog\/goto\/https:\/\/fr.wikipedia.org\/wiki\/CIDOC_Conceptual_Reference_Model\"  target=\"_blank\" rel=\"noopener noreferrer nofollow\">L\u2019article de presse.<\/a><span><\/span>. Suite sur le prochain article.}<br \/>|{Club pour le vieux Prague.,<a target=\"_blank\" rel=\"nofollow\" href=\"https:\/\/www.viaromana.org\/blog\/goto\/https:\/\/fr.wikipedia.org\/wiki\/Club_pour_le_vieux_Prague\"  target=\"_blank\" rel=\"noopener noreferrer nofollow\">Le texte de l\u2019article.<\/a><span><\/span>}<br \/>|{Code du patrimoine.,<a target=\"_blank\" rel=\"nofollow\" href=\"https:\/\/www.viaromana.org\/blog\/goto\/https:\/\/fr.wikipedia.org\/wiki\/Code_du_patrimoine\"  target=\"_blank\" rel=\"noopener noreferrer nofollow\">Le dossier.<\/a><span><\/span>}<br \/>|{Collection Patrimoine culturel des pays francophones.,<a target=\"_blank\" rel=\"nofollow\" href=\"https:\/\/www.viaromana.org\/blog\/goto\/https:\/\/fr.wikipedia.org\/wiki\/Collection_Patrimoine_culturel_des_pays_francophones\"  target=\"_blank\" rel=\"noopener noreferrer nofollow\">L\u2019article de presse.<\/a><span><\/span>}<br \/>|{Conservation architecturale.,<a target=\"_blank\" rel=\"nofollow\" href=\"https:\/\/www.viaromana.org\/blog\/goto\/https:\/\/fr.wikipedia.org\/wiki\/Conservation_architecturale\"  target=\"_blank\" rel=\"noopener noreferrer nofollow\">Le dossier.<\/a><span><\/span>}<br \/>|{Conservation pr\u00e9ventive.,<a target=\"_blank\" rel=\"nofollow\" href=\"https:\/\/www.viaromana.org\/blog\/goto\/https:\/\/fr.wikipedia.org\/wiki\/Conservation_pr%C3%A9ventive\"  target=\"_blank\" rel=\"noopener noreferrer nofollow\">Le texte de l\u2019article.<\/a><span><\/span>}<br \/>|{Convention sur la protection du patrimoine culturel subaquatique.,<a target=\"_blank\" rel=\"nofollow\" href=\"https:\/\/www.viaromana.org\/blog\/goto\/https:\/\/fr.wikipedia.org\/wiki\/Convention_sur_la_protection_du_patrimoine_culturel_subaquatique\"  target=\"_blank\" rel=\"noopener noreferrer nofollow\">Le texte de l\u2019article.<\/a><span><\/span>. Suite sur le prochain article.}<br \/>|{Din l-Art \u0126elwa.,<a target=\"_blank\" rel=\"nofollow\" href=\"https:\/\/www.viaromana.org\/blog\/goto\/https:\/\/fr.wikipedia.org\/wiki\/Din_l-Art_%C4%A6elwa\"  target=\"_blank\" rel=\"noopener noreferrer nofollow\">L\u2019article de presse.<\/a><span><\/span>}<br \/>|{Docomomo International.,<a target=\"_blank\" rel=\"nofollow\" href=\"https:\/\/www.viaromana.org\/blog\/goto\/https:\/\/fr.wikipedia.org\/wiki\/Docomomo_International\"  target=\"_blank\" rel=\"noopener noreferrer nofollow\">Le post d\u2019actualit\u00e9.<\/a><span><\/span>}<br \/>|{Doctrines et techniques de conservation \u2013 restauration.,<a target=\"_blank\" rel=\"nofollow\" href=\"https:\/\/www.viaromana.org\/blog\/goto\/https:\/\/fr.wikipedia.org\/wiki\/Doctrines_et_techniques_de_conservation_-_restauration\"  target=\"_blank\" rel=\"noopener noreferrer nofollow\">Le texte de l\u2019article.<\/a><span><\/span>}<br \/>|{Document de Nara sur l\u2019authenticit\u00e9.,<a target=\"_blank\" rel=\"nofollow\" href=\"https:\/\/www.viaromana.org\/blog\/goto\/https:\/\/fr.wikipedia.org\/wiki\/Document_de_Nara_sur_l%27authenticit%C3%A9\"  target=\"_blank\" rel=\"noopener noreferrer nofollow\">Article complet.<\/a><span><\/span>}<br \/>|{Fa\u00e7adisme.,<a target=\"_blank\" rel=\"nofollow\" href=\"https:\/\/www.viaromana.org\/blog\/goto\/https:\/\/fr.wikipedia.org\/wiki\/Fa%C3%A7adisme\"  target=\"_blank\" rel=\"noopener noreferrer nofollow\">Le texte de l\u2019article.<\/a><span><\/span>. Suite sur le prochain article.}<br \/>|{Fondation du patrimoine.,<a target=\"_blank\" rel=\"nofollow\" href=\"https:\/\/www.viaromana.org\/blog\/goto\/https:\/\/fr.wikipedia.org\/wiki\/Fondation_du_patrimoine\"  target=\"_blank\" rel=\"noopener noreferrer nofollow\">Ici.<\/a><span><\/span>}<br \/>|{Fondation Mansart.,<a target=\"_blank\" rel=\"nofollow\" href=\"https:\/\/www.viaromana.org\/blog\/goto\/https:\/\/fr.wikipedia.org\/wiki\/Fondation_Mansart\"  target=\"_blank\" rel=\"noopener noreferrer nofollow\">Le post d\u2019actualit\u00e9.<\/a><span><\/span>}<br \/>|{Ieni-Kale.,<a target=\"_blank\" rel=\"nofollow\" href=\"https:\/\/www.viaromana.org\/blog\/goto\/https:\/\/fr.wikipedia.org\/wiki\/Ieni-Kale\"  target=\"_blank\" rel=\"noopener noreferrer nofollow\">Ici.<\/a><span><\/span>. Suite sur le prochain article.}<br \/>|{In situ (conservation du patrimoine).,<a target=\"_blank\" rel=\"nofollow\" href=\"https:\/\/www.viaromana.org\/blog\/goto\/https:\/\/fr.wikipedia.org\/wiki\/In_situ_(conservation_du_patrimoine)\"  target=\"_blank\" rel=\"noopener noreferrer nofollow\">L\u2019article ICI.<\/a><span><\/span>}<br \/>|{Injection de coulis de liant dans les ma\u00e7onneries.,<a target=\"_blank\" rel=\"nofollow\" href=\"https:\/\/www.viaromana.org\/blog\/goto\/https:\/\/fr.wikipedia.org\/wiki\/Injection_de_coulis_de_liant_dans_les_ma%C3%A7onneries\"  target=\"_blank\" rel=\"noopener noreferrer nofollow\">L\u2019article ICI.<\/a><span><\/span>}<br \/>|{Jacques Harmand.,<a target=\"_blank\" rel=\"nofollow\" href=\"https:\/\/www.viaromana.org\/blog\/goto\/https:\/\/fr.wikipedia.org\/wiki\/Jacques_Harmand\"  target=\"_blank\" rel=\"noopener noreferrer nofollow\">Le texte de l\u2019article.<\/a><span><\/span>}<br \/>|{La Tribune de l\u2019art.,<a target=\"_blank\" rel=\"nofollow\" href=\"https:\/\/www.viaromana.org\/blog\/goto\/https:\/\/fr.wikipedia.org\/wiki\/La_Tribune_de_l%27art\"  target=\"_blank\" rel=\"noopener noreferrer nofollow\">A lire ici.<\/a><span><\/span>}<br \/>|{Nisso Pelossof.,<a target=\"_blank\" rel=\"nofollow\" href=\"https:\/\/www.viaromana.org\/blog\/goto\/https:\/\/fr.wikipedia.org\/wiki\/Nisso_Pelossof\"  target=\"_blank\" rel=\"noopener noreferrer nofollow\">Article complet.<\/a><span><\/span>}<br \/>|{Palais Daming.,<a target=\"_blank\" rel=\"nofollow\" href=\"https:\/\/www.viaromana.org\/blog\/goto\/https:\/\/fr.wikipedia.org\/wiki\/Palais_Daming\"  target=\"_blank\" rel=\"noopener noreferrer nofollow\">Ici.<\/a><span><\/span>}<br \/>|{Paris historique.,<a target=\"_blank\" rel=\"nofollow\" href=\"https:\/\/www.viaromana.org\/blog\/goto\/https:\/\/fr.wikipedia.org\/wiki\/Paris_historique\"  target=\"_blank\" rel=\"noopener noreferrer nofollow\">Le dossier.<\/a><span><\/span>}<br \/>|{Patrimoine d\u2019int\u00e9r\u00eat r\u00e9gional.,<a target=\"_blank\" rel=\"nofollow\" href=\"https:\/\/www.viaromana.org\/blog\/goto\/https:\/\/fr.wikipedia.org\/wiki\/Patrimoine_d%27int%C3%A9r%C3%AAt_r%C3%A9gional\"  target=\"_blank\" rel=\"noopener noreferrer nofollow\">L\u2019article ICI.<\/a><span><\/span>}<br \/>|{Patrimoine sans fronti\u00e8res.,<a target=\"_blank\" rel=\"nofollow\" href=\"https:\/\/www.viaromana.org\/blog\/goto\/https:\/\/fr.wikipedia.org\/wiki\/Patrimoine_sans_fronti%C3%A8res\"  target=\"_blank\" rel=\"noopener noreferrer nofollow\">Le post d\u2019actualit\u00e9.<\/a><span><\/span>. Suite sur le prochain article.}<br \/>|{Patrimoine syrien pendant la guerre civile.,<a target=\"_blank\" rel=\"nofollow\" href=\"https:\/\/www.viaromana.org\/blog\/goto\/https:\/\/fr.wikipedia.org\/wiki\/Patrimoine_syrien_pendant_la_guerre_civile\"  target=\"_blank\" rel=\"noopener noreferrer nofollow\">A lire ici.<\/a><span><\/span>}<br \/>|{Patrimoine syrien pendant la guerre civile.,<a target=\"_blank\" rel=\"nofollow\" href=\"https:\/\/www.viaromana.org\/blog\/goto\/https:\/\/fr.wikipedia.org\/wiki\/Patrimoine_syrien_pendant_la_guerre_civile\"  target=\"_blank\" rel=\"noopener noreferrer nofollow\">Le texte de l\u2019article.<\/a><span><\/span>}<br \/>|{Patrimonialisation.,<a target=\"_blank\" rel=\"nofollow\" href=\"https:\/\/www.viaromana.org\/blog\/goto\/https:\/\/fr.wikipedia.org\/wiki\/Patrimonialisation\"  target=\"_blank\" rel=\"noopener noreferrer nofollow\">Le dossier.<\/a><span><\/span>}<br \/>|{Patrimonialisation (homonymie).,<a target=\"_blank\" rel=\"nofollow\" href=\"https:\/\/www.viaromana.org\/blog\/goto\/https:\/\/fr.wikipedia.org\/wiki\/Patrimonialisation_(homonymie)\"  target=\"_blank\" rel=\"noopener noreferrer nofollow\">A lire ici.<\/a><span><\/span>}<br \/>|{Pont de Gorica.,<a target=\"_blank\" rel=\"nofollow\" href=\"https:\/\/www.viaromana.org\/blog\/goto\/https:\/\/fr.wikipedia.org\/wiki\/Pont_de_Gorica\"  target=\"_blank\" rel=\"noopener noreferrer nofollow\">Le post d\u2019actualit\u00e9.<\/a><span><\/span>}<br \/>|{Port d\u2019int\u00e9r\u00eat patrimonial.,<a target=\"_blank\" rel=\"nofollow\" href=\"https:\/\/www.viaromana.org\/blog\/goto\/https:\/\/fr.wikipedia.org\/wiki\/Port_d%27int%C3%A9r%C3%AAt_patrimonial\"  target=\"_blank\" rel=\"noopener noreferrer nofollow\">A lire ici.<\/a><span><\/span>}<br \/>|{Prix du patrimoine culturel de l\u2019UE\/Concours Europa Nostra.,<a target=\"_blank\" rel=\"nofollow\" href=\"https:\/\/www.viaromana.org\/blog\/goto\/https:\/\/fr.wikipedia.org\/wiki\/Prix_du_patrimoine_culturel_de_l%E2%80%99UE\/Concours_Europa_Nostra\"  target=\"_blank\" rel=\"noopener noreferrer nofollow\">Le post d\u2019actualit\u00e9.<\/a><span><\/span>}<br \/>|{R\u00e9seau culturel Terre catalane.,<a target=\"_blank\" rel=\"nofollow\" href=\"https:\/\/www.viaromana.org\/blog\/goto\/https:\/\/fr.wikipedia.org\/wiki\/R%C3%A9seau_culturel_Terre_catalane\"  target=\"_blank\" rel=\"noopener noreferrer nofollow\">Le dossier.<\/a><span><\/span>}<br \/>|{Red Tail Project.,<a target=\"_blank\" rel=\"nofollow\" href=\"https:\/\/www.viaromana.org\/blog\/goto\/https:\/\/fr.wikipedia.org\/wiki\/Red_Tail_Project\"  target=\"_blank\" rel=\"noopener noreferrer nofollow\">Ici.<\/a><span><\/span>}<br \/>|{Registre patrimonial du Queensland.,<a target=\"_blank\" rel=\"nofollow\" href=\"https:\/\/www.viaromana.org\/blog\/goto\/https:\/\/fr.wikipedia.org\/wiki\/Registre_patrimonial_du_Queensland\"  target=\"_blank\" rel=\"noopener noreferrer nofollow\">Article complet.<\/a><span><\/span>}<br \/>|{Ren\u00e9 Dinkel.,<a target=\"_blank\" rel=\"nofollow\" href=\"https:\/\/www.viaromana.org\/blog\/goto\/https:\/\/fr.wikipedia.org\/wiki\/Ren%C3%A9_Dinkel\"  target=\"_blank\" rel=\"noopener noreferrer nofollow\">Cliquer ICI.<\/a><span><\/span>. Suite sur le prochain article.}<br \/>|{Renaissance du Lille Ancien.,<a target=\"_blank\" rel=\"nofollow\" href=\"https:\/\/www.viaromana.org\/blog\/goto\/https:\/\/fr.wikipedia.org\/wiki\/Renaissance_du_Lille_Ancien\"  target=\"_blank\" rel=\"noopener noreferrer nofollow\">Le post d\u2019actualit\u00e9.<\/a><span><\/span>}<br \/>|{Restauration de la composition murale de la Maison de la Radio \u00e0 Strasbourg.,<a target=\"_blank\" rel=\"nofollow\" href=\"https:\/\/www.viaromana.org\/blog\/goto\/https:\/\/fr.wikipedia.org\/wiki\/Restauration_de_la_composition_murale_de_la_Maison_de_la_Radio_%C3%A0_Strasbourg\"  target=\"_blank\" rel=\"noopener noreferrer nofollow\">L\u2019article de presse.<\/a><span><\/span>. Suite sur le prochain article.}<br \/>|{Ruine.,<a target=\"_blank\" rel=\"nofollow\" href=\"https:\/\/www.viaromana.org\/blog\/goto\/https:\/\/fr.wikipedia.org\/wiki\/Ruine\"  target=\"_blank\" rel=\"noopener noreferrer nofollow\">Le texte de l\u2019article.<\/a><span><\/span>}<br \/>|{Secteur sauvegard\u00e9 de Lille.,<a target=\"_blank\" rel=\"nofollow\" href=\"https:\/\/www.viaromana.org\/blog\/goto\/https:\/\/fr.wikipedia.org\/wiki\/Secteur_sauvegard%C3%A9_de_Lille\"  target=\"_blank\" rel=\"noopener noreferrer nofollow\">Article complet.<\/a><span><\/span>}<br \/>|{Secteur sauvegard\u00e9 de Lille.,<a target=\"_blank\" rel=\"nofollow\" href=\"https:\/\/www.viaromana.org\/blog\/goto\/https:\/\/fr.wikipedia.org\/wiki\/Secteur_sauvegard%C3%A9_de_Lille\"  target=\"_blank\" rel=\"noopener noreferrer nofollow\">Le post d\u2019actualit\u00e9.<\/a><span><\/span>. Suite sur le prochain article.}<br \/>|{Secteur sauvegard\u00e9 de Sedan.,<a target=\"_blank\" rel=\"nofollow\" href=\"https:\/\/www.viaromana.org\/blog\/goto\/https:\/\/fr.wikipedia.org\/wiki\/Secteur_sauvegard%C3%A9_de_Sedan\"  target=\"_blank\" rel=\"noopener noreferrer nofollow\">L\u2019article de presse.<\/a><span><\/span>}<br \/>|{Secteur sauvegard\u00e9 de Sedan.,<a target=\"_blank\" rel=\"nofollow\" href=\"https:\/\/www.viaromana.org\/blog\/goto\/https:\/\/fr.wikipedia.org\/wiki\/Secteur_sauvegard%C3%A9_de_Sedan\"  target=\"_blank\" rel=\"noopener noreferrer nofollow\">A lire ici.<\/a><span><\/span>}<br \/>|{Sites culturels construits d\u2019int\u00e9r\u00eat national en Finlande.,<a target=\"_blank\" rel=\"nofollow\" href=\"https:\/\/www.viaromana.org\/blog\/goto\/https:\/\/fr.wikipedia.org\/wiki\/Sites_culturels_construits_d%27int%C3%A9r%C3%AAt_national_en_Finlande\"  target=\"_blank\" rel=\"noopener noreferrer nofollow\">Article complet.<\/a><span><\/span>}<br \/>|{Sites culturels construits d\u2019int\u00e9r\u00eat national en Finlande.,<a target=\"_blank\" rel=\"nofollow\" href=\"https:\/\/www.viaromana.org\/blog\/goto\/https:\/\/fr.wikipedia.org\/wiki\/Sites_culturels_construits_d%27int%C3%A9r%C3%AAt_national_en_Finlande\"  target=\"_blank\" rel=\"noopener noreferrer nofollow\">Article complet.<\/a><span><\/span>. Suite sur le prochain article.}<br \/>|{Sites historiques et culturels majeurs prot\u00e9g\u00e9s au niveau national.,<a target=\"_blank\" rel=\"nofollow\" href=\"https:\/\/www.viaromana.org\/blog\/goto\/https:\/\/fr.wikipedia.org\/wiki\/Sites_historiques_et_culturels_majeurs_prot%C3%A9g%C3%A9s_au_niveau_national\"  target=\"_blank\" rel=\"noopener noreferrer nofollow\">Cliquer ICI.<\/a><span><\/span>. Suite sur le prochain article.}<br \/>|{Sites historiques et culturels majeurs prot\u00e9g\u00e9s au niveau national.,<a target=\"_blank\" rel=\"nofollow\" href=\"https:\/\/www.viaromana.org\/blog\/goto\/https:\/\/fr.wikipedia.org\/wiki\/Sites_historiques_et_culturels_majeurs_prot%C3%A9g%C3%A9s_au_niveau_national\"  target=\"_blank\" rel=\"noopener noreferrer nofollow\">Article complet.<\/a><span><\/span>. Suite sur le prochain article.}<br \/>|{Sites historiques et culturels majeurs prot\u00e9g\u00e9s au niveau national (Gansu).,<a target=\"_blank\" rel=\"nofollow\" href=\"https:\/\/www.viaromana.org\/blog\/goto\/https:\/\/fr.wikipedia.org\/wiki\/Sites_historiques_et_culturels_majeurs_prot%C3%A9g%C3%A9s_au_niveau_national_(Gansu)\"  target=\"_blank\" rel=\"noopener noreferrer nofollow\">L\u2019article ICI.<\/a><span><\/span>}<br \/>|{Sites historiques et culturels majeurs prot\u00e9g\u00e9s au niveau national (Gansu).,<a target=\"_blank\" rel=\"nofollow\" href=\"https:\/\/www.viaromana.org\/blog\/goto\/https:\/\/fr.wikipedia.org\/wiki\/Sites_historiques_et_culturels_majeurs_prot%C3%A9g%C3%A9s_au_niveau_national_(Gansu)\"  target=\"_blank\" rel=\"noopener noreferrer nofollow\">Le texte de l\u2019article.<\/a><span><\/span>}<br \/>|{Sites historiques et culturels majeurs prot\u00e9g\u00e9s au niveau national (Hebei).,<a target=\"_blank\" rel=\"nofollow\" href=\"https:\/\/www.viaromana.org\/blog\/goto\/https:\/\/fr.wikipedia.org\/wiki\/Sites_historiques_et_culturels_majeurs_prot%C3%A9g%C3%A9s_au_niveau_national_(Hebei)\"  target=\"_blank\" rel=\"noopener noreferrer nofollow\">Le dossier.<\/a><span><\/span>}<br \/>|{Sites historiques et culturels majeurs prot\u00e9g\u00e9s au niveau national (Hebei).,<a target=\"_blank\" rel=\"nofollow\" href=\"https:\/\/www.viaromana.org\/blog\/goto\/https:\/\/fr.wikipedia.org\/wiki\/Sites_historiques_et_culturels_majeurs_prot%C3%A9g%C3%A9s_au_niveau_national_(Hebei)\"  target=\"_blank\" rel=\"noopener noreferrer nofollow\">L\u2019article de presse.<\/a><span><\/span>}<br \/>|{Sites historiques et culturels majeurs prot\u00e9g\u00e9s au niveau national (Heilongjiang).,<a target=\"_blank\" rel=\"nofollow\" href=\"https:\/\/www.viaromana.org\/blog\/goto\/https:\/\/fr.wikipedia.org\/wiki\/Sites_historiques_et_culturels_majeurs_prot%C3%A9g%C3%A9s_au_niveau_national_(Heilongjiang)\"  target=\"_blank\" rel=\"noopener noreferrer nofollow\">Cliquer ICI.<\/a><span><\/span>. Suite sur le prochain article.}<br \/>|{Sites historiques et culturels majeurs prot\u00e9g\u00e9s au niveau national (Heilongjiang).,<a target=\"_blank\" rel=\"nofollow\" href=\"https:\/\/www.viaromana.org\/blog\/goto\/https:\/\/fr.wikipedia.org\/wiki\/Sites_historiques_et_culturels_majeurs_prot%C3%A9g%C3%A9s_au_niveau_national_(Heilongjiang)\"  target=\"_blank\" rel=\"noopener noreferrer nofollow\">Article complet.<\/a><span><\/span>. Suite sur le prochain article.}<br \/>|{Sites historiques et culturels majeurs prot\u00e9g\u00e9s au niveau national (Jiangxi).,<a target=\"_blank\" rel=\"nofollow\" href=\"https:\/\/www.viaromana.org\/blog\/goto\/https:\/\/fr.wikipedia.org\/wiki\/Sites_historiques_et_culturels_majeurs_prot%C3%A9g%C3%A9s_au_niveau_national_(Jiangxi)\"  target=\"_blank\" rel=\"noopener noreferrer nofollow\">A lire ici.<\/a><span><\/span>}<br \/>|{Sites historiques et culturels majeurs prot\u00e9g\u00e9s au niveau national (Jiangxi).,<a target=\"_blank\" rel=\"nofollow\" href=\"https:\/\/www.viaromana.org\/blog\/goto\/https:\/\/fr.wikipedia.org\/wiki\/Sites_historiques_et_culturels_majeurs_prot%C3%A9g%C3%A9s_au_niveau_national_(Jiangxi)\"  target=\"_blank\" rel=\"noopener noreferrer nofollow\">L\u2019article de presse.<\/a><span><\/span>. Suite sur le prochain article.}<br \/>|{Sites historiques et culturels majeurs prot\u00e9g\u00e9s au niveau national (Liaoning).,<a target=\"_blank\" rel=\"nofollow\" href=\"https:\/\/www.viaromana.org\/blog\/goto\/https:\/\/fr.wikipedia.org\/wiki\/Sites_historiques_et_culturels_majeurs_prot%C3%A9g%C3%A9s_au_niveau_national_(Liaoning)\"  target=\"_blank\" rel=\"noopener noreferrer nofollow\">Le post d\u2019actualit\u00e9.<\/a><span><\/span>. Suite sur le prochain article.}<br \/>|{Sites historiques et culturels majeurs prot\u00e9g\u00e9s au niveau national (Liaoning).,<a target=\"_blank\" rel=\"nofollow\" href=\"https:\/\/www.viaromana.org\/blog\/goto\/https:\/\/fr.wikipedia.org\/wiki\/Sites_historiques_et_culturels_majeurs_prot%C3%A9g%C3%A9s_au_niveau_national_(Liaoning)\"  target=\"_blank\" rel=\"noopener noreferrer nofollow\">Article complet.<\/a><span><\/span>}<br \/>|{Sites historiques et culturels majeurs prot\u00e9g\u00e9s au niveau national (Mongolie int\u00e9rieure).,<a target=\"_blank\" rel=\"nofollow\" href=\"https:\/\/www.viaromana.org\/blog\/goto\/https:\/\/fr.wikipedia.org\/wiki\/Sites_historiques_et_culturels_majeurs_prot%C3%A9g%C3%A9s_au_niveau_national_(Mongolie_int%C3%A9rieure)\"  target=\"_blank\" rel=\"noopener noreferrer nofollow\">Le dossier.<\/a><span><\/span>}<br \/>|{Sites historiques et culturels majeurs prot\u00e9g\u00e9s au niveau national (Mongolie int\u00e9rieure).,<a target=\"_blank\" rel=\"nofollow\" href=\"https:\/\/www.viaromana.org\/blog\/goto\/https:\/\/fr.wikipedia.org\/wiki\/Sites_historiques_et_culturels_majeurs_prot%C3%A9g%C3%A9s_au_niveau_national_(Mongolie_int%C3%A9rieure)\"  target=\"_blank\" rel=\"noopener noreferrer nofollow\">L\u2019article de presse.<\/a><span><\/span>}<br \/>|{Sites historiques et culturels majeurs prot\u00e9g\u00e9s au niveau national (Ningxia).,<a target=\"_blank\" rel=\"nofollow\" href=\"https:\/\/www.viaromana.org\/blog\/goto\/https:\/\/fr.wikipedia.org\/wiki\/Sites_historiques_et_culturels_majeurs_prot%C3%A9g%C3%A9s_au_niveau_national_(Ningxia)\"  target=\"_blank\" rel=\"noopener noreferrer nofollow\">Le dossier.<\/a><span><\/span>}<br \/>|{Sites historiques et culturels majeurs prot\u00e9g\u00e9s au niveau national (Ningxia).,<a target=\"_blank\" rel=\"nofollow\" href=\"https:\/\/www.viaromana.org\/blog\/goto\/https:\/\/fr.wikipedia.org\/wiki\/Sites_historiques_et_culturels_majeurs_prot%C3%A9g%C3%A9s_au_niveau_national_(Ningxia)\"  target=\"_blank\" rel=\"noopener noreferrer nofollow\">Article complet.<\/a><span><\/span>}<br \/>|{Sites historiques et culturels majeurs prot\u00e9g\u00e9s au niveau national (Shaanxi).,<a target=\"_blank\" rel=\"nofollow\" href=\"https:\/\/www.viaromana.org\/blog\/goto\/https:\/\/fr.wikipedia.org\/wiki\/Sites_historiques_et_culturels_majeurs_prot%C3%A9g%C3%A9s_au_niveau_national_(Shaanxi)\"  target=\"_blank\" rel=\"noopener noreferrer nofollow\">Article complet.<\/a><span><\/span>}<br \/>|{Sites historiques et culturels majeurs prot\u00e9g\u00e9s au niveau national (Shaanxi).,<a target=\"_blank\" rel=\"nofollow\" href=\"https:\/\/www.viaromana.org\/blog\/goto\/https:\/\/fr.wikipedia.org\/wiki\/Sites_historiques_et_culturels_majeurs_prot%C3%A9g%C3%A9s_au_niveau_national_(Shaanxi)\"  target=\"_blank\" rel=\"noopener noreferrer nofollow\">L\u2019article de presse.<\/a><span><\/span>}<br \/>|{Sites historiques et culturels majeurs prot\u00e9g\u00e9s au niveau national (Sichuan).,<a target=\"_blank\" rel=\"nofollow\" href=\"https:\/\/www.viaromana.org\/blog\/goto\/https:\/\/fr.wikipedia.org\/wiki\/Sites_historiques_et_culturels_majeurs_prot%C3%A9g%C3%A9s_au_niveau_national_(Sichuan)\"  target=\"_blank\" rel=\"noopener noreferrer nofollow\">Article complet.<\/a><span><\/span>}<br \/>|{Sites historiques et culturels majeurs prot\u00e9g\u00e9s au niveau national (Sichuan).,<a target=\"_blank\" rel=\"nofollow\" href=\"https:\/\/www.viaromana.org\/blog\/goto\/https:\/\/fr.wikipedia.org\/wiki\/Sites_historiques_et_culturels_majeurs_prot%C3%A9g%C3%A9s_au_niveau_national_(Sichuan)\"  target=\"_blank\" rel=\"noopener noreferrer nofollow\">Le dossier.<\/a><span><\/span>}<br \/>|{Sites historiques et culturels majeurs prot\u00e9g\u00e9s au niveau national (Xinjiang).,<a target=\"_blank\" rel=\"nofollow\" href=\"https:\/\/www.viaromana.org\/blog\/goto\/https:\/\/fr.wikipedia.org\/wiki\/Sites_historiques_et_culturels_majeurs_prot%C3%A9g%C3%A9s_au_niveau_national_(Xinjiang)\"  target=\"_blank\" rel=\"noopener noreferrer nofollow\">Ici.<\/a><span><\/span>}<br \/>|{Sites historiques et culturels majeurs prot\u00e9g\u00e9s au niveau national (Xinjiang).,<a target=\"_blank\" rel=\"nofollow\" href=\"https:\/\/www.viaromana.org\/blog\/goto\/https:\/\/fr.wikipedia.org\/wiki\/Sites_historiques_et_culturels_majeurs_prot%C3%A9g%C3%A9s_au_niveau_national_(Xinjiang)\"  target=\"_blank\" rel=\"noopener noreferrer nofollow\">Article complet.<\/a><span><\/span>}<br \/>|{Sites historiques et culturels majeurs prot\u00e9g\u00e9s de la r\u00e9gion autonome du Tibet.,<a target=\"_blank\" rel=\"nofollow\" href=\"https:\/\/www.viaromana.org\/blog\/goto\/https:\/\/fr.wikipedia.org\/wiki\/Sites_historiques_et_culturels_majeurs_prot%C3%A9g%C3%A9s_de_la_r%C3%A9gion_autonome_du_Tibet\"  target=\"_blank\" rel=\"noopener noreferrer nofollow\">L\u2019article ICI.<\/a><span><\/span>}<br \/>|{Sites historiques et culturels majeurs prot\u00e9g\u00e9s de la r\u00e9gion autonome du Tibet.,<a target=\"_blank\" rel=\"nofollow\" href=\"https:\/\/www.viaromana.org\/blog\/goto\/https:\/\/fr.wikipedia.org\/wiki\/Sites_historiques_et_culturels_majeurs_prot%C3%A9g%C3%A9s_de_la_r%C3%A9gion_autonome_du_Tibet\"  target=\"_blank\" rel=\"noopener noreferrer nofollow\">Article complet.<\/a><span><\/span>}<br \/>|{Soci\u00e9t\u00e9 Jersiaise.,<a target=\"_blank\" rel=\"nofollow\" href=\"https:\/\/www.viaromana.org\/blog\/goto\/https:\/\/fr.wikipedia.org\/wiki\/Soci%C3%A9t%C3%A9_Jersiaise\"  target=\"_blank\" rel=\"noopener noreferrer nofollow\">Le post d\u2019actualit\u00e9.<\/a><span><\/span>}<br \/>|{Soci\u00e9t\u00e9 Jersiaise.,<a target=\"_blank\" rel=\"nofollow\" href=\"https:\/\/www.viaromana.org\/blog\/goto\/https:\/\/fr.wikipedia.org\/wiki\/Soci%C3%A9t%C3%A9_Jersiaise\"  target=\"_blank\" rel=\"noopener noreferrer nofollow\">Le texte de l\u2019article.<\/a><span><\/span>}<br \/>|{Th\u00e9orie de la restauration.,<a target=\"_blank\" rel=\"nofollow\" href=\"https:\/\/www.viaromana.org\/blog\/goto\/https:\/\/fr.wikipedia.org\/wiki\/Th%C3%A9orie_de_la_restauration\"  target=\"_blank\" rel=\"noopener noreferrer nofollow\">Cliquer ICI.<\/a><span><\/span>. Suite sur le prochain article.}<br \/>|{Tr\u00e9sor national (Japon).,<a target=\"_blank\" rel=\"nofollow\" href=\"https:\/\/www.viaromana.org\/blog\/goto\/https:\/\/fr.wikipedia.org\/wiki\/Tr%C3%A9sor_national_(Japon)\"  target=\"_blank\" rel=\"noopener noreferrer nofollow\">Le dossier.<\/a><span><\/span>. Suite sur le prochain article.}<br \/>|{Web Journal on Cultural Patrimony.,<a target=\"_blank\" rel=\"nofollow\" href=\"https:\/\/www.viaromana.org\/blog\/goto\/https:\/\/fr.wikipedia.org\/wiki\/Web_Journal_on_Cultural_Patrimony\"  target=\"_blank\" rel=\"noopener noreferrer nofollow\">Le dossier.<\/a><span><\/span>. Suite sur le prochain article.}<br \/>|{Whanganui.,<a target=\"_blank\" rel=\"nofollow\" href=\"https:\/\/www.viaromana.org\/blog\/goto\/https:\/\/fr.wikipedia.org\/wiki\/Whanganui\"  target=\"_blank\" rel=\"noopener noreferrer nofollow\">Article complet.<\/a><span><\/span>}<br \/>|{Wiki Loves Earth.,<a target=\"_blank\" rel=\"nofollow\" href=\"https:\/\/www.viaromana.org\/blog\/goto\/https:\/\/fr.wikipedia.org\/wiki\/Wiki_Loves_Earth\"  target=\"_blank\" rel=\"noopener noreferrer nofollow\">L\u2019article ICI.<\/a><span><\/span>. Suite sur le prochain article.}<br \/>|{Wiki Loves Monuments.,<a target=\"_blank\" rel=\"nofollow\" href=\"https:\/\/www.viaromana.org\/blog\/goto\/https:\/\/fr.wikipedia.org\/wiki\/Wiki_Loves_Monuments\"  target=\"_blank\" rel=\"noopener noreferrer nofollow\">Le texte de l\u2019article.<\/a><span><\/span>}<br \/>|{vitrail.,<a target=\"_blank\" rel=\"nofollow\" href=\"https:\/\/www.viaromana.org\/blog\/goto\/https:\/\/fr.wikipedia.orghttps:\/\/fr.wikipedia.org\/wiki\/Vitrail\"  target=\"_blank\" rel=\"noopener noreferrer nofollow\">A lire ici.<\/a><span><\/span>}<br \/>|{Les ICC Notes de l\u2019Institut canadien pour la conservation.,<a target=\"_blank\" rel=\"nofollow\" href=\"https:\/\/www.viaromana.org\/blog\/goto\/https:\/\/www.canada.ca\/fr\/institut-conservation\/services\/publications-conservation-preservation\/notes-institut-canadien-conservation.html\"  target=\"_blank\" rel=\"noopener noreferrer nofollow\">L\u2019article de presse.<\/a><span><\/span>}<br \/>|{Centre de conservation du Qu\u00e9bec .,<a target=\"_blank\" rel=\"nofollow\" href=\"https:\/\/www.viaromana.org\/blog\/goto\/https:\/\/www.ccq.gouv.qc.ca\/index-id%3d84.html\"  target=\"_blank\" rel=\"noopener noreferrer nofollow\">L\u2019article ICI.<\/a><span><\/span>}<br \/>|{Monumental n\u00b022 Conservation, restauration, restauration, doctrines.,<a target=\"_blank\" rel=\"nofollow\" href=\"https:\/\/www.viaromana.org\/blog\/goto\/https:\/\/www.editions-du-patrimoine.fr\/Librairie\/Monumental\/Monumental-N-22-Conservation.-restauration-doctrines?pRelatedEditions=3\"  target=\"_blank\" rel=\"noopener noreferrer nofollow\">Le post d\u2019actualit\u00e9.<\/a><span><\/span>. Suite sur le prochain article.}<br \/>|{Ge-conservacion.,<a target=\"_blank\" rel=\"nofollow\" href=\"https:\/\/www.viaromana.org\/blog\/goto\/https:\/\/www.ge-iic.com\/ojs\/index.php\/revista\/issue\/archive\"  target=\"_blank\" rel=\"noopener noreferrer nofollow\">Le dossier.<\/a><span><\/span>}<br \/>|{en ligne ici.,<a target=\"_blank\" rel=\"nofollow\" href=\"https:\/\/www.viaromana.org\/blog\/goto\/https:\/\/www.ifla.org\/resources\/?_sfm_resource_topic=1200820&amp;_sfm_resource_type=All\"  target=\"_blank\" rel=\"noopener noreferrer nofollow\">A lire ici.<\/a><span><\/span>. Suite sur le prochain article.}<br \/>|{News in Conservation.,<a target=\"_blank\" rel=\"nofollow\" href=\"https:\/\/www.viaromana.org\/blog\/goto\/https:\/\/www.iiconservation.org\/publications\/nic\"  target=\"_blank\" rel=\"noopener noreferrer nofollow\">Le texte de l\u2019article.<\/a><span><\/span>. Suite sur le prochain article.}<br \/>|{Image permanence Institute.,<a target=\"_blank\" rel=\"nofollow\" href=\"https:\/\/www.viaromana.org\/blog\/goto\/https:\/\/www.imagepermanenceinstitute.org\/education\/publications.html\"  target=\"_blank\" rel=\"noopener noreferrer nofollow\">A lire ici.<\/a><span><\/span>}<br \/>|{Les Preservation leaflets du NEDCC \u2013 Northeast document center.,<a target=\"_blank\" rel=\"nofollow\" href=\"https:\/\/www.viaromana.org\/blog\/goto\/https:\/\/www.nedcc.org\/free-resources\/preservation-leaflets\/overview\"  target=\"_blank\" rel=\"noopener noreferrer nofollow\">Le dossier.<\/a><span><\/span>. Suite sur le prochain article.}<br \/>|{Conserve O Gram du National Park Service.,<a target=\"_blank\" rel=\"nofollow\" href=\"https:\/\/www.viaromana.org\/blog\/goto\/https:\/\/www.nps.gov\/museum\/publications\/conserveogram\/cons_toc.html\"  target=\"_blank\" rel=\"noopener noreferrer nofollow\">A lire ici.<\/a><span><\/span>}<br \/>|{Petite histoire de la restauration des monuments historiques.,<a target=\"_blank\" rel=\"nofollow\" href=\"https:\/\/www.viaromana.org\/blog\/goto\/https:\/\/www.tourisme93.com\/petite-histoire-de-la-restauration-des-monuments-historiques.html\"  target=\"_blank\" rel=\"noopener noreferrer nofollow\">Le texte de l\u2019article.<\/a><span><\/span>. Suite sur le prochain article.}<br \/>}<br \/>{{Link.,<a target=\"_blank\" rel=\"nofollow\" href=\"https:\/\/www.viaromana.org\/blog\/goto\/https:\/\/www.site.cdcl.xyz\/2024\/10\/08\/que-deviendra-le-hezbollah\/URL\"  target=\"_blank\" rel=\"noopener noreferrer nofollow\">Article complet.<\/a><span><\/span>}<br \/>|{B\u00e2timent restaur\u00e9 par Eug\u00e8ne Viollet-le-Duc.,<a target=\"_blank\" rel=\"nofollow\" href=\"https:\/\/www.viaromana.org\/blog\/goto\/https:\/\/www.site.cdcl.xyz\/wiki\/Cat%C3%A9gorie:B%C3%A2timent_restaur%C3%A9_par_Eug%C3%A8ne_Viollet-le-Duc\"  target=\"_blank\" rel=\"noopener noreferrer nofollow\">Article complet.<\/a><span><\/span>. Suite sur le prochain article.}<br \/>|{B\u00e2timent restaur\u00e9 par F\u00e9lix Duban.,<a target=\"_blank\" rel=\"nofollow\" href=\"https:\/\/www.viaromana.org\/blog\/goto\/https:\/\/www.site.cdcl.xyz\/wiki\/Cat%C3%A9gorie:B%C3%A2timent_restaur%C3%A9_par_F%C3%A9lix_Duban\"  target=\"_blank\" rel=\"noopener noreferrer nofollow\">Le post d\u2019actualit\u00e9.<\/a><span><\/span>. Suite sur le prochain article.}<br \/>|{B\u00e2timent restaur\u00e9 par Jean-Baptiste Lassus.,<a target=\"_blank\" rel=\"nofollow\" href=\"https:\/\/www.viaromana.org\/blog\/goto\/https:\/\/www.site.cdcl.xyz\/wiki\/Cat%C3%A9gorie:B%C3%A2timent_restaur%C3%A9_par_Jean-Baptiste_Lassus\"  target=\"_blank\" rel=\"noopener noreferrer nofollow\">Le dossier.<\/a><span><\/span>}<br \/>|{Bien culturel folklorique important de la Cor\u00e9e du Sud.,<a target=\"_blank\" rel=\"nofollow\" href=\"https:\/\/www.viaromana.org\/blog\/goto\/https:\/\/www.site.cdcl.xyz\/wiki\/Cat%C3%A9gorie:Bien_culturel_folklorique_important_de_la_Cor%C3%A9e_du_Sud\"  target=\"_blank\" rel=\"noopener noreferrer nofollow\">Le texte de l\u2019article.<\/a><span><\/span>}<br \/>|{Organisme \u00e0 d\u00e9couvrir GCI.,<a target=\"_blank\" rel=\"nofollow\" href=\"https:\/\/www.viaromana.org\/blog\/goto\/http:\/\/aata.getty.edu\/Home\"  target=\"_blank\" rel=\"noopener noreferrer nofollow\">Ici.<\/a><span><\/span>}<br \/>|{Du CICRP \u2013 Centre interr\u00e9gional de conservation et restauration du patrimoine.,<a target=\"_blank\" rel=\"nofollow\" href=\"https:\/\/www.viaromana.org\/blog\/goto\/http:\/\/cicrp.info\/fiches-pratiques\/\"  target=\"_blank\" rel=\"noopener noreferrer nofollow\">Le dossier.<\/a><span><\/span>}<br \/>|{Organisme \u00e0 d\u00e9couvrir COol .,<a target=\"_blank\" rel=\"nofollow\" href=\"https:\/\/www.viaromana.org\/blog\/goto\/http:\/\/cool.conservation-us.org\/\"  target=\"_blank\" rel=\"noopener noreferrer nofollow\">Le post d\u2019actualit\u00e9.<\/a><span><\/span>}<br \/>|{Le Corpus Vitrearum International .,<a target=\"_blank\" rel=\"nofollow\" href=\"https:\/\/www.viaromana.org\/blog\/goto\/http:\/\/cvi.cvma-freiburg.de\"  target=\"_blank\" rel=\"noopener noreferrer nofollow\">Le post d\u2019actualit\u00e9.<\/a><span><\/span>. Suite sur le prochain article.}<br \/>|{E-conservation Journal .,<a target=\"_blank\" rel=\"nofollow\" href=\"https:\/\/www.viaromana.org\/blog\/goto\/http:\/\/e-conservation.org\/\"  target=\"_blank\" rel=\"noopener noreferrer nofollow\">A lire ici.<\/a><span><\/span>}<br \/>|{Organisme \u00e0 d\u00e9couvrir ICOM .,<a target=\"_blank\" rel=\"nofollow\" href=\"https:\/\/www.viaromana.org\/blog\/goto\/http:\/\/icom.museum\/que-faisons-nous\/ressources\/bibliographies\/L\/2.html\"  target=\"_blank\" rel=\"noopener noreferrer nofollow\">L\u2019article ICI.<\/a><span><\/span>}<br \/>|{In Situ. Revue des patrimoines.,<a target=\"_blank\" rel=\"nofollow\" href=\"https:\/\/www.viaromana.org\/blog\/goto\/http:\/\/insitu.revues.org\"  target=\"_blank\" rel=\"noopener noreferrer nofollow\">Le texte de l\u2019article.<\/a><span><\/span>}<br \/>|{Organisme \u00e0 d\u00e9couvrir INP.,<a target=\"_blank\" rel=\"nofollow\" href=\"https:\/\/www.viaromana.org\/blog\/goto\/http:\/\/mediatheque-numerique.inp.fr\/\"  target=\"_blank\" rel=\"noopener noreferrer nofollow\">Le post d\u2019actualit\u00e9.<\/a><span><\/span>. Suite sur le prochain article.}<br \/>|{De la Biblioth\u00e8que nationale de France.,<a target=\"_blank\" rel=\"nofollow\" href=\"https:\/\/www.viaromana.org\/blog\/goto\/http:\/\/www.bnf.fr\/fr\/professionnels\/conservation_fiches_pratiques\/s.conservation_fiches_prevention.html\"  target=\"_blank\" rel=\"noopener noreferrer nofollow\">L\u2019article ICI.<\/a><span><\/span>}<br \/>|{CeROArt&nbsp;.,<a target=\"_blank\" rel=\"nofollow\" href=\"https:\/\/www.viaromana.org\/blog\/goto\/http:\/\/www.ceroart.org\/\"  target=\"_blank\" rel=\"noopener noreferrer nofollow\">A lire ici.<\/a><span><\/span>}<br \/>|{Le Journal of Film Preservation.,<a target=\"_blank\" rel=\"nofollow\" href=\"https:\/\/www.viaromana.org\/blog\/goto\/http:\/\/www.fiafnet.org\/fr\/publications\/fep_journal.html\"  target=\"_blank\" rel=\"noopener noreferrer nofollow\">Ici.<\/a><span><\/span>. Suite sur le prochain article.}<br \/>|{Getty conservation Institute.,<a target=\"_blank\" rel=\"nofollow\" href=\"https:\/\/www.viaromana.org\/blog\/goto\/http:\/\/www.getty.edu\/search\/publications\"  target=\"_blank\" rel=\"noopener noreferrer nofollow\">Le post d\u2019actualit\u00e9.<\/a><span><\/span>. Suite sur le prochain article.}<br \/>|{Organisme \u00e0 d\u00e9couvrir ICOMOS.,<a target=\"_blank\" rel=\"nofollow\" href=\"https:\/\/www.viaromana.org\/blog\/goto\/http:\/\/www.international.icomos.org\/fr\/centre-de-documentation\"  target=\"_blank\" rel=\"noopener noreferrer nofollow\">Ici.<\/a><span><\/span>}<br \/>|{Organisme \u00e0 d\u00e9couvrir &nbsp;OCIM.,<a target=\"_blank\" rel=\"nofollow\" href=\"https:\/\/www.viaromana.org\/blog\/goto\/http:\/\/www.ocim.fr\/bibliographie\/\"  target=\"_blank\" rel=\"noopener noreferrer nofollow\">L\u2019article ICI.<\/a><span><\/span>}<br \/>|{Les Insectes mus\u00e9ophages del\u2019OCIM \u2013 Office de coop\u00e9ration et d\u2019information mus\u00e9ales.,<a target=\"_blank\" rel=\"nofollow\" href=\"https:\/\/www.viaromana.org\/blog\/goto\/http:\/\/www.ocim.fr\/repertoires\/insectes\/\"  target=\"_blank\" rel=\"noopener noreferrer nofollow\">Article complet.<\/a><span><\/span>. Suite sur le prochain article.}<br \/>|{Du C2RMF \u2013 Centre de recherche et de restauration des mus\u00e9es de France.,<a target=\"_blank\" rel=\"nofollow\" href=\"https:\/\/www.viaromana.org\/blog\/goto\/https:\/\/c2rmf.fr\/fiches-techniques-0\"  target=\"_blank\" rel=\"noopener noreferrer nofollow\">Le texte de l\u2019article.<\/a><span><\/span>}<br \/>|{Guide pratique pour le marquage d\u2019identification des biens culturels \u2013 C2RMF.,<a target=\"_blank\" rel=\"nofollow\" href=\"https:\/\/www.viaromana.org\/blog\/goto\/https:\/\/c2rmf.fr\/sites\/c2rmf\/files\/guide_pratique_pour_le_marquage_2015.pdf\"  target=\"_blank\" rel=\"noopener noreferrer nofollow\">Le dossier.<\/a><span><\/span>}<br \/>|{Vade-mecum de la conservation pr\u00e9ventive \u2013 C2RMF.,<a target=\"_blank\" rel=\"nofollow\" href=\"https:\/\/www.viaromana.org\/blog\/goto\/https:\/\/c2rmf.fr\/sites\/c2rmf\/files\/vademecum_cc.pdf\"  target=\"_blank\" rel=\"noopener noreferrer nofollow\">Le post d\u2019actualit\u00e9.<\/a><span><\/span>}<br \/>|{La conservation des objets mobiliers dans les \u00e9glises : outil d\u2019auto-\u00e9valuation.,<a target=\"_blank\" rel=\"nofollow\" href=\"https:\/\/www.viaromana.org\/blog\/goto\/https:\/\/culture.gouv.fr\/Media\/Thematiques\/Circulation-des-biens-culturels\/Files\/Ressources-doc-Guides-et-procedures\/Guide-La-conservation-des-objets-mobiliers-dans-les-eglises-2004\"  target=\"_blank\" rel=\"noopener noreferrer nofollow\">Cliquer ICI.<\/a><span><\/span>}<br \/>|{M\u00e9tiers de la restauration du patrimoine, statuts, conditions d\u2019exercice et fiscalit\u00e9, fiche pratique MC, 2018.,<a target=\"_blank\" rel=\"nofollow\" href=\"https:\/\/www.viaromana.org\/blog\/goto\/https:\/\/culture.gouv.fr\/Media\/Thematiques\/Conservation-restauration\/Fichiers\/Fiches-pratiques-manuels-et-revues\/Fiche-metiers-de-la-restauration-2019\"  target=\"_blank\" rel=\"noopener noreferrer nofollow\">Le post d\u2019actualit\u00e9.<\/a><span><\/span>}<br \/>|{S\u00e9curit\u00e9 des biens culturels, de la pr\u00e9vention du vol \u00e0 la restitution de l\u2019objet vol\u00e9.,<a target=\"_blank\" rel=\"nofollow\" href=\"https:\/\/www.viaromana.org\/blog\/goto\/https:\/\/culture.gouv.fr\/Media\/Thematiques\/Conservation-restauration\/Fichiers\/Fiches-pratiques-manuels-et-revues\/Securite-des-biens-culturels-de-la-prevention-du-vol-a-la-restitution-de-l-objet-vole\"  target=\"_blank\" rel=\"noopener noreferrer nofollow\">Le post d\u2019actualit\u00e9.<\/a><span><\/span>}<br \/>|{Petit Guide \u00e0 l\u2019usage des personnes souhaitant entretenir une s\u00e9pulture.,<a target=\"_blank\" rel=\"nofollow\" href=\"https:\/\/www.viaromana.org\/blog\/goto\/https:\/\/culture.gouv.fr\/Media\/Thematiques\/Conservation-restauration\/Fichiers\/Ressources-documentaires\/entretenir-une-sepulture\"  target=\"_blank\" rel=\"noopener noreferrer nofollow\">Ici.<\/a><span><\/span>}<br \/>|{Rescuing the Hidden European Wooden Churches Heritage : an international methodology for implementing a database for restoration projects.,<a target=\"_blank\" rel=\"nofollow\" href=\"https:\/\/www.viaromana.org\/blog\/goto\/https:\/\/culture.gouv.fr\/Media\/Thematiques\/Conservation-restauration\/Fichiers\/Ressources-documentaires\/hiddenchurches\"  target=\"_blank\" rel=\"noopener noreferrer nofollow\">L\u2019article de presse.<\/a><span><\/span>}<br \/>|{Guides de ma\u00eetrise d\u2019ouvrage et de ma\u00eetrise d\u2019\u0153uvre \u2013 Monuments historiques.,<a target=\"_blank\" rel=\"nofollow\" href=\"https:\/\/www.viaromana.org\/blog\/goto\/https:\/\/culture.gouv.fr\/Region\/Drac-Auvergne-Rhone-Alpes\/Demarches-aides\/Demarches-et-conseils-patrimoine-urbanisme-qualite-architecturale\/Guides-pratiques-travaux-sur-monuments-historiques\"  target=\"_blank\" rel=\"noopener noreferrer nofollow\">Article complet.<\/a><span><\/span>}<br \/>|{Charte de Venise.,<a target=\"_blank\" rel=\"nofollow\" href=\"https:\/\/www.viaromana.org\/blog\/goto\/https:\/\/fr.wikipedia.org\/wiki\/Charte_de_Venise\"  target=\"_blank\" rel=\"noopener noreferrer nofollow\">Le texte de l\u2019article.<\/a><span><\/span>}<br \/>|{Charte de Washington.,<a target=\"_blank\" rel=\"nofollow\" href=\"https:\/\/www.viaromana.org\/blog\/goto\/https:\/\/fr.wikipedia.org\/wiki\/Charte_de_Washington\"  target=\"_blank\" rel=\"noopener noreferrer nofollow\">Le texte de l\u2019article.<\/a><span><\/span>}<br \/>|{CIDOC Conceptual Reference Model.,<a target=\"_blank\" rel=\"nofollow\" href=\"https:\/\/www.viaromana.org\/blog\/goto\/https:\/\/fr.wikipedia.org\/wiki\/CIDOC_Conceptual_Reference_Model\"  target=\"_blank\" rel=\"noopener noreferrer nofollow\">Le dossier.<\/a><span><\/span>}<br \/>|{Club pour le vieux Prague.,<a target=\"_blank\" rel=\"nofollow\" href=\"https:\/\/www.viaromana.org\/blog\/goto\/https:\/\/fr.wikipedia.org\/wiki\/Club_pour_le_vieux_Prague\"  target=\"_blank\" rel=\"noopener noreferrer nofollow\">L\u2019article ICI.<\/a><span><\/span>}<br \/>|{Code du patrimoine.,<a target=\"_blank\" rel=\"nofollow\" href=\"https:\/\/www.viaromana.org\/blog\/goto\/https:\/\/fr.wikipedia.org\/wiki\/Code_du_patrimoine\"  target=\"_blank\" rel=\"noopener noreferrer nofollow\">L\u2019article de presse.<\/a><span><\/span>. Suite sur le prochain article.}<br \/>|{Collection Patrimoine culturel des pays francophones.,<a target=\"_blank\" rel=\"nofollow\" href=\"https:\/\/www.viaromana.org\/blog\/goto\/https:\/\/fr.wikipedia.org\/wiki\/Collection_Patrimoine_culturel_des_pays_francophones\"  target=\"_blank\" rel=\"noopener noreferrer nofollow\">Cliquer ICI.<\/a><span><\/span>}<br \/>|{Conservation architecturale.,<a target=\"_blank\" rel=\"nofollow\" href=\"https:\/\/www.viaromana.org\/blog\/goto\/https:\/\/fr.wikipedia.org\/wiki\/Conservation_architecturale\"  target=\"_blank\" rel=\"noopener noreferrer nofollow\">L\u2019article ICI.<\/a><span><\/span>. Suite sur le prochain article.}<br \/>|{Conservation pr\u00e9ventive.,<a target=\"_blank\" rel=\"nofollow\" href=\"https:\/\/www.viaromana.org\/blog\/goto\/https:\/\/fr.wikipedia.org\/wiki\/Conservation_pr%C3%A9ventive\"  target=\"_blank\" rel=\"noopener noreferrer nofollow\">Ici.<\/a><span><\/span>. Suite sur le prochain article.}<br \/>|{Convention sur la protection du patrimoine culturel subaquatique.,<a target=\"_blank\" rel=\"nofollow\" href=\"https:\/\/www.viaromana.org\/blog\/goto\/https:\/\/fr.wikipedia.org\/wiki\/Convention_sur_la_protection_du_patrimoine_culturel_subaquatique\"  target=\"_blank\" rel=\"noopener noreferrer nofollow\">Le texte de l\u2019article.<\/a><span><\/span>}<br \/>|{Din l-Art \u0126elwa.,<a target=\"_blank\" rel=\"nofollow\" href=\"https:\/\/www.viaromana.org\/blog\/goto\/https:\/\/fr.wikipedia.org\/wiki\/Din_l-Art_%C4%A6elwa\"  target=\"_blank\" rel=\"noopener noreferrer nofollow\">Article complet.<\/a><span><\/span>}<br \/>|{Docomomo International.,<a target=\"_blank\" rel=\"nofollow\" href=\"https:\/\/www.viaromana.org\/blog\/goto\/https:\/\/fr.wikipedia.org\/wiki\/Docomomo_International\"  target=\"_blank\" rel=\"noopener noreferrer nofollow\">Le dossier.<\/a><span><\/span>}<br \/>|{Doctrines et techniques de conservation \u2013 restauration.,<a target=\"_blank\" rel=\"nofollow\" href=\"https:\/\/www.viaromana.org\/blog\/goto\/https:\/\/fr.wikipedia.org\/wiki\/Doctrines_et_techniques_de_conservation_-_restauration\"  target=\"_blank\" rel=\"noopener noreferrer nofollow\">Article complet.<\/a><span><\/span>}<br \/>|{Document de Nara sur l\u2019authenticit\u00e9.,<a target=\"_blank\" rel=\"nofollow\" href=\"https:\/\/www.viaromana.org\/blog\/goto\/https:\/\/fr.wikipedia.org\/wiki\/Document_de_Nara_sur_l%27authenticit%C3%A9\"  target=\"_blank\" rel=\"noopener noreferrer nofollow\">Ici.<\/a><span><\/span>. Suite sur le prochain article.}<br \/>|{Fa\u00e7adisme.,<a target=\"_blank\" rel=\"nofollow\" href=\"https:\/\/www.viaromana.org\/blog\/goto\/https:\/\/fr.wikipedia.org\/wiki\/Fa%C3%A7adisme\"  target=\"_blank\" rel=\"noopener noreferrer nofollow\">L\u2019article de presse.<\/a><span><\/span>. Suite sur le prochain article.}<br \/>|{Fondation du patrimoine.,<a target=\"_blank\" rel=\"nofollow\" href=\"https:\/\/www.viaromana.org\/blog\/goto\/https:\/\/fr.wikipedia.org\/wiki\/Fondation_du_patrimoine\"  target=\"_blank\" rel=\"noopener noreferrer nofollow\">L\u2019article de presse.<\/a><span><\/span>}<br \/>|{Fondation Mansart.,<a target=\"_blank\" rel=\"nofollow\" href=\"https:\/\/www.viaromana.org\/blog\/goto\/https:\/\/fr.wikipedia.org\/wiki\/Fondation_Mansart\"  target=\"_blank\" rel=\"noopener noreferrer nofollow\">Le dossier.<\/a><span><\/span>}<br \/>|{Ieni-Kale.,<a target=\"_blank\" rel=\"nofollow\" href=\"https:\/\/www.viaromana.org\/blog\/goto\/https:\/\/fr.wikipedia.org\/wiki\/Ieni-Kale\"  target=\"_blank\" rel=\"noopener noreferrer nofollow\">Ici.<\/a><span><\/span>}<br \/>|{In situ (conservation du patrimoine).,<a target=\"_blank\" rel=\"nofollow\" href=\"https:\/\/www.viaromana.org\/blog\/goto\/https:\/\/fr.wikipedia.org\/wiki\/In_situ_(conservation_du_patrimoine)\"  target=\"_blank\" rel=\"noopener noreferrer nofollow\">Cliquer ICI.<\/a><span><\/span>. Suite sur le prochain article.}<br \/>|{Injection de coulis de liant dans les ma\u00e7onneries.,<a target=\"_blank\" rel=\"nofollow\" href=\"https:\/\/www.viaromana.org\/blog\/goto\/https:\/\/fr.wikipedia.org\/wiki\/Injection_de_coulis_de_liant_dans_les_ma%C3%A7onneries\"  target=\"_blank\" rel=\"noopener noreferrer nofollow\">L\u2019article ICI.<\/a><span><\/span>}<br \/>|{Jacques Harmand.,<a target=\"_blank\" rel=\"nofollow\" href=\"https:\/\/www.viaromana.org\/blog\/goto\/https:\/\/fr.wikipedia.org\/wiki\/Jacques_Harmand\"  target=\"_blank\" rel=\"noopener noreferrer nofollow\">L\u2019article ICI.<\/a><span><\/span>. Suite sur le prochain article.}<br \/>|{La Tribune de l\u2019art.,<a target=\"_blank\" rel=\"nofollow\" href=\"https:\/\/www.viaromana.org\/blog\/goto\/https:\/\/fr.wikipedia.org\/wiki\/La_Tribune_de_l%27art\"  target=\"_blank\" rel=\"noopener noreferrer nofollow\">Le post d\u2019actualit\u00e9.<\/a><span><\/span>}<br \/>|{Nisso Pelossof.,<a target=\"_blank\" rel=\"nofollow\" href=\"https:\/\/www.viaromana.org\/blog\/goto\/https:\/\/fr.wikipedia.org\/wiki\/Nisso_Pelossof\"  target=\"_blank\" rel=\"noopener noreferrer nofollow\">Ici.<\/a><span><\/span>}<br \/>|{Palais Daming.,<a target=\"_blank\" rel=\"nofollow\" href=\"https:\/\/www.viaromana.org\/blog\/goto\/https:\/\/fr.wikipedia.org\/wiki\/Palais_Daming\"  target=\"_blank\" rel=\"noopener noreferrer nofollow\">L\u2019article de presse.<\/a><span><\/span>}<br \/>|{Paris historique.,<a target=\"_blank\" rel=\"nofollow\" href=\"https:\/\/www.viaromana.org\/blog\/goto\/https:\/\/fr.wikipedia.org\/wiki\/Paris_historique\"  target=\"_blank\" rel=\"noopener noreferrer nofollow\">Article complet.<\/a><span><\/span>}<br \/>|{Patrimoine d\u2019int\u00e9r\u00eat r\u00e9gional.,<a target=\"_blank\" rel=\"nofollow\" href=\"https:\/\/www.viaromana.org\/blog\/goto\/https:\/\/fr.wikipedia.org\/wiki\/Patrimoine_d%27int%C3%A9r%C3%AAt_r%C3%A9gional\"  target=\"_blank\" rel=\"noopener noreferrer nofollow\">Le dossier.<\/a><span><\/span>}<br \/>|{Patrimoine sans fronti\u00e8res.,<a target=\"_blank\" rel=\"nofollow\" href=\"https:\/\/www.viaromana.org\/blog\/goto\/https:\/\/fr.wikipedia.org\/wiki\/Patrimoine_sans_fronti%C3%A8res\"  target=\"_blank\" rel=\"noopener noreferrer nofollow\">Cliquer ICI.<\/a><span><\/span>}<br \/>|{Patrimoine syrien pendant la guerre civile.,<a target=\"_blank\" rel=\"nofollow\" href=\"https:\/\/www.viaromana.org\/blog\/goto\/https:\/\/fr.wikipedia.org\/wiki\/Patrimoine_syrien_pendant_la_guerre_civile\"  target=\"_blank\" rel=\"noopener noreferrer nofollow\">Le post d\u2019actualit\u00e9.<\/a><span><\/span>}<br \/>|{Patrimoine syrien pendant la guerre civile.,<a target=\"_blank\" rel=\"nofollow\" href=\"https:\/\/www.viaromana.org\/blog\/goto\/https:\/\/fr.wikipedia.org\/wiki\/Patrimoine_syrien_pendant_la_guerre_civile\"  target=\"_blank\" rel=\"noopener noreferrer nofollow\">Le dossier.<\/a><span><\/span>. Suite sur le prochain article.}<br \/>|{Patrimonialisation.,<a target=\"_blank\" rel=\"nofollow\" href=\"https:\/\/www.viaromana.org\/blog\/goto\/https:\/\/fr.wikipedia.org\/wiki\/Patrimonialisation\"  target=\"_blank\" rel=\"noopener noreferrer nofollow\">Article complet.<\/a><span><\/span>}<br \/>|{Patrimonialisation (homonymie).,<a target=\"_blank\" rel=\"nofollow\" href=\"https:\/\/www.viaromana.org\/blog\/goto\/https:\/\/fr.wikipedia.org\/wiki\/Patrimonialisation_(homonymie)\"  target=\"_blank\" rel=\"noopener noreferrer nofollow\">L\u2019article de presse.<\/a><span><\/span>}<br \/>|{Pont de Gorica.,<a target=\"_blank\" rel=\"nofollow\" href=\"https:\/\/www.viaromana.org\/blog\/goto\/https:\/\/fr.wikipedia.org\/wiki\/Pont_de_Gorica\"  target=\"_blank\" rel=\"noopener noreferrer nofollow\">L\u2019article ICI.<\/a><span><\/span>}<br \/>|{Port d\u2019int\u00e9r\u00eat patrimonial.,<a target=\"_blank\" rel=\"nofollow\" href=\"https:\/\/www.viaromana.org\/blog\/goto\/https:\/\/fr.wikipedia.org\/wiki\/Port_d%27int%C3%A9r%C3%AAt_patrimonial\"  target=\"_blank\" rel=\"noopener noreferrer nofollow\">Le post d\u2019actualit\u00e9.<\/a><span><\/span>}<br \/>|{Prix du patrimoine culturel de l\u2019UE\/Concours Europa Nostra.,<a target=\"_blank\" rel=\"nofollow\" href=\"https:\/\/www.viaromana.org\/blog\/goto\/https:\/\/fr.wikipedia.org\/wiki\/Prix_du_patrimoine_culturel_de_l%E2%80%99UE\/Concours_Europa_Nostra\"  target=\"_blank\" rel=\"noopener noreferrer nofollow\">Le post d\u2019actualit\u00e9.<\/a><span><\/span>}<br \/>|{R\u00e9seau culturel Terre catalane.,<a target=\"_blank\" rel=\"nofollow\" href=\"https:\/\/www.viaromana.org\/blog\/goto\/https:\/\/fr.wikipedia.org\/wiki\/R%C3%A9seau_culturel_Terre_catalane\"  target=\"_blank\" rel=\"noopener noreferrer nofollow\">Article complet.<\/a><span><\/span>}<br \/>|{Red Tail Project.,<a target=\"_blank\" rel=\"nofollow\" href=\"https:\/\/www.viaromana.org\/blog\/goto\/https:\/\/fr.wikipedia.org\/wiki\/Red_Tail_Project\"  target=\"_blank\" rel=\"noopener noreferrer nofollow\">Article complet.<\/a><span><\/span>}<br \/>|{Registre patrimonial du Queensland.,<a target=\"_blank\" rel=\"nofollow\" href=\"https:\/\/www.viaromana.org\/blog\/goto\/https:\/\/fr.wikipedia.org\/wiki\/Registre_patrimonial_du_Queensland\"  target=\"_blank\" rel=\"noopener noreferrer nofollow\">L\u2019article de presse.<\/a><span><\/span>}<br \/>|{Ren\u00e9 Dinkel.,<a target=\"_blank\" rel=\"nofollow\" href=\"https:\/\/www.viaromana.org\/blog\/goto\/https:\/\/fr.wikipedia.org\/wiki\/Ren%C3%A9_Dinkel\"  target=\"_blank\" rel=\"noopener noreferrer nofollow\">Le texte de l\u2019article.<\/a><span><\/span>}<br \/>|{Renaissance du Lille Ancien.,<a target=\"_blank\" rel=\"nofollow\" href=\"https:\/\/www.viaromana.org\/blog\/goto\/https:\/\/fr.wikipedia.org\/wiki\/Renaissance_du_Lille_Ancien\"  target=\"_blank\" rel=\"noopener noreferrer nofollow\">A lire ici.<\/a><span><\/span>}<br \/>|{Restauration de la composition murale de la Maison de la Radio \u00e0 Strasbourg.,<a target=\"_blank\" rel=\"nofollow\" href=\"https:\/\/www.viaromana.org\/blog\/goto\/https:\/\/fr.wikipedia.org\/wiki\/Restauration_de_la_composition_murale_de_la_Maison_de_la_Radio_%C3%A0_Strasbourg\"  target=\"_blank\" rel=\"noopener noreferrer nofollow\">Le texte de l\u2019article.<\/a><span><\/span>}<br \/>|{Ruine.,<a target=\"_blank\" rel=\"nofollow\" href=\"https:\/\/www.viaromana.org\/blog\/goto\/https:\/\/fr.wikipedia.org\/wiki\/Ruine\"  target=\"_blank\" rel=\"noopener noreferrer nofollow\">Le post d\u2019actualit\u00e9.<\/a><span><\/span>}<br \/>|{Secteur sauvegard\u00e9 de Lille.,<a target=\"_blank\" rel=\"nofollow\" href=\"https:\/\/www.viaromana.org\/blog\/goto\/https:\/\/fr.wikipedia.org\/wiki\/Secteur_sauvegard%C3%A9_de_Lille\"  target=\"_blank\" rel=\"noopener noreferrer nofollow\">Le dossier.<\/a><span><\/span>}<br \/>|{Secteur sauvegard\u00e9 de Lille.,<a target=\"_blank\" rel=\"nofollow\" href=\"https:\/\/www.viaromana.org\/blog\/goto\/https:\/\/fr.wikipedia.org\/wiki\/Secteur_sauvegard%C3%A9_de_Lille\"  target=\"_blank\" rel=\"noopener noreferrer nofollow\">Ici.<\/a><span><\/span>. Suite sur le prochain article.}<br \/>|{Secteur sauvegard\u00e9 de Sedan.,<a target=\"_blank\" rel=\"nofollow\" href=\"https:\/\/www.viaromana.org\/blog\/goto\/https:\/\/fr.wikipedia.org\/wiki\/Secteur_sauvegard%C3%A9_de_Sedan\"  target=\"_blank\" rel=\"noopener noreferrer nofollow\">Le post d\u2019actualit\u00e9.<\/a><span><\/span>}<br \/>|{Secteur sauvegard\u00e9 de Sedan.,<a target=\"_blank\" rel=\"nofollow\" href=\"https:\/\/www.viaromana.org\/blog\/goto\/https:\/\/fr.wikipedia.org\/wiki\/Secteur_sauvegard%C3%A9_de_Sedan\"  target=\"_blank\" rel=\"noopener noreferrer nofollow\">Le post d\u2019actualit\u00e9.<\/a><span><\/span>}<br \/>|{Sites culturels construits d\u2019int\u00e9r\u00eat national en Finlande.,<a target=\"_blank\" rel=\"nofollow\" href=\"https:\/\/www.viaromana.org\/blog\/goto\/https:\/\/fr.wikipedia.org\/wiki\/Sites_culturels_construits_d%27int%C3%A9r%C3%AAt_national_en_Finlande\"  target=\"_blank\" rel=\"noopener noreferrer nofollow\">Cliquer ICI.<\/a><span><\/span>. Suite sur le prochain article.}<br \/>|{Sites culturels construits d\u2019int\u00e9r\u00eat national en Finlande.,<a target=\"_blank\" rel=\"nofollow\" href=\"https:\/\/www.viaromana.org\/blog\/goto\/https:\/\/fr.wikipedia.org\/wiki\/Sites_culturels_construits_d%27int%C3%A9r%C3%AAt_national_en_Finlande\"  target=\"_blank\" rel=\"noopener noreferrer nofollow\">Le dossier.<\/a><span><\/span>}<br \/>|{Sites historiques et culturels majeurs prot\u00e9g\u00e9s au niveau national.,<a target=\"_blank\" rel=\"nofollow\" href=\"https:\/\/www.viaromana.org\/blog\/goto\/https:\/\/fr.wikipedia.org\/wiki\/Sites_historiques_et_culturels_majeurs_prot%C3%A9g%C3%A9s_au_niveau_national\"  target=\"_blank\" rel=\"noopener noreferrer nofollow\">Ici.<\/a><span><\/span>}<br \/>|{Sites historiques et culturels majeurs prot\u00e9g\u00e9s au niveau national.,<a target=\"_blank\" rel=\"nofollow\" href=\"https:\/\/www.viaromana.org\/blog\/goto\/https:\/\/fr.wikipedia.org\/wiki\/Sites_historiques_et_culturels_majeurs_prot%C3%A9g%C3%A9s_au_niveau_national\"  target=\"_blank\" rel=\"noopener noreferrer nofollow\">A lire ici.<\/a><span><\/span>}<br \/>|{Sites historiques et culturels majeurs prot\u00e9g\u00e9s au niveau national (Gansu).,<a target=\"_blank\" rel=\"nofollow\" href=\"https:\/\/www.viaromana.org\/blog\/goto\/https:\/\/fr.wikipedia.org\/wiki\/Sites_historiques_et_culturels_majeurs_prot%C3%A9g%C3%A9s_au_niveau_national_(Gansu)\"  target=\"_blank\" rel=\"noopener noreferrer nofollow\">A lire ici.<\/a><span><\/span>}<br \/>|{Sites historiques et culturels majeurs prot\u00e9g\u00e9s au niveau national (Gansu).,<a target=\"_blank\" rel=\"nofollow\" href=\"https:\/\/www.viaromana.org\/blog\/goto\/https:\/\/fr.wikipedia.org\/wiki\/Sites_historiques_et_culturels_majeurs_prot%C3%A9g%C3%A9s_au_niveau_national_(Gansu)\"  target=\"_blank\" rel=\"noopener noreferrer nofollow\">Article complet.<\/a><span><\/span>}<br \/>|{Sites historiques et culturels majeurs prot\u00e9g\u00e9s au niveau national (Hebei).,<a target=\"_blank\" rel=\"nofollow\" href=\"https:\/\/www.viaromana.org\/blog\/goto\/https:\/\/fr.wikipedia.org\/wiki\/Sites_historiques_et_culturels_majeurs_prot%C3%A9g%C3%A9s_au_niveau_national_(Hebei)\"  target=\"_blank\" rel=\"noopener noreferrer nofollow\">Le dossier.<\/a><span><\/span>}<br \/>|{Sites historiques et culturels majeurs prot\u00e9g\u00e9s au niveau national (Hebei).,<a target=\"_blank\" rel=\"nofollow\" href=\"https:\/\/www.viaromana.org\/blog\/goto\/https:\/\/fr.wikipedia.org\/wiki\/Sites_historiques_et_culturels_majeurs_prot%C3%A9g%C3%A9s_au_niveau_national_(Hebei)\"  target=\"_blank\" rel=\"noopener noreferrer nofollow\">Le dossier.<\/a><span><\/span>}<br \/>|{Sites historiques et culturels majeurs prot\u00e9g\u00e9s au niveau national (Heilongjiang).,<a target=\"_blank\" rel=\"nofollow\" href=\"https:\/\/www.viaromana.org\/blog\/goto\/https:\/\/fr.wikipedia.org\/wiki\/Sites_historiques_et_culturels_majeurs_prot%C3%A9g%C3%A9s_au_niveau_national_(Heilongjiang)\"  target=\"_blank\" rel=\"noopener noreferrer nofollow\">Cliquer ICI.<\/a><span><\/span>}<br \/>|{Sites historiques et culturels majeurs prot\u00e9g\u00e9s au niveau national (Heilongjiang).,<a target=\"_blank\" rel=\"nofollow\" href=\"https:\/\/www.viaromana.org\/blog\/goto\/https:\/\/fr.wikipedia.org\/wiki\/Sites_historiques_et_culturels_majeurs_prot%C3%A9g%C3%A9s_au_niveau_national_(Heilongjiang)\"  target=\"_blank\" rel=\"noopener noreferrer nofollow\">Cliquer ICI.<\/a><span><\/span>}<br \/>|{Sites historiques et culturels majeurs prot\u00e9g\u00e9s au niveau national (Jiangxi).,<a target=\"_blank\" rel=\"nofollow\" href=\"https:\/\/www.viaromana.org\/blog\/goto\/https:\/\/fr.wikipedia.org\/wiki\/Sites_historiques_et_culturels_majeurs_prot%C3%A9g%C3%A9s_au_niveau_national_(Jiangxi)\"  target=\"_blank\" rel=\"noopener noreferrer nofollow\">L\u2019article de presse.<\/a><span><\/span>. Suite sur le prochain article.}<br \/>|{Sites historiques et culturels majeurs prot\u00e9g\u00e9s au niveau national (Jiangxi).,<a target=\"_blank\" rel=\"nofollow\" href=\"https:\/\/www.viaromana.org\/blog\/goto\/https:\/\/fr.wikipedia.org\/wiki\/Sites_historiques_et_culturels_majeurs_prot%C3%A9g%C3%A9s_au_niveau_national_(Jiangxi)\"  target=\"_blank\" rel=\"noopener noreferrer nofollow\">Le post d\u2019actualit\u00e9.<\/a><span><\/span>. Suite sur le prochain article.}<br \/>|{Sites historiques et culturels majeurs prot\u00e9g\u00e9s au niveau national (Liaoning).,<a target=\"_blank\" rel=\"nofollow\" href=\"https:\/\/www.viaromana.org\/blog\/goto\/https:\/\/fr.wikipedia.org\/wiki\/Sites_historiques_et_culturels_majeurs_prot%C3%A9g%C3%A9s_au_niveau_national_(Liaoning)\"  target=\"_blank\" rel=\"noopener noreferrer nofollow\">Ici.<\/a><span><\/span>}<br \/>|{Sites historiques et culturels majeurs prot\u00e9g\u00e9s au niveau national (Liaoning).,<a target=\"_blank\" rel=\"nofollow\" href=\"https:\/\/www.viaromana.org\/blog\/goto\/https:\/\/fr.wikipedia.org\/wiki\/Sites_historiques_et_culturels_majeurs_prot%C3%A9g%C3%A9s_au_niveau_national_(Liaoning)\"  target=\"_blank\" rel=\"noopener noreferrer nofollow\">Le post d\u2019actualit\u00e9.<\/a><span><\/span>. Suite sur le prochain article.}<br \/>|{Sites historiques et culturels majeurs prot\u00e9g\u00e9s au niveau national (Mongolie int\u00e9rieure).,<a target=\"_blank\" rel=\"nofollow\" href=\"https:\/\/www.viaromana.org\/blog\/goto\/https:\/\/fr.wikipedia.org\/wiki\/Sites_historiques_et_culturels_majeurs_prot%C3%A9g%C3%A9s_au_niveau_national_(Mongolie_int%C3%A9rieure)\"  target=\"_blank\" rel=\"noopener noreferrer nofollow\">Le texte de l\u2019article.<\/a><span><\/span>. Suite sur le prochain article.}<br \/>|{Sites historiques et culturels majeurs prot\u00e9g\u00e9s au niveau national (Mongolie int\u00e9rieure).,<a target=\"_blank\" rel=\"nofollow\" href=\"https:\/\/www.viaromana.org\/blog\/goto\/https:\/\/fr.wikipedia.org\/wiki\/Sites_historiques_et_culturels_majeurs_prot%C3%A9g%C3%A9s_au_niveau_national_(Mongolie_int%C3%A9rieure)\"  target=\"_blank\" rel=\"noopener noreferrer nofollow\">Article complet.<\/a><span><\/span>. Suite sur le prochain article.}<br \/>|{Sites historiques et culturels majeurs prot\u00e9g\u00e9s au niveau national (Ningxia).,<a target=\"_blank\" rel=\"nofollow\" href=\"https:\/\/www.viaromana.org\/blog\/goto\/https:\/\/fr.wikipedia.org\/wiki\/Sites_historiques_et_culturels_majeurs_prot%C3%A9g%C3%A9s_au_niveau_national_(Ningxia)\"  target=\"_blank\" rel=\"noopener noreferrer nofollow\">Le post d\u2019actualit\u00e9.<\/a><span><\/span>. Suite sur le prochain article.}<br \/>|{Sites historiques et culturels majeurs prot\u00e9g\u00e9s au niveau national (Ningxia).,<a target=\"_blank\" rel=\"nofollow\" href=\"https:\/\/www.viaromana.org\/blog\/goto\/https:\/\/fr.wikipedia.org\/wiki\/Sites_historiques_et_culturels_majeurs_prot%C3%A9g%C3%A9s_au_niveau_national_(Ningxia)\"  target=\"_blank\" rel=\"noopener noreferrer nofollow\">Article complet.<\/a><span><\/span>. Suite sur le prochain article.}<br \/>|{Sites historiques et culturels majeurs prot\u00e9g\u00e9s au niveau national (Shaanxi).,<a target=\"_blank\" rel=\"nofollow\" href=\"https:\/\/www.viaromana.org\/blog\/goto\/https:\/\/fr.wikipedia.org\/wiki\/Sites_historiques_et_culturels_majeurs_prot%C3%A9g%C3%A9s_au_niveau_national_(Shaanxi)\"  target=\"_blank\" rel=\"noopener noreferrer nofollow\">Le texte de l\u2019article.<\/a><span><\/span>}<br \/>|{Sites historiques et culturels majeurs prot\u00e9g\u00e9s au niveau national (Shaanxi).,<a target=\"_blank\" rel=\"nofollow\" href=\"https:\/\/www.viaromana.org\/blog\/goto\/https:\/\/fr.wikipedia.org\/wiki\/Sites_historiques_et_culturels_majeurs_prot%C3%A9g%C3%A9s_au_niveau_national_(Shaanxi)\"  target=\"_blank\" rel=\"noopener noreferrer nofollow\">A lire ici.<\/a><span><\/span>}<br \/>|{Sites historiques et culturels majeurs prot\u00e9g\u00e9s au niveau national (Sichuan).,<a target=\"_blank\" rel=\"nofollow\" href=\"https:\/\/www.viaromana.org\/blog\/goto\/https:\/\/fr.wikipedia.org\/wiki\/Sites_historiques_et_culturels_majeurs_prot%C3%A9g%C3%A9s_au_niveau_national_(Sichuan)\"  target=\"_blank\" rel=\"noopener noreferrer nofollow\">L\u2019article ICI.<\/a><span><\/span>}<br \/>|{Sites historiques et culturels majeurs prot\u00e9g\u00e9s au niveau national (Sichuan).,<a target=\"_blank\" rel=\"nofollow\" href=\"https:\/\/www.viaromana.org\/blog\/goto\/https:\/\/fr.wikipedia.org\/wiki\/Sites_historiques_et_culturels_majeurs_prot%C3%A9g%C3%A9s_au_niveau_national_(Sichuan)\"  target=\"_blank\" rel=\"noopener noreferrer nofollow\">Le dossier.<\/a><span><\/span>. Suite sur le prochain article.}<br \/>|{Sites historiques et culturels majeurs prot\u00e9g\u00e9s au niveau national (Xinjiang).,<a target=\"_blank\" rel=\"nofollow\" href=\"https:\/\/www.viaromana.org\/blog\/goto\/https:\/\/fr.wikipedia.org\/wiki\/Sites_historiques_et_culturels_majeurs_prot%C3%A9g%C3%A9s_au_niveau_national_(Xinjiang)\"  target=\"_blank\" rel=\"noopener noreferrer nofollow\">Le texte de l\u2019article.<\/a><span><\/span>. Suite sur le prochain article.}<br \/>|{Sites historiques et culturels majeurs prot\u00e9g\u00e9s au niveau national (Xinjiang).,<a target=\"_blank\" rel=\"nofollow\" href=\"https:\/\/www.viaromana.org\/blog\/goto\/https:\/\/fr.wikipedia.org\/wiki\/Sites_historiques_et_culturels_majeurs_prot%C3%A9g%C3%A9s_au_niveau_national_(Xinjiang)\"  target=\"_blank\" rel=\"noopener noreferrer nofollow\">Cliquer ICI.<\/a><span><\/span>. Suite sur le prochain article.}<br \/>|{Sites historiques et culturels majeurs prot\u00e9g\u00e9s de la r\u00e9gion autonome du Tibet.,<a target=\"_blank\" rel=\"nofollow\" href=\"https:\/\/www.viaromana.org\/blog\/goto\/https:\/\/fr.wikipedia.org\/wiki\/Sites_historiques_et_culturels_majeurs_prot%C3%A9g%C3%A9s_de_la_r%C3%A9gion_autonome_du_Tibet\"  target=\"_blank\" rel=\"noopener noreferrer nofollow\">Article complet.<\/a><span><\/span>}<br \/>|{Sites historiques et culturels majeurs prot\u00e9g\u00e9s de la r\u00e9gion autonome du Tibet.,<a target=\"_blank\" rel=\"nofollow\" href=\"https:\/\/www.viaromana.org\/blog\/goto\/https:\/\/fr.wikipedia.org\/wiki\/Sites_historiques_et_culturels_majeurs_prot%C3%A9g%C3%A9s_de_la_r%C3%A9gion_autonome_du_Tibet\"  target=\"_blank\" rel=\"noopener noreferrer nofollow\">Cliquer ICI.<\/a><span><\/span>}<br \/>|{Soci\u00e9t\u00e9 Jersiaise.,<a target=\"_blank\" rel=\"nofollow\" href=\"https:\/\/www.viaromana.org\/blog\/goto\/https:\/\/fr.wikipedia.org\/wiki\/Soci%C3%A9t%C3%A9_Jersiaise\"  target=\"_blank\" rel=\"noopener noreferrer nofollow\">Le dossier.<\/a><span><\/span>}<br \/>|{Soci\u00e9t\u00e9 Jersiaise.,<a target=\"_blank\" rel=\"nofollow\" href=\"https:\/\/www.viaromana.org\/blog\/goto\/https:\/\/fr.wikipedia.org\/wiki\/Soci%C3%A9t%C3%A9_Jersiaise\"  target=\"_blank\" rel=\"noopener noreferrer nofollow\">Cliquer ICI.<\/a><span><\/span>}<br \/>|{Th\u00e9orie de la restauration.,<a target=\"_blank\" rel=\"nofollow\" href=\"https:\/\/www.viaromana.org\/blog\/goto\/https:\/\/fr.wikipedia.org\/wiki\/Th%C3%A9orie_de_la_restauration\"  target=\"_blank\" rel=\"noopener noreferrer nofollow\">Le post d\u2019actualit\u00e9.<\/a><span><\/span>}<br \/>|{Tr\u00e9sor national (Japon).,<a target=\"_blank\" rel=\"nofollow\" href=\"https:\/\/www.viaromana.org\/blog\/goto\/https:\/\/fr.wikipedia.org\/wiki\/Tr%C3%A9sor_national_(Japon)\"  target=\"_blank\" rel=\"noopener noreferrer nofollow\">L\u2019article de presse.<\/a><span><\/span>}<br \/>|{Web Journal on Cultural Patrimony.,<a target=\"_blank\" rel=\"nofollow\" href=\"https:\/\/www.viaromana.org\/blog\/goto\/https:\/\/fr.wikipedia.org\/wiki\/Web_Journal_on_Cultural_Patrimony\"  target=\"_blank\" rel=\"noopener noreferrer nofollow\">L\u2019article de presse.<\/a><span><\/span>. Suite sur le prochain article.}<br \/>|{Whanganui.,<a target=\"_blank\" rel=\"nofollow\" href=\"https:\/\/www.viaromana.org\/blog\/goto\/https:\/\/fr.wikipedia.org\/wiki\/Whanganui\"  target=\"_blank\" rel=\"noopener noreferrer nofollow\">A lire ici.<\/a><span><\/span>}<br \/>|{Wiki Loves Earth.,<a target=\"_blank\" rel=\"nofollow\" href=\"https:\/\/www.viaromana.org\/blog\/goto\/https:\/\/fr.wikipedia.org\/wiki\/Wiki_Loves_Earth\"  target=\"_blank\" rel=\"noopener noreferrer nofollow\">Le texte de l\u2019article.<\/a><span><\/span>. Suite sur le prochain article.}<br \/>|{Wiki Loves Monuments.,<a target=\"_blank\" rel=\"nofollow\" href=\"https:\/\/www.viaromana.org\/blog\/goto\/https:\/\/fr.wikipedia.org\/wiki\/Wiki_Loves_Monuments\"  target=\"_blank\" rel=\"noopener noreferrer nofollow\">Ici.<\/a><span><\/span>}<br \/>|{vitrail.,<a target=\"_blank\" rel=\"nofollow\" href=\"https:\/\/www.viaromana.org\/blog\/goto\/https:\/\/fr.wikipedia.orghttps:\/\/fr.wikipedia.org\/wiki\/Vitrail\"  target=\"_blank\" rel=\"noopener noreferrer nofollow\">Ici.<\/a><span><\/span>}<br \/>|{Les ICC Notes de l\u2019Institut canadien pour la conservation.,<a target=\"_blank\" rel=\"nofollow\" href=\"https:\/\/www.viaromana.org\/blog\/goto\/https:\/\/www.canada.ca\/fr\/institut-conservation\/services\/publications-conservation-preservation\/notes-institut-canadien-conservation.html\"  target=\"_blank\" rel=\"noopener noreferrer nofollow\">L\u2019article de presse.<\/a><span><\/span>}<br \/>|{Centre de conservation du Qu\u00e9bec .,<a target=\"_blank\" rel=\"nofollow\" href=\"https:\/\/www.viaromana.org\/blog\/goto\/https:\/\/www.ccq.gouv.qc.ca\/index-id%3d84.html\"  target=\"_blank\" rel=\"noopener noreferrer nofollow\">A lire ici.<\/a><span><\/span>}<br \/>|{Monumental n\u00b022 Conservation, restauration, restauration, doctrines.,<a target=\"_blank\" rel=\"nofollow\" href=\"https:\/\/www.viaromana.org\/blog\/goto\/https:\/\/www.editions-du-patrimoine.fr\/Librairie\/Monumental\/Monumental-N-22-Conservation.-restauration-doctrines?pRelatedEditions=3\"  target=\"_blank\" rel=\"noopener noreferrer nofollow\">L\u2019article ICI.<\/a><span><\/span>}<br \/>|{Ge-conservacion.,<a target=\"_blank\" rel=\"nofollow\" href=\"https:\/\/www.viaromana.org\/blog\/goto\/https:\/\/www.ge-iic.com\/ojs\/index.php\/revista\/issue\/archive\"  target=\"_blank\" rel=\"noopener noreferrer nofollow\">Cliquer ICI.<\/a><span><\/span>}<br \/>|{en ligne ici.,<a target=\"_blank\" rel=\"nofollow\" href=\"https:\/\/www.viaromana.org\/blog\/goto\/https:\/\/www.ifla.org\/resources\/?_sfm_resource_topic=1200820&amp;_sfm_resource_type=All\"  target=\"_blank\" rel=\"noopener noreferrer nofollow\">Ici.<\/a><span><\/span>}<br \/>|{News in Conservation.,<a target=\"_blank\" rel=\"nofollow\" href=\"https:\/\/www.viaromana.org\/blog\/goto\/https:\/\/www.iiconservation.org\/publications\/nic\"  target=\"_blank\" rel=\"noopener noreferrer nofollow\">Le dossier.<\/a><span><\/span>}<br \/>|{Image permanence Institute.,<a target=\"_blank\" rel=\"nofollow\" href=\"https:\/\/www.viaromana.org\/blog\/goto\/https:\/\/www.imagepermanenceinstitute.org\/education\/publications.html\"  target=\"_blank\" rel=\"noopener noreferrer nofollow\">Ici.<\/a><span><\/span>}<br \/>|{Les Preservation leaflets du NEDCC \u2013 Northeast document center.,<a target=\"_blank\" rel=\"nofollow\" href=\"https:\/\/www.viaromana.org\/blog\/goto\/https:\/\/www.nedcc.org\/free-resources\/preservation-leaflets\/overview\"  target=\"_blank\" rel=\"noopener noreferrer nofollow\">L\u2019article ICI.<\/a><span><\/span>}<br \/>|{Conserve O Gram du National Park Service.,<a target=\"_blank\" rel=\"nofollow\" href=\"https:\/\/www.viaromana.org\/blog\/goto\/https:\/\/www.nps.gov\/museum\/publications\/conserveogram\/cons_toc.html\"  target=\"_blank\" rel=\"noopener noreferrer nofollow\">Le dossier.<\/a><span><\/span>. Suite sur le prochain article.}<br \/>|{Petite histoire de la restauration des monuments historiques.,<a target=\"_blank\" rel=\"nofollow\" href=\"https:\/\/www.viaromana.org\/blog\/goto\/https:\/\/www.tourisme93.com\/petite-histoire-de-la-restauration-des-monuments-historiques.html\"  target=\"_blank\" rel=\"noopener noreferrer nofollow\">Ici.<\/a><span><\/span>}<br \/>}<\/p>\n","protected":false},"excerpt":{"rendered":"<p>Okaz, Arabie Saoudite, 3 octobre Isra\u00ebl a finalement r\u00e9ussi \u00e0 cibler le chef du Hezbollah, Hassan Nasrallah, apr\u00e8s 18 ans de clandestinit\u00e9. Cela constitue un coup dur pour le Hezbollah et ses alli\u00e9s iraniens. La s\u00e9quence de revers inflig\u00e9s aux milices a commenc\u00e9 par le piratage de leur r\u00e9seau de communication, suivi de l&rsquo;assassinat de plus de 500 commandants sur le terrain dans le sud au cours de l&rsquo;ann\u00e9e \u00e9coul\u00e9e. La campagne a abouti \u00e0 l\u2019\u00e9limination des dirigeants de second rang et, finalement, de Nasrallah lui-m\u00eame. Pour beaucoup, l&rsquo;influence du Hezbollah avait d\u00e9j\u00e0 d\u00e9clin\u00e9 apr\u00e8s le retrait d&rsquo;Isra\u00ebl du sud-Liban\u2026<\/p>\n","protected":false},"author":1,"featured_media":0,"comment_status":"closed","ping_status":"closed","sticky":false,"template":"","format":"standard","meta":{"footnotes":""},"categories":[2],"tags":[],"blocksy_meta":{"styles_descriptor":{"styles":{"desktop":"","tablet":"","mobile":""},"google_fonts":[],"version":4}},"yoast_head":"<!-- This site is optimized with the Yoast SEO plugin v21.1 - https:\/\/yoast.com\/wordpress\/plugins\/seo\/ -->\n<title>Que deviendra le Hezbollah ? - Viaromana et arch\u00e9ologie.<\/title>\n<meta name=\"description\" content=\"Que deviendra le Hezbollah ? article de Viaromana et arch\u00e9ologie.\" \/>\n<meta name=\"robots\" content=\"index, follow, max-snippet:-1, max-image-preview:large, max-video-preview:-1\" \/>\n<link rel=\"canonical\" href=\"https:\/\/www.viaromana.org\/blog\/que-deviendra-le-hezbollah\/\" \/>\n<meta property=\"og:locale\" content=\"fr_FR\" \/>\n<meta property=\"og:type\" content=\"article\" \/>\n<meta property=\"og:title\" content=\"Que deviendra le Hezbollah ? - Viaromana et arch\u00e9ologie.\" \/>\n<meta property=\"og:description\" content=\"Que deviendra le Hezbollah ? article de Viaromana et arch\u00e9ologie.\" \/>\n<meta property=\"og:url\" content=\"https:\/\/www.viaromana.org\/blog\/que-deviendra-le-hezbollah\/\" \/>\n<meta property=\"og:site_name\" content=\"Viaromana et arch\u00e9ologie.\" \/>\n<meta property=\"article:published_time\" content=\"2024-10-08T13:43:48+00:00\" \/>\n<meta property=\"og:image\" content=\"https:\/\/www.viaromana.org\/blog\/wp-content\/uploads\/2024\/10\/que-deviendra-le-hezbollah.jpg\" \/>\n<meta name=\"author\" content=\"Robert\" \/>\n<meta name=\"twitter:card\" content=\"summary_large_image\" \/>\n<meta name=\"twitter:label1\" content=\"\u00c9crit par\" \/>\n\t<meta name=\"twitter:data1\" content=\"Robert\" \/>\n\t<meta name=\"twitter:label2\" content=\"Dur\u00e9e de lecture estim\u00e9e\" \/>\n\t<meta name=\"twitter:data2\" content=\"23 minutes\" \/>\n<script type=\"application\/ld+json\" class=\"yoast-schema-graph\">{\"@context\":\"https:\/\/schema.org\",\"@graph\":[{\"@type\":\"Article\",\"@id\":\"https:\/\/www.viaromana.org\/blog\/que-deviendra-le-hezbollah\/#article\",\"isPartOf\":{\"@id\":\"https:\/\/www.viaromana.org\/blog\/que-deviendra-le-hezbollah\/\"},\"author\":{\"name\":\"Robert\",\"@id\":\"https:\/\/www.viaromana.org\/blog\/#\/schema\/person\/cde9c4655845091e1fe473fcd163c889\"},\"headline\":\"Que deviendra le Hezbollah ?\",\"datePublished\":\"2024-10-08T13:43:48+00:00\",\"dateModified\":\"2024-10-08T13:43:48+00:00\",\"mainEntityOfPage\":{\"@id\":\"https:\/\/www.viaromana.org\/blog\/que-deviendra-le-hezbollah\/\"},\"wordCount\":4528,\"publisher\":{\"@id\":\"https:\/\/www.viaromana.org\/blog\/#organization\"},\"articleSection\":[\"Arch\u00e9ologie\"],\"inLanguage\":\"fr-FR\"},{\"@type\":\"WebPage\",\"@id\":\"https:\/\/www.viaromana.org\/blog\/que-deviendra-le-hezbollah\/\",\"url\":\"https:\/\/www.viaromana.org\/blog\/que-deviendra-le-hezbollah\/\",\"name\":\"Que deviendra le Hezbollah ? - Viaromana et arch\u00e9ologie.\",\"isPartOf\":{\"@id\":\"https:\/\/www.viaromana.org\/blog\/#website\"},\"datePublished\":\"2024-10-08T13:43:48+00:00\",\"dateModified\":\"2024-10-08T13:43:48+00:00\",\"description\":\"Que deviendra le Hezbollah ? article de Viaromana et arch\u00e9ologie.\",\"breadcrumb\":{\"@id\":\"https:\/\/www.viaromana.org\/blog\/que-deviendra-le-hezbollah\/#breadcrumb\"},\"inLanguage\":\"fr-FR\",\"potentialAction\":[{\"@type\":\"ReadAction\",\"target\":[\"https:\/\/www.viaromana.org\/blog\/que-deviendra-le-hezbollah\/\"]}]},{\"@type\":\"BreadcrumbList\",\"@id\":\"https:\/\/www.viaromana.org\/blog\/que-deviendra-le-hezbollah\/#breadcrumb\",\"itemListElement\":[{\"@type\":\"ListItem\",\"position\":1,\"name\":\"Accueil\",\"item\":\"https:\/\/www.viaromana.org\/blog\/\"},{\"@type\":\"ListItem\",\"position\":2,\"name\":\"Que deviendra le Hezbollah ?\"}]},{\"@type\":\"WebSite\",\"@id\":\"https:\/\/www.viaromana.org\/blog\/#website\",\"url\":\"https:\/\/www.viaromana.org\/blog\/\",\"name\":\"Viaromana et arch\u00e9ologie.\",\"description\":\"Site arch\u00e9ologique de la voie romaine (viaromana) Belgique-France-Rome\",\"publisher\":{\"@id\":\"https:\/\/www.viaromana.org\/blog\/#organization\"},\"potentialAction\":[{\"@type\":\"SearchAction\",\"target\":{\"@type\":\"EntryPoint\",\"urlTemplate\":\"https:\/\/www.viaromana.org\/blog\/?s={search_term_string}\"},\"query-input\":\"required name=search_term_string\"}],\"inLanguage\":\"fr-FR\"},{\"@type\":\"Organization\",\"@id\":\"https:\/\/www.viaromana.org\/blog\/#organization\",\"name\":\"viaromana\",\"url\":\"https:\/\/www.viaromana.org\/blog\/\",\"logo\":{\"@type\":\"ImageObject\",\"inLanguage\":\"fr-FR\",\"@id\":\"https:\/\/www.viaromana.org\/blog\/#\/schema\/logo\/image\/\",\"url\":\"https:\/\/www.viaromana.org\/blog\/wp-content\/uploads\/2021\/12\/logo-3.png\",\"contentUrl\":\"https:\/\/www.viaromana.org\/blog\/wp-content\/uploads\/2021\/12\/logo-3.png\",\"width\":300,\"height\":249,\"caption\":\"viaromana\"},\"image\":{\"@id\":\"https:\/\/www.viaromana.org\/blog\/#\/schema\/logo\/image\/\"}},{\"@type\":\"Person\",\"@id\":\"https:\/\/www.viaromana.org\/blog\/#\/schema\/person\/cde9c4655845091e1fe473fcd163c889\",\"name\":\"Robert\",\"image\":{\"@type\":\"ImageObject\",\"inLanguage\":\"fr-FR\",\"@id\":\"https:\/\/www.viaromana.org\/blog\/#\/schema\/person\/image\/\",\"url\":\"https:\/\/secure.gravatar.com\/avatar\/a168ec191013b636c2f278aec04e724b?s=96&d=mm&r=g\",\"contentUrl\":\"https:\/\/secure.gravatar.com\/avatar\/a168ec191013b636c2f278aec04e724b?s=96&d=mm&r=g\",\"caption\":\"Robert\"},\"sameAs\":[\"https:\/\/www.viaromana.org\/blog\"],\"url\":\"https:\/\/www.viaromana.org\/blog\/author\/anaadmin\/\"}]}<\/script>\n<!-- \/ Yoast SEO plugin. -->","yoast_head_json":{"title":"Que deviendra le Hezbollah ? - Viaromana et arch\u00e9ologie.","description":"Que deviendra le Hezbollah ? article de Viaromana et arch\u00e9ologie.","robots":{"index":"index","follow":"follow","max-snippet":"max-snippet:-1","max-image-preview":"max-image-preview:large","max-video-preview":"max-video-preview:-1"},"canonical":"https:\/\/www.viaromana.org\/blog\/que-deviendra-le-hezbollah\/","og_locale":"fr_FR","og_type":"article","og_title":"Que deviendra le Hezbollah ? - Viaromana et arch\u00e9ologie.","og_description":"Que deviendra le Hezbollah ? article de Viaromana et arch\u00e9ologie.","og_url":"https:\/\/www.viaromana.org\/blog\/que-deviendra-le-hezbollah\/","og_site_name":"Viaromana et arch\u00e9ologie.","article_published_time":"2024-10-08T13:43:48+00:00","og_image":[{"url":"https:\/\/www.viaromana.org\/blog\/wp-content\/uploads\/2024\/10\/que-deviendra-le-hezbollah.jpg"}],"author":"Robert","twitter_card":"summary_large_image","twitter_misc":{"\u00c9crit par":"Robert","Dur\u00e9e de lecture estim\u00e9e":"23 minutes"},"schema":{"@context":"https:\/\/schema.org","@graph":[{"@type":"Article","@id":"https:\/\/www.viaromana.org\/blog\/que-deviendra-le-hezbollah\/#article","isPartOf":{"@id":"https:\/\/www.viaromana.org\/blog\/que-deviendra-le-hezbollah\/"},"author":{"name":"Robert","@id":"https:\/\/www.viaromana.org\/blog\/#\/schema\/person\/cde9c4655845091e1fe473fcd163c889"},"headline":"Que deviendra le Hezbollah ?","datePublished":"2024-10-08T13:43:48+00:00","dateModified":"2024-10-08T13:43:48+00:00","mainEntityOfPage":{"@id":"https:\/\/www.viaromana.org\/blog\/que-deviendra-le-hezbollah\/"},"wordCount":4528,"publisher":{"@id":"https:\/\/www.viaromana.org\/blog\/#organization"},"articleSection":["Arch\u00e9ologie"],"inLanguage":"fr-FR"},{"@type":"WebPage","@id":"https:\/\/www.viaromana.org\/blog\/que-deviendra-le-hezbollah\/","url":"https:\/\/www.viaromana.org\/blog\/que-deviendra-le-hezbollah\/","name":"Que deviendra le Hezbollah ? - Viaromana et arch\u00e9ologie.","isPartOf":{"@id":"https:\/\/www.viaromana.org\/blog\/#website"},"datePublished":"2024-10-08T13:43:48+00:00","dateModified":"2024-10-08T13:43:48+00:00","description":"Que deviendra le Hezbollah ? article de Viaromana et arch\u00e9ologie.","breadcrumb":{"@id":"https:\/\/www.viaromana.org\/blog\/que-deviendra-le-hezbollah\/#breadcrumb"},"inLanguage":"fr-FR","potentialAction":[{"@type":"ReadAction","target":["https:\/\/www.viaromana.org\/blog\/que-deviendra-le-hezbollah\/"]}]},{"@type":"BreadcrumbList","@id":"https:\/\/www.viaromana.org\/blog\/que-deviendra-le-hezbollah\/#breadcrumb","itemListElement":[{"@type":"ListItem","position":1,"name":"Accueil","item":"https:\/\/www.viaromana.org\/blog\/"},{"@type":"ListItem","position":2,"name":"Que deviendra le Hezbollah ?"}]},{"@type":"WebSite","@id":"https:\/\/www.viaromana.org\/blog\/#website","url":"https:\/\/www.viaromana.org\/blog\/","name":"Viaromana et arch\u00e9ologie.","description":"Site arch\u00e9ologique de la voie romaine (viaromana) Belgique-France-Rome","publisher":{"@id":"https:\/\/www.viaromana.org\/blog\/#organization"},"potentialAction":[{"@type":"SearchAction","target":{"@type":"EntryPoint","urlTemplate":"https:\/\/www.viaromana.org\/blog\/?s={search_term_string}"},"query-input":"required name=search_term_string"}],"inLanguage":"fr-FR"},{"@type":"Organization","@id":"https:\/\/www.viaromana.org\/blog\/#organization","name":"viaromana","url":"https:\/\/www.viaromana.org\/blog\/","logo":{"@type":"ImageObject","inLanguage":"fr-FR","@id":"https:\/\/www.viaromana.org\/blog\/#\/schema\/logo\/image\/","url":"https:\/\/www.viaromana.org\/blog\/wp-content\/uploads\/2021\/12\/logo-3.png","contentUrl":"https:\/\/www.viaromana.org\/blog\/wp-content\/uploads\/2021\/12\/logo-3.png","width":300,"height":249,"caption":"viaromana"},"image":{"@id":"https:\/\/www.viaromana.org\/blog\/#\/schema\/logo\/image\/"}},{"@type":"Person","@id":"https:\/\/www.viaromana.org\/blog\/#\/schema\/person\/cde9c4655845091e1fe473fcd163c889","name":"Robert","image":{"@type":"ImageObject","inLanguage":"fr-FR","@id":"https:\/\/www.viaromana.org\/blog\/#\/schema\/person\/image\/","url":"https:\/\/secure.gravatar.com\/avatar\/a168ec191013b636c2f278aec04e724b?s=96&d=mm&r=g","contentUrl":"https:\/\/secure.gravatar.com\/avatar\/a168ec191013b636c2f278aec04e724b?s=96&d=mm&r=g","caption":"Robert"},"sameAs":["https:\/\/www.viaromana.org\/blog"],"url":"https:\/\/www.viaromana.org\/blog\/author\/anaadmin\/"}]}},"_links":{"self":[{"href":"https:\/\/www.viaromana.org\/blog\/wp-json\/wp\/v2\/posts\/1809"}],"collection":[{"href":"https:\/\/www.viaromana.org\/blog\/wp-json\/wp\/v2\/posts"}],"about":[{"href":"https:\/\/www.viaromana.org\/blog\/wp-json\/wp\/v2\/types\/post"}],"author":[{"embeddable":true,"href":"https:\/\/www.viaromana.org\/blog\/wp-json\/wp\/v2\/users\/1"}],"replies":[{"embeddable":true,"href":"https:\/\/www.viaromana.org\/blog\/wp-json\/wp\/v2\/comments?post=1809"}],"version-history":[{"count":0,"href":"https:\/\/www.viaromana.org\/blog\/wp-json\/wp\/v2\/posts\/1809\/revisions"}],"wp:attachment":[{"href":"https:\/\/www.viaromana.org\/blog\/wp-json\/wp\/v2\/media?parent=1809"}],"wp:term":[{"taxonomy":"category","embeddable":true,"href":"https:\/\/www.viaromana.org\/blog\/wp-json\/wp\/v2\/categories?post=1809"},{"taxonomy":"post_tag","embeddable":true,"href":"https:\/\/www.viaromana.org\/blog\/wp-json\/wp\/v2\/tags?post=1809"}],"curies":[{"name":"wp","href":"https:\/\/api.w.org\/{rel}","templated":true}]}}