{"id":1797,"date":"2024-01-28T22:11:00","date_gmt":"2024-01-28T21:11:00","guid":{"rendered":"https:\/\/www.site.cdcl.xyz\/2024\/01\/28\/montredon-leglise-sera-restauree-en-2024\/"},"modified":"2024-01-28T22:11:00","modified_gmt":"2024-01-28T21:11:00","slug":"montredon-leglise-sera-restauree-en-2024","status":"publish","type":"post","link":"https:\/\/www.viaromana.org\/blog\/montredon-leglise-sera-restauree-en-2024\/","title":{"rendered":"Montredon. L\u2019\u00e9glise sera restaur\u00e9e en 2024"},"content":{"rendered":"<div data-state=\"fixed-height\" data-selection=\"disabled\">\n<p>Le maire a souhait\u00e9 la bienvenue aux personnes pr\u00e9sentes dont Mme Tiegna (d\u00e9put\u00e9e), M. Baldy (conseiller d\u00e9partemental). En 2023, la commune compte 307 habitants, il y a eu 2 mariages, pas de naissance ni de d\u00e9c\u00e8s et 2 nouvelles constructions.<\/p>\n<p>L\u2019ann\u00e9e a \u00e9t\u00e9 surtout marqu\u00e9e par l\u2019inauguration de l\u2019Oustal des Crozes (local des chasseurs) et la mise en place de l\u2019adressage.<\/p>\n<p>La 1re adjointe pr\u00e9sente le projet de la restauration de l\u2019\u00e9glise. La 1re tranche de travaux, pour un montant de 280 000 \u20ac, d\u00e9butera dans les jours qui viennent. Des solutions sont recherch\u00e9es avec la Ligue de Protection des oiseaux et la Direction R\u00e9gionales de l\u2019Environnement, de l\u2019Am\u00e9nagement et du Logement pour pr\u00e9server au mieux la qui\u00e9tude des hirondelles. L\u2019installation de nids de substitutions \u00e0 proximit\u00e9 de l\u2019\u00e9glise est pr\u00e9vue. Le PLUi est en cours de finalisation : des r\u00e9unions de secteur sont planifi\u00e9es.<\/p>\n<p>La couverture du parking \u2013 rev\u00eatement de panneaux photovolta\u00efques \u2013 est en bonne voie.<\/p>\n<p>Le PCS (Plan Communal de Sauvegarde) est bien avanc\u00e9. Par ailleurs, le maire rappelle l\u2019urgence et l\u2019importance de r\u00e9duire et de mieux trier nos d\u00e9chets. Il souligne des incivilit\u00e9s et s\u2019interroge sur la n\u00e9cessit\u00e9 d\u2019installer des cam\u00e9ras de surveillance.<\/p>\n<p>Le montant des travaux de voirie, de la station d\u2019\u00e9puration, de l\u2019AFR et des b\u00e2timents communaux ont \u00e9t\u00e9 d\u00e9taill\u00e9s.<\/p>\n<p>Apr\u00e8s de nombreux remerciements le maire a invit\u00e9 l\u2019assistance au verre de l\u2019amiti\u00e9 et au buffet pr\u00e9par\u00e9 par l\u2019\u00e9quipe municipale.<\/p>\n<\/div>\n","protected":false},"excerpt":{"rendered":"<p>Le maire a souhait\u00e9 la bienvenue aux personnes pr\u00e9sentes dont Mme Tiegna (d\u00e9put\u00e9e), M. Baldy (conseiller d\u00e9partemental). En 2023, la commune compte 307 habitants, il y a eu 2 mariages, pas de naissance ni de d\u00e9c\u00e8s et 2 nouvelles constructions. L\u2019ann\u00e9e a \u00e9t\u00e9 surtout marqu\u00e9e par l\u2019inauguration de l\u2019Oustal des Crozes (local des chasseurs) et la mise en place de l\u2019adressage. La 1re adjointe pr\u00e9sente le projet de la restauration de l\u2019\u00e9glise. La 1re tranche de travaux, pour un montant de 280 000 \u20ac, d\u00e9butera dans les jours qui viennent. Des solutions sont recherch\u00e9es avec la Ligue de Protection des\u2026<\/p>\n","protected":false},"author":1,"featured_media":0,"comment_status":"closed","ping_status":"closed","sticky":false,"template":"","format":"standard","meta":{"footnotes":""},"categories":[2],"tags":[],"blocksy_meta":{"styles_descriptor":{"styles":{"desktop":"","tablet":"","mobile":""},"google_fonts":[],"version":4}},"yoast_head":"<!-- This site is optimized with the Yoast SEO plugin v21.1 - https:\/\/yoast.com\/wordpress\/plugins\/seo\/ -->\n<title>Montredon. L\u2019\u00e9glise sera restaur\u00e9e en 2024 - Viaromana et arch\u00e9ologie.<\/title>\n<meta name=\"description\" content=\"Montredon. L\u2019\u00e9glise sera restaur\u00e9e en 2024 article de Viaromana et arch\u00e9ologie.\" \/>\n<meta name=\"robots\" content=\"index, follow, max-snippet:-1, max-image-preview:large, max-video-preview:-1\" \/>\n<link rel=\"canonical\" href=\"https:\/\/www.viaromana.org\/blog\/montredon-leglise-sera-restauree-en-2024\/\" \/>\n<meta property=\"og:locale\" content=\"fr_FR\" \/>\n<meta property=\"og:type\" content=\"article\" \/>\n<meta property=\"og:title\" content=\"Montredon. L\u2019\u00e9glise sera restaur\u00e9e en 2024 - Viaromana et arch\u00e9ologie.\" \/>\n<meta property=\"og:description\" content=\"Montredon. L\u2019\u00e9glise sera restaur\u00e9e en 2024 article de Viaromana et arch\u00e9ologie.\" \/>\n<meta property=\"og:url\" content=\"https:\/\/www.viaromana.org\/blog\/montredon-leglise-sera-restauree-en-2024\/\" \/>\n<meta property=\"og:site_name\" content=\"Viaromana et arch\u00e9ologie.\" \/>\n<meta property=\"article:published_time\" content=\"2024-01-28T21:11:00+00:00\" \/>\n<meta name=\"author\" content=\"Robert\" \/>\n<meta name=\"twitter:card\" content=\"summary_large_image\" \/>\n<meta name=\"twitter:label1\" content=\"\u00c9crit par\" \/>\n\t<meta name=\"twitter:data1\" content=\"Robert\" \/>\n\t<meta name=\"twitter:label2\" content=\"Dur\u00e9e de lecture estim\u00e9e\" \/>\n\t<meta name=\"twitter:data2\" content=\"1 minute\" \/>\n<script type=\"application\/ld+json\" class=\"yoast-schema-graph\">{\"@context\":\"https:\/\/schema.org\",\"@graph\":[{\"@type\":\"Article\",\"@id\":\"https:\/\/www.viaromana.org\/blog\/montredon-leglise-sera-restauree-en-2024\/#article\",\"isPartOf\":{\"@id\":\"https:\/\/www.viaromana.org\/blog\/montredon-leglise-sera-restauree-en-2024\/\"},\"author\":{\"name\":\"Robert\",\"@id\":\"https:\/\/www.viaromana.org\/blog\/#\/schema\/person\/cde9c4655845091e1fe473fcd163c889\"},\"headline\":\"Montredon. L\u2019\u00e9glise sera restaur\u00e9e en 2024\",\"datePublished\":\"2024-01-28T21:11:00+00:00\",\"dateModified\":\"2024-01-28T21:11:00+00:00\",\"mainEntityOfPage\":{\"@id\":\"https:\/\/www.viaromana.org\/blog\/montredon-leglise-sera-restauree-en-2024\/\"},\"wordCount\":281,\"publisher\":{\"@id\":\"https:\/\/www.viaromana.org\/blog\/#organization\"},\"articleSection\":[\"Arch\u00e9ologie\"],\"inLanguage\":\"fr-FR\"},{\"@type\":\"WebPage\",\"@id\":\"https:\/\/www.viaromana.org\/blog\/montredon-leglise-sera-restauree-en-2024\/\",\"url\":\"https:\/\/www.viaromana.org\/blog\/montredon-leglise-sera-restauree-en-2024\/\",\"name\":\"Montredon. L\u2019\u00e9glise sera restaur\u00e9e en 2024 - Viaromana et arch\u00e9ologie.\",\"isPartOf\":{\"@id\":\"https:\/\/www.viaromana.org\/blog\/#website\"},\"datePublished\":\"2024-01-28T21:11:00+00:00\",\"dateModified\":\"2024-01-28T21:11:00+00:00\",\"description\":\"Montredon. L\u2019\u00e9glise sera restaur\u00e9e en 2024 article de Viaromana et arch\u00e9ologie.\",\"breadcrumb\":{\"@id\":\"https:\/\/www.viaromana.org\/blog\/montredon-leglise-sera-restauree-en-2024\/#breadcrumb\"},\"inLanguage\":\"fr-FR\",\"potentialAction\":[{\"@type\":\"ReadAction\",\"target\":[\"https:\/\/www.viaromana.org\/blog\/montredon-leglise-sera-restauree-en-2024\/\"]}]},{\"@type\":\"BreadcrumbList\",\"@id\":\"https:\/\/www.viaromana.org\/blog\/montredon-leglise-sera-restauree-en-2024\/#breadcrumb\",\"itemListElement\":[{\"@type\":\"ListItem\",\"position\":1,\"name\":\"Accueil\",\"item\":\"https:\/\/www.viaromana.org\/blog\/\"},{\"@type\":\"ListItem\",\"position\":2,\"name\":\"Montredon. L\u2019\u00e9glise sera restaur\u00e9e en 2024\"}]},{\"@type\":\"WebSite\",\"@id\":\"https:\/\/www.viaromana.org\/blog\/#website\",\"url\":\"https:\/\/www.viaromana.org\/blog\/\",\"name\":\"Viaromana et arch\u00e9ologie.\",\"description\":\"Site arch\u00e9ologique de la voie romaine (viaromana) Belgique-France-Rome\",\"publisher\":{\"@id\":\"https:\/\/www.viaromana.org\/blog\/#organization\"},\"potentialAction\":[{\"@type\":\"SearchAction\",\"target\":{\"@type\":\"EntryPoint\",\"urlTemplate\":\"https:\/\/www.viaromana.org\/blog\/?s={search_term_string}\"},\"query-input\":\"required name=search_term_string\"}],\"inLanguage\":\"fr-FR\"},{\"@type\":\"Organization\",\"@id\":\"https:\/\/www.viaromana.org\/blog\/#organization\",\"name\":\"viaromana\",\"url\":\"https:\/\/www.viaromana.org\/blog\/\",\"logo\":{\"@type\":\"ImageObject\",\"inLanguage\":\"fr-FR\",\"@id\":\"https:\/\/www.viaromana.org\/blog\/#\/schema\/logo\/image\/\",\"url\":\"https:\/\/www.viaromana.org\/blog\/wp-content\/uploads\/2021\/12\/logo-3.png\",\"contentUrl\":\"https:\/\/www.viaromana.org\/blog\/wp-content\/uploads\/2021\/12\/logo-3.png\",\"width\":300,\"height\":249,\"caption\":\"viaromana\"},\"image\":{\"@id\":\"https:\/\/www.viaromana.org\/blog\/#\/schema\/logo\/image\/\"}},{\"@type\":\"Person\",\"@id\":\"https:\/\/www.viaromana.org\/blog\/#\/schema\/person\/cde9c4655845091e1fe473fcd163c889\",\"name\":\"Robert\",\"image\":{\"@type\":\"ImageObject\",\"inLanguage\":\"fr-FR\",\"@id\":\"https:\/\/www.viaromana.org\/blog\/#\/schema\/person\/image\/\",\"url\":\"https:\/\/secure.gravatar.com\/avatar\/a168ec191013b636c2f278aec04e724b?s=96&d=mm&r=g\",\"contentUrl\":\"https:\/\/secure.gravatar.com\/avatar\/a168ec191013b636c2f278aec04e724b?s=96&d=mm&r=g\",\"caption\":\"Robert\"},\"sameAs\":[\"https:\/\/www.viaromana.org\/blog\"],\"url\":\"https:\/\/www.viaromana.org\/blog\/author\/anaadmin\/\"}]}<\/script>\n<!-- \/ Yoast SEO plugin. -->","yoast_head_json":{"title":"Montredon. L\u2019\u00e9glise sera restaur\u00e9e en 2024 - Viaromana et arch\u00e9ologie.","description":"Montredon. L\u2019\u00e9glise sera restaur\u00e9e en 2024 article de Viaromana et arch\u00e9ologie.","robots":{"index":"index","follow":"follow","max-snippet":"max-snippet:-1","max-image-preview":"max-image-preview:large","max-video-preview":"max-video-preview:-1"},"canonical":"https:\/\/www.viaromana.org\/blog\/montredon-leglise-sera-restauree-en-2024\/","og_locale":"fr_FR","og_type":"article","og_title":"Montredon. L\u2019\u00e9glise sera restaur\u00e9e en 2024 - Viaromana et arch\u00e9ologie.","og_description":"Montredon. L\u2019\u00e9glise sera restaur\u00e9e en 2024 article de Viaromana et arch\u00e9ologie.","og_url":"https:\/\/www.viaromana.org\/blog\/montredon-leglise-sera-restauree-en-2024\/","og_site_name":"Viaromana et arch\u00e9ologie.","article_published_time":"2024-01-28T21:11:00+00:00","author":"Robert","twitter_card":"summary_large_image","twitter_misc":{"\u00c9crit par":"Robert","Dur\u00e9e de lecture estim\u00e9e":"1 minute"},"schema":{"@context":"https:\/\/schema.org","@graph":[{"@type":"Article","@id":"https:\/\/www.viaromana.org\/blog\/montredon-leglise-sera-restauree-en-2024\/#article","isPartOf":{"@id":"https:\/\/www.viaromana.org\/blog\/montredon-leglise-sera-restauree-en-2024\/"},"author":{"name":"Robert","@id":"https:\/\/www.viaromana.org\/blog\/#\/schema\/person\/cde9c4655845091e1fe473fcd163c889"},"headline":"Montredon. L\u2019\u00e9glise sera restaur\u00e9e en 2024","datePublished":"2024-01-28T21:11:00+00:00","dateModified":"2024-01-28T21:11:00+00:00","mainEntityOfPage":{"@id":"https:\/\/www.viaromana.org\/blog\/montredon-leglise-sera-restauree-en-2024\/"},"wordCount":281,"publisher":{"@id":"https:\/\/www.viaromana.org\/blog\/#organization"},"articleSection":["Arch\u00e9ologie"],"inLanguage":"fr-FR"},{"@type":"WebPage","@id":"https:\/\/www.viaromana.org\/blog\/montredon-leglise-sera-restauree-en-2024\/","url":"https:\/\/www.viaromana.org\/blog\/montredon-leglise-sera-restauree-en-2024\/","name":"Montredon. L\u2019\u00e9glise sera restaur\u00e9e en 2024 - Viaromana et arch\u00e9ologie.","isPartOf":{"@id":"https:\/\/www.viaromana.org\/blog\/#website"},"datePublished":"2024-01-28T21:11:00+00:00","dateModified":"2024-01-28T21:11:00+00:00","description":"Montredon. L\u2019\u00e9glise sera restaur\u00e9e en 2024 article de Viaromana et arch\u00e9ologie.","breadcrumb":{"@id":"https:\/\/www.viaromana.org\/blog\/montredon-leglise-sera-restauree-en-2024\/#breadcrumb"},"inLanguage":"fr-FR","potentialAction":[{"@type":"ReadAction","target":["https:\/\/www.viaromana.org\/blog\/montredon-leglise-sera-restauree-en-2024\/"]}]},{"@type":"BreadcrumbList","@id":"https:\/\/www.viaromana.org\/blog\/montredon-leglise-sera-restauree-en-2024\/#breadcrumb","itemListElement":[{"@type":"ListItem","position":1,"name":"Accueil","item":"https:\/\/www.viaromana.org\/blog\/"},{"@type":"ListItem","position":2,"name":"Montredon. L\u2019\u00e9glise sera restaur\u00e9e en 2024"}]},{"@type":"WebSite","@id":"https:\/\/www.viaromana.org\/blog\/#website","url":"https:\/\/www.viaromana.org\/blog\/","name":"Viaromana et arch\u00e9ologie.","description":"Site arch\u00e9ologique de la voie romaine (viaromana) Belgique-France-Rome","publisher":{"@id":"https:\/\/www.viaromana.org\/blog\/#organization"},"potentialAction":[{"@type":"SearchAction","target":{"@type":"EntryPoint","urlTemplate":"https:\/\/www.viaromana.org\/blog\/?s={search_term_string}"},"query-input":"required name=search_term_string"}],"inLanguage":"fr-FR"},{"@type":"Organization","@id":"https:\/\/www.viaromana.org\/blog\/#organization","name":"viaromana","url":"https:\/\/www.viaromana.org\/blog\/","logo":{"@type":"ImageObject","inLanguage":"fr-FR","@id":"https:\/\/www.viaromana.org\/blog\/#\/schema\/logo\/image\/","url":"https:\/\/www.viaromana.org\/blog\/wp-content\/uploads\/2021\/12\/logo-3.png","contentUrl":"https:\/\/www.viaromana.org\/blog\/wp-content\/uploads\/2021\/12\/logo-3.png","width":300,"height":249,"caption":"viaromana"},"image":{"@id":"https:\/\/www.viaromana.org\/blog\/#\/schema\/logo\/image\/"}},{"@type":"Person","@id":"https:\/\/www.viaromana.org\/blog\/#\/schema\/person\/cde9c4655845091e1fe473fcd163c889","name":"Robert","image":{"@type":"ImageObject","inLanguage":"fr-FR","@id":"https:\/\/www.viaromana.org\/blog\/#\/schema\/person\/image\/","url":"https:\/\/secure.gravatar.com\/avatar\/a168ec191013b636c2f278aec04e724b?s=96&d=mm&r=g","contentUrl":"https:\/\/secure.gravatar.com\/avatar\/a168ec191013b636c2f278aec04e724b?s=96&d=mm&r=g","caption":"Robert"},"sameAs":["https:\/\/www.viaromana.org\/blog"],"url":"https:\/\/www.viaromana.org\/blog\/author\/anaadmin\/"}]}},"_links":{"self":[{"href":"https:\/\/www.viaromana.org\/blog\/wp-json\/wp\/v2\/posts\/1797"}],"collection":[{"href":"https:\/\/www.viaromana.org\/blog\/wp-json\/wp\/v2\/posts"}],"about":[{"href":"https:\/\/www.viaromana.org\/blog\/wp-json\/wp\/v2\/types\/post"}],"author":[{"embeddable":true,"href":"https:\/\/www.viaromana.org\/blog\/wp-json\/wp\/v2\/users\/1"}],"replies":[{"embeddable":true,"href":"https:\/\/www.viaromana.org\/blog\/wp-json\/wp\/v2\/comments?post=1797"}],"version-history":[{"count":0,"href":"https:\/\/www.viaromana.org\/blog\/wp-json\/wp\/v2\/posts\/1797\/revisions"}],"wp:attachment":[{"href":"https:\/\/www.viaromana.org\/blog\/wp-json\/wp\/v2\/media?parent=1797"}],"wp:term":[{"taxonomy":"category","embeddable":true,"href":"https:\/\/www.viaromana.org\/blog\/wp-json\/wp\/v2\/categories?post=1797"},{"taxonomy":"post_tag","embeddable":true,"href":"https:\/\/www.viaromana.org\/blog\/wp-json\/wp\/v2\/tags?post=1797"}],"curies":[{"name":"wp","href":"https:\/\/api.w.org\/{rel}","templated":true}]}}