{"id":1796,"date":"2024-01-26T01:22:00","date_gmt":"2024-01-26T00:22:00","guid":{"rendered":"https:\/\/www.site.cdcl.xyz\/2024\/01\/26\/pourquoi-les-villes-mettent-sur-les-festivals-de-lumiere\/"},"modified":"2024-01-26T01:22:00","modified_gmt":"2024-01-26T00:22:00","slug":"pourquoi-les-villes-mettent-sur-les-festivals-de-lumiere","status":"publish","type":"post","link":"https:\/\/www.viaromana.org\/blog\/pourquoi-les-villes-mettent-sur-les-festivals-de-lumiere\/","title":{"rendered":"Pourquoi les villes mettent sur les festivals de lumi\u00e8re"},"content":{"rendered":"<div id>\n<header class=\"r-article--header\">\n<p>\tAu cours des prochaines semaines, Mons, Bruxelles et Gand organisent un festival de lumi\u00e8re. Une initiative co\u00fbteuse mais strat\u00e9giquement int\u00e9ressante pour faire vivre les centres-villes dans une p\u00e9riode creuse.<\/p>\n<p><span class=\"r-article--payant\"><br \/> Article r\u00e9serv\u00e9 aux abonn\u00e9s<\/span><\/p>\n<\/header>\n<figure role=\"img\" class=\"r-ratio--16-9 \" aria-label=\"Le coup d\u2019envoi du festival Mons en lumi\u00e8re a \u00e9t\u00e9 donn\u00e9 jeudi soir. Les superbes jeux de son et lumi\u00e8re animeront la ville jusqu\u2019au 28 janvier.\"> <img decoding=\"async\" data-copyright=\"Ville de Mons \/ Oswald Tlr\" class=\"r-img\" src=\"https:\/\/www.viaromana.org\/blog\/wp-content\/uploads\/2024\/01\/pourquoi-les-villes-mettent-sur-les-festivals-de-lumiere.jpg\" alt=\"Le coup d'envoi du festival Mons en lumi\u00e8re a \u00e9t\u00e9 donn\u00e9 jeudi soir. Les superbes jeux de son et lumi\u00e8re animeront la ville jusqu'au 28 janvier.\"> <\/figure>\n<figure role=\"img\" class=\"r-author--img\"> <img decoding=\"async\" class=\"r-img lazyloaded\" src=\"http:\/\/www.bing.com\/sites\/all\/themes\/enacarbon_lesoir\/images\/s-lesoir.svg\" alt=\"Image auteur par d\u00e9faut\"><\/p>\n<p><noscript><br \/><img decoding=\"async\" class=\"r-img\" src=\"https:\/\/www.site.cdcl.xyz\/wp-content\/uploads\/2023\/04\/A-lire-cet-article-J-100-avant-le-GP-de.svg.svg+xml\" alt=\"Image auteur par d\u00e9faut\"><br \/><\/noscript><br \/><\/figure>\n<p><span class=\"r-meta--top\"><span class=\"r-article--qualite\">Journaliste au p\u00f4le Soci\u00e9t\u00e9<\/span><\/span><\/p>\n<address>Par Julien Bialas <\/address>\n<p><span class=\"r-meta--bottom\">\tPubli\u00e9 le 26\/01\/2024 \u00e0 10:22<br \/><span class=\"r-readtime\">Temps de lecture : 9 min<br \/><\/span><br \/><\/span> <\/p>\n<aside class=\"r-article--sidebar\"><!-- \/\/ builder=DFPTagBuilder, site=LESOIRV2, pageType=node, context=\/Sections\/Soir Plus\/Culture, position=rossel-imu-top-desktop, edition=, domain=www.lesoir.be --><br \/>\n<br \/><\/aside>\n<p><span class=\"drop-cap r-lettrine\">E<\/span>eeeeeeet lumi\u00e8re ! Ce jeudi soir, Mons a lanc\u00e9 la premi\u00e8re \u00e9dition de son festival de lumi\u00e8re et ouvert, par la m\u00eame occasion, la saison belge qui se poursuivra \u00e0 Gand et Bruxelles au cours des semaines suivantes. Trois \u00e9v\u00e9nements majeurs durant lesquels les villes vont voir leur patrimoine mis en valeur gr\u00e2ce \u00e0 des \u0153uvres lumineuses et sonores, des <em>mappages<\/em> (une technologie multim\u00e9dia permettant de projeter de la lumi\u00e8re ou des vid\u00e9os sur des structures telles que des monuments) et d\u2019autres r\u00e9alisations artistiques en plein c\u0153ur de la ville. Au total, des centaines de milliers de spectateurs sont attendus.<\/p>\n<p><strong class=\"r-paywall--heading\"><br \/> Cet article est r\u00e9serv\u00e9 aux abonn\u00e9s<br \/><\/strong><\/p>\n<h4 class=\"r-paywall--offre\">\n<p> Acc\u00e8s \u00e0 l\u2019information nationale et internationale v\u00e9rifi\u00e9e et d\u00e9crypt\u00e9e<br \/><span>1\u20ac\/semaine pendant 4 semaines (sans engagement)<\/span><\/p>\n<\/h4>\n<div class=\"r-paywall--detail -is-anonyme\">\n<h5>Avec cette offre, profitez de :<\/h5>\n<ul>\n<li>L\u2019acc\u00e8s illimit\u00e9 \u00e0 tous les articles, dossiers et reportages de la r\u00e9daction<\/li>\n<li>Le journal en version num\u00e9rique (PDF)<\/li>\n<li>Un confort de lecture avec publicit\u00e9 limit\u00e9e<\/li>\n<\/ul>\n<\/div><\/div>\n","protected":false},"excerpt":{"rendered":"<p>Au cours des prochaines semaines, Mons, Bruxelles et Gand organisent un festival de lumi\u00e8re. Une initiative co\u00fbteuse mais strat\u00e9giquement int\u00e9ressante pour faire vivre les centres-villes dans une p\u00e9riode creuse. Article r\u00e9serv\u00e9 aux abonn\u00e9s Journaliste au p\u00f4le Soci\u00e9t\u00e9 Par Julien Bialas Publi\u00e9 le 26\/01\/2024 \u00e0 10:22Temps de lecture : 9 min Eeeeeeeet lumi\u00e8re ! Ce jeudi soir, Mons a lanc\u00e9 la premi\u00e8re \u00e9dition de son festival de lumi\u00e8re et ouvert, par la m\u00eame occasion, la saison belge qui se poursuivra \u00e0 Gand et Bruxelles au cours des semaines suivantes. Trois \u00e9v\u00e9nements majeurs durant lesquels les villes vont voir leur patrimoine mis\u2026<\/p>\n","protected":false},"author":1,"featured_media":0,"comment_status":"closed","ping_status":"closed","sticky":false,"template":"","format":"standard","meta":{"footnotes":""},"categories":[2],"tags":[],"blocksy_meta":{"styles_descriptor":{"styles":{"desktop":"","tablet":"","mobile":""},"google_fonts":[],"version":4}},"yoast_head":"<!-- This site is optimized with the Yoast SEO plugin v21.1 - https:\/\/yoast.com\/wordpress\/plugins\/seo\/ -->\n<title>Pourquoi les villes mettent sur les festivals de lumi\u00e8re - Viaromana et arch\u00e9ologie.<\/title>\n<meta name=\"description\" content=\"Pourquoi les villes mettent sur les festivals de lumi\u00e8re article de Viaromana et arch\u00e9ologie.\" \/>\n<meta name=\"robots\" content=\"index, follow, max-snippet:-1, max-image-preview:large, max-video-preview:-1\" \/>\n<link rel=\"canonical\" href=\"https:\/\/www.viaromana.org\/blog\/pourquoi-les-villes-mettent-sur-les-festivals-de-lumiere\/\" \/>\n<meta property=\"og:locale\" content=\"fr_FR\" \/>\n<meta property=\"og:type\" content=\"article\" \/>\n<meta property=\"og:title\" content=\"Pourquoi les villes mettent sur les festivals de lumi\u00e8re - Viaromana et arch\u00e9ologie.\" \/>\n<meta property=\"og:description\" content=\"Pourquoi les villes mettent sur les festivals de lumi\u00e8re article de Viaromana et arch\u00e9ologie.\" \/>\n<meta property=\"og:url\" content=\"https:\/\/www.viaromana.org\/blog\/pourquoi-les-villes-mettent-sur-les-festivals-de-lumiere\/\" \/>\n<meta property=\"og:site_name\" content=\"Viaromana et arch\u00e9ologie.\" \/>\n<meta property=\"article:published_time\" content=\"2024-01-26T00:22:00+00:00\" \/>\n<meta property=\"og:image\" content=\"https:\/\/www.viaromana.org\/blog\/wp-content\/uploads\/2024\/01\/pourquoi-les-villes-mettent-sur-les-festivals-de-lumiere.jpg\" \/>\n<meta name=\"author\" content=\"Robert\" \/>\n<meta name=\"twitter:card\" content=\"summary_large_image\" \/>\n<meta name=\"twitter:label1\" content=\"\u00c9crit par\" \/>\n\t<meta name=\"twitter:data1\" content=\"Robert\" \/>\n\t<meta name=\"twitter:label2\" content=\"Dur\u00e9e de lecture estim\u00e9e\" \/>\n\t<meta name=\"twitter:data2\" content=\"1 minute\" \/>\n<script type=\"application\/ld+json\" class=\"yoast-schema-graph\">{\"@context\":\"https:\/\/schema.org\",\"@graph\":[{\"@type\":\"Article\",\"@id\":\"https:\/\/www.viaromana.org\/blog\/pourquoi-les-villes-mettent-sur-les-festivals-de-lumiere\/#article\",\"isPartOf\":{\"@id\":\"https:\/\/www.viaromana.org\/blog\/pourquoi-les-villes-mettent-sur-les-festivals-de-lumiere\/\"},\"author\":{\"name\":\"Robert\",\"@id\":\"https:\/\/www.viaromana.org\/blog\/#\/schema\/person\/cde9c4655845091e1fe473fcd163c889\"},\"headline\":\"Pourquoi les villes mettent sur les festivals de lumi\u00e8re\",\"datePublished\":\"2024-01-26T00:22:00+00:00\",\"dateModified\":\"2024-01-26T00:22:00+00:00\",\"mainEntityOfPage\":{\"@id\":\"https:\/\/www.viaromana.org\/blog\/pourquoi-les-villes-mettent-sur-les-festivals-de-lumiere\/\"},\"wordCount\":235,\"publisher\":{\"@id\":\"https:\/\/www.viaromana.org\/blog\/#organization\"},\"articleSection\":[\"Arch\u00e9ologie\"],\"inLanguage\":\"fr-FR\"},{\"@type\":\"WebPage\",\"@id\":\"https:\/\/www.viaromana.org\/blog\/pourquoi-les-villes-mettent-sur-les-festivals-de-lumiere\/\",\"url\":\"https:\/\/www.viaromana.org\/blog\/pourquoi-les-villes-mettent-sur-les-festivals-de-lumiere\/\",\"name\":\"Pourquoi les villes mettent sur les festivals de lumi\u00e8re - Viaromana et arch\u00e9ologie.\",\"isPartOf\":{\"@id\":\"https:\/\/www.viaromana.org\/blog\/#website\"},\"datePublished\":\"2024-01-26T00:22:00+00:00\",\"dateModified\":\"2024-01-26T00:22:00+00:00\",\"description\":\"Pourquoi les villes mettent sur les festivals de lumi\u00e8re article de Viaromana et arch\u00e9ologie.\",\"breadcrumb\":{\"@id\":\"https:\/\/www.viaromana.org\/blog\/pourquoi-les-villes-mettent-sur-les-festivals-de-lumiere\/#breadcrumb\"},\"inLanguage\":\"fr-FR\",\"potentialAction\":[{\"@type\":\"ReadAction\",\"target\":[\"https:\/\/www.viaromana.org\/blog\/pourquoi-les-villes-mettent-sur-les-festivals-de-lumiere\/\"]}]},{\"@type\":\"BreadcrumbList\",\"@id\":\"https:\/\/www.viaromana.org\/blog\/pourquoi-les-villes-mettent-sur-les-festivals-de-lumiere\/#breadcrumb\",\"itemListElement\":[{\"@type\":\"ListItem\",\"position\":1,\"name\":\"Accueil\",\"item\":\"https:\/\/www.viaromana.org\/blog\/\"},{\"@type\":\"ListItem\",\"position\":2,\"name\":\"Pourquoi les villes mettent sur les festivals de lumi\u00e8re\"}]},{\"@type\":\"WebSite\",\"@id\":\"https:\/\/www.viaromana.org\/blog\/#website\",\"url\":\"https:\/\/www.viaromana.org\/blog\/\",\"name\":\"Viaromana et arch\u00e9ologie.\",\"description\":\"Site arch\u00e9ologique de la voie romaine (viaromana) Belgique-France-Rome\",\"publisher\":{\"@id\":\"https:\/\/www.viaromana.org\/blog\/#organization\"},\"potentialAction\":[{\"@type\":\"SearchAction\",\"target\":{\"@type\":\"EntryPoint\",\"urlTemplate\":\"https:\/\/www.viaromana.org\/blog\/?s={search_term_string}\"},\"query-input\":\"required name=search_term_string\"}],\"inLanguage\":\"fr-FR\"},{\"@type\":\"Organization\",\"@id\":\"https:\/\/www.viaromana.org\/blog\/#organization\",\"name\":\"viaromana\",\"url\":\"https:\/\/www.viaromana.org\/blog\/\",\"logo\":{\"@type\":\"ImageObject\",\"inLanguage\":\"fr-FR\",\"@id\":\"https:\/\/www.viaromana.org\/blog\/#\/schema\/logo\/image\/\",\"url\":\"https:\/\/www.viaromana.org\/blog\/wp-content\/uploads\/2021\/12\/logo-3.png\",\"contentUrl\":\"https:\/\/www.viaromana.org\/blog\/wp-content\/uploads\/2021\/12\/logo-3.png\",\"width\":300,\"height\":249,\"caption\":\"viaromana\"},\"image\":{\"@id\":\"https:\/\/www.viaromana.org\/blog\/#\/schema\/logo\/image\/\"}},{\"@type\":\"Person\",\"@id\":\"https:\/\/www.viaromana.org\/blog\/#\/schema\/person\/cde9c4655845091e1fe473fcd163c889\",\"name\":\"Robert\",\"image\":{\"@type\":\"ImageObject\",\"inLanguage\":\"fr-FR\",\"@id\":\"https:\/\/www.viaromana.org\/blog\/#\/schema\/person\/image\/\",\"url\":\"https:\/\/secure.gravatar.com\/avatar\/a168ec191013b636c2f278aec04e724b?s=96&d=mm&r=g\",\"contentUrl\":\"https:\/\/secure.gravatar.com\/avatar\/a168ec191013b636c2f278aec04e724b?s=96&d=mm&r=g\",\"caption\":\"Robert\"},\"sameAs\":[\"https:\/\/www.viaromana.org\/blog\"],\"url\":\"https:\/\/www.viaromana.org\/blog\/author\/anaadmin\/\"}]}<\/script>\n<!-- \/ Yoast SEO plugin. -->","yoast_head_json":{"title":"Pourquoi les villes mettent sur les festivals de lumi\u00e8re - Viaromana et arch\u00e9ologie.","description":"Pourquoi les villes mettent sur les festivals de lumi\u00e8re article de Viaromana et arch\u00e9ologie.","robots":{"index":"index","follow":"follow","max-snippet":"max-snippet:-1","max-image-preview":"max-image-preview:large","max-video-preview":"max-video-preview:-1"},"canonical":"https:\/\/www.viaromana.org\/blog\/pourquoi-les-villes-mettent-sur-les-festivals-de-lumiere\/","og_locale":"fr_FR","og_type":"article","og_title":"Pourquoi les villes mettent sur les festivals de lumi\u00e8re - Viaromana et arch\u00e9ologie.","og_description":"Pourquoi les villes mettent sur les festivals de lumi\u00e8re article de Viaromana et arch\u00e9ologie.","og_url":"https:\/\/www.viaromana.org\/blog\/pourquoi-les-villes-mettent-sur-les-festivals-de-lumiere\/","og_site_name":"Viaromana et arch\u00e9ologie.","article_published_time":"2024-01-26T00:22:00+00:00","og_image":[{"url":"https:\/\/www.viaromana.org\/blog\/wp-content\/uploads\/2024\/01\/pourquoi-les-villes-mettent-sur-les-festivals-de-lumiere.jpg"}],"author":"Robert","twitter_card":"summary_large_image","twitter_misc":{"\u00c9crit par":"Robert","Dur\u00e9e de lecture estim\u00e9e":"1 minute"},"schema":{"@context":"https:\/\/schema.org","@graph":[{"@type":"Article","@id":"https:\/\/www.viaromana.org\/blog\/pourquoi-les-villes-mettent-sur-les-festivals-de-lumiere\/#article","isPartOf":{"@id":"https:\/\/www.viaromana.org\/blog\/pourquoi-les-villes-mettent-sur-les-festivals-de-lumiere\/"},"author":{"name":"Robert","@id":"https:\/\/www.viaromana.org\/blog\/#\/schema\/person\/cde9c4655845091e1fe473fcd163c889"},"headline":"Pourquoi les villes mettent sur les festivals de lumi\u00e8re","datePublished":"2024-01-26T00:22:00+00:00","dateModified":"2024-01-26T00:22:00+00:00","mainEntityOfPage":{"@id":"https:\/\/www.viaromana.org\/blog\/pourquoi-les-villes-mettent-sur-les-festivals-de-lumiere\/"},"wordCount":235,"publisher":{"@id":"https:\/\/www.viaromana.org\/blog\/#organization"},"articleSection":["Arch\u00e9ologie"],"inLanguage":"fr-FR"},{"@type":"WebPage","@id":"https:\/\/www.viaromana.org\/blog\/pourquoi-les-villes-mettent-sur-les-festivals-de-lumiere\/","url":"https:\/\/www.viaromana.org\/blog\/pourquoi-les-villes-mettent-sur-les-festivals-de-lumiere\/","name":"Pourquoi les villes mettent sur les festivals de lumi\u00e8re - Viaromana et arch\u00e9ologie.","isPartOf":{"@id":"https:\/\/www.viaromana.org\/blog\/#website"},"datePublished":"2024-01-26T00:22:00+00:00","dateModified":"2024-01-26T00:22:00+00:00","description":"Pourquoi les villes mettent sur les festivals de lumi\u00e8re article de Viaromana et arch\u00e9ologie.","breadcrumb":{"@id":"https:\/\/www.viaromana.org\/blog\/pourquoi-les-villes-mettent-sur-les-festivals-de-lumiere\/#breadcrumb"},"inLanguage":"fr-FR","potentialAction":[{"@type":"ReadAction","target":["https:\/\/www.viaromana.org\/blog\/pourquoi-les-villes-mettent-sur-les-festivals-de-lumiere\/"]}]},{"@type":"BreadcrumbList","@id":"https:\/\/www.viaromana.org\/blog\/pourquoi-les-villes-mettent-sur-les-festivals-de-lumiere\/#breadcrumb","itemListElement":[{"@type":"ListItem","position":1,"name":"Accueil","item":"https:\/\/www.viaromana.org\/blog\/"},{"@type":"ListItem","position":2,"name":"Pourquoi les villes mettent sur les festivals de lumi\u00e8re"}]},{"@type":"WebSite","@id":"https:\/\/www.viaromana.org\/blog\/#website","url":"https:\/\/www.viaromana.org\/blog\/","name":"Viaromana et arch\u00e9ologie.","description":"Site arch\u00e9ologique de la voie romaine (viaromana) Belgique-France-Rome","publisher":{"@id":"https:\/\/www.viaromana.org\/blog\/#organization"},"potentialAction":[{"@type":"SearchAction","target":{"@type":"EntryPoint","urlTemplate":"https:\/\/www.viaromana.org\/blog\/?s={search_term_string}"},"query-input":"required name=search_term_string"}],"inLanguage":"fr-FR"},{"@type":"Organization","@id":"https:\/\/www.viaromana.org\/blog\/#organization","name":"viaromana","url":"https:\/\/www.viaromana.org\/blog\/","logo":{"@type":"ImageObject","inLanguage":"fr-FR","@id":"https:\/\/www.viaromana.org\/blog\/#\/schema\/logo\/image\/","url":"https:\/\/www.viaromana.org\/blog\/wp-content\/uploads\/2021\/12\/logo-3.png","contentUrl":"https:\/\/www.viaromana.org\/blog\/wp-content\/uploads\/2021\/12\/logo-3.png","width":300,"height":249,"caption":"viaromana"},"image":{"@id":"https:\/\/www.viaromana.org\/blog\/#\/schema\/logo\/image\/"}},{"@type":"Person","@id":"https:\/\/www.viaromana.org\/blog\/#\/schema\/person\/cde9c4655845091e1fe473fcd163c889","name":"Robert","image":{"@type":"ImageObject","inLanguage":"fr-FR","@id":"https:\/\/www.viaromana.org\/blog\/#\/schema\/person\/image\/","url":"https:\/\/secure.gravatar.com\/avatar\/a168ec191013b636c2f278aec04e724b?s=96&d=mm&r=g","contentUrl":"https:\/\/secure.gravatar.com\/avatar\/a168ec191013b636c2f278aec04e724b?s=96&d=mm&r=g","caption":"Robert"},"sameAs":["https:\/\/www.viaromana.org\/blog"],"url":"https:\/\/www.viaromana.org\/blog\/author\/anaadmin\/"}]}},"_links":{"self":[{"href":"https:\/\/www.viaromana.org\/blog\/wp-json\/wp\/v2\/posts\/1796"}],"collection":[{"href":"https:\/\/www.viaromana.org\/blog\/wp-json\/wp\/v2\/posts"}],"about":[{"href":"https:\/\/www.viaromana.org\/blog\/wp-json\/wp\/v2\/types\/post"}],"author":[{"embeddable":true,"href":"https:\/\/www.viaromana.org\/blog\/wp-json\/wp\/v2\/users\/1"}],"replies":[{"embeddable":true,"href":"https:\/\/www.viaromana.org\/blog\/wp-json\/wp\/v2\/comments?post=1796"}],"version-history":[{"count":0,"href":"https:\/\/www.viaromana.org\/blog\/wp-json\/wp\/v2\/posts\/1796\/revisions"}],"wp:attachment":[{"href":"https:\/\/www.viaromana.org\/blog\/wp-json\/wp\/v2\/media?parent=1796"}],"wp:term":[{"taxonomy":"category","embeddable":true,"href":"https:\/\/www.viaromana.org\/blog\/wp-json\/wp\/v2\/categories?post=1796"},{"taxonomy":"post_tag","embeddable":true,"href":"https:\/\/www.viaromana.org\/blog\/wp-json\/wp\/v2\/tags?post=1796"}],"curies":[{"name":"wp","href":"https:\/\/api.w.org\/{rel}","templated":true}]}}