{"id":1792,"date":"2023-12-26T21:13:00","date_gmt":"2023-12-26T20:13:00","guid":{"rendered":"https:\/\/www.site.cdcl.xyz\/2023\/12\/26\/graulhet-la-chapelle-saint-roch-a-besoin-de-travaux-de-restauration\/"},"modified":"2023-12-26T21:13:00","modified_gmt":"2023-12-26T20:13:00","slug":"graulhet-la-chapelle-saint-roch-a-besoin-de-travaux-de-restauration","status":"publish","type":"post","link":"https:\/\/www.viaromana.org\/blog\/graulhet-la-chapelle-saint-roch-a-besoin-de-travaux-de-restauration\/","title":{"rendered":"Graulhet. La chapelle Saint-Roch a besoin de travaux de restauration"},"content":{"rendered":"<div data-state=\"fixed-height\" data-selection=\"disabled\">\n<p>La restauration de la chapelle Saint-Roch, bien connue des Graulh\u00e9tois, sera int\u00e9gralement financ\u00e9e gr\u00e2ce \u00e0 une mobilisation citoyenne.<\/p>\n<p>La commission d\u2019art sacr\u00e9 du dioc\u00e8se, par l\u2019interm\u00e9diaire du cur\u00e9 de Graulhet, le p\u00e8re Jean-MarcVigroux, a saisi la municipalit\u00e9 sur un sujet d\u2019int\u00e9r\u00eat public local : la restauration de la chapelle Saint-Roch de Graulhet. Depuis 1905, loi de s\u00e9paration des \u00e9glises et de l\u2019Etat, cette chapelle est propri\u00e9t\u00e9 de la commune. La chapelle Saint-Roch est situ\u00e9e au nord de la ville, \u00e0 l\u2019extr\u00e9mit\u00e9 du faubourg de Barricouteau et au bord du Dadou.<\/p>\n<p>Les Graulh\u00e9tois \u00e9difi\u00e8rent cette chapelle en 1629, se d\u00e9clarant ainsi sous la protection de Saint-Roch et par peur du retour de l\u2019\u00e9pid\u00e9mie de la peste. L\u2019\u00e9difice est une pi\u00e8ce rectangulaire non vo\u00fbt\u00e9e d\u2019environ 15 m de long sur 7 de large. Le ch\u0153ur est marqu\u00e9 par une sorte d\u2019arc triomphal tr\u00e8s fin. La chapelle poss\u00e8de un clocher pignon avec une seule cloche.<\/p>\n<p>Aujourd\u2019hui, il s\u2019agit de rafra\u00eechir la peinture int\u00e9rieure et de r\u00e9nover la porte d\u2019entr\u00e9e de cette chapelle, ouverte chaque jour et tr\u00e8s fr\u00e9quente tout au long de l\u2019ann\u00e9e de par sa proximit\u00e9 imm\u00e9diate avec le cimeti\u00e8re Saint-Roch. Selon la loi, l\u2019\u00c9tat, les d\u00e9partements et les communes sont autoris\u00e9s \u00e0 prendre en charge les d\u00e9penses d\u2019entretien et de conservation des \u00e9difices du culte dont ils sont demeur\u00e9s ou devenus propri\u00e9taires lors de la s\u00e9paration des \u00e9glises et de l\u2019\u00c9tat en 1905. Plusieurs d\u00e9cisions du Conseil d\u2019\u00c9tat du 19 juillet 2011 ont pr\u00e9cis\u00e9 l\u2019interpr\u00e9tation de la loi du 9 d\u00e9cembre 1905 et rappel\u00e9 que les collectivit\u00e9s publiques peuvent uniquement \u00ab financer les d\u00e9penses d\u2019entretien et de conservation des \u00e9difices servant \u00e0 l\u2019exercice \u00bb. public d\u2019un culte dont elles sont demeur\u00e9es ou devenues propri\u00e9taires lors de la s\u00e9paration des \u00c9glises et de l\u2019\u00c9tat ou accorder des concours aux associations culturelles pour des travaux de r\u00e9paration d\u2019\u00e9difices culturels. aide \u00e0 l\u2019exercice d\u2019un culte.&nbsp;\u00bb<\/p>\n<p>Le plan de financement fait appel \u00e0 une participation de l\u2019Association dioc\u00e9saine d\u2019Albi, paroisse de Graulhet, cons\u00e9cutive \u00e0 une campagne de mobilisation citoyenne. Cette participation fait l\u2019objet d\u2019une \u00ab&nbsp;convention pour la r\u00e9alisation de travaux d\u2019investissement en la chapelle Saint-Roch&nbsp;\u00bb. Co\u00fbt total de l\u2019op\u00e9ration : 9 232,67 \u20ac HT, l\u2019int\u00e9gralit\u00e9 revenant \u00e0 l\u2019association dioc\u00e9saine.<\/p>\n<\/div>\n","protected":false},"excerpt":{"rendered":"<p>La restauration de la chapelle Saint-Roch, bien connue des Graulh\u00e9tois, sera int\u00e9gralement financ\u00e9e gr\u00e2ce \u00e0 une mobilisation citoyenne. La commission d\u2019art sacr\u00e9 du dioc\u00e8se, par l\u2019interm\u00e9diaire du cur\u00e9 de Graulhet, le p\u00e8re Jean-MarcVigroux, a saisi la municipalit\u00e9 sur un sujet d\u2019int\u00e9r\u00eat public local : la restauration de la chapelle Saint-Roch de Graulhet. Depuis 1905, loi de s\u00e9paration des \u00e9glises et de l\u2019Etat, cette chapelle est propri\u00e9t\u00e9 de la commune. La chapelle Saint-Roch est situ\u00e9e au nord de la ville, \u00e0 l\u2019extr\u00e9mit\u00e9 du faubourg de Barricouteau et au bord du Dadou. Les Graulh\u00e9tois \u00e9difi\u00e8rent cette chapelle en 1629, se d\u00e9clarant ainsi\u2026<\/p>\n","protected":false},"author":1,"featured_media":0,"comment_status":"closed","ping_status":"closed","sticky":false,"template":"","format":"standard","meta":{"footnotes":""},"categories":[2],"tags":[],"blocksy_meta":{"styles_descriptor":{"styles":{"desktop":"","tablet":"","mobile":""},"google_fonts":[],"version":4}},"yoast_head":"<!-- This site is optimized with the Yoast SEO plugin v21.1 - https:\/\/yoast.com\/wordpress\/plugins\/seo\/ -->\n<title>Graulhet. La chapelle Saint-Roch a besoin de travaux de restauration - Viaromana et arch\u00e9ologie.<\/title>\n<meta name=\"description\" content=\"Graulhet. La chapelle Saint-Roch a besoin de travaux de restauration article de Viaromana et arch\u00e9ologie.\" \/>\n<meta name=\"robots\" content=\"index, follow, max-snippet:-1, max-image-preview:large, max-video-preview:-1\" \/>\n<link rel=\"canonical\" href=\"https:\/\/www.viaromana.org\/blog\/graulhet-la-chapelle-saint-roch-a-besoin-de-travaux-de-restauration\/\" \/>\n<meta property=\"og:locale\" content=\"fr_FR\" \/>\n<meta property=\"og:type\" content=\"article\" \/>\n<meta property=\"og:title\" content=\"Graulhet. La chapelle Saint-Roch a besoin de travaux de restauration - Viaromana et arch\u00e9ologie.\" \/>\n<meta property=\"og:description\" content=\"Graulhet. La chapelle Saint-Roch a besoin de travaux de restauration article de Viaromana et arch\u00e9ologie.\" \/>\n<meta property=\"og:url\" content=\"https:\/\/www.viaromana.org\/blog\/graulhet-la-chapelle-saint-roch-a-besoin-de-travaux-de-restauration\/\" \/>\n<meta property=\"og:site_name\" content=\"Viaromana et arch\u00e9ologie.\" \/>\n<meta property=\"article:published_time\" content=\"2023-12-26T20:13:00+00:00\" \/>\n<meta name=\"author\" content=\"Robert\" \/>\n<meta name=\"twitter:card\" content=\"summary_large_image\" \/>\n<meta name=\"twitter:label1\" content=\"\u00c9crit par\" \/>\n\t<meta name=\"twitter:data1\" content=\"Robert\" \/>\n\t<meta name=\"twitter:label2\" content=\"Dur\u00e9e de lecture estim\u00e9e\" \/>\n\t<meta name=\"twitter:data2\" content=\"2 minutes\" \/>\n<script type=\"application\/ld+json\" class=\"yoast-schema-graph\">{\"@context\":\"https:\/\/schema.org\",\"@graph\":[{\"@type\":\"Article\",\"@id\":\"https:\/\/www.viaromana.org\/blog\/graulhet-la-chapelle-saint-roch-a-besoin-de-travaux-de-restauration\/#article\",\"isPartOf\":{\"@id\":\"https:\/\/www.viaromana.org\/blog\/graulhet-la-chapelle-saint-roch-a-besoin-de-travaux-de-restauration\/\"},\"author\":{\"name\":\"Robert\",\"@id\":\"https:\/\/www.viaromana.org\/blog\/#\/schema\/person\/cde9c4655845091e1fe473fcd163c889\"},\"headline\":\"Graulhet. La chapelle Saint-Roch a besoin de travaux de restauration\",\"datePublished\":\"2023-12-26T20:13:00+00:00\",\"dateModified\":\"2023-12-26T20:13:00+00:00\",\"mainEntityOfPage\":{\"@id\":\"https:\/\/www.viaromana.org\/blog\/graulhet-la-chapelle-saint-roch-a-besoin-de-travaux-de-restauration\/\"},\"wordCount\":441,\"publisher\":{\"@id\":\"https:\/\/www.viaromana.org\/blog\/#organization\"},\"articleSection\":[\"Arch\u00e9ologie\"],\"inLanguage\":\"fr-FR\"},{\"@type\":\"WebPage\",\"@id\":\"https:\/\/www.viaromana.org\/blog\/graulhet-la-chapelle-saint-roch-a-besoin-de-travaux-de-restauration\/\",\"url\":\"https:\/\/www.viaromana.org\/blog\/graulhet-la-chapelle-saint-roch-a-besoin-de-travaux-de-restauration\/\",\"name\":\"Graulhet. La chapelle Saint-Roch a besoin de travaux de restauration - Viaromana et arch\u00e9ologie.\",\"isPartOf\":{\"@id\":\"https:\/\/www.viaromana.org\/blog\/#website\"},\"datePublished\":\"2023-12-26T20:13:00+00:00\",\"dateModified\":\"2023-12-26T20:13:00+00:00\",\"description\":\"Graulhet. La chapelle Saint-Roch a besoin de travaux de restauration article de Viaromana et arch\u00e9ologie.\",\"breadcrumb\":{\"@id\":\"https:\/\/www.viaromana.org\/blog\/graulhet-la-chapelle-saint-roch-a-besoin-de-travaux-de-restauration\/#breadcrumb\"},\"inLanguage\":\"fr-FR\",\"potentialAction\":[{\"@type\":\"ReadAction\",\"target\":[\"https:\/\/www.viaromana.org\/blog\/graulhet-la-chapelle-saint-roch-a-besoin-de-travaux-de-restauration\/\"]}]},{\"@type\":\"BreadcrumbList\",\"@id\":\"https:\/\/www.viaromana.org\/blog\/graulhet-la-chapelle-saint-roch-a-besoin-de-travaux-de-restauration\/#breadcrumb\",\"itemListElement\":[{\"@type\":\"ListItem\",\"position\":1,\"name\":\"Accueil\",\"item\":\"https:\/\/www.viaromana.org\/blog\/\"},{\"@type\":\"ListItem\",\"position\":2,\"name\":\"Graulhet. La chapelle Saint-Roch a besoin de travaux de restauration\"}]},{\"@type\":\"WebSite\",\"@id\":\"https:\/\/www.viaromana.org\/blog\/#website\",\"url\":\"https:\/\/www.viaromana.org\/blog\/\",\"name\":\"Viaromana et arch\u00e9ologie.\",\"description\":\"Site arch\u00e9ologique de la voie romaine (viaromana) Belgique-France-Rome\",\"publisher\":{\"@id\":\"https:\/\/www.viaromana.org\/blog\/#organization\"},\"potentialAction\":[{\"@type\":\"SearchAction\",\"target\":{\"@type\":\"EntryPoint\",\"urlTemplate\":\"https:\/\/www.viaromana.org\/blog\/?s={search_term_string}\"},\"query-input\":\"required name=search_term_string\"}],\"inLanguage\":\"fr-FR\"},{\"@type\":\"Organization\",\"@id\":\"https:\/\/www.viaromana.org\/blog\/#organization\",\"name\":\"viaromana\",\"url\":\"https:\/\/www.viaromana.org\/blog\/\",\"logo\":{\"@type\":\"ImageObject\",\"inLanguage\":\"fr-FR\",\"@id\":\"https:\/\/www.viaromana.org\/blog\/#\/schema\/logo\/image\/\",\"url\":\"https:\/\/www.viaromana.org\/blog\/wp-content\/uploads\/2021\/12\/logo-3.png\",\"contentUrl\":\"https:\/\/www.viaromana.org\/blog\/wp-content\/uploads\/2021\/12\/logo-3.png\",\"width\":300,\"height\":249,\"caption\":\"viaromana\"},\"image\":{\"@id\":\"https:\/\/www.viaromana.org\/blog\/#\/schema\/logo\/image\/\"}},{\"@type\":\"Person\",\"@id\":\"https:\/\/www.viaromana.org\/blog\/#\/schema\/person\/cde9c4655845091e1fe473fcd163c889\",\"name\":\"Robert\",\"image\":{\"@type\":\"ImageObject\",\"inLanguage\":\"fr-FR\",\"@id\":\"https:\/\/www.viaromana.org\/blog\/#\/schema\/person\/image\/\",\"url\":\"https:\/\/secure.gravatar.com\/avatar\/a168ec191013b636c2f278aec04e724b?s=96&d=mm&r=g\",\"contentUrl\":\"https:\/\/secure.gravatar.com\/avatar\/a168ec191013b636c2f278aec04e724b?s=96&d=mm&r=g\",\"caption\":\"Robert\"},\"sameAs\":[\"https:\/\/www.viaromana.org\/blog\"],\"url\":\"https:\/\/www.viaromana.org\/blog\/author\/anaadmin\/\"}]}<\/script>\n<!-- \/ Yoast SEO plugin. -->","yoast_head_json":{"title":"Graulhet. La chapelle Saint-Roch a besoin de travaux de restauration - Viaromana et arch\u00e9ologie.","description":"Graulhet. La chapelle Saint-Roch a besoin de travaux de restauration article de Viaromana et arch\u00e9ologie.","robots":{"index":"index","follow":"follow","max-snippet":"max-snippet:-1","max-image-preview":"max-image-preview:large","max-video-preview":"max-video-preview:-1"},"canonical":"https:\/\/www.viaromana.org\/blog\/graulhet-la-chapelle-saint-roch-a-besoin-de-travaux-de-restauration\/","og_locale":"fr_FR","og_type":"article","og_title":"Graulhet. La chapelle Saint-Roch a besoin de travaux de restauration - Viaromana et arch\u00e9ologie.","og_description":"Graulhet. La chapelle Saint-Roch a besoin de travaux de restauration article de Viaromana et arch\u00e9ologie.","og_url":"https:\/\/www.viaromana.org\/blog\/graulhet-la-chapelle-saint-roch-a-besoin-de-travaux-de-restauration\/","og_site_name":"Viaromana et arch\u00e9ologie.","article_published_time":"2023-12-26T20:13:00+00:00","author":"Robert","twitter_card":"summary_large_image","twitter_misc":{"\u00c9crit par":"Robert","Dur\u00e9e de lecture estim\u00e9e":"2 minutes"},"schema":{"@context":"https:\/\/schema.org","@graph":[{"@type":"Article","@id":"https:\/\/www.viaromana.org\/blog\/graulhet-la-chapelle-saint-roch-a-besoin-de-travaux-de-restauration\/#article","isPartOf":{"@id":"https:\/\/www.viaromana.org\/blog\/graulhet-la-chapelle-saint-roch-a-besoin-de-travaux-de-restauration\/"},"author":{"name":"Robert","@id":"https:\/\/www.viaromana.org\/blog\/#\/schema\/person\/cde9c4655845091e1fe473fcd163c889"},"headline":"Graulhet. La chapelle Saint-Roch a besoin de travaux de restauration","datePublished":"2023-12-26T20:13:00+00:00","dateModified":"2023-12-26T20:13:00+00:00","mainEntityOfPage":{"@id":"https:\/\/www.viaromana.org\/blog\/graulhet-la-chapelle-saint-roch-a-besoin-de-travaux-de-restauration\/"},"wordCount":441,"publisher":{"@id":"https:\/\/www.viaromana.org\/blog\/#organization"},"articleSection":["Arch\u00e9ologie"],"inLanguage":"fr-FR"},{"@type":"WebPage","@id":"https:\/\/www.viaromana.org\/blog\/graulhet-la-chapelle-saint-roch-a-besoin-de-travaux-de-restauration\/","url":"https:\/\/www.viaromana.org\/blog\/graulhet-la-chapelle-saint-roch-a-besoin-de-travaux-de-restauration\/","name":"Graulhet. La chapelle Saint-Roch a besoin de travaux de restauration - Viaromana et arch\u00e9ologie.","isPartOf":{"@id":"https:\/\/www.viaromana.org\/blog\/#website"},"datePublished":"2023-12-26T20:13:00+00:00","dateModified":"2023-12-26T20:13:00+00:00","description":"Graulhet. La chapelle Saint-Roch a besoin de travaux de restauration article de Viaromana et arch\u00e9ologie.","breadcrumb":{"@id":"https:\/\/www.viaromana.org\/blog\/graulhet-la-chapelle-saint-roch-a-besoin-de-travaux-de-restauration\/#breadcrumb"},"inLanguage":"fr-FR","potentialAction":[{"@type":"ReadAction","target":["https:\/\/www.viaromana.org\/blog\/graulhet-la-chapelle-saint-roch-a-besoin-de-travaux-de-restauration\/"]}]},{"@type":"BreadcrumbList","@id":"https:\/\/www.viaromana.org\/blog\/graulhet-la-chapelle-saint-roch-a-besoin-de-travaux-de-restauration\/#breadcrumb","itemListElement":[{"@type":"ListItem","position":1,"name":"Accueil","item":"https:\/\/www.viaromana.org\/blog\/"},{"@type":"ListItem","position":2,"name":"Graulhet. La chapelle Saint-Roch a besoin de travaux de restauration"}]},{"@type":"WebSite","@id":"https:\/\/www.viaromana.org\/blog\/#website","url":"https:\/\/www.viaromana.org\/blog\/","name":"Viaromana et arch\u00e9ologie.","description":"Site arch\u00e9ologique de la voie romaine (viaromana) Belgique-France-Rome","publisher":{"@id":"https:\/\/www.viaromana.org\/blog\/#organization"},"potentialAction":[{"@type":"SearchAction","target":{"@type":"EntryPoint","urlTemplate":"https:\/\/www.viaromana.org\/blog\/?s={search_term_string}"},"query-input":"required name=search_term_string"}],"inLanguage":"fr-FR"},{"@type":"Organization","@id":"https:\/\/www.viaromana.org\/blog\/#organization","name":"viaromana","url":"https:\/\/www.viaromana.org\/blog\/","logo":{"@type":"ImageObject","inLanguage":"fr-FR","@id":"https:\/\/www.viaromana.org\/blog\/#\/schema\/logo\/image\/","url":"https:\/\/www.viaromana.org\/blog\/wp-content\/uploads\/2021\/12\/logo-3.png","contentUrl":"https:\/\/www.viaromana.org\/blog\/wp-content\/uploads\/2021\/12\/logo-3.png","width":300,"height":249,"caption":"viaromana"},"image":{"@id":"https:\/\/www.viaromana.org\/blog\/#\/schema\/logo\/image\/"}},{"@type":"Person","@id":"https:\/\/www.viaromana.org\/blog\/#\/schema\/person\/cde9c4655845091e1fe473fcd163c889","name":"Robert","image":{"@type":"ImageObject","inLanguage":"fr-FR","@id":"https:\/\/www.viaromana.org\/blog\/#\/schema\/person\/image\/","url":"https:\/\/secure.gravatar.com\/avatar\/a168ec191013b636c2f278aec04e724b?s=96&d=mm&r=g","contentUrl":"https:\/\/secure.gravatar.com\/avatar\/a168ec191013b636c2f278aec04e724b?s=96&d=mm&r=g","caption":"Robert"},"sameAs":["https:\/\/www.viaromana.org\/blog"],"url":"https:\/\/www.viaromana.org\/blog\/author\/anaadmin\/"}]}},"_links":{"self":[{"href":"https:\/\/www.viaromana.org\/blog\/wp-json\/wp\/v2\/posts\/1792"}],"collection":[{"href":"https:\/\/www.viaromana.org\/blog\/wp-json\/wp\/v2\/posts"}],"about":[{"href":"https:\/\/www.viaromana.org\/blog\/wp-json\/wp\/v2\/types\/post"}],"author":[{"embeddable":true,"href":"https:\/\/www.viaromana.org\/blog\/wp-json\/wp\/v2\/users\/1"}],"replies":[{"embeddable":true,"href":"https:\/\/www.viaromana.org\/blog\/wp-json\/wp\/v2\/comments?post=1792"}],"version-history":[{"count":0,"href":"https:\/\/www.viaromana.org\/blog\/wp-json\/wp\/v2\/posts\/1792\/revisions"}],"wp:attachment":[{"href":"https:\/\/www.viaromana.org\/blog\/wp-json\/wp\/v2\/media?parent=1792"}],"wp:term":[{"taxonomy":"category","embeddable":true,"href":"https:\/\/www.viaromana.org\/blog\/wp-json\/wp\/v2\/categories?post=1792"},{"taxonomy":"post_tag","embeddable":true,"href":"https:\/\/www.viaromana.org\/blog\/wp-json\/wp\/v2\/tags?post=1792"}],"curies":[{"name":"wp","href":"https:\/\/api.w.org\/{rel}","templated":true}]}}