{"id":1755,"date":"2023-06-27T00:00:00","date_gmt":"2023-06-26T22:00:00","guid":{"rendered":"https:\/\/www.site.cdcl.xyz\/2023\/06\/27\/editorial-tout-frais-lara-bloy-expose-a-la-chapelle-saint-liberal\/"},"modified":"2023-06-27T00:00:00","modified_gmt":"2023-06-26T22:00:00","slug":"editorial-tout-frais-lara-bloy-expose-a-la-chapelle-saint-liberal","status":"publish","type":"post","link":"https:\/\/www.viaromana.org\/blog\/editorial-tout-frais-lara-bloy-expose-a-la-chapelle-saint-liberal\/","title":{"rendered":"Editorial tout frais : Lara Bloy expose \u00e0 la chapelle Saint-Lib\u00e9ral"},"content":{"rendered":"<p>Ce papier ayant pour th\u00e9matique \u00ab&nbsp;l\u2019arch\u00e9ologie&nbsp;\u00bb se propage sur le web, nous avons voulu vous le exposer sans attendre.<\/p>\n<p>Le titre (Lara Bloy expose \u00e0 la chapelle Saint-Lib\u00e9ral) est parlant.<\/p>\n<p> Pr\u00e9sent\u00e9 sous la signature \u00abd\u2019anonymat<br \/>\u00bb, le pigiste est connu et fiable.<\/p>\n<p>Il n\u2019y a pas de raison de douter de la fiabilit\u00e9 de ces infos.<\/p>\n<p>Sachez que la date d\u2019\u00e9dition est 2023-06-27 00:00:00.<\/p>\n<p>L\u2019article original dont il s\u2019agit : <\/p>\n<p>Emplies de sensibilit\u00e9 et de gr\u00e2ce, les peintures de Lara Bloy s&rsquo;exposent \u00e0 la chapelle Saint-Lib\u00e9ral tout cet \u00e9t\u00e9.<\/p>\n<p> <img decoding=\"async\" src=\"https:\/\/www.viaromana.org\/blog\/wp-content\/uploads\/2023\/06\/editorial-tout-frais-lara-bloy-expose-a-la-chapelle-saint-liberal.png\" alt=\"Lara Bloy expose \u00e0 la chapelle Saint-Lib\u00e9ral\"><\/p>\n<p>Publications:<\/p>\n<p>Trois pierres, c\u2019est un mur\u2026 une histoire de l\u2019arch\u00e9ologie.,<a target=\"_blank\" rel=\"nofollow\" href=\"https:\/\/www.viaromana.org\/blog\/goto\/https:\/\/www.epagine.fr\/ebook\/9782271124937-trois-pierres-c-est-un-mur-une-histoire-de-l-archeologie-eric-h-cline\/\"  target=\"_blank\" rel=\"noopener noreferrer nofollow\">Le livre <\/a><span><\/span>. Disponible dans toutes les bonnes librairies.<\/p>\n<p>M\u00e9galithes de Vend\u00e9e (1) : L\u00e9gendes et arch\u00e9ologie.,<a target=\"_blank\" rel=\"nofollow\" href=\"https:\/\/www.viaromana.org\/blog\/goto\/https:\/\/www.epagine.fr\/ebook\/9782402019859-megalithes-de-vendee-1-legendes-et-archeologie-jean-loic-le-quellec-bertrand-poissonnier\/\"  target=\"_blank\" rel=\"noopener noreferrer nofollow\">Le livre <\/a><span><\/span>.<\/p>\n<p>Qumran.,<a target=\"_blank\" rel=\"nofollow\" href=\"https:\/\/www.viaromana.org\/blog\/goto\/https:\/\/booknode.com\/qumran_08221\"  target=\"_blank\" rel=\"noopener noreferrer nofollow\">Le livre <\/a><span><\/span>.<\/p>\n<p>Manuel d\u2019arch\u00e9ologie \u00e9trusque et romaine.,<a target=\"_blank\" rel=\"nofollow\" href=\"https:\/\/www.viaromana.org\/blog\/goto\/https:\/\/www.kobo.com\/de\/fr\/ebook\/manuel-d-archeologie-etrusque-et-romaine\"  target=\"_blank\" rel=\"noopener noreferrer nofollow\">Le livre <\/a><span><\/span>.<\/p>\n","protected":false},"excerpt":{"rendered":"<p>Ce papier ayant pour th\u00e9matique \u00ab&nbsp;l\u2019arch\u00e9ologie&nbsp;\u00bb se propage sur le web, nous avons voulu vous le exposer sans attendre. Le titre (Lara Bloy expose \u00e0 la chapelle Saint-Lib\u00e9ral) est parlant. Pr\u00e9sent\u00e9 sous la signature \u00abd\u2019anonymat\u00bb, le pigiste est connu et fiable. Il n\u2019y a pas de raison de douter de la fiabilit\u00e9 de ces infos. Sachez que la date d\u2019\u00e9dition est 2023-06-27 00:00:00. L\u2019article original dont il s\u2019agit : Emplies de sensibilit\u00e9 et de gr\u00e2ce, les peintures de Lara Bloy s&rsquo;exposent \u00e0 la chapelle Saint-Lib\u00e9ral tout cet \u00e9t\u00e9. Publications: Trois pierres, c\u2019est un mur\u2026 une histoire de l\u2019arch\u00e9ologie.,Le livre .\u2026<\/p>\n","protected":false},"author":1,"featured_media":1779,"comment_status":"closed","ping_status":"closed","sticky":false,"template":"","format":"standard","meta":{"footnotes":""},"categories":[2],"tags":[],"blocksy_meta":{"styles_descriptor":{"styles":{"desktop":"","tablet":"","mobile":""},"google_fonts":[],"version":4}},"yoast_head":"<!-- This site is optimized with the Yoast SEO plugin v21.1 - https:\/\/yoast.com\/wordpress\/plugins\/seo\/ -->\n<title>Editorial tout frais : Lara Bloy expose \u00e0 la chapelle Saint-Lib\u00e9ral - Viaromana et arch\u00e9ologie.<\/title>\n<meta name=\"description\" content=\"Editorial tout frais : Lara Bloy expose \u00e0 la chapelle Saint-Lib\u00e9ral article de Viaromana et arch\u00e9ologie.\" \/>\n<meta name=\"robots\" content=\"index, follow, max-snippet:-1, max-image-preview:large, max-video-preview:-1\" \/>\n<link rel=\"canonical\" href=\"https:\/\/www.viaromana.org\/blog\/editorial-tout-frais-lara-bloy-expose-a-la-chapelle-saint-liberal\/\" \/>\n<meta property=\"og:locale\" content=\"fr_FR\" \/>\n<meta property=\"og:type\" content=\"article\" \/>\n<meta property=\"og:title\" content=\"Editorial tout frais : Lara Bloy expose \u00e0 la chapelle Saint-Lib\u00e9ral - Viaromana et arch\u00e9ologie.\" \/>\n<meta property=\"og:description\" content=\"Editorial tout frais : Lara Bloy expose \u00e0 la chapelle Saint-Lib\u00e9ral article de Viaromana et arch\u00e9ologie.\" \/>\n<meta property=\"og:url\" content=\"https:\/\/www.viaromana.org\/blog\/editorial-tout-frais-lara-bloy-expose-a-la-chapelle-saint-liberal\/\" \/>\n<meta property=\"og:site_name\" content=\"Viaromana et arch\u00e9ologie.\" \/>\n<meta property=\"article:published_time\" content=\"2023-06-26T22:00:00+00:00\" \/>\n<meta property=\"og:image\" content=\"https:\/\/www.viaromana.org\/blog\/wp-content\/uploads\/2023\/06\/editorial-tout-frais-lara-bloy-expose-a-la-chapelle-saint-liberal.png\" \/>\n<meta name=\"author\" content=\"Robert\" \/>\n<meta name=\"twitter:card\" content=\"summary_large_image\" \/>\n<meta name=\"twitter:label1\" content=\"\u00c9crit par\" \/>\n\t<meta name=\"twitter:data1\" content=\"Robert\" \/>\n\t<meta name=\"twitter:label2\" content=\"Dur\u00e9e de lecture estim\u00e9e\" \/>\n\t<meta name=\"twitter:data2\" content=\"1 minute\" \/>\n<script type=\"application\/ld+json\" class=\"yoast-schema-graph\">{\"@context\":\"https:\/\/schema.org\",\"@graph\":[{\"@type\":\"Article\",\"@id\":\"https:\/\/www.viaromana.org\/blog\/editorial-tout-frais-lara-bloy-expose-a-la-chapelle-saint-liberal\/#article\",\"isPartOf\":{\"@id\":\"https:\/\/www.viaromana.org\/blog\/editorial-tout-frais-lara-bloy-expose-a-la-chapelle-saint-liberal\/\"},\"author\":{\"name\":\"Robert\",\"@id\":\"https:\/\/www.viaromana.org\/blog\/#\/schema\/person\/cde9c4655845091e1fe473fcd163c889\"},\"headline\":\"Editorial tout frais : Lara Bloy expose \u00e0 la chapelle Saint-Lib\u00e9ral\",\"datePublished\":\"2023-06-26T22:00:00+00:00\",\"dateModified\":\"2023-06-26T22:00:00+00:00\",\"mainEntityOfPage\":{\"@id\":\"https:\/\/www.viaromana.org\/blog\/editorial-tout-frais-lara-bloy-expose-a-la-chapelle-saint-liberal\/\"},\"wordCount\":155,\"publisher\":{\"@id\":\"https:\/\/www.viaromana.org\/blog\/#organization\"},\"articleSection\":[\"Arch\u00e9ologie\"],\"inLanguage\":\"fr-FR\"},{\"@type\":\"WebPage\",\"@id\":\"https:\/\/www.viaromana.org\/blog\/editorial-tout-frais-lara-bloy-expose-a-la-chapelle-saint-liberal\/\",\"url\":\"https:\/\/www.viaromana.org\/blog\/editorial-tout-frais-lara-bloy-expose-a-la-chapelle-saint-liberal\/\",\"name\":\"Editorial tout frais : Lara Bloy expose \u00e0 la chapelle Saint-Lib\u00e9ral - Viaromana et arch\u00e9ologie.\",\"isPartOf\":{\"@id\":\"https:\/\/www.viaromana.org\/blog\/#website\"},\"datePublished\":\"2023-06-26T22:00:00+00:00\",\"dateModified\":\"2023-06-26T22:00:00+00:00\",\"description\":\"Editorial tout frais : Lara Bloy expose \u00e0 la chapelle Saint-Lib\u00e9ral article de Viaromana et arch\u00e9ologie.\",\"breadcrumb\":{\"@id\":\"https:\/\/www.viaromana.org\/blog\/editorial-tout-frais-lara-bloy-expose-a-la-chapelle-saint-liberal\/#breadcrumb\"},\"inLanguage\":\"fr-FR\",\"potentialAction\":[{\"@type\":\"ReadAction\",\"target\":[\"https:\/\/www.viaromana.org\/blog\/editorial-tout-frais-lara-bloy-expose-a-la-chapelle-saint-liberal\/\"]}]},{\"@type\":\"BreadcrumbList\",\"@id\":\"https:\/\/www.viaromana.org\/blog\/editorial-tout-frais-lara-bloy-expose-a-la-chapelle-saint-liberal\/#breadcrumb\",\"itemListElement\":[{\"@type\":\"ListItem\",\"position\":1,\"name\":\"Accueil\",\"item\":\"https:\/\/www.viaromana.org\/blog\/\"},{\"@type\":\"ListItem\",\"position\":2,\"name\":\"Editorial tout frais : Lara Bloy expose \u00e0 la chapelle Saint-Lib\u00e9ral\"}]},{\"@type\":\"WebSite\",\"@id\":\"https:\/\/www.viaromana.org\/blog\/#website\",\"url\":\"https:\/\/www.viaromana.org\/blog\/\",\"name\":\"Viaromana et arch\u00e9ologie.\",\"description\":\"Site arch\u00e9ologique de la voie romaine (viaromana) Belgique-France-Rome\",\"publisher\":{\"@id\":\"https:\/\/www.viaromana.org\/blog\/#organization\"},\"potentialAction\":[{\"@type\":\"SearchAction\",\"target\":{\"@type\":\"EntryPoint\",\"urlTemplate\":\"https:\/\/www.viaromana.org\/blog\/?s={search_term_string}\"},\"query-input\":\"required name=search_term_string\"}],\"inLanguage\":\"fr-FR\"},{\"@type\":\"Organization\",\"@id\":\"https:\/\/www.viaromana.org\/blog\/#organization\",\"name\":\"viaromana\",\"url\":\"https:\/\/www.viaromana.org\/blog\/\",\"logo\":{\"@type\":\"ImageObject\",\"inLanguage\":\"fr-FR\",\"@id\":\"https:\/\/www.viaromana.org\/blog\/#\/schema\/logo\/image\/\",\"url\":\"https:\/\/www.viaromana.org\/blog\/wp-content\/uploads\/2021\/12\/logo-3.png\",\"contentUrl\":\"https:\/\/www.viaromana.org\/blog\/wp-content\/uploads\/2021\/12\/logo-3.png\",\"width\":300,\"height\":249,\"caption\":\"viaromana\"},\"image\":{\"@id\":\"https:\/\/www.viaromana.org\/blog\/#\/schema\/logo\/image\/\"}},{\"@type\":\"Person\",\"@id\":\"https:\/\/www.viaromana.org\/blog\/#\/schema\/person\/cde9c4655845091e1fe473fcd163c889\",\"name\":\"Robert\",\"image\":{\"@type\":\"ImageObject\",\"inLanguage\":\"fr-FR\",\"@id\":\"https:\/\/www.viaromana.org\/blog\/#\/schema\/person\/image\/\",\"url\":\"https:\/\/secure.gravatar.com\/avatar\/a168ec191013b636c2f278aec04e724b?s=96&d=mm&r=g\",\"contentUrl\":\"https:\/\/secure.gravatar.com\/avatar\/a168ec191013b636c2f278aec04e724b?s=96&d=mm&r=g\",\"caption\":\"Robert\"},\"sameAs\":[\"https:\/\/www.viaromana.org\/blog\"],\"url\":\"https:\/\/www.viaromana.org\/blog\/author\/anaadmin\/\"}]}<\/script>\n<!-- \/ Yoast SEO plugin. -->","yoast_head_json":{"title":"Editorial tout frais : Lara Bloy expose \u00e0 la chapelle Saint-Lib\u00e9ral - Viaromana et arch\u00e9ologie.","description":"Editorial tout frais : Lara Bloy expose \u00e0 la chapelle Saint-Lib\u00e9ral article de Viaromana et arch\u00e9ologie.","robots":{"index":"index","follow":"follow","max-snippet":"max-snippet:-1","max-image-preview":"max-image-preview:large","max-video-preview":"max-video-preview:-1"},"canonical":"https:\/\/www.viaromana.org\/blog\/editorial-tout-frais-lara-bloy-expose-a-la-chapelle-saint-liberal\/","og_locale":"fr_FR","og_type":"article","og_title":"Editorial tout frais : Lara Bloy expose \u00e0 la chapelle Saint-Lib\u00e9ral - Viaromana et arch\u00e9ologie.","og_description":"Editorial tout frais : Lara Bloy expose \u00e0 la chapelle Saint-Lib\u00e9ral article de Viaromana et arch\u00e9ologie.","og_url":"https:\/\/www.viaromana.org\/blog\/editorial-tout-frais-lara-bloy-expose-a-la-chapelle-saint-liberal\/","og_site_name":"Viaromana et arch\u00e9ologie.","article_published_time":"2023-06-26T22:00:00+00:00","og_image":[{"url":"https:\/\/www.viaromana.org\/blog\/wp-content\/uploads\/2023\/06\/editorial-tout-frais-lara-bloy-expose-a-la-chapelle-saint-liberal.png"}],"author":"Robert","twitter_card":"summary_large_image","twitter_misc":{"\u00c9crit par":"Robert","Dur\u00e9e de lecture estim\u00e9e":"1 minute"},"schema":{"@context":"https:\/\/schema.org","@graph":[{"@type":"Article","@id":"https:\/\/www.viaromana.org\/blog\/editorial-tout-frais-lara-bloy-expose-a-la-chapelle-saint-liberal\/#article","isPartOf":{"@id":"https:\/\/www.viaromana.org\/blog\/editorial-tout-frais-lara-bloy-expose-a-la-chapelle-saint-liberal\/"},"author":{"name":"Robert","@id":"https:\/\/www.viaromana.org\/blog\/#\/schema\/person\/cde9c4655845091e1fe473fcd163c889"},"headline":"Editorial tout frais : Lara Bloy expose \u00e0 la chapelle Saint-Lib\u00e9ral","datePublished":"2023-06-26T22:00:00+00:00","dateModified":"2023-06-26T22:00:00+00:00","mainEntityOfPage":{"@id":"https:\/\/www.viaromana.org\/blog\/editorial-tout-frais-lara-bloy-expose-a-la-chapelle-saint-liberal\/"},"wordCount":155,"publisher":{"@id":"https:\/\/www.viaromana.org\/blog\/#organization"},"articleSection":["Arch\u00e9ologie"],"inLanguage":"fr-FR"},{"@type":"WebPage","@id":"https:\/\/www.viaromana.org\/blog\/editorial-tout-frais-lara-bloy-expose-a-la-chapelle-saint-liberal\/","url":"https:\/\/www.viaromana.org\/blog\/editorial-tout-frais-lara-bloy-expose-a-la-chapelle-saint-liberal\/","name":"Editorial tout frais : Lara Bloy expose \u00e0 la chapelle Saint-Lib\u00e9ral - Viaromana et arch\u00e9ologie.","isPartOf":{"@id":"https:\/\/www.viaromana.org\/blog\/#website"},"datePublished":"2023-06-26T22:00:00+00:00","dateModified":"2023-06-26T22:00:00+00:00","description":"Editorial tout frais : Lara Bloy expose \u00e0 la chapelle Saint-Lib\u00e9ral article de Viaromana et arch\u00e9ologie.","breadcrumb":{"@id":"https:\/\/www.viaromana.org\/blog\/editorial-tout-frais-lara-bloy-expose-a-la-chapelle-saint-liberal\/#breadcrumb"},"inLanguage":"fr-FR","potentialAction":[{"@type":"ReadAction","target":["https:\/\/www.viaromana.org\/blog\/editorial-tout-frais-lara-bloy-expose-a-la-chapelle-saint-liberal\/"]}]},{"@type":"BreadcrumbList","@id":"https:\/\/www.viaromana.org\/blog\/editorial-tout-frais-lara-bloy-expose-a-la-chapelle-saint-liberal\/#breadcrumb","itemListElement":[{"@type":"ListItem","position":1,"name":"Accueil","item":"https:\/\/www.viaromana.org\/blog\/"},{"@type":"ListItem","position":2,"name":"Editorial tout frais : Lara Bloy expose \u00e0 la chapelle Saint-Lib\u00e9ral"}]},{"@type":"WebSite","@id":"https:\/\/www.viaromana.org\/blog\/#website","url":"https:\/\/www.viaromana.org\/blog\/","name":"Viaromana et arch\u00e9ologie.","description":"Site arch\u00e9ologique de la voie romaine (viaromana) Belgique-France-Rome","publisher":{"@id":"https:\/\/www.viaromana.org\/blog\/#organization"},"potentialAction":[{"@type":"SearchAction","target":{"@type":"EntryPoint","urlTemplate":"https:\/\/www.viaromana.org\/blog\/?s={search_term_string}"},"query-input":"required name=search_term_string"}],"inLanguage":"fr-FR"},{"@type":"Organization","@id":"https:\/\/www.viaromana.org\/blog\/#organization","name":"viaromana","url":"https:\/\/www.viaromana.org\/blog\/","logo":{"@type":"ImageObject","inLanguage":"fr-FR","@id":"https:\/\/www.viaromana.org\/blog\/#\/schema\/logo\/image\/","url":"https:\/\/www.viaromana.org\/blog\/wp-content\/uploads\/2021\/12\/logo-3.png","contentUrl":"https:\/\/www.viaromana.org\/blog\/wp-content\/uploads\/2021\/12\/logo-3.png","width":300,"height":249,"caption":"viaromana"},"image":{"@id":"https:\/\/www.viaromana.org\/blog\/#\/schema\/logo\/image\/"}},{"@type":"Person","@id":"https:\/\/www.viaromana.org\/blog\/#\/schema\/person\/cde9c4655845091e1fe473fcd163c889","name":"Robert","image":{"@type":"ImageObject","inLanguage":"fr-FR","@id":"https:\/\/www.viaromana.org\/blog\/#\/schema\/person\/image\/","url":"https:\/\/secure.gravatar.com\/avatar\/a168ec191013b636c2f278aec04e724b?s=96&d=mm&r=g","contentUrl":"https:\/\/secure.gravatar.com\/avatar\/a168ec191013b636c2f278aec04e724b?s=96&d=mm&r=g","caption":"Robert"},"sameAs":["https:\/\/www.viaromana.org\/blog"],"url":"https:\/\/www.viaromana.org\/blog\/author\/anaadmin\/"}]}},"_links":{"self":[{"href":"https:\/\/www.viaromana.org\/blog\/wp-json\/wp\/v2\/posts\/1755"}],"collection":[{"href":"https:\/\/www.viaromana.org\/blog\/wp-json\/wp\/v2\/posts"}],"about":[{"href":"https:\/\/www.viaromana.org\/blog\/wp-json\/wp\/v2\/types\/post"}],"author":[{"embeddable":true,"href":"https:\/\/www.viaromana.org\/blog\/wp-json\/wp\/v2\/users\/1"}],"replies":[{"embeddable":true,"href":"https:\/\/www.viaromana.org\/blog\/wp-json\/wp\/v2\/comments?post=1755"}],"version-history":[{"count":0,"href":"https:\/\/www.viaromana.org\/blog\/wp-json\/wp\/v2\/posts\/1755\/revisions"}],"wp:featuredmedia":[{"embeddable":true,"href":"https:\/\/www.viaromana.org\/blog\/wp-json\/wp\/v2\/media\/1779"}],"wp:attachment":[{"href":"https:\/\/www.viaromana.org\/blog\/wp-json\/wp\/v2\/media?parent=1755"}],"wp:term":[{"taxonomy":"category","embeddable":true,"href":"https:\/\/www.viaromana.org\/blog\/wp-json\/wp\/v2\/categories?post=1755"},{"taxonomy":"post_tag","embeddable":true,"href":"https:\/\/www.viaromana.org\/blog\/wp-json\/wp\/v2\/tags?post=1755"}],"curies":[{"name":"wp","href":"https:\/\/api.w.org\/{rel}","templated":true}]}}