{"id":1744,"date":"2023-06-22T02:00:01","date_gmt":"2023-06-22T00:00:01","guid":{"rendered":"https:\/\/www.site.cdcl.xyz\/2023\/06\/22\/infos-pour-les-fans-exposition-ambiance-jazz\/"},"modified":"2023-06-22T02:00:01","modified_gmt":"2023-06-22T00:00:01","slug":"infos-pour-les-fans-exposition-ambiance-jazz","status":"publish","type":"post","link":"https:\/\/www.viaromana.org\/blog\/infos-pour-les-fans-exposition-ambiance-jazz\/","title":{"rendered":"Infos pour les fans : Exposition : Ambiance Jazz"},"content":{"rendered":"<p>Nos r\u00e9dacteurs ont rep\u00e9r\u00e9 un texte sur le web dont la th\u00e9matique est \u00abl\u2019arch\u00e9ologie\u00bb.<\/p>\n<p>Son titre s\u00e9duisant (Exposition : Ambiance Jazz) est sans d\u00e9tour.<\/p>\n<p> Annonc\u00e9 sous la signature \u00abnodule\u00bb, l\u2019\u00e9crivain est positivement connu.<\/p>\n<p>Vous pouvez donc faire confiance aux infos qu\u2019il \u00e9dite.<\/p>\n<p>La c\u00e9ramiste Genevi\u00e8ve Giraud et le cr\u00e9ateur d\u2019image Frankl s\u2019unissent pour donner \u00e0 la galerie une ambiance Jazz en rebond avec le festival Jazz \u00e0 Vienne.<\/p>\n<p> Exposition : Ambiance Jazz<\/p>\n<p>Vous aimerez aussi:<\/p>\n<p>Sous le sable d\u2019Egypte.,<a target=\"_blank\" rel=\"nofollow\" href=\"https:\/\/www.viaromana.org\/blog\/goto\/https:\/\/booknode.com\/sous_le_sable_degypte_02989473\"  target=\"_blank\" rel=\"noopener noreferrer nofollow\">livre de r\u00e9f\u00e9rence <\/a><span><\/span>.<\/p>\n<p>M\u00e9moires de la Soci\u00e9t\u00e9 d\u2019Histoire et d\u2019Arch\u00e9ologie de Bretagne.,<a target=\"_blank\" rel=\"nofollow\" href=\"https:\/\/www.viaromana.org\/blog\/goto\/https:\/\/www.epagine.fr\/ebook\/9782402591447-memoires-de-la-societe-d-histoire-et-d-archeologie-de-bretagne-raison\/\"  target=\"_blank\" rel=\"noopener noreferrer nofollow\">livre de r\u00e9f\u00e9rence <\/a><span><\/span>.<\/p>\n<p>S\u00e9journer au bain.,<a target=\"_blank\" rel=\"nofollow\" href=\"https:\/\/www.viaromana.org\/blog\/goto\/https:\/\/www.kobo.com\/de\/fr\/ebook\/sejourner-au-bain\"  target=\"_blank\" rel=\"noopener noreferrer nofollow\">(Disponible) <\/a><span><\/span>.<\/p>\n<p>Paris en 1200 ; histoire et arch\u00e9ologie d\u2019une capitale fortifi\u00e9e par Philippe Auguste.,<a target=\"_blank\" rel=\"nofollow\" href=\"https:\/\/www.viaromana.org\/blog\/goto\/https:\/\/www.epagine.fr\/ebook\/9782271123084-paris-en-1200-histoire-et-archeologie-d-une-capitale-fortifiee-par-philippe-auguste-denis-hayot\/\"  target=\"_blank\" rel=\"noopener noreferrer nofollow\">(la couverture) <\/a><span><\/span>.<\/p>\n","protected":false},"excerpt":{"rendered":"<p>Nos r\u00e9dacteurs ont rep\u00e9r\u00e9 un texte sur le web dont la th\u00e9matique est \u00abl\u2019arch\u00e9ologie\u00bb. Son titre s\u00e9duisant (Exposition : Ambiance Jazz) est sans d\u00e9tour. Annonc\u00e9 sous la signature \u00abnodule\u00bb, l\u2019\u00e9crivain est positivement connu. Vous pouvez donc faire confiance aux infos qu\u2019il \u00e9dite. La c\u00e9ramiste Genevi\u00e8ve Giraud et le cr\u00e9ateur d\u2019image Frankl s\u2019unissent pour donner \u00e0 la galerie une ambiance Jazz en rebond avec le festival Jazz \u00e0 Vienne. Exposition : Ambiance Jazz Vous aimerez aussi: Sous le sable d\u2019Egypte.,livre de r\u00e9f\u00e9rence . M\u00e9moires de la Soci\u00e9t\u00e9 d\u2019Histoire et d\u2019Arch\u00e9ologie de Bretagne.,livre de r\u00e9f\u00e9rence . S\u00e9journer au bain.,(Disponible) . Paris en\u2026<\/p>\n","protected":false},"author":1,"featured_media":0,"comment_status":"closed","ping_status":"closed","sticky":false,"template":"","format":"standard","meta":{"footnotes":""},"categories":[2],"tags":[],"blocksy_meta":{"styles_descriptor":{"styles":{"desktop":"","tablet":"","mobile":""},"google_fonts":[],"version":4}},"yoast_head":"<!-- This site is optimized with the Yoast SEO plugin v21.1 - https:\/\/yoast.com\/wordpress\/plugins\/seo\/ -->\n<title>Infos pour les fans : Exposition : Ambiance Jazz - Viaromana et arch\u00e9ologie.<\/title>\n<meta name=\"description\" content=\"Infos pour les fans : Exposition : Ambiance Jazz article de Viaromana et arch\u00e9ologie.\" \/>\n<meta name=\"robots\" content=\"index, follow, max-snippet:-1, max-image-preview:large, max-video-preview:-1\" \/>\n<link rel=\"canonical\" href=\"https:\/\/www.viaromana.org\/blog\/infos-pour-les-fans-exposition-ambiance-jazz\/\" \/>\n<meta property=\"og:locale\" content=\"fr_FR\" \/>\n<meta property=\"og:type\" content=\"article\" \/>\n<meta property=\"og:title\" content=\"Infos pour les fans : Exposition : Ambiance Jazz - Viaromana et arch\u00e9ologie.\" \/>\n<meta property=\"og:description\" content=\"Infos pour les fans : Exposition : Ambiance Jazz article de Viaromana et arch\u00e9ologie.\" \/>\n<meta property=\"og:url\" content=\"https:\/\/www.viaromana.org\/blog\/infos-pour-les-fans-exposition-ambiance-jazz\/\" \/>\n<meta property=\"og:site_name\" content=\"Viaromana et arch\u00e9ologie.\" \/>\n<meta property=\"article:published_time\" content=\"2023-06-22T00:00:01+00:00\" \/>\n<meta name=\"author\" content=\"Robert\" \/>\n<meta name=\"twitter:card\" content=\"summary_large_image\" \/>\n<meta name=\"twitter:label1\" content=\"\u00c9crit par\" \/>\n\t<meta name=\"twitter:data1\" content=\"Robert\" \/>\n\t<meta name=\"twitter:label2\" content=\"Dur\u00e9e de lecture estim\u00e9e\" \/>\n\t<meta name=\"twitter:data2\" content=\"1 minute\" \/>\n<script type=\"application\/ld+json\" class=\"yoast-schema-graph\">{\"@context\":\"https:\/\/schema.org\",\"@graph\":[{\"@type\":\"Article\",\"@id\":\"https:\/\/www.viaromana.org\/blog\/infos-pour-les-fans-exposition-ambiance-jazz\/#article\",\"isPartOf\":{\"@id\":\"https:\/\/www.viaromana.org\/blog\/infos-pour-les-fans-exposition-ambiance-jazz\/\"},\"author\":{\"name\":\"Robert\",\"@id\":\"https:\/\/www.viaromana.org\/blog\/#\/schema\/person\/cde9c4655845091e1fe473fcd163c889\"},\"headline\":\"Infos pour les fans : Exposition : Ambiance Jazz\",\"datePublished\":\"2023-06-22T00:00:01+00:00\",\"dateModified\":\"2023-06-22T00:00:01+00:00\",\"mainEntityOfPage\":{\"@id\":\"https:\/\/www.viaromana.org\/blog\/infos-pour-les-fans-exposition-ambiance-jazz\/\"},\"wordCount\":142,\"publisher\":{\"@id\":\"https:\/\/www.viaromana.org\/blog\/#organization\"},\"articleSection\":[\"Arch\u00e9ologie\"],\"inLanguage\":\"fr-FR\"},{\"@type\":\"WebPage\",\"@id\":\"https:\/\/www.viaromana.org\/blog\/infos-pour-les-fans-exposition-ambiance-jazz\/\",\"url\":\"https:\/\/www.viaromana.org\/blog\/infos-pour-les-fans-exposition-ambiance-jazz\/\",\"name\":\"Infos pour les fans : Exposition : Ambiance Jazz - Viaromana et arch\u00e9ologie.\",\"isPartOf\":{\"@id\":\"https:\/\/www.viaromana.org\/blog\/#website\"},\"datePublished\":\"2023-06-22T00:00:01+00:00\",\"dateModified\":\"2023-06-22T00:00:01+00:00\",\"description\":\"Infos pour les fans : Exposition : Ambiance Jazz article de Viaromana et arch\u00e9ologie.\",\"breadcrumb\":{\"@id\":\"https:\/\/www.viaromana.org\/blog\/infos-pour-les-fans-exposition-ambiance-jazz\/#breadcrumb\"},\"inLanguage\":\"fr-FR\",\"potentialAction\":[{\"@type\":\"ReadAction\",\"target\":[\"https:\/\/www.viaromana.org\/blog\/infos-pour-les-fans-exposition-ambiance-jazz\/\"]}]},{\"@type\":\"BreadcrumbList\",\"@id\":\"https:\/\/www.viaromana.org\/blog\/infos-pour-les-fans-exposition-ambiance-jazz\/#breadcrumb\",\"itemListElement\":[{\"@type\":\"ListItem\",\"position\":1,\"name\":\"Accueil\",\"item\":\"https:\/\/www.viaromana.org\/blog\/\"},{\"@type\":\"ListItem\",\"position\":2,\"name\":\"Infos pour les fans : Exposition : Ambiance Jazz\"}]},{\"@type\":\"WebSite\",\"@id\":\"https:\/\/www.viaromana.org\/blog\/#website\",\"url\":\"https:\/\/www.viaromana.org\/blog\/\",\"name\":\"Viaromana et arch\u00e9ologie.\",\"description\":\"Site arch\u00e9ologique de la voie romaine (viaromana) Belgique-France-Rome\",\"publisher\":{\"@id\":\"https:\/\/www.viaromana.org\/blog\/#organization\"},\"potentialAction\":[{\"@type\":\"SearchAction\",\"target\":{\"@type\":\"EntryPoint\",\"urlTemplate\":\"https:\/\/www.viaromana.org\/blog\/?s={search_term_string}\"},\"query-input\":\"required name=search_term_string\"}],\"inLanguage\":\"fr-FR\"},{\"@type\":\"Organization\",\"@id\":\"https:\/\/www.viaromana.org\/blog\/#organization\",\"name\":\"viaromana\",\"url\":\"https:\/\/www.viaromana.org\/blog\/\",\"logo\":{\"@type\":\"ImageObject\",\"inLanguage\":\"fr-FR\",\"@id\":\"https:\/\/www.viaromana.org\/blog\/#\/schema\/logo\/image\/\",\"url\":\"https:\/\/www.viaromana.org\/blog\/wp-content\/uploads\/2021\/12\/logo-3.png\",\"contentUrl\":\"https:\/\/www.viaromana.org\/blog\/wp-content\/uploads\/2021\/12\/logo-3.png\",\"width\":300,\"height\":249,\"caption\":\"viaromana\"},\"image\":{\"@id\":\"https:\/\/www.viaromana.org\/blog\/#\/schema\/logo\/image\/\"}},{\"@type\":\"Person\",\"@id\":\"https:\/\/www.viaromana.org\/blog\/#\/schema\/person\/cde9c4655845091e1fe473fcd163c889\",\"name\":\"Robert\",\"image\":{\"@type\":\"ImageObject\",\"inLanguage\":\"fr-FR\",\"@id\":\"https:\/\/www.viaromana.org\/blog\/#\/schema\/person\/image\/\",\"url\":\"https:\/\/secure.gravatar.com\/avatar\/a168ec191013b636c2f278aec04e724b?s=96&d=mm&r=g\",\"contentUrl\":\"https:\/\/secure.gravatar.com\/avatar\/a168ec191013b636c2f278aec04e724b?s=96&d=mm&r=g\",\"caption\":\"Robert\"},\"sameAs\":[\"https:\/\/www.viaromana.org\/blog\"],\"url\":\"https:\/\/www.viaromana.org\/blog\/author\/anaadmin\/\"}]}<\/script>\n<!-- \/ Yoast SEO plugin. -->","yoast_head_json":{"title":"Infos pour les fans : Exposition : Ambiance Jazz - Viaromana et arch\u00e9ologie.","description":"Infos pour les fans : Exposition : Ambiance Jazz article de Viaromana et arch\u00e9ologie.","robots":{"index":"index","follow":"follow","max-snippet":"max-snippet:-1","max-image-preview":"max-image-preview:large","max-video-preview":"max-video-preview:-1"},"canonical":"https:\/\/www.viaromana.org\/blog\/infos-pour-les-fans-exposition-ambiance-jazz\/","og_locale":"fr_FR","og_type":"article","og_title":"Infos pour les fans : Exposition : Ambiance Jazz - Viaromana et arch\u00e9ologie.","og_description":"Infos pour les fans : Exposition : Ambiance Jazz article de Viaromana et arch\u00e9ologie.","og_url":"https:\/\/www.viaromana.org\/blog\/infos-pour-les-fans-exposition-ambiance-jazz\/","og_site_name":"Viaromana et arch\u00e9ologie.","article_published_time":"2023-06-22T00:00:01+00:00","author":"Robert","twitter_card":"summary_large_image","twitter_misc":{"\u00c9crit par":"Robert","Dur\u00e9e de lecture estim\u00e9e":"1 minute"},"schema":{"@context":"https:\/\/schema.org","@graph":[{"@type":"Article","@id":"https:\/\/www.viaromana.org\/blog\/infos-pour-les-fans-exposition-ambiance-jazz\/#article","isPartOf":{"@id":"https:\/\/www.viaromana.org\/blog\/infos-pour-les-fans-exposition-ambiance-jazz\/"},"author":{"name":"Robert","@id":"https:\/\/www.viaromana.org\/blog\/#\/schema\/person\/cde9c4655845091e1fe473fcd163c889"},"headline":"Infos pour les fans : Exposition : Ambiance Jazz","datePublished":"2023-06-22T00:00:01+00:00","dateModified":"2023-06-22T00:00:01+00:00","mainEntityOfPage":{"@id":"https:\/\/www.viaromana.org\/blog\/infos-pour-les-fans-exposition-ambiance-jazz\/"},"wordCount":142,"publisher":{"@id":"https:\/\/www.viaromana.org\/blog\/#organization"},"articleSection":["Arch\u00e9ologie"],"inLanguage":"fr-FR"},{"@type":"WebPage","@id":"https:\/\/www.viaromana.org\/blog\/infos-pour-les-fans-exposition-ambiance-jazz\/","url":"https:\/\/www.viaromana.org\/blog\/infos-pour-les-fans-exposition-ambiance-jazz\/","name":"Infos pour les fans : Exposition : Ambiance Jazz - Viaromana et arch\u00e9ologie.","isPartOf":{"@id":"https:\/\/www.viaromana.org\/blog\/#website"},"datePublished":"2023-06-22T00:00:01+00:00","dateModified":"2023-06-22T00:00:01+00:00","description":"Infos pour les fans : Exposition : Ambiance Jazz article de Viaromana et arch\u00e9ologie.","breadcrumb":{"@id":"https:\/\/www.viaromana.org\/blog\/infos-pour-les-fans-exposition-ambiance-jazz\/#breadcrumb"},"inLanguage":"fr-FR","potentialAction":[{"@type":"ReadAction","target":["https:\/\/www.viaromana.org\/blog\/infos-pour-les-fans-exposition-ambiance-jazz\/"]}]},{"@type":"BreadcrumbList","@id":"https:\/\/www.viaromana.org\/blog\/infos-pour-les-fans-exposition-ambiance-jazz\/#breadcrumb","itemListElement":[{"@type":"ListItem","position":1,"name":"Accueil","item":"https:\/\/www.viaromana.org\/blog\/"},{"@type":"ListItem","position":2,"name":"Infos pour les fans : Exposition : Ambiance Jazz"}]},{"@type":"WebSite","@id":"https:\/\/www.viaromana.org\/blog\/#website","url":"https:\/\/www.viaromana.org\/blog\/","name":"Viaromana et arch\u00e9ologie.","description":"Site arch\u00e9ologique de la voie romaine (viaromana) Belgique-France-Rome","publisher":{"@id":"https:\/\/www.viaromana.org\/blog\/#organization"},"potentialAction":[{"@type":"SearchAction","target":{"@type":"EntryPoint","urlTemplate":"https:\/\/www.viaromana.org\/blog\/?s={search_term_string}"},"query-input":"required name=search_term_string"}],"inLanguage":"fr-FR"},{"@type":"Organization","@id":"https:\/\/www.viaromana.org\/blog\/#organization","name":"viaromana","url":"https:\/\/www.viaromana.org\/blog\/","logo":{"@type":"ImageObject","inLanguage":"fr-FR","@id":"https:\/\/www.viaromana.org\/blog\/#\/schema\/logo\/image\/","url":"https:\/\/www.viaromana.org\/blog\/wp-content\/uploads\/2021\/12\/logo-3.png","contentUrl":"https:\/\/www.viaromana.org\/blog\/wp-content\/uploads\/2021\/12\/logo-3.png","width":300,"height":249,"caption":"viaromana"},"image":{"@id":"https:\/\/www.viaromana.org\/blog\/#\/schema\/logo\/image\/"}},{"@type":"Person","@id":"https:\/\/www.viaromana.org\/blog\/#\/schema\/person\/cde9c4655845091e1fe473fcd163c889","name":"Robert","image":{"@type":"ImageObject","inLanguage":"fr-FR","@id":"https:\/\/www.viaromana.org\/blog\/#\/schema\/person\/image\/","url":"https:\/\/secure.gravatar.com\/avatar\/a168ec191013b636c2f278aec04e724b?s=96&d=mm&r=g","contentUrl":"https:\/\/secure.gravatar.com\/avatar\/a168ec191013b636c2f278aec04e724b?s=96&d=mm&r=g","caption":"Robert"},"sameAs":["https:\/\/www.viaromana.org\/blog"],"url":"https:\/\/www.viaromana.org\/blog\/author\/anaadmin\/"}]}},"_links":{"self":[{"href":"https:\/\/www.viaromana.org\/blog\/wp-json\/wp\/v2\/posts\/1744"}],"collection":[{"href":"https:\/\/www.viaromana.org\/blog\/wp-json\/wp\/v2\/posts"}],"about":[{"href":"https:\/\/www.viaromana.org\/blog\/wp-json\/wp\/v2\/types\/post"}],"author":[{"embeddable":true,"href":"https:\/\/www.viaromana.org\/blog\/wp-json\/wp\/v2\/users\/1"}],"replies":[{"embeddable":true,"href":"https:\/\/www.viaromana.org\/blog\/wp-json\/wp\/v2\/comments?post=1744"}],"version-history":[{"count":0,"href":"https:\/\/www.viaromana.org\/blog\/wp-json\/wp\/v2\/posts\/1744\/revisions"}],"wp:attachment":[{"href":"https:\/\/www.viaromana.org\/blog\/wp-json\/wp\/v2\/media?parent=1744"}],"wp:term":[{"taxonomy":"category","embeddable":true,"href":"https:\/\/www.viaromana.org\/blog\/wp-json\/wp\/v2\/categories?post=1744"},{"taxonomy":"post_tag","embeddable":true,"href":"https:\/\/www.viaromana.org\/blog\/wp-json\/wp\/v2\/tags?post=1744"}],"curies":[{"name":"wp","href":"https:\/\/api.w.org\/{rel}","templated":true}]}}