{"id":1739,"date":"2023-06-19T16:02:10","date_gmt":"2023-06-19T14:02:10","guid":{"rendered":"https:\/\/www.site.cdcl.xyz\/2023\/06\/19\/derniere-actualite-toute-fraiche-le-quartier-saint-patern-ville-de-vannes\/"},"modified":"2023-06-19T16:02:10","modified_gmt":"2023-06-19T14:02:10","slug":"derniere-actualite-toute-fraiche-le-quartier-saint-patern-ville-de-vannes","status":"publish","type":"post","link":"https:\/\/www.viaromana.org\/blog\/derniere-actualite-toute-fraiche-le-quartier-saint-patern-ville-de-vannes\/","title":{"rendered":"Derni\u00e8re actualit\u00e9 toute fraiche : Le quartier Saint-Patern | Ville de Vannes"},"content":{"rendered":"<p>Notre r\u00e9daction va porter \u00e0 votre connaissance cet article qui vient d\u2019\u00eatre publi\u00e9, dont la th\u00e9matique est \u00abl\u2019arch\u00e9ologie\u00bb.<\/p>\n<p>Son titre (Le quartier Saint-Patern | Ville de Vannes) en dit long.<\/p>\n<p>L\u2019\u00e9crivain (annonc\u00e9 sous la signature Olivier_laudrin) est connu et fiable.<\/p>\n<p>Vous pouvez de ce fait faire confiance aux r\u00e9v\u00e9lations qu\u2019il \u00e9dite.<\/p>\n<p>Sachez que la date de parution est 2023-06-19 16:02:10.<\/p>\n<p>Texte d\u2019origine : <\/p>\n<div>\n<div>\n<p>Une promenade historique et architecturale dans l\u2019un des plus anciens quartiers de la ville, \u00e9difi\u00e9 sur le site de la ville romaine.<\/p>\n<ul>\n<li><strong>Rendez-vous : Les lavoirs de la Garenne, rue Porte Poterne \u00e0 11h<\/strong><\/li>\n<li>Tarif plein : 6 \u20ac \u2013 Tarif r\u00e9duit (18-25 ans) : 3,60 \u20ac<\/li>\n<li>Gratuit pour les moins de 18 ans<\/li>\n<li>Pass patrimoine : 45 \u20ac pour 10 visites (valable 2 ans)<\/li>\n<li>Dur\u00e9e 1h30<\/li>\n<\/ul>\n<\/div>\n<\/div>\n<p>Livres sur un th\u00e8me identique:<\/p>\n<p>R\u00e9v\u00e9lations de l\u2019arch\u00e9ologie.,<a target=\"_blank\" rel=\"nofollow\" href=\"https:\/\/www.viaromana.org\/blog\/goto\/https:\/\/www.epagine.fr\/ebook\/9782706266348-revelations-de-l-archeologie-henri-paul-eydoux\/\"  target=\"_blank\" rel=\"noopener noreferrer nofollow\">Le livre <\/a><span><\/span>.<\/p>\n<p>Pour une arch\u00e9ologie agraire.,<a target=\"_blank\" rel=\"nofollow\" href=\"https:\/\/www.viaromana.org\/blog\/goto\/https:\/\/www.epagine.fr\/ebook\/9791037625014-pour-une-archeologie-agraire-collectif\/\"  target=\"_blank\" rel=\"noopener noreferrer nofollow\">A voir et \u00e0 lire. <\/a><span><\/span>.<\/p>\n<p>Une archeologie de la toute puissance ; d\u2019o\u00f9 vient A ?.,<a target=\"_blank\" rel=\"nofollow\" href=\"https:\/\/www.viaromana.org\/blog\/goto\/https:\/\/www.epagine.fr\/ebook\/9782354271084-une-archeologie-de-la-toute-puissance-d-o-vient-a-guy-le-gaufey\/\"  target=\"_blank\" rel=\"noopener noreferrer nofollow\">(la couverture) <\/a><span><\/span>.<\/p>\n<p>M\u00e9diterran\u00e9e antique : p\u00eache, navigation, commerce.,<a target=\"_blank\" rel=\"nofollow\" href=\"https:\/\/www.viaromana.org\/blog\/goto\/https:\/\/www.kobo.com\/de\/fr\/ebook\/mediterranee-antique-peche-navigation-commerce\"  target=\"_blank\" rel=\"noopener noreferrer nofollow\">A voir et \u00e0 lire. <\/a><span><\/span>.<\/p>\n","protected":false},"excerpt":{"rendered":"<p>Notre r\u00e9daction va porter \u00e0 votre connaissance cet article qui vient d\u2019\u00eatre publi\u00e9, dont la th\u00e9matique est \u00abl\u2019arch\u00e9ologie\u00bb. Son titre (Le quartier Saint-Patern | Ville de Vannes) en dit long. L\u2019\u00e9crivain (annonc\u00e9 sous la signature Olivier_laudrin) est connu et fiable. Vous pouvez de ce fait faire confiance aux r\u00e9v\u00e9lations qu\u2019il \u00e9dite. Sachez que la date de parution est 2023-06-19 16:02:10. Texte d\u2019origine : Une promenade historique et architecturale dans l\u2019un des plus anciens quartiers de la ville, \u00e9difi\u00e9 sur le site de la ville romaine. Rendez-vous : Les lavoirs de la Garenne, rue Porte Poterne \u00e0 11h Tarif plein :\u2026<\/p>\n","protected":false},"author":1,"featured_media":0,"comment_status":"closed","ping_status":"closed","sticky":false,"template":"","format":"standard","meta":{"footnotes":""},"categories":[2],"tags":[],"blocksy_meta":{"styles_descriptor":{"styles":{"desktop":"","tablet":"","mobile":""},"google_fonts":[],"version":4}},"yoast_head":"<!-- This site is optimized with the Yoast SEO plugin v21.1 - https:\/\/yoast.com\/wordpress\/plugins\/seo\/ -->\n<title>Derni\u00e8re actualit\u00e9 toute fraiche : Le quartier Saint-Patern | Ville de Vannes - Viaromana et arch\u00e9ologie.<\/title>\n<meta name=\"description\" content=\"Derni\u00e8re actualit\u00e9 toute fraiche : Le quartier Saint-Patern | Ville de Vannes article de Viaromana et arch\u00e9ologie.\" \/>\n<meta name=\"robots\" content=\"index, follow, max-snippet:-1, max-image-preview:large, max-video-preview:-1\" \/>\n<link rel=\"canonical\" href=\"https:\/\/www.viaromana.org\/blog\/derniere-actualite-toute-fraiche-le-quartier-saint-patern-ville-de-vannes\/\" \/>\n<meta property=\"og:locale\" content=\"fr_FR\" \/>\n<meta property=\"og:type\" content=\"article\" \/>\n<meta property=\"og:title\" content=\"Derni\u00e8re actualit\u00e9 toute fraiche : Le quartier Saint-Patern | Ville de Vannes - Viaromana et arch\u00e9ologie.\" \/>\n<meta property=\"og:description\" content=\"Derni\u00e8re actualit\u00e9 toute fraiche : Le quartier Saint-Patern | Ville de Vannes article de Viaromana et arch\u00e9ologie.\" \/>\n<meta property=\"og:url\" content=\"https:\/\/www.viaromana.org\/blog\/derniere-actualite-toute-fraiche-le-quartier-saint-patern-ville-de-vannes\/\" \/>\n<meta property=\"og:site_name\" content=\"Viaromana et arch\u00e9ologie.\" \/>\n<meta property=\"article:published_time\" content=\"2023-06-19T14:02:10+00:00\" \/>\n<meta name=\"author\" content=\"Robert\" \/>\n<meta name=\"twitter:card\" content=\"summary_large_image\" \/>\n<meta name=\"twitter:label1\" content=\"\u00c9crit par\" \/>\n\t<meta name=\"twitter:data1\" content=\"Robert\" \/>\n\t<meta name=\"twitter:label2\" content=\"Dur\u00e9e de lecture estim\u00e9e\" \/>\n\t<meta name=\"twitter:data2\" content=\"1 minute\" \/>\n<script type=\"application\/ld+json\" class=\"yoast-schema-graph\">{\"@context\":\"https:\/\/schema.org\",\"@graph\":[{\"@type\":\"Article\",\"@id\":\"https:\/\/www.viaromana.org\/blog\/derniere-actualite-toute-fraiche-le-quartier-saint-patern-ville-de-vannes\/#article\",\"isPartOf\":{\"@id\":\"https:\/\/www.viaromana.org\/blog\/derniere-actualite-toute-fraiche-le-quartier-saint-patern-ville-de-vannes\/\"},\"author\":{\"name\":\"Robert\",\"@id\":\"https:\/\/www.viaromana.org\/blog\/#\/schema\/person\/cde9c4655845091e1fe473fcd163c889\"},\"headline\":\"Derni\u00e8re actualit\u00e9 toute fraiche : Le quartier Saint-Patern | Ville de Vannes\",\"datePublished\":\"2023-06-19T14:02:10+00:00\",\"dateModified\":\"2023-06-19T14:02:10+00:00\",\"mainEntityOfPage\":{\"@id\":\"https:\/\/www.viaromana.org\/blog\/derniere-actualite-toute-fraiche-le-quartier-saint-patern-ville-de-vannes\/\"},\"wordCount\":185,\"publisher\":{\"@id\":\"https:\/\/www.viaromana.org\/blog\/#organization\"},\"articleSection\":[\"Arch\u00e9ologie\"],\"inLanguage\":\"fr-FR\"},{\"@type\":\"WebPage\",\"@id\":\"https:\/\/www.viaromana.org\/blog\/derniere-actualite-toute-fraiche-le-quartier-saint-patern-ville-de-vannes\/\",\"url\":\"https:\/\/www.viaromana.org\/blog\/derniere-actualite-toute-fraiche-le-quartier-saint-patern-ville-de-vannes\/\",\"name\":\"Derni\u00e8re actualit\u00e9 toute fraiche : Le quartier Saint-Patern | Ville de Vannes - Viaromana et arch\u00e9ologie.\",\"isPartOf\":{\"@id\":\"https:\/\/www.viaromana.org\/blog\/#website\"},\"datePublished\":\"2023-06-19T14:02:10+00:00\",\"dateModified\":\"2023-06-19T14:02:10+00:00\",\"description\":\"Derni\u00e8re actualit\u00e9 toute fraiche : Le quartier Saint-Patern | Ville de Vannes article de Viaromana et arch\u00e9ologie.\",\"breadcrumb\":{\"@id\":\"https:\/\/www.viaromana.org\/blog\/derniere-actualite-toute-fraiche-le-quartier-saint-patern-ville-de-vannes\/#breadcrumb\"},\"inLanguage\":\"fr-FR\",\"potentialAction\":[{\"@type\":\"ReadAction\",\"target\":[\"https:\/\/www.viaromana.org\/blog\/derniere-actualite-toute-fraiche-le-quartier-saint-patern-ville-de-vannes\/\"]}]},{\"@type\":\"BreadcrumbList\",\"@id\":\"https:\/\/www.viaromana.org\/blog\/derniere-actualite-toute-fraiche-le-quartier-saint-patern-ville-de-vannes\/#breadcrumb\",\"itemListElement\":[{\"@type\":\"ListItem\",\"position\":1,\"name\":\"Accueil\",\"item\":\"https:\/\/www.viaromana.org\/blog\/\"},{\"@type\":\"ListItem\",\"position\":2,\"name\":\"Derni\u00e8re actualit\u00e9 toute fraiche : Le quartier Saint-Patern | Ville de Vannes\"}]},{\"@type\":\"WebSite\",\"@id\":\"https:\/\/www.viaromana.org\/blog\/#website\",\"url\":\"https:\/\/www.viaromana.org\/blog\/\",\"name\":\"Viaromana et arch\u00e9ologie.\",\"description\":\"Site arch\u00e9ologique de la voie romaine (viaromana) Belgique-France-Rome\",\"publisher\":{\"@id\":\"https:\/\/www.viaromana.org\/blog\/#organization\"},\"potentialAction\":[{\"@type\":\"SearchAction\",\"target\":{\"@type\":\"EntryPoint\",\"urlTemplate\":\"https:\/\/www.viaromana.org\/blog\/?s={search_term_string}\"},\"query-input\":\"required name=search_term_string\"}],\"inLanguage\":\"fr-FR\"},{\"@type\":\"Organization\",\"@id\":\"https:\/\/www.viaromana.org\/blog\/#organization\",\"name\":\"viaromana\",\"url\":\"https:\/\/www.viaromana.org\/blog\/\",\"logo\":{\"@type\":\"ImageObject\",\"inLanguage\":\"fr-FR\",\"@id\":\"https:\/\/www.viaromana.org\/blog\/#\/schema\/logo\/image\/\",\"url\":\"https:\/\/www.viaromana.org\/blog\/wp-content\/uploads\/2021\/12\/logo-3.png\",\"contentUrl\":\"https:\/\/www.viaromana.org\/blog\/wp-content\/uploads\/2021\/12\/logo-3.png\",\"width\":300,\"height\":249,\"caption\":\"viaromana\"},\"image\":{\"@id\":\"https:\/\/www.viaromana.org\/blog\/#\/schema\/logo\/image\/\"}},{\"@type\":\"Person\",\"@id\":\"https:\/\/www.viaromana.org\/blog\/#\/schema\/person\/cde9c4655845091e1fe473fcd163c889\",\"name\":\"Robert\",\"image\":{\"@type\":\"ImageObject\",\"inLanguage\":\"fr-FR\",\"@id\":\"https:\/\/www.viaromana.org\/blog\/#\/schema\/person\/image\/\",\"url\":\"https:\/\/secure.gravatar.com\/avatar\/a168ec191013b636c2f278aec04e724b?s=96&d=mm&r=g\",\"contentUrl\":\"https:\/\/secure.gravatar.com\/avatar\/a168ec191013b636c2f278aec04e724b?s=96&d=mm&r=g\",\"caption\":\"Robert\"},\"sameAs\":[\"https:\/\/www.viaromana.org\/blog\"],\"url\":\"https:\/\/www.viaromana.org\/blog\/author\/anaadmin\/\"}]}<\/script>\n<!-- \/ Yoast SEO plugin. -->","yoast_head_json":{"title":"Derni\u00e8re actualit\u00e9 toute fraiche : Le quartier Saint-Patern | Ville de Vannes - Viaromana et arch\u00e9ologie.","description":"Derni\u00e8re actualit\u00e9 toute fraiche : Le quartier Saint-Patern | Ville de Vannes article de Viaromana et arch\u00e9ologie.","robots":{"index":"index","follow":"follow","max-snippet":"max-snippet:-1","max-image-preview":"max-image-preview:large","max-video-preview":"max-video-preview:-1"},"canonical":"https:\/\/www.viaromana.org\/blog\/derniere-actualite-toute-fraiche-le-quartier-saint-patern-ville-de-vannes\/","og_locale":"fr_FR","og_type":"article","og_title":"Derni\u00e8re actualit\u00e9 toute fraiche : Le quartier Saint-Patern | Ville de Vannes - Viaromana et arch\u00e9ologie.","og_description":"Derni\u00e8re actualit\u00e9 toute fraiche : Le quartier Saint-Patern | Ville de Vannes article de Viaromana et arch\u00e9ologie.","og_url":"https:\/\/www.viaromana.org\/blog\/derniere-actualite-toute-fraiche-le-quartier-saint-patern-ville-de-vannes\/","og_site_name":"Viaromana et arch\u00e9ologie.","article_published_time":"2023-06-19T14:02:10+00:00","author":"Robert","twitter_card":"summary_large_image","twitter_misc":{"\u00c9crit par":"Robert","Dur\u00e9e de lecture estim\u00e9e":"1 minute"},"schema":{"@context":"https:\/\/schema.org","@graph":[{"@type":"Article","@id":"https:\/\/www.viaromana.org\/blog\/derniere-actualite-toute-fraiche-le-quartier-saint-patern-ville-de-vannes\/#article","isPartOf":{"@id":"https:\/\/www.viaromana.org\/blog\/derniere-actualite-toute-fraiche-le-quartier-saint-patern-ville-de-vannes\/"},"author":{"name":"Robert","@id":"https:\/\/www.viaromana.org\/blog\/#\/schema\/person\/cde9c4655845091e1fe473fcd163c889"},"headline":"Derni\u00e8re actualit\u00e9 toute fraiche : Le quartier Saint-Patern | Ville de Vannes","datePublished":"2023-06-19T14:02:10+00:00","dateModified":"2023-06-19T14:02:10+00:00","mainEntityOfPage":{"@id":"https:\/\/www.viaromana.org\/blog\/derniere-actualite-toute-fraiche-le-quartier-saint-patern-ville-de-vannes\/"},"wordCount":185,"publisher":{"@id":"https:\/\/www.viaromana.org\/blog\/#organization"},"articleSection":["Arch\u00e9ologie"],"inLanguage":"fr-FR"},{"@type":"WebPage","@id":"https:\/\/www.viaromana.org\/blog\/derniere-actualite-toute-fraiche-le-quartier-saint-patern-ville-de-vannes\/","url":"https:\/\/www.viaromana.org\/blog\/derniere-actualite-toute-fraiche-le-quartier-saint-patern-ville-de-vannes\/","name":"Derni\u00e8re actualit\u00e9 toute fraiche : Le quartier Saint-Patern | Ville de Vannes - Viaromana et arch\u00e9ologie.","isPartOf":{"@id":"https:\/\/www.viaromana.org\/blog\/#website"},"datePublished":"2023-06-19T14:02:10+00:00","dateModified":"2023-06-19T14:02:10+00:00","description":"Derni\u00e8re actualit\u00e9 toute fraiche : Le quartier Saint-Patern | Ville de Vannes article de Viaromana et arch\u00e9ologie.","breadcrumb":{"@id":"https:\/\/www.viaromana.org\/blog\/derniere-actualite-toute-fraiche-le-quartier-saint-patern-ville-de-vannes\/#breadcrumb"},"inLanguage":"fr-FR","potentialAction":[{"@type":"ReadAction","target":["https:\/\/www.viaromana.org\/blog\/derniere-actualite-toute-fraiche-le-quartier-saint-patern-ville-de-vannes\/"]}]},{"@type":"BreadcrumbList","@id":"https:\/\/www.viaromana.org\/blog\/derniere-actualite-toute-fraiche-le-quartier-saint-patern-ville-de-vannes\/#breadcrumb","itemListElement":[{"@type":"ListItem","position":1,"name":"Accueil","item":"https:\/\/www.viaromana.org\/blog\/"},{"@type":"ListItem","position":2,"name":"Derni\u00e8re actualit\u00e9 toute fraiche : Le quartier Saint-Patern | Ville de Vannes"}]},{"@type":"WebSite","@id":"https:\/\/www.viaromana.org\/blog\/#website","url":"https:\/\/www.viaromana.org\/blog\/","name":"Viaromana et arch\u00e9ologie.","description":"Site arch\u00e9ologique de la voie romaine (viaromana) Belgique-France-Rome","publisher":{"@id":"https:\/\/www.viaromana.org\/blog\/#organization"},"potentialAction":[{"@type":"SearchAction","target":{"@type":"EntryPoint","urlTemplate":"https:\/\/www.viaromana.org\/blog\/?s={search_term_string}"},"query-input":"required name=search_term_string"}],"inLanguage":"fr-FR"},{"@type":"Organization","@id":"https:\/\/www.viaromana.org\/blog\/#organization","name":"viaromana","url":"https:\/\/www.viaromana.org\/blog\/","logo":{"@type":"ImageObject","inLanguage":"fr-FR","@id":"https:\/\/www.viaromana.org\/blog\/#\/schema\/logo\/image\/","url":"https:\/\/www.viaromana.org\/blog\/wp-content\/uploads\/2021\/12\/logo-3.png","contentUrl":"https:\/\/www.viaromana.org\/blog\/wp-content\/uploads\/2021\/12\/logo-3.png","width":300,"height":249,"caption":"viaromana"},"image":{"@id":"https:\/\/www.viaromana.org\/blog\/#\/schema\/logo\/image\/"}},{"@type":"Person","@id":"https:\/\/www.viaromana.org\/blog\/#\/schema\/person\/cde9c4655845091e1fe473fcd163c889","name":"Robert","image":{"@type":"ImageObject","inLanguage":"fr-FR","@id":"https:\/\/www.viaromana.org\/blog\/#\/schema\/person\/image\/","url":"https:\/\/secure.gravatar.com\/avatar\/a168ec191013b636c2f278aec04e724b?s=96&d=mm&r=g","contentUrl":"https:\/\/secure.gravatar.com\/avatar\/a168ec191013b636c2f278aec04e724b?s=96&d=mm&r=g","caption":"Robert"},"sameAs":["https:\/\/www.viaromana.org\/blog"],"url":"https:\/\/www.viaromana.org\/blog\/author\/anaadmin\/"}]}},"_links":{"self":[{"href":"https:\/\/www.viaromana.org\/blog\/wp-json\/wp\/v2\/posts\/1739"}],"collection":[{"href":"https:\/\/www.viaromana.org\/blog\/wp-json\/wp\/v2\/posts"}],"about":[{"href":"https:\/\/www.viaromana.org\/blog\/wp-json\/wp\/v2\/types\/post"}],"author":[{"embeddable":true,"href":"https:\/\/www.viaromana.org\/blog\/wp-json\/wp\/v2\/users\/1"}],"replies":[{"embeddable":true,"href":"https:\/\/www.viaromana.org\/blog\/wp-json\/wp\/v2\/comments?post=1739"}],"version-history":[{"count":0,"href":"https:\/\/www.viaromana.org\/blog\/wp-json\/wp\/v2\/posts\/1739\/revisions"}],"wp:attachment":[{"href":"https:\/\/www.viaromana.org\/blog\/wp-json\/wp\/v2\/media?parent=1739"}],"wp:term":[{"taxonomy":"category","embeddable":true,"href":"https:\/\/www.viaromana.org\/blog\/wp-json\/wp\/v2\/categories?post=1739"},{"taxonomy":"post_tag","embeddable":true,"href":"https:\/\/www.viaromana.org\/blog\/wp-json\/wp\/v2\/tags?post=1739"}],"curies":[{"name":"wp","href":"https:\/\/api.w.org\/{rel}","templated":true}]}}