{"id":1733,"date":"2023-06-16T02:00:01","date_gmt":"2023-06-16T00:00:01","guid":{"rendered":"https:\/\/www.site.cdcl.xyz\/2023\/06\/16\/que-penser-de-ce-texte-les-terrasses-du-mille-afterwork-latino\/"},"modified":"2023-06-16T02:00:01","modified_gmt":"2023-06-16T00:00:01","slug":"que-penser-de-ce-texte-les-terrasses-du-mille-afterwork-latino","status":"publish","type":"post","link":"https:\/\/www.viaromana.org\/blog\/que-penser-de-ce-texte-les-terrasses-du-mille-afterwork-latino\/","title":{"rendered":"Que penser de ce texte : Les Terrasses du Mill\u00e9 \u2013 Afterwork latino"},"content":{"rendered":"<p>En visitant le web notre \u00e9quipe a rep\u00e9r\u00e9 un post qui va vous interpeller. Sa th\u00e9matique est \u00ab&nbsp;l\u2019arch\u00e9ologie&nbsp;\u00bb.<\/p>\n<p>Son titre (Les Terrasses du Mill\u00e9 \u2013 Afterwork latino) est parlant.<\/p>\n<p> Identifi\u00e9 sous le nom \u00abnodule\u00bb, l\u2019\u00e9ditorialiste est positivement connu.<\/p>\n<p>Vous pouvez par cons\u00e9quent faire confiance aux infos qu\u2019il diffuse.<\/p>\n<div>\n<p>Soir\u00e9e latino avec le Barrio Combo, groupe atypique, qui saura vous charmer gr\u00e2ce \u00e0 la diversit\u00e9 de leurs rythmes venus d\u2019ailleurs : cubain, cumba, gipsy, reggae, bol\u00e9ro jazz\u2026<\/p>\n<h2 class=\"title info-comp\">Informations compl\u00e9mentaires<\/h2>\n<dl>\n<dt>Tourisme adapt\u00e9 :<\/dt>\n<dd>Accessible en fauteuil roulant avec aide, Accessible en fauteuil roulant en autonomie<\/dd>\n<\/dl>\n<\/div>\n<p>Publications:<\/p>\n<p>Suzanne C\u00e9saire ; arch\u00e9ologie litt\u00e9raire et artistique d\u2019une m\u00e9moire emp\u00each\u00e9e.,<a target=\"_blank\" rel=\"nofollow\" href=\"https:\/\/www.viaromana.org\/blog\/goto\/https:\/\/www.epagine.fr\/ebook\/9782811127961-suzanne-cesaire-archeologie-litteraire-et-artistique-d-une-memoire-empechee-anny-dominique-curtius\/\"  target=\"_blank\" rel=\"noopener noreferrer nofollow\">Ouvrage <\/a><span><\/span>. A emprunter en biblioth\u00e8que.<\/p>\n<p>M\u00e9diterran\u00e9e antique : p\u00eache, navigation, commerce.,<a target=\"_blank\" rel=\"nofollow\" href=\"https:\/\/www.viaromana.org\/blog\/goto\/https:\/\/www.kobo.com\/de\/fr\/ebook\/mediterranee-antique-peche-navigation-commerce\"  target=\"_blank\" rel=\"noopener noreferrer nofollow\">A voir et \u00e0 lire. <\/a><span><\/span>.<\/p>\n<p>Th\u00e9orie des fant\u00f4mes ; pour une arch\u00e9ologie des images.,<a target=\"_blank\" rel=\"nofollow\" href=\"https:\/\/www.viaromana.org\/blog\/goto\/https:\/\/www.epagine.fr\/ebook\/9782251901398-theorie-des-fantomes-pour-une-archeologie-des-images-sebastien-rongier\/\"  target=\"_blank\" rel=\"noopener noreferrer nofollow\">Clicker Ici <\/a><span><\/span>.<\/p>\n<p>Lucr\u00e8ce ; arch\u00e9ologie d\u2019un classique europ\u00e9en.,<a target=\"_blank\" rel=\"nofollow\" href=\"https:\/\/www.viaromana.org\/blog\/goto\/https:\/\/www.epagine.fr\/ebook\/9782213683904-lucrece-archeologie-d-un-classique-europeen-pierre-vesperini\/\"  target=\"_blank\" rel=\"noopener noreferrer nofollow\">A voir et \u00e0 lire. <\/a><span><\/span>.<\/p>\n","protected":false},"excerpt":{"rendered":"<p>En visitant le web notre \u00e9quipe a rep\u00e9r\u00e9 un post qui va vous interpeller. Sa th\u00e9matique est \u00ab&nbsp;l\u2019arch\u00e9ologie&nbsp;\u00bb. Son titre (Les Terrasses du Mill\u00e9 \u2013 Afterwork latino) est parlant. Identifi\u00e9 sous le nom \u00abnodule\u00bb, l\u2019\u00e9ditorialiste est positivement connu. Vous pouvez par cons\u00e9quent faire confiance aux infos qu\u2019il diffuse. Soir\u00e9e latino avec le Barrio Combo, groupe atypique, qui saura vous charmer gr\u00e2ce \u00e0 la diversit\u00e9 de leurs rythmes venus d\u2019ailleurs : cubain, cumba, gipsy, reggae, bol\u00e9ro jazz\u2026 Informations compl\u00e9mentaires Tourisme adapt\u00e9 : Accessible en fauteuil roulant avec aide, Accessible en fauteuil roulant en autonomie Publications: Suzanne C\u00e9saire ; arch\u00e9ologie litt\u00e9raire et\u2026<\/p>\n","protected":false},"author":1,"featured_media":0,"comment_status":"closed","ping_status":"closed","sticky":false,"template":"","format":"standard","meta":{"footnotes":""},"categories":[2],"tags":[],"blocksy_meta":{"styles_descriptor":{"styles":{"desktop":"","tablet":"","mobile":""},"google_fonts":[],"version":4}},"yoast_head":"<!-- This site is optimized with the Yoast SEO plugin v21.1 - https:\/\/yoast.com\/wordpress\/plugins\/seo\/ -->\n<title>Que penser de ce texte : Les Terrasses du Mill\u00e9 \u2013 Afterwork latino - Viaromana et arch\u00e9ologie.<\/title>\n<meta name=\"description\" content=\"Que penser de ce texte : Les Terrasses du Mill\u00e9 \u2013 Afterwork latino article de Viaromana et arch\u00e9ologie.\" \/>\n<meta name=\"robots\" content=\"index, follow, max-snippet:-1, max-image-preview:large, max-video-preview:-1\" \/>\n<link rel=\"canonical\" href=\"https:\/\/www.viaromana.org\/blog\/que-penser-de-ce-texte-les-terrasses-du-mille-afterwork-latino\/\" \/>\n<meta property=\"og:locale\" content=\"fr_FR\" \/>\n<meta property=\"og:type\" content=\"article\" \/>\n<meta property=\"og:title\" content=\"Que penser de ce texte : Les Terrasses du Mill\u00e9 \u2013 Afterwork latino - Viaromana et arch\u00e9ologie.\" \/>\n<meta property=\"og:description\" content=\"Que penser de ce texte : Les Terrasses du Mill\u00e9 \u2013 Afterwork latino article de Viaromana et arch\u00e9ologie.\" \/>\n<meta property=\"og:url\" content=\"https:\/\/www.viaromana.org\/blog\/que-penser-de-ce-texte-les-terrasses-du-mille-afterwork-latino\/\" \/>\n<meta property=\"og:site_name\" content=\"Viaromana et arch\u00e9ologie.\" \/>\n<meta property=\"article:published_time\" content=\"2023-06-16T00:00:01+00:00\" \/>\n<meta name=\"author\" content=\"Robert\" \/>\n<meta name=\"twitter:card\" content=\"summary_large_image\" \/>\n<meta name=\"twitter:label1\" content=\"\u00c9crit par\" \/>\n\t<meta name=\"twitter:data1\" content=\"Robert\" \/>\n\t<meta name=\"twitter:label2\" content=\"Dur\u00e9e de lecture estim\u00e9e\" \/>\n\t<meta name=\"twitter:data2\" content=\"1 minute\" \/>\n<script type=\"application\/ld+json\" class=\"yoast-schema-graph\">{\"@context\":\"https:\/\/schema.org\",\"@graph\":[{\"@type\":\"Article\",\"@id\":\"https:\/\/www.viaromana.org\/blog\/que-penser-de-ce-texte-les-terrasses-du-mille-afterwork-latino\/#article\",\"isPartOf\":{\"@id\":\"https:\/\/www.viaromana.org\/blog\/que-penser-de-ce-texte-les-terrasses-du-mille-afterwork-latino\/\"},\"author\":{\"name\":\"Robert\",\"@id\":\"https:\/\/www.viaromana.org\/blog\/#\/schema\/person\/cde9c4655845091e1fe473fcd163c889\"},\"headline\":\"Que penser de ce texte : Les Terrasses du Mill\u00e9 \u2013 Afterwork latino\",\"datePublished\":\"2023-06-16T00:00:01+00:00\",\"dateModified\":\"2023-06-16T00:00:01+00:00\",\"mainEntityOfPage\":{\"@id\":\"https:\/\/www.viaromana.org\/blog\/que-penser-de-ce-texte-les-terrasses-du-mille-afterwork-latino\/\"},\"wordCount\":175,\"publisher\":{\"@id\":\"https:\/\/www.viaromana.org\/blog\/#organization\"},\"articleSection\":[\"Arch\u00e9ologie\"],\"inLanguage\":\"fr-FR\"},{\"@type\":\"WebPage\",\"@id\":\"https:\/\/www.viaromana.org\/blog\/que-penser-de-ce-texte-les-terrasses-du-mille-afterwork-latino\/\",\"url\":\"https:\/\/www.viaromana.org\/blog\/que-penser-de-ce-texte-les-terrasses-du-mille-afterwork-latino\/\",\"name\":\"Que penser de ce texte : Les Terrasses du Mill\u00e9 \u2013 Afterwork latino - Viaromana et arch\u00e9ologie.\",\"isPartOf\":{\"@id\":\"https:\/\/www.viaromana.org\/blog\/#website\"},\"datePublished\":\"2023-06-16T00:00:01+00:00\",\"dateModified\":\"2023-06-16T00:00:01+00:00\",\"description\":\"Que penser de ce texte : Les Terrasses du Mill\u00e9 \u2013 Afterwork latino article de Viaromana et arch\u00e9ologie.\",\"breadcrumb\":{\"@id\":\"https:\/\/www.viaromana.org\/blog\/que-penser-de-ce-texte-les-terrasses-du-mille-afterwork-latino\/#breadcrumb\"},\"inLanguage\":\"fr-FR\",\"potentialAction\":[{\"@type\":\"ReadAction\",\"target\":[\"https:\/\/www.viaromana.org\/blog\/que-penser-de-ce-texte-les-terrasses-du-mille-afterwork-latino\/\"]}]},{\"@type\":\"BreadcrumbList\",\"@id\":\"https:\/\/www.viaromana.org\/blog\/que-penser-de-ce-texte-les-terrasses-du-mille-afterwork-latino\/#breadcrumb\",\"itemListElement\":[{\"@type\":\"ListItem\",\"position\":1,\"name\":\"Accueil\",\"item\":\"https:\/\/www.viaromana.org\/blog\/\"},{\"@type\":\"ListItem\",\"position\":2,\"name\":\"Que penser de ce texte : Les Terrasses du Mill\u00e9 \u2013 Afterwork latino\"}]},{\"@type\":\"WebSite\",\"@id\":\"https:\/\/www.viaromana.org\/blog\/#website\",\"url\":\"https:\/\/www.viaromana.org\/blog\/\",\"name\":\"Viaromana et arch\u00e9ologie.\",\"description\":\"Site arch\u00e9ologique de la voie romaine (viaromana) Belgique-France-Rome\",\"publisher\":{\"@id\":\"https:\/\/www.viaromana.org\/blog\/#organization\"},\"potentialAction\":[{\"@type\":\"SearchAction\",\"target\":{\"@type\":\"EntryPoint\",\"urlTemplate\":\"https:\/\/www.viaromana.org\/blog\/?s={search_term_string}\"},\"query-input\":\"required name=search_term_string\"}],\"inLanguage\":\"fr-FR\"},{\"@type\":\"Organization\",\"@id\":\"https:\/\/www.viaromana.org\/blog\/#organization\",\"name\":\"viaromana\",\"url\":\"https:\/\/www.viaromana.org\/blog\/\",\"logo\":{\"@type\":\"ImageObject\",\"inLanguage\":\"fr-FR\",\"@id\":\"https:\/\/www.viaromana.org\/blog\/#\/schema\/logo\/image\/\",\"url\":\"https:\/\/www.viaromana.org\/blog\/wp-content\/uploads\/2021\/12\/logo-3.png\",\"contentUrl\":\"https:\/\/www.viaromana.org\/blog\/wp-content\/uploads\/2021\/12\/logo-3.png\",\"width\":300,\"height\":249,\"caption\":\"viaromana\"},\"image\":{\"@id\":\"https:\/\/www.viaromana.org\/blog\/#\/schema\/logo\/image\/\"}},{\"@type\":\"Person\",\"@id\":\"https:\/\/www.viaromana.org\/blog\/#\/schema\/person\/cde9c4655845091e1fe473fcd163c889\",\"name\":\"Robert\",\"image\":{\"@type\":\"ImageObject\",\"inLanguage\":\"fr-FR\",\"@id\":\"https:\/\/www.viaromana.org\/blog\/#\/schema\/person\/image\/\",\"url\":\"https:\/\/secure.gravatar.com\/avatar\/a168ec191013b636c2f278aec04e724b?s=96&d=mm&r=g\",\"contentUrl\":\"https:\/\/secure.gravatar.com\/avatar\/a168ec191013b636c2f278aec04e724b?s=96&d=mm&r=g\",\"caption\":\"Robert\"},\"sameAs\":[\"https:\/\/www.viaromana.org\/blog\"],\"url\":\"https:\/\/www.viaromana.org\/blog\/author\/anaadmin\/\"}]}<\/script>\n<!-- \/ Yoast SEO plugin. -->","yoast_head_json":{"title":"Que penser de ce texte : Les Terrasses du Mill\u00e9 \u2013 Afterwork latino - Viaromana et arch\u00e9ologie.","description":"Que penser de ce texte : Les Terrasses du Mill\u00e9 \u2013 Afterwork latino article de Viaromana et arch\u00e9ologie.","robots":{"index":"index","follow":"follow","max-snippet":"max-snippet:-1","max-image-preview":"max-image-preview:large","max-video-preview":"max-video-preview:-1"},"canonical":"https:\/\/www.viaromana.org\/blog\/que-penser-de-ce-texte-les-terrasses-du-mille-afterwork-latino\/","og_locale":"fr_FR","og_type":"article","og_title":"Que penser de ce texte : Les Terrasses du Mill\u00e9 \u2013 Afterwork latino - Viaromana et arch\u00e9ologie.","og_description":"Que penser de ce texte : Les Terrasses du Mill\u00e9 \u2013 Afterwork latino article de Viaromana et arch\u00e9ologie.","og_url":"https:\/\/www.viaromana.org\/blog\/que-penser-de-ce-texte-les-terrasses-du-mille-afterwork-latino\/","og_site_name":"Viaromana et arch\u00e9ologie.","article_published_time":"2023-06-16T00:00:01+00:00","author":"Robert","twitter_card":"summary_large_image","twitter_misc":{"\u00c9crit par":"Robert","Dur\u00e9e de lecture estim\u00e9e":"1 minute"},"schema":{"@context":"https:\/\/schema.org","@graph":[{"@type":"Article","@id":"https:\/\/www.viaromana.org\/blog\/que-penser-de-ce-texte-les-terrasses-du-mille-afterwork-latino\/#article","isPartOf":{"@id":"https:\/\/www.viaromana.org\/blog\/que-penser-de-ce-texte-les-terrasses-du-mille-afterwork-latino\/"},"author":{"name":"Robert","@id":"https:\/\/www.viaromana.org\/blog\/#\/schema\/person\/cde9c4655845091e1fe473fcd163c889"},"headline":"Que penser de ce texte : Les Terrasses du Mill\u00e9 \u2013 Afterwork latino","datePublished":"2023-06-16T00:00:01+00:00","dateModified":"2023-06-16T00:00:01+00:00","mainEntityOfPage":{"@id":"https:\/\/www.viaromana.org\/blog\/que-penser-de-ce-texte-les-terrasses-du-mille-afterwork-latino\/"},"wordCount":175,"publisher":{"@id":"https:\/\/www.viaromana.org\/blog\/#organization"},"articleSection":["Arch\u00e9ologie"],"inLanguage":"fr-FR"},{"@type":"WebPage","@id":"https:\/\/www.viaromana.org\/blog\/que-penser-de-ce-texte-les-terrasses-du-mille-afterwork-latino\/","url":"https:\/\/www.viaromana.org\/blog\/que-penser-de-ce-texte-les-terrasses-du-mille-afterwork-latino\/","name":"Que penser de ce texte : Les Terrasses du Mill\u00e9 \u2013 Afterwork latino - Viaromana et arch\u00e9ologie.","isPartOf":{"@id":"https:\/\/www.viaromana.org\/blog\/#website"},"datePublished":"2023-06-16T00:00:01+00:00","dateModified":"2023-06-16T00:00:01+00:00","description":"Que penser de ce texte : Les Terrasses du Mill\u00e9 \u2013 Afterwork latino article de Viaromana et arch\u00e9ologie.","breadcrumb":{"@id":"https:\/\/www.viaromana.org\/blog\/que-penser-de-ce-texte-les-terrasses-du-mille-afterwork-latino\/#breadcrumb"},"inLanguage":"fr-FR","potentialAction":[{"@type":"ReadAction","target":["https:\/\/www.viaromana.org\/blog\/que-penser-de-ce-texte-les-terrasses-du-mille-afterwork-latino\/"]}]},{"@type":"BreadcrumbList","@id":"https:\/\/www.viaromana.org\/blog\/que-penser-de-ce-texte-les-terrasses-du-mille-afterwork-latino\/#breadcrumb","itemListElement":[{"@type":"ListItem","position":1,"name":"Accueil","item":"https:\/\/www.viaromana.org\/blog\/"},{"@type":"ListItem","position":2,"name":"Que penser de ce texte : Les Terrasses du Mill\u00e9 \u2013 Afterwork latino"}]},{"@type":"WebSite","@id":"https:\/\/www.viaromana.org\/blog\/#website","url":"https:\/\/www.viaromana.org\/blog\/","name":"Viaromana et arch\u00e9ologie.","description":"Site arch\u00e9ologique de la voie romaine (viaromana) Belgique-France-Rome","publisher":{"@id":"https:\/\/www.viaromana.org\/blog\/#organization"},"potentialAction":[{"@type":"SearchAction","target":{"@type":"EntryPoint","urlTemplate":"https:\/\/www.viaromana.org\/blog\/?s={search_term_string}"},"query-input":"required name=search_term_string"}],"inLanguage":"fr-FR"},{"@type":"Organization","@id":"https:\/\/www.viaromana.org\/blog\/#organization","name":"viaromana","url":"https:\/\/www.viaromana.org\/blog\/","logo":{"@type":"ImageObject","inLanguage":"fr-FR","@id":"https:\/\/www.viaromana.org\/blog\/#\/schema\/logo\/image\/","url":"https:\/\/www.viaromana.org\/blog\/wp-content\/uploads\/2021\/12\/logo-3.png","contentUrl":"https:\/\/www.viaromana.org\/blog\/wp-content\/uploads\/2021\/12\/logo-3.png","width":300,"height":249,"caption":"viaromana"},"image":{"@id":"https:\/\/www.viaromana.org\/blog\/#\/schema\/logo\/image\/"}},{"@type":"Person","@id":"https:\/\/www.viaromana.org\/blog\/#\/schema\/person\/cde9c4655845091e1fe473fcd163c889","name":"Robert","image":{"@type":"ImageObject","inLanguage":"fr-FR","@id":"https:\/\/www.viaromana.org\/blog\/#\/schema\/person\/image\/","url":"https:\/\/secure.gravatar.com\/avatar\/a168ec191013b636c2f278aec04e724b?s=96&d=mm&r=g","contentUrl":"https:\/\/secure.gravatar.com\/avatar\/a168ec191013b636c2f278aec04e724b?s=96&d=mm&r=g","caption":"Robert"},"sameAs":["https:\/\/www.viaromana.org\/blog"],"url":"https:\/\/www.viaromana.org\/blog\/author\/anaadmin\/"}]}},"_links":{"self":[{"href":"https:\/\/www.viaromana.org\/blog\/wp-json\/wp\/v2\/posts\/1733"}],"collection":[{"href":"https:\/\/www.viaromana.org\/blog\/wp-json\/wp\/v2\/posts"}],"about":[{"href":"https:\/\/www.viaromana.org\/blog\/wp-json\/wp\/v2\/types\/post"}],"author":[{"embeddable":true,"href":"https:\/\/www.viaromana.org\/blog\/wp-json\/wp\/v2\/users\/1"}],"replies":[{"embeddable":true,"href":"https:\/\/www.viaromana.org\/blog\/wp-json\/wp\/v2\/comments?post=1733"}],"version-history":[{"count":0,"href":"https:\/\/www.viaromana.org\/blog\/wp-json\/wp\/v2\/posts\/1733\/revisions"}],"wp:attachment":[{"href":"https:\/\/www.viaromana.org\/blog\/wp-json\/wp\/v2\/media?parent=1733"}],"wp:term":[{"taxonomy":"category","embeddable":true,"href":"https:\/\/www.viaromana.org\/blog\/wp-json\/wp\/v2\/categories?post=1733"},{"taxonomy":"post_tag","embeddable":true,"href":"https:\/\/www.viaromana.org\/blog\/wp-json\/wp\/v2\/tags?post=1733"}],"curies":[{"name":"wp","href":"https:\/\/api.w.org\/{rel}","templated":true}]}}