{"id":1732,"date":"2023-06-12T14:27:09","date_gmt":"2023-06-12T12:27:09","guid":{"rendered":"https:\/\/www.site.cdcl.xyz\/2023\/06\/12\/edito-tout-frais-agent-de-proprete-voirie-f-h\/"},"modified":"2023-06-12T14:27:09","modified_gmt":"2023-06-12T12:27:09","slug":"edito-tout-frais-agent-de-proprete-voirie-f-h","status":"publish","type":"post","link":"https:\/\/www.viaromana.org\/blog\/edito-tout-frais-agent-de-proprete-voirie-f-h\/","title":{"rendered":"Edito tout frais : Agent de propret\u00e9 voirie (F\/H)"},"content":{"rendered":"<p>A nouveau, ce blog va vous exposer un texte qui a \u00e9t\u00e9 intercept\u00e9 sur le web. Le propos est \u00abl\u2019arch\u00e9ologie\u00bb.<\/p>\n<p>Son titre (Agent de propret\u00e9 voirie (F\/H)) est \u00e9vocateur.<\/p>\n<p> Pr\u00e9sent\u00e9 sous la signature \u00abisabelle.mocquard@mairie-vannes.fr\u00bb, le pigiste est positivement connu.<\/p>\n<p>Il n\u2019y a aucune raison de douter du s\u00e9rieux de ces informations.<\/p>\n<p>Le texte a \u00e9t\u00e9 publi\u00e9 \u00e0 une date mentionn\u00e9e 2023-06-12 14:27:09.<\/p>\n<p>Texte en question : <\/p>\n<div>\n<div>\n<p>Qualit\u00e9s attendues&nbsp;&nbsp; &nbsp;&nbsp;&nbsp; &nbsp;&nbsp;&nbsp; &nbsp;<\/p>\n<ul>\n<li>Autonomie et polyvalence des activit\u00e9s en particulier pour la conduite des engins&nbsp;&nbsp; &nbsp;&nbsp;&nbsp; &nbsp;&nbsp;&nbsp; &nbsp;<\/li>\n<li>Etre soigneux, ordonn\u00e9 et ponctuel&nbsp;&nbsp; &nbsp;&nbsp;&nbsp; &nbsp;&nbsp;&nbsp; &nbsp;<\/li>\n<li>Avoir un respect de l\u2019obligation de r\u00e9serve et de la hi\u00e9rarchie&nbsp;&nbsp; &nbsp;&nbsp;&nbsp; &nbsp;&nbsp;&nbsp; &nbsp;<\/li>\n<li>Sens du service public<\/li>\n<\/ul>\n<p>Comp\u00e9tences attendues&nbsp;&nbsp; &nbsp;&nbsp;&nbsp; &nbsp;&nbsp;&nbsp; &nbsp;<\/p>\n<ul>\n<li>Appliquer les r\u00e8gles de pr\u00e9vention et de s\u00e9curit\u00e9 sur la voie publique&nbsp;&nbsp; &nbsp;&nbsp;&nbsp; &nbsp;&nbsp;&nbsp; &nbsp;<\/li>\n<li>D\u00e9tecter et informer des dysfonctionnements des l\u2019engins et de l\u2019\u00e9tat de propret\u00e9 des espaces publics&nbsp;&nbsp; &nbsp;&nbsp;&nbsp; &nbsp;&nbsp;&nbsp; &nbsp;<\/li>\n<li>Lire et comprendre une notice d\u2019entretien, une consigne de s\u00e9curit\u00e9, un plan&nbsp;&nbsp; &nbsp;&nbsp;&nbsp; &nbsp;&nbsp;&nbsp; &nbsp;<\/li>\n<li>Prendre l\u2019initiative d\u2019une intervention de premier niveau \u00e0 titre pr\u00e9ventif ou curatif&nbsp;&nbsp; &nbsp;&nbsp;&nbsp; &nbsp;&nbsp;&nbsp; &nbsp;<\/li>\n<li>Conna\u00eetre les techniques d\u2019entretien des espaces publics &nbsp;&nbsp;&nbsp; &nbsp;&nbsp;&nbsp; &nbsp;&nbsp;&nbsp; &nbsp;<\/li>\n<li>Conna\u00eetre les techniques de s\u00e9curit\u00e9 applicables aux chantiers mobiles sur les espaces publics&nbsp;&nbsp; &nbsp;&nbsp;&nbsp; &nbsp;&nbsp;&nbsp; &nbsp;<\/li>\n<li>Conna\u00eetre les r\u00e8gles d\u2019hygi\u00e8ne et de s\u00e9curit\u00e9 &nbsp;&nbsp; &nbsp;&nbsp;&nbsp; &nbsp;&nbsp;&nbsp; &nbsp;<\/li>\n<li>Prendre soin du mat\u00e9riel, conna\u00eetre le fonctionnement et les techniques d\u2019entretien du mat\u00e9riel&nbsp;&nbsp; &nbsp;&nbsp;&nbsp; &nbsp;&nbsp;&nbsp; &nbsp;<\/li>\n<li>Conna\u00eetre les techniques \u00e9l\u00e9mentaires de gestes et postures &nbsp;&nbsp; &nbsp;&nbsp;&nbsp; &nbsp;&nbsp;&nbsp; &nbsp;<\/li>\n<li>Travailler en \u00e9quipe et assurer les transmissions selon les consignes et les proc\u00e9dures d\u00e9finies &nbsp;&nbsp; &nbsp;&nbsp;&nbsp; &nbsp;&nbsp;&nbsp; &nbsp;<\/li>\n<li>Avoir une tenue correcte et un comportement respectueux du service public&nbsp;&nbsp; &nbsp;<\/li>\n<\/ul>\n<\/div>\n<\/div>\n<p>Ce propos r\u00e9pond \u00e0 vos investigations vous adorerez \u00e9galement ces ouvrages:<\/p>\n<p>Une histoire des repr\u00e9sentations mentales ; contribution \u00e0 une arch\u00e9ologie de la soci\u00e9t\u00e9 de la connaissance.,<a target=\"_blank\" rel=\"nofollow\" href=\"https:\/\/www.viaromana.org\/blog\/goto\/https:\/\/www.epagine.fr\/ebook\/9782296175846-une-histoire-des-representations-mentales-contribution-a-une-archeologie-de-la-societe-de-la-connaissance-claude-meyer\/\"  target=\"_blank\" rel=\"noopener noreferrer nofollow\">A voir et \u00e0 lire. <\/a><span><\/span>.<\/p>\n<p>Notre-Dame de Paris ; histoire et arch\u00e9ologie d\u2019une cath\u00e9drale (XIIe-XIVe si\u00e8cle).,<a target=\"_blank\" rel=\"nofollow\" href=\"https:\/\/www.viaromana.org\/blog\/goto\/https:\/\/www.epagine.fr\/ebook\/9782271129185-notre-dame-de-paris-histoire-et-archeologie-d-une-cathedrale-xiie-xive-siecle-dany-sandron\/\"  target=\"_blank\" rel=\"noopener noreferrer nofollow\">Ouvrage <\/a><span><\/span>.<\/p>\n<p>R\u00e9v\u00e9lations de l\u2019arch\u00e9ologie.,<a target=\"_blank\" rel=\"nofollow\" href=\"https:\/\/www.viaromana.org\/blog\/goto\/https:\/\/www.epagine.fr\/ebook\/9782706266348-revelations-de-l-archeologie-henri-paul-eydoux\/\"  target=\"_blank\" rel=\"noopener noreferrer nofollow\">Le livre <\/a><span><\/span>.<\/p>\n<p>National Geographic, arch\u00e9ologie: Chich\u00e9n Itz\u00e1.,<a target=\"_blank\" rel=\"nofollow\" href=\"https:\/\/www.viaromana.org\/blog\/goto\/https:\/\/booknode.com\/national_geographic_archeologie_chichen_itza_02667973\"  target=\"_blank\" rel=\"noopener noreferrer nofollow\">Clicker Ici <\/a><span><\/span>.<\/p>\n","protected":false},"excerpt":{"rendered":"<p>A nouveau, ce blog va vous exposer un texte qui a \u00e9t\u00e9 intercept\u00e9 sur le web. Le propos est \u00abl\u2019arch\u00e9ologie\u00bb. Son titre (Agent de propret\u00e9 voirie (F\/H)) est \u00e9vocateur. Pr\u00e9sent\u00e9 sous la signature \u00abisabelle.mocquard@mairie-vannes.fr\u00bb, le pigiste est positivement connu. Il n\u2019y a aucune raison de douter du s\u00e9rieux de ces informations. Le texte a \u00e9t\u00e9 publi\u00e9 \u00e0 une date mentionn\u00e9e 2023-06-12 14:27:09. Texte en question : Qualit\u00e9s attendues&nbsp;&nbsp; &nbsp;&nbsp;&nbsp; &nbsp;&nbsp;&nbsp; &nbsp; Autonomie et polyvalence des activit\u00e9s en particulier pour la conduite des engins&nbsp;&nbsp; &nbsp;&nbsp;&nbsp; &nbsp;&nbsp;&nbsp; &nbsp; Etre soigneux, ordonn\u00e9 et ponctuel&nbsp;&nbsp; &nbsp;&nbsp;&nbsp; &nbsp;&nbsp;&nbsp; &nbsp; Avoir un respect de l\u2019obligation de\u2026<\/p>\n","protected":false},"author":1,"featured_media":0,"comment_status":"closed","ping_status":"closed","sticky":false,"template":"","format":"standard","meta":{"footnotes":""},"categories":[2],"tags":[],"blocksy_meta":{"styles_descriptor":{"styles":{"desktop":"","tablet":"","mobile":""},"google_fonts":[],"version":4}},"yoast_head":"<!-- This site is optimized with the Yoast SEO plugin v21.1 - https:\/\/yoast.com\/wordpress\/plugins\/seo\/ -->\n<title>Edito tout frais : Agent de propret\u00e9 voirie (F\/H) - Viaromana et arch\u00e9ologie.<\/title>\n<meta name=\"description\" content=\"Edito tout frais : Agent de propret\u00e9 voirie (F\/H) article de Viaromana et arch\u00e9ologie.\" \/>\n<meta name=\"robots\" content=\"index, follow, max-snippet:-1, max-image-preview:large, max-video-preview:-1\" \/>\n<link rel=\"canonical\" href=\"https:\/\/www.viaromana.org\/blog\/edito-tout-frais-agent-de-proprete-voirie-f-h\/\" \/>\n<meta property=\"og:locale\" content=\"fr_FR\" \/>\n<meta property=\"og:type\" content=\"article\" \/>\n<meta property=\"og:title\" content=\"Edito tout frais : Agent de propret\u00e9 voirie (F\/H) - Viaromana et arch\u00e9ologie.\" \/>\n<meta property=\"og:description\" content=\"Edito tout frais : Agent de propret\u00e9 voirie (F\/H) article de Viaromana et arch\u00e9ologie.\" \/>\n<meta property=\"og:url\" content=\"https:\/\/www.viaromana.org\/blog\/edito-tout-frais-agent-de-proprete-voirie-f-h\/\" \/>\n<meta property=\"og:site_name\" content=\"Viaromana et arch\u00e9ologie.\" \/>\n<meta property=\"article:published_time\" content=\"2023-06-12T12:27:09+00:00\" \/>\n<meta name=\"author\" content=\"Robert\" \/>\n<meta name=\"twitter:card\" content=\"summary_large_image\" \/>\n<meta name=\"twitter:label1\" content=\"\u00c9crit par\" \/>\n\t<meta name=\"twitter:data1\" content=\"Robert\" \/>\n\t<meta name=\"twitter:label2\" content=\"Dur\u00e9e de lecture estim\u00e9e\" \/>\n\t<meta name=\"twitter:data2\" content=\"2 minutes\" \/>\n<script type=\"application\/ld+json\" class=\"yoast-schema-graph\">{\"@context\":\"https:\/\/schema.org\",\"@graph\":[{\"@type\":\"Article\",\"@id\":\"https:\/\/www.viaromana.org\/blog\/edito-tout-frais-agent-de-proprete-voirie-f-h\/#article\",\"isPartOf\":{\"@id\":\"https:\/\/www.viaromana.org\/blog\/edito-tout-frais-agent-de-proprete-voirie-f-h\/\"},\"author\":{\"name\":\"Robert\",\"@id\":\"https:\/\/www.viaromana.org\/blog\/#\/schema\/person\/cde9c4655845091e1fe473fcd163c889\"},\"headline\":\"Edito tout frais : Agent de propret\u00e9 voirie (F\/H)\",\"datePublished\":\"2023-06-12T12:27:09+00:00\",\"dateModified\":\"2023-06-12T12:27:09+00:00\",\"mainEntityOfPage\":{\"@id\":\"https:\/\/www.viaromana.org\/blog\/edito-tout-frais-agent-de-proprete-voirie-f-h\/\"},\"wordCount\":480,\"publisher\":{\"@id\":\"https:\/\/www.viaromana.org\/blog\/#organization\"},\"articleSection\":[\"Arch\u00e9ologie\"],\"inLanguage\":\"fr-FR\"},{\"@type\":\"WebPage\",\"@id\":\"https:\/\/www.viaromana.org\/blog\/edito-tout-frais-agent-de-proprete-voirie-f-h\/\",\"url\":\"https:\/\/www.viaromana.org\/blog\/edito-tout-frais-agent-de-proprete-voirie-f-h\/\",\"name\":\"Edito tout frais : Agent de propret\u00e9 voirie (F\/H) - Viaromana et arch\u00e9ologie.\",\"isPartOf\":{\"@id\":\"https:\/\/www.viaromana.org\/blog\/#website\"},\"datePublished\":\"2023-06-12T12:27:09+00:00\",\"dateModified\":\"2023-06-12T12:27:09+00:00\",\"description\":\"Edito tout frais : Agent de propret\u00e9 voirie (F\/H) article de Viaromana et arch\u00e9ologie.\",\"breadcrumb\":{\"@id\":\"https:\/\/www.viaromana.org\/blog\/edito-tout-frais-agent-de-proprete-voirie-f-h\/#breadcrumb\"},\"inLanguage\":\"fr-FR\",\"potentialAction\":[{\"@type\":\"ReadAction\",\"target\":[\"https:\/\/www.viaromana.org\/blog\/edito-tout-frais-agent-de-proprete-voirie-f-h\/\"]}]},{\"@type\":\"BreadcrumbList\",\"@id\":\"https:\/\/www.viaromana.org\/blog\/edito-tout-frais-agent-de-proprete-voirie-f-h\/#breadcrumb\",\"itemListElement\":[{\"@type\":\"ListItem\",\"position\":1,\"name\":\"Accueil\",\"item\":\"https:\/\/www.viaromana.org\/blog\/\"},{\"@type\":\"ListItem\",\"position\":2,\"name\":\"Edito tout frais : Agent de propret\u00e9 voirie (F\/H)\"}]},{\"@type\":\"WebSite\",\"@id\":\"https:\/\/www.viaromana.org\/blog\/#website\",\"url\":\"https:\/\/www.viaromana.org\/blog\/\",\"name\":\"Viaromana et arch\u00e9ologie.\",\"description\":\"Site arch\u00e9ologique de la voie romaine (viaromana) Belgique-France-Rome\",\"publisher\":{\"@id\":\"https:\/\/www.viaromana.org\/blog\/#organization\"},\"potentialAction\":[{\"@type\":\"SearchAction\",\"target\":{\"@type\":\"EntryPoint\",\"urlTemplate\":\"https:\/\/www.viaromana.org\/blog\/?s={search_term_string}\"},\"query-input\":\"required name=search_term_string\"}],\"inLanguage\":\"fr-FR\"},{\"@type\":\"Organization\",\"@id\":\"https:\/\/www.viaromana.org\/blog\/#organization\",\"name\":\"viaromana\",\"url\":\"https:\/\/www.viaromana.org\/blog\/\",\"logo\":{\"@type\":\"ImageObject\",\"inLanguage\":\"fr-FR\",\"@id\":\"https:\/\/www.viaromana.org\/blog\/#\/schema\/logo\/image\/\",\"url\":\"https:\/\/www.viaromana.org\/blog\/wp-content\/uploads\/2021\/12\/logo-3.png\",\"contentUrl\":\"https:\/\/www.viaromana.org\/blog\/wp-content\/uploads\/2021\/12\/logo-3.png\",\"width\":300,\"height\":249,\"caption\":\"viaromana\"},\"image\":{\"@id\":\"https:\/\/www.viaromana.org\/blog\/#\/schema\/logo\/image\/\"}},{\"@type\":\"Person\",\"@id\":\"https:\/\/www.viaromana.org\/blog\/#\/schema\/person\/cde9c4655845091e1fe473fcd163c889\",\"name\":\"Robert\",\"image\":{\"@type\":\"ImageObject\",\"inLanguage\":\"fr-FR\",\"@id\":\"https:\/\/www.viaromana.org\/blog\/#\/schema\/person\/image\/\",\"url\":\"https:\/\/secure.gravatar.com\/avatar\/a168ec191013b636c2f278aec04e724b?s=96&d=mm&r=g\",\"contentUrl\":\"https:\/\/secure.gravatar.com\/avatar\/a168ec191013b636c2f278aec04e724b?s=96&d=mm&r=g\",\"caption\":\"Robert\"},\"sameAs\":[\"https:\/\/www.viaromana.org\/blog\"],\"url\":\"https:\/\/www.viaromana.org\/blog\/author\/anaadmin\/\"}]}<\/script>\n<!-- \/ Yoast SEO plugin. -->","yoast_head_json":{"title":"Edito tout frais : Agent de propret\u00e9 voirie (F\/H) - Viaromana et arch\u00e9ologie.","description":"Edito tout frais : Agent de propret\u00e9 voirie (F\/H) article de Viaromana et arch\u00e9ologie.","robots":{"index":"index","follow":"follow","max-snippet":"max-snippet:-1","max-image-preview":"max-image-preview:large","max-video-preview":"max-video-preview:-1"},"canonical":"https:\/\/www.viaromana.org\/blog\/edito-tout-frais-agent-de-proprete-voirie-f-h\/","og_locale":"fr_FR","og_type":"article","og_title":"Edito tout frais : Agent de propret\u00e9 voirie (F\/H) - Viaromana et arch\u00e9ologie.","og_description":"Edito tout frais : Agent de propret\u00e9 voirie (F\/H) article de Viaromana et arch\u00e9ologie.","og_url":"https:\/\/www.viaromana.org\/blog\/edito-tout-frais-agent-de-proprete-voirie-f-h\/","og_site_name":"Viaromana et arch\u00e9ologie.","article_published_time":"2023-06-12T12:27:09+00:00","author":"Robert","twitter_card":"summary_large_image","twitter_misc":{"\u00c9crit par":"Robert","Dur\u00e9e de lecture estim\u00e9e":"2 minutes"},"schema":{"@context":"https:\/\/schema.org","@graph":[{"@type":"Article","@id":"https:\/\/www.viaromana.org\/blog\/edito-tout-frais-agent-de-proprete-voirie-f-h\/#article","isPartOf":{"@id":"https:\/\/www.viaromana.org\/blog\/edito-tout-frais-agent-de-proprete-voirie-f-h\/"},"author":{"name":"Robert","@id":"https:\/\/www.viaromana.org\/blog\/#\/schema\/person\/cde9c4655845091e1fe473fcd163c889"},"headline":"Edito tout frais : Agent de propret\u00e9 voirie (F\/H)","datePublished":"2023-06-12T12:27:09+00:00","dateModified":"2023-06-12T12:27:09+00:00","mainEntityOfPage":{"@id":"https:\/\/www.viaromana.org\/blog\/edito-tout-frais-agent-de-proprete-voirie-f-h\/"},"wordCount":480,"publisher":{"@id":"https:\/\/www.viaromana.org\/blog\/#organization"},"articleSection":["Arch\u00e9ologie"],"inLanguage":"fr-FR"},{"@type":"WebPage","@id":"https:\/\/www.viaromana.org\/blog\/edito-tout-frais-agent-de-proprete-voirie-f-h\/","url":"https:\/\/www.viaromana.org\/blog\/edito-tout-frais-agent-de-proprete-voirie-f-h\/","name":"Edito tout frais : Agent de propret\u00e9 voirie (F\/H) - Viaromana et arch\u00e9ologie.","isPartOf":{"@id":"https:\/\/www.viaromana.org\/blog\/#website"},"datePublished":"2023-06-12T12:27:09+00:00","dateModified":"2023-06-12T12:27:09+00:00","description":"Edito tout frais : Agent de propret\u00e9 voirie (F\/H) article de Viaromana et arch\u00e9ologie.","breadcrumb":{"@id":"https:\/\/www.viaromana.org\/blog\/edito-tout-frais-agent-de-proprete-voirie-f-h\/#breadcrumb"},"inLanguage":"fr-FR","potentialAction":[{"@type":"ReadAction","target":["https:\/\/www.viaromana.org\/blog\/edito-tout-frais-agent-de-proprete-voirie-f-h\/"]}]},{"@type":"BreadcrumbList","@id":"https:\/\/www.viaromana.org\/blog\/edito-tout-frais-agent-de-proprete-voirie-f-h\/#breadcrumb","itemListElement":[{"@type":"ListItem","position":1,"name":"Accueil","item":"https:\/\/www.viaromana.org\/blog\/"},{"@type":"ListItem","position":2,"name":"Edito tout frais : Agent de propret\u00e9 voirie (F\/H)"}]},{"@type":"WebSite","@id":"https:\/\/www.viaromana.org\/blog\/#website","url":"https:\/\/www.viaromana.org\/blog\/","name":"Viaromana et arch\u00e9ologie.","description":"Site arch\u00e9ologique de la voie romaine (viaromana) Belgique-France-Rome","publisher":{"@id":"https:\/\/www.viaromana.org\/blog\/#organization"},"potentialAction":[{"@type":"SearchAction","target":{"@type":"EntryPoint","urlTemplate":"https:\/\/www.viaromana.org\/blog\/?s={search_term_string}"},"query-input":"required name=search_term_string"}],"inLanguage":"fr-FR"},{"@type":"Organization","@id":"https:\/\/www.viaromana.org\/blog\/#organization","name":"viaromana","url":"https:\/\/www.viaromana.org\/blog\/","logo":{"@type":"ImageObject","inLanguage":"fr-FR","@id":"https:\/\/www.viaromana.org\/blog\/#\/schema\/logo\/image\/","url":"https:\/\/www.viaromana.org\/blog\/wp-content\/uploads\/2021\/12\/logo-3.png","contentUrl":"https:\/\/www.viaromana.org\/blog\/wp-content\/uploads\/2021\/12\/logo-3.png","width":300,"height":249,"caption":"viaromana"},"image":{"@id":"https:\/\/www.viaromana.org\/blog\/#\/schema\/logo\/image\/"}},{"@type":"Person","@id":"https:\/\/www.viaromana.org\/blog\/#\/schema\/person\/cde9c4655845091e1fe473fcd163c889","name":"Robert","image":{"@type":"ImageObject","inLanguage":"fr-FR","@id":"https:\/\/www.viaromana.org\/blog\/#\/schema\/person\/image\/","url":"https:\/\/secure.gravatar.com\/avatar\/a168ec191013b636c2f278aec04e724b?s=96&d=mm&r=g","contentUrl":"https:\/\/secure.gravatar.com\/avatar\/a168ec191013b636c2f278aec04e724b?s=96&d=mm&r=g","caption":"Robert"},"sameAs":["https:\/\/www.viaromana.org\/blog"],"url":"https:\/\/www.viaromana.org\/blog\/author\/anaadmin\/"}]}},"_links":{"self":[{"href":"https:\/\/www.viaromana.org\/blog\/wp-json\/wp\/v2\/posts\/1732"}],"collection":[{"href":"https:\/\/www.viaromana.org\/blog\/wp-json\/wp\/v2\/posts"}],"about":[{"href":"https:\/\/www.viaromana.org\/blog\/wp-json\/wp\/v2\/types\/post"}],"author":[{"embeddable":true,"href":"https:\/\/www.viaromana.org\/blog\/wp-json\/wp\/v2\/users\/1"}],"replies":[{"embeddable":true,"href":"https:\/\/www.viaromana.org\/blog\/wp-json\/wp\/v2\/comments?post=1732"}],"version-history":[{"count":0,"href":"https:\/\/www.viaromana.org\/blog\/wp-json\/wp\/v2\/posts\/1732\/revisions"}],"wp:attachment":[{"href":"https:\/\/www.viaromana.org\/blog\/wp-json\/wp\/v2\/media?parent=1732"}],"wp:term":[{"taxonomy":"category","embeddable":true,"href":"https:\/\/www.viaromana.org\/blog\/wp-json\/wp\/v2\/categories?post=1732"},{"taxonomy":"post_tag","embeddable":true,"href":"https:\/\/www.viaromana.org\/blog\/wp-json\/wp\/v2\/tags?post=1732"}],"curies":[{"name":"wp","href":"https:\/\/api.w.org\/{rel}","templated":true}]}}