{"id":1731,"date":"2023-06-14T17:10:14","date_gmt":"2023-06-14T15:10:14","guid":{"rendered":"https:\/\/www.site.cdcl.xyz\/2023\/06\/14\/pour-les-fans-les-20-ans-du-musee\/"},"modified":"2023-06-14T17:10:14","modified_gmt":"2023-06-14T15:10:14","slug":"pour-les-fans-les-20-ans-du-musee","status":"publish","type":"post","link":"https:\/\/www.viaromana.org\/blog\/pour-les-fans-les-20-ans-du-musee\/","title":{"rendered":"Pour les fans : Les 20 ans du mus\u00e9e !"},"content":{"rendered":"<p>Voil\u00e0 qui va vous plaire : Un nouvel \u00e9ditorial que notre \u00e9quipe vient de voir sur le web et que nous vous produisons ci-dessous. Le sujet est \u00ab&nbsp;l\u2019arch\u00e9ologie&nbsp;\u00bb.<\/p>\n<p>Le titre saisissant (Les 20 ans du mus\u00e9e !) est parlant.<\/p>\n<p>Le journaliste (pr\u00e9sent\u00e9 sous le nom vesunna) est reconnu comme quelqu\u2019un de s\u00e9rieux.<\/p>\n<p>Vous pouvez donc donner du cr\u00e9dit \u00e0 cette actualit\u00e9.<\/p>\n<p>L\u2019encart a \u00e9t\u00e9 divulgu\u00e9 \u00e0 une date indiqu\u00e9e 2023-06-14 17:10:14.<\/p>\n<div>\n<p><img decoding=\"async\" loading=\"lazy\" class=\"alignleft wp-image-7667 size-full\" src=\"https:\/\/www.viaromana.org\/blog\/wp-content\/uploads\/2023\/06\/pour-les-fans-les-20-ans-du-musee.jpg\" alt width=\"787\" height=\"176\"><\/p>\n<h3><strong>Acc\u00e8s libre de <\/strong><strong>10h-22h dans la limite de la jauge autoris\u00e9e<\/strong>&nbsp;<\/h3>\n<h3><span><strong>AU PROGRAMME :<\/strong><\/span><\/h3>\n<ul>\n<li><span><strong>Animation pour les familles | Tous les chemins m\u00e8nent au crime<\/strong><\/span><\/li>\n<\/ul>\n<p><em><span><strong>14h &amp; 16h \u2013 Dans le mus\u00e9e<\/strong><\/span><\/em><\/p>\n<p>Jalousie. Trahisons. Quels secrets inavouables se cachent \u00e0 Vesunna&nbsp;? Si vous pensez avoir l\u2019\u00e2me d\u2019un enqu\u00eateur, venez d\u00e9couvrir quels secrets se cachent dans les vestiges de la <em>domus<\/em> de V\u00e9sone.<\/p>\n<p>Dur\u00e9e&nbsp;: 1h<\/p>\n<p>R\u00e9servation recommand\u00e9e au 05.53.53.00.92. Dans la limite des places disponibles. 4 personnes minimum.<\/p>\n<p>\u00c0 partir de 7 ans accompagn\u00e9s d\u2019un adulte<\/p>\n<p>15 personnes maxi par groupe<\/p>\n<ul>\n<li><span><strong>Visites comment\u00e9es du mus\u00e9e<\/strong><\/span><\/li>\n<\/ul>\n<p><em><span><strong>15h &amp; 17h <\/strong><strong>\u2013 Dans le mus\u00e9e<\/strong><\/span><\/em><\/p>\n<p>Dur\u00e9e 45mn<\/p>\n<p>Sur r\u00e9servation au 05.53.53.00.92. Dans la limite des places disponibles<\/p>\n<ul>\n<li><span><strong>Les athl\u00e8tes des jeux olympiques antiques<\/strong><\/span><\/li>\n<\/ul>\n<p><em><span><strong>11h-19h <\/strong><strong>\u2013 Dans le parc de V\u00e9sone<\/strong><\/span><\/em><\/p>\n<p>Avec l\u2019\u00e9quipe d\u2019ACTA&nbsp;<\/p>\n<p>5 ateliers dans la journ\u00e9e, de 3 disciplines en simultan\u00e9&nbsp;: saut en longueur avec halt\u00e8res, course en armes, javelot avec propulseur.<\/p>\n<p>Stand toute la journ\u00e9e en dehors des repr\u00e9sentations<\/p>\n<p>Atelier de 1 heure<\/p>\n<p><em><span><strong>11h-19h <\/strong><strong>\u2013 Dans le parc de V\u00e9sone<\/strong><\/span><\/em><\/p>\n<p>D\u00e9monstration de fa\u00e7onnage de c\u00e9ramique sigill\u00e9e, \u00e9changes avec le public<\/p>\n<p>Atelier&nbsp;: modelage de c\u00e9ramique au colombin et d\u2019empreintes<\/p>\n<p><em><span><strong>11h-19h <\/strong><strong>\u2013 Dans le parc de V\u00e9sone<\/strong><\/span><\/em><\/p>\n<p>Atelier&nbsp;: montage collectif de la maquette d\u2019une grande domus (4 m\u00e8tres carr\u00e9s en Lego), avec des ateliers sp\u00e9cialis\u00e9s&nbsp;: mosa\u00efque, tuiles, hypocauste.<\/p>\n<p><em><span><strong>De 16h \u00e0 19h \u2013 Dans le mus\u00e9e<\/strong><\/span><\/em><\/p>\n<p>\u00c9mission sp\u00e9ciale anniversaire<\/p>\n<p><span><strong>\u00c0 partir de 19h&nbsp;<\/strong><\/span><\/p>\n<p>Ap\u00e9ritif offert par la Ville de P\u00e9rigueux, pique-nique sorti du panier, food trucks dans le parc de V\u00e9sone<\/p>\n<ul>\n<li><span><strong>Les Orients d\u2019Agatha Christie<\/strong><\/span><\/li>\n<\/ul>\n<p><em><span><strong>\u00c0 partir de 20h <\/strong><strong>\u2013 Dans le parc de V\u00e9sone<\/strong><\/span><\/em><\/p>\n<p><span><strong>Concert acoustique de l\u2019ensemble Lakhdar Hanou<\/strong><\/span><\/p>\n<p>Pour cet hommage \u00e0 Agatha Christie, Lakhdar Hanou, conteur des Orients, r\u00e9unit un ensemble acoustique avec un r\u00e9pertoire des plus festifs et des plus enjou\u00e9s, allant du Maghreb au Moyen-Orient. Vous y retrouverez ses compositions contant l\u2019Histoire M\u00e9sopotamienne, issues de l\u2019album <em>Argile<\/em>, class\u00e9 parmi les meilleurs disques de f\u00e9vrier 2022 par le<em>Transglobal World Music Charts<\/em>.<\/p>\n<p><strong>Compositions de l\u2019ensemble :<\/strong><\/p>\n<p>Lakhdar Hanou : Oud, direction artistique et compositions<\/p>\n<p>Paco Labat : Percussions<\/p>\n<p>Leila Zitouni : Chant et percussions<\/p>\n<p>Marylou Planchon :Ney et Choeurs<\/p>\n<p>Auguste Harl\u00e9 : Violoncelle<\/p>\n<p><strong>Liens : <\/strong>Album <em>Argile&nbsp;<\/em>disponible en streaming :&nbsp;<\/p>\n<p><em><span><strong>21h30 <\/strong><strong>\u2013 Dans le parc de V\u00e9sone<\/strong><\/span><\/em><\/p>\n<p><span><strong><em>22h<\/em> <\/strong><strong>\u2013 Cin\u00e9ma en plein air dans le parc de V\u00e9sone (<em>entr\u00e9e par la rue du 26e R.I.<\/em>)<\/strong><\/span><\/p>\n<p><span><strong>Mort sur le Nil<\/strong><\/span><\/p>\n<p>Film de John Guillermin (1978) \u2013 En voyage en Egypte, le d\u00e9tective Hercule Poirot et son ami, le colonel John Race, doivent \u00e9lucider le meurtre de Linnet Ridgeway, une riche h\u00e9riti\u00e8re assassin\u00e9e lors d\u2019une croisi\u00e8re sur le Nil.<\/p>\n<p><em>Gratuit \u2013 Chaises pliantes, plaids recommand\u00e9s<\/em><\/p>\n<p>Renseignement au 05.53.02.82.00<\/p>\n<h3><span><strong>AU PROGRAMME :<\/strong><\/span><\/h3>\n<ul>\n<li><span><strong>Animation pour les familles | Tous les chemins m\u00e8nent au crime<\/strong><\/span><\/li>\n<\/ul>\n<p><em><span><strong>14h &amp; 16h \u2013 Dans le mus\u00e9e<\/strong><\/span><\/em><\/p>\n<p>Jalousie. Trahisons. Quels secrets inavouables se cachent \u00e0 Vesunna&nbsp;? Si vous pensez avoir l\u2019\u00e2me d\u2019un enqu\u00eateur, venez d\u00e9couvrir quels secrets se cachent dans les vestiges de la <em>domus<\/em> de V\u00e9sone.<\/p>\n<p>Dur\u00e9e&nbsp;: 1h<\/p>\n<p>R\u00e9servation recommand\u00e9e au 05.53.53.00.92. Dans la limite des places disponibles. 4 personnes minimum.<\/p>\n<p>\u00c0 partir de 7 ans accompagn\u00e9s d\u2019un adulte<\/p>\n<p>Dans la limite des places disponibles<\/p>\n<ul>\n<li><span><strong>Visites comment\u00e9es du mus\u00e9e<\/strong><\/span><\/li>\n<\/ul>\n<p><em><span><strong>15h &amp; 17h <\/strong><strong>\u2013 Dans le mus\u00e9e<\/strong><\/span><\/em><\/p>\n<p>Dur\u00e9e 45mn<\/p>\n<p>Sur r\u00e9servation au 05.53.53.00.92. Dans la limite des places disponibles<\/p>\n<p><em><span><strong>18h<\/strong><\/span><\/em><\/p>\n<p>Sous forme d\u2019ap\u00e9ritif\/d\u00e9gustation d\u00e9couvrez les go\u00fbts et recettes appr\u00e9ci\u00e9s par les romains<\/p>\n<p>Pour tous les publics<\/p>\n<p>Gratuit \u2013 Dans la limite des places disponibles<\/p>\n<h3><span><strong>AU PROGRAMME :<\/strong><\/span><\/h3>\n<ul>\n<li><span><strong>Reconstitution d\u2019un camp de fouilles en Orient<\/strong><\/span><\/li>\n<\/ul>\n<p><em><span><strong>10h-19h \u2013 Dans le parc de V\u00e9sone<\/strong><\/span><\/em><\/p>\n<p>Reconstitution d\u2019un camp et d\u2019une mission de fouilles dans le d\u00e9sert du Moyen-Orient dans les ann\u00e9es 1930, \u00e0 l\u2019\u00e9poque d\u2019Agatha Christie et de Max Mallowan.<\/p>\n<p>Campement d\u2019exp\u00e9dition dans le d\u00e9sert du Moyen-Orient<\/p>\n<p><span>Les Aventuriers de l\u2019Histoire<\/span><\/p>\n<p>Animations ludiques dans une ambiance des ann\u00e9es 1930 : vie quotidienne, d\u00e9placements en milieu d\u00e9sertique (tours \u00e0 dos de dromadaires) et manipulations d\u2019une radio. L\u2019encadrement militaire des chantiers de fouilles du Proche et Moyen Orient sera \u00e9voqu\u00e9.<\/p>\n<p>Camp de fouilles arch\u00e9ologiques au Moyen-Orient<\/p>\n<p>Une quinzaine d\u2019arch\u00e9ologues professionnels venus pour l\u2019occasion d\u2019Allemagne, de Belgique et de France, reconstituent un camp de fouilles arch\u00e9ologiques au Moyen-Orient dans les ann\u00e9es 1930, \u00e0 l\u2019\u00e9poque de Max Mallowan et d\u2019Agatha Christie.<\/p>\n<p>Atelier de fouille pour les enfants&nbsp;: pr\u00e9sentation et manipulation d\u2019instruments de fouille, de mesure et de photographie, initiation aux m\u00e9thodes d\u2019analyse, \u00e0 la microbiologie et \u00e0 l\u2019anthropologie.<\/p>\n<p><em><img decoding=\"async\" loading=\"lazy\" class=\"alignleft size-medium wp-image-7688\" src=\"https:\/\/www.viaromana.org\/blog\/wp-content\/uploads\/2023\/06\/pour-les-fans-les-20-ans-du-musee.png\" alt width=\"300\" height=\"139\">Ce programme b\u00e9n\u00e9ficie d\u2019une <strong>subvention de la R\u00e9gion Nouvelle-Aquitaine<\/strong> dans le cadre de l\u2019appel \u00e0 projet 2023 Culture scientifique et technique.<\/em><\/p>\n<ul>\n<li><span><strong>Visites comment\u00e9es du mus\u00e9e<\/strong><\/span><\/li>\n<\/ul>\n<p><em><span><strong>15h &amp; 17h <\/strong><strong>\u2013 Dans le mus\u00e9e<\/strong><\/span><\/em><\/p>\n<p>Dur\u00e9e 45mn<\/p>\n<p>Sur r\u00e9servation au 05.53.53.00.92. Dans la limite des places disponibles<\/p>\n<\/p><\/div>\n<p>Bibliographie :<\/p>\n<p>Villa 4. Histoire et arch\u00e9ologie de l\u2019occident musulman (VIIe-XVe si\u00e8cle).,<a target=\"_blank\" rel=\"nofollow\" href=\"https:\/\/www.viaromana.org\/blog\/goto\/https:\/\/www.kobo.com\/de\/fr\/ebook\/villa-4-histoire-et-archeologie-de-l-occident-musulman-viie-xve-siecle\"  target=\"_blank\" rel=\"noopener noreferrer nofollow\">A voir et \u00e0 lire. <\/a><span><\/span>.<\/p>\n<p>M\u00e9moires de la Soci\u00e9t\u00e9 d\u2019Histoire et d\u2019Arch\u00e9ologie de Bretagne.,<a target=\"_blank\" rel=\"nofollow\" href=\"https:\/\/www.viaromana.org\/blog\/goto\/https:\/\/www.epagine.fr\/ebook\/9782402591447-memoires-de-la-societe-d-histoire-et-d-archeologie-de-bretagne-raison\/\"  target=\"_blank\" rel=\"noopener noreferrer nofollow\">livre de r\u00e9f\u00e9rence <\/a><span><\/span>.<\/p>\n<p>S\u00e9journer au bain.,<a target=\"_blank\" rel=\"nofollow\" href=\"https:\/\/www.viaromana.org\/blog\/goto\/https:\/\/www.kobo.com\/de\/fr\/ebook\/sejourner-au-bain\"  target=\"_blank\" rel=\"noopener noreferrer nofollow\">(Disponible) <\/a><span><\/span>. Disponible chez votre libraire.<\/p>\n<p>Pierre et Arch\u00e9ologie \u2013 Tautavel, 14-15-16 mai 1998.,<a target=\"_blank\" rel=\"nofollow\" href=\"https:\/\/www.viaromana.org\/blog\/goto\/https:\/\/booknode.com\/pierre_et_archeologie_tautavel_14_15_16_mai_1998_098002\"  target=\"_blank\" rel=\"noopener noreferrer nofollow\">(la couverture) <\/a><span><\/span>. Disponible \u00e0 l\u2019achat sur les plateformes Amazon, Fnac, Cultura \u2026.<\/p>\n","protected":false},"excerpt":{"rendered":"<p>Voil\u00e0 qui va vous plaire : Un nouvel \u00e9ditorial que notre \u00e9quipe vient de voir sur le web et que nous vous produisons ci-dessous. Le sujet est \u00ab&nbsp;l\u2019arch\u00e9ologie&nbsp;\u00bb. Le titre saisissant (Les 20 ans du mus\u00e9e !) est parlant. Le journaliste (pr\u00e9sent\u00e9 sous le nom vesunna) est reconnu comme quelqu\u2019un de s\u00e9rieux. Vous pouvez donc donner du cr\u00e9dit \u00e0 cette actualit\u00e9. L\u2019encart a \u00e9t\u00e9 divulgu\u00e9 \u00e0 une date indiqu\u00e9e 2023-06-14 17:10:14. Acc\u00e8s libre de 10h-22h dans la limite de la jauge autoris\u00e9e&nbsp; AU PROGRAMME : Animation pour les familles | Tous les chemins m\u00e8nent au crime 14h &amp; 16h \u2013\u2026<\/p>\n","protected":false},"author":1,"featured_media":0,"comment_status":"closed","ping_status":"closed","sticky":false,"template":"","format":"standard","meta":{"footnotes":""},"categories":[2],"tags":[],"blocksy_meta":{"styles_descriptor":{"styles":{"desktop":"","tablet":"","mobile":""},"google_fonts":[],"version":4}},"yoast_head":"<!-- This site is optimized with the Yoast SEO plugin v21.1 - https:\/\/yoast.com\/wordpress\/plugins\/seo\/ -->\n<title>Pour les fans : Les 20 ans du mus\u00e9e ! - Viaromana et arch\u00e9ologie.<\/title>\n<meta name=\"description\" content=\"Pour les fans : Les 20 ans du mus\u00e9e ! article de Viaromana et arch\u00e9ologie.\" \/>\n<meta name=\"robots\" content=\"index, follow, max-snippet:-1, max-image-preview:large, max-video-preview:-1\" \/>\n<link rel=\"canonical\" href=\"https:\/\/www.viaromana.org\/blog\/pour-les-fans-les-20-ans-du-musee\/\" \/>\n<meta property=\"og:locale\" content=\"fr_FR\" \/>\n<meta property=\"og:type\" content=\"article\" \/>\n<meta property=\"og:title\" content=\"Pour les fans : Les 20 ans du mus\u00e9e ! - Viaromana et arch\u00e9ologie.\" \/>\n<meta property=\"og:description\" content=\"Pour les fans : Les 20 ans du mus\u00e9e ! article de Viaromana et arch\u00e9ologie.\" \/>\n<meta property=\"og:url\" content=\"https:\/\/www.viaromana.org\/blog\/pour-les-fans-les-20-ans-du-musee\/\" \/>\n<meta property=\"og:site_name\" content=\"Viaromana et arch\u00e9ologie.\" \/>\n<meta property=\"article:published_time\" content=\"2023-06-14T15:10:14+00:00\" \/>\n<meta property=\"og:image\" content=\"https:\/\/www.viaromana.org\/blog\/wp-content\/uploads\/2023\/06\/pour-les-fans-les-20-ans-du-musee.jpg\" \/>\n<meta name=\"author\" content=\"Robert\" \/>\n<meta name=\"twitter:card\" content=\"summary_large_image\" \/>\n<meta name=\"twitter:label1\" content=\"\u00c9crit par\" \/>\n\t<meta name=\"twitter:data1\" content=\"Robert\" \/>\n\t<meta name=\"twitter:label2\" content=\"Dur\u00e9e de lecture estim\u00e9e\" \/>\n\t<meta name=\"twitter:data2\" content=\"5 minutes\" \/>\n<script type=\"application\/ld+json\" class=\"yoast-schema-graph\">{\"@context\":\"https:\/\/schema.org\",\"@graph\":[{\"@type\":\"Article\",\"@id\":\"https:\/\/www.viaromana.org\/blog\/pour-les-fans-les-20-ans-du-musee\/#article\",\"isPartOf\":{\"@id\":\"https:\/\/www.viaromana.org\/blog\/pour-les-fans-les-20-ans-du-musee\/\"},\"author\":{\"name\":\"Robert\",\"@id\":\"https:\/\/www.viaromana.org\/blog\/#\/schema\/person\/cde9c4655845091e1fe473fcd163c889\"},\"headline\":\"Pour les fans : Les 20 ans du mus\u00e9e !\",\"datePublished\":\"2023-06-14T15:10:14+00:00\",\"dateModified\":\"2023-06-14T15:10:14+00:00\",\"mainEntityOfPage\":{\"@id\":\"https:\/\/www.viaromana.org\/blog\/pour-les-fans-les-20-ans-du-musee\/\"},\"wordCount\":1005,\"publisher\":{\"@id\":\"https:\/\/www.viaromana.org\/blog\/#organization\"},\"articleSection\":[\"Arch\u00e9ologie\"],\"inLanguage\":\"fr-FR\"},{\"@type\":\"WebPage\",\"@id\":\"https:\/\/www.viaromana.org\/blog\/pour-les-fans-les-20-ans-du-musee\/\",\"url\":\"https:\/\/www.viaromana.org\/blog\/pour-les-fans-les-20-ans-du-musee\/\",\"name\":\"Pour les fans : Les 20 ans du mus\u00e9e ! - Viaromana et arch\u00e9ologie.\",\"isPartOf\":{\"@id\":\"https:\/\/www.viaromana.org\/blog\/#website\"},\"datePublished\":\"2023-06-14T15:10:14+00:00\",\"dateModified\":\"2023-06-14T15:10:14+00:00\",\"description\":\"Pour les fans : Les 20 ans du mus\u00e9e ! article de Viaromana et arch\u00e9ologie.\",\"breadcrumb\":{\"@id\":\"https:\/\/www.viaromana.org\/blog\/pour-les-fans-les-20-ans-du-musee\/#breadcrumb\"},\"inLanguage\":\"fr-FR\",\"potentialAction\":[{\"@type\":\"ReadAction\",\"target\":[\"https:\/\/www.viaromana.org\/blog\/pour-les-fans-les-20-ans-du-musee\/\"]}]},{\"@type\":\"BreadcrumbList\",\"@id\":\"https:\/\/www.viaromana.org\/blog\/pour-les-fans-les-20-ans-du-musee\/#breadcrumb\",\"itemListElement\":[{\"@type\":\"ListItem\",\"position\":1,\"name\":\"Accueil\",\"item\":\"https:\/\/www.viaromana.org\/blog\/\"},{\"@type\":\"ListItem\",\"position\":2,\"name\":\"Pour les fans : Les 20 ans du mus\u00e9e !\"}]},{\"@type\":\"WebSite\",\"@id\":\"https:\/\/www.viaromana.org\/blog\/#website\",\"url\":\"https:\/\/www.viaromana.org\/blog\/\",\"name\":\"Viaromana et arch\u00e9ologie.\",\"description\":\"Site arch\u00e9ologique de la voie romaine (viaromana) Belgique-France-Rome\",\"publisher\":{\"@id\":\"https:\/\/www.viaromana.org\/blog\/#organization\"},\"potentialAction\":[{\"@type\":\"SearchAction\",\"target\":{\"@type\":\"EntryPoint\",\"urlTemplate\":\"https:\/\/www.viaromana.org\/blog\/?s={search_term_string}\"},\"query-input\":\"required name=search_term_string\"}],\"inLanguage\":\"fr-FR\"},{\"@type\":\"Organization\",\"@id\":\"https:\/\/www.viaromana.org\/blog\/#organization\",\"name\":\"viaromana\",\"url\":\"https:\/\/www.viaromana.org\/blog\/\",\"logo\":{\"@type\":\"ImageObject\",\"inLanguage\":\"fr-FR\",\"@id\":\"https:\/\/www.viaromana.org\/blog\/#\/schema\/logo\/image\/\",\"url\":\"https:\/\/www.viaromana.org\/blog\/wp-content\/uploads\/2021\/12\/logo-3.png\",\"contentUrl\":\"https:\/\/www.viaromana.org\/blog\/wp-content\/uploads\/2021\/12\/logo-3.png\",\"width\":300,\"height\":249,\"caption\":\"viaromana\"},\"image\":{\"@id\":\"https:\/\/www.viaromana.org\/blog\/#\/schema\/logo\/image\/\"}},{\"@type\":\"Person\",\"@id\":\"https:\/\/www.viaromana.org\/blog\/#\/schema\/person\/cde9c4655845091e1fe473fcd163c889\",\"name\":\"Robert\",\"image\":{\"@type\":\"ImageObject\",\"inLanguage\":\"fr-FR\",\"@id\":\"https:\/\/www.viaromana.org\/blog\/#\/schema\/person\/image\/\",\"url\":\"https:\/\/secure.gravatar.com\/avatar\/a168ec191013b636c2f278aec04e724b?s=96&d=mm&r=g\",\"contentUrl\":\"https:\/\/secure.gravatar.com\/avatar\/a168ec191013b636c2f278aec04e724b?s=96&d=mm&r=g\",\"caption\":\"Robert\"},\"sameAs\":[\"https:\/\/www.viaromana.org\/blog\"],\"url\":\"https:\/\/www.viaromana.org\/blog\/author\/anaadmin\/\"}]}<\/script>\n<!-- \/ Yoast SEO plugin. -->","yoast_head_json":{"title":"Pour les fans : Les 20 ans du mus\u00e9e ! - Viaromana et arch\u00e9ologie.","description":"Pour les fans : Les 20 ans du mus\u00e9e ! article de Viaromana et arch\u00e9ologie.","robots":{"index":"index","follow":"follow","max-snippet":"max-snippet:-1","max-image-preview":"max-image-preview:large","max-video-preview":"max-video-preview:-1"},"canonical":"https:\/\/www.viaromana.org\/blog\/pour-les-fans-les-20-ans-du-musee\/","og_locale":"fr_FR","og_type":"article","og_title":"Pour les fans : Les 20 ans du mus\u00e9e ! - Viaromana et arch\u00e9ologie.","og_description":"Pour les fans : Les 20 ans du mus\u00e9e ! article de Viaromana et arch\u00e9ologie.","og_url":"https:\/\/www.viaromana.org\/blog\/pour-les-fans-les-20-ans-du-musee\/","og_site_name":"Viaromana et arch\u00e9ologie.","article_published_time":"2023-06-14T15:10:14+00:00","og_image":[{"url":"https:\/\/www.viaromana.org\/blog\/wp-content\/uploads\/2023\/06\/pour-les-fans-les-20-ans-du-musee.jpg"}],"author":"Robert","twitter_card":"summary_large_image","twitter_misc":{"\u00c9crit par":"Robert","Dur\u00e9e de lecture estim\u00e9e":"5 minutes"},"schema":{"@context":"https:\/\/schema.org","@graph":[{"@type":"Article","@id":"https:\/\/www.viaromana.org\/blog\/pour-les-fans-les-20-ans-du-musee\/#article","isPartOf":{"@id":"https:\/\/www.viaromana.org\/blog\/pour-les-fans-les-20-ans-du-musee\/"},"author":{"name":"Robert","@id":"https:\/\/www.viaromana.org\/blog\/#\/schema\/person\/cde9c4655845091e1fe473fcd163c889"},"headline":"Pour les fans : Les 20 ans du mus\u00e9e !","datePublished":"2023-06-14T15:10:14+00:00","dateModified":"2023-06-14T15:10:14+00:00","mainEntityOfPage":{"@id":"https:\/\/www.viaromana.org\/blog\/pour-les-fans-les-20-ans-du-musee\/"},"wordCount":1005,"publisher":{"@id":"https:\/\/www.viaromana.org\/blog\/#organization"},"articleSection":["Arch\u00e9ologie"],"inLanguage":"fr-FR"},{"@type":"WebPage","@id":"https:\/\/www.viaromana.org\/blog\/pour-les-fans-les-20-ans-du-musee\/","url":"https:\/\/www.viaromana.org\/blog\/pour-les-fans-les-20-ans-du-musee\/","name":"Pour les fans : Les 20 ans du mus\u00e9e ! - Viaromana et arch\u00e9ologie.","isPartOf":{"@id":"https:\/\/www.viaromana.org\/blog\/#website"},"datePublished":"2023-06-14T15:10:14+00:00","dateModified":"2023-06-14T15:10:14+00:00","description":"Pour les fans : Les 20 ans du mus\u00e9e ! article de Viaromana et arch\u00e9ologie.","breadcrumb":{"@id":"https:\/\/www.viaromana.org\/blog\/pour-les-fans-les-20-ans-du-musee\/#breadcrumb"},"inLanguage":"fr-FR","potentialAction":[{"@type":"ReadAction","target":["https:\/\/www.viaromana.org\/blog\/pour-les-fans-les-20-ans-du-musee\/"]}]},{"@type":"BreadcrumbList","@id":"https:\/\/www.viaromana.org\/blog\/pour-les-fans-les-20-ans-du-musee\/#breadcrumb","itemListElement":[{"@type":"ListItem","position":1,"name":"Accueil","item":"https:\/\/www.viaromana.org\/blog\/"},{"@type":"ListItem","position":2,"name":"Pour les fans : Les 20 ans du mus\u00e9e !"}]},{"@type":"WebSite","@id":"https:\/\/www.viaromana.org\/blog\/#website","url":"https:\/\/www.viaromana.org\/blog\/","name":"Viaromana et arch\u00e9ologie.","description":"Site arch\u00e9ologique de la voie romaine (viaromana) Belgique-France-Rome","publisher":{"@id":"https:\/\/www.viaromana.org\/blog\/#organization"},"potentialAction":[{"@type":"SearchAction","target":{"@type":"EntryPoint","urlTemplate":"https:\/\/www.viaromana.org\/blog\/?s={search_term_string}"},"query-input":"required name=search_term_string"}],"inLanguage":"fr-FR"},{"@type":"Organization","@id":"https:\/\/www.viaromana.org\/blog\/#organization","name":"viaromana","url":"https:\/\/www.viaromana.org\/blog\/","logo":{"@type":"ImageObject","inLanguage":"fr-FR","@id":"https:\/\/www.viaromana.org\/blog\/#\/schema\/logo\/image\/","url":"https:\/\/www.viaromana.org\/blog\/wp-content\/uploads\/2021\/12\/logo-3.png","contentUrl":"https:\/\/www.viaromana.org\/blog\/wp-content\/uploads\/2021\/12\/logo-3.png","width":300,"height":249,"caption":"viaromana"},"image":{"@id":"https:\/\/www.viaromana.org\/blog\/#\/schema\/logo\/image\/"}},{"@type":"Person","@id":"https:\/\/www.viaromana.org\/blog\/#\/schema\/person\/cde9c4655845091e1fe473fcd163c889","name":"Robert","image":{"@type":"ImageObject","inLanguage":"fr-FR","@id":"https:\/\/www.viaromana.org\/blog\/#\/schema\/person\/image\/","url":"https:\/\/secure.gravatar.com\/avatar\/a168ec191013b636c2f278aec04e724b?s=96&d=mm&r=g","contentUrl":"https:\/\/secure.gravatar.com\/avatar\/a168ec191013b636c2f278aec04e724b?s=96&d=mm&r=g","caption":"Robert"},"sameAs":["https:\/\/www.viaromana.org\/blog"],"url":"https:\/\/www.viaromana.org\/blog\/author\/anaadmin\/"}]}},"_links":{"self":[{"href":"https:\/\/www.viaromana.org\/blog\/wp-json\/wp\/v2\/posts\/1731"}],"collection":[{"href":"https:\/\/www.viaromana.org\/blog\/wp-json\/wp\/v2\/posts"}],"about":[{"href":"https:\/\/www.viaromana.org\/blog\/wp-json\/wp\/v2\/types\/post"}],"author":[{"embeddable":true,"href":"https:\/\/www.viaromana.org\/blog\/wp-json\/wp\/v2\/users\/1"}],"replies":[{"embeddable":true,"href":"https:\/\/www.viaromana.org\/blog\/wp-json\/wp\/v2\/comments?post=1731"}],"version-history":[{"count":0,"href":"https:\/\/www.viaromana.org\/blog\/wp-json\/wp\/v2\/posts\/1731\/revisions"}],"wp:attachment":[{"href":"https:\/\/www.viaromana.org\/blog\/wp-json\/wp\/v2\/media?parent=1731"}],"wp:term":[{"taxonomy":"category","embeddable":true,"href":"https:\/\/www.viaromana.org\/blog\/wp-json\/wp\/v2\/categories?post=1731"},{"taxonomy":"post_tag","embeddable":true,"href":"https:\/\/www.viaromana.org\/blog\/wp-json\/wp\/v2\/tags?post=1731"}],"curies":[{"name":"wp","href":"https:\/\/api.w.org\/{rel}","templated":true}]}}