{"id":1725,"date":"2023-06-09T09:36:27","date_gmt":"2023-06-09T07:36:27","guid":{"rendered":"https:\/\/www.site.cdcl.xyz\/2023\/06\/09\/article-tout-frais-responsable-de-la-cuisine-centrale-f-h\/"},"modified":"2023-06-09T09:36:27","modified_gmt":"2023-06-09T07:36:27","slug":"article-tout-frais-responsable-de-la-cuisine-centrale-f-h","status":"publish","type":"post","link":"https:\/\/www.viaromana.org\/blog\/article-tout-frais-responsable-de-la-cuisine-centrale-f-h\/","title":{"rendered":"Article tout frais : Responsable de la cuisine centrale (F\/H)"},"content":{"rendered":"<p>A nouveau, ce blog va porter \u00e0 votre connaissance un article qui a \u00e9t\u00e9 vu sur internet. La th\u00e9matique est \u00abl\u2019arch\u00e9ologie\u00bb.<\/p>\n<p>Le titre (Responsable de la cuisine centrale (F\/H)) est parlant.<\/p>\n<p> Identifi\u00e9 sous la signature \u00abisabelle.mocquard@mairie-vannes.fr\u00bb, le journaliste est connu et fiable.<\/p>\n<p>Les r\u00e9v\u00e9lations publi\u00e9es sont de ce fait estim\u00e9es cr\u00e9dibles.<\/p>\n<p>La date d\u2019\u00e9dition est 2023-06-09 09:36:27.<\/p>\n<div>\n<div>\n<p>Conditions d\u2019emploi :<\/p>\n<ul>\n<li>&nbsp;&nbsp; &nbsp;Poste ouvert aux titulaires de la fonction publique ou aux contractuels<\/li>\n<li>&nbsp;&nbsp; &nbsp;Dipl\u00f4me : Bac pro ou BEP ou CAP cuisine + exp\u00e9rience \u2013 BTS H\u00f4tellerie<\/li>\n<li>&nbsp;&nbsp; &nbsp;Permis de conduire de + 1 an<\/li>\n<li>&nbsp;&nbsp; &nbsp;Poste \u00e0 temps plein (36,15&nbsp;heures par semaine) avec 6,5 jours de RTT \u2013 &nbsp;7h00 \u2013 15h30 avec pause m\u00e9ridienne Travail possible le week-end et les jours f\u00e9ri\u00e9s<\/li>\n<li>&nbsp;&nbsp; &nbsp;Adh\u00e9sion possible au Comit\u00e9 des \u0152uvres Sociales<\/li>\n<li>&nbsp;&nbsp; &nbsp;R\u00e9mun\u00e9ration statutaire + r\u00e9gime indemnitaire + prime sociale<\/li>\n<li>&nbsp;&nbsp; &nbsp;Dispositif de t\u00e9l\u00e9m\u00e9decine pris en charge par la collectivit\u00e9<\/li>\n<li>&nbsp;&nbsp; &nbsp;Attribution du forfait mobilit\u00e9 durable sous condition.<\/li>\n<\/ul>\n<p>Si vous \u00eates passionn\u00e9 par la cuisine, la nutrition et que vous souhaitez contribuer \u00e0 offrir des repas de qualit\u00e9, nous vous invitons \u00e0 postuler ;<br \/>Nous remercions tous les candidats de leur int\u00e9r\u00eat. Veuillez noter que seules les personnes s\u00e9lectionn\u00e9es pour un entretien seront contact\u00e9es.<\/p>\n<\/div>\n<\/div>\n<p>Livres sur le m\u00eame objet:<\/p>\n<p>R\u00e9centes d\u00e9couvertes concernant l\u2019arch\u00e9ologie du Fou-Nan (arch\u00e9ologie du Delta du M\u00e9kong).,<a target=\"_blank\" rel=\"nofollow\" href=\"https:\/\/www.viaromana.org\/blog\/goto\/https:\/\/www.epagine.fr\/ebook\/9782307343042-recentes-decouvertes-concernant-l-archeologie-du-fou-nan-archeologie-du-delta-du-mekong-louis-malleret\/\"  target=\"_blank\" rel=\"noopener noreferrer nofollow\">Clicker Ici <\/a><span><\/span>. Disponible dans toutes les bonnes biblioth\u00e8ques de votre d\u00e9partement.<\/p>\n<p>Manuel d\u2019arch\u00e9ologie.,<a target=\"_blank\" rel=\"nofollow\" href=\"https:\/\/www.viaromana.org\/blog\/goto\/https:\/\/www.epagine.fr\/ebook\/9782200619169-manuel-d-archeologie-francois-djindjian\/\"  target=\"_blank\" rel=\"noopener noreferrer nofollow\">Le livre <\/a><span><\/span>.<\/p>\n<p>REVUE ARCHEOLOGIQUE DE L\u2019EST n.40 ; l\u2019homme et son environnement : des lacs, des montagnes et des rivi\u00e8res ; bulles d\u2019arch\u00e9ologie offertes \u00e0 Andr\u00e9 Marguet.,<a target=\"_blank\" rel=\"nofollow\" href=\"https:\/\/www.viaromana.org\/blog\/goto\/https:\/\/www.epagine.fr\/ebook\/9782915544763-revue-archeologique-de-l-est-n-40-l-homme-et-son-environnement-des-lacs-des-montagnes-et-des-rivieres-bulles-d-archeologie-offertes-a-andre-marguet-revue-archeologique-de-l-est\/\"  target=\"_blank\" rel=\"noopener noreferrer nofollow\">Ouvrage <\/a><span><\/span>.<\/p>\n<p>Papaut\u00e9, monachisme et th\u00e9ories politiques. Volume I.,<a target=\"_blank\" rel=\"nofollow\" href=\"https:\/\/www.viaromana.org\/blog\/goto\/https:\/\/www.kobo.com\/de\/fr\/ebook\/papaute-monachisme-et-theories-politiques-volume-i\"  target=\"_blank\" rel=\"noopener noreferrer nofollow\">(Disponible) <\/a><span><\/span>. Disponible chez votre libraire.<\/p>\n","protected":false},"excerpt":{"rendered":"<p>A nouveau, ce blog va porter \u00e0 votre connaissance un article qui a \u00e9t\u00e9 vu sur internet. La th\u00e9matique est \u00abl\u2019arch\u00e9ologie\u00bb. Le titre (Responsable de la cuisine centrale (F\/H)) est parlant. Identifi\u00e9 sous la signature \u00abisabelle.mocquard@mairie-vannes.fr\u00bb, le journaliste est connu et fiable. Les r\u00e9v\u00e9lations publi\u00e9es sont de ce fait estim\u00e9es cr\u00e9dibles. La date d\u2019\u00e9dition est 2023-06-09 09:36:27. Conditions d\u2019emploi : &nbsp;&nbsp; &nbsp;Poste ouvert aux titulaires de la fonction publique ou aux contractuels &nbsp;&nbsp; &nbsp;Dipl\u00f4me : Bac pro ou BEP ou CAP cuisine + exp\u00e9rience \u2013 BTS H\u00f4tellerie &nbsp;&nbsp; &nbsp;Permis de conduire de + 1 an &nbsp;&nbsp; &nbsp;Poste \u00e0 temps plein\u2026<\/p>\n","protected":false},"author":1,"featured_media":0,"comment_status":"closed","ping_status":"closed","sticky":false,"template":"","format":"standard","meta":{"footnotes":""},"categories":[2],"tags":[],"blocksy_meta":{"styles_descriptor":{"styles":{"desktop":"","tablet":"","mobile":""},"google_fonts":[],"version":4}},"yoast_head":"<!-- This site is optimized with the Yoast SEO plugin v21.1 - https:\/\/yoast.com\/wordpress\/plugins\/seo\/ -->\n<title>Article tout frais : Responsable de la cuisine centrale (F\/H) - Viaromana et arch\u00e9ologie.<\/title>\n<meta name=\"description\" content=\"Article tout frais : Responsable de la cuisine centrale (F\/H) article de Viaromana et arch\u00e9ologie.\" \/>\n<meta name=\"robots\" content=\"index, follow, max-snippet:-1, max-image-preview:large, max-video-preview:-1\" \/>\n<link rel=\"canonical\" href=\"https:\/\/www.viaromana.org\/blog\/article-tout-frais-responsable-de-la-cuisine-centrale-f-h\/\" \/>\n<meta property=\"og:locale\" content=\"fr_FR\" \/>\n<meta property=\"og:type\" content=\"article\" \/>\n<meta property=\"og:title\" content=\"Article tout frais : Responsable de la cuisine centrale (F\/H) - Viaromana et arch\u00e9ologie.\" \/>\n<meta property=\"og:description\" content=\"Article tout frais : Responsable de la cuisine centrale (F\/H) article de Viaromana et arch\u00e9ologie.\" \/>\n<meta property=\"og:url\" content=\"https:\/\/www.viaromana.org\/blog\/article-tout-frais-responsable-de-la-cuisine-centrale-f-h\/\" \/>\n<meta property=\"og:site_name\" content=\"Viaromana et arch\u00e9ologie.\" \/>\n<meta property=\"article:published_time\" content=\"2023-06-09T07:36:27+00:00\" \/>\n<meta name=\"author\" content=\"Robert\" \/>\n<meta name=\"twitter:card\" content=\"summary_large_image\" \/>\n<meta name=\"twitter:label1\" content=\"\u00c9crit par\" \/>\n\t<meta name=\"twitter:data1\" content=\"Robert\" \/>\n\t<meta name=\"twitter:label2\" content=\"Dur\u00e9e de lecture estim\u00e9e\" \/>\n\t<meta name=\"twitter:data2\" content=\"2 minutes\" \/>\n<script type=\"application\/ld+json\" class=\"yoast-schema-graph\">{\"@context\":\"https:\/\/schema.org\",\"@graph\":[{\"@type\":\"Article\",\"@id\":\"https:\/\/www.viaromana.org\/blog\/article-tout-frais-responsable-de-la-cuisine-centrale-f-h\/#article\",\"isPartOf\":{\"@id\":\"https:\/\/www.viaromana.org\/blog\/article-tout-frais-responsable-de-la-cuisine-centrale-f-h\/\"},\"author\":{\"name\":\"Robert\",\"@id\":\"https:\/\/www.viaromana.org\/blog\/#\/schema\/person\/cde9c4655845091e1fe473fcd163c889\"},\"headline\":\"Article tout frais : Responsable de la cuisine centrale (F\/H)\",\"datePublished\":\"2023-06-09T07:36:27+00:00\",\"dateModified\":\"2023-06-09T07:36:27+00:00\",\"mainEntityOfPage\":{\"@id\":\"https:\/\/www.viaromana.org\/blog\/article-tout-frais-responsable-de-la-cuisine-centrale-f-h\/\"},\"wordCount\":330,\"publisher\":{\"@id\":\"https:\/\/www.viaromana.org\/blog\/#organization\"},\"articleSection\":[\"Arch\u00e9ologie\"],\"inLanguage\":\"fr-FR\"},{\"@type\":\"WebPage\",\"@id\":\"https:\/\/www.viaromana.org\/blog\/article-tout-frais-responsable-de-la-cuisine-centrale-f-h\/\",\"url\":\"https:\/\/www.viaromana.org\/blog\/article-tout-frais-responsable-de-la-cuisine-centrale-f-h\/\",\"name\":\"Article tout frais : Responsable de la cuisine centrale (F\/H) - Viaromana et arch\u00e9ologie.\",\"isPartOf\":{\"@id\":\"https:\/\/www.viaromana.org\/blog\/#website\"},\"datePublished\":\"2023-06-09T07:36:27+00:00\",\"dateModified\":\"2023-06-09T07:36:27+00:00\",\"description\":\"Article tout frais : Responsable de la cuisine centrale (F\/H) article de Viaromana et arch\u00e9ologie.\",\"breadcrumb\":{\"@id\":\"https:\/\/www.viaromana.org\/blog\/article-tout-frais-responsable-de-la-cuisine-centrale-f-h\/#breadcrumb\"},\"inLanguage\":\"fr-FR\",\"potentialAction\":[{\"@type\":\"ReadAction\",\"target\":[\"https:\/\/www.viaromana.org\/blog\/article-tout-frais-responsable-de-la-cuisine-centrale-f-h\/\"]}]},{\"@type\":\"BreadcrumbList\",\"@id\":\"https:\/\/www.viaromana.org\/blog\/article-tout-frais-responsable-de-la-cuisine-centrale-f-h\/#breadcrumb\",\"itemListElement\":[{\"@type\":\"ListItem\",\"position\":1,\"name\":\"Accueil\",\"item\":\"https:\/\/www.viaromana.org\/blog\/\"},{\"@type\":\"ListItem\",\"position\":2,\"name\":\"Article tout frais : Responsable de la cuisine centrale (F\/H)\"}]},{\"@type\":\"WebSite\",\"@id\":\"https:\/\/www.viaromana.org\/blog\/#website\",\"url\":\"https:\/\/www.viaromana.org\/blog\/\",\"name\":\"Viaromana et arch\u00e9ologie.\",\"description\":\"Site arch\u00e9ologique de la voie romaine (viaromana) Belgique-France-Rome\",\"publisher\":{\"@id\":\"https:\/\/www.viaromana.org\/blog\/#organization\"},\"potentialAction\":[{\"@type\":\"SearchAction\",\"target\":{\"@type\":\"EntryPoint\",\"urlTemplate\":\"https:\/\/www.viaromana.org\/blog\/?s={search_term_string}\"},\"query-input\":\"required name=search_term_string\"}],\"inLanguage\":\"fr-FR\"},{\"@type\":\"Organization\",\"@id\":\"https:\/\/www.viaromana.org\/blog\/#organization\",\"name\":\"viaromana\",\"url\":\"https:\/\/www.viaromana.org\/blog\/\",\"logo\":{\"@type\":\"ImageObject\",\"inLanguage\":\"fr-FR\",\"@id\":\"https:\/\/www.viaromana.org\/blog\/#\/schema\/logo\/image\/\",\"url\":\"https:\/\/www.viaromana.org\/blog\/wp-content\/uploads\/2021\/12\/logo-3.png\",\"contentUrl\":\"https:\/\/www.viaromana.org\/blog\/wp-content\/uploads\/2021\/12\/logo-3.png\",\"width\":300,\"height\":249,\"caption\":\"viaromana\"},\"image\":{\"@id\":\"https:\/\/www.viaromana.org\/blog\/#\/schema\/logo\/image\/\"}},{\"@type\":\"Person\",\"@id\":\"https:\/\/www.viaromana.org\/blog\/#\/schema\/person\/cde9c4655845091e1fe473fcd163c889\",\"name\":\"Robert\",\"image\":{\"@type\":\"ImageObject\",\"inLanguage\":\"fr-FR\",\"@id\":\"https:\/\/www.viaromana.org\/blog\/#\/schema\/person\/image\/\",\"url\":\"https:\/\/secure.gravatar.com\/avatar\/a168ec191013b636c2f278aec04e724b?s=96&d=mm&r=g\",\"contentUrl\":\"https:\/\/secure.gravatar.com\/avatar\/a168ec191013b636c2f278aec04e724b?s=96&d=mm&r=g\",\"caption\":\"Robert\"},\"sameAs\":[\"https:\/\/www.viaromana.org\/blog\"],\"url\":\"https:\/\/www.viaromana.org\/blog\/author\/anaadmin\/\"}]}<\/script>\n<!-- \/ Yoast SEO plugin. -->","yoast_head_json":{"title":"Article tout frais : Responsable de la cuisine centrale (F\/H) - Viaromana et arch\u00e9ologie.","description":"Article tout frais : Responsable de la cuisine centrale (F\/H) article de Viaromana et arch\u00e9ologie.","robots":{"index":"index","follow":"follow","max-snippet":"max-snippet:-1","max-image-preview":"max-image-preview:large","max-video-preview":"max-video-preview:-1"},"canonical":"https:\/\/www.viaromana.org\/blog\/article-tout-frais-responsable-de-la-cuisine-centrale-f-h\/","og_locale":"fr_FR","og_type":"article","og_title":"Article tout frais : Responsable de la cuisine centrale (F\/H) - Viaromana et arch\u00e9ologie.","og_description":"Article tout frais : Responsable de la cuisine centrale (F\/H) article de Viaromana et arch\u00e9ologie.","og_url":"https:\/\/www.viaromana.org\/blog\/article-tout-frais-responsable-de-la-cuisine-centrale-f-h\/","og_site_name":"Viaromana et arch\u00e9ologie.","article_published_time":"2023-06-09T07:36:27+00:00","author":"Robert","twitter_card":"summary_large_image","twitter_misc":{"\u00c9crit par":"Robert","Dur\u00e9e de lecture estim\u00e9e":"2 minutes"},"schema":{"@context":"https:\/\/schema.org","@graph":[{"@type":"Article","@id":"https:\/\/www.viaromana.org\/blog\/article-tout-frais-responsable-de-la-cuisine-centrale-f-h\/#article","isPartOf":{"@id":"https:\/\/www.viaromana.org\/blog\/article-tout-frais-responsable-de-la-cuisine-centrale-f-h\/"},"author":{"name":"Robert","@id":"https:\/\/www.viaromana.org\/blog\/#\/schema\/person\/cde9c4655845091e1fe473fcd163c889"},"headline":"Article tout frais : Responsable de la cuisine centrale (F\/H)","datePublished":"2023-06-09T07:36:27+00:00","dateModified":"2023-06-09T07:36:27+00:00","mainEntityOfPage":{"@id":"https:\/\/www.viaromana.org\/blog\/article-tout-frais-responsable-de-la-cuisine-centrale-f-h\/"},"wordCount":330,"publisher":{"@id":"https:\/\/www.viaromana.org\/blog\/#organization"},"articleSection":["Arch\u00e9ologie"],"inLanguage":"fr-FR"},{"@type":"WebPage","@id":"https:\/\/www.viaromana.org\/blog\/article-tout-frais-responsable-de-la-cuisine-centrale-f-h\/","url":"https:\/\/www.viaromana.org\/blog\/article-tout-frais-responsable-de-la-cuisine-centrale-f-h\/","name":"Article tout frais : Responsable de la cuisine centrale (F\/H) - Viaromana et arch\u00e9ologie.","isPartOf":{"@id":"https:\/\/www.viaromana.org\/blog\/#website"},"datePublished":"2023-06-09T07:36:27+00:00","dateModified":"2023-06-09T07:36:27+00:00","description":"Article tout frais : Responsable de la cuisine centrale (F\/H) article de Viaromana et arch\u00e9ologie.","breadcrumb":{"@id":"https:\/\/www.viaromana.org\/blog\/article-tout-frais-responsable-de-la-cuisine-centrale-f-h\/#breadcrumb"},"inLanguage":"fr-FR","potentialAction":[{"@type":"ReadAction","target":["https:\/\/www.viaromana.org\/blog\/article-tout-frais-responsable-de-la-cuisine-centrale-f-h\/"]}]},{"@type":"BreadcrumbList","@id":"https:\/\/www.viaromana.org\/blog\/article-tout-frais-responsable-de-la-cuisine-centrale-f-h\/#breadcrumb","itemListElement":[{"@type":"ListItem","position":1,"name":"Accueil","item":"https:\/\/www.viaromana.org\/blog\/"},{"@type":"ListItem","position":2,"name":"Article tout frais : Responsable de la cuisine centrale (F\/H)"}]},{"@type":"WebSite","@id":"https:\/\/www.viaromana.org\/blog\/#website","url":"https:\/\/www.viaromana.org\/blog\/","name":"Viaromana et arch\u00e9ologie.","description":"Site arch\u00e9ologique de la voie romaine (viaromana) Belgique-France-Rome","publisher":{"@id":"https:\/\/www.viaromana.org\/blog\/#organization"},"potentialAction":[{"@type":"SearchAction","target":{"@type":"EntryPoint","urlTemplate":"https:\/\/www.viaromana.org\/blog\/?s={search_term_string}"},"query-input":"required name=search_term_string"}],"inLanguage":"fr-FR"},{"@type":"Organization","@id":"https:\/\/www.viaromana.org\/blog\/#organization","name":"viaromana","url":"https:\/\/www.viaromana.org\/blog\/","logo":{"@type":"ImageObject","inLanguage":"fr-FR","@id":"https:\/\/www.viaromana.org\/blog\/#\/schema\/logo\/image\/","url":"https:\/\/www.viaromana.org\/blog\/wp-content\/uploads\/2021\/12\/logo-3.png","contentUrl":"https:\/\/www.viaromana.org\/blog\/wp-content\/uploads\/2021\/12\/logo-3.png","width":300,"height":249,"caption":"viaromana"},"image":{"@id":"https:\/\/www.viaromana.org\/blog\/#\/schema\/logo\/image\/"}},{"@type":"Person","@id":"https:\/\/www.viaromana.org\/blog\/#\/schema\/person\/cde9c4655845091e1fe473fcd163c889","name":"Robert","image":{"@type":"ImageObject","inLanguage":"fr-FR","@id":"https:\/\/www.viaromana.org\/blog\/#\/schema\/person\/image\/","url":"https:\/\/secure.gravatar.com\/avatar\/a168ec191013b636c2f278aec04e724b?s=96&d=mm&r=g","contentUrl":"https:\/\/secure.gravatar.com\/avatar\/a168ec191013b636c2f278aec04e724b?s=96&d=mm&r=g","caption":"Robert"},"sameAs":["https:\/\/www.viaromana.org\/blog"],"url":"https:\/\/www.viaromana.org\/blog\/author\/anaadmin\/"}]}},"_links":{"self":[{"href":"https:\/\/www.viaromana.org\/blog\/wp-json\/wp\/v2\/posts\/1725"}],"collection":[{"href":"https:\/\/www.viaromana.org\/blog\/wp-json\/wp\/v2\/posts"}],"about":[{"href":"https:\/\/www.viaromana.org\/blog\/wp-json\/wp\/v2\/types\/post"}],"author":[{"embeddable":true,"href":"https:\/\/www.viaromana.org\/blog\/wp-json\/wp\/v2\/users\/1"}],"replies":[{"embeddable":true,"href":"https:\/\/www.viaromana.org\/blog\/wp-json\/wp\/v2\/comments?post=1725"}],"version-history":[{"count":0,"href":"https:\/\/www.viaromana.org\/blog\/wp-json\/wp\/v2\/posts\/1725\/revisions"}],"wp:attachment":[{"href":"https:\/\/www.viaromana.org\/blog\/wp-json\/wp\/v2\/media?parent=1725"}],"wp:term":[{"taxonomy":"category","embeddable":true,"href":"https:\/\/www.viaromana.org\/blog\/wp-json\/wp\/v2\/categories?post=1725"},{"taxonomy":"post_tag","embeddable":true,"href":"https:\/\/www.viaromana.org\/blog\/wp-json\/wp\/v2\/tags?post=1725"}],"curies":[{"name":"wp","href":"https:\/\/api.w.org\/{rel}","templated":true}]}}