{"id":1723,"date":"2023-06-07T02:00:01","date_gmt":"2023-06-07T00:00:01","guid":{"rendered":"https:\/\/www.site.cdcl.xyz\/2023\/06\/07\/a-connaitre-ce-papier-biennale-arts-et-jardins-1\/"},"modified":"2023-06-07T02:00:01","modified_gmt":"2023-06-07T00:00:01","slug":"a-connaitre-ce-papier-biennale-arts-et-jardins-1","status":"publish","type":"post","link":"https:\/\/www.viaromana.org\/blog\/a-connaitre-ce-papier-biennale-arts-et-jardins-1\/","title":{"rendered":"A conna\u00eetre ce papier : Biennale Arts et Jardins #1"},"content":{"rendered":"<p>Voil\u00e0 qui va vous int\u00e9resser : Un nouvel encart que notre \u00e9quipe vient de identifier sur internet et que nous vous reproduisons ci-dessous. Le propos est \u00ab&nbsp;l\u2019arch\u00e9ologie&nbsp;\u00bb.<\/p>\n<p>Le titre troublant (Biennale Arts et Jardins #1) est sans d\u00e9tour.<\/p>\n<p> Annonc\u00e9 sous le nom \u00abnodule\u00bb, l\u2019\u00e9ditorialiste est reconnu comme quelqu\u2019un de s\u00e9rieux pour plusieurs autres \u00e9ditoriaux qu\u2019il a publi\u00e9s sur internet.<\/p>\n<p>Cet \u00e9ditorial peut en cons\u00e9quence \u00eatre pris au s\u00e9rieux.<\/p>\n<p>L\u2019article a \u00e9t\u00e9 \u00e9dit\u00e9 \u00e0 une date indiqu\u00e9e 2023-06-07 02:00:01.<\/p>\n<div>\n<p>Samedi 10 juin dans le jardin du mus\u00e9e : <\/p>\n<p>A 9h30 : Atelier M\u00e9ditation au jardin<\/p>\n<p>\u00c0 travers les diff\u00e9rentes figures du jardin, et en forme de clin d\u2019\u0153il au portraitiste que f\u00fbt Ernest H\u00e9bert, venez \u00e0 la rencontre de votre propre portrait r\u00eav\u00e9, imagin\u00e9\u2026 Une m\u00e9ditation en mouvement guid\u00e9e par Aur\u00e8le Germain, Les ateliers du soi.<\/p>\n<p>Gratuit. R\u00e9servation au 04 76 42 97 35. Dur\u00e9e : 1h15.<\/p>\n<p>A 14h, \u00e0 15h et \u00e0 16h : D\u00e9couverte de la ruche p\u00e9dagogique du jardin <\/p>\n<p>D\u00e9couvrez la colonie d\u2019abeilles qui habite la ruche du jardin du Mus\u00e9e H\u00e9bert en compagnie de Hubert Passemard, apiculteur d\u2019Abeille Avenir, qui veille \u00e0 leur bien-\u00eatre. <\/p>\n<p>Gratuit. Sans r\u00e9servation. Dans la limite des places disponibles. Dur\u00e9e : 1h.<\/p>\n<p>A 15h : Visite guid\u00e9e \u00ab&nbsp;Le jardin romantique d\u2019Ernest H\u00e9bert&nbsp;\u00bb <\/p>\n<p>Ernest H\u00e9bert (1817-1908) \u00e9tait amoureux de son jardin de La Tronche qu\u2019il a fa\u00e7onn\u00e9 en souvenir des jardins de la Villa M\u00e9dicis \u00e0 Rome\u2026<\/p>\n<p>Gratuit. Sans r\u00e9servation. Dans la limite des places disponibles. Dur\u00e9e : 1h.<\/p>\n<p>A 17h : Lecture d\u00e9ambulatoire \u00e0 voix haute dans le Jardin. <\/p>\n<p>Anim\u00e9e par Les belles liseuses. <\/p>\n<p>Gratuit. Sans r\u00e9servation. Dans la limite des places disponibles. Dur\u00e9e : 1h.<\/p>\n<p>A 20h30 : Spectacle \u00ab&nbsp;Piano sous la lune&nbsp;\u00bb<\/p>\n<p>Henry Torgue, compositeur et pianiste grenoblois, s\u2019installe au piano dans le jardin du mus\u00e9e pour nous partager ses compositions et accompagner les artistes en herbe (th\u00e9\u00e2tre, danse, po\u00e9sie, chanson) issus des ateliers d\u2019expression \u00ab&nbsp;Un autre monde&nbsp;\u00bb. Une musique lyrique et \u00e9motionnelle pour une soir\u00e9e intimiste, sous le titre \u00e9vocateur des \u00ab&nbsp;Amours perdues&nbsp;\u00bb et du temps qui passe.<\/p>\n<p>Gratuit. Sur r\u00e9servation au 04 76 63 38 33 ou evenement@ville-latronche.fr<\/p>\n<p>Dur\u00e9e : 1h15.<\/p>\n<h2 class=\"title info-comp\">Informations compl\u00e9mentaires<\/h2>\n<dl>\n<\/dl>\n<\/div>\n<p>Bibliographie :<\/p>\n<p>Verdun.,<a target=\"_blank\" rel=\"nofollow\" href=\"https:\/\/www.viaromana.org\/blog\/goto\/https:\/\/www.epagine.fr\/ebook\/9782307447436-verdun-centre-national-d-archeologie-urbaine-franck-gama\/\"  target=\"_blank\" rel=\"noopener noreferrer nofollow\">Le livre <\/a><span><\/span>. Disponible dans toutes les bonnes librairies.<\/p>\n<p>Observations critiques sur l\u2019arch\u00e9ologie dite pr\u00e9historique.,<a target=\"_blank\" rel=\"nofollow\" href=\"https:\/\/www.viaromana.org\/blog\/goto\/https:\/\/www.epagine.fr\/ebook\/9782346082339-observations-critiques-sur-l-archeologie-dite-prehistorique-felix-robiou\/\"  target=\"_blank\" rel=\"noopener noreferrer nofollow\">A voir et \u00e0 lire. <\/a><span><\/span>.<\/p>\n<p>Sunkissed.,<a target=\"_blank\" rel=\"nofollow\" href=\"https:\/\/www.viaromana.org\/blog\/goto\/https:\/\/booknode.com\/sunkissed_0867033\"  target=\"_blank\" rel=\"noopener noreferrer nofollow\">(la couverture) <\/a><span><\/span>. Disponible \u00e0 l\u2019achat sur les plateformes Amazon, Fnac, Cultura \u2026.<\/p>\n<p>M\u00e9diterran\u00e9e antique : p\u00eache, navigation, commerce.,<a target=\"_blank\" rel=\"nofollow\" href=\"https:\/\/www.viaromana.org\/blog\/goto\/https:\/\/www.kobo.com\/de\/fr\/ebook\/mediterranee-antique-peche-navigation-commerce\"  target=\"_blank\" rel=\"noopener noreferrer nofollow\">A voir et \u00e0 lire. <\/a><span><\/span>.<\/p>\n","protected":false},"excerpt":{"rendered":"<p>Voil\u00e0 qui va vous int\u00e9resser : Un nouvel encart que notre \u00e9quipe vient de identifier sur internet et que nous vous reproduisons ci-dessous. Le propos est \u00ab&nbsp;l\u2019arch\u00e9ologie&nbsp;\u00bb. Le titre troublant (Biennale Arts et Jardins #1) est sans d\u00e9tour. Annonc\u00e9 sous le nom \u00abnodule\u00bb, l\u2019\u00e9ditorialiste est reconnu comme quelqu\u2019un de s\u00e9rieux pour plusieurs autres \u00e9ditoriaux qu\u2019il a publi\u00e9s sur internet. Cet \u00e9ditorial peut en cons\u00e9quence \u00eatre pris au s\u00e9rieux. L\u2019article a \u00e9t\u00e9 \u00e9dit\u00e9 \u00e0 une date indiqu\u00e9e 2023-06-07 02:00:01. Samedi 10 juin dans le jardin du mus\u00e9e : A 9h30 : Atelier M\u00e9ditation au jardin \u00c0 travers les diff\u00e9rentes figures du\u2026<\/p>\n","protected":false},"author":1,"featured_media":0,"comment_status":"closed","ping_status":"closed","sticky":false,"template":"","format":"standard","meta":{"footnotes":""},"categories":[2],"tags":[],"blocksy_meta":{"styles_descriptor":{"styles":{"desktop":"","tablet":"","mobile":""},"google_fonts":[],"version":4}},"yoast_head":"<!-- This site is optimized with the Yoast SEO plugin v21.1 - https:\/\/yoast.com\/wordpress\/plugins\/seo\/ -->\n<title>A conna\u00eetre ce papier : Biennale Arts et Jardins #1 - Viaromana et arch\u00e9ologie.<\/title>\n<meta name=\"description\" content=\"A conna\u00eetre ce papier : Biennale Arts et Jardins #1 article de Viaromana et arch\u00e9ologie.\" \/>\n<meta name=\"robots\" content=\"index, follow, max-snippet:-1, max-image-preview:large, max-video-preview:-1\" \/>\n<link rel=\"canonical\" href=\"https:\/\/www.viaromana.org\/blog\/a-connaitre-ce-papier-biennale-arts-et-jardins-1\/\" \/>\n<meta property=\"og:locale\" content=\"fr_FR\" \/>\n<meta property=\"og:type\" content=\"article\" \/>\n<meta property=\"og:title\" content=\"A conna\u00eetre ce papier : Biennale Arts et Jardins #1 - Viaromana et arch\u00e9ologie.\" \/>\n<meta property=\"og:description\" content=\"A conna\u00eetre ce papier : Biennale Arts et Jardins #1 article de Viaromana et arch\u00e9ologie.\" \/>\n<meta property=\"og:url\" content=\"https:\/\/www.viaromana.org\/blog\/a-connaitre-ce-papier-biennale-arts-et-jardins-1\/\" \/>\n<meta property=\"og:site_name\" content=\"Viaromana et arch\u00e9ologie.\" \/>\n<meta property=\"article:published_time\" content=\"2023-06-07T00:00:01+00:00\" \/>\n<meta name=\"author\" content=\"Robert\" \/>\n<meta name=\"twitter:card\" content=\"summary_large_image\" \/>\n<meta name=\"twitter:label1\" content=\"\u00c9crit par\" \/>\n\t<meta name=\"twitter:data1\" content=\"Robert\" \/>\n\t<meta name=\"twitter:label2\" content=\"Dur\u00e9e de lecture estim\u00e9e\" \/>\n\t<meta name=\"twitter:data2\" content=\"2 minutes\" \/>\n<script type=\"application\/ld+json\" class=\"yoast-schema-graph\">{\"@context\":\"https:\/\/schema.org\",\"@graph\":[{\"@type\":\"Article\",\"@id\":\"https:\/\/www.viaromana.org\/blog\/a-connaitre-ce-papier-biennale-arts-et-jardins-1\/#article\",\"isPartOf\":{\"@id\":\"https:\/\/www.viaromana.org\/blog\/a-connaitre-ce-papier-biennale-arts-et-jardins-1\/\"},\"author\":{\"name\":\"Robert\",\"@id\":\"https:\/\/www.viaromana.org\/blog\/#\/schema\/person\/cde9c4655845091e1fe473fcd163c889\"},\"headline\":\"A conna\u00eetre ce papier : Biennale Arts et Jardins #1\",\"datePublished\":\"2023-06-07T00:00:01+00:00\",\"dateModified\":\"2023-06-07T00:00:01+00:00\",\"mainEntityOfPage\":{\"@id\":\"https:\/\/www.viaromana.org\/blog\/a-connaitre-ce-papier-biennale-arts-et-jardins-1\/\"},\"wordCount\":447,\"publisher\":{\"@id\":\"https:\/\/www.viaromana.org\/blog\/#organization\"},\"articleSection\":[\"Arch\u00e9ologie\"],\"inLanguage\":\"fr-FR\"},{\"@type\":\"WebPage\",\"@id\":\"https:\/\/www.viaromana.org\/blog\/a-connaitre-ce-papier-biennale-arts-et-jardins-1\/\",\"url\":\"https:\/\/www.viaromana.org\/blog\/a-connaitre-ce-papier-biennale-arts-et-jardins-1\/\",\"name\":\"A conna\u00eetre ce papier : Biennale Arts et Jardins #1 - Viaromana et arch\u00e9ologie.\",\"isPartOf\":{\"@id\":\"https:\/\/www.viaromana.org\/blog\/#website\"},\"datePublished\":\"2023-06-07T00:00:01+00:00\",\"dateModified\":\"2023-06-07T00:00:01+00:00\",\"description\":\"A conna\u00eetre ce papier : Biennale Arts et Jardins #1 article de Viaromana et arch\u00e9ologie.\",\"breadcrumb\":{\"@id\":\"https:\/\/www.viaromana.org\/blog\/a-connaitre-ce-papier-biennale-arts-et-jardins-1\/#breadcrumb\"},\"inLanguage\":\"fr-FR\",\"potentialAction\":[{\"@type\":\"ReadAction\",\"target\":[\"https:\/\/www.viaromana.org\/blog\/a-connaitre-ce-papier-biennale-arts-et-jardins-1\/\"]}]},{\"@type\":\"BreadcrumbList\",\"@id\":\"https:\/\/www.viaromana.org\/blog\/a-connaitre-ce-papier-biennale-arts-et-jardins-1\/#breadcrumb\",\"itemListElement\":[{\"@type\":\"ListItem\",\"position\":1,\"name\":\"Accueil\",\"item\":\"https:\/\/www.viaromana.org\/blog\/\"},{\"@type\":\"ListItem\",\"position\":2,\"name\":\"A conna\u00eetre ce papier : Biennale Arts et Jardins #1\"}]},{\"@type\":\"WebSite\",\"@id\":\"https:\/\/www.viaromana.org\/blog\/#website\",\"url\":\"https:\/\/www.viaromana.org\/blog\/\",\"name\":\"Viaromana et arch\u00e9ologie.\",\"description\":\"Site arch\u00e9ologique de la voie romaine (viaromana) Belgique-France-Rome\",\"publisher\":{\"@id\":\"https:\/\/www.viaromana.org\/blog\/#organization\"},\"potentialAction\":[{\"@type\":\"SearchAction\",\"target\":{\"@type\":\"EntryPoint\",\"urlTemplate\":\"https:\/\/www.viaromana.org\/blog\/?s={search_term_string}\"},\"query-input\":\"required name=search_term_string\"}],\"inLanguage\":\"fr-FR\"},{\"@type\":\"Organization\",\"@id\":\"https:\/\/www.viaromana.org\/blog\/#organization\",\"name\":\"viaromana\",\"url\":\"https:\/\/www.viaromana.org\/blog\/\",\"logo\":{\"@type\":\"ImageObject\",\"inLanguage\":\"fr-FR\",\"@id\":\"https:\/\/www.viaromana.org\/blog\/#\/schema\/logo\/image\/\",\"url\":\"https:\/\/www.viaromana.org\/blog\/wp-content\/uploads\/2021\/12\/logo-3.png\",\"contentUrl\":\"https:\/\/www.viaromana.org\/blog\/wp-content\/uploads\/2021\/12\/logo-3.png\",\"width\":300,\"height\":249,\"caption\":\"viaromana\"},\"image\":{\"@id\":\"https:\/\/www.viaromana.org\/blog\/#\/schema\/logo\/image\/\"}},{\"@type\":\"Person\",\"@id\":\"https:\/\/www.viaromana.org\/blog\/#\/schema\/person\/cde9c4655845091e1fe473fcd163c889\",\"name\":\"Robert\",\"image\":{\"@type\":\"ImageObject\",\"inLanguage\":\"fr-FR\",\"@id\":\"https:\/\/www.viaromana.org\/blog\/#\/schema\/person\/image\/\",\"url\":\"https:\/\/secure.gravatar.com\/avatar\/a168ec191013b636c2f278aec04e724b?s=96&d=mm&r=g\",\"contentUrl\":\"https:\/\/secure.gravatar.com\/avatar\/a168ec191013b636c2f278aec04e724b?s=96&d=mm&r=g\",\"caption\":\"Robert\"},\"sameAs\":[\"https:\/\/www.viaromana.org\/blog\"],\"url\":\"https:\/\/www.viaromana.org\/blog\/author\/anaadmin\/\"}]}<\/script>\n<!-- \/ Yoast SEO plugin. -->","yoast_head_json":{"title":"A conna\u00eetre ce papier : Biennale Arts et Jardins #1 - Viaromana et arch\u00e9ologie.","description":"A conna\u00eetre ce papier : Biennale Arts et Jardins #1 article de Viaromana et arch\u00e9ologie.","robots":{"index":"index","follow":"follow","max-snippet":"max-snippet:-1","max-image-preview":"max-image-preview:large","max-video-preview":"max-video-preview:-1"},"canonical":"https:\/\/www.viaromana.org\/blog\/a-connaitre-ce-papier-biennale-arts-et-jardins-1\/","og_locale":"fr_FR","og_type":"article","og_title":"A conna\u00eetre ce papier : Biennale Arts et Jardins #1 - Viaromana et arch\u00e9ologie.","og_description":"A conna\u00eetre ce papier : Biennale Arts et Jardins #1 article de Viaromana et arch\u00e9ologie.","og_url":"https:\/\/www.viaromana.org\/blog\/a-connaitre-ce-papier-biennale-arts-et-jardins-1\/","og_site_name":"Viaromana et arch\u00e9ologie.","article_published_time":"2023-06-07T00:00:01+00:00","author":"Robert","twitter_card":"summary_large_image","twitter_misc":{"\u00c9crit par":"Robert","Dur\u00e9e de lecture estim\u00e9e":"2 minutes"},"schema":{"@context":"https:\/\/schema.org","@graph":[{"@type":"Article","@id":"https:\/\/www.viaromana.org\/blog\/a-connaitre-ce-papier-biennale-arts-et-jardins-1\/#article","isPartOf":{"@id":"https:\/\/www.viaromana.org\/blog\/a-connaitre-ce-papier-biennale-arts-et-jardins-1\/"},"author":{"name":"Robert","@id":"https:\/\/www.viaromana.org\/blog\/#\/schema\/person\/cde9c4655845091e1fe473fcd163c889"},"headline":"A conna\u00eetre ce papier : Biennale Arts et Jardins #1","datePublished":"2023-06-07T00:00:01+00:00","dateModified":"2023-06-07T00:00:01+00:00","mainEntityOfPage":{"@id":"https:\/\/www.viaromana.org\/blog\/a-connaitre-ce-papier-biennale-arts-et-jardins-1\/"},"wordCount":447,"publisher":{"@id":"https:\/\/www.viaromana.org\/blog\/#organization"},"articleSection":["Arch\u00e9ologie"],"inLanguage":"fr-FR"},{"@type":"WebPage","@id":"https:\/\/www.viaromana.org\/blog\/a-connaitre-ce-papier-biennale-arts-et-jardins-1\/","url":"https:\/\/www.viaromana.org\/blog\/a-connaitre-ce-papier-biennale-arts-et-jardins-1\/","name":"A conna\u00eetre ce papier : Biennale Arts et Jardins #1 - Viaromana et arch\u00e9ologie.","isPartOf":{"@id":"https:\/\/www.viaromana.org\/blog\/#website"},"datePublished":"2023-06-07T00:00:01+00:00","dateModified":"2023-06-07T00:00:01+00:00","description":"A conna\u00eetre ce papier : Biennale Arts et Jardins #1 article de Viaromana et arch\u00e9ologie.","breadcrumb":{"@id":"https:\/\/www.viaromana.org\/blog\/a-connaitre-ce-papier-biennale-arts-et-jardins-1\/#breadcrumb"},"inLanguage":"fr-FR","potentialAction":[{"@type":"ReadAction","target":["https:\/\/www.viaromana.org\/blog\/a-connaitre-ce-papier-biennale-arts-et-jardins-1\/"]}]},{"@type":"BreadcrumbList","@id":"https:\/\/www.viaromana.org\/blog\/a-connaitre-ce-papier-biennale-arts-et-jardins-1\/#breadcrumb","itemListElement":[{"@type":"ListItem","position":1,"name":"Accueil","item":"https:\/\/www.viaromana.org\/blog\/"},{"@type":"ListItem","position":2,"name":"A conna\u00eetre ce papier : Biennale Arts et Jardins #1"}]},{"@type":"WebSite","@id":"https:\/\/www.viaromana.org\/blog\/#website","url":"https:\/\/www.viaromana.org\/blog\/","name":"Viaromana et arch\u00e9ologie.","description":"Site arch\u00e9ologique de la voie romaine (viaromana) Belgique-France-Rome","publisher":{"@id":"https:\/\/www.viaromana.org\/blog\/#organization"},"potentialAction":[{"@type":"SearchAction","target":{"@type":"EntryPoint","urlTemplate":"https:\/\/www.viaromana.org\/blog\/?s={search_term_string}"},"query-input":"required name=search_term_string"}],"inLanguage":"fr-FR"},{"@type":"Organization","@id":"https:\/\/www.viaromana.org\/blog\/#organization","name":"viaromana","url":"https:\/\/www.viaromana.org\/blog\/","logo":{"@type":"ImageObject","inLanguage":"fr-FR","@id":"https:\/\/www.viaromana.org\/blog\/#\/schema\/logo\/image\/","url":"https:\/\/www.viaromana.org\/blog\/wp-content\/uploads\/2021\/12\/logo-3.png","contentUrl":"https:\/\/www.viaromana.org\/blog\/wp-content\/uploads\/2021\/12\/logo-3.png","width":300,"height":249,"caption":"viaromana"},"image":{"@id":"https:\/\/www.viaromana.org\/blog\/#\/schema\/logo\/image\/"}},{"@type":"Person","@id":"https:\/\/www.viaromana.org\/blog\/#\/schema\/person\/cde9c4655845091e1fe473fcd163c889","name":"Robert","image":{"@type":"ImageObject","inLanguage":"fr-FR","@id":"https:\/\/www.viaromana.org\/blog\/#\/schema\/person\/image\/","url":"https:\/\/secure.gravatar.com\/avatar\/a168ec191013b636c2f278aec04e724b?s=96&d=mm&r=g","contentUrl":"https:\/\/secure.gravatar.com\/avatar\/a168ec191013b636c2f278aec04e724b?s=96&d=mm&r=g","caption":"Robert"},"sameAs":["https:\/\/www.viaromana.org\/blog"],"url":"https:\/\/www.viaromana.org\/blog\/author\/anaadmin\/"}]}},"_links":{"self":[{"href":"https:\/\/www.viaromana.org\/blog\/wp-json\/wp\/v2\/posts\/1723"}],"collection":[{"href":"https:\/\/www.viaromana.org\/blog\/wp-json\/wp\/v2\/posts"}],"about":[{"href":"https:\/\/www.viaromana.org\/blog\/wp-json\/wp\/v2\/types\/post"}],"author":[{"embeddable":true,"href":"https:\/\/www.viaromana.org\/blog\/wp-json\/wp\/v2\/users\/1"}],"replies":[{"embeddable":true,"href":"https:\/\/www.viaromana.org\/blog\/wp-json\/wp\/v2\/comments?post=1723"}],"version-history":[{"count":0,"href":"https:\/\/www.viaromana.org\/blog\/wp-json\/wp\/v2\/posts\/1723\/revisions"}],"wp:attachment":[{"href":"https:\/\/www.viaromana.org\/blog\/wp-json\/wp\/v2\/media?parent=1723"}],"wp:term":[{"taxonomy":"category","embeddable":true,"href":"https:\/\/www.viaromana.org\/blog\/wp-json\/wp\/v2\/categories?post=1723"},{"taxonomy":"post_tag","embeddable":true,"href":"https:\/\/www.viaromana.org\/blog\/wp-json\/wp\/v2\/tags?post=1723"}],"curies":[{"name":"wp","href":"https:\/\/api.w.org\/{rel}","templated":true}]}}