{"id":1710,"date":"2023-05-26T14:17:29","date_gmt":"2023-05-26T12:17:29","guid":{"rendered":"https:\/\/www.site.cdcl.xyz\/2023\/05\/26\/derniere-actu-pour-vous-atelier-en-famille-tissons-avec-lartiste-aude-bourgine\/"},"modified":"2023-05-26T14:17:29","modified_gmt":"2023-05-26T12:17:29","slug":"derniere-actu-pour-vous-atelier-en-famille-tissons-avec-lartiste-aude-bourgine","status":"publish","type":"post","link":"https:\/\/www.viaromana.org\/blog\/derniere-actu-pour-vous-atelier-en-famille-tissons-avec-lartiste-aude-bourgine\/","title":{"rendered":"Derni\u00e8re actu pour vous : Atelier en famille : tissons avec l\u2019artiste Aude Bourgine"},"content":{"rendered":"<p>Cet encart de quelques lignes ayant pour th\u00e8me \u00ab&nbsp;l\u2019arch\u00e9ologie&nbsp;\u00bb se propage sur internet, nous avons voulu vous le publier ci-dessous.<\/p>\n<p>Son titre suggestif (Atelier en famille : tissons avec l\u2019artiste Aude Bourgine) en dit long.<\/p>\n<p> Annonc\u00e9 sous le nom \u00abLes Mus\u00e9es de Rouen\u00bb, le journaliste est reconnu comme quelqu\u2019un de s\u00e9rieux.<\/p>\n<p>Vous pouvez prendre connaissance de ces infos en toute confiance.<\/p>\n<p>Sachez que la date de parution est 2023-06-21 02:00:00.<\/p>\n<div>\n<p>Cr\u00e9ez votre tissage en mat\u00e9riaux textiles et naturels de r\u00e9cup\u00e9ration, \u00e0 la mani\u00e8re de l\u2019artiste Aude Bourgine et de son \u0153uvre Entrelacs qui sera r\u00e9alis\u00e9e sur les grilles de la chapelle St-Louis tout au long de l\u2019ann\u00e9e.<\/p>\n<p>Plus d\u2019informations sur : et<\/p>\n<p>Inscription obligatoire aupr\u00e8s de ccarpentier@rouen.fr \u2013 enfants de 8-12 ans accompagn\u00e9s de leur parents.<\/p>\n<\/div>\n<p>Publications sur le m\u00eame th\u00e8me:<\/p>\n<p>Une histoire des repr\u00e9sentations mentales ; contribution \u00e0 une arch\u00e9ologie de la soci\u00e9t\u00e9 de la connaissance.,<a target=\"_blank\" rel=\"nofollow\" href=\"https:\/\/www.viaromana.org\/blog\/goto\/https:\/\/www.epagine.fr\/ebook\/9782296175846-une-histoire-des-representations-mentales-contribution-a-une-archeologie-de-la-societe-de-la-connaissance-claude-meyer\/\"  target=\"_blank\" rel=\"noopener noreferrer nofollow\">A voir et \u00e0 lire. <\/a><span><\/span>.<\/p>\n<p>Nysa et Moi.,<a target=\"_blank\" rel=\"nofollow\" href=\"https:\/\/www.viaromana.org\/blog\/goto\/https:\/\/booknode.com\/nysa_et_moi_02155983\"  target=\"_blank\" rel=\"noopener noreferrer nofollow\">Ouvrage <\/a><span><\/span>.<\/p>\n<p>Regency, Tome 1 : Le mari\u00e9 maudit.,<a target=\"_blank\" rel=\"nofollow\" href=\"https:\/\/www.viaromana.org\/blog\/goto\/https:\/\/booknode.com\/regency_tome_1_le_marie_maudit_074154\"  target=\"_blank\" rel=\"noopener noreferrer nofollow\">A voir et \u00e0 lire. <\/a><span><\/span>.<\/p>\n<p>Pour une arch\u00e9ologie agraire.,<a target=\"_blank\" rel=\"nofollow\" href=\"https:\/\/www.viaromana.org\/blog\/goto\/https:\/\/www.epagine.fr\/ebook\/9791037625014-pour-une-archeologie-agraire-collectif\/\"  target=\"_blank\" rel=\"noopener noreferrer nofollow\">A voir et \u00e0 lire. <\/a><span><\/span>.<\/p>\n","protected":false},"excerpt":{"rendered":"<p>Cet encart de quelques lignes ayant pour th\u00e8me \u00ab&nbsp;l\u2019arch\u00e9ologie&nbsp;\u00bb se propage sur internet, nous avons voulu vous le publier ci-dessous. Son titre suggestif (Atelier en famille : tissons avec l\u2019artiste Aude Bourgine) en dit long. Annonc\u00e9 sous le nom \u00abLes Mus\u00e9es de Rouen\u00bb, le journaliste est reconnu comme quelqu\u2019un de s\u00e9rieux. Vous pouvez prendre connaissance de ces infos en toute confiance. Sachez que la date de parution est 2023-06-21 02:00:00. Cr\u00e9ez votre tissage en mat\u00e9riaux textiles et naturels de r\u00e9cup\u00e9ration, \u00e0 la mani\u00e8re de l\u2019artiste Aude Bourgine et de son \u0153uvre Entrelacs qui sera r\u00e9alis\u00e9e sur les grilles de la\u2026<\/p>\n","protected":false},"author":1,"featured_media":0,"comment_status":"closed","ping_status":"closed","sticky":false,"template":"","format":"standard","meta":{"footnotes":""},"categories":[2],"tags":[],"blocksy_meta":{"styles_descriptor":{"styles":{"desktop":"","tablet":"","mobile":""},"google_fonts":[],"version":4}},"yoast_head":"<!-- This site is optimized with the Yoast SEO plugin v21.1 - https:\/\/yoast.com\/wordpress\/plugins\/seo\/ -->\n<title>Derni\u00e8re actu pour vous : Atelier en famille : tissons avec l\u2019artiste Aude Bourgine - Viaromana et arch\u00e9ologie.<\/title>\n<meta name=\"description\" content=\"Derni\u00e8re actu pour vous : Atelier en famille : tissons avec l\u2019artiste Aude Bourgine article de Viaromana et arch\u00e9ologie.\" \/>\n<meta name=\"robots\" content=\"index, follow, max-snippet:-1, max-image-preview:large, max-video-preview:-1\" \/>\n<link rel=\"canonical\" href=\"https:\/\/www.viaromana.org\/blog\/derniere-actu-pour-vous-atelier-en-famille-tissons-avec-lartiste-aude-bourgine\/\" \/>\n<meta property=\"og:locale\" content=\"fr_FR\" \/>\n<meta property=\"og:type\" content=\"article\" \/>\n<meta property=\"og:title\" content=\"Derni\u00e8re actu pour vous : Atelier en famille : tissons avec l\u2019artiste Aude Bourgine - Viaromana et arch\u00e9ologie.\" \/>\n<meta property=\"og:description\" content=\"Derni\u00e8re actu pour vous : Atelier en famille : tissons avec l\u2019artiste Aude Bourgine article de Viaromana et arch\u00e9ologie.\" \/>\n<meta property=\"og:url\" content=\"https:\/\/www.viaromana.org\/blog\/derniere-actu-pour-vous-atelier-en-famille-tissons-avec-lartiste-aude-bourgine\/\" \/>\n<meta property=\"og:site_name\" content=\"Viaromana et arch\u00e9ologie.\" \/>\n<meta property=\"article:published_time\" content=\"2023-05-26T12:17:29+00:00\" \/>\n<meta name=\"author\" content=\"Robert\" \/>\n<meta name=\"twitter:card\" content=\"summary_large_image\" \/>\n<meta name=\"twitter:label1\" content=\"\u00c9crit par\" \/>\n\t<meta name=\"twitter:data1\" content=\"Robert\" \/>\n\t<meta name=\"twitter:label2\" content=\"Dur\u00e9e de lecture estim\u00e9e\" \/>\n\t<meta name=\"twitter:data2\" content=\"1 minute\" \/>\n<script type=\"application\/ld+json\" class=\"yoast-schema-graph\">{\"@context\":\"https:\/\/schema.org\",\"@graph\":[{\"@type\":\"Article\",\"@id\":\"https:\/\/www.viaromana.org\/blog\/derniere-actu-pour-vous-atelier-en-famille-tissons-avec-lartiste-aude-bourgine\/#article\",\"isPartOf\":{\"@id\":\"https:\/\/www.viaromana.org\/blog\/derniere-actu-pour-vous-atelier-en-famille-tissons-avec-lartiste-aude-bourgine\/\"},\"author\":{\"name\":\"Robert\",\"@id\":\"https:\/\/www.viaromana.org\/blog\/#\/schema\/person\/cde9c4655845091e1fe473fcd163c889\"},\"headline\":\"Derni\u00e8re actu pour vous : Atelier en famille : tissons avec l\u2019artiste Aude Bourgine\",\"datePublished\":\"2023-05-26T12:17:29+00:00\",\"dateModified\":\"2023-05-26T12:17:29+00:00\",\"mainEntityOfPage\":{\"@id\":\"https:\/\/www.viaromana.org\/blog\/derniere-actu-pour-vous-atelier-en-famille-tissons-avec-lartiste-aude-bourgine\/\"},\"wordCount\":210,\"publisher\":{\"@id\":\"https:\/\/www.viaromana.org\/blog\/#organization\"},\"articleSection\":[\"Arch\u00e9ologie\"],\"inLanguage\":\"fr-FR\"},{\"@type\":\"WebPage\",\"@id\":\"https:\/\/www.viaromana.org\/blog\/derniere-actu-pour-vous-atelier-en-famille-tissons-avec-lartiste-aude-bourgine\/\",\"url\":\"https:\/\/www.viaromana.org\/blog\/derniere-actu-pour-vous-atelier-en-famille-tissons-avec-lartiste-aude-bourgine\/\",\"name\":\"Derni\u00e8re actu pour vous : Atelier en famille : tissons avec l\u2019artiste Aude Bourgine - Viaromana et arch\u00e9ologie.\",\"isPartOf\":{\"@id\":\"https:\/\/www.viaromana.org\/blog\/#website\"},\"datePublished\":\"2023-05-26T12:17:29+00:00\",\"dateModified\":\"2023-05-26T12:17:29+00:00\",\"description\":\"Derni\u00e8re actu pour vous : Atelier en famille : tissons avec l\u2019artiste Aude Bourgine article de Viaromana et arch\u00e9ologie.\",\"breadcrumb\":{\"@id\":\"https:\/\/www.viaromana.org\/blog\/derniere-actu-pour-vous-atelier-en-famille-tissons-avec-lartiste-aude-bourgine\/#breadcrumb\"},\"inLanguage\":\"fr-FR\",\"potentialAction\":[{\"@type\":\"ReadAction\",\"target\":[\"https:\/\/www.viaromana.org\/blog\/derniere-actu-pour-vous-atelier-en-famille-tissons-avec-lartiste-aude-bourgine\/\"]}]},{\"@type\":\"BreadcrumbList\",\"@id\":\"https:\/\/www.viaromana.org\/blog\/derniere-actu-pour-vous-atelier-en-famille-tissons-avec-lartiste-aude-bourgine\/#breadcrumb\",\"itemListElement\":[{\"@type\":\"ListItem\",\"position\":1,\"name\":\"Accueil\",\"item\":\"https:\/\/www.viaromana.org\/blog\/\"},{\"@type\":\"ListItem\",\"position\":2,\"name\":\"Derni\u00e8re actu pour vous : Atelier en famille : tissons avec l\u2019artiste Aude Bourgine\"}]},{\"@type\":\"WebSite\",\"@id\":\"https:\/\/www.viaromana.org\/blog\/#website\",\"url\":\"https:\/\/www.viaromana.org\/blog\/\",\"name\":\"Viaromana et arch\u00e9ologie.\",\"description\":\"Site arch\u00e9ologique de la voie romaine (viaromana) Belgique-France-Rome\",\"publisher\":{\"@id\":\"https:\/\/www.viaromana.org\/blog\/#organization\"},\"potentialAction\":[{\"@type\":\"SearchAction\",\"target\":{\"@type\":\"EntryPoint\",\"urlTemplate\":\"https:\/\/www.viaromana.org\/blog\/?s={search_term_string}\"},\"query-input\":\"required name=search_term_string\"}],\"inLanguage\":\"fr-FR\"},{\"@type\":\"Organization\",\"@id\":\"https:\/\/www.viaromana.org\/blog\/#organization\",\"name\":\"viaromana\",\"url\":\"https:\/\/www.viaromana.org\/blog\/\",\"logo\":{\"@type\":\"ImageObject\",\"inLanguage\":\"fr-FR\",\"@id\":\"https:\/\/www.viaromana.org\/blog\/#\/schema\/logo\/image\/\",\"url\":\"https:\/\/www.viaromana.org\/blog\/wp-content\/uploads\/2021\/12\/logo-3.png\",\"contentUrl\":\"https:\/\/www.viaromana.org\/blog\/wp-content\/uploads\/2021\/12\/logo-3.png\",\"width\":300,\"height\":249,\"caption\":\"viaromana\"},\"image\":{\"@id\":\"https:\/\/www.viaromana.org\/blog\/#\/schema\/logo\/image\/\"}},{\"@type\":\"Person\",\"@id\":\"https:\/\/www.viaromana.org\/blog\/#\/schema\/person\/cde9c4655845091e1fe473fcd163c889\",\"name\":\"Robert\",\"image\":{\"@type\":\"ImageObject\",\"inLanguage\":\"fr-FR\",\"@id\":\"https:\/\/www.viaromana.org\/blog\/#\/schema\/person\/image\/\",\"url\":\"https:\/\/secure.gravatar.com\/avatar\/a168ec191013b636c2f278aec04e724b?s=96&d=mm&r=g\",\"contentUrl\":\"https:\/\/secure.gravatar.com\/avatar\/a168ec191013b636c2f278aec04e724b?s=96&d=mm&r=g\",\"caption\":\"Robert\"},\"sameAs\":[\"https:\/\/www.viaromana.org\/blog\"],\"url\":\"https:\/\/www.viaromana.org\/blog\/author\/anaadmin\/\"}]}<\/script>\n<!-- \/ Yoast SEO plugin. -->","yoast_head_json":{"title":"Derni\u00e8re actu pour vous : Atelier en famille : tissons avec l\u2019artiste Aude Bourgine - Viaromana et arch\u00e9ologie.","description":"Derni\u00e8re actu pour vous : Atelier en famille : tissons avec l\u2019artiste Aude Bourgine article de Viaromana et arch\u00e9ologie.","robots":{"index":"index","follow":"follow","max-snippet":"max-snippet:-1","max-image-preview":"max-image-preview:large","max-video-preview":"max-video-preview:-1"},"canonical":"https:\/\/www.viaromana.org\/blog\/derniere-actu-pour-vous-atelier-en-famille-tissons-avec-lartiste-aude-bourgine\/","og_locale":"fr_FR","og_type":"article","og_title":"Derni\u00e8re actu pour vous : Atelier en famille : tissons avec l\u2019artiste Aude Bourgine - Viaromana et arch\u00e9ologie.","og_description":"Derni\u00e8re actu pour vous : Atelier en famille : tissons avec l\u2019artiste Aude Bourgine article de Viaromana et arch\u00e9ologie.","og_url":"https:\/\/www.viaromana.org\/blog\/derniere-actu-pour-vous-atelier-en-famille-tissons-avec-lartiste-aude-bourgine\/","og_site_name":"Viaromana et arch\u00e9ologie.","article_published_time":"2023-05-26T12:17:29+00:00","author":"Robert","twitter_card":"summary_large_image","twitter_misc":{"\u00c9crit par":"Robert","Dur\u00e9e de lecture estim\u00e9e":"1 minute"},"schema":{"@context":"https:\/\/schema.org","@graph":[{"@type":"Article","@id":"https:\/\/www.viaromana.org\/blog\/derniere-actu-pour-vous-atelier-en-famille-tissons-avec-lartiste-aude-bourgine\/#article","isPartOf":{"@id":"https:\/\/www.viaromana.org\/blog\/derniere-actu-pour-vous-atelier-en-famille-tissons-avec-lartiste-aude-bourgine\/"},"author":{"name":"Robert","@id":"https:\/\/www.viaromana.org\/blog\/#\/schema\/person\/cde9c4655845091e1fe473fcd163c889"},"headline":"Derni\u00e8re actu pour vous : Atelier en famille : tissons avec l\u2019artiste Aude Bourgine","datePublished":"2023-05-26T12:17:29+00:00","dateModified":"2023-05-26T12:17:29+00:00","mainEntityOfPage":{"@id":"https:\/\/www.viaromana.org\/blog\/derniere-actu-pour-vous-atelier-en-famille-tissons-avec-lartiste-aude-bourgine\/"},"wordCount":210,"publisher":{"@id":"https:\/\/www.viaromana.org\/blog\/#organization"},"articleSection":["Arch\u00e9ologie"],"inLanguage":"fr-FR"},{"@type":"WebPage","@id":"https:\/\/www.viaromana.org\/blog\/derniere-actu-pour-vous-atelier-en-famille-tissons-avec-lartiste-aude-bourgine\/","url":"https:\/\/www.viaromana.org\/blog\/derniere-actu-pour-vous-atelier-en-famille-tissons-avec-lartiste-aude-bourgine\/","name":"Derni\u00e8re actu pour vous : Atelier en famille : tissons avec l\u2019artiste Aude Bourgine - Viaromana et arch\u00e9ologie.","isPartOf":{"@id":"https:\/\/www.viaromana.org\/blog\/#website"},"datePublished":"2023-05-26T12:17:29+00:00","dateModified":"2023-05-26T12:17:29+00:00","description":"Derni\u00e8re actu pour vous : Atelier en famille : tissons avec l\u2019artiste Aude Bourgine article de Viaromana et arch\u00e9ologie.","breadcrumb":{"@id":"https:\/\/www.viaromana.org\/blog\/derniere-actu-pour-vous-atelier-en-famille-tissons-avec-lartiste-aude-bourgine\/#breadcrumb"},"inLanguage":"fr-FR","potentialAction":[{"@type":"ReadAction","target":["https:\/\/www.viaromana.org\/blog\/derniere-actu-pour-vous-atelier-en-famille-tissons-avec-lartiste-aude-bourgine\/"]}]},{"@type":"BreadcrumbList","@id":"https:\/\/www.viaromana.org\/blog\/derniere-actu-pour-vous-atelier-en-famille-tissons-avec-lartiste-aude-bourgine\/#breadcrumb","itemListElement":[{"@type":"ListItem","position":1,"name":"Accueil","item":"https:\/\/www.viaromana.org\/blog\/"},{"@type":"ListItem","position":2,"name":"Derni\u00e8re actu pour vous : Atelier en famille : tissons avec l\u2019artiste Aude Bourgine"}]},{"@type":"WebSite","@id":"https:\/\/www.viaromana.org\/blog\/#website","url":"https:\/\/www.viaromana.org\/blog\/","name":"Viaromana et arch\u00e9ologie.","description":"Site arch\u00e9ologique de la voie romaine (viaromana) Belgique-France-Rome","publisher":{"@id":"https:\/\/www.viaromana.org\/blog\/#organization"},"potentialAction":[{"@type":"SearchAction","target":{"@type":"EntryPoint","urlTemplate":"https:\/\/www.viaromana.org\/blog\/?s={search_term_string}"},"query-input":"required name=search_term_string"}],"inLanguage":"fr-FR"},{"@type":"Organization","@id":"https:\/\/www.viaromana.org\/blog\/#organization","name":"viaromana","url":"https:\/\/www.viaromana.org\/blog\/","logo":{"@type":"ImageObject","inLanguage":"fr-FR","@id":"https:\/\/www.viaromana.org\/blog\/#\/schema\/logo\/image\/","url":"https:\/\/www.viaromana.org\/blog\/wp-content\/uploads\/2021\/12\/logo-3.png","contentUrl":"https:\/\/www.viaromana.org\/blog\/wp-content\/uploads\/2021\/12\/logo-3.png","width":300,"height":249,"caption":"viaromana"},"image":{"@id":"https:\/\/www.viaromana.org\/blog\/#\/schema\/logo\/image\/"}},{"@type":"Person","@id":"https:\/\/www.viaromana.org\/blog\/#\/schema\/person\/cde9c4655845091e1fe473fcd163c889","name":"Robert","image":{"@type":"ImageObject","inLanguage":"fr-FR","@id":"https:\/\/www.viaromana.org\/blog\/#\/schema\/person\/image\/","url":"https:\/\/secure.gravatar.com\/avatar\/a168ec191013b636c2f278aec04e724b?s=96&d=mm&r=g","contentUrl":"https:\/\/secure.gravatar.com\/avatar\/a168ec191013b636c2f278aec04e724b?s=96&d=mm&r=g","caption":"Robert"},"sameAs":["https:\/\/www.viaromana.org\/blog"],"url":"https:\/\/www.viaromana.org\/blog\/author\/anaadmin\/"}]}},"_links":{"self":[{"href":"https:\/\/www.viaromana.org\/blog\/wp-json\/wp\/v2\/posts\/1710"}],"collection":[{"href":"https:\/\/www.viaromana.org\/blog\/wp-json\/wp\/v2\/posts"}],"about":[{"href":"https:\/\/www.viaromana.org\/blog\/wp-json\/wp\/v2\/types\/post"}],"author":[{"embeddable":true,"href":"https:\/\/www.viaromana.org\/blog\/wp-json\/wp\/v2\/users\/1"}],"replies":[{"embeddable":true,"href":"https:\/\/www.viaromana.org\/blog\/wp-json\/wp\/v2\/comments?post=1710"}],"version-history":[{"count":0,"href":"https:\/\/www.viaromana.org\/blog\/wp-json\/wp\/v2\/posts\/1710\/revisions"}],"wp:attachment":[{"href":"https:\/\/www.viaromana.org\/blog\/wp-json\/wp\/v2\/media?parent=1710"}],"wp:term":[{"taxonomy":"category","embeddable":true,"href":"https:\/\/www.viaromana.org\/blog\/wp-json\/wp\/v2\/categories?post=1710"},{"taxonomy":"post_tag","embeddable":true,"href":"https:\/\/www.viaromana.org\/blog\/wp-json\/wp\/v2\/tags?post=1710"}],"curies":[{"name":"wp","href":"https:\/\/api.w.org\/{rel}","templated":true}]}}